{"id":4240,"date":"2026-09-04T17:33:49","date_gmt":"2026-09-04T20:33:49","guid":{"rendered":"https:\/\/concejodeliberantedeazul.gob.ar\/?p=4240"},"modified":"2026-09-04T17:33:51","modified_gmt":"2026-09-04T20:33:51","slug":"el-concejo-deliberante-realizara-una-sesion-especial-en-la-ruta-nacional-n3","status":"publish","type":"post","link":"https:\/\/concejodeliberantedeazul.gob.ar\/index.php\/2026\/09\/04\/el-concejo-deliberante-realizara-una-sesion-especial-en-la-ruta-nacional-n3\/","title":{"rendered":"El Concejo Deliberante realizar\u00e1 una Sesi\u00f3n Especial en la Ruta Nacional N\u00b03"},"content":{"rendered":"\n<h3 class=\"wp-block-heading\">Convocada mediante Resoluci\u00f3n N\u00b0 5.319, el Concejo Deliberante del partido de Azul realizar\u00e1 una Sesi\u00f3n Especial, este domingo 6 de septiembre, a partir de las 14.30, en el sector del Cristo, Ruta Nacional N\u00b03 y colectora.<\/h3>\n\n\n\n<p class=\"wp-block-paragraph\">En la oportunidad, los Concejales dar\u00e1n tratamiento a un Orden del D\u00eda compuesto por 6 puntos entre los que se destacan: respuesta de Vialidad Nacional a Resoluci\u00f3n enviada por este Concejo Deliberante; respuesta de CORRESUR a Comunicaci\u00f3n elevada; nota de vecinos autoconvocados solicitando se proceda a la imposici\u00f3n del nombre \u201cEspacio Memorial de Reclamo y Concientizaci\u00f3n Vial, Juan Manuel Crocco\u201d y 3 Resoluciones presentadas por los Concejales.<\/p>\n\n\n\n<h3 class=\"wp-block-heading\">&nbsp;<\/h3>\n\n\n\n<h3 class=\"wp-block-heading\">&nbsp;<\/h3>\n\n\n\n<h3 class=\"wp-block-heading\">Orden del d\u00eda<\/h3>\n\n\n\n<ol class=\"wp-block-list\">\n<li>Respuesta de la Direcci\u00f3n de Vialidad Nacional a la Resoluci\u00f3n N\u00ba 5.262\/2026, mediante la cual se le solicitaba que revea la instalaci\u00f3n de los peajes proyectados en los km. 290 y 380; y se expresaba la necesidad de convertir en autov\u00eda la R3, en el tramo Las Flores-Chillar.<\/li>\n\n\n\n<li>Respuesta de Corresur a la Comunicaci\u00f3n N\u00ba 2.877\/2026, mediante la cual se le solicitaba que informe cuestiones vinculadas a obras viales programadas en distintos tramos de la Ruta Nacional N\u00ba 3.<\/li>\n\n\n\n<li>Vecinos Autoconvocados.Elevan nota solicitando se proceda a la imposici\u00f3n del nombre \u201cEspacio Memorial de Reclamo y Concientizaci\u00f3n Vial, Juan Manuel Crocco\u201d, al espacio ubicado sobre la vera de la Ruta Nacional N\u00ba 3, donde se encuentra emplazado el monolito de Vecinos Autoconvocados, Estrellas Amarillas y Fundaci\u00f3n CEDA.\u00a0 \u00a0<\/li>\n\n\n\n<li>Concejales del Partido de Azul. Elevan proyecto de Resoluci\u00f3n referido a instar al Departamento Ejecutivo a que inicie e implemente una campa\u00f1a de difusi\u00f3n e informaci\u00f3n sobre la labor realizada por la O.N.G. \u201cEstrellas Amarillas\u201d y el grupo de Vecinos Autoconvocados \u201cAutov\u00eda YA\u201d.<\/li>\n\n\n\n<li>Concejales del Partido de Azul. Elevan proyecto de Resoluci\u00f3n referido a solicitar a la empresa concesionaria \u201cCORRESUR \u2013 RUTAS SUR ATLANTICO S.A.\u201d que eval\u00fae la posibilidad de reubicar la estaci\u00f3n de peaje Azul, prevista para el km. 290 de la Ruta Nacional N\u00ba 3, proponiendo su emplazamiento en las inmediaciones del km. 230 de dicha ruta.<\/li>\n\n\n\n<li>Bloque Fuerza Patria. Eleva proyecto de Resoluci\u00f3n referido a adherir al \u201cManifiesto Federal por la Vida, la Infraestructura, la Seguridad Vial y la Recuperaci\u00f3n de las Rutas Argentinas\u201d.<\/li>\n<\/ol>\n","protected":false},"excerpt":{"rendered":"<p>Convocada mediante Resoluci\u00f3n N\u00b0 5.319, el Concejo Deliberante del partido de Azul realizar\u00e1 una Sesi\u00f3n Especial, este domingo 6 de septiembre, a partir de las 14.30, en el sector del Cristo, Ruta Nacional N\u00b03 y colectora. En la oportunidad, los Concejales dar\u00e1n tratamiento a un Orden del D\u00eda compuesto por 6 puntos entre los que [&hellip;]<\/p>\n","protected":false},"author":2,"featured_media":4241,"comment_status":"closed","ping_status":"closed","sticky":false,"template":"","format":"standard","meta":{"tdm_status":"","tdm_grid_status":"","footnotes":""},"categories":[7],"tags":[],"class_list":["post-4240","post","type-post","status-publish","format-standard","has-post-thumbnail","category-noticias"],"yoast_head":"<!-- This site is optimized with the Yoast SEO plugin v27.3 - https:\/\/yoast.com\/product\/yoast-seo-wordpress\/ -->\n<title>El Concejo Deliberante realizar\u00e1 una Sesi\u00f3n Especial en la Ruta Nacional N\u00b03 - Concejo deliberante de Azul<\/title>\n<meta name=\"robots\" content=\"index, follow, max-snippet:-1, max-image-preview:large, max-video-preview:-1\" \/>\n<link rel=\"canonical\" href=\"https:\/\/concejodeliberantedeazul.gob.ar\/index.php\/2026\/09\/04\/el-concejo-deliberante-realizara-una-sesion-especial-en-la-ruta-nacional-n3\/\" \/>\n<meta property=\"og:locale\" content=\"es_ES\" \/>\n<meta property=\"og:type\" content=\"article\" \/>\n<meta property=\"og:title\" content=\"El Concejo Deliberante realizar\u00e1 una Sesi\u00f3n Especial en la Ruta Nacional N\u00b03 - Concejo deliberante de Azul\" \/>\n<meta property=\"og:description\" content=\"Convocada mediante Resoluci\u00f3n N\u00b0 5.319, el Concejo Deliberante del partido de Azul realizar\u00e1 una Sesi\u00f3n Especial, este domingo 6 de septiembre, a partir de las 14.30, en el sector del Cristo, Ruta Nacional N\u00b03 y colectora. En la oportunidad, los Concejales dar\u00e1n tratamiento a un Orden del D\u00eda compuesto por 6 puntos entre los que [&hellip;]\" \/>\n<meta property=\"og:url\" content=\"https:\/\/concejodeliberantedeazul.gob.ar\/index.php\/2026\/09\/04\/el-concejo-deliberante-realizara-una-sesion-especial-en-la-ruta-nacional-n3\/\" \/>\n<meta property=\"og:site_name\" content=\"Concejo deliberante de Azul\" \/>\n<meta property=\"article:published_time\" content=\"2026-09-04T20:33:49+00:00\" \/>\n<meta property=\"article:modified_time\" content=\"2026-09-04T20:33:51+00:00\" \/>\n<meta property=\"og:image\" content=\"http:\/\/concejodeliberantedeazul.gob.ar\/wp-content\/uploads\/2026\/09\/IMG-20260904-WA0093.jpg\" \/>\n\t<meta property=\"og:image:width\" content=\"1000\" \/>\n\t<meta property=\"og:image:height\" content=\"556\" \/>\n\t<meta property=\"og:image:type\" content=\"image\/jpeg\" \/>\n<meta name=\"author\" content=\"Concejo Deliberante Azul\" \/>\n<meta name=\"twitter:card\" content=\"summary_large_image\" \/>\n<meta name=\"twitter:label1\" content=\"Escrito por\" \/>\n\t<meta name=\"twitter:data1\" content=\"Concejo Deliberante Azul\" \/>\n\t<meta name=\"twitter:label2\" content=\"Tiempo de lectura\" \/>\n\t<meta name=\"twitter:data2\" content=\"2 minutos\" \/>\n<script type=\"application\/ld+json\" class=\"yoast-schema-graph\">{\"@context\":\"https:\\\/\\\/schema.org\",\"@graph\":[{\"@type\":\"Article\",\"@id\":\"https:\\\/\\\/concejodeliberantedeazul.gob.ar\\\/index.php\\\/2026\\\/09\\\/04\\\/el-concejo-deliberante-realizara-una-sesion-especial-en-la-ruta-nacional-n3\\\/#article\",\"isPartOf\":{\"@id\":\"https:\\\/\\\/concejodeliberantedeazul.gob.ar\\\/index.php\\\/2026\\\/09\\\/04\\\/el-concejo-deliberante-realizara-una-sesion-especial-en-la-ruta-nacional-n3\\\/\"},\"author\":{\"name\":\"Concejo Deliberante Azul\",\"@id\":\"http:\\\/\\\/concejodeliberantedeazul.gob.ar\\\/#\\\/schema\\\/person\\\/65fd6514aee7c29f008fc53b206198fe\"},\"headline\":\"El Concejo Deliberante realizar\u00e1 una Sesi\u00f3n Especial en la Ruta Nacional N\u00b03\",\"datePublished\":\"2026-09-04T20:33:49+00:00\",\"dateModified\":\"2026-09-04T20:33:51+00:00\",\"mainEntityOfPage\":{\"@id\":\"https:\\\/\\\/concejodeliberantedeazul.gob.ar\\\/index.php\\\/2026\\\/09\\\/04\\\/el-concejo-deliberante-realizara-una-sesion-especial-en-la-ruta-nacional-n3\\\/\"},\"wordCount\":390,\"image\":{\"@id\":\"https:\\\/\\\/concejodeliberantedeazul.gob.ar\\\/index.php\\\/2026\\\/09\\\/04\\\/el-concejo-deliberante-realizara-una-sesion-especial-en-la-ruta-nacional-n3\\\/#primaryimage\"},\"thumbnailUrl\":\"https:\\\/\\\/concejodeliberantedeazul.gob.ar\\\/wp-content\\\/uploads\\\/2026\\\/09\\\/IMG-20260904-WA0093.jpg\",\"articleSection\":[\"Noticias\"],\"inLanguage\":\"es-AR\"},{\"@type\":\"WebPage\",\"@id\":\"https:\\\/\\\/concejodeliberantedeazul.gob.ar\\\/index.php\\\/2026\\\/09\\\/04\\\/el-concejo-deliberante-realizara-una-sesion-especial-en-la-ruta-nacional-n3\\\/\",\"url\":\"https:\\\/\\\/concejodeliberantedeazul.gob.ar\\\/index.php\\\/2026\\\/09\\\/04\\\/el-concejo-deliberante-realizara-una-sesion-especial-en-la-ruta-nacional-n3\\\/\",\"name\":\"El Concejo Deliberante realizar\u00e1 una Sesi\u00f3n Especial en la Ruta Nacional N\u00b03 - Concejo deliberante de Azul\",\"isPartOf\":{\"@id\":\"http:\\\/\\\/concejodeliberantedeazul.gob.ar\\\/#website\"},\"primaryImageOfPage\":{\"@id\":\"https:\\\/\\\/concejodeliberantedeazul.gob.ar\\\/index.php\\\/2026\\\/09\\\/04\\\/el-concejo-deliberante-realizara-una-sesion-especial-en-la-ruta-nacional-n3\\\/#primaryimage\"},\"image\":{\"@id\":\"https:\\\/\\\/concejodeliberantedeazul.gob.ar\\\/index.php\\\/2026\\\/09\\\/04\\\/el-concejo-deliberante-realizara-una-sesion-especial-en-la-ruta-nacional-n3\\\/#primaryimage\"},\"thumbnailUrl\":\"https:\\\/\\\/concejodeliberantedeazul.gob.ar\\\/wp-content\\\/uploads\\\/2026\\\/09\\\/IMG-20260904-WA0093.jpg\",\"datePublished\":\"2026-09-04T20:33:49+00:00\",\"dateModified\":\"2026-09-04T20:33:51+00:00\",\"author\":{\"@id\":\"http:\\\/\\\/concejodeliberantedeazul.gob.ar\\\/#\\\/schema\\\/person\\\/65fd6514aee7c29f008fc53b206198fe\"},\"breadcrumb\":{\"@id\":\"https:\\\/\\\/concejodeliberantedeazul.gob.ar\\\/index.php\\\/2026\\\/09\\\/04\\\/el-concejo-deliberante-realizara-una-sesion-especial-en-la-ruta-nacional-n3\\\/#breadcrumb\"},\"inLanguage\":\"es-AR\",\"potentialAction\":[{\"@type\":\"ReadAction\",\"target\":[\"https:\\\/\\\/concejodeliberantedeazul.gob.ar\\\/index.php\\\/2026\\\/09\\\/04\\\/el-concejo-deliberante-realizara-una-sesion-especial-en-la-ruta-nacional-n3\\\/\"]}]},{\"@type\":\"ImageObject\",\"inLanguage\":\"es-AR\",\"@id\":\"https:\\\/\\\/concejodeliberantedeazul.gob.ar\\\/index.php\\\/2026\\\/09\\\/04\\\/el-concejo-deliberante-realizara-una-sesion-especial-en-la-ruta-nacional-n3\\\/#primaryimage\",\"url\":\"https:\\\/\\\/concejodeliberantedeazul.gob.ar\\\/wp-content\\\/uploads\\\/2026\\\/09\\\/IMG-20260904-WA0093.jpg\",\"contentUrl\":\"https:\\\/\\\/concejodeliberantedeazul.gob.ar\\\/wp-content\\\/uploads\\\/2026\\\/09\\\/IMG-20260904-WA0093.jpg\",\"width\":1000,\"height\":556},{\"@type\":\"BreadcrumbList\",\"@id\":\"https:\\\/\\\/concejodeliberantedeazul.gob.ar\\\/index.php\\\/2026\\\/09\\\/04\\\/el-concejo-deliberante-realizara-una-sesion-especial-en-la-ruta-nacional-n3\\\/#breadcrumb\",\"itemListElement\":[{\"@type\":\"ListItem\",\"position\":1,\"name\":\"Inicio\",\"item\":\"https:\\\/\\\/concejodeliberantedeazul.gob.ar\\\/\"},{\"@type\":\"ListItem\",\"position\":2,\"name\":\"El Concejo Deliberante realizar\u00e1 una Sesi\u00f3n Especial en la Ruta Nacional N\u00b03\"}]},{\"@type\":\"WebSite\",\"@id\":\"http:\\\/\\\/concejodeliberantedeazul.gob.ar\\\/#website\",\"url\":\"http:\\\/\\\/concejodeliberantedeazul.gob.ar\\\/\",\"name\":\"Concejo deliberante de Azul\",\"description\":\"Sitio Web Oficial del Concejo Deliberante de Azul, Prov. de Buenos Aires - Conformado por 18 concejales de todo el partido.\",\"potentialAction\":[{\"@type\":\"SearchAction\",\"target\":{\"@type\":\"EntryPoint\",\"urlTemplate\":\"http:\\\/\\\/concejodeliberantedeazul.gob.ar\\\/?s={search_term_string}\"},\"query-input\":{\"@type\":\"PropertyValueSpecification\",\"valueRequired\":true,\"valueName\":\"search_term_string\"}}],\"inLanguage\":\"es-AR\"},{\"@type\":\"Person\",\"@id\":\"http:\\\/\\\/concejodeliberantedeazul.gob.ar\\\/#\\\/schema\\\/person\\\/65fd6514aee7c29f008fc53b206198fe\",\"name\":\"Concejo Deliberante Azul\",\"image\":{\"@type\":\"ImageObject\",\"inLanguage\":\"es-AR\",\"@id\":\"https:\\\/\\\/secure.gravatar.com\\\/avatar\\\/30d9ae907861b897be87a25469982f0cfbce09947e0998bf7d9d0ecab450fb85?s=96&d=mm&r=g\",\"url\":\"https:\\\/\\\/secure.gravatar.com\\\/avatar\\\/30d9ae907861b897be87a25469982f0cfbce09947e0998bf7d9d0ecab450fb85?s=96&d=mm&r=g\",\"contentUrl\":\"https:\\\/\\\/secure.gravatar.com\\\/avatar\\\/30d9ae907861b897be87a25469982f0cfbce09947e0998bf7d9d0ecab450fb85?s=96&d=mm&r=g\",\"caption\":\"Concejo Deliberante Azul\"},\"url\":\"https:\\\/\\\/concejodeliberantedeazul.gob.ar\\\/index.php\\\/author\\\/concejo\\\/\"}]}<\/script>\n<!-- \/ Yoast SEO plugin. -->","yoast_head_json":{"title":"El Concejo Deliberante realizar\u00e1 una Sesi\u00f3n Especial en la Ruta Nacional N\u00b03 - Concejo deliberante de Azul","robots":{"index":"index","follow":"follow","max-snippet":"max-snippet:-1","max-image-preview":"max-image-preview:large","max-video-preview":"max-video-preview:-1"},"canonical":"https:\/\/concejodeliberantedeazul.gob.ar\/index.php\/2026\/09\/04\/el-concejo-deliberante-realizara-una-sesion-especial-en-la-ruta-nacional-n3\/","og_locale":"es_ES","og_type":"article","og_title":"El Concejo Deliberante realizar\u00e1 una Sesi\u00f3n Especial en la Ruta Nacional N\u00b03 - Concejo deliberante de Azul","og_description":"Convocada mediante Resoluci\u00f3n N\u00b0 5.319, el Concejo Deliberante del partido de Azul realizar\u00e1 una Sesi\u00f3n Especial, este domingo 6 de septiembre, a partir de las 14.30, en el sector del Cristo, Ruta Nacional N\u00b03 y colectora. En la oportunidad, los Concejales dar\u00e1n tratamiento a un Orden del D\u00eda compuesto por 6 puntos entre los que [&hellip;]","og_url":"https:\/\/concejodeliberantedeazul.gob.ar\/index.php\/2026\/09\/04\/el-concejo-deliberante-realizara-una-sesion-especial-en-la-ruta-nacional-n3\/","og_site_name":"Concejo deliberante de Azul","article_published_time":"2026-09-04T20:33:49+00:00","article_modified_time":"2026-09-04T20:33:51+00:00","og_image":[{"width":1000,"height":556,"url":"http:\/\/concejodeliberantedeazul.gob.ar\/wp-content\/uploads\/2026\/09\/IMG-20260904-WA0093.jpg","type":"image\/jpeg"}],"author":"Concejo Deliberante Azul","twitter_card":"summary_large_image","twitter_misc":{"Escrito por":"Concejo Deliberante Azul","Tiempo de lectura":"2 minutos"},"schema":{"@context":"https:\/\/schema.org","@graph":[{"@type":"Article","@id":"https:\/\/concejodeliberantedeazul.gob.ar\/index.php\/2026\/09\/04\/el-concejo-deliberante-realizara-una-sesion-especial-en-la-ruta-nacional-n3\/#article","isPartOf":{"@id":"https:\/\/concejodeliberantedeazul.gob.ar\/index.php\/2026\/09\/04\/el-concejo-deliberante-realizara-una-sesion-especial-en-la-ruta-nacional-n3\/"},"author":{"name":"Concejo Deliberante Azul","@id":"http:\/\/concejodeliberantedeazul.gob.ar\/#\/schema\/person\/65fd6514aee7c29f008fc53b206198fe"},"headline":"El Concejo Deliberante realizar\u00e1 una Sesi\u00f3n Especial en la Ruta Nacional N\u00b03","datePublished":"2026-09-04T20:33:49+00:00","dateModified":"2026-09-04T20:33:51+00:00","mainEntityOfPage":{"@id":"https:\/\/concejodeliberantedeazul.gob.ar\/index.php\/2026\/09\/04\/el-concejo-deliberante-realizara-una-sesion-especial-en-la-ruta-nacional-n3\/"},"wordCount":390,"image":{"@id":"https:\/\/concejodeliberantedeazul.gob.ar\/index.php\/2026\/09\/04\/el-concejo-deliberante-realizara-una-sesion-especial-en-la-ruta-nacional-n3\/#primaryimage"},"thumbnailUrl":"https:\/\/concejodeliberantedeazul.gob.ar\/wp-content\/uploads\/2026\/09\/IMG-20260904-WA0093.jpg","articleSection":["Noticias"],"inLanguage":"es-AR"},{"@type":"WebPage","@id":"https:\/\/concejodeliberantedeazul.gob.ar\/index.php\/2026\/09\/04\/el-concejo-deliberante-realizara-una-sesion-especial-en-la-ruta-nacional-n3\/","url":"https:\/\/concejodeliberantedeazul.gob.ar\/index.php\/2026\/09\/04\/el-concejo-deliberante-realizara-una-sesion-especial-en-la-ruta-nacional-n3\/","name":"El Concejo Deliberante realizar\u00e1 una Sesi\u00f3n Especial en la Ruta Nacional N\u00b03 - Concejo deliberante de Azul","isPartOf":{"@id":"http:\/\/concejodeliberantedeazul.gob.ar\/#website"},"primaryImageOfPage":{"@id":"https:\/\/concejodeliberantedeazul.gob.ar\/index.php\/2026\/09\/04\/el-concejo-deliberante-realizara-una-sesion-especial-en-la-ruta-nacional-n3\/#primaryimage"},"image":{"@id":"https:\/\/concejodeliberantedeazul.gob.ar\/index.php\/2026\/09\/04\/el-concejo-deliberante-realizara-una-sesion-especial-en-la-ruta-nacional-n3\/#primaryimage"},"thumbnailUrl":"https:\/\/concejodeliberantedeazul.gob.ar\/wp-content\/uploads\/2026\/09\/IMG-20260904-WA0093.jpg","datePublished":"2026-09-04T20:33:49+00:00","dateModified":"2026-09-04T20:33:51+00:00","author":{"@id":"http:\/\/concejodeliberantedeazul.gob.ar\/#\/schema\/person\/65fd6514aee7c29f008fc53b206198fe"},"breadcrumb":{"@id":"https:\/\/concejodeliberantedeazul.gob.ar\/index.php\/2026\/09\/04\/el-concejo-deliberante-realizara-una-sesion-especial-en-la-ruta-nacional-n3\/#breadcrumb"},"inLanguage":"es-AR","potentialAction":[{"@type":"ReadAction","target":["https:\/\/concejodeliberantedeazul.gob.ar\/index.php\/2026\/09\/04\/el-concejo-deliberante-realizara-una-sesion-especial-en-la-ruta-nacional-n3\/"]}]},{"@type":"ImageObject","inLanguage":"es-AR","@id":"https:\/\/concejodeliberantedeazul.gob.ar\/index.php\/2026\/09\/04\/el-concejo-deliberante-realizara-una-sesion-especial-en-la-ruta-nacional-n3\/#primaryimage","url":"https:\/\/concejodeliberantedeazul.gob.ar\/wp-content\/uploads\/2026\/09\/IMG-20260904-WA0093.jpg","contentUrl":"https:\/\/concejodeliberantedeazul.gob.ar\/wp-content\/uploads\/2026\/09\/IMG-20260904-WA0093.jpg","width":1000,"height":556},{"@type":"BreadcrumbList","@id":"https:\/\/concejodeliberantedeazul.gob.ar\/index.php\/2026\/09\/04\/el-concejo-deliberante-realizara-una-sesion-especial-en-la-ruta-nacional-n3\/#breadcrumb","itemListElement":[{"@type":"ListItem","position":1,"name":"Inicio","item":"https:\/\/concejodeliberantedeazul.gob.ar\/"},{"@type":"ListItem","position":2,"name":"El Concejo Deliberante realizar\u00e1 una Sesi\u00f3n Especial en la Ruta Nacional N\u00b03"}]},{"@type":"WebSite","@id":"http:\/\/concejodeliberantedeazul.gob.ar\/#website","url":"http:\/\/concejodeliberantedeazul.gob.ar\/","name":"Concejo deliberante de Azul","description":"Sitio Web Oficial del Concejo Deliberante de Azul, Prov. de Buenos Aires - Conformado por 18 concejales de todo el partido.","potentialAction":[{"@type":"SearchAction","target":{"@type":"EntryPoint","urlTemplate":"http:\/\/concejodeliberantedeazul.gob.ar\/?s={search_term_string}"},"query-input":{"@type":"PropertyValueSpecification","valueRequired":true,"valueName":"search_term_string"}}],"inLanguage":"es-AR"},{"@type":"Person","@id":"http:\/\/concejodeliberantedeazul.gob.ar\/#\/schema\/person\/65fd6514aee7c29f008fc53b206198fe","name":"Concejo Deliberante Azul","image":{"@type":"ImageObject","inLanguage":"es-AR","@id":"https:\/\/secure.gravatar.com\/avatar\/30d9ae907861b897be87a25469982f0cfbce09947e0998bf7d9d0ecab450fb85?s=96&d=mm&r=g","url":"https:\/\/secure.gravatar.com\/avatar\/30d9ae907861b897be87a25469982f0cfbce09947e0998bf7d9d0ecab450fb85?s=96&d=mm&r=g","contentUrl":"https:\/\/secure.gravatar.com\/avatar\/30d9ae907861b897be87a25469982f0cfbce09947e0998bf7d9d0ecab450fb85?s=96&d=mm&r=g","caption":"Concejo Deliberante Azul"},"url":"https:\/\/concejodeliberantedeazul.gob.ar\/index.php\/author\/concejo\/"}]}},"amp_enabled":true,"_links":{"self":[{"href":"https:\/\/concejodeliberantedeazul.gob.ar\/index.php\/wp-json\/wp\/v2\/posts\/4240","targetHints":{"allow":["GET"]}}],"collection":[{"href":"https:\/\/concejodeliberantedeazul.gob.ar\/index.php\/wp-json\/wp\/v2\/posts"}],"about":[{"href":"https:\/\/concejodeliberantedeazul.gob.ar\/index.php\/wp-json\/wp\/v2\/types\/post"}],"author":[{"embeddable":true,"href":"https:\/\/concejodeliberantedeazul.gob.ar\/index.php\/wp-json\/wp\/v2\/users\/2"}],"replies":[{"embeddable":true,"href":"https:\/\/concejodeliberantedeazul.gob.ar\/index.php\/wp-json\/wp\/v2\/comments?post=4240"}],"version-history":[{"count":1,"href":"https:\/\/concejodeliberantedeazul.gob.ar\/index.php\/wp-json\/wp\/v2\/posts\/4240\/revisions"}],"predecessor-version":[{"id":4242,"href":"https:\/\/concejodeliberantedeazul.gob.ar\/index.php\/wp-json\/wp\/v2\/posts\/4240\/revisions\/4242"}],"wp:featuredmedia":[{"embeddable":true,"href":"https:\/\/concejodeliberantedeazul.gob.ar\/index.php\/wp-json\/wp\/v2\/media\/4241"}],"wp:attachment":[{"href":"https:\/\/concejodeliberantedeazul.gob.ar\/index.php\/wp-json\/wp\/v2\/media?parent=4240"}],"wp:term":[{"taxonomy":"category","embeddable":true,"href":"https:\/\/concejodeliberantedeazul.gob.ar\/index.php\/wp-json\/wp\/v2\/categories?post=4240"},{"taxonomy":"post_tag","embeddable":true,"href":"https:\/\/concejodeliberantedeazul.gob.ar\/index.php\/wp-json\/wp\/v2\/tags?post=4240"}],"curies":[{"name":"wp","href":"https:\/\/api.w.org\/{rel}","templated":true}]}}