{"id":4234,"date":"2026-09-04T12:22:14","date_gmt":"2026-09-04T15:22:14","guid":{"rendered":"https:\/\/concejodeliberantedeazul.gob.ar\/?p=4234"},"modified":"2026-09-04T12:22:17","modified_gmt":"2026-09-04T15:22:17","slug":"habilitaciones-comerciales-reunion-ampliada","status":"publish","type":"post","link":"https:\/\/concejodeliberantedeazul.gob.ar\/index.php\/2026\/09\/04\/habilitaciones-comerciales-reunion-ampliada\/","title":{"rendered":"Habilitaciones comerciales: Reuni\u00f3n ampliada"},"content":{"rendered":"\n<p class=\"wp-block-paragraph\">En el recinto del Concejo Deliberante, se llev\u00f3 a cabo una reuni\u00f3n ampliada con el objetivo de trabajar sobre los proyectos de Ordenanza vinculados con habilitaciones comerciales que se encuentran para tratamiento en las Comisiones Permanentes.<\/p>\n\n\n\n<p class=\"wp-block-paragraph\">De la misma participaron: Presidente, Juan Ignacio Furiasse y los Concejales Agust\u00edn Puyou, Lu\u00eds Hoursourip\u00e9, Daniel Mattina, Laura Barbalarga y Natalia Colom\u00e9; referentes de Bomberos, CEDA, electricistas matriculados, colegio de martilleros y centro de almaceneros.<\/p>\n\n\n\n<p class=\"wp-block-paragraph\">Durante la jornada, se analizaron los proyectos elevados y se consensu\u00f3 en sancionar una Ordenanza que permita avanzar en un sistema \u00e1gil y modernizado.<\/p>\n\n\n\n<p class=\"wp-block-paragraph\">Por otra parte, desde cada uno de los sectores involucrados en la tem\u00e1tica se dejaron expresados cu\u00e1les son las observaciones t\u00e9cnicas e inquietudes vinculadas con el marco regulatorio actual.<\/p>\n","protected":false},"excerpt":{"rendered":"<p>En el recinto del Concejo Deliberante, se llev\u00f3 a cabo una reuni\u00f3n ampliada con el objetivo de trabajar sobre los proyectos de Ordenanza vinculados con habilitaciones comerciales que se encuentran para tratamiento en las Comisiones Permanentes. De la misma participaron: Presidente, Juan Ignacio Furiasse y los Concejales Agust\u00edn Puyou, Lu\u00eds Hoursourip\u00e9, Daniel Mattina, Laura Barbalarga [&hellip;]<\/p>\n","protected":false},"author":2,"featured_media":4235,"comment_status":"closed","ping_status":"closed","sticky":false,"template":"","format":"standard","meta":{"tdm_status":"","tdm_grid_status":"","footnotes":""},"categories":[7],"tags":[],"class_list":["post-4234","post","type-post","status-publish","format-standard","has-post-thumbnail","category-noticias"],"yoast_head":"<!-- This site is optimized with the Yoast SEO plugin v27.3 - https:\/\/yoast.com\/product\/yoast-seo-wordpress\/ -->\n<title>Habilitaciones comerciales: Reuni\u00f3n ampliada - Concejo deliberante de Azul<\/title>\n<meta name=\"robots\" content=\"index, follow, max-snippet:-1, max-image-preview:large, max-video-preview:-1\" \/>\n<link rel=\"canonical\" href=\"https:\/\/concejodeliberantedeazul.gob.ar\/index.php\/2026\/09\/04\/habilitaciones-comerciales-reunion-ampliada\/\" \/>\n<meta property=\"og:locale\" content=\"es_ES\" \/>\n<meta property=\"og:type\" content=\"article\" \/>\n<meta property=\"og:title\" content=\"Habilitaciones comerciales: Reuni\u00f3n ampliada - Concejo deliberante de Azul\" \/>\n<meta property=\"og:description\" content=\"En el recinto del Concejo Deliberante, se llev\u00f3 a cabo una reuni\u00f3n ampliada con el objetivo de trabajar sobre los proyectos de Ordenanza vinculados con habilitaciones comerciales que se encuentran para tratamiento en las Comisiones Permanentes. De la misma participaron: Presidente, Juan Ignacio Furiasse y los Concejales Agust\u00edn Puyou, Lu\u00eds Hoursourip\u00e9, Daniel Mattina, Laura Barbalarga [&hellip;]\" \/>\n<meta property=\"og:url\" content=\"https:\/\/concejodeliberantedeazul.gob.ar\/index.php\/2026\/09\/04\/habilitaciones-comerciales-reunion-ampliada\/\" \/>\n<meta property=\"og:site_name\" content=\"Concejo deliberante de Azul\" \/>\n<meta property=\"article:published_time\" content=\"2026-09-04T15:22:14+00:00\" \/>\n<meta property=\"article:modified_time\" content=\"2026-09-04T15:22:17+00:00\" \/>\n<meta property=\"og:image\" content=\"http:\/\/concejodeliberantedeazul.gob.ar\/wp-content\/uploads\/2026\/09\/03-09-2026-Habilitaciones-1-scaled.jpg\" \/>\n\t<meta property=\"og:image:width\" content=\"2560\" \/>\n\t<meta property=\"og:image:height\" content=\"1436\" \/>\n\t<meta property=\"og:image:type\" content=\"image\/jpeg\" \/>\n<meta name=\"author\" content=\"Concejo Deliberante Azul\" \/>\n<meta name=\"twitter:card\" content=\"summary_large_image\" \/>\n<meta name=\"twitter:label1\" content=\"Escrito por\" \/>\n\t<meta name=\"twitter:data1\" content=\"Concejo Deliberante Azul\" \/>\n\t<meta name=\"twitter:label2\" content=\"Tiempo de lectura\" \/>\n\t<meta name=\"twitter:data2\" content=\"1 minuto\" \/>\n<script type=\"application\/ld+json\" class=\"yoast-schema-graph\">{\"@context\":\"https:\\\/\\\/schema.org\",\"@graph\":[{\"@type\":\"Article\",\"@id\":\"https:\\\/\\\/concejodeliberantedeazul.gob.ar\\\/index.php\\\/2026\\\/09\\\/04\\\/habilitaciones-comerciales-reunion-ampliada\\\/#article\",\"isPartOf\":{\"@id\":\"https:\\\/\\\/concejodeliberantedeazul.gob.ar\\\/index.php\\\/2026\\\/09\\\/04\\\/habilitaciones-comerciales-reunion-ampliada\\\/\"},\"author\":{\"name\":\"Concejo Deliberante Azul\",\"@id\":\"http:\\\/\\\/concejodeliberantedeazul.gob.ar\\\/#\\\/schema\\\/person\\\/65fd6514aee7c29f008fc53b206198fe\"},\"headline\":\"Habilitaciones comerciales: Reuni\u00f3n ampliada\",\"datePublished\":\"2026-09-04T15:22:14+00:00\",\"dateModified\":\"2026-09-04T15:22:17+00:00\",\"mainEntityOfPage\":{\"@id\":\"https:\\\/\\\/concejodeliberantedeazul.gob.ar\\\/index.php\\\/2026\\\/09\\\/04\\\/habilitaciones-comerciales-reunion-ampliada\\\/\"},\"wordCount\":135,\"image\":{\"@id\":\"https:\\\/\\\/concejodeliberantedeazul.gob.ar\\\/index.php\\\/2026\\\/09\\\/04\\\/habilitaciones-comerciales-reunion-ampliada\\\/#primaryimage\"},\"thumbnailUrl\":\"https:\\\/\\\/concejodeliberantedeazul.gob.ar\\\/wp-content\\\/uploads\\\/2026\\\/09\\\/03-09-2026-Habilitaciones-1-scaled.jpg\",\"articleSection\":[\"Noticias\"],\"inLanguage\":\"es-AR\"},{\"@type\":\"WebPage\",\"@id\":\"https:\\\/\\\/concejodeliberantedeazul.gob.ar\\\/index.php\\\/2026\\\/09\\\/04\\\/habilitaciones-comerciales-reunion-ampliada\\\/\",\"url\":\"https:\\\/\\\/concejodeliberantedeazul.gob.ar\\\/index.php\\\/2026\\\/09\\\/04\\\/habilitaciones-comerciales-reunion-ampliada\\\/\",\"name\":\"Habilitaciones comerciales: Reuni\u00f3n ampliada - Concejo deliberante de Azul\",\"isPartOf\":{\"@id\":\"http:\\\/\\\/concejodeliberantedeazul.gob.ar\\\/#website\"},\"primaryImageOfPage\":{\"@id\":\"https:\\\/\\\/concejodeliberantedeazul.gob.ar\\\/index.php\\\/2026\\\/09\\\/04\\\/habilitaciones-comerciales-reunion-ampliada\\\/#primaryimage\"},\"image\":{\"@id\":\"https:\\\/\\\/concejodeliberantedeazul.gob.ar\\\/index.php\\\/2026\\\/09\\\/04\\\/habilitaciones-comerciales-reunion-ampliada\\\/#primaryimage\"},\"thumbnailUrl\":\"https:\\\/\\\/concejodeliberantedeazul.gob.ar\\\/wp-content\\\/uploads\\\/2026\\\/09\\\/03-09-2026-Habilitaciones-1-scaled.jpg\",\"datePublished\":\"2026-09-04T15:22:14+00:00\",\"dateModified\":\"2026-09-04T15:22:17+00:00\",\"author\":{\"@id\":\"http:\\\/\\\/concejodeliberantedeazul.gob.ar\\\/#\\\/schema\\\/person\\\/65fd6514aee7c29f008fc53b206198fe\"},\"breadcrumb\":{\"@id\":\"https:\\\/\\\/concejodeliberantedeazul.gob.ar\\\/index.php\\\/2026\\\/09\\\/04\\\/habilitaciones-comerciales-reunion-ampliada\\\/#breadcrumb\"},\"inLanguage\":\"es-AR\",\"potentialAction\":[{\"@type\":\"ReadAction\",\"target\":[\"https:\\\/\\\/concejodeliberantedeazul.gob.ar\\\/index.php\\\/2026\\\/09\\\/04\\\/habilitaciones-comerciales-reunion-ampliada\\\/\"]}]},{\"@type\":\"ImageObject\",\"inLanguage\":\"es-AR\",\"@id\":\"https:\\\/\\\/concejodeliberantedeazul.gob.ar\\\/index.php\\\/2026\\\/09\\\/04\\\/habilitaciones-comerciales-reunion-ampliada\\\/#primaryimage\",\"url\":\"https:\\\/\\\/concejodeliberantedeazul.gob.ar\\\/wp-content\\\/uploads\\\/2026\\\/09\\\/03-09-2026-Habilitaciones-1-scaled.jpg\",\"contentUrl\":\"https:\\\/\\\/concejodeliberantedeazul.gob.ar\\\/wp-content\\\/uploads\\\/2026\\\/09\\\/03-09-2026-Habilitaciones-1-scaled.jpg\",\"width\":2560,\"height\":1436},{\"@type\":\"BreadcrumbList\",\"@id\":\"https:\\\/\\\/concejodeliberantedeazul.gob.ar\\\/index.php\\\/2026\\\/09\\\/04\\\/habilitaciones-comerciales-reunion-ampliada\\\/#breadcrumb\",\"itemListElement\":[{\"@type\":\"ListItem\",\"position\":1,\"name\":\"Inicio\",\"item\":\"https:\\\/\\\/concejodeliberantedeazul.gob.ar\\\/\"},{\"@type\":\"ListItem\",\"position\":2,\"name\":\"Habilitaciones comerciales: Reuni\u00f3n ampliada\"}]},{\"@type\":\"WebSite\",\"@id\":\"http:\\\/\\\/concejodeliberantedeazul.gob.ar\\\/#website\",\"url\":\"http:\\\/\\\/concejodeliberantedeazul.gob.ar\\\/\",\"name\":\"Concejo deliberante de Azul\",\"description\":\"Sitio Web Oficial del Concejo Deliberante de Azul, Prov. de Buenos Aires - Conformado por 18 concejales de todo el partido.\",\"potentialAction\":[{\"@type\":\"SearchAction\",\"target\":{\"@type\":\"EntryPoint\",\"urlTemplate\":\"http:\\\/\\\/concejodeliberantedeazul.gob.ar\\\/?s={search_term_string}\"},\"query-input\":{\"@type\":\"PropertyValueSpecification\",\"valueRequired\":true,\"valueName\":\"search_term_string\"}}],\"inLanguage\":\"es-AR\"},{\"@type\":\"Person\",\"@id\":\"http:\\\/\\\/concejodeliberantedeazul.gob.ar\\\/#\\\/schema\\\/person\\\/65fd6514aee7c29f008fc53b206198fe\",\"name\":\"Concejo Deliberante Azul\",\"image\":{\"@type\":\"ImageObject\",\"inLanguage\":\"es-AR\",\"@id\":\"https:\\\/\\\/secure.gravatar.com\\\/avatar\\\/30d9ae907861b897be87a25469982f0cfbce09947e0998bf7d9d0ecab450fb85?s=96&d=mm&r=g\",\"url\":\"https:\\\/\\\/secure.gravatar.com\\\/avatar\\\/30d9ae907861b897be87a25469982f0cfbce09947e0998bf7d9d0ecab450fb85?s=96&d=mm&r=g\",\"contentUrl\":\"https:\\\/\\\/secure.gravatar.com\\\/avatar\\\/30d9ae907861b897be87a25469982f0cfbce09947e0998bf7d9d0ecab450fb85?s=96&d=mm&r=g\",\"caption\":\"Concejo Deliberante Azul\"},\"url\":\"https:\\\/\\\/concejodeliberantedeazul.gob.ar\\\/index.php\\\/author\\\/concejo\\\/\"}]}<\/script>\n<!-- \/ Yoast SEO plugin. -->","yoast_head_json":{"title":"Habilitaciones comerciales: Reuni\u00f3n ampliada - Concejo deliberante de Azul","robots":{"index":"index","follow":"follow","max-snippet":"max-snippet:-1","max-image-preview":"max-image-preview:large","max-video-preview":"max-video-preview:-1"},"canonical":"https:\/\/concejodeliberantedeazul.gob.ar\/index.php\/2026\/09\/04\/habilitaciones-comerciales-reunion-ampliada\/","og_locale":"es_ES","og_type":"article","og_title":"Habilitaciones comerciales: Reuni\u00f3n ampliada - Concejo deliberante de Azul","og_description":"En el recinto del Concejo Deliberante, se llev\u00f3 a cabo una reuni\u00f3n ampliada con el objetivo de trabajar sobre los proyectos de Ordenanza vinculados con habilitaciones comerciales que se encuentran para tratamiento en las Comisiones Permanentes. De la misma participaron: Presidente, Juan Ignacio Furiasse y los Concejales Agust\u00edn Puyou, Lu\u00eds Hoursourip\u00e9, Daniel Mattina, Laura Barbalarga [&hellip;]","og_url":"https:\/\/concejodeliberantedeazul.gob.ar\/index.php\/2026\/09\/04\/habilitaciones-comerciales-reunion-ampliada\/","og_site_name":"Concejo deliberante de Azul","article_published_time":"2026-09-04T15:22:14+00:00","article_modified_time":"2026-09-04T15:22:17+00:00","og_image":[{"width":2560,"height":1436,"url":"http:\/\/concejodeliberantedeazul.gob.ar\/wp-content\/uploads\/2026\/09\/03-09-2026-Habilitaciones-1-scaled.jpg","type":"image\/jpeg"}],"author":"Concejo Deliberante Azul","twitter_card":"summary_large_image","twitter_misc":{"Escrito por":"Concejo Deliberante Azul","Tiempo de lectura":"1 minuto"},"schema":{"@context":"https:\/\/schema.org","@graph":[{"@type":"Article","@id":"https:\/\/concejodeliberantedeazul.gob.ar\/index.php\/2026\/09\/04\/habilitaciones-comerciales-reunion-ampliada\/#article","isPartOf":{"@id":"https:\/\/concejodeliberantedeazul.gob.ar\/index.php\/2026\/09\/04\/habilitaciones-comerciales-reunion-ampliada\/"},"author":{"name":"Concejo Deliberante Azul","@id":"http:\/\/concejodeliberantedeazul.gob.ar\/#\/schema\/person\/65fd6514aee7c29f008fc53b206198fe"},"headline":"Habilitaciones comerciales: Reuni\u00f3n ampliada","datePublished":"2026-09-04T15:22:14+00:00","dateModified":"2026-09-04T15:22:17+00:00","mainEntityOfPage":{"@id":"https:\/\/concejodeliberantedeazul.gob.ar\/index.php\/2026\/09\/04\/habilitaciones-comerciales-reunion-ampliada\/"},"wordCount":135,"image":{"@id":"https:\/\/concejodeliberantedeazul.gob.ar\/index.php\/2026\/09\/04\/habilitaciones-comerciales-reunion-ampliada\/#primaryimage"},"thumbnailUrl":"https:\/\/concejodeliberantedeazul.gob.ar\/wp-content\/uploads\/2026\/09\/03-09-2026-Habilitaciones-1-scaled.jpg","articleSection":["Noticias"],"inLanguage":"es-AR"},{"@type":"WebPage","@id":"https:\/\/concejodeliberantedeazul.gob.ar\/index.php\/2026\/09\/04\/habilitaciones-comerciales-reunion-ampliada\/","url":"https:\/\/concejodeliberantedeazul.gob.ar\/index.php\/2026\/09\/04\/habilitaciones-comerciales-reunion-ampliada\/","name":"Habilitaciones comerciales: Reuni\u00f3n ampliada - Concejo deliberante de Azul","isPartOf":{"@id":"http:\/\/concejodeliberantedeazul.gob.ar\/#website"},"primaryImageOfPage":{"@id":"https:\/\/concejodeliberantedeazul.gob.ar\/index.php\/2026\/09\/04\/habilitaciones-comerciales-reunion-ampliada\/#primaryimage"},"image":{"@id":"https:\/\/concejodeliberantedeazul.gob.ar\/index.php\/2026\/09\/04\/habilitaciones-comerciales-reunion-ampliada\/#primaryimage"},"thumbnailUrl":"https:\/\/concejodeliberantedeazul.gob.ar\/wp-content\/uploads\/2026\/09\/03-09-2026-Habilitaciones-1-scaled.jpg","datePublished":"2026-09-04T15:22:14+00:00","dateModified":"2026-09-04T15:22:17+00:00","author":{"@id":"http:\/\/concejodeliberantedeazul.gob.ar\/#\/schema\/person\/65fd6514aee7c29f008fc53b206198fe"},"breadcrumb":{"@id":"https:\/\/concejodeliberantedeazul.gob.ar\/index.php\/2026\/09\/04\/habilitaciones-comerciales-reunion-ampliada\/#breadcrumb"},"inLanguage":"es-AR","potentialAction":[{"@type":"ReadAction","target":["https:\/\/concejodeliberantedeazul.gob.ar\/index.php\/2026\/09\/04\/habilitaciones-comerciales-reunion-ampliada\/"]}]},{"@type":"ImageObject","inLanguage":"es-AR","@id":"https:\/\/concejodeliberantedeazul.gob.ar\/index.php\/2026\/09\/04\/habilitaciones-comerciales-reunion-ampliada\/#primaryimage","url":"https:\/\/concejodeliberantedeazul.gob.ar\/wp-content\/uploads\/2026\/09\/03-09-2026-Habilitaciones-1-scaled.jpg","contentUrl":"https:\/\/concejodeliberantedeazul.gob.ar\/wp-content\/uploads\/2026\/09\/03-09-2026-Habilitaciones-1-scaled.jpg","width":2560,"height":1436},{"@type":"BreadcrumbList","@id":"https:\/\/concejodeliberantedeazul.gob.ar\/index.php\/2026\/09\/04\/habilitaciones-comerciales-reunion-ampliada\/#breadcrumb","itemListElement":[{"@type":"ListItem","position":1,"name":"Inicio","item":"https:\/\/concejodeliberantedeazul.gob.ar\/"},{"@type":"ListItem","position":2,"name":"Habilitaciones comerciales: Reuni\u00f3n ampliada"}]},{"@type":"WebSite","@id":"http:\/\/concejodeliberantedeazul.gob.ar\/#website","url":"http:\/\/concejodeliberantedeazul.gob.ar\/","name":"Concejo deliberante de Azul","description":"Sitio Web Oficial del Concejo Deliberante de Azul, Prov. de Buenos Aires - Conformado por 18 concejales de todo el partido.","potentialAction":[{"@type":"SearchAction","target":{"@type":"EntryPoint","urlTemplate":"http:\/\/concejodeliberantedeazul.gob.ar\/?s={search_term_string}"},"query-input":{"@type":"PropertyValueSpecification","valueRequired":true,"valueName":"search_term_string"}}],"inLanguage":"es-AR"},{"@type":"Person","@id":"http:\/\/concejodeliberantedeazul.gob.ar\/#\/schema\/person\/65fd6514aee7c29f008fc53b206198fe","name":"Concejo Deliberante Azul","image":{"@type":"ImageObject","inLanguage":"es-AR","@id":"https:\/\/secure.gravatar.com\/avatar\/30d9ae907861b897be87a25469982f0cfbce09947e0998bf7d9d0ecab450fb85?s=96&d=mm&r=g","url":"https:\/\/secure.gravatar.com\/avatar\/30d9ae907861b897be87a25469982f0cfbce09947e0998bf7d9d0ecab450fb85?s=96&d=mm&r=g","contentUrl":"https:\/\/secure.gravatar.com\/avatar\/30d9ae907861b897be87a25469982f0cfbce09947e0998bf7d9d0ecab450fb85?s=96&d=mm&r=g","caption":"Concejo Deliberante Azul"},"url":"https:\/\/concejodeliberantedeazul.gob.ar\/index.php\/author\/concejo\/"}]}},"amp_enabled":true,"_links":{"self":[{"href":"https:\/\/concejodeliberantedeazul.gob.ar\/index.php\/wp-json\/wp\/v2\/posts\/4234","targetHints":{"allow":["GET"]}}],"collection":[{"href":"https:\/\/concejodeliberantedeazul.gob.ar\/index.php\/wp-json\/wp\/v2\/posts"}],"about":[{"href":"https:\/\/concejodeliberantedeazul.gob.ar\/index.php\/wp-json\/wp\/v2\/types\/post"}],"author":[{"embeddable":true,"href":"https:\/\/concejodeliberantedeazul.gob.ar\/index.php\/wp-json\/wp\/v2\/users\/2"}],"replies":[{"embeddable":true,"href":"https:\/\/concejodeliberantedeazul.gob.ar\/index.php\/wp-json\/wp\/v2\/comments?post=4234"}],"version-history":[{"count":1,"href":"https:\/\/concejodeliberantedeazul.gob.ar\/index.php\/wp-json\/wp\/v2\/posts\/4234\/revisions"}],"predecessor-version":[{"id":4236,"href":"https:\/\/concejodeliberantedeazul.gob.ar\/index.php\/wp-json\/wp\/v2\/posts\/4234\/revisions\/4236"}],"wp:featuredmedia":[{"embeddable":true,"href":"https:\/\/concejodeliberantedeazul.gob.ar\/index.php\/wp-json\/wp\/v2\/media\/4235"}],"wp:attachment":[{"href":"https:\/\/concejodeliberantedeazul.gob.ar\/index.php\/wp-json\/wp\/v2\/media?parent=4234"}],"wp:term":[{"taxonomy":"category","embeddable":true,"href":"https:\/\/concejodeliberantedeazul.gob.ar\/index.php\/wp-json\/wp\/v2\/categories?post=4234"},{"taxonomy":"post_tag","embeddable":true,"href":"https:\/\/concejodeliberantedeazul.gob.ar\/index.php\/wp-json\/wp\/v2\/tags?post=4234"}],"curies":[{"name":"wp","href":"https:\/\/api.w.org\/{rel}","templated":true}]}}