{"id":4231,"date":"2026-09-01T23:51:56","date_gmt":"2026-09-02T02:51:56","guid":{"rendered":"https:\/\/concejodeliberantedeazul.gob.ar\/?p=4231"},"modified":"2026-09-01T23:52:00","modified_gmt":"2026-09-02T02:52:00","slug":"decima-tercera-sesion-ordinaria-5","status":"publish","type":"post","link":"https:\/\/concejodeliberantedeazul.gob.ar\/index.php\/2026\/09\/01\/decima-tercera-sesion-ordinaria-5\/","title":{"rendered":"D\u00e9cima Tercera Sesi\u00f3n Ordinaria"},"content":{"rendered":"\n<p class=\"wp-block-paragraph\">Se llev\u00f3 a cabo, en el recinto del Concejo Deliberante, la D\u00e9cima Tercera Sesi\u00f3n Ordinaria, ejercicio 2026.<\/p>\n\n\n\n<p class=\"wp-block-paragraph\">En la oportunidad, los Concejales entregaron diversas Resoluciones vinculadas con la cultura y el deporte distinguiendo: Por un lado, al artista local Miguel \u00c1ngel Bohn; posteriormente declarando de Inter\u00e9s Cultural y Comunitario el primer \u201cConcierto de Arpas Paraguayas\u201d y, por \u00faltimo, reconociendo la 73\u00b0 edici\u00f3n del Campeonato Nacional de Vuelo a Vela, organizado por la Asociaci\u00f3n Aeron\u00e1utica de nuestra ciudad.<\/p>\n\n\n\n<p class=\"wp-block-paragraph\">Posteriormente, dieron tratamiento a diversos puntos del Orden del D\u00eda compuesto por proyectos de los diferentes bloques pol\u00edticos, expedientes elevados por el Departamento Ejecutivo, despachos de las Comisiones Permanentes y notas elevadas por vecinos e instituciones.<\/p>\n\n\n\n<p class=\"wp-block-paragraph\"><strong>Proyectos de los diferentes bloques:<\/strong><\/p>\n\n\n\n<ul class=\"wp-block-list\">\n<li>Concejales del Partido de Azul elevan proyecto de Resoluci\u00f3n referido a declarar de Inter\u00e9s Legislativo y Comunitario del partido de Azul la visita de Su Santidad el Papa Le\u00f3n XIV a la Rep\u00fablica Argentina, que se desarrollar\u00e1 entre los d\u00edas 8 y 11 de noviembre. La Resoluci\u00f3n se aprob\u00f3 por unanimidad. <\/li>\n\n\n\n<li>Concejales Integrantes del Bloque La Libertad Avanza elevan proyecto de Ordenanza referido a crear, en el \u00e1mbito de la Municipalidad de Azul, el \u201cRegistro Municipal \u00danico de Animales de Compa\u00f1\u00eda Perdidos, Encontrados y Recuperados\u201d. \u00a0El proyecto de Ordenanza fue elevado a la Comisiones de Presupuesto y de Interpretaci\u00f3n. <\/li>\n\n\n\n<li>Concejales del Partido de Azul elevan proyecto de Resoluci\u00f3n referido a instar al Gobierno de la provincia de Buenos Aires a adherir al Programa para la Detecci\u00f3n y Bloqueo de IMEI\/IMSI en establecimientos penitenciaros, creado mediante Resoluci\u00f3n N\u00ba 806\/2026 del Ministerio de Seguridad Nacional. La Resoluci\u00f3n se aprob\u00f3 por mayor\u00eda.<\/li>\n\n\n\n<li>Bloques Gen Azul y Pro Azul elevan proyecto de Ordenanza referido a crear la Oficina de Asistencia a Siniestros Viales, en el \u00e1mbito de la municipalidad de Azul. El proyecto de Ordenanza se elev\u00f3 a las Comisiones de Salud, Presupuesto e Interpretaci\u00f3n. <\/li>\n\n\n\n<li>Bloque Uni\u00f3n C\u00edvica Radical eleva proyecto de Resoluci\u00f3n referido a solicitar a la Honorable C\u00e1mara de Diputados de la Naci\u00f3n el pronto tratamiento del proyecto de ley, presentado por el Diputado Pablo Juliano, denominado \u201cR\u00e9gimen de Protecci\u00f3n y Defensa de Usuarios Financieros y Prevenci\u00f3n del Sobreendeudamiento en el Sistema de Cr\u00e9dito\u201d. \u00a0La Resoluci\u00f3n se aprob\u00f3 por mayor\u00eda. <\/li>\n\n\n\n<li>Concejales integrantes del Bloque Fuerza Patria elevan proyecto de Resoluci\u00f3n referido a declarar Personalidad Destacada del Arte y la Cultura del partido de Azul al artista local Miguel \u00c1ngel Bohn, en reconocimiento a su destacada labor, vocaci\u00f3n y compromiso con las artes de nuestra regi\u00f3n. La Resoluci\u00f3n se aprob\u00f3 por unanimidad<\/li>\n\n\n\n<li>Concejales del Partido de Azul elevan proyecto de Resoluci\u00f3n referido a declarar de Inter\u00e9s Comunitario, Cultural y Educativo del partido de Azul la inauguraci\u00f3n del Espacio para la Memoria y Promoci\u00f3n de los Derechos Humanos en el predio del ex Centro Clandestino de Detenci\u00f3n y Tortura. La Resoluci\u00f3n se aprob\u00f3 por mayor\u00eda.<\/li>\n\n\n\n<li>Concejales integrantes del Bloque Fuerza Patria elevan proyecto de Resoluci\u00f3n relacionado con la realizaci\u00f3n del denominado \u201c<em>Future Leaders Programme Argentina<\/em>\u201d.\u00a0 El proyecto de Resoluci\u00f3n se desaprob\u00f3 por mayor\u00eda.<\/li>\n<\/ul>\n\n\n\n<p class=\"wp-block-paragraph\"><strong>Expedientes elevados por el Intendente Municipal:<\/strong><\/p>\n\n\n\n<ul class=\"wp-block-list\">\n<li>intendente municipal. Eleva actuaciones iniciadas por la Secretar\u00eda de Obras y Servicios P\u00fablicos, con proyecto de Ordenanza referido a autorizar al Departamento Ejecutivo a llamar a Licitaci\u00f3n P\u00fablica para la Concesi\u00f3n de las instalaciones ubicadas en el Balneario Municipal \u201cAlmirante Brown\u201d sector Confiter\u00eda \u201cCacique Catriel\u201d para su explotaci\u00f3n; y aprobar los Pliegos de Bases y Condiciones. El expediente se gir\u00f3 a las Comisiones de Presupuesto y de Interpretaci\u00f3n.<\/li>\n\n\n\n<li>Intendente Municipal.Eleva actuaciones iniciadas por la Secretar\u00eda de Obras y Servicios P\u00fablicos, con proyecto de Ordenanza referido a autorizar al Departamento Ejecutivo a llamar a Licitaci\u00f3n P\u00fablica para la Concesi\u00f3n de las instalaciones ubicadas en el Balneario Municipal \u201cAlmirante Brown\u201d sector Playa Chica, Playa Grande y La Barranca para su explotaci\u00f3n; y aprobar los Pliegos de Bases y Condiciones. El expediente fue elevado a Presupuesto y a Interpretaci\u00f3n.<\/li>\n<\/ul>\n\n\n\n<p class=\"wp-block-paragraph\"><strong>Despacho:<\/strong><\/p>\n\n\n\n<ul class=\"wp-block-list\">\n<li>Despacho de la Comisi\u00f3n de Acci\u00f3n Social, Cultura, Educaci\u00f3n y Deportes,con proyecto de Resoluci\u00f3n referido a declarar de Inter\u00e9s Cultural y Comunitario del partido de Azul el primer \u201cConcierto de Arpas Paraguayas\u201d, que se desarrollar\u00e1 el d\u00eda 4 de septiembre en el Teatro Espa\u00f1ol. El despacho se aprob\u00f3 por unanimidad. <\/li>\n\n\n\n<li>Despachos de las Comisiones de Obras P\u00fablicas, Vialidad y Transporte, de Presupuesto y Hacienda y de Interpretaci\u00f3n, Legislaci\u00f3n y Seguridad P\u00fablica,aconsejando la aprobaci\u00f3n, con modificaciones, del proyecto de Ordenanza relacionado con la autorizaci\u00f3n para la construcci\u00f3n de una superficie comercial en concepto de ampliaci\u00f3n de obra en el inmueble sito en Arenales N\u00ba 588. Los despachos se aprobaron por unanimidad. <\/li>\n<\/ul>\n\n\n\n<ul class=\"wp-block-list\">\n<li>Resoluci\u00f3n N\u00aa 5.311\/2026,dictada por la Presidencia del Concejo Deliberante, mediante la cual se declara de Inter\u00e9s Deportivo del partido de Azul la jornada de \u201cCl\u00ednica de V\u00f3ley\u201d, a cargo del Profesor Hern\u00e1n Josu\u00e9 Ferraro, realizada los d\u00edas 29 y 30 de agosto en el Club Bancario Azule\u00f1o; para su convalidaci\u00f3n por parte de las y los concejales. La Resoluci\u00f3n se aprob\u00f3 por unanimidad. <\/li>\n<\/ul>\n\n\n\n<p class=\"wp-block-paragraph\"><strong>Notas recibidas:<\/strong><\/p>\n\n\n\n<ol class=\"wp-block-list\">\n<li>Intendente Municipal. Eleva copia de Convenio registrado bajo el N\u00b0 7948 y la Resoluci\u00f3n 2026-618-GDEBA-MIYSPGP ref. a la obra \u201cTerminaci\u00f3n Consultorios Planta Baja y Cerramiento Frente Planta Alta del Hospital Municipal \u201cDr. \u00c1ngel Pintos\u201d de Azul\u201d, para conocimiento del Cuerpo. La nota queda por Presidencia.<\/li>\n\n\n\n<li>Secretario de Desarrollo de la Comunidad \u2013 Seoane Omar.Eleva nota solicitando una reuni\u00f3n con concejales el d\u00eda mi\u00e9rcoles 19 de agosto a las 9 horas, a efectos de informar lo sucedido con la familia trasladada a la ciudad de Tandil. La nota queda por Presidencia teniendo en cuenta que ya se realiz\u00f3 la reuni\u00f3n.<\/li>\n\n\n\n<li>Presidente Bloque UCR \u2013 Puyou Agust\u00edn. Eleva nota solicitando al Presidente del Cuerpo que cite al Secretario de Desarrollo de la Comunidad de manera urgente a una reuni\u00f3n ampliada, a fin de que brinde explicaciones sobre los hechos vinculados al traslado de una familia en situaci\u00f3n de vulnerabilidad a la ciudad de Tandil e informe los motivos de la suspensi\u00f3n de la reuni\u00f3n propuesta por el funcionario. La nota se gira a Presidencia teniendo en cuenta que la reuni\u00f3n ya se realiz\u00f3.<\/li>\n\n\n\n<li>Vecina Fusaro Agustina.Eleva nota solicitando la extracci\u00f3n y el reemplazo de los naranjos ubicados en calle Yrigoyen N\u00b0 329. El expediente se gira a la Comisi\u00f3n de Obras P\u00fablicas para ser tratado en forma conjunta con el Consejo de Arbolado.<\/li>\n<\/ol>\n\n\n\n<p class=\"wp-block-paragraph\"><strong>Respuestas a expedientes<\/strong><\/p>\n\n\n\n<ul class=\"wp-block-list\">\n<li>Respuesta del Vicepresidente de Fanazul a la Resoluci\u00f3n N\u00b0 5.300,mediante la cual se le solicitaba que informe detalladamente el plan de funcionamiento previsto para la Planta FANAZUL, las razones t\u00e9cnicas y operativas que motivaron la dispensa de tareas del personal, y las acciones proyectadas para garantizar la continuidad productiva y laboral. Se dio lectura por Secretaria y qued\u00f3 por Presidencia a disposici\u00f3n de los concejales.<\/li>\n<\/ul>\n","protected":false},"excerpt":{"rendered":"<p>Se llev\u00f3 a cabo, en el recinto del Concejo Deliberante, la D\u00e9cima Tercera Sesi\u00f3n Ordinaria, ejercicio 2026. En la oportunidad, los Concejales entregaron diversas Resoluciones vinculadas con la cultura y el deporte distinguiendo: Por un lado, al artista local Miguel \u00c1ngel Bohn; posteriormente declarando de Inter\u00e9s Cultural y Comunitario el primer \u201cConcierto de Arpas Paraguayas\u201d [&hellip;]<\/p>\n","protected":false},"author":2,"featured_media":4232,"comment_status":"closed","ping_status":"closed","sticky":false,"template":"","format":"standard","meta":{"tdm_status":"","tdm_grid_status":"","footnotes":""},"categories":[7],"tags":[],"class_list":["post-4231","post","type-post","status-publish","format-standard","has-post-thumbnail","category-noticias"],"yoast_head":"<!-- This site is optimized with the Yoast SEO plugin v27.3 - https:\/\/yoast.com\/product\/yoast-seo-wordpress\/ -->\n<title>D\u00e9cima Tercera Sesi\u00f3n Ordinaria - Concejo deliberante de Azul<\/title>\n<meta name=\"robots\" content=\"index, follow, max-snippet:-1, max-image-preview:large, max-video-preview:-1\" \/>\n<link rel=\"canonical\" href=\"https:\/\/concejodeliberantedeazul.gob.ar\/index.php\/2026\/09\/01\/decima-tercera-sesion-ordinaria-5\/\" \/>\n<meta property=\"og:locale\" content=\"es_ES\" \/>\n<meta property=\"og:type\" content=\"article\" \/>\n<meta property=\"og:title\" content=\"D\u00e9cima Tercera Sesi\u00f3n Ordinaria - Concejo deliberante de Azul\" \/>\n<meta property=\"og:description\" content=\"Se llev\u00f3 a cabo, en el recinto del Concejo Deliberante, la D\u00e9cima Tercera Sesi\u00f3n Ordinaria, ejercicio 2026. En la oportunidad, los Concejales entregaron diversas Resoluciones vinculadas con la cultura y el deporte distinguiendo: Por un lado, al artista local Miguel \u00c1ngel Bohn; posteriormente declarando de Inter\u00e9s Cultural y Comunitario el primer \u201cConcierto de Arpas Paraguayas\u201d [&hellip;]\" \/>\n<meta property=\"og:url\" content=\"https:\/\/concejodeliberantedeazul.gob.ar\/index.php\/2026\/09\/01\/decima-tercera-sesion-ordinaria-5\/\" \/>\n<meta property=\"og:site_name\" content=\"Concejo deliberante de Azul\" \/>\n<meta property=\"article:published_time\" content=\"2026-09-02T02:51:56+00:00\" \/>\n<meta property=\"article:modified_time\" content=\"2026-09-02T02:52:00+00:00\" \/>\n<meta property=\"og:image\" content=\"http:\/\/concejodeliberantedeazul.gob.ar\/wp-content\/uploads\/2026\/09\/01-09-2026-Sesion-1-scaled.jpg\" \/>\n\t<meta property=\"og:image:width\" content=\"2560\" \/>\n\t<meta property=\"og:image:height\" content=\"1436\" \/>\n\t<meta property=\"og:image:type\" content=\"image\/jpeg\" \/>\n<meta name=\"author\" content=\"Concejo Deliberante Azul\" \/>\n<meta name=\"twitter:card\" content=\"summary_large_image\" \/>\n<meta name=\"twitter:label1\" content=\"Escrito por\" \/>\n\t<meta name=\"twitter:data1\" content=\"Concejo Deliberante Azul\" \/>\n\t<meta name=\"twitter:label2\" content=\"Tiempo de lectura\" \/>\n\t<meta name=\"twitter:data2\" content=\"6 minutos\" \/>\n<script type=\"application\/ld+json\" class=\"yoast-schema-graph\">{\"@context\":\"https:\\\/\\\/schema.org\",\"@graph\":[{\"@type\":\"Article\",\"@id\":\"https:\\\/\\\/concejodeliberantedeazul.gob.ar\\\/index.php\\\/2026\\\/09\\\/01\\\/decima-tercera-sesion-ordinaria-5\\\/#article\",\"isPartOf\":{\"@id\":\"https:\\\/\\\/concejodeliberantedeazul.gob.ar\\\/index.php\\\/2026\\\/09\\\/01\\\/decima-tercera-sesion-ordinaria-5\\\/\"},\"author\":{\"name\":\"Concejo Deliberante Azul\",\"@id\":\"http:\\\/\\\/concejodeliberantedeazul.gob.ar\\\/#\\\/schema\\\/person\\\/65fd6514aee7c29f008fc53b206198fe\"},\"headline\":\"D\u00e9cima Tercera Sesi\u00f3n Ordinaria\",\"datePublished\":\"2026-09-02T02:51:56+00:00\",\"dateModified\":\"2026-09-02T02:52:00+00:00\",\"mainEntityOfPage\":{\"@id\":\"https:\\\/\\\/concejodeliberantedeazul.gob.ar\\\/index.php\\\/2026\\\/09\\\/01\\\/decima-tercera-sesion-ordinaria-5\\\/\"},\"wordCount\":1207,\"image\":{\"@id\":\"https:\\\/\\\/concejodeliberantedeazul.gob.ar\\\/index.php\\\/2026\\\/09\\\/01\\\/decima-tercera-sesion-ordinaria-5\\\/#primaryimage\"},\"thumbnailUrl\":\"https:\\\/\\\/concejodeliberantedeazul.gob.ar\\\/wp-content\\\/uploads\\\/2026\\\/09\\\/01-09-2026-Sesion-1-scaled.jpg\",\"articleSection\":[\"Noticias\"],\"inLanguage\":\"es-AR\"},{\"@type\":\"WebPage\",\"@id\":\"https:\\\/\\\/concejodeliberantedeazul.gob.ar\\\/index.php\\\/2026\\\/09\\\/01\\\/decima-tercera-sesion-ordinaria-5\\\/\",\"url\":\"https:\\\/\\\/concejodeliberantedeazul.gob.ar\\\/index.php\\\/2026\\\/09\\\/01\\\/decima-tercera-sesion-ordinaria-5\\\/\",\"name\":\"D\u00e9cima Tercera Sesi\u00f3n Ordinaria - Concejo deliberante de Azul\",\"isPartOf\":{\"@id\":\"http:\\\/\\\/concejodeliberantedeazul.gob.ar\\\/#website\"},\"primaryImageOfPage\":{\"@id\":\"https:\\\/\\\/concejodeliberantedeazul.gob.ar\\\/index.php\\\/2026\\\/09\\\/01\\\/decima-tercera-sesion-ordinaria-5\\\/#primaryimage\"},\"image\":{\"@id\":\"https:\\\/\\\/concejodeliberantedeazul.gob.ar\\\/index.php\\\/2026\\\/09\\\/01\\\/decima-tercera-sesion-ordinaria-5\\\/#primaryimage\"},\"thumbnailUrl\":\"https:\\\/\\\/concejodeliberantedeazul.gob.ar\\\/wp-content\\\/uploads\\\/2026\\\/09\\\/01-09-2026-Sesion-1-scaled.jpg\",\"datePublished\":\"2026-09-02T02:51:56+00:00\",\"dateModified\":\"2026-09-02T02:52:00+00:00\",\"author\":{\"@id\":\"http:\\\/\\\/concejodeliberantedeazul.gob.ar\\\/#\\\/schema\\\/person\\\/65fd6514aee7c29f008fc53b206198fe\"},\"breadcrumb\":{\"@id\":\"https:\\\/\\\/concejodeliberantedeazul.gob.ar\\\/index.php\\\/2026\\\/09\\\/01\\\/decima-tercera-sesion-ordinaria-5\\\/#breadcrumb\"},\"inLanguage\":\"es-AR\",\"potentialAction\":[{\"@type\":\"ReadAction\",\"target\":[\"https:\\\/\\\/concejodeliberantedeazul.gob.ar\\\/index.php\\\/2026\\\/09\\\/01\\\/decima-tercera-sesion-ordinaria-5\\\/\"]}]},{\"@type\":\"ImageObject\",\"inLanguage\":\"es-AR\",\"@id\":\"https:\\\/\\\/concejodeliberantedeazul.gob.ar\\\/index.php\\\/2026\\\/09\\\/01\\\/decima-tercera-sesion-ordinaria-5\\\/#primaryimage\",\"url\":\"https:\\\/\\\/concejodeliberantedeazul.gob.ar\\\/wp-content\\\/uploads\\\/2026\\\/09\\\/01-09-2026-Sesion-1-scaled.jpg\",\"contentUrl\":\"https:\\\/\\\/concejodeliberantedeazul.gob.ar\\\/wp-content\\\/uploads\\\/2026\\\/09\\\/01-09-2026-Sesion-1-scaled.jpg\",\"width\":2560,\"height\":1436},{\"@type\":\"BreadcrumbList\",\"@id\":\"https:\\\/\\\/concejodeliberantedeazul.gob.ar\\\/index.php\\\/2026\\\/09\\\/01\\\/decima-tercera-sesion-ordinaria-5\\\/#breadcrumb\",\"itemListElement\":[{\"@type\":\"ListItem\",\"position\":1,\"name\":\"Inicio\",\"item\":\"https:\\\/\\\/concejodeliberantedeazul.gob.ar\\\/\"},{\"@type\":\"ListItem\",\"position\":2,\"name\":\"D\u00e9cima Tercera Sesi\u00f3n Ordinaria\"}]},{\"@type\":\"WebSite\",\"@id\":\"http:\\\/\\\/concejodeliberantedeazul.gob.ar\\\/#website\",\"url\":\"http:\\\/\\\/concejodeliberantedeazul.gob.ar\\\/\",\"name\":\"Concejo deliberante de Azul\",\"description\":\"Sitio Web Oficial del Concejo Deliberante de Azul, Prov. de Buenos Aires - Conformado por 18 concejales de todo el partido.\",\"potentialAction\":[{\"@type\":\"SearchAction\",\"target\":{\"@type\":\"EntryPoint\",\"urlTemplate\":\"http:\\\/\\\/concejodeliberantedeazul.gob.ar\\\/?s={search_term_string}\"},\"query-input\":{\"@type\":\"PropertyValueSpecification\",\"valueRequired\":true,\"valueName\":\"search_term_string\"}}],\"inLanguage\":\"es-AR\"},{\"@type\":\"Person\",\"@id\":\"http:\\\/\\\/concejodeliberantedeazul.gob.ar\\\/#\\\/schema\\\/person\\\/65fd6514aee7c29f008fc53b206198fe\",\"name\":\"Concejo Deliberante Azul\",\"image\":{\"@type\":\"ImageObject\",\"inLanguage\":\"es-AR\",\"@id\":\"https:\\\/\\\/secure.gravatar.com\\\/avatar\\\/30d9ae907861b897be87a25469982f0cfbce09947e0998bf7d9d0ecab450fb85?s=96&d=mm&r=g\",\"url\":\"https:\\\/\\\/secure.gravatar.com\\\/avatar\\\/30d9ae907861b897be87a25469982f0cfbce09947e0998bf7d9d0ecab450fb85?s=96&d=mm&r=g\",\"contentUrl\":\"https:\\\/\\\/secure.gravatar.com\\\/avatar\\\/30d9ae907861b897be87a25469982f0cfbce09947e0998bf7d9d0ecab450fb85?s=96&d=mm&r=g\",\"caption\":\"Concejo Deliberante Azul\"},\"url\":\"https:\\\/\\\/concejodeliberantedeazul.gob.ar\\\/index.php\\\/author\\\/concejo\\\/\"}]}<\/script>\n<!-- \/ Yoast SEO plugin. -->","yoast_head_json":{"title":"D\u00e9cima Tercera Sesi\u00f3n Ordinaria - Concejo deliberante de Azul","robots":{"index":"index","follow":"follow","max-snippet":"max-snippet:-1","max-image-preview":"max-image-preview:large","max-video-preview":"max-video-preview:-1"},"canonical":"https:\/\/concejodeliberantedeazul.gob.ar\/index.php\/2026\/09\/01\/decima-tercera-sesion-ordinaria-5\/","og_locale":"es_ES","og_type":"article","og_title":"D\u00e9cima Tercera Sesi\u00f3n Ordinaria - Concejo deliberante de Azul","og_description":"Se llev\u00f3 a cabo, en el recinto del Concejo Deliberante, la D\u00e9cima Tercera Sesi\u00f3n Ordinaria, ejercicio 2026. En la oportunidad, los Concejales entregaron diversas Resoluciones vinculadas con la cultura y el deporte distinguiendo: Por un lado, al artista local Miguel \u00c1ngel Bohn; posteriormente declarando de Inter\u00e9s Cultural y Comunitario el primer \u201cConcierto de Arpas Paraguayas\u201d [&hellip;]","og_url":"https:\/\/concejodeliberantedeazul.gob.ar\/index.php\/2026\/09\/01\/decima-tercera-sesion-ordinaria-5\/","og_site_name":"Concejo deliberante de Azul","article_published_time":"2026-09-02T02:51:56+00:00","article_modified_time":"2026-09-02T02:52:00+00:00","og_image":[{"width":2560,"height":1436,"url":"http:\/\/concejodeliberantedeazul.gob.ar\/wp-content\/uploads\/2026\/09\/01-09-2026-Sesion-1-scaled.jpg","type":"image\/jpeg"}],"author":"Concejo Deliberante Azul","twitter_card":"summary_large_image","twitter_misc":{"Escrito por":"Concejo Deliberante Azul","Tiempo de lectura":"6 minutos"},"schema":{"@context":"https:\/\/schema.org","@graph":[{"@type":"Article","@id":"https:\/\/concejodeliberantedeazul.gob.ar\/index.php\/2026\/09\/01\/decima-tercera-sesion-ordinaria-5\/#article","isPartOf":{"@id":"https:\/\/concejodeliberantedeazul.gob.ar\/index.php\/2026\/09\/01\/decima-tercera-sesion-ordinaria-5\/"},"author":{"name":"Concejo Deliberante Azul","@id":"http:\/\/concejodeliberantedeazul.gob.ar\/#\/schema\/person\/65fd6514aee7c29f008fc53b206198fe"},"headline":"D\u00e9cima Tercera Sesi\u00f3n Ordinaria","datePublished":"2026-09-02T02:51:56+00:00","dateModified":"2026-09-02T02:52:00+00:00","mainEntityOfPage":{"@id":"https:\/\/concejodeliberantedeazul.gob.ar\/index.php\/2026\/09\/01\/decima-tercera-sesion-ordinaria-5\/"},"wordCount":1207,"image":{"@id":"https:\/\/concejodeliberantedeazul.gob.ar\/index.php\/2026\/09\/01\/decima-tercera-sesion-ordinaria-5\/#primaryimage"},"thumbnailUrl":"https:\/\/concejodeliberantedeazul.gob.ar\/wp-content\/uploads\/2026\/09\/01-09-2026-Sesion-1-scaled.jpg","articleSection":["Noticias"],"inLanguage":"es-AR"},{"@type":"WebPage","@id":"https:\/\/concejodeliberantedeazul.gob.ar\/index.php\/2026\/09\/01\/decima-tercera-sesion-ordinaria-5\/","url":"https:\/\/concejodeliberantedeazul.gob.ar\/index.php\/2026\/09\/01\/decima-tercera-sesion-ordinaria-5\/","name":"D\u00e9cima Tercera Sesi\u00f3n Ordinaria - Concejo deliberante de Azul","isPartOf":{"@id":"http:\/\/concejodeliberantedeazul.gob.ar\/#website"},"primaryImageOfPage":{"@id":"https:\/\/concejodeliberantedeazul.gob.ar\/index.php\/2026\/09\/01\/decima-tercera-sesion-ordinaria-5\/#primaryimage"},"image":{"@id":"https:\/\/concejodeliberantedeazul.gob.ar\/index.php\/2026\/09\/01\/decima-tercera-sesion-ordinaria-5\/#primaryimage"},"thumbnailUrl":"https:\/\/concejodeliberantedeazul.gob.ar\/wp-content\/uploads\/2026\/09\/01-09-2026-Sesion-1-scaled.jpg","datePublished":"2026-09-02T02:51:56+00:00","dateModified":"2026-09-02T02:52:00+00:00","author":{"@id":"http:\/\/concejodeliberantedeazul.gob.ar\/#\/schema\/person\/65fd6514aee7c29f008fc53b206198fe"},"breadcrumb":{"@id":"https:\/\/concejodeliberantedeazul.gob.ar\/index.php\/2026\/09\/01\/decima-tercera-sesion-ordinaria-5\/#breadcrumb"},"inLanguage":"es-AR","potentialAction":[{"@type":"ReadAction","target":["https:\/\/concejodeliberantedeazul.gob.ar\/index.php\/2026\/09\/01\/decima-tercera-sesion-ordinaria-5\/"]}]},{"@type":"ImageObject","inLanguage":"es-AR","@id":"https:\/\/concejodeliberantedeazul.gob.ar\/index.php\/2026\/09\/01\/decima-tercera-sesion-ordinaria-5\/#primaryimage","url":"https:\/\/concejodeliberantedeazul.gob.ar\/wp-content\/uploads\/2026\/09\/01-09-2026-Sesion-1-scaled.jpg","contentUrl":"https:\/\/concejodeliberantedeazul.gob.ar\/wp-content\/uploads\/2026\/09\/01-09-2026-Sesion-1-scaled.jpg","width":2560,"height":1436},{"@type":"BreadcrumbList","@id":"https:\/\/concejodeliberantedeazul.gob.ar\/index.php\/2026\/09\/01\/decima-tercera-sesion-ordinaria-5\/#breadcrumb","itemListElement":[{"@type":"ListItem","position":1,"name":"Inicio","item":"https:\/\/concejodeliberantedeazul.gob.ar\/"},{"@type":"ListItem","position":2,"name":"D\u00e9cima Tercera Sesi\u00f3n Ordinaria"}]},{"@type":"WebSite","@id":"http:\/\/concejodeliberantedeazul.gob.ar\/#website","url":"http:\/\/concejodeliberantedeazul.gob.ar\/","name":"Concejo deliberante de Azul","description":"Sitio Web Oficial del Concejo Deliberante de Azul, Prov. de Buenos Aires - Conformado por 18 concejales de todo el partido.","potentialAction":[{"@type":"SearchAction","target":{"@type":"EntryPoint","urlTemplate":"http:\/\/concejodeliberantedeazul.gob.ar\/?s={search_term_string}"},"query-input":{"@type":"PropertyValueSpecification","valueRequired":true,"valueName":"search_term_string"}}],"inLanguage":"es-AR"},{"@type":"Person","@id":"http:\/\/concejodeliberantedeazul.gob.ar\/#\/schema\/person\/65fd6514aee7c29f008fc53b206198fe","name":"Concejo Deliberante Azul","image":{"@type":"ImageObject","inLanguage":"es-AR","@id":"https:\/\/secure.gravatar.com\/avatar\/30d9ae907861b897be87a25469982f0cfbce09947e0998bf7d9d0ecab450fb85?s=96&d=mm&r=g","url":"https:\/\/secure.gravatar.com\/avatar\/30d9ae907861b897be87a25469982f0cfbce09947e0998bf7d9d0ecab450fb85?s=96&d=mm&r=g","contentUrl":"https:\/\/secure.gravatar.com\/avatar\/30d9ae907861b897be87a25469982f0cfbce09947e0998bf7d9d0ecab450fb85?s=96&d=mm&r=g","caption":"Concejo Deliberante Azul"},"url":"https:\/\/concejodeliberantedeazul.gob.ar\/index.php\/author\/concejo\/"}]}},"amp_enabled":true,"_links":{"self":[{"href":"https:\/\/concejodeliberantedeazul.gob.ar\/index.php\/wp-json\/wp\/v2\/posts\/4231","targetHints":{"allow":["GET"]}}],"collection":[{"href":"https:\/\/concejodeliberantedeazul.gob.ar\/index.php\/wp-json\/wp\/v2\/posts"}],"about":[{"href":"https:\/\/concejodeliberantedeazul.gob.ar\/index.php\/wp-json\/wp\/v2\/types\/post"}],"author":[{"embeddable":true,"href":"https:\/\/concejodeliberantedeazul.gob.ar\/index.php\/wp-json\/wp\/v2\/users\/2"}],"replies":[{"embeddable":true,"href":"https:\/\/concejodeliberantedeazul.gob.ar\/index.php\/wp-json\/wp\/v2\/comments?post=4231"}],"version-history":[{"count":1,"href":"https:\/\/concejodeliberantedeazul.gob.ar\/index.php\/wp-json\/wp\/v2\/posts\/4231\/revisions"}],"predecessor-version":[{"id":4233,"href":"https:\/\/concejodeliberantedeazul.gob.ar\/index.php\/wp-json\/wp\/v2\/posts\/4231\/revisions\/4233"}],"wp:featuredmedia":[{"embeddable":true,"href":"https:\/\/concejodeliberantedeazul.gob.ar\/index.php\/wp-json\/wp\/v2\/media\/4232"}],"wp:attachment":[{"href":"https:\/\/concejodeliberantedeazul.gob.ar\/index.php\/wp-json\/wp\/v2\/media?parent=4231"}],"wp:term":[{"taxonomy":"category","embeddable":true,"href":"https:\/\/concejodeliberantedeazul.gob.ar\/index.php\/wp-json\/wp\/v2\/categories?post=4231"},{"taxonomy":"post_tag","embeddable":true,"href":"https:\/\/concejodeliberantedeazul.gob.ar\/index.php\/wp-json\/wp\/v2\/tags?post=4231"}],"curies":[{"name":"wp","href":"https:\/\/api.w.org\/{rel}","templated":true}]}}