{"id":3993,"date":"2026-04-30T12:18:38","date_gmt":"2026-04-30T15:18:38","guid":{"rendered":"https:\/\/concejodeliberantedeazul.gob.ar\/?p=3993"},"modified":"2026-04-30T12:18:40","modified_gmt":"2026-04-30T15:18:40","slug":"quinta-sesion-ordinaria-el-concejo-deliberante-sesionara-en-chillar","status":"publish","type":"post","link":"https:\/\/concejodeliberantedeazul.gob.ar\/index.php\/2026\/04\/30\/quinta-sesion-ordinaria-el-concejo-deliberante-sesionara-en-chillar\/","title":{"rendered":"Quinta Sesi\u00f3n Ordinaria: El Concejo Deliberante sesionar\u00e1 en Chillar"},"content":{"rendered":"\n<p>En el marco de un nuevo aniversario de la localidad, el Concejo Deliberante realizar\u00e1 la Quinta Sesi\u00f3n Ordinaria en Chillar en la sede del Centro de Jubilados.<\/p>\n\n\n\n<p>La misma ser\u00e1 el martes 5 de mayo a partir de las 14.30 horas y tendr\u00e1 por objetivo el tratamiento de un Orden del D\u00eda compuesto por m\u00e1s de 40 puntos entre los que se destacan: proyectos de los diferentes bloques, despachos de las Comisiones Permanentes, expedientes elevados por el Departamento Ejecutivo y notas recibidas de vecinos e instituciones.<\/p>\n\n\n\n<p>La Sesi\u00f3n ser\u00e1 transmitida por el canal de YouTube y redes sociales del Concejo Deliberante de Azul.<\/p>\n\n\n\n<p><\/p>\n\n\n\n<p><strong>Orden del d\u00eda<\/strong><strong><u><\/u><\/strong><\/p>\n\n\n\n<ol class=\"wp-block-list\">\n<li>Aprobaci\u00f3n de las actas correspondientes a la Tercera y Cuarta Sesiones Ordinarias celebradas el pasado 07 y 21 de abril de 2026.<\/li>\n<\/ol>\n\n\n\n<ul class=\"wp-block-list\">\n<li>Lectura de Notas Recibidas.<\/li>\n<\/ul>\n\n\n\n<p><strong>Expedientes elevados por el Intendente Municipal:<\/strong><\/p>\n\n\n\n<ul class=\"wp-block-list\">\n<li>Eleva actuaciones iniciadas por el Centro de Formaci\u00f3n Laboral N\u00ba 402 de Azul, con proyecto de Ordenanza referido a autorizar al Departamento Ejecutivo a suscribir con el mencionado centro el contrato de pr\u00e9stamo de uso compartido de la sala de inform\u00e1tica \u201cPunto Digital\u201d ubicada en el SUMAC, para el dictado del curso \u201cOperador de inform\u00e1tica para la Administraci\u00f3n y Gesti\u00f3n\u201d.<\/li>\n\n\n\n<li>Eleva actuaciones iniciadas por la Direcci\u00f3n del Cementerio, con proyecto de Ordenanza relacionado al ordenamiento interno de la necr\u00f3polis local desde el punto de vista administrativo y territorial, mediante la imposici\u00f3n de nombres para los caminos y de nomenclaturas y n\u00fameros de parcelas para las secciones.<\/li>\n\n\n\n<li>Eleva actuaciones iniciadas por OCA, con proyecto de Ordenanza referido a autorizar al Departamento Ejecutivo a registrar como deuda parcial y pagar como gasto de ejercicio anterior \u2013 ejercicio 2024, en favor del proveedor \u201cOca Log S.A.\u201d, por la realizaci\u00f3n de servicios postales.<\/li>\n\n\n\n<li>Eleva actuaciones iniciadas por la Subdirecci\u00f3n Gesti\u00f3n de Patrimonio, con proyecto de Ordenanza referido a autorizar al Departamento Ejecutivo a dar de baja definitiva bienes robados pertenecientes al Programa \u201cEnvi\u00f3n\u201d.<\/li>\n\n\n\n<li>Eleva actuaciones iniciadas por la Subdirecci\u00f3n Gesti\u00f3n de Patrimonio, con proyecto de Ordenanza referido a autorizar al Departamento Ejecutivo a dar de baja definitiva bienes obsoletos pertenecientes a la Direcci\u00f3n de Servicio Local.<\/li>\n\n\n\n<li>Eleva actuaciones iniciadas por la Subdirecci\u00f3n Gesti\u00f3n de Patrimonio, con proyecto de Ordenanza referido a aceptar la donaci\u00f3n de elementos destinados a la Unidad Sanitaria N\u00b0 6.<\/li>\n\n\n\n<li>Eleva actuaciones iniciadas por la Subdirecci\u00f3n Gesti\u00f3n de Patrimonio, con proyecto de Ordenanza referido a aceptar la donaci\u00f3n de dos obras de arte realizadas por el artista Miguel Repiso \u201cREP\u201d, destinadas a la Direcci\u00f3n de Turismo.<\/li>\n\n\n\n<li>Eleva actuaciones iniciadas por la Subdirecci\u00f3n Gesti\u00f3n de Patrimonio, con proyecto de Ordenanza referido a aceptar la donaci\u00f3n de elementos destinados al Hogar \u201cSan Francisco de As\u00eds\u201d.<\/li>\n<\/ul>\n\n\n\n<p><strong>Despachos de las Comisiones Permanentes<\/strong>:<\/p>\n\n\n\n<ol class=\"wp-block-list\">\n<li>Despacho de la Comisi\u00f3n de Interpretaci\u00f3n, Legislaci\u00f3n y Seguridad P\u00fablica, aconsejando la aprobaci\u00f3n del proyecto de Ordenanza relacionado con la Ordenanza N\u00ba 5.122\/2025 que autoriza la permuta de inmuebles con los Sres. Layana Claudio Andr\u00e9s e Iribarne Mart\u00edn.<\/li>\n\n\n\n<li>Despacho de la Comisi\u00f3n de Interpretaci\u00f3n, Legislaci\u00f3n y Seguridad P\u00fablica, aconsejando la aprobaci\u00f3n, con modificaciones, del proyecto de Ordenanza relacionado con la suscripci\u00f3n del contrato de comodato del inmueble sito en Av. Mitre N\u00ba 235, donde funciona la Delegaci\u00f3n Departamental de Investigaciones del Tr\u00e1fico de Drogas Il\u00edcitas.\u00a0\u00a0<\/li>\n\n\n\n<li>Despacho de la Comisi\u00f3n de Acci\u00f3n Social, Cultura, Educaci\u00f3n y Deportes, con proyecto de Resoluci\u00f3n referido a declarar de Inter\u00e9s Comunitario, Educativo, Cultural y Sanitario la campa\u00f1a de salud mental \u201cHablar Sana\u201d, por su valioso aporte a la contenci\u00f3n, la prevenci\u00f3n y la promoci\u00f3n de la salud mental de adolescentes y j\u00f3venes de nuestra comunidad.<\/li>\n\n\n\n<li>Despacho de la Comisi\u00f3n de Interpretaci\u00f3n, Legislaci\u00f3n y Seguridad P\u00fablica, aconsejando el archivo de las presentes actuaciones. (vecino Cabrera Alfredo. Eleva reclamo relacionado con la tasa por Servicios Urbanos).<\/li>\n\n\n\n<li>Despacho de la Comisi\u00f3n de Presupuesto y Hacienda, aconsejando el archivo de las presentes actuaciones. (RESPUESTA DEL DEPARTAMENTO EJECUTIVO A LA COMUNICACI\u00d3N N\u00ba 2.827\/2025, referida a solicitar al se\u00f1or Intendente Municipal que eval\u00fae la factibilidad t\u00e9cnica, legal y econ\u00f3mica de convenir con el Laboratorio de Especialidades Medicinales de Rosario \u2013 Sociedad del Estado \u2013 la provisi\u00f3n de medicamentos de su propia producci\u00f3n; y que informe a este Cuerpo, en su caso, las causales que impidan su concreci\u00f3n).<\/li>\n<\/ol>\n\n\n\n<p><strong>Proyectos de los diferentes bloques<\/strong>:<\/p>\n\n\n\n<ol class=\"wp-block-list\">\n<li>Concejales del partido de Azul elevan proyecto de Comunicaci\u00f3n referido a solicitar al Intendente Municipal que informe sobre los beneficios que reciben los ex Soldados Veteranos Continentales de la Guerra de Malvinas; y eleve a este Cuerpo un proyecto que establezca los beneficios y asistencias que correspondan.<\/li>\n\n\n\n<li>Bloque Gen Azul eleva proyecto de Comunicaci\u00f3n referido a solicitar al Intendente Municipal que realice las gestiones pertinentes ante la empresa Camuzzi Gas Pampeana S.A. a efectos de evitar el cierre de atenci\u00f3n al p\u00fablico de sus oficinas comerciales en las localidades de Chillar y Cachar\u00ed.<\/li>\n\n\n\n<li>Bloque Pro Azul eleva proyecto de Comunicaci\u00f3n referido a solicitar al Intendente Municipal que informe la log\u00edstica y planificaci\u00f3n vinculada a la entrega de le\u00f1a prevista para el partido de Azul, en cumplimiento de la Ordenanza N\u00ba 4.918\/2024 relacionada al Banco Municipal de Le\u00f1a.<\/li>\n\n\n\n<li>Bloque Somos Buenos Aires eleva proyecto de Comunicaci\u00f3n referido a solicitar al Departamento Ejecutivo que informe distintas cuestiones vinculadas a las c\u00e1maras de seguridad instaladas en las localidades de Chillar y Cachar\u00ed; y recomendar la adopci\u00f3n de medidas para promover el Programa de Ampliaci\u00f3n del Sistema Municipal de Videovigilancia, establecido mediante Ordenanza N\u00ba 5.113\/2025.<\/li>\n\n\n\n<li>Concejales del partido de Azul elevan proyecto de Ordenanza referido a crear el Programa de Pasant\u00edas para Acompa\u00f1antes Terap\u00e9uticos, destinado a graduadas\/os de la Tecnicatura Superior en Acompa\u00f1amiento Terap\u00e9utico del Instituto Superior de Formaci\u00f3n Docente y T\u00e9cnica N\u00ba 2, a desarrollarse en el \u00e1mbito del sistema p\u00fablico de salud.<\/li>\n\n\n\n<li>Concejales del partido de Azul elevan proyecto de Resoluci\u00f3n relacionado con la suspensi\u00f3n del Programa \u201cMESA \u2013 M\u00f3dulo Extraordinario para la Seguridad Alimentaria Bonaerense\u201d.<\/li>\n\n\n\n<li>Concejales Integrantes del Bloque La Libertad Avanza elevan proyecto de Ordenanza referido a declarar a la localidad de Chillar como \u201cCapital de la Trufa\u201d, en reconocimiento a su desarrollo y potencial en la producci\u00f3n trufera; as\u00ed como crear la \u201cMesa de Trabajo de Identidad Trufera Chillar\u201d, con el objeto de promover el conocimiento, la valorizaci\u00f3n y la construcci\u00f3n de identidad local en torno a la producci\u00f3n de trufas.<\/li>\n\n\n\n<li>Concejales del partido de Azul elevan proyecto de Resoluci\u00f3n referido a declarar de Inter\u00e9s Comunitario, Tur\u00edstico y Cultural la quinta edici\u00f3n del Festival \u201cSan Horacio\u201d, a realizarse los d\u00edas 15 y 16 de mayo en nuestra ciudad.<\/li>\n\n\n\n<li>Concejales Integrantes del Bloque Fuerza Patria elevan proyecto de Resoluci\u00f3n referido a manifestar el repudio y rechazo al proyecto de \u201cLey de Inviolabilidad de la Propiedad Privada\u201d, que se encuentra en tratamiento en el Congreso de la Naci\u00f3n.<\/li>\n\n\n\n<li>Concejales del partido de Azul elevan proyecto de Resoluci\u00f3n referido a declarar de Inter\u00e9s Legislativo, Educativo, Social y Cultural a la Marcha Federal Universitaria convocada para el d\u00eda 12 de mayo; en defensa de la Universidad P\u00fablica y por el efectivo cumplimiento de la Ley de Financiamiento Universitario.<\/li>\n\n\n\n<li>Bloque Fuerza Patria eleva proyecto de Ordenanza referido a declarar la Emergencia Sanitaria en el partido de Azul por el t\u00e9rmino de 180 d\u00edas.<\/li>\n\n\n\n<li>Concejales del partido de Azul elevan proyecto de Ordenanza referido a crear el \u201cPaseo Hist\u00f3rico Deliberativo\u201d.<\/li>\n\n\n\n<li>Bloque Uni\u00f3n C\u00edvica Radical eleva proyecto de Resoluci\u00f3n referido a instar al Departamento Ejecutivo a concretar las obras de infraestructura destinadas a la creaci\u00f3n de una Residencia de Larga Estad\u00eda para adultos mayores en la localidad de Chillar.<\/li>\n\n\n\n<li>Concejales Integrantes del Bloque La Libertad Avanza elevan proyecto de Comunicaci\u00f3n referido a solicitar al Intendente Municipal que efect\u00fae las gestiones pertinentes para llevar a cabo el desmalezamiento, saneamiento y desratizaci\u00f3n del zanj\u00f3n ubicado en la calle Catamarca y Laprida, hasta la desembocadura del arroyo Azul.<\/li>\n<\/ol>\n\n\n\n<p>Notas recibidas:<\/p>\n\n\n\n<ol class=\"wp-block-list\">\n<li>CEAL.Eleva informe de inspecci\u00f3n emitido por la Autoridad del Agua (ADA), en donde se concluye que los valores del ars\u00e9nico se encuentran por debajo de los l\u00edmites admitidos por la Ley N\u00b0 11.820.<\/li>\n\n\n\n<li>Presidente de la CEAL eleva informe final emitido por el INAES con relaci\u00f3n a la veedur\u00eda que se realiz\u00f3 por la situaci\u00f3n institucional, contable, econ\u00f3mica y operativa de la entidad.<\/li>\n\n\n\n<li>Presidente Asociaci\u00f3n De Jubilados De Azul.Eleva nota solicitando la condonaci\u00f3n de la deuda que mantiene con el Municipio, en concepto de tasa urbana, por el inmueble sito en av. Catriel N\u00b0 609.<\/li>\n\n\n\n<li>Presidente Comisi\u00f3n Corredor Verde de Azul eleva nota solicitando una reuni\u00f3n con concejales, a fin de poner al tanto a los nuevos ediles del proyecto del corredor y al resto del Cuerpo de los avances del mismo.<\/li>\n\n\n\n<li>Vecinos de los barrios Pinasco y Los \u00c1lamos elevan nota relacionada con el rechazo de los vecinos ante la planificaci\u00f3n, por parte de la Secretar\u00eda de Obras P\u00fablicas, de un proyecto de construcci\u00f3n de una plaza en uno de los espacios verdes del \u00e1rea y acompa\u00f1an reclamos que consideran prioritarios.<\/li>\n\n\n\n<li>Secretario de obras y servicios p\u00fablicos eleva nota convocando a los integrantes de las Comisiones de Obras P\u00fablicas y de Interpretaci\u00f3n a fin de llevar a cabo la primera reuni\u00f3n del Consejo Evaluador Urbano, en el marco de la Ordenanza N\u00b0 5.210, a realizarse el d\u00eda jueves 7 de mayo a las 11hs en las oficinas de la mencionada secretar\u00eda.<\/li>\n\n\n\n<li>Uni\u00f3n de padres de pacientes oncol\u00f3gicos elevan nota relacionada a la falta de finalizaci\u00f3n del monumento en homenaje a los ni\u00f1os, ni\u00f1as y adolescentes con c\u00e1ncer del partido de Azul, y solicitan reuni\u00f3n con el Cuerpo.<\/li>\n<\/ol>\n\n\n\n<p><strong>Disposiciones de otros concejos<\/strong><\/p>\n\n\n\n<ul class=\"wp-block-list\">\n<li>RESOLUCI\u00d3N N\u00ba 3.820\/2026. H.C.D. CORONEL PRINGLES.Mediante la cual se\u00a0solicita a Vialidad Nacional, la pronta licitaci\u00f3n de la realizaci\u00f3n de la autov\u00eda de la Ruta Nacional N\u00b0 3 en el tramo comprendido entre San Miguel de Monte y Azul, y la realizaci\u00f3n de trabajos de bacheo y reparaci\u00f3n de la referida traza en el tramo comprendido entre Las Flores y Bah\u00eda Blanca.<\/li>\n<\/ul>\n\n\n\n<p><\/p>\n","protected":false},"excerpt":{"rendered":"<p>En el marco de un nuevo aniversario de la localidad, el Concejo Deliberante realizar\u00e1 la Quinta Sesi\u00f3n Ordinaria en Chillar en la sede del Centro de Jubilados. La misma ser\u00e1 el martes 5 de mayo a partir de las 14.30 horas y tendr\u00e1 por objetivo el tratamiento de un Orden del D\u00eda compuesto por m\u00e1s [&hellip;]<\/p>\n","protected":false},"author":2,"featured_media":3941,"comment_status":"closed","ping_status":"closed","sticky":false,"template":"","format":"standard","meta":{"tdm_status":"","tdm_grid_status":"","footnotes":""},"categories":[7],"tags":[],"class_list":{"0":"post-3993","1":"post","2":"type-post","3":"status-publish","4":"format-standard","5":"has-post-thumbnail","7":"category-noticias"},"yoast_head":"<!-- This site is optimized with the Yoast SEO plugin v27.3 - https:\/\/yoast.com\/product\/yoast-seo-wordpress\/ -->\n<title>Quinta Sesi\u00f3n Ordinaria: El Concejo Deliberante sesionar\u00e1 en Chillar - Concejo deliberante de Azul<\/title>\n<meta name=\"robots\" content=\"index, follow, max-snippet:-1, max-image-preview:large, max-video-preview:-1\" \/>\n<link rel=\"canonical\" href=\"https:\/\/concejodeliberantedeazul.gob.ar\/index.php\/2026\/04\/30\/quinta-sesion-ordinaria-el-concejo-deliberante-sesionara-en-chillar\/\" \/>\n<meta property=\"og:locale\" content=\"es_ES\" \/>\n<meta property=\"og:type\" content=\"article\" \/>\n<meta property=\"og:title\" content=\"Quinta Sesi\u00f3n Ordinaria: El Concejo Deliberante sesionar\u00e1 en Chillar - Concejo deliberante de Azul\" \/>\n<meta property=\"og:description\" content=\"En el marco de un nuevo aniversario de la localidad, el Concejo Deliberante realizar\u00e1 la Quinta Sesi\u00f3n Ordinaria en Chillar en la sede del Centro de Jubilados. La misma ser\u00e1 el martes 5 de mayo a partir de las 14.30 horas y tendr\u00e1 por objetivo el tratamiento de un Orden del D\u00eda compuesto por m\u00e1s [&hellip;]\" \/>\n<meta property=\"og:url\" content=\"https:\/\/concejodeliberantedeazul.gob.ar\/index.php\/2026\/04\/30\/quinta-sesion-ordinaria-el-concejo-deliberante-sesionara-en-chillar\/\" \/>\n<meta property=\"og:site_name\" content=\"Concejo deliberante de Azul\" \/>\n<meta property=\"article:published_time\" content=\"2026-04-30T15:18:38+00:00\" \/>\n<meta property=\"article:modified_time\" content=\"2026-04-30T15:18:40+00:00\" \/>\n<meta property=\"og:image\" content=\"http:\/\/concejodeliberantedeazul.gob.ar\/wp-content\/uploads\/2026\/04\/Sesion-001-07-04-26-Foto-Hector-Garcia.jpg\" \/>\n\t<meta property=\"og:image:width\" content=\"1913\" \/>\n\t<meta property=\"og:image:height\" content=\"1276\" \/>\n\t<meta property=\"og:image:type\" content=\"image\/jpeg\" \/>\n<meta name=\"author\" content=\"Concejo Deliberante Azul\" \/>\n<meta name=\"twitter:card\" content=\"summary_large_image\" \/>\n<meta name=\"twitter:label1\" content=\"Escrito por\" \/>\n\t<meta name=\"twitter:data1\" content=\"Concejo Deliberante Azul\" \/>\n\t<meta name=\"twitter:label2\" content=\"Tiempo de lectura\" \/>\n\t<meta name=\"twitter:data2\" content=\"8 minutos\" \/>\n<script type=\"application\/ld+json\" class=\"yoast-schema-graph\">{\"@context\":\"https:\\\/\\\/schema.org\",\"@graph\":[{\"@type\":\"Article\",\"@id\":\"https:\\\/\\\/concejodeliberantedeazul.gob.ar\\\/index.php\\\/2026\\\/04\\\/30\\\/quinta-sesion-ordinaria-el-concejo-deliberante-sesionara-en-chillar\\\/#article\",\"isPartOf\":{\"@id\":\"https:\\\/\\\/concejodeliberantedeazul.gob.ar\\\/index.php\\\/2026\\\/04\\\/30\\\/quinta-sesion-ordinaria-el-concejo-deliberante-sesionara-en-chillar\\\/\"},\"author\":{\"name\":\"Concejo Deliberante Azul\",\"@id\":\"http:\\\/\\\/concejodeliberantedeazul.gob.ar\\\/#\\\/schema\\\/person\\\/65fd6514aee7c29f008fc53b206198fe\"},\"headline\":\"Quinta Sesi\u00f3n Ordinaria: El Concejo Deliberante sesionar\u00e1 en Chillar\",\"datePublished\":\"2026-04-30T15:18:38+00:00\",\"dateModified\":\"2026-04-30T15:18:40+00:00\",\"mainEntityOfPage\":{\"@id\":\"https:\\\/\\\/concejodeliberantedeazul.gob.ar\\\/index.php\\\/2026\\\/04\\\/30\\\/quinta-sesion-ordinaria-el-concejo-deliberante-sesionara-en-chillar\\\/\"},\"wordCount\":1770,\"image\":{\"@id\":\"https:\\\/\\\/concejodeliberantedeazul.gob.ar\\\/index.php\\\/2026\\\/04\\\/30\\\/quinta-sesion-ordinaria-el-concejo-deliberante-sesionara-en-chillar\\\/#primaryimage\"},\"thumbnailUrl\":\"https:\\\/\\\/concejodeliberantedeazul.gob.ar\\\/wp-content\\\/uploads\\\/2026\\\/04\\\/Sesion-001-07-04-26-Foto-Hector-Garcia.jpg\",\"articleSection\":[\"Noticias\"],\"inLanguage\":\"es-AR\"},{\"@type\":\"WebPage\",\"@id\":\"https:\\\/\\\/concejodeliberantedeazul.gob.ar\\\/index.php\\\/2026\\\/04\\\/30\\\/quinta-sesion-ordinaria-el-concejo-deliberante-sesionara-en-chillar\\\/\",\"url\":\"https:\\\/\\\/concejodeliberantedeazul.gob.ar\\\/index.php\\\/2026\\\/04\\\/30\\\/quinta-sesion-ordinaria-el-concejo-deliberante-sesionara-en-chillar\\\/\",\"name\":\"Quinta Sesi\u00f3n Ordinaria: El Concejo Deliberante sesionar\u00e1 en Chillar - Concejo deliberante de Azul\",\"isPartOf\":{\"@id\":\"http:\\\/\\\/concejodeliberantedeazul.gob.ar\\\/#website\"},\"primaryImageOfPage\":{\"@id\":\"https:\\\/\\\/concejodeliberantedeazul.gob.ar\\\/index.php\\\/2026\\\/04\\\/30\\\/quinta-sesion-ordinaria-el-concejo-deliberante-sesionara-en-chillar\\\/#primaryimage\"},\"image\":{\"@id\":\"https:\\\/\\\/concejodeliberantedeazul.gob.ar\\\/index.php\\\/2026\\\/04\\\/30\\\/quinta-sesion-ordinaria-el-concejo-deliberante-sesionara-en-chillar\\\/#primaryimage\"},\"thumbnailUrl\":\"https:\\\/\\\/concejodeliberantedeazul.gob.ar\\\/wp-content\\\/uploads\\\/2026\\\/04\\\/Sesion-001-07-04-26-Foto-Hector-Garcia.jpg\",\"datePublished\":\"2026-04-30T15:18:38+00:00\",\"dateModified\":\"2026-04-30T15:18:40+00:00\",\"author\":{\"@id\":\"http:\\\/\\\/concejodeliberantedeazul.gob.ar\\\/#\\\/schema\\\/person\\\/65fd6514aee7c29f008fc53b206198fe\"},\"breadcrumb\":{\"@id\":\"https:\\\/\\\/concejodeliberantedeazul.gob.ar\\\/index.php\\\/2026\\\/04\\\/30\\\/quinta-sesion-ordinaria-el-concejo-deliberante-sesionara-en-chillar\\\/#breadcrumb\"},\"inLanguage\":\"es-AR\",\"potentialAction\":[{\"@type\":\"ReadAction\",\"target\":[\"https:\\\/\\\/concejodeliberantedeazul.gob.ar\\\/index.php\\\/2026\\\/04\\\/30\\\/quinta-sesion-ordinaria-el-concejo-deliberante-sesionara-en-chillar\\\/\"]}]},{\"@type\":\"ImageObject\",\"inLanguage\":\"es-AR\",\"@id\":\"https:\\\/\\\/concejodeliberantedeazul.gob.ar\\\/index.php\\\/2026\\\/04\\\/30\\\/quinta-sesion-ordinaria-el-concejo-deliberante-sesionara-en-chillar\\\/#primaryimage\",\"url\":\"https:\\\/\\\/concejodeliberantedeazul.gob.ar\\\/wp-content\\\/uploads\\\/2026\\\/04\\\/Sesion-001-07-04-26-Foto-Hector-Garcia.jpg\",\"contentUrl\":\"https:\\\/\\\/concejodeliberantedeazul.gob.ar\\\/wp-content\\\/uploads\\\/2026\\\/04\\\/Sesion-001-07-04-26-Foto-Hector-Garcia.jpg\",\"width\":1913,\"height\":1276},{\"@type\":\"BreadcrumbList\",\"@id\":\"https:\\\/\\\/concejodeliberantedeazul.gob.ar\\\/index.php\\\/2026\\\/04\\\/30\\\/quinta-sesion-ordinaria-el-concejo-deliberante-sesionara-en-chillar\\\/#breadcrumb\",\"itemListElement\":[{\"@type\":\"ListItem\",\"position\":1,\"name\":\"Inicio\",\"item\":\"https:\\\/\\\/concejodeliberantedeazul.gob.ar\\\/\"},{\"@type\":\"ListItem\",\"position\":2,\"name\":\"Quinta Sesi\u00f3n Ordinaria: El Concejo Deliberante sesionar\u00e1 en Chillar\"}]},{\"@type\":\"WebSite\",\"@id\":\"http:\\\/\\\/concejodeliberantedeazul.gob.ar\\\/#website\",\"url\":\"http:\\\/\\\/concejodeliberantedeazul.gob.ar\\\/\",\"name\":\"Concejo deliberante de Azul\",\"description\":\"Sitio Web Oficial del Concejo Deliberante de Azul, Prov. de Buenos Aires - Conformado por 18 concejales de todo el partido.\",\"potentialAction\":[{\"@type\":\"SearchAction\",\"target\":{\"@type\":\"EntryPoint\",\"urlTemplate\":\"http:\\\/\\\/concejodeliberantedeazul.gob.ar\\\/?s={search_term_string}\"},\"query-input\":{\"@type\":\"PropertyValueSpecification\",\"valueRequired\":true,\"valueName\":\"search_term_string\"}}],\"inLanguage\":\"es-AR\"},{\"@type\":\"Person\",\"@id\":\"http:\\\/\\\/concejodeliberantedeazul.gob.ar\\\/#\\\/schema\\\/person\\\/65fd6514aee7c29f008fc53b206198fe\",\"name\":\"Concejo Deliberante Azul\",\"image\":{\"@type\":\"ImageObject\",\"inLanguage\":\"es-AR\",\"@id\":\"https:\\\/\\\/secure.gravatar.com\\\/avatar\\\/30d9ae907861b897be87a25469982f0cfbce09947e0998bf7d9d0ecab450fb85?s=96&d=mm&r=g\",\"url\":\"https:\\\/\\\/secure.gravatar.com\\\/avatar\\\/30d9ae907861b897be87a25469982f0cfbce09947e0998bf7d9d0ecab450fb85?s=96&d=mm&r=g\",\"contentUrl\":\"https:\\\/\\\/secure.gravatar.com\\\/avatar\\\/30d9ae907861b897be87a25469982f0cfbce09947e0998bf7d9d0ecab450fb85?s=96&d=mm&r=g\",\"caption\":\"Concejo Deliberante Azul\"},\"url\":\"https:\\\/\\\/concejodeliberantedeazul.gob.ar\\\/index.php\\\/author\\\/concejo\\\/\"}]}<\/script>\n<!-- \/ Yoast SEO plugin. -->","yoast_head_json":{"title":"Quinta Sesi\u00f3n Ordinaria: El Concejo Deliberante sesionar\u00e1 en Chillar - Concejo deliberante de Azul","robots":{"index":"index","follow":"follow","max-snippet":"max-snippet:-1","max-image-preview":"max-image-preview:large","max-video-preview":"max-video-preview:-1"},"canonical":"https:\/\/concejodeliberantedeazul.gob.ar\/index.php\/2026\/04\/30\/quinta-sesion-ordinaria-el-concejo-deliberante-sesionara-en-chillar\/","og_locale":"es_ES","og_type":"article","og_title":"Quinta Sesi\u00f3n Ordinaria: El Concejo Deliberante sesionar\u00e1 en Chillar - Concejo deliberante de Azul","og_description":"En el marco de un nuevo aniversario de la localidad, el Concejo Deliberante realizar\u00e1 la Quinta Sesi\u00f3n Ordinaria en Chillar en la sede del Centro de Jubilados. La misma ser\u00e1 el martes 5 de mayo a partir de las 14.30 horas y tendr\u00e1 por objetivo el tratamiento de un Orden del D\u00eda compuesto por m\u00e1s [&hellip;]","og_url":"https:\/\/concejodeliberantedeazul.gob.ar\/index.php\/2026\/04\/30\/quinta-sesion-ordinaria-el-concejo-deliberante-sesionara-en-chillar\/","og_site_name":"Concejo deliberante de Azul","article_published_time":"2026-04-30T15:18:38+00:00","article_modified_time":"2026-04-30T15:18:40+00:00","og_image":[{"width":1913,"height":1276,"url":"http:\/\/concejodeliberantedeazul.gob.ar\/wp-content\/uploads\/2026\/04\/Sesion-001-07-04-26-Foto-Hector-Garcia.jpg","type":"image\/jpeg"}],"author":"Concejo Deliberante Azul","twitter_card":"summary_large_image","twitter_misc":{"Escrito por":"Concejo Deliberante Azul","Tiempo de lectura":"8 minutos"},"schema":{"@context":"https:\/\/schema.org","@graph":[{"@type":"Article","@id":"https:\/\/concejodeliberantedeazul.gob.ar\/index.php\/2026\/04\/30\/quinta-sesion-ordinaria-el-concejo-deliberante-sesionara-en-chillar\/#article","isPartOf":{"@id":"https:\/\/concejodeliberantedeazul.gob.ar\/index.php\/2026\/04\/30\/quinta-sesion-ordinaria-el-concejo-deliberante-sesionara-en-chillar\/"},"author":{"name":"Concejo Deliberante Azul","@id":"http:\/\/concejodeliberantedeazul.gob.ar\/#\/schema\/person\/65fd6514aee7c29f008fc53b206198fe"},"headline":"Quinta Sesi\u00f3n Ordinaria: El Concejo Deliberante sesionar\u00e1 en Chillar","datePublished":"2026-04-30T15:18:38+00:00","dateModified":"2026-04-30T15:18:40+00:00","mainEntityOfPage":{"@id":"https:\/\/concejodeliberantedeazul.gob.ar\/index.php\/2026\/04\/30\/quinta-sesion-ordinaria-el-concejo-deliberante-sesionara-en-chillar\/"},"wordCount":1770,"image":{"@id":"https:\/\/concejodeliberantedeazul.gob.ar\/index.php\/2026\/04\/30\/quinta-sesion-ordinaria-el-concejo-deliberante-sesionara-en-chillar\/#primaryimage"},"thumbnailUrl":"https:\/\/concejodeliberantedeazul.gob.ar\/wp-content\/uploads\/2026\/04\/Sesion-001-07-04-26-Foto-Hector-Garcia.jpg","articleSection":["Noticias"],"inLanguage":"es-AR"},{"@type":"WebPage","@id":"https:\/\/concejodeliberantedeazul.gob.ar\/index.php\/2026\/04\/30\/quinta-sesion-ordinaria-el-concejo-deliberante-sesionara-en-chillar\/","url":"https:\/\/concejodeliberantedeazul.gob.ar\/index.php\/2026\/04\/30\/quinta-sesion-ordinaria-el-concejo-deliberante-sesionara-en-chillar\/","name":"Quinta Sesi\u00f3n Ordinaria: El Concejo Deliberante sesionar\u00e1 en Chillar - Concejo deliberante de Azul","isPartOf":{"@id":"http:\/\/concejodeliberantedeazul.gob.ar\/#website"},"primaryImageOfPage":{"@id":"https:\/\/concejodeliberantedeazul.gob.ar\/index.php\/2026\/04\/30\/quinta-sesion-ordinaria-el-concejo-deliberante-sesionara-en-chillar\/#primaryimage"},"image":{"@id":"https:\/\/concejodeliberantedeazul.gob.ar\/index.php\/2026\/04\/30\/quinta-sesion-ordinaria-el-concejo-deliberante-sesionara-en-chillar\/#primaryimage"},"thumbnailUrl":"https:\/\/concejodeliberantedeazul.gob.ar\/wp-content\/uploads\/2026\/04\/Sesion-001-07-04-26-Foto-Hector-Garcia.jpg","datePublished":"2026-04-30T15:18:38+00:00","dateModified":"2026-04-30T15:18:40+00:00","author":{"@id":"http:\/\/concejodeliberantedeazul.gob.ar\/#\/schema\/person\/65fd6514aee7c29f008fc53b206198fe"},"breadcrumb":{"@id":"https:\/\/concejodeliberantedeazul.gob.ar\/index.php\/2026\/04\/30\/quinta-sesion-ordinaria-el-concejo-deliberante-sesionara-en-chillar\/#breadcrumb"},"inLanguage":"es-AR","potentialAction":[{"@type":"ReadAction","target":["https:\/\/concejodeliberantedeazul.gob.ar\/index.php\/2026\/04\/30\/quinta-sesion-ordinaria-el-concejo-deliberante-sesionara-en-chillar\/"]}]},{"@type":"ImageObject","inLanguage":"es-AR","@id":"https:\/\/concejodeliberantedeazul.gob.ar\/index.php\/2026\/04\/30\/quinta-sesion-ordinaria-el-concejo-deliberante-sesionara-en-chillar\/#primaryimage","url":"https:\/\/concejodeliberantedeazul.gob.ar\/wp-content\/uploads\/2026\/04\/Sesion-001-07-04-26-Foto-Hector-Garcia.jpg","contentUrl":"https:\/\/concejodeliberantedeazul.gob.ar\/wp-content\/uploads\/2026\/04\/Sesion-001-07-04-26-Foto-Hector-Garcia.jpg","width":1913,"height":1276},{"@type":"BreadcrumbList","@id":"https:\/\/concejodeliberantedeazul.gob.ar\/index.php\/2026\/04\/30\/quinta-sesion-ordinaria-el-concejo-deliberante-sesionara-en-chillar\/#breadcrumb","itemListElement":[{"@type":"ListItem","position":1,"name":"Inicio","item":"https:\/\/concejodeliberantedeazul.gob.ar\/"},{"@type":"ListItem","position":2,"name":"Quinta Sesi\u00f3n Ordinaria: El Concejo Deliberante sesionar\u00e1 en Chillar"}]},{"@type":"WebSite","@id":"http:\/\/concejodeliberantedeazul.gob.ar\/#website","url":"http:\/\/concejodeliberantedeazul.gob.ar\/","name":"Concejo deliberante de Azul","description":"Sitio Web Oficial del Concejo Deliberante de Azul, Prov. de Buenos Aires - Conformado por 18 concejales de todo el partido.","potentialAction":[{"@type":"SearchAction","target":{"@type":"EntryPoint","urlTemplate":"http:\/\/concejodeliberantedeazul.gob.ar\/?s={search_term_string}"},"query-input":{"@type":"PropertyValueSpecification","valueRequired":true,"valueName":"search_term_string"}}],"inLanguage":"es-AR"},{"@type":"Person","@id":"http:\/\/concejodeliberantedeazul.gob.ar\/#\/schema\/person\/65fd6514aee7c29f008fc53b206198fe","name":"Concejo Deliberante Azul","image":{"@type":"ImageObject","inLanguage":"es-AR","@id":"https:\/\/secure.gravatar.com\/avatar\/30d9ae907861b897be87a25469982f0cfbce09947e0998bf7d9d0ecab450fb85?s=96&d=mm&r=g","url":"https:\/\/secure.gravatar.com\/avatar\/30d9ae907861b897be87a25469982f0cfbce09947e0998bf7d9d0ecab450fb85?s=96&d=mm&r=g","contentUrl":"https:\/\/secure.gravatar.com\/avatar\/30d9ae907861b897be87a25469982f0cfbce09947e0998bf7d9d0ecab450fb85?s=96&d=mm&r=g","caption":"Concejo Deliberante Azul"},"url":"https:\/\/concejodeliberantedeazul.gob.ar\/index.php\/author\/concejo\/"}]}},"amp_enabled":true,"_links":{"self":[{"href":"https:\/\/concejodeliberantedeazul.gob.ar\/index.php\/wp-json\/wp\/v2\/posts\/3993","targetHints":{"allow":["GET"]}}],"collection":[{"href":"https:\/\/concejodeliberantedeazul.gob.ar\/index.php\/wp-json\/wp\/v2\/posts"}],"about":[{"href":"https:\/\/concejodeliberantedeazul.gob.ar\/index.php\/wp-json\/wp\/v2\/types\/post"}],"author":[{"embeddable":true,"href":"https:\/\/concejodeliberantedeazul.gob.ar\/index.php\/wp-json\/wp\/v2\/users\/2"}],"replies":[{"embeddable":true,"href":"https:\/\/concejodeliberantedeazul.gob.ar\/index.php\/wp-json\/wp\/v2\/comments?post=3993"}],"version-history":[{"count":1,"href":"https:\/\/concejodeliberantedeazul.gob.ar\/index.php\/wp-json\/wp\/v2\/posts\/3993\/revisions"}],"predecessor-version":[{"id":3994,"href":"https:\/\/concejodeliberantedeazul.gob.ar\/index.php\/wp-json\/wp\/v2\/posts\/3993\/revisions\/3994"}],"wp:featuredmedia":[{"embeddable":true,"href":"https:\/\/concejodeliberantedeazul.gob.ar\/index.php\/wp-json\/wp\/v2\/media\/3941"}],"wp:attachment":[{"href":"https:\/\/concejodeliberantedeazul.gob.ar\/index.php\/wp-json\/wp\/v2\/media?parent=3993"}],"wp:term":[{"taxonomy":"category","embeddable":true,"href":"https:\/\/concejodeliberantedeazul.gob.ar\/index.php\/wp-json\/wp\/v2\/categories?post=3993"},{"taxonomy":"post_tag","embeddable":true,"href":"https:\/\/concejodeliberantedeazul.gob.ar\/index.php\/wp-json\/wp\/v2\/tags?post=3993"}],"curies":[{"name":"wp","href":"https:\/\/api.w.org\/{rel}","templated":true}]}}