{"id":973,"date":"2019-12-02T11:01:32","date_gmt":"2019-12-02T14:01:32","guid":{"rendered":"http:\/\/concejodeliberantedeazul.gob.ar\/?p=973"},"modified":"2019-12-02T11:01:35","modified_gmt":"2019-12-02T14:01:35","slug":"concejo-deliberante-decimo-octava-sesion-ordinaria","status":"publish","type":"post","link":"http:\/\/concejodeliberantedeazul.gob.ar\/index.php\/2019\/12\/02\/concejo-deliberante-decimo-octava-sesion-ordinaria\/","title":{"rendered":"Concejo deliberante: D\u00e9cimo octava sesi\u00f3n ordinaria"},"content":{"rendered":"\n<p>Se llev\u00f3 a\ncabo, la D\u00e9cimo Octava Sesi\u00f3n Ordinaria, ejercicio 2019, del Poder Legislativo\nlocal. El orden del d\u00eda cont\u00f3 con 46 puntos a los cuales se les incorporaron\nsobre tablas expedientes elevados por el Intendente Municipal. <\/p>\n\n\n\n<p><strong>Proyectos\nde los diferentes bloques: <\/strong><\/p>\n\n\n\n<ul class=\"wp-block-list\"><li>Bloque\nGEN-UCR Cambio Plural elev\u00f3 proyecto de Comunicaci\u00f3n referido a solicitar al\nse\u00f1or Intendente Municipal que informe a este Cuerpo sobre distintos aspectos\nrelacionados con el \u201cPlan especial de pavimentaci\u00f3n de 441 cuadras de Azul,\nCachar\u00ed y Chillar\u201d. La Comunicaci\u00f3n se aprob\u00f3 por unanimidad. <\/li><li>Bloque\nDiversidad Progresista UCR elev\u00f3 un proyecto de Ordenanza relacionado con el\nuso del lenguaje inclusivo; y proyecto de Decreto ref. Modificar art\u00edculo del\nReglamento Interno del Cuerpo, por el cual se establece el mecanismo de\npresentaci\u00f3n de proyectos y despachos. Los proyectos de Ordenanza se giraron a\nlas Comisiones de G\u00e9nero y de Interpretaci\u00f3n. <\/li><li>Bloque\nUnidad Ciudadana elev\u00f3 un proyecto de Resoluci\u00f3n referido a repudiar el Golpe\nde Estado contra las autoridades del Estado Plurinacional de Bolivia; as\u00ed como\nexpresar solidaridad con el pueblo boliviano. La Resoluci\u00f3n se aprob\u00f3 por\nmayor\u00eda. En tanto, el Concejal Roberto Gayani se abstuvo. <\/li><li>Bloque\nUnidad Ciudadana elev\u00f3 un proyecto de Ordenanza Referido a asignar a la\nComisi\u00f3n de Homenajes la responsabilidad de seleccionar, anualmente y de\nacuerdo con la Comisi\u00f3n Organizadora del Festival \u201cAzul Rock\u201d, un nombre para\ndenominar al escenario del mencionado evento. El proyecto de Ordenanza fue\ngirado a la Comisi\u00f3n de Homenajes.<\/li><li>Bloque\nUnidad Ciudadana elev\u00f3 proyecto de Resoluci\u00f3n referido a proponer el nombre\n\u201cMar\u00eda Emilia Romero\u201d para denominar el escenario de la edici\u00f3n 2019\/2020 del\nfestival \u201cAzul Rock\u201d. La Resoluci\u00f3n se aprob\u00f3 por unanimidad. <\/li><li>Bloque\nUnidad Ciudadana elev\u00f3 proyecto de Comunicaci\u00f3n referido a solicitar al\nDepartamento Ejecutivo que informe a este Cuerpo sobre la recaudaci\u00f3n de Tasas\ny Derechos que percibe el municipio. La Comunicaci\u00f3n se aprob\u00f3 por mayor\u00eda.\nVotaron en forma negativa los ediles Ficca, Rampoldi, Vera, Tur\u00f3n, \u00c1lvarez y\nCanevello. <\/li><li>Bloque\nUnidad Ciudadana elev\u00f3 proyecto de Comunicaci\u00f3n referido a solicitar al\nDepartamento Ejecutivo que informe a este Cuerpo sobre la ejecuci\u00f3n de la\npartida presupuestaria \u201cAyudas sociales a personas\u201d, indicando en el marco de\nqu\u00e9 programas se desarroll\u00f3. La Comunicaci\u00f3n se aprob\u00f3 por mayor\u00eda. Votaron en\nforma negativa los Concejales Canevello, \u00c1lvarez, Tur\u00f3n, Vera, Vena, Rampoldi y\nFicca. <\/li><li>Bloque\nUnidad Ciudadana elev\u00f3 proyecto de Resoluci\u00f3n referido a encomendar al\nDepartamento Ejecutivo que instrumente las acciones necesarias tendientes a\ncumplir con lo recomendado por el SEGEMAR, con relaci\u00f3n al estado ambiental en\nque se encuentra el predio donde funcionan los piletones efluentes de la ex\ncurtiembre Piazza. La Resoluci\u00f3n se aprob\u00f3 por mayor\u00eda. Votaron en forma\nnegativa los ediles Vena, Canevello, \u00c1lvarez, Tur\u00f3n, Vera, Rampoldi y Ficca. &nbsp;&nbsp;&nbsp;<\/li><li>Concejales\nintegrantes del bloque Cambiemos elevaron proyecto de Ordenanza referido a incorporar\nart\u00edculo al C\u00f3digo Municipal de Faltas del partido de Azul, relacionado con\nbonificaci\u00f3n en el pago de multas. El proyecto de Ordenanza fue girado a las\nComisiones de Interpretaci\u00f3n y de Presupuesto.<\/li><li>Concejales\ndel partido de Azul elevaron un proyecto de Ordenanza referido a modificar\nart\u00edculo de la Ordenanza N\u00ba 3.771\/2015, que convalida el convenio de Cesi\u00f3n de\nDerechos y Acciones Posesorias suscripto entre la Municipalidad de Azul y la\nDirecci\u00f3n General de Cultura y Educaci\u00f3n. CON INFORME DE LA COMISI\u00d3N DE\nINTERPRETACI\u00d3N, LEGISLACI\u00d3N Y SEGURIDAD P\u00daBLICA. La Ordenanza se aprob\u00f3 por\nunanimidad.<\/li><li>Concejales\ndel partido de Azul elevaron un proyecto de Resoluci\u00f3n referido a declarar de\nInter\u00e9s Solidario la labor realizada por la fundaci\u00f3n \u201cUn abrazo para los\namigos\u201d, a trav\u00e9s de su presidente y fundador Math Roijen. La Resoluci\u00f3n se\naprob\u00f3 por unanimidad.<\/li><li>Bloque\nPeronismo Federal elev\u00f3 proyecto de Ordenanza referido a prohibir en nuestra\nciudad la circulaci\u00f3n de motoveh\u00edculos en la avenida Oscar Bidegain entre las\ncalles Obligado y Juana Azurduy, los d\u00edas domingos y feriados. El proyecto de\nOrdenanza fue girado a las Comisiones de Obras P\u00fablicas y de Interpretaci\u00f3n. <\/li><li>Bloque\nDiversidad Progresista-UCR elev\u00f3 proyecto de Resoluci\u00f3n referido a declarar\nPersonalidad Destacada del Deporte a la azule\u00f1a Clara Barberi, por su desempe\u00f1o\ncomo jugadora de hockey a nivel nacional y su aporte al desarrollo del deporte.\nLa Resoluci\u00f3n se aprob\u00f3 por unanimidad.<\/li><li>Bloque\nPartido GEN y Cambio Plural-UCR elev\u00f3 proyecto de Resoluci\u00f3n referido a solicitar\nal se\u00f1or Intendente Municipal que instruya al \u00e1rea correspondiente para dar\ncumplimiento a la publicaci\u00f3n de las Declaraciones Juradas Patrimoniales de los\ndiferentes funcionarios municipales; y encomendarle que vele por el\ncumplimiento de la normativa que garantiza el acceso a la informaci\u00f3n p\u00fablica. La\nResoluci\u00f3n se aprob\u00f3 por unanimidad. &nbsp;<\/li><li>Concejales\ndel partido de Azul elevaron proyecto de Resoluci\u00f3n referido a solicitar al\nPresidente del Consejo de Administraci\u00f3n de la CEAL que fije un cronograma de\nreuniones con la mencionada cooperativa, el Departamento Ejecutivo y este\nCuerpo deliberativo, a fin de realizar un an\u00e1lisis integral del r\u00e9gimen tarifario\nvigente. La Resoluci\u00f3n se aprob\u00f3 por unanimidad. <\/li><li>Concejales\ndel partido de Azul elevaron proyecto de Resoluci\u00f3n referido a declarar de\nInter\u00e9s Cultural y Comunitario la Tercera Edici\u00f3n del Festival \u201cRock al parque\u201d\na realizarse en el gimnasio del Club Estudiantes de la localidad de Chillar, el\nd\u00eda 11 de Enero de 2020. <\/li><\/ul>\n\n\n\n<p>La Resoluci\u00f3n se aprob\u00f3 por\nunanimidad. <\/p>\n\n\n\n<p>-Concejal Paola Ficca elev\u00f3 nota presentando\nsu renuncia al cargo de Concejal del Partido de Azul, a partir del d\u00eda 10 de\ndiciembre del corriente a\u00f1o. La misma fue aprobada por unanimidad. <\/p>\n\n\n\n<p><strong>Expedientes\nelevados por el Intendente Municipal:<\/strong><\/p>\n\n\n\n<p>-Elev\u00f3 actuaciones iniciadas por la\nContadur\u00eda General, con proyecto de Ordenanza referido a autorizar al\nDepartamento Ejecutivo a registrar como deuda, y pagar como gasto de ejercicios\nanteriores, en favor del Instituto de Previsi\u00f3n Social de la PBA, el importe\ncorrespondiente en concepto de aportes y contribuciones patronales por el\nper\u00edodo de julio a diciembre de 2008. Se gir\u00f3 a las Comisiones de Presupuesto e\nInterpretaci\u00f3n.<\/p>\n\n\n\n<p>-Elev\u00f3\nproyecto de Ordenanza referido a Ordenanza Fiscal para el Ejercicio 2020. Se\ngir\u00f3 a la Comisi\u00f3n de Presupuesto y de Interpretaci\u00f3n. <\/p>\n\n\n\n<p>-Elev\u00f3\nproyecto de Ordenanza referido a Ordenanza Impositiva para el Ejercicio 2020.\nSe gir\u00f3 a la Comisi\u00f3n de Presupuesto. <\/p>\n\n\n\n<p>-Elev\u00f3 actuaciones iniciadas por la\nSubsecretar\u00eda de Desarrollo Sostenible, con proyecto de Ordenanza referido a aprobar\nla Licitaci\u00f3n P\u00fablica N\u00b0 7\/19 para la concesi\u00f3n de uso oneroso para la\nexplotaci\u00f3n de las instalaciones del Complejo Tur\u00edstico Parador \u201cBoca de las\nSierras\u201d; as\u00ed como adjudicar la mencionada concesi\u00f3n a la firma \u201cCompa\u00f1\u00eda\nProcesadora de Carnes del Azul S.A.\u201d. El expediente se gir\u00f3 a la Comisi\u00f3n de\nPresupuesto y de Interpretaci\u00f3n. <\/p>\n\n\n\n<p>-Elev\u00f3 actuaciones iniciadas por la\nContadur\u00eda General, con proyecto de Ordenanza referido a autorizar al\nDepartamento Ejecutivo a registrar como deuda, y pagar como gasto de ejercicios\nanteriores, en favor de Gonzalo Bladimir Garc\u00eda, el importe correspondiente en\nconcepto de contraprestaci\u00f3n del servicio de taller de actividad f\u00edsica para\nadultos en el barrio San Francisco de As\u00eds, por el periodo septiembre a\ndiciembre de 2018; as\u00ed como en favor de Guillermo Osvaldo Puyou, en concepto de\ncontraprestaci\u00f3n del servicio de taller de ajedrez en el barrio Monte Viggiano,\npor el mismo periodo. Fue girado a las Comisiones de Presupuesto y de\nInterpretaci\u00f3n.<\/p>\n\n\n\n<p>-Intendente Municipal eleva\nactuaciones iniciadas por la Direcci\u00f3n del Hospital \u201cDr. \u00c1ngel Pintos\u201d de Azul,\ncon proyecto de Ordenanza referido a autorizar al Departamento Ejecutivo a\nllamar a licitaci\u00f3n p\u00fablica para la concesi\u00f3n onerosa del servicio p\u00fablico de\nhemodinamia en el mencionado hospital. El expediente fue girado a las\nComisiones de Salud, de Presupuesto y de Interpretaci\u00f3n. <\/p>\n\n\n\n<p>-Intendente Municipal elev\u00f3\nactuaciones con proyecto de Ordenanza referido a modificar art\u00edculos de la\nOrdenanza N\u00b0 3.691\/2015 mediante la cual se crea la Radio P\u00fablica Municipal FM\n87.9 Mhz. El expediente se elev\u00f3 a las Comisiones de Presupuesto y de Interpretaci\u00f3n.\n<\/p>\n\n\n\n<p><strong>Despachos\nde las diferentes Comisiones:<\/strong><\/p>\n\n\n\n<p>-Despacho de la Comisi\u00f3n de\nInterpretaci\u00f3n, Legislaci\u00f3n y Seguridad P\u00fablica aconsejando la aprobaci\u00f3n del\nproyecto de Ordenanza referido a conferir a la Agrupaci\u00f3n de Longcasting del\nClub de Pesca \u201cLa Lisa\u201d el pr\u00e9stamo de uso de inmueble de propiedad municipal\npor el t\u00e9rmino de cinco a\u00f1os. El despacho se aprob\u00f3 por unanimidad.<\/p>\n\n\n\n<p>-Despachos de las Comisiones de\nPresupuesto y Hacienda y de Interpretaci\u00f3n, Legislaci\u00f3n y Seguridad P\u00fablica aconsejando\nla aprobaci\u00f3n del proyecto de Ordenanza referido a autorizar al Departamento\nEjecutivo a transferir, a t\u00edtulo gratuito, inmuebles de su propiedad al Club\nEstudiantes de Chillar. Los despachos se aprobaron por unanimidad.<\/p>\n\n\n\n<p>-Despacho de Presupuesto y de\nInterpretaci\u00f3n aconsejando la aprobaci\u00f3n del proyecto de Ordenanza referido a autorizar\nal Departamento Ejecutivo a transferir, a t\u00edtulo gratuito, a la Direcci\u00f3n\nGeneral de Cultura y Educaci\u00f3n de la PBA un inmueble sito en la localidad de\nChillar, propiedad de la Municipalidad de Azul. El despacho se aprob\u00f3 por\nunanimidad.<\/p>\n\n\n\n<p>-Despachos de las Comisiones de Salud\ny de Interpretaci\u00f3n aconsejando la aprobaci\u00f3n del proyecto de Ordenanza referido\na autorizar al Departamento Ejecutivo a aceptar la donaci\u00f3n de equipamiento\nodontol\u00f3gico destinado a la Unidad Sanitaria N\u00ba 9. Los despachos se aprobaron\npor unanimidad.<\/p>\n\n\n\n<p>-Despachos de las Comisiones de\nPresupuesto y de Interpretaci\u00f3n aconsejando la aprobaci\u00f3n del proyecto de\nOrdenanza referido a autorizar al Departamento Ejecutivo a registrar como deuda\ny pagar como gasto de ejercicios anteriores, en favor del proveedor SEOANE\nH\u00e9ctor Jos\u00e9, el importe correspondiente en concepto de servicio de transporte.\nLos despachos se aprobaron por unanimidad.<\/p>\n\n\n\n<p>-Despachos de las Comisiones de\nPresupuesto y de Interpretaci\u00f3n aconsejando la aprobaci\u00f3n del proyecto de\nOrdenanza referido a convalidar el Acta del Programa \u201cPor Ciudades y\nComunidades Amigables con las Personas Mayores\u201d, celebrado con el Instituto\nNacional de Servicios Sociales para Jubilados y Pensionados. Los despachos se\naprobaron por unanimidad. <\/p>\n\n\n\n<p>-Despachos de las Comisiones de\nPresupuesto y Hacienda y de Interpretaci\u00f3n, Legislaci\u00f3n y Seguridad P\u00fablica aconsejando\nla aprobaci\u00f3n del proyecto de Ordenanza referido a autorizar al Departamento\nEjecutivo a registrar como deuda y pagar como gasto de ejercicios anteriores,\nen favor del proveedor SURMEDIKAL, el importe correspondiente en concepto de\nadquisici\u00f3n de ox\u00edgeno durante el per\u00edodo agosto-diciembre 2016. Los despachos\nse aprobaron por unanimidad.<\/p>\n\n\n\n<p>-Despachos de las Comisiones de\nPresupuesto y de Interpretaci\u00f3n aconsejando la aprobaci\u00f3n del proyecto de\nOrdenanza referido a declarar de Inter\u00e9s Municipal, componente del Patrimonio\nArquitect\u00f3nico-Urban\u00edstico de la ciudad y el partido de Azul el inmueble sito\nen Necochea N\u00ba 351. Los despachos se aprobaron por unanimidad.<\/p>\n\n\n\n<p>-Despachos de las Comisiones de\nPresupuesto y de Interpretaci\u00f3n aconsejando la aprobaci\u00f3n del proyecto de\nOrdenanza referido a autorizar al Departamento Ejecutivo a registrar como deuda\ny pagar como gasto de ejercicios anteriores, en favor de la Facultad de\nIngenier\u00eda \u2013 UNICEN, el importe correspondiente en concepto del dictado del\ntaller \u201cHerramientas para emprender\u201d. Los despachos se aprobaron por\nunanimidad.<\/p>\n\n\n\n<p>-Despachos de las Comisiones de Salud\ny Medio Ambiente y de Interpretaci\u00f3n, Legislaci\u00f3n y Seguridad P\u00fablica aconsejando\nla aprobaci\u00f3n del proyecto de Ordenanza referido a autorizar al Departamento\nEjecutivo a aceptar la donaci\u00f3n de elementos destinados al Hospital \u201cDr.\nCasellas Sol\u00e1\u201d de Cachar\u00ed y al Hospital \u201cDr. \u00c1ngel Pintos\u201d. Los despachos se\naprobaron por unanimidad.<\/p>\n\n\n\n<p>-Despachos de las Comisiones de\nPresupuesto y Hacienda y de Interpretaci\u00f3n, Legislaci\u00f3n y Seguridad P\u00fablica aconsejando\nla aprobaci\u00f3n del proyecto de Ordenanza referido a autorizar al Departamento\nEjecutivo a dar de baja definitiva elementos totalmente obsoletos de diferentes\n\u00e1reas municipales. Los despachos se aprobaron por unanimidad.<\/p>\n\n\n\n<p>-Despachos de las Comisiones de\nPresupuesto y Hacienda y de Interpretaci\u00f3n, Legislaci\u00f3n y Seguridad P\u00fablica aconsejando\nla aprobaci\u00f3n del proyecto de Ordenanza referido a autorizar al Departamento\nEjecutivo a dar de baja definitiva por hurto elemento del Hogar Agr\u00edcola. Los\ndespachos se aprobaron por unanimidad.<\/p>\n\n\n\n<p>-Despacho en conjunto de las\nComisiones de Interpretaci\u00f3n y de Producci\u00f3n aconsejando la aprobaci\u00f3n, con\nmodificaciones, del proyecto de Ordenanza relacionado con el concurso \u201cAzul,\nuna Navidad distinta\u201d. El despacho se aprob\u00f3 por unanimidad.<\/p>\n\n\n\n<p>-Despacho de\nla Comisi\u00f3n de Homenajes aconsejando la aprobaci\u00f3n del proyecto de Ordenanza\nreferido a denominar \u201cBarrio Gobernador Oscar R. Bidegain\u201d al sector donde se\nencuentran emplazadas las 298 viviendas, sobre avenida Chaves de nuestra\nciudad. El despacho se aprob\u00f3 por unanimidad. <\/p>\n\n\n\n<p>-Despacho de\nla Comisi\u00f3n de Homenajes aconsejando la aprobaci\u00f3n, con modificaci\u00f3n, del\nproyecto de Ordenanza referido a imponer el nombre de Pasaje \u201cRep\u00fablica del\nL\u00edbano\u201d al tramo ubicado entre calle Sarmiento y Arenales, frente a la\nnecr\u00f3polis local. El despacho se aprob\u00f3 por unanimidad.<\/p>\n\n\n\n<p>-Despachos de\nlas Comisiones de Obras P\u00fablicas, Vialidad y Transporte y de Interpretaci\u00f3n,\nLegislaci\u00f3n y Seguridad P\u00fablica aconsejando la aprobaci\u00f3n del proyecto de\nOrdenanza referido a autorizar al Departamento Ejecutivo el uso del espacio\np\u00fablico para la colocaci\u00f3n de un guarda ra\u00edl o mojones para prolongar la salida\nexistente de Av. Pellegrini y Gral. Rivas. Los despachos se aprobaron por\nunanimidad.<\/p>\n\n\n\n<p>-Despacho de\nla Comisi\u00f3n de Homenajes aconsejando la aprobaci\u00f3n del proyecto de Ordenanza\nreferido a denominar como \u201cMar\u00eda G\u00f3mez de Enciso\u201d a la actual calle N\u00b0 327 de\nnuestra ciudad. El despacho se aprob\u00f3 por unanimidad.<\/p>\n\n\n\n<p>-Despacho de\nla Comisi\u00f3n de Presupuesto y de Interpretaci\u00f3n con proyecto de Resoluci\u00f3n referido\na girar las presentes actuaciones al Departamento Ejecutivo a efectos de que se\nagregue proyecto de Ordenanza y se adjunte informaci\u00f3n relacionada a la baja\ndefinitiva de bienes rodados.&nbsp; El\ndespacho se aprob\u00f3 por unanimidad. <\/p>\n\n\n\n<p>-Despacho de\nla Comisi\u00f3n de Presupuesto y de Interpretaci\u00f3n aconsejando el archivo de las\npresentes actuaciones (INTENDENTE MUNICIPAL. Remite copia del Decreto N\u00b0\n1.274\/2018 que aprueba y pone en vigencia las nuevas escalas salariales que\nsurgen por la aplicaci\u00f3n de los acuerdos de fecha 18 de septiembre de 2018). El\ndespacho se aprob\u00f3 por unanimidad.<\/p>\n\n\n\n<p>-Despacho de\nla Comisi\u00f3n de Presupuesto y Hacienda aconsejando el archivo de las presentes\nactuaciones (INTENDENTE MUNICIPAL. Remite copia del Decreto N\u00b0 1.139\/2019 que\naprueba y pone en vigencia las nuevas escalas salariales que surgen por\naplicaci\u00f3n de los acuerdos arribados en fecha 16 de agosto de 2019). El\ndespacho se aprob\u00f3 por unanimidad.<\/p>\n\n\n\n<p>-Despacho de\nla Comisi\u00f3n de Presupuesto y Hacienda aconsejando el archivo de las presentes\nactuaciones (INTENDENTE MUNICIPAL. Remite copia del Decreto N\u00b0 1.170\/2019 que\nampl\u00eda y deduce partidas presupuestarias de las distintas jurisdicciones, a\nefectos de cumplir con la modificaci\u00f3n de la Estructura Org\u00e1nico Funcional). El\ndespacho se aprob\u00f3 por unanimidad.<\/p>\n\n\n\n<p>-Despacho de\nla Comisi\u00f3n de Presupuesto y Hacienda aconsejando el archivo de las presentes\nactuaciones (INTENDENTE MUNICIPAL. Remite copia del Decreto N\u00b0 1.344\/2019 que\naprueba y pone en vigencia las nuevas escalas salariales que surgen por\naplicaci\u00f3n de los acuerdos arribados en fecha 16 de agosto de 2019). El\ndespacho se aprob\u00f3 por unanimidad. <\/p>\n\n\n\n<p>-Despacho de\nla Comisi\u00f3n de Obras P\u00fablicas, Vialidad y Transporte aconsejando el archivo de\nlas presentes actuaciones (COOPERATIVA EL\u00c9CTRICA DE AZUL LIMITADA. Eleva informe\n3\u00b0 trimestre sobre la calidad del agua). El despacho se aprob\u00f3 por unanimidad.<\/p>\n\n\n\n<p><strong>Notas recibidas anexo al\norden del d\u00eda<\/strong><\/p>\n\n\n\n<p>-Intendente\nMunicipal remite copia del Decreto N\u00b0 1.548\/2019 que aprueba y pone en vigencia\nlas nuevas escalas salariales que surgen por aplicaci\u00f3n de los acuerdos\narribados en fecha 16 de Agosto de 2019. Fue girada a la Comisi\u00f3n de\nPresupuesto.<\/p>\n\n\n\n<p>-Concejales\ndel partido de Azul elevan nota con propuesta para la distinci\u00f3n de Ciudadano\nIlustre del partido de Azul a fin de que sea considerada en el marco de la\nOrdenanza N\u00ba 4.398. La misma se gir\u00f3 a la Comisi\u00f3n de Homenaje.<\/p>\n\n\n\n<p>-Vecino\nHugo Rusiecki elev\u00f3 propuesta para la designaci\u00f3n de un Coordinador que sirva\nde enlace entre los Departamentos Ejecutivo y Legislativo. La nota se gira al\nDepartamento Ejecutivo. <\/p>\n\n\n\n<p>-Vecino\nHugo Rusiecki elev\u00f3 propuesta para el ordenamiento de tr\u00e1nsito vehicular en el\nParque Municipal. La nota se gira al Departamento Ejecutivo. <\/p>\n","protected":false},"excerpt":{"rendered":"<p>Se llev\u00f3 a cabo, la D\u00e9cimo Octava Sesi\u00f3n Ordinaria, ejercicio 2019, del Poder Legislativo local. El orden del d\u00eda cont\u00f3 con 46 puntos a los cuales se les incorporaron sobre tablas expedientes elevados por el Intendente Municipal. Proyectos de los diferentes bloques: Bloque GEN-UCR Cambio Plural elev\u00f3 proyecto de Comunicaci\u00f3n referido a solicitar al se\u00f1or [&hellip;]<\/p>\n","protected":false},"author":2,"featured_media":974,"comment_status":"open","ping_status":"open","sticky":false,"template":"","format":"standard","meta":{"tdm_status":"","tdm_grid_status":"","footnotes":""},"categories":[7],"tags":[],"class_list":{"0":"post-973","1":"post","2":"type-post","3":"status-publish","4":"format-standard","5":"has-post-thumbnail","7":"category-noticias"},"yoast_head":"<!-- This site is optimized with the Yoast SEO plugin v27.3 - https:\/\/yoast.com\/product\/yoast-seo-wordpress\/ -->\n<title>Concejo deliberante: D\u00e9cimo octava sesi\u00f3n ordinaria - Concejo deliberante de Azul<\/title>\n<meta name=\"robots\" content=\"index, follow, max-snippet:-1, max-image-preview:large, max-video-preview:-1\" \/>\n<link rel=\"canonical\" href=\"https:\/\/concejodeliberantedeazul.gob.ar\/index.php\/2019\/12\/02\/concejo-deliberante-decimo-octava-sesion-ordinaria\/\" \/>\n<meta property=\"og:locale\" content=\"es_ES\" \/>\n<meta property=\"og:type\" content=\"article\" \/>\n<meta property=\"og:title\" content=\"Concejo deliberante: D\u00e9cimo octava sesi\u00f3n ordinaria - Concejo deliberante de Azul\" \/>\n<meta property=\"og:description\" content=\"Se llev\u00f3 a cabo, la D\u00e9cimo Octava Sesi\u00f3n Ordinaria, ejercicio 2019, del Poder Legislativo local. El orden del d\u00eda cont\u00f3 con 46 puntos a los cuales se les incorporaron sobre tablas expedientes elevados por el Intendente Municipal. Proyectos de los diferentes bloques: Bloque GEN-UCR Cambio Plural elev\u00f3 proyecto de Comunicaci\u00f3n referido a solicitar al se\u00f1or [&hellip;]\" \/>\n<meta property=\"og:url\" content=\"https:\/\/concejodeliberantedeazul.gob.ar\/index.php\/2019\/12\/02\/concejo-deliberante-decimo-octava-sesion-ordinaria\/\" \/>\n<meta property=\"og:site_name\" content=\"Concejo deliberante de Azul\" \/>\n<meta property=\"article:published_time\" content=\"2019-12-02T14:01:32+00:00\" \/>\n<meta property=\"article:modified_time\" content=\"2019-12-02T14:01:35+00:00\" \/>\n<meta property=\"og:image\" content=\"http:\/\/concejodeliberantedeazul.gob.ar\/wp-content\/uploads\/2019\/12\/D\u00e9cimo-Octava-Sesi\u00f3n-scaled.jpg\" \/>\n\t<meta property=\"og:image:width\" content=\"2560\" \/>\n\t<meta property=\"og:image:height\" content=\"1920\" \/>\n\t<meta property=\"og:image:type\" content=\"image\/jpeg\" \/>\n<meta name=\"author\" content=\"Concejo Deliberante Azul\" \/>\n<meta name=\"twitter:card\" content=\"summary_large_image\" \/>\n<meta name=\"twitter:label1\" content=\"Escrito por\" \/>\n\t<meta name=\"twitter:data1\" content=\"Concejo Deliberante Azul\" \/>\n\t<meta name=\"twitter:label2\" content=\"Tiempo de lectura\" \/>\n\t<meta name=\"twitter:data2\" content=\"14 minutos\" \/>\n<script type=\"application\/ld+json\" class=\"yoast-schema-graph\">{\"@context\":\"https:\\\/\\\/schema.org\",\"@graph\":[{\"@type\":\"Article\",\"@id\":\"https:\\\/\\\/concejodeliberantedeazul.gob.ar\\\/index.php\\\/2019\\\/12\\\/02\\\/concejo-deliberante-decimo-octava-sesion-ordinaria\\\/#article\",\"isPartOf\":{\"@id\":\"https:\\\/\\\/concejodeliberantedeazul.gob.ar\\\/index.php\\\/2019\\\/12\\\/02\\\/concejo-deliberante-decimo-octava-sesion-ordinaria\\\/\"},\"author\":{\"name\":\"Concejo Deliberante Azul\",\"@id\":\"http:\\\/\\\/concejodeliberantedeazul.gob.ar\\\/#\\\/schema\\\/person\\\/65fd6514aee7c29f008fc53b206198fe\"},\"headline\":\"Concejo deliberante: D\u00e9cimo octava sesi\u00f3n ordinaria\",\"datePublished\":\"2019-12-02T14:01:32+00:00\",\"dateModified\":\"2019-12-02T14:01:35+00:00\",\"mainEntityOfPage\":{\"@id\":\"https:\\\/\\\/concejodeliberantedeazul.gob.ar\\\/index.php\\\/2019\\\/12\\\/02\\\/concejo-deliberante-decimo-octava-sesion-ordinaria\\\/\"},\"wordCount\":2741,\"commentCount\":0,\"image\":{\"@id\":\"https:\\\/\\\/concejodeliberantedeazul.gob.ar\\\/index.php\\\/2019\\\/12\\\/02\\\/concejo-deliberante-decimo-octava-sesion-ordinaria\\\/#primaryimage\"},\"thumbnailUrl\":\"http:\\\/\\\/concejodeliberantedeazul.gob.ar\\\/wp-content\\\/uploads\\\/2019\\\/12\\\/D\u00e9cimo-Octava-Sesi\u00f3n-scaled.jpg\",\"articleSection\":[\"Noticias\"],\"inLanguage\":\"es-AR\",\"potentialAction\":[{\"@type\":\"CommentAction\",\"name\":\"Comment\",\"target\":[\"https:\\\/\\\/concejodeliberantedeazul.gob.ar\\\/index.php\\\/2019\\\/12\\\/02\\\/concejo-deliberante-decimo-octava-sesion-ordinaria\\\/#respond\"]}]},{\"@type\":\"WebPage\",\"@id\":\"https:\\\/\\\/concejodeliberantedeazul.gob.ar\\\/index.php\\\/2019\\\/12\\\/02\\\/concejo-deliberante-decimo-octava-sesion-ordinaria\\\/\",\"url\":\"https:\\\/\\\/concejodeliberantedeazul.gob.ar\\\/index.php\\\/2019\\\/12\\\/02\\\/concejo-deliberante-decimo-octava-sesion-ordinaria\\\/\",\"name\":\"Concejo deliberante: D\u00e9cimo octava sesi\u00f3n ordinaria - Concejo deliberante de Azul\",\"isPartOf\":{\"@id\":\"http:\\\/\\\/concejodeliberantedeazul.gob.ar\\\/#website\"},\"primaryImageOfPage\":{\"@id\":\"https:\\\/\\\/concejodeliberantedeazul.gob.ar\\\/index.php\\\/2019\\\/12\\\/02\\\/concejo-deliberante-decimo-octava-sesion-ordinaria\\\/#primaryimage\"},\"image\":{\"@id\":\"https:\\\/\\\/concejodeliberantedeazul.gob.ar\\\/index.php\\\/2019\\\/12\\\/02\\\/concejo-deliberante-decimo-octava-sesion-ordinaria\\\/#primaryimage\"},\"thumbnailUrl\":\"http:\\\/\\\/concejodeliberantedeazul.gob.ar\\\/wp-content\\\/uploads\\\/2019\\\/12\\\/D\u00e9cimo-Octava-Sesi\u00f3n-scaled.jpg\",\"datePublished\":\"2019-12-02T14:01:32+00:00\",\"dateModified\":\"2019-12-02T14:01:35+00:00\",\"author\":{\"@id\":\"http:\\\/\\\/concejodeliberantedeazul.gob.ar\\\/#\\\/schema\\\/person\\\/65fd6514aee7c29f008fc53b206198fe\"},\"breadcrumb\":{\"@id\":\"https:\\\/\\\/concejodeliberantedeazul.gob.ar\\\/index.php\\\/2019\\\/12\\\/02\\\/concejo-deliberante-decimo-octava-sesion-ordinaria\\\/#breadcrumb\"},\"inLanguage\":\"es-AR\",\"potentialAction\":[{\"@type\":\"ReadAction\",\"target\":[\"https:\\\/\\\/concejodeliberantedeazul.gob.ar\\\/index.php\\\/2019\\\/12\\\/02\\\/concejo-deliberante-decimo-octava-sesion-ordinaria\\\/\"]}]},{\"@type\":\"ImageObject\",\"inLanguage\":\"es-AR\",\"@id\":\"https:\\\/\\\/concejodeliberantedeazul.gob.ar\\\/index.php\\\/2019\\\/12\\\/02\\\/concejo-deliberante-decimo-octava-sesion-ordinaria\\\/#primaryimage\",\"url\":\"http:\\\/\\\/concejodeliberantedeazul.gob.ar\\\/wp-content\\\/uploads\\\/2019\\\/12\\\/D\u00e9cimo-Octava-Sesi\u00f3n-scaled.jpg\",\"contentUrl\":\"http:\\\/\\\/concejodeliberantedeazul.gob.ar\\\/wp-content\\\/uploads\\\/2019\\\/12\\\/D\u00e9cimo-Octava-Sesi\u00f3n-scaled.jpg\",\"width\":2560,\"height\":1920},{\"@type\":\"BreadcrumbList\",\"@id\":\"https:\\\/\\\/concejodeliberantedeazul.gob.ar\\\/index.php\\\/2019\\\/12\\\/02\\\/concejo-deliberante-decimo-octava-sesion-ordinaria\\\/#breadcrumb\",\"itemListElement\":[{\"@type\":\"ListItem\",\"position\":1,\"name\":\"Inicio\",\"item\":\"https:\\\/\\\/concejodeliberantedeazul.gob.ar\\\/\"},{\"@type\":\"ListItem\",\"position\":2,\"name\":\"Concejo deliberante: D\u00e9cimo octava sesi\u00f3n ordinaria\"}]},{\"@type\":\"WebSite\",\"@id\":\"http:\\\/\\\/concejodeliberantedeazul.gob.ar\\\/#website\",\"url\":\"http:\\\/\\\/concejodeliberantedeazul.gob.ar\\\/\",\"name\":\"Concejo deliberante de Azul\",\"description\":\"Sitio Web Oficial del Concejo Deliberante de Azul, Prov. de Buenos Aires - Conformado por 18 concejales de todo el partido.\",\"potentialAction\":[{\"@type\":\"SearchAction\",\"target\":{\"@type\":\"EntryPoint\",\"urlTemplate\":\"http:\\\/\\\/concejodeliberantedeazul.gob.ar\\\/?s={search_term_string}\"},\"query-input\":{\"@type\":\"PropertyValueSpecification\",\"valueRequired\":true,\"valueName\":\"search_term_string\"}}],\"inLanguage\":\"es-AR\"},{\"@type\":\"Person\",\"@id\":\"http:\\\/\\\/concejodeliberantedeazul.gob.ar\\\/#\\\/schema\\\/person\\\/65fd6514aee7c29f008fc53b206198fe\",\"name\":\"Concejo Deliberante Azul\",\"image\":{\"@type\":\"ImageObject\",\"inLanguage\":\"es-AR\",\"@id\":\"https:\\\/\\\/secure.gravatar.com\\\/avatar\\\/30d9ae907861b897be87a25469982f0cfbce09947e0998bf7d9d0ecab450fb85?s=96&d=mm&r=g\",\"url\":\"https:\\\/\\\/secure.gravatar.com\\\/avatar\\\/30d9ae907861b897be87a25469982f0cfbce09947e0998bf7d9d0ecab450fb85?s=96&d=mm&r=g\",\"contentUrl\":\"https:\\\/\\\/secure.gravatar.com\\\/avatar\\\/30d9ae907861b897be87a25469982f0cfbce09947e0998bf7d9d0ecab450fb85?s=96&d=mm&r=g\",\"caption\":\"Concejo Deliberante Azul\"},\"url\":\"http:\\\/\\\/concejodeliberantedeazul.gob.ar\\\/index.php\\\/author\\\/concejo\\\/\"}]}<\/script>\n<!-- \/ Yoast SEO plugin. -->","yoast_head_json":{"title":"Concejo deliberante: D\u00e9cimo octava sesi\u00f3n ordinaria - Concejo deliberante de Azul","robots":{"index":"index","follow":"follow","max-snippet":"max-snippet:-1","max-image-preview":"max-image-preview:large","max-video-preview":"max-video-preview:-1"},"canonical":"https:\/\/concejodeliberantedeazul.gob.ar\/index.php\/2019\/12\/02\/concejo-deliberante-decimo-octava-sesion-ordinaria\/","og_locale":"es_ES","og_type":"article","og_title":"Concejo deliberante: D\u00e9cimo octava sesi\u00f3n ordinaria - Concejo deliberante de Azul","og_description":"Se llev\u00f3 a cabo, la D\u00e9cimo Octava Sesi\u00f3n Ordinaria, ejercicio 2019, del Poder Legislativo local. El orden del d\u00eda cont\u00f3 con 46 puntos a los cuales se les incorporaron sobre tablas expedientes elevados por el Intendente Municipal. Proyectos de los diferentes bloques: Bloque GEN-UCR Cambio Plural elev\u00f3 proyecto de Comunicaci\u00f3n referido a solicitar al se\u00f1or [&hellip;]","og_url":"https:\/\/concejodeliberantedeazul.gob.ar\/index.php\/2019\/12\/02\/concejo-deliberante-decimo-octava-sesion-ordinaria\/","og_site_name":"Concejo deliberante de Azul","article_published_time":"2019-12-02T14:01:32+00:00","article_modified_time":"2019-12-02T14:01:35+00:00","og_image":[{"width":2560,"height":1920,"url":"http:\/\/concejodeliberantedeazul.gob.ar\/wp-content\/uploads\/2019\/12\/D\u00e9cimo-Octava-Sesi\u00f3n-scaled.jpg","type":"image\/jpeg"}],"author":"Concejo Deliberante Azul","twitter_card":"summary_large_image","twitter_misc":{"Escrito por":"Concejo Deliberante Azul","Tiempo de lectura":"14 minutos"},"schema":{"@context":"https:\/\/schema.org","@graph":[{"@type":"Article","@id":"https:\/\/concejodeliberantedeazul.gob.ar\/index.php\/2019\/12\/02\/concejo-deliberante-decimo-octava-sesion-ordinaria\/#article","isPartOf":{"@id":"https:\/\/concejodeliberantedeazul.gob.ar\/index.php\/2019\/12\/02\/concejo-deliberante-decimo-octava-sesion-ordinaria\/"},"author":{"name":"Concejo Deliberante Azul","@id":"http:\/\/concejodeliberantedeazul.gob.ar\/#\/schema\/person\/65fd6514aee7c29f008fc53b206198fe"},"headline":"Concejo deliberante: D\u00e9cimo octava sesi\u00f3n ordinaria","datePublished":"2019-12-02T14:01:32+00:00","dateModified":"2019-12-02T14:01:35+00:00","mainEntityOfPage":{"@id":"https:\/\/concejodeliberantedeazul.gob.ar\/index.php\/2019\/12\/02\/concejo-deliberante-decimo-octava-sesion-ordinaria\/"},"wordCount":2741,"commentCount":0,"image":{"@id":"https:\/\/concejodeliberantedeazul.gob.ar\/index.php\/2019\/12\/02\/concejo-deliberante-decimo-octava-sesion-ordinaria\/#primaryimage"},"thumbnailUrl":"http:\/\/concejodeliberantedeazul.gob.ar\/wp-content\/uploads\/2019\/12\/D\u00e9cimo-Octava-Sesi\u00f3n-scaled.jpg","articleSection":["Noticias"],"inLanguage":"es-AR","potentialAction":[{"@type":"CommentAction","name":"Comment","target":["https:\/\/concejodeliberantedeazul.gob.ar\/index.php\/2019\/12\/02\/concejo-deliberante-decimo-octava-sesion-ordinaria\/#respond"]}]},{"@type":"WebPage","@id":"https:\/\/concejodeliberantedeazul.gob.ar\/index.php\/2019\/12\/02\/concejo-deliberante-decimo-octava-sesion-ordinaria\/","url":"https:\/\/concejodeliberantedeazul.gob.ar\/index.php\/2019\/12\/02\/concejo-deliberante-decimo-octava-sesion-ordinaria\/","name":"Concejo deliberante: D\u00e9cimo octava sesi\u00f3n ordinaria - Concejo deliberante de Azul","isPartOf":{"@id":"http:\/\/concejodeliberantedeazul.gob.ar\/#website"},"primaryImageOfPage":{"@id":"https:\/\/concejodeliberantedeazul.gob.ar\/index.php\/2019\/12\/02\/concejo-deliberante-decimo-octava-sesion-ordinaria\/#primaryimage"},"image":{"@id":"https:\/\/concejodeliberantedeazul.gob.ar\/index.php\/2019\/12\/02\/concejo-deliberante-decimo-octava-sesion-ordinaria\/#primaryimage"},"thumbnailUrl":"http:\/\/concejodeliberantedeazul.gob.ar\/wp-content\/uploads\/2019\/12\/D\u00e9cimo-Octava-Sesi\u00f3n-scaled.jpg","datePublished":"2019-12-02T14:01:32+00:00","dateModified":"2019-12-02T14:01:35+00:00","author":{"@id":"http:\/\/concejodeliberantedeazul.gob.ar\/#\/schema\/person\/65fd6514aee7c29f008fc53b206198fe"},"breadcrumb":{"@id":"https:\/\/concejodeliberantedeazul.gob.ar\/index.php\/2019\/12\/02\/concejo-deliberante-decimo-octava-sesion-ordinaria\/#breadcrumb"},"inLanguage":"es-AR","potentialAction":[{"@type":"ReadAction","target":["https:\/\/concejodeliberantedeazul.gob.ar\/index.php\/2019\/12\/02\/concejo-deliberante-decimo-octava-sesion-ordinaria\/"]}]},{"@type":"ImageObject","inLanguage":"es-AR","@id":"https:\/\/concejodeliberantedeazul.gob.ar\/index.php\/2019\/12\/02\/concejo-deliberante-decimo-octava-sesion-ordinaria\/#primaryimage","url":"http:\/\/concejodeliberantedeazul.gob.ar\/wp-content\/uploads\/2019\/12\/D\u00e9cimo-Octava-Sesi\u00f3n-scaled.jpg","contentUrl":"http:\/\/concejodeliberantedeazul.gob.ar\/wp-content\/uploads\/2019\/12\/D\u00e9cimo-Octava-Sesi\u00f3n-scaled.jpg","width":2560,"height":1920},{"@type":"BreadcrumbList","@id":"https:\/\/concejodeliberantedeazul.gob.ar\/index.php\/2019\/12\/02\/concejo-deliberante-decimo-octava-sesion-ordinaria\/#breadcrumb","itemListElement":[{"@type":"ListItem","position":1,"name":"Inicio","item":"https:\/\/concejodeliberantedeazul.gob.ar\/"},{"@type":"ListItem","position":2,"name":"Concejo deliberante: D\u00e9cimo octava sesi\u00f3n ordinaria"}]},{"@type":"WebSite","@id":"http:\/\/concejodeliberantedeazul.gob.ar\/#website","url":"http:\/\/concejodeliberantedeazul.gob.ar\/","name":"Concejo deliberante de Azul","description":"Sitio Web Oficial del Concejo Deliberante de Azul, Prov. de Buenos Aires - Conformado por 18 concejales de todo el partido.","potentialAction":[{"@type":"SearchAction","target":{"@type":"EntryPoint","urlTemplate":"http:\/\/concejodeliberantedeazul.gob.ar\/?s={search_term_string}"},"query-input":{"@type":"PropertyValueSpecification","valueRequired":true,"valueName":"search_term_string"}}],"inLanguage":"es-AR"},{"@type":"Person","@id":"http:\/\/concejodeliberantedeazul.gob.ar\/#\/schema\/person\/65fd6514aee7c29f008fc53b206198fe","name":"Concejo Deliberante Azul","image":{"@type":"ImageObject","inLanguage":"es-AR","@id":"https:\/\/secure.gravatar.com\/avatar\/30d9ae907861b897be87a25469982f0cfbce09947e0998bf7d9d0ecab450fb85?s=96&d=mm&r=g","url":"https:\/\/secure.gravatar.com\/avatar\/30d9ae907861b897be87a25469982f0cfbce09947e0998bf7d9d0ecab450fb85?s=96&d=mm&r=g","contentUrl":"https:\/\/secure.gravatar.com\/avatar\/30d9ae907861b897be87a25469982f0cfbce09947e0998bf7d9d0ecab450fb85?s=96&d=mm&r=g","caption":"Concejo Deliberante Azul"},"url":"http:\/\/concejodeliberantedeazul.gob.ar\/index.php\/author\/concejo\/"}]}},"amp_enabled":true,"_links":{"self":[{"href":"http:\/\/concejodeliberantedeazul.gob.ar\/index.php\/wp-json\/wp\/v2\/posts\/973","targetHints":{"allow":["GET"]}}],"collection":[{"href":"http:\/\/concejodeliberantedeazul.gob.ar\/index.php\/wp-json\/wp\/v2\/posts"}],"about":[{"href":"http:\/\/concejodeliberantedeazul.gob.ar\/index.php\/wp-json\/wp\/v2\/types\/post"}],"author":[{"embeddable":true,"href":"http:\/\/concejodeliberantedeazul.gob.ar\/index.php\/wp-json\/wp\/v2\/users\/2"}],"replies":[{"embeddable":true,"href":"http:\/\/concejodeliberantedeazul.gob.ar\/index.php\/wp-json\/wp\/v2\/comments?post=973"}],"version-history":[{"count":1,"href":"http:\/\/concejodeliberantedeazul.gob.ar\/index.php\/wp-json\/wp\/v2\/posts\/973\/revisions"}],"predecessor-version":[{"id":975,"href":"http:\/\/concejodeliberantedeazul.gob.ar\/index.php\/wp-json\/wp\/v2\/posts\/973\/revisions\/975"}],"wp:featuredmedia":[{"embeddable":true,"href":"http:\/\/concejodeliberantedeazul.gob.ar\/index.php\/wp-json\/wp\/v2\/media\/974"}],"wp:attachment":[{"href":"http:\/\/concejodeliberantedeazul.gob.ar\/index.php\/wp-json\/wp\/v2\/media?parent=973"}],"wp:term":[{"taxonomy":"category","embeddable":true,"href":"http:\/\/concejodeliberantedeazul.gob.ar\/index.php\/wp-json\/wp\/v2\/categories?post=973"},{"taxonomy":"post_tag","embeddable":true,"href":"http:\/\/concejodeliberantedeazul.gob.ar\/index.php\/wp-json\/wp\/v2\/tags?post=973"}],"curies":[{"name":"wp","href":"https:\/\/api.w.org\/{rel}","templated":true}]}}