{"id":970,"date":"2019-12-02T10:56:16","date_gmt":"2019-12-02T13:56:16","guid":{"rendered":"http:\/\/concejodeliberantedeazul.gob.ar\/?p=970"},"modified":"2019-12-02T10:56:25","modified_gmt":"2019-12-02T13:56:25","slug":"concejo-deliberante-decimo-sexta-y-septima-sesion-ordinaria","status":"publish","type":"post","link":"http:\/\/concejodeliberantedeazul.gob.ar\/index.php\/2019\/12\/02\/concejo-deliberante-decimo-sexta-y-septima-sesion-ordinaria\/","title":{"rendered":"Concejo Deliberante: d\u00e9cimo sexta y s\u00e9ptima sesi\u00f3n ordinaria"},"content":{"rendered":"\n<p>Se llevaron a cabo, en la tarde de\neste martes, dos sesiones ordinarias en el marco del Poder Legislativo local.\nEn este sentido, los ediles llevaron delante de manera conjunta la d\u00e9cimo sexta\ny d\u00e9cimo s\u00e9ptima sesi\u00f3n ordinaria, ejercicio 2019. <\/p>\n\n\n\n<p>Ambas sesiones, contaron con un orden\ndel d\u00eda compuesto por 45 puntos entre los que se destacaron: expedientes\ningresados por el Intendente Municipal, despachos de las diferentes Comisiones\ny proyectos de los distintos bloques que componen el cuerpo. <\/p>\n\n\n\n<p><strong>Proyectos de los diferentes bloques:<\/strong><\/p>\n\n\n\n<ul class=\"wp-block-list\"><li>Concejales\ndel partido de Azul elevaron un proyecto de Resoluci\u00f3n referido a declarar\nInstituci\u00f3n Destacada del partido de Azul a la Banda Militar \u201cCombate de\nPerdriel\u201d. La Resoluci\u00f3n fue aprobada por unanimidad. <\/li><li>Concejales\nintegrantes del Bloque Cambiemos y Bloque PRO elevaron un proyecto de Ordenanza\nreferido a autorizar al Departamento Ejecutivo el uso del espacio p\u00fablico para\nla colocaci\u00f3n de un guarda ra\u00edl o mojones para prolongar la salida existente de\nAv. Pellegrini y Gral. Rivas. El proyecto de Ordenanza fue girado a la Comisi\u00f3n\nde Obras P\u00fablicas y de Interpretaci\u00f3n. <\/li><li>Bloque\nDiversidad Progresista-UCR elev\u00f3 un proyecto de Resoluci\u00f3n referido a declarar\nPersonalidad Destacada del Deporte del partido de Azul a la profesora B\u00e1rbara\nAbot, actual entrenadora de la Selecci\u00f3n Femenina de F\u00fatbol Argentino en las\ncategor\u00edas Sub 15 y Sub 17. La Resoluci\u00f3n se aprob\u00f3 por unanimidad. <\/li><li>Bloque\nDiversidad Progresista-UCR elev\u00f3 un proyecto de Ordenanza referido a agregar\nart\u00edculo a la Ordenanza N\u00ba 4.257\/2018, relacionada con el funcionamiento de las\nentidades de bien p\u00fablico. El proyecto de Ordenanza fue girado a la Comisi\u00f3n de\nG\u00e9nero y de Interpretaci\u00f3n.<\/li><li>Bloque\nDiversidad Progresista-UCR elev\u00f3 proyecto de Resoluci\u00f3n referido a declarar de\nInter\u00e9s Comunitario las \u201cXI Jornadas Internacionales de Arte y Derecho\u201d y las\n\u201cII Jornadas Regionales de paisajes bonaerenses\u201d, que se realizar\u00e1n los d\u00edas 7\nde noviembre en Tandil y 8 y 9 del mismo mes en nuestra ciudad. La Resoluci\u00f3n\nfue aprobada por unanimidad. <\/li><li>Concejales\ndel partido de Azul elevaron un proyecto de Resoluci\u00f3n referido a declarar\nInstituci\u00f3n Destacada del partido de Azul a la Asociaci\u00f3n Civil \u201cPuertas\nAbiertas\u201d. La Resoluci\u00f3n se aprob\u00f3 por unanimidad. <\/li><li>Bloque\nUCR-Cambio Plural y partido GEN elevaron un proyecto de Comunicaci\u00f3n referido a\nsolicitar al Departamento Ejecutivo que eval\u00fae la factibilidad de realizar un\nrelevamiento y regularizar la situaci\u00f3n dominial, en favor de la Municipalidad\nde Azul, del actual predio deportivo barrio Cristo Rey de Cachar\u00ed; y la\nrealizaci\u00f3n de un play\u00f3n de deportes y un gimnasio a cielo abierto en el\nmencionado predio. La Comunicaci\u00f3n se aprob\u00f3 por unanimidad. <\/li><li>Bloque\npartido GEN elev\u00f3 un proyecto de Comunicaci\u00f3n referido a solicitar al\nDepartamento Ejecutivo que informe a este Cuerpo sobre distintos aspectos\nrelacionados con el tratamiento y disposici\u00f3n final de residuos s\u00f3lidos urbanos\nen ECOAZUL y la contrataci\u00f3n de la empresa Transportes Malvinas S.R.L. La\nComunicaci\u00f3n se aprob\u00f3 por unanimidad. <\/li><li>Concejales\ndel partido de Azul elevaron un proyecto de Resoluci\u00f3n referido a declarar de\nInter\u00e9s Comunitario y Cultural la XI edici\u00f3n del \u201cSanjo Rock\u201d, que se llevar\u00e1 a\ncabo el d\u00eda 9 de noviembre en nuestra ciudad.&nbsp;\nLa Resoluci\u00f3n se aprob\u00f3 por unanimidad. <\/li><li>Concejales\ndel partido de Azul elevaron un proyecto de Ordenanza referido a imponer el\nnombre de Pasaje \u201cRep\u00fablica del L\u00edbano\u201d al tramo ubicado entre calle Sarmiento\ny Lamadrid, frente a la necr\u00f3polis local. El proyecto de Ordenanza fue girada a\nla Comisi\u00f3n de Homenajes.<\/li><li>Concejales\ndel partido de Azul elevaron un proyecto de Resoluci\u00f3n referido a declarar\nInstituci\u00f3n Destacada del partido de Azul a la Asociaci\u00f3n Cooperadora del\nHospital \u201cDr. \u00c1ngel Pintos\u201d. La Resoluci\u00f3n se aprob\u00f3 por unanimidad. <\/li><li>Concejales\nintegrantes del bloque Unidad Ciudadana elevaron un proyecto de Resoluci\u00f3n\nreferido a requerir al Departamento Ejecutivo que inicie las gestiones\nnecesarias para instalar un dispositivo de seguridad vial, tendiente a prevenir\naccidentes en el cruce peatonal de la Ruta Nacional N\u00b0 3 a la altura de la\nEscuela N\u00b0 27. La Resoluci\u00f3n se aprob\u00f3 por unanimidad. <\/li><li>Concejales\nintegrantes del bloque Unidad Ciudadana elevaron un proyecto de Resoluci\u00f3n\nreferido a solicitar al Departamento Ejecutivo que arbitre las medidas\nnecesarias para garantizar la continuidad de los diferentes jardines maternales\nmunicipales y la Casa del Ni\u00f1o durante el mes de enero. La Resoluci\u00f3n fue\naprobada por unanimidad. <\/li><li>Bloque\nPeronismo Federal elev\u00f3 un proyecto de Resoluci\u00f3n referido&nbsp; a solicitar al Departamento Ejecutivo que\nconsidere incorporar al Presupuesto Municipal 2020 al Centro Universitario\nAzule\u00f1o (CUA), a los fines de garantizar el acceso a las becas habitacionales\ny\/o econ\u00f3micas. La Resoluci\u00f3n se aprob\u00f3 por unanimidad.<\/li><li>Bloque\nPeronismo Federal elev\u00f3 un proyecto de Comunicaci\u00f3n referido a&nbsp; Solicitar al Departamento Ejecutivo la\nregularizaci\u00f3n de la situaci\u00f3n de ruidos molestos en las instalaciones del\ngalp\u00f3n municipal SUMAC. La Comunicaci\u00f3n fue aprobada por unanimidad.<\/li><li>Bloque\nPeronismo Federal elev\u00f3 un proyecto de Ordenanza referido a denominar como\n\u201cMar\u00eda G\u00f3mez de Enciso\u201d a la actual calle N\u00b0 327 de nuestra ciudad. El proyecto\nde Ordenanza fue girado a la Comisi\u00f3n de Homenaje. <\/li><\/ul>\n\n\n\n<p><strong>Expedientes\nelevados por el Intendente Municipal:<\/strong><\/p>\n\n\n\n<p>-Elev\u00f3 nota solicitando la\npr\u00f3rroga, hasta el 30 de noviembre, para la presentaci\u00f3n del proyecto de\nOrdenanza de C\u00e1lculo de Recursos y Presupuesto de Gastos para el ejercicio fiscal\n2020. El expediente se aprob\u00f3 por unanimidad. <\/p>\n\n\n\n<p>-Elev\u00f3 nota solicitando\nautorizaci\u00f3n para hacer uso de su licencia anual por el per\u00edodo comprendido\nentre el 8 y el 21 de noviembre. El expediente fue aprobado por unanimidad.<\/p>\n\n\n\n<p>-Elev\u00f3 actuaciones\niniciadas por Club de Pesca \u201cLa Lisa\u201d, con proyecto de Ordenanza referido a conferir\na la Agrupaci\u00f3n de Longcasting de la mencionada instituci\u00f3n el pr\u00e9stamo de uso\nde inmueble de propiedad municipal por el t\u00e9rmino de cinco a\u00f1os. El expediente\nse gir\u00f3 a la Comisi\u00f3n de Interpretaci\u00f3n.<\/p>\n\n\n\n<p>-Elev\u00f3 actuaciones\niniciadas por la Direcci\u00f3n de Regularizaci\u00f3n Dominial, con proyecto de\nOrdenanza referido a derogar la Ordenanza N\u00ba 3.328\/2013, mediante la cual se\ncede, a t\u00edtulo gratuito, una fracci\u00f3n de terreno a Caritas de las 4 Parroquias\nde Azul Grupo de Viviendas. El expediente se elev\u00f3 a la Comisi\u00f3n de\nInterpretaci\u00f3n. <\/p>\n\n\n\n<p>-Elev\u00f3 actuaciones\niniciadas por la Direcci\u00f3n de Regularizaci\u00f3n Dominial, con proyecto de\nOrdenanza referido a autorizar al Departamento Ejecutivo a transferir, a t\u00edtulo\ngratuito, inmuebles de su propiedad al Club Estudiantes de Chillar. Fue girado\na las Comisiones de Presupuesto y de Interpretaci\u00f3n. <\/p>\n\n\n\n<p>-Elev\u00f3 actuaciones\niniciadas por la Direcci\u00f3n de Regularizaci\u00f3n Dominial, con proyecto de\nOrdenanza referido a autorizar al Departamento Ejecutivo a transferir, a t\u00edtulo\ngratuito, a la Direcci\u00f3n General de Cultura y Educaci\u00f3n de la PBA un inmueble\nsito en la localidad de Chillar, propiedad de la Municipalidad de Azul. Se gir\u00f3\na Presupuesto e Interpretaci\u00f3n. <\/p>\n\n\n\n<p>-Elev\u00f3 proyecto de\nOrdenanza referido a convalidar el Acta del Programa \u201cPor Ciudades y\nComunidades Amigables con las Personas Mayores\u201d, celebrado con el Instituto\nNacional de Servicios Sociales para Jubilados y Pensionados. &nbsp;El expediente fue elevado a las Comisiones de\nPresupuesto y de Interpretaci\u00f3n. <\/p>\n\n\n\n<p>-Elev\u00f3 actuaciones\niniciadas por la Direcci\u00f3n del Hospital \u201cDr. \u00c1ngel Pintos\u201d, con proyecto de\nOrdenanza referido a autorizar al Departamento Ejecutivo a registrar como deuda\ny pagar como gasto de ejercicios anteriores, en favor del proveedor SURMEDIKAL,\nel importe correspondiente en concepto de adquisici\u00f3n de ox\u00edgeno durante el\nper\u00edodo agosto-diciembre 2016. El expediente se gir\u00f3 a las Comisiones de\nPresupuesto y de Interpretaci\u00f3n. <\/p>\n\n\n\n<p>-Elev\u00f3 actuaciones\niniciadas por el se\u00f1or Carlos PEREYRA, con proyecto de Ordenanza referido a declarar\nde Inter\u00e9s Municipal, componente del Patrimonio Arquitect\u00f3nico-Urban\u00edstico de\nla ciudad y el partido de Azul el inmueble sito en Necochea N\u00ba 351. Se gir\u00f3 a\nlas Comisiones de Presupuesto y de Interpretaci\u00f3n. <\/p>\n\n\n\n<p>-Elev\u00f3 actuaciones\niniciadas por la Direcci\u00f3n de Atenci\u00f3n Primaria de la Salud, con proyecto de\nOrdenanza referido a autorizar al Departamento Ejecutivo a aceptar la donaci\u00f3n\nde equipamiento odontol\u00f3gico destinado a la Unidad Sanitaria N\u00ba 9. Fue elevado\na las Comisiones de Salud y de Interpretaci\u00f3n. <\/p>\n\n\n\n<p>-Elev\u00f3 actuaciones\niniciadas por la Subdirecci\u00f3n Gesti\u00f3n de Patrimonio, con proyecto de Ordenanza\nreferido a autorizar al Departamento Ejecutivo a aceptar la donaci\u00f3n de\nelementos destinados al Hospital \u201cDr. Casellas Sol\u00e1\u201d de Cachar\u00ed y al Hospital\n\u201cDr. \u00c1ngel Pintos\u201d. El expediente fue girado a las Comisiones de Salud e\nInterpretaci\u00f3n. <\/p>\n\n\n\n<p>-Elev\u00f3 actuaciones\niniciadas por la Subdirecci\u00f3n Gesti\u00f3n de Patrimonio, con proyecto de Ordenanza\nreferido a autorizar al Departamento Ejecutivo a dar de baja definitiva\nelementos totalmente obsoletos de diferentes \u00e1reas municipales. Fue girado a la\nComisi\u00f3n de Presupuesto y de Interpretaci\u00f3n.<\/p>\n\n\n\n<p>-Elev\u00f3 actuaciones\niniciadas por la Subdirecci\u00f3n Gesti\u00f3n de Patrimonio, con proyecto de Ordenanza\nreferido a autorizar al Departamento Ejecutivo a dar de baja definitiva por\nhurto elemento del Hogar Agr\u00edcola. Se gir\u00f3 a la Comisi\u00f3n de Presupuesto y de\nInterpretaci\u00f3n. &nbsp;&nbsp;<\/p>\n\n\n\n<p><strong>Despachos\nde las diferentes Comisiones:<\/strong><\/p>\n\n\n\n<p>-Despachos de\nlas Comisiones de Presupuesto y Hacienda y de Interpretaci\u00f3n, Legislaci\u00f3n y\nSeguridad P\u00fablica aconsejando la aprobaci\u00f3n del proyecto de Ordenanza referido\na autorizar al Departamento Ejecutivo a aceptar la donaci\u00f3n de un ec\u00f3grafo\nport\u00e1til destinado a la Direcci\u00f3n de Atenci\u00f3n Primaria de la Salud. Los\ndespachos se aprobaron por unanimidad. &nbsp;<\/p>\n\n\n\n<p>-Despachos de las Comisiones de\nPresupuesto y de Interpretaci\u00f3n aconsejando la aprobaci\u00f3n del proyecto de\nOrdenanza referido a autorizar al Departamento Ejecutivo a aceptar la donaci\u00f3n\nde un ec\u00f3grafo port\u00e1til destinado al hospital \u201cDr. Casellas Sol\u00e1\u201d de Cachar\u00ed.\nLos despachos se aprobaron por unanimidad. <\/p>\n\n\n\n<p>-Despacho de la Comisi\u00f3n de\nPresupuesto y Hacienda aconsejando la aprobaci\u00f3n del proyecto de Ordenanza\nreferido a autorizar al Departamento Ejecutivo a dar de baja definitiva\nelementos totalmente obsoletos de la Unidad Sanitaria N\u00ba 3. El despacho se\naprob\u00f3 por unanimidad.<\/p>\n\n\n\n<p>-Despacho de la Comisi\u00f3n de\nPresupuesto y Hacienda aconsejando la aprobaci\u00f3n del proyecto de Ordenanza\nreferido a autorizar al Departamento Ejecutivo a dar de baja definitiva por\nhurto elemento del Centro de D\u00eda. El despacho se aprob\u00f3 por unanimidad.<\/p>\n\n\n\n<p>-Despacho de la Comisi\u00f3n de\nPresupuesto y Hacienda aconsejando la aprobaci\u00f3n del proyecto de Ordenanza referido\na autorizar al Departamento Ejecutivo a dar de baja definitiva elementos\ntotalmente obsoletos de diferentes \u00e1reas municipales. El despacho se aprob\u00f3 por\nunanimidad.<\/p>\n\n\n\n<p>-Despacho de la Comisi\u00f3n de\nPresupuesto y Hacienda aconsejando la aprobaci\u00f3n del proyecto de Ordenanza referido\na autorizar al Departamento Ejecutivo a registrar como deuda y pagar como gasto\nde ejercicios anteriores, en favor del proveedor ROYAL FARMA S.A., el importe\ncorrespondiente en concepto de adquisici\u00f3n de productos farmac\u00e9uticos. El\ndespacho se aprob\u00f3 por unanimidad.<\/p>\n\n\n\n<p>-Despachos de las Comisi\u00f3n de\nPresupuesto y de Interpretaci\u00f3n aconsejando la aprobaci\u00f3n del proyecto de\nOrdenanza referido a autorizar al Departamento Ejecutivo a registrar como deuda\ny pagar como gasto de ejercicios anteriores, en favor de la agente Marianela\nBianchi, el importe correspondiente en concepto de haberes adeudados del\nper\u00edodo 2016. Los despachos se aprobaron por unanimidad.<\/p>\n\n\n\n<p>-Despachos de las Comisi\u00f3n de\nInterpretaci\u00f3n y de Presupuesto aconsejando la aprobaci\u00f3n del proyecto de\nOrdenanza referido a autorizar al Departamento Ejecutivo a registrar como deuda\ny pagar como gasto de ejercicios anteriores, en favor del proveedor Ricardo\nOscar Trepiccio, el importe correspondiente en concepto de venta de art\u00edculos\nde limpieza para el Hospital Municipal \u201cDr. \u00c1ngel Pintos\u201d. Los despachos se\naprobaron por unanimidad.<\/p>\n\n\n\n<p>-Despachos de las Comisiones de Obras\nP\u00fablicas y de Interpretaci\u00f3n aconsejando la aprobaci\u00f3n del proyecto de\nOrdenanza referido a modificar Ordenanza N\u00ba 2.612\/2007, relacionada con la\ncreaci\u00f3n de bandas a lo largo de la Ruta Nacional N\u00b0 3 entre las Rutas N\u00b0 60 y\n226. Los despachos se aprobaron por unanimidad.<\/p>\n\n\n\n<p>-Despachos de las Comisiones de Obras\nP\u00fablicas y de Interpretaci\u00f3n aconsejando la aprobaci\u00f3n del proyecto de Ordenanza\nreferido a definir como zona inter-rutas (ZIR) a una superficie comprendida por\nla nueva traza de la futura autopista de la Ruta Nacional N\u00ba 3 con l\u00edmites en\nel comienzo de la intersecci\u00f3n de \u00e9sta y Ruta Provincial N\u00b0 60 y la l\u00ednea\ndemarcada por Ordenanza N\u00b0 2.612\/07 que cre\u00f3 las bandas viales de dicho\ncorredor. Los despachos se aprobaron por unanimidad.<\/p>\n\n\n\n<p>-Despachos de las Comisiones de Acci\u00f3n\nSocial y de Interpretaci\u00f3n aconsejando la aprobaci\u00f3n, con modificaciones, del\nproyecto de Ordenanza referido a regular la pr\u00e1ctica de deportes en espacios\np\u00fablicos. Los despachos se aprobaron por unanimidad.<\/p>\n\n\n\n<p>-Despachos de las Comisiones de\nPresupuesto y de Interpretaci\u00f3n con proyecto de Resoluci\u00f3n referido a girar las\npresentes actuaciones al Departamento Ejecutivo, a los efectos de que se le d\u00e9\nun nuevo tratamiento. Los despachos se aprobaron por unanimidad.<\/p>\n\n\n\n<p>-Resoluci\u00f3n 4.342\/2019 dictada por el\nPresidente del Cuerpo, referido a declarar de Inter\u00e9s Comunitario y Tur\u00edstico\ndel partido de Azul el \u201cIX Encuentro Nacional de Torinos\u201d, que se llev\u00f3 a cabo\ndel 11 al 14 de octubre; a efectos de su convalidaci\u00f3n por parte de los se\u00f1ores\nconcejales. La Resoluci\u00f3n se aprob\u00f3 por unanimidad.<\/p>\n\n\n\n<p>-Resoluci\u00f3n 4.344\/2019 dictada por el\nPresidente del Cuerpo, referido a declarar de Inter\u00e9s Cultural y Comunitario\ndel partido de Azul la participaci\u00f3n de los azule\u00f1os Mart\u00edn Cerrudo y Bruno\nRomero en el Encuentro de Madera \u201cValle de Andora\u201d, en el marco del III\nEncuentro de Escultura TDFXX 19; a efectos de su convalidaci\u00f3n por parte de los\nse\u00f1ores concejales. La Resoluci\u00f3n se aprob\u00f3 por unanimidad.<\/p>\n\n\n\n<p>-Resoluci\u00f3n 4.345\/2019 dictada por el\nPresidente del Cuerpo, referido a declarar de Inter\u00e9s Comunitario del partido\nde Azul la 12\u00ba edici\u00f3n de la conmemoraci\u00f3n del \u201cD\u00eda Internacional de la Mujer\nRural\u201d; a efectos de su convalidaci\u00f3n por parte de los se\u00f1ores concejales. La\nResoluci\u00f3n se aprob\u00f3 por unanimidad.<\/p>\n\n\n\n<p><strong>Notas recibidas:<\/strong><\/p>\n\n\n\n<p>-Intendente\nMunicipal remite copia del Decreto N\u00b0 1.170\/2019 que amplia y deduce partidas\npresupuestarias de las distintas jurisdicciones a efectos de cumplir con la\nmodificaci\u00f3n de la Estructura Org\u00e1nico Funcional. Se elev\u00f3 a la Comisi\u00f3n de\nPresupuesto. <\/p>\n\n\n\n<p>-Intendente\nMunicipal remite copia del Decreto N\u00b0 1.344\/2019 que aprueba y pone en vigencia\nlas nuevas escalas salariales que surgen por aplicaci\u00f3n de los acuerdos\narribados en fecha 16 de Agosto de 2019. La nota fue elevada a la Comisi\u00f3n de\nPresupuesto.<\/p>\n\n\n\n<p>-Agente\nmunicipal Santillan Marcelo elev\u00f3 nota solicitando se le informe en qu\u00e9 estado\nse encuentra su denuncia, realizada en el a\u00f1o 2017, con respecto a un hecho\nocurrido en el hospital Pintos. La nota fue girada a la Comisi\u00f3n de\nInterpretaci\u00f3n. <\/p>\n\n\n\n<p>-Cooperativa\nEl\u00e9ctrica de Azul elev\u00f3 informe 3\u00ba trimestre sobre calidad de agua. Se gir\u00f3 a\nla Comisi\u00f3n de Obras P\u00fablicas.<\/p>\n\n\n\n<p>-Centro de\nAlmaceneros elev\u00f3 nota solicitando se les otorgue a los comerciantes del rubro\nun alivio fiscal con respecto a la Tasa por Inspecci\u00f3n de Seguridad e Higiene.\nSe gir\u00f3 a la Comisi\u00f3n de Presupuesto. <\/p>\n\n\n\n<p>-Comisi\u00f3n\ndirectiva de motos cl\u00e1sicas y antiguas elev\u00f3 nota solicitando se declare de\nInter\u00e9s Municipal el evento tur\u00edstico y de regularidad: \u201c9\u00ba Rally de Motos\nCl\u00e1sicas y Antiguas\u201d, que se llevara a cabo los d\u00edas 7 y 8 de diciembre en\nnuestra ciudad. Se determin\u00f3 la redacci\u00f3n por Presidencia y se aprob\u00f3 por\nunanimidad. <\/p>\n\n\n\n<p>-Vecino\nLatini, Juan Carlos elev\u00f3 nota solicitando se d\u00e9 publicidad al trabajo\nrealizado hace varios a\u00f1os sobre el relevamiento de Arboles Hist\u00f3ricos. La nota\nqued\u00f3 por Presidencia para los Concejales. <\/p>\n\n\n\n<p>-Vecino\nLatini, Juan Carlos elev\u00f3 nota solicitando la intervenci\u00f3n del Cuerpo a fin de\npoder solucionar su problem\u00e1tica relacionada con el pago de tasas municipales.\nLa nota ser\u00e1 girada al Departamento Ejecutivo. <\/p>\n\n\n\n<p>-Vecino\nSalese, Eduardo elev\u00f3 nota solicitando la intervenci\u00f3n del Cuerpo a fin de que\nse derive a CEAL Agua el tr\u00e1mite municipal relacionado con la Tarifa Social. La\nnota ser\u00e1 girada al Departamento Ejecutivo. <\/p>\n\n\n\n<p>-C\u00edrculo\n\u00c1rabe de Azul elev\u00f3 nota solicitando que se nomine al Pasaje ubicado en calle\nNecochea e\/ Sarmiento y Lamadrid, frente de la Necr\u00f3polis local con el nombre\nde Pasaje \u201cRepublica del L\u00edbano\u201d. La nota se trat\u00f3 con el orden del d\u00eda. <\/p>\n\n\n\n<p>-Vecino\nRusiecki Hugo elev\u00f3 nota sugiriendo que la futura creaci\u00f3n de hogares\nmaternales se realicen contiguos a las unidades sanitarias de cada barrio. La\nnota ser\u00e1 girada al Departamento Ejecutivo. <\/p>\n\n\n\n<p>-Vecino\nRusiecki Hugo elev\u00f3 nota proponiendo la creaci\u00f3n y emplazamiento de Escuelas\nFabricas en el Partido de Azul. La nota ser\u00e1 girada al Departamento Ejecutivo. <\/p>\n\n\n\n<p><strong>RESPUESTAS A EXPEDIENTES<\/strong><\/p>\n\n\n\n<p>-Respuesta a la nota enviada al Consejo Escolar con\nla inquietud del vecino Hugo Rusiecki relacionada a la reparaci\u00f3n de\ncalefactores en un establecimiento escolar de Chillar. Qued\u00f3 por Presidencia\npara consulta de los Concejales.<\/p>\n\n\n\n<p>-Respuesta del Departamento Ejecutivo a la\nComunicaci\u00f3n 2.409\/2019 mediante la cual se le requiere que informe, a trav\u00e9s\ndel \u00e1rea que corresponda, en qu\u00e9 estado se encuentra el tr\u00e1mite de\nescrituraci\u00f3n en relaci\u00f3n a los lotes cedidos a favor de la Municipalidad de\nAzul y vinculados con el Club Atl\u00e9tico Estudiantes de Chillar. Qued\u00f3 por\nPresidencia para consulta de los Concejales.<\/p>\n\n\n\n<p><strong>NOTAS RECIBIDAS ANEXO AL ORDEN DEL D\u00cdA<\/strong><\/p>\n\n\n\n<ol class=\"wp-block-list\"><li>Intendente Municipal remite copia del Decreto N\u00b0\n1.548\/2019 que aprueba y pone en vigencia las nuevas escalas salariales que\nsurgen por aplicaci\u00f3n de los acuerdos arribados en fecha 16 de Agosto de 2019. <\/li><\/ol>\n\n\n\n<ul class=\"wp-block-list\"><li>Concejales del partido de Azul elevan nota con\npropuesta para la distinci\u00f3n de Ciudadano Ilustre del partido de Azul a fin de\nque sea considerada en el marco de la Ordenanza N\u00ba 4.398.<\/li><\/ul>\n\n\n\n<ul class=\"wp-block-list\"><li>Vecino Hugo Rusiecki elev\u00f3 propuesta para la\ndesignaci\u00f3n de un Coordinador que sirva de enlace entre los Departamentos\nEjecutivo y Legislativo.<\/li><\/ul>\n\n\n\n<ul class=\"wp-block-list\"><li>&nbsp;Vecino Hugo\nRusiecki elev\u00f3 propuesta para el ordenamiento de tr\u00e1nsito vehicular en el\nParque Municipal.<\/li><\/ul>\n","protected":false},"excerpt":{"rendered":"<p>Se llevaron a cabo, en la tarde de este martes, dos sesiones ordinarias en el marco del Poder Legislativo local. En este sentido, los ediles llevaron delante de manera conjunta la d\u00e9cimo sexta y d\u00e9cimo s\u00e9ptima sesi\u00f3n ordinaria, ejercicio 2019. Ambas sesiones, contaron con un orden del d\u00eda compuesto por 45 puntos entre los que [&hellip;]<\/p>\n","protected":false},"author":2,"featured_media":971,"comment_status":"open","ping_status":"open","sticky":false,"template":"","format":"standard","meta":{"tdm_status":"","tdm_grid_status":"","footnotes":""},"categories":[7],"tags":[],"class_list":{"0":"post-970","1":"post","2":"type-post","3":"status-publish","4":"format-standard","5":"has-post-thumbnail","7":"category-noticias"},"yoast_head":"<!-- This site is optimized with the Yoast SEO plugin v27.3 - https:\/\/yoast.com\/product\/yoast-seo-wordpress\/ -->\n<title>Concejo Deliberante: d\u00e9cimo sexta y s\u00e9ptima sesi\u00f3n ordinaria - Concejo deliberante de Azul<\/title>\n<meta name=\"robots\" content=\"index, follow, max-snippet:-1, max-image-preview:large, max-video-preview:-1\" \/>\n<link rel=\"canonical\" href=\"https:\/\/concejodeliberantedeazul.gob.ar\/index.php\/2019\/12\/02\/concejo-deliberante-decimo-sexta-y-septima-sesion-ordinaria\/\" \/>\n<meta property=\"og:locale\" content=\"es_ES\" \/>\n<meta property=\"og:type\" content=\"article\" \/>\n<meta property=\"og:title\" content=\"Concejo Deliberante: d\u00e9cimo sexta y s\u00e9ptima sesi\u00f3n ordinaria - Concejo deliberante de Azul\" \/>\n<meta property=\"og:description\" content=\"Se llevaron a cabo, en la tarde de este martes, dos sesiones ordinarias en el marco del Poder Legislativo local. En este sentido, los ediles llevaron delante de manera conjunta la d\u00e9cimo sexta y d\u00e9cimo s\u00e9ptima sesi\u00f3n ordinaria, ejercicio 2019. Ambas sesiones, contaron con un orden del d\u00eda compuesto por 45 puntos entre los que [&hellip;]\" \/>\n<meta property=\"og:url\" content=\"https:\/\/concejodeliberantedeazul.gob.ar\/index.php\/2019\/12\/02\/concejo-deliberante-decimo-sexta-y-septima-sesion-ordinaria\/\" \/>\n<meta property=\"og:site_name\" content=\"Concejo deliberante de Azul\" \/>\n<meta property=\"article:published_time\" content=\"2019-12-02T13:56:16+00:00\" \/>\n<meta property=\"article:modified_time\" content=\"2019-12-02T13:56:25+00:00\" \/>\n<meta property=\"og:image\" content=\"http:\/\/concejodeliberantedeazul.gob.ar\/wp-content\/uploads\/2019\/12\/05-11-sesi\u00f3n-concejo-01.jpg\" \/>\n\t<meta property=\"og:image:width\" content=\"1600\" \/>\n\t<meta property=\"og:image:height\" content=\"947\" \/>\n\t<meta property=\"og:image:type\" content=\"image\/jpeg\" \/>\n<meta name=\"author\" content=\"Concejo Deliberante Azul\" \/>\n<meta name=\"twitter:card\" content=\"summary_large_image\" \/>\n<meta name=\"twitter:label1\" content=\"Escrito por\" \/>\n\t<meta name=\"twitter:data1\" content=\"Concejo Deliberante Azul\" \/>\n\t<meta name=\"twitter:label2\" content=\"Tiempo de lectura\" \/>\n\t<meta name=\"twitter:data2\" content=\"15 minutos\" \/>\n<script type=\"application\/ld+json\" class=\"yoast-schema-graph\">{\"@context\":\"https:\\\/\\\/schema.org\",\"@graph\":[{\"@type\":\"Article\",\"@id\":\"https:\\\/\\\/concejodeliberantedeazul.gob.ar\\\/index.php\\\/2019\\\/12\\\/02\\\/concejo-deliberante-decimo-sexta-y-septima-sesion-ordinaria\\\/#article\",\"isPartOf\":{\"@id\":\"https:\\\/\\\/concejodeliberantedeazul.gob.ar\\\/index.php\\\/2019\\\/12\\\/02\\\/concejo-deliberante-decimo-sexta-y-septima-sesion-ordinaria\\\/\"},\"author\":{\"name\":\"Concejo Deliberante Azul\",\"@id\":\"http:\\\/\\\/concejodeliberantedeazul.gob.ar\\\/#\\\/schema\\\/person\\\/65fd6514aee7c29f008fc53b206198fe\"},\"headline\":\"Concejo Deliberante: d\u00e9cimo sexta y s\u00e9ptima sesi\u00f3n ordinaria\",\"datePublished\":\"2019-12-02T13:56:16+00:00\",\"dateModified\":\"2019-12-02T13:56:25+00:00\",\"mainEntityOfPage\":{\"@id\":\"https:\\\/\\\/concejodeliberantedeazul.gob.ar\\\/index.php\\\/2019\\\/12\\\/02\\\/concejo-deliberante-decimo-sexta-y-septima-sesion-ordinaria\\\/\"},\"wordCount\":3029,\"commentCount\":0,\"image\":{\"@id\":\"https:\\\/\\\/concejodeliberantedeazul.gob.ar\\\/index.php\\\/2019\\\/12\\\/02\\\/concejo-deliberante-decimo-sexta-y-septima-sesion-ordinaria\\\/#primaryimage\"},\"thumbnailUrl\":\"http:\\\/\\\/concejodeliberantedeazul.gob.ar\\\/wp-content\\\/uploads\\\/2019\\\/12\\\/05-11-sesi\u00f3n-concejo-01.jpg\",\"articleSection\":[\"Noticias\"],\"inLanguage\":\"es-AR\",\"potentialAction\":[{\"@type\":\"CommentAction\",\"name\":\"Comment\",\"target\":[\"https:\\\/\\\/concejodeliberantedeazul.gob.ar\\\/index.php\\\/2019\\\/12\\\/02\\\/concejo-deliberante-decimo-sexta-y-septima-sesion-ordinaria\\\/#respond\"]}]},{\"@type\":\"WebPage\",\"@id\":\"https:\\\/\\\/concejodeliberantedeazul.gob.ar\\\/index.php\\\/2019\\\/12\\\/02\\\/concejo-deliberante-decimo-sexta-y-septima-sesion-ordinaria\\\/\",\"url\":\"https:\\\/\\\/concejodeliberantedeazul.gob.ar\\\/index.php\\\/2019\\\/12\\\/02\\\/concejo-deliberante-decimo-sexta-y-septima-sesion-ordinaria\\\/\",\"name\":\"Concejo Deliberante: d\u00e9cimo sexta y s\u00e9ptima sesi\u00f3n ordinaria - Concejo deliberante de Azul\",\"isPartOf\":{\"@id\":\"http:\\\/\\\/concejodeliberantedeazul.gob.ar\\\/#website\"},\"primaryImageOfPage\":{\"@id\":\"https:\\\/\\\/concejodeliberantedeazul.gob.ar\\\/index.php\\\/2019\\\/12\\\/02\\\/concejo-deliberante-decimo-sexta-y-septima-sesion-ordinaria\\\/#primaryimage\"},\"image\":{\"@id\":\"https:\\\/\\\/concejodeliberantedeazul.gob.ar\\\/index.php\\\/2019\\\/12\\\/02\\\/concejo-deliberante-decimo-sexta-y-septima-sesion-ordinaria\\\/#primaryimage\"},\"thumbnailUrl\":\"http:\\\/\\\/concejodeliberantedeazul.gob.ar\\\/wp-content\\\/uploads\\\/2019\\\/12\\\/05-11-sesi\u00f3n-concejo-01.jpg\",\"datePublished\":\"2019-12-02T13:56:16+00:00\",\"dateModified\":\"2019-12-02T13:56:25+00:00\",\"author\":{\"@id\":\"http:\\\/\\\/concejodeliberantedeazul.gob.ar\\\/#\\\/schema\\\/person\\\/65fd6514aee7c29f008fc53b206198fe\"},\"breadcrumb\":{\"@id\":\"https:\\\/\\\/concejodeliberantedeazul.gob.ar\\\/index.php\\\/2019\\\/12\\\/02\\\/concejo-deliberante-decimo-sexta-y-septima-sesion-ordinaria\\\/#breadcrumb\"},\"inLanguage\":\"es-AR\",\"potentialAction\":[{\"@type\":\"ReadAction\",\"target\":[\"https:\\\/\\\/concejodeliberantedeazul.gob.ar\\\/index.php\\\/2019\\\/12\\\/02\\\/concejo-deliberante-decimo-sexta-y-septima-sesion-ordinaria\\\/\"]}]},{\"@type\":\"ImageObject\",\"inLanguage\":\"es-AR\",\"@id\":\"https:\\\/\\\/concejodeliberantedeazul.gob.ar\\\/index.php\\\/2019\\\/12\\\/02\\\/concejo-deliberante-decimo-sexta-y-septima-sesion-ordinaria\\\/#primaryimage\",\"url\":\"http:\\\/\\\/concejodeliberantedeazul.gob.ar\\\/wp-content\\\/uploads\\\/2019\\\/12\\\/05-11-sesi\u00f3n-concejo-01.jpg\",\"contentUrl\":\"http:\\\/\\\/concejodeliberantedeazul.gob.ar\\\/wp-content\\\/uploads\\\/2019\\\/12\\\/05-11-sesi\u00f3n-concejo-01.jpg\",\"width\":1600,\"height\":947},{\"@type\":\"BreadcrumbList\",\"@id\":\"https:\\\/\\\/concejodeliberantedeazul.gob.ar\\\/index.php\\\/2019\\\/12\\\/02\\\/concejo-deliberante-decimo-sexta-y-septima-sesion-ordinaria\\\/#breadcrumb\",\"itemListElement\":[{\"@type\":\"ListItem\",\"position\":1,\"name\":\"Inicio\",\"item\":\"https:\\\/\\\/concejodeliberantedeazul.gob.ar\\\/\"},{\"@type\":\"ListItem\",\"position\":2,\"name\":\"Concejo Deliberante: d\u00e9cimo sexta y s\u00e9ptima sesi\u00f3n ordinaria\"}]},{\"@type\":\"WebSite\",\"@id\":\"http:\\\/\\\/concejodeliberantedeazul.gob.ar\\\/#website\",\"url\":\"http:\\\/\\\/concejodeliberantedeazul.gob.ar\\\/\",\"name\":\"Concejo deliberante de Azul\",\"description\":\"Sitio Web Oficial del Concejo Deliberante de Azul, Prov. de Buenos Aires - Conformado por 18 concejales de todo el partido.\",\"potentialAction\":[{\"@type\":\"SearchAction\",\"target\":{\"@type\":\"EntryPoint\",\"urlTemplate\":\"http:\\\/\\\/concejodeliberantedeazul.gob.ar\\\/?s={search_term_string}\"},\"query-input\":{\"@type\":\"PropertyValueSpecification\",\"valueRequired\":true,\"valueName\":\"search_term_string\"}}],\"inLanguage\":\"es-AR\"},{\"@type\":\"Person\",\"@id\":\"http:\\\/\\\/concejodeliberantedeazul.gob.ar\\\/#\\\/schema\\\/person\\\/65fd6514aee7c29f008fc53b206198fe\",\"name\":\"Concejo Deliberante Azul\",\"image\":{\"@type\":\"ImageObject\",\"inLanguage\":\"es-AR\",\"@id\":\"https:\\\/\\\/secure.gravatar.com\\\/avatar\\\/30d9ae907861b897be87a25469982f0cfbce09947e0998bf7d9d0ecab450fb85?s=96&d=mm&r=g\",\"url\":\"https:\\\/\\\/secure.gravatar.com\\\/avatar\\\/30d9ae907861b897be87a25469982f0cfbce09947e0998bf7d9d0ecab450fb85?s=96&d=mm&r=g\",\"contentUrl\":\"https:\\\/\\\/secure.gravatar.com\\\/avatar\\\/30d9ae907861b897be87a25469982f0cfbce09947e0998bf7d9d0ecab450fb85?s=96&d=mm&r=g\",\"caption\":\"Concejo Deliberante Azul\"},\"url\":\"http:\\\/\\\/concejodeliberantedeazul.gob.ar\\\/index.php\\\/author\\\/concejo\\\/\"}]}<\/script>\n<!-- \/ Yoast SEO plugin. -->","yoast_head_json":{"title":"Concejo Deliberante: d\u00e9cimo sexta y s\u00e9ptima sesi\u00f3n ordinaria - Concejo deliberante de Azul","robots":{"index":"index","follow":"follow","max-snippet":"max-snippet:-1","max-image-preview":"max-image-preview:large","max-video-preview":"max-video-preview:-1"},"canonical":"https:\/\/concejodeliberantedeazul.gob.ar\/index.php\/2019\/12\/02\/concejo-deliberante-decimo-sexta-y-septima-sesion-ordinaria\/","og_locale":"es_ES","og_type":"article","og_title":"Concejo Deliberante: d\u00e9cimo sexta y s\u00e9ptima sesi\u00f3n ordinaria - Concejo deliberante de Azul","og_description":"Se llevaron a cabo, en la tarde de este martes, dos sesiones ordinarias en el marco del Poder Legislativo local. En este sentido, los ediles llevaron delante de manera conjunta la d\u00e9cimo sexta y d\u00e9cimo s\u00e9ptima sesi\u00f3n ordinaria, ejercicio 2019. Ambas sesiones, contaron con un orden del d\u00eda compuesto por 45 puntos entre los que [&hellip;]","og_url":"https:\/\/concejodeliberantedeazul.gob.ar\/index.php\/2019\/12\/02\/concejo-deliberante-decimo-sexta-y-septima-sesion-ordinaria\/","og_site_name":"Concejo deliberante de Azul","article_published_time":"2019-12-02T13:56:16+00:00","article_modified_time":"2019-12-02T13:56:25+00:00","og_image":[{"width":1600,"height":947,"url":"http:\/\/concejodeliberantedeazul.gob.ar\/wp-content\/uploads\/2019\/12\/05-11-sesi\u00f3n-concejo-01.jpg","type":"image\/jpeg"}],"author":"Concejo Deliberante Azul","twitter_card":"summary_large_image","twitter_misc":{"Escrito por":"Concejo Deliberante Azul","Tiempo de lectura":"15 minutos"},"schema":{"@context":"https:\/\/schema.org","@graph":[{"@type":"Article","@id":"https:\/\/concejodeliberantedeazul.gob.ar\/index.php\/2019\/12\/02\/concejo-deliberante-decimo-sexta-y-septima-sesion-ordinaria\/#article","isPartOf":{"@id":"https:\/\/concejodeliberantedeazul.gob.ar\/index.php\/2019\/12\/02\/concejo-deliberante-decimo-sexta-y-septima-sesion-ordinaria\/"},"author":{"name":"Concejo Deliberante Azul","@id":"http:\/\/concejodeliberantedeazul.gob.ar\/#\/schema\/person\/65fd6514aee7c29f008fc53b206198fe"},"headline":"Concejo Deliberante: d\u00e9cimo sexta y s\u00e9ptima sesi\u00f3n ordinaria","datePublished":"2019-12-02T13:56:16+00:00","dateModified":"2019-12-02T13:56:25+00:00","mainEntityOfPage":{"@id":"https:\/\/concejodeliberantedeazul.gob.ar\/index.php\/2019\/12\/02\/concejo-deliberante-decimo-sexta-y-septima-sesion-ordinaria\/"},"wordCount":3029,"commentCount":0,"image":{"@id":"https:\/\/concejodeliberantedeazul.gob.ar\/index.php\/2019\/12\/02\/concejo-deliberante-decimo-sexta-y-septima-sesion-ordinaria\/#primaryimage"},"thumbnailUrl":"http:\/\/concejodeliberantedeazul.gob.ar\/wp-content\/uploads\/2019\/12\/05-11-sesi\u00f3n-concejo-01.jpg","articleSection":["Noticias"],"inLanguage":"es-AR","potentialAction":[{"@type":"CommentAction","name":"Comment","target":["https:\/\/concejodeliberantedeazul.gob.ar\/index.php\/2019\/12\/02\/concejo-deliberante-decimo-sexta-y-septima-sesion-ordinaria\/#respond"]}]},{"@type":"WebPage","@id":"https:\/\/concejodeliberantedeazul.gob.ar\/index.php\/2019\/12\/02\/concejo-deliberante-decimo-sexta-y-septima-sesion-ordinaria\/","url":"https:\/\/concejodeliberantedeazul.gob.ar\/index.php\/2019\/12\/02\/concejo-deliberante-decimo-sexta-y-septima-sesion-ordinaria\/","name":"Concejo Deliberante: d\u00e9cimo sexta y s\u00e9ptima sesi\u00f3n ordinaria - Concejo deliberante de Azul","isPartOf":{"@id":"http:\/\/concejodeliberantedeazul.gob.ar\/#website"},"primaryImageOfPage":{"@id":"https:\/\/concejodeliberantedeazul.gob.ar\/index.php\/2019\/12\/02\/concejo-deliberante-decimo-sexta-y-septima-sesion-ordinaria\/#primaryimage"},"image":{"@id":"https:\/\/concejodeliberantedeazul.gob.ar\/index.php\/2019\/12\/02\/concejo-deliberante-decimo-sexta-y-septima-sesion-ordinaria\/#primaryimage"},"thumbnailUrl":"http:\/\/concejodeliberantedeazul.gob.ar\/wp-content\/uploads\/2019\/12\/05-11-sesi\u00f3n-concejo-01.jpg","datePublished":"2019-12-02T13:56:16+00:00","dateModified":"2019-12-02T13:56:25+00:00","author":{"@id":"http:\/\/concejodeliberantedeazul.gob.ar\/#\/schema\/person\/65fd6514aee7c29f008fc53b206198fe"},"breadcrumb":{"@id":"https:\/\/concejodeliberantedeazul.gob.ar\/index.php\/2019\/12\/02\/concejo-deliberante-decimo-sexta-y-septima-sesion-ordinaria\/#breadcrumb"},"inLanguage":"es-AR","potentialAction":[{"@type":"ReadAction","target":["https:\/\/concejodeliberantedeazul.gob.ar\/index.php\/2019\/12\/02\/concejo-deliberante-decimo-sexta-y-septima-sesion-ordinaria\/"]}]},{"@type":"ImageObject","inLanguage":"es-AR","@id":"https:\/\/concejodeliberantedeazul.gob.ar\/index.php\/2019\/12\/02\/concejo-deliberante-decimo-sexta-y-septima-sesion-ordinaria\/#primaryimage","url":"http:\/\/concejodeliberantedeazul.gob.ar\/wp-content\/uploads\/2019\/12\/05-11-sesi\u00f3n-concejo-01.jpg","contentUrl":"http:\/\/concejodeliberantedeazul.gob.ar\/wp-content\/uploads\/2019\/12\/05-11-sesi\u00f3n-concejo-01.jpg","width":1600,"height":947},{"@type":"BreadcrumbList","@id":"https:\/\/concejodeliberantedeazul.gob.ar\/index.php\/2019\/12\/02\/concejo-deliberante-decimo-sexta-y-septima-sesion-ordinaria\/#breadcrumb","itemListElement":[{"@type":"ListItem","position":1,"name":"Inicio","item":"https:\/\/concejodeliberantedeazul.gob.ar\/"},{"@type":"ListItem","position":2,"name":"Concejo Deliberante: d\u00e9cimo sexta y s\u00e9ptima sesi\u00f3n ordinaria"}]},{"@type":"WebSite","@id":"http:\/\/concejodeliberantedeazul.gob.ar\/#website","url":"http:\/\/concejodeliberantedeazul.gob.ar\/","name":"Concejo deliberante de Azul","description":"Sitio Web Oficial del Concejo Deliberante de Azul, Prov. de Buenos Aires - Conformado por 18 concejales de todo el partido.","potentialAction":[{"@type":"SearchAction","target":{"@type":"EntryPoint","urlTemplate":"http:\/\/concejodeliberantedeazul.gob.ar\/?s={search_term_string}"},"query-input":{"@type":"PropertyValueSpecification","valueRequired":true,"valueName":"search_term_string"}}],"inLanguage":"es-AR"},{"@type":"Person","@id":"http:\/\/concejodeliberantedeazul.gob.ar\/#\/schema\/person\/65fd6514aee7c29f008fc53b206198fe","name":"Concejo Deliberante Azul","image":{"@type":"ImageObject","inLanguage":"es-AR","@id":"https:\/\/secure.gravatar.com\/avatar\/30d9ae907861b897be87a25469982f0cfbce09947e0998bf7d9d0ecab450fb85?s=96&d=mm&r=g","url":"https:\/\/secure.gravatar.com\/avatar\/30d9ae907861b897be87a25469982f0cfbce09947e0998bf7d9d0ecab450fb85?s=96&d=mm&r=g","contentUrl":"https:\/\/secure.gravatar.com\/avatar\/30d9ae907861b897be87a25469982f0cfbce09947e0998bf7d9d0ecab450fb85?s=96&d=mm&r=g","caption":"Concejo Deliberante Azul"},"url":"http:\/\/concejodeliberantedeazul.gob.ar\/index.php\/author\/concejo\/"}]}},"amp_enabled":true,"_links":{"self":[{"href":"http:\/\/concejodeliberantedeazul.gob.ar\/index.php\/wp-json\/wp\/v2\/posts\/970","targetHints":{"allow":["GET"]}}],"collection":[{"href":"http:\/\/concejodeliberantedeazul.gob.ar\/index.php\/wp-json\/wp\/v2\/posts"}],"about":[{"href":"http:\/\/concejodeliberantedeazul.gob.ar\/index.php\/wp-json\/wp\/v2\/types\/post"}],"author":[{"embeddable":true,"href":"http:\/\/concejodeliberantedeazul.gob.ar\/index.php\/wp-json\/wp\/v2\/users\/2"}],"replies":[{"embeddable":true,"href":"http:\/\/concejodeliberantedeazul.gob.ar\/index.php\/wp-json\/wp\/v2\/comments?post=970"}],"version-history":[{"count":1,"href":"http:\/\/concejodeliberantedeazul.gob.ar\/index.php\/wp-json\/wp\/v2\/posts\/970\/revisions"}],"predecessor-version":[{"id":972,"href":"http:\/\/concejodeliberantedeazul.gob.ar\/index.php\/wp-json\/wp\/v2\/posts\/970\/revisions\/972"}],"wp:featuredmedia":[{"embeddable":true,"href":"http:\/\/concejodeliberantedeazul.gob.ar\/index.php\/wp-json\/wp\/v2\/media\/971"}],"wp:attachment":[{"href":"http:\/\/concejodeliberantedeazul.gob.ar\/index.php\/wp-json\/wp\/v2\/media?parent=970"}],"wp:term":[{"taxonomy":"category","embeddable":true,"href":"http:\/\/concejodeliberantedeazul.gob.ar\/index.php\/wp-json\/wp\/v2\/categories?post=970"},{"taxonomy":"post_tag","embeddable":true,"href":"http:\/\/concejodeliberantedeazul.gob.ar\/index.php\/wp-json\/wp\/v2\/tags?post=970"}],"curies":[{"name":"wp","href":"https:\/\/api.w.org\/{rel}","templated":true}]}}