{"id":3776,"date":"2026-04-01T12:22:53","date_gmt":"2026-04-01T15:22:53","guid":{"rendered":"https:\/\/concejodeliberantedeazul.gob.ar\/?p=3776"},"modified":"2026-04-01T12:31:33","modified_gmt":"2026-04-01T15:31:33","slug":"tercera-sesion-ordinaria-6","status":"publish","type":"post","link":"http:\/\/concejodeliberantedeazul.gob.ar\/index.php\/2026\/04\/01\/tercera-sesion-ordinaria-6\/","title":{"rendered":"Tercera Sesi\u00f3n Ordinaria"},"content":{"rendered":"\n<p>Este martes, 7 de abril, se llevar\u00e1 a cabo la Tercera Sesi\u00f3n Ordinaria, ejercicio 2026.<\/p>\n\n\n\n<p>Los Concejales dar\u00e1n tratamiento a un Orden del D\u00eda que contempla expedientes elevados por el Intendente Municipal, despachos de las Comisiones Permanentes del Concejo Deliberante, proyectos de los diferentes bloques pol\u00edticos y notas recibidas de vecinos e instituciones.<\/p>\n\n\n\n<p>La Sesi\u00f3n se transmitir\u00e1 en vivo por el canal oficial de YouTube, Concejo Deliberante de Azul.<\/p>\n\n\n\n<p>Orden del D\u00eda:<\/p>\n\n\n\n<ol class=\"wp-block-list\">\n<li>Aprobaci\u00f3n del acta correspondiente a la Primera Sesi\u00f3n Ordinaria celebrada el pasado 3 de marzo.<\/li>\n<\/ol>\n\n\n\n<ul class=\"wp-block-list\">\n<li>Lectura de Notas Recibidas.<\/li>\n<\/ul>\n\n\n\n<p><strong>Expedientes elevados por el Departamento Ejecutivo<\/strong><\/p>\n\n\n\n<ul class=\"wp-block-list\">\n<li>Eleva actuaciones iniciadas por la Contadur\u00eda General, con proyecto de Ordenanza referido a los Estados Contables e informaci\u00f3n complementaria correspondiente al ejercicio finalizado el 31 de diciembre de 2025. <\/li>\n\n\n\n<li>Eleva actuaciones iniciadas por la Delegaci\u00f3n Departamental de Investigaciones del Tr\u00e1fico de Drogas Il\u00edcitas de Azul, con proyecto de Ordenanza relacionado con la renovaci\u00f3n del Contrato de Comodato del inmueble sito en Av. Mitre N\u00ba 235.<\/li>\n\n\n\n<li>Eleva actuaciones iniciadas por la Empresa Ap\u00edcola Mu\u00f1iz, con proyecto de Ordenanza referido a autorizar a escriturar a Jos\u00e9 Mar\u00eda Mu\u00f1iz y Ger\u00f3nimo Walter Mu\u00f1iz una parcela del PIDA II, identificada como lote 5.<\/li>\n\n\n\n<li>Eleva actuaciones iniciadas por el Organismo Descentralizado Vialidad Rural, con proyecto de Ordenanza referido a los Estados Contables e informaci\u00f3n complementaria correspondiente al ejercicio finalizado el 31 de diciembre de 2025.<\/li>\n\n\n\n<li>Eleva actuaciones iniciadas por la Subdirecci\u00f3n Gesti\u00f3n de Patrimonio, con proyecto de Ordenanza referido a aceptar la donaci\u00f3n de bienes destinados al Centro Comunitario y Cultural \u201cSoles y Fogatas\u201d.<\/li>\n<\/ul>\n\n\n\n<p><strong>Despachos de las diferentes Comisiones:<\/strong><\/p>\n\n\n\n<ul class=\"wp-block-list\">\n<li>Despacho de la Comisi\u00f3n de Interpretaci\u00f3n, Legislaci\u00f3n y Seguridad P\u00fablica,aconsejando la aprobaci\u00f3n del proyecto de Ordenanza referido a autorizar a escriturar a Pav\u00f3n Alcides H\u00e9ctor una parcela del PIDA II, identificada como lote 24.<\/li>\n\n\n\n<li>Despacho de la Comisi\u00f3n de Interpretaci\u00f3n, Legislaci\u00f3n y Seguridad P\u00fablica,aconsejando la aprobaci\u00f3n del proyecto de Ordenanza referido a autorizar a escriturar a Volpi H\u00e9ctor Alfredo dos parcelas del PIDA II, identificadas como lotes 75 y 76.<\/li>\n\n\n\n<li>Despachos de las Comisiones de Obras P\u00fablicas, Vialidad y Transporte y de Interpretaci\u00f3n, Legislaci\u00f3n y Seguridad P\u00fablica,aconsejando la aprobaci\u00f3n del proyecto de Ordenanza referido a convalidar el Contrato de Comodato suscripto con Azul MX mediante el cual se otorga en pr\u00e9stamo de uso gratuito una fracci\u00f3n de terreno destinada al desarrollo de actividades relacionadas con la pr\u00e1ctica de motocross en la ciudad de Azul.\u00a0\u00a0<\/li>\n\n\n\n<li>Despachos de las Comisiones de Obras P\u00fablicas, Vialidad y Transporte y de Interpretaci\u00f3n, Legislaci\u00f3n y Seguridad P\u00fablica,aconsejando la aprobaci\u00f3n del proyecto de Ordenanza referido a convalidar el Contrato de Comodato suscripto con la Agrupaci\u00f3n Criolla de Chillar por una fracci\u00f3n de campo- ex Matadero Municipal- destinada al desarrollo de actividades inherentes al objeto social de la mencionada instituci\u00f3n.\u00a0\u00a0<\/li>\n\n\n\n<li>Despachos de las Comisiones de Presupuesto y Hacienda y de Interpretaci\u00f3n, Legislaci\u00f3n y Seguridad P\u00fablica, aconsejando la aprobaci\u00f3n del proyecto de Ordenanza referido a aprobar la Licitaci\u00f3n P\u00fablica N\u00ba 17\/2025 para la concesi\u00f3n del Servicio de Recolecci\u00f3n, Almacenamiento, Transporte, Tratamiento y Disposici\u00f3n Final de Aceites Vegetales y Grasas de Fritura Usados; y adjudicar la misma al proveedor ECOPOR S.A.\u00a0<\/li>\n\n\n\n<li>Despachos de las Comisiones de Presupuesto y Hacienda y de Interpretaci\u00f3n, Legislaci\u00f3n y Seguridad P\u00fablica,aconsejando la aprobaci\u00f3n del proyecto de Ordenanza referido a convalidar el Decreto N\u00ba 2.214\/2025, mediante el cual se aprueba la Licitaci\u00f3n P\u00fablica N\u00ba 24\/2025, para la contrataci\u00f3n del Servicio de Recolecci\u00f3n, Transporte y Disposici\u00f3n Final de Residuos Patog\u00e9nicos con destino a los hospitales del partido de Azul y las unidades sanitarias, por el per\u00edodo enero-junio 2026; y adjudicar la misma al proveedor HIMA GESTI\u00d3N AMBIENTAL S.A.\u00a0<\/li>\n\n\n\n<li>Despachos de las Comisiones de Presupuesto y Hacienda y de Interpretaci\u00f3n, Legislaci\u00f3n y Seguridad P\u00fablica,aconsejando la aprobaci\u00f3n del proyecto de Ordenanza referido a convalidar el Decreto N\u00ba 2.208\/2025, mediante el cual se aprueba la Licitaci\u00f3n P\u00fablica N\u00ba 22\/2025, para el comodato de equipos de laboratorio de an\u00e1lisis cl\u00ednicos, por el ejercicio 2026, destinados a los Hospitales Municipales de Azul y Chillar; y adjudicar la misma a los proveedores BERNARDO LEW E HIJOS SRL y DE LA CANAL ADRIANA.<\/li>\n\n\n\n<li>Despachos de las Comisiones de Obras P\u00fablicas, Vialidad y Transporte y de Interpretaci\u00f3n, Legislaci\u00f3n y Seguridad P\u00fablica,aconsejando la aprobaci\u00f3n del proyecto de Ordenanza referido a modificar el art\u00edculo 1\u00ba de la Ordenanza N\u00ba 4.287\/2019 mediante la cual se procede a la revocaci\u00f3n de la donaci\u00f3n hecha por el Municipio a la Asociaci\u00f3n Empleados de Comercio de Azul del inmueble sito en calle Necochea N\u00ba 74.<\/li>\n\n\n\n<li>Despacho de la Comisi\u00f3n de Interpretaci\u00f3n, Legislaci\u00f3n y Seguridad P\u00fablica,aconsejando la aprobaci\u00f3n del proyecto de Ordenanza referido a adherir a la Ley nacional N\u00ba 27.671 \u201cCuesti\u00f3n de las Islas Malvinas\u201d y establecer la capacitaci\u00f3n obligatoria para los funcionarios.<\/li>\n\n\n\n<li>Despacho de la Comisi\u00f3n de Interpretaci\u00f3n, Legislaci\u00f3n y Seguridad P\u00fablica,aconsejando la aprobaci\u00f3n del proyecto de Ordenanza referido a declarar el 2026 como el a\u00f1o por \u201cLa Memoria, la Verdad y la Justicia\u201d y disponer que los sitios web y la papeler\u00eda oficial de la Municipalidad de Azul lleven la leyenda \u201c2026- A 50 a\u00f1os del \u00faltimo Golpe de Estado en Argentina: por la Memoria, la Verdad y la Justicia\u201d.<\/li>\n\n\n\n<li>Despachos de las Comisiones de Presupuesto y Hacienda y de Interpretaci\u00f3n, Legislaci\u00f3n y Seguridad P\u00fablica,aconsejando la aprobaci\u00f3n del proyecto de Ordenanza referido a autorizar al Departamento Ejecutivo a dar de baja definitiva bienes pertenecientes a diversas \u00e1reas.<\/li>\n\n\n\n<li>Despachos de las Comisiones de Presupuesto y Hacienda y de Interpretaci\u00f3n, Legislaci\u00f3n y Seguridad P\u00fablica,aconsejando la aprobaci\u00f3n del proyecto de Ordenanza referido a autorizar al Departamento Ejecutivo a dar de baja definitiva un bien perteneciente a la Direcci\u00f3n de Servicios P\u00fablicos.<\/li>\n\n\n\n<li>Despachos de las Comisiones de Presupuesto y Hacienda y de Interpretaci\u00f3n, Legislaci\u00f3n y Seguridad P\u00fablica,aconsejando la aprobaci\u00f3n del proyecto de Ordenanza referido a autorizar al Departamento Ejecutivo a dar de baja definitiva un bien perteneciente a la Direcci\u00f3n de Servicios P\u00fablicos.<\/li>\n\n\n\n<li>Despachos de las Comisiones de Presupuesto y Hacienda y de Interpretaci\u00f3n, Legislaci\u00f3n y Seguridad P\u00fablica,aconsejando la aprobaci\u00f3n del proyecto de Ordenanza referido a autorizar al Departamento Ejecutivo a dar de baja definitiva, por hurto, bienes pertenecientes al \u00c1rea de Saneamiento.<\/li>\n\n\n\n<li>Despachos de las Comisiones de Presupuesto y Hacienda y de Interpretaci\u00f3n, Legislaci\u00f3n y Seguridad P\u00fablica,aconsejando la aprobaci\u00f3n del proyecto de Ordenanza referido a autorizar al Departamento Ejecutivo a dar de baja definitiva, por hurto, un bien perteneciente a la Subsecretar\u00eda de Desarrollo Humano y Abordaje Integral.<\/li>\n\n\n\n<li>Despachos de las Comisiones de Presupuesto y Hacienda y de Interpretaci\u00f3n, Legislaci\u00f3n y Seguridad P\u00fablica,aconsejando la aprobaci\u00f3n del proyecto de Ordenanza referido a autorizar al Departamento Ejecutivo a dar de baja definitiva, y posterior venta, un bien rodado perteneciente a la Subdirecci\u00f3n de Gesti\u00f3n de Automotores.<\/li>\n\n\n\n<li>Despachos de las Comisiones de Presupuesto y Hacienda y de Interpretaci\u00f3n, Legislaci\u00f3n y Seguridad P\u00fablica,aconsejando la aprobaci\u00f3n del proyecto de Ordenanza referido a autorizar al Departamento Ejecutivo a dar de baja definitiva bienes pertenecientes a la Secretar\u00eda de Desarrollo de la Comunidad.<\/li>\n\n\n\n<li>Despachos de las Comisiones de Presupuesto y Hacienda y de Interpretaci\u00f3n, Legislaci\u00f3n y Seguridad P\u00fablica, aconsejando la aprobaci\u00f3n del proyecto de Ordenanza referido a autorizar al Departamento Ejecutivo a dar de baja definitiva bienes pertenecientes a la Direcci\u00f3n de Servicios P\u00fablicos.<\/li>\n\n\n\n<li>Despachos de las Comisiones de Presupuesto y Hacienda y de Interpretaci\u00f3n, Legislaci\u00f3n y Seguridad P\u00fablica,aconsejando la aprobaci\u00f3n del proyecto de Ordenanza referido a autorizar al Departamento Ejecutivo a dar de baja definitiva, por hurto, un bien perteneciente a la Direcci\u00f3n de Servicios P\u00fablicos.<\/li>\n\n\n\n<li>Despachos de las Comisiones de Presupuesto y Hacienda y de Interpretaci\u00f3n, Legislaci\u00f3n y Seguridad P\u00fablica,aconsejando la aprobaci\u00f3n del proyecto de Ordenanza referido a autorizar al Departamento Ejecutivo a dar de baja definitiva bienes pertenecientes a diversas \u00e1reas.<\/li>\n\n\n\n<li>Despachos de las Comisiones de Presupuesto y Hacienda y de Interpretaci\u00f3n, Legislaci\u00f3n y Seguridad P\u00fablica,aconsejando la aprobaci\u00f3n del proyecto de Ordenanza referido a autorizar al Departamento Ejecutivo a dar de baja definitiva, por hurto, bienes pertenecientes al patrimonio municipal.<\/li>\n\n\n\n<li>Despachos de las Comisiones de Presupuesto y Hacienda y de Interpretaci\u00f3n, Legislaci\u00f3n y Seguridad P\u00fablica,aconsejando la aprobaci\u00f3n del proyecto de Ordenanza referido a autorizar al Departamento Ejecutivo a dar de baja definitiva, por hurto, un bien perteneciente a la Direcci\u00f3n de Turismo y Comercio.<\/li>\n\n\n\n<li>Despachos de las Comisiones de Presupuesto y Hacienda y de Interpretaci\u00f3n, Legislaci\u00f3n y Seguridad P\u00fablica,aconsejando la aprobaci\u00f3n del proyecto de Ordenanza referido a aceptar la donaci\u00f3n de bienes destinados a la Direcci\u00f3n de Ambiente.<\/li>\n\n\n\n<li>Despachos de las Comisiones de Presupuesto y Hacienda y de Interpretaci\u00f3n, Legislaci\u00f3n y Seguridad P\u00fablica,aconsejando la aprobaci\u00f3n del proyecto de Ordenanza referido a aceptar la donaci\u00f3n de bienes destinados al Hospital \u201cDr. \u00c1ngel Pintos\u201d.<\/li>\n\n\n\n<li>Despachos de las Comisiones de Presupuesto y Hacienda y de Interpretaci\u00f3n, Legislaci\u00f3n y Seguridad P\u00fablica,aconsejando la aprobaci\u00f3n del proyecto de Ordenanza referido a aceptar la donaci\u00f3n de obras de arte destinadas al patrimonio del Museo \u201cL\u00f3pez Claro\u201d.<\/li>\n\n\n\n<li>Despachos de las Comisiones de Presupuesto y Hacienda y de Interpretaci\u00f3n, Legislaci\u00f3n y Seguridad P\u00fablica,aconsejando la aprobaci\u00f3n del proyecto de Ordenanza referido a aceptar la donaci\u00f3n por el monto de Pesos Quinientos Mil ($ 500.000) provenientes de la CEAL, destinados al pago de los segundos premios del \u201cCuadrag\u00e9simo Sal\u00f3n Nacional de Artes Visuales \u2013 Dibujo y Pintura 2025\u201d.<\/li>\n\n\n\n<li>Despachos de las Comisiones de Presupuesto y Hacienda y de Interpretaci\u00f3n, Legislaci\u00f3n y Seguridad P\u00fablica,aconsejando la aprobaci\u00f3n del proyecto de Ordenanza referido a aceptar la donaci\u00f3n por el monto de Pesos Dos Millones Cien Mil ($2.100.000) provenientes del Banco de la Provincia de Buenos Aires por su participaci\u00f3n como sponsor del \u201cVI Encuentro del Foro de las Tesorer\u00edas Municipales de la PBA\u201d, realizado el pasado 19 de septiembre.<\/li>\n\n\n\n<li>Despacho de la Comisi\u00f3n de Acci\u00f3n Social, Cultura, Educaci\u00f3n y Deportes,con proyecto de Resoluci\u00f3n referido a Declarar de Inter\u00e9s Deportivo, Tur\u00edstico y Cultural la disciplina deportiva Newcom.<\/li>\n\n\n\n<li>Despachos de las Comisiones de Presupuesto y Hacienda, de Obras P\u00fablicas, Vialidad y Transporte y de Interpretaci\u00f3n, Legislaci\u00f3n y Seguridad P\u00fablica, con proyecto de Resoluci\u00f3n referido a girar al Departamento Ejecutivo las presentes actuaciones. (INTENDENTE MUNICIPAL. Eleva copia de la Resoluci\u00f3n RESO-2026-9-GDEBA-MIYSPGP, mediante la cual se aprueba la adenda CONVE-2025-46357666-GDEBA-MIYSPGP suscripto el 22 de diciembre del a\u00f1o 2025, entre el Departamento Ejecutivo y el Ministerio de Infraestructura y Servicios P\u00fablicos de la Provincia de Buenos Aires, en el marco del Fondo Municipal para convenios de Infraestructura).<\/li>\n\n\n\n<li>Despacho en Conjunto de las Comisiones de Obras P\u00fablicas, Vialidad y Transporte, De Presupuesto Y Hacienda Y De Interpretaci\u00f3n, Legislaci\u00f3n Y Seguridad P\u00fablica, con proyecto de Resoluci\u00f3n referido a girar al Departamento Ejecutivo las presentes actuaciones. (VECINO MASSON CARLOS.Eleva documentaci\u00f3n relacionada con la obra de mejoramiento de camino rural, bajo la modalidad Vecino-Empresa, seg\u00fan Ordenanza N\u00b0 5.199, solicitando compensaci\u00f3n mediante cuota de la Tasa por Conservaci\u00f3n de la Red Vial Rural).<\/li>\n\n\n\n<li>Despachos de las Comisiones de Presupuesto y Hacienda y de Interpretaci\u00f3n, Legislaci\u00f3n y Seguridad P\u00fablica aconsejando el archivo de las presentes actuaciones. (INTENDENTE MUNICIPAL. Eleva copia del Decreto N\u00ba 2.185\/2025 que ampl\u00eda partidas presupuestarias de las distintas jurisdicciones a los efectos de cumplir con la modificaci\u00f3n de la estructura org\u00e1nico funcional).<\/li>\n<\/ul>\n\n\n\n<p><strong>Proyectos de los diferentes bloques:<\/strong><\/p>\n\n\n\n<ul class=\"wp-block-list\">\n<li>Bloque Gen Azul eleva proyecto de Resoluci\u00f3n referido a encomendar al Intendente Municipal gestiones ante organismos nacionales para evitar que, de confirmarse la instalaci\u00f3n de cabinas de peajes en la Ruta N\u00ba 3, las mismas se ubiquen en sectores que perjudiquen econ\u00f3micamente a los vecinos de las localidades.<\/li>\n\n\n\n<li>Bloque Pro Azul eleva proyecto de Comunicaci\u00f3n referido a solicitar al Departamento Ejecutivo que informe sobre cuestiones relacionadas con los reductores de velocidad instalados en distintos puntos de nuestra ciudad.<\/li>\n\n\n\n<li>Concejales Integrantes del Bloque La Libertad Avanza elevan proyecto de Comunicaci\u00f3n referido a solicitar al Departamento Ejecutivo que informe sobre cuestiones relacionadas al sector habitacionado del Hospital \u201cDr. \u00c1ngel Pintos\u201d.\u00a0<\/li>\n\n\n\n<li>Bloque Fuerza Patria eleva proyecto de Comunicaci\u00f3n referido a solicitar a Vialidad Nacional que informe sobre cuestiones relacionadas con la construcci\u00f3n de un puente peatonal en el km 298 de la ruta nacional N\u00ba 3.<\/li>\n\n\n\n<li>Bloque Fuerza Patria eleva proyecto de Resoluci\u00f3n referido a expresar la preocupaci\u00f3n y el rechazo del Cuerpo ante el plan de despidos y recortes presupuestarios en el Servicio Meteorol\u00f3gico Nacional.<\/li>\n\n\n\n<li>Concejales del Partido de Azul elevan proyecto de Resoluci\u00f3n referido a expresar el apoyo a la educaci\u00f3n t\u00e9cnica y reclamar que se garantice su continuidad y calidad mediante la asignaci\u00f3n de los recursos necesarios; asimismo se declara de Inter\u00e9s Comunitario, Educativo y Cultural el centenario de la E.E.S.T. N\u00ba 2 y las actividades que se realicen en el marco de los festejos por el aniversario.<\/li>\n\n\n\n<li>Concejales del Partido de Azul elevan proyecto de Resoluci\u00f3n referido a adherir al documento emanado del Claustro Docente de la Facultad de Derecho de la UNICEN que expresa su profunda preocupaci\u00f3n por el desfinanciamiento que atraviesan las universidades p\u00fablicas de nuestro pa\u00eds y expresar el compromiso con la defensa de las mismas y sus trabajadores.<\/li>\n\n\n\n<li>Bloque Uni\u00f3n C\u00edvica Radical eleva proyecto de Ordenanza referido a adherir a la Ley provincial N\u00ba 15.610 en lo relativo al r\u00e9gimen integral de licencias por adopci\u00f3n y guarda con fines adoptivos, aplicables al personal municipal.\u00a0<\/li>\n\n\n\n<li>Bloque Uni\u00f3n C\u00edvica Radical eleva proyectos de Ordenanza y Resoluci\u00f3n relacionados con la publicaci\u00f3n de los haberes de los funcionarios p\u00fablicos y las declaraciones juradas patrimoniales.<\/li>\n\n\n\n<li>Concejales Integrantes del Bloque La Libertad Avanza elevan proyecto de Comunicaci\u00f3n referido a solicitar al Departamento Ejecutivo que informe sobre cuestiones relacionadas a las obras de infraestructura pluvial del barrio Bidegain.<\/li>\n\n\n\n<li>Concejales del Partido de Azul elevan proyecto de Ordenanza referido a adherir a la Ley N\u00ba 27.802, T\u00edtulo XXIII \u2013 art. 177\u00ba, donde se establece la creaci\u00f3n del R\u00e9gimen de Incentivo para Medianas Inversiones (RIMI).\u00a0<\/li>\n\n\n\n<li>Concejales Integrantes del Bloque La Libertad Avanza elevan proyecto de Comunicaci\u00f3n referido a solicitar al Departamento Ejecutivo que realice la reparaci\u00f3n de las calles de tierra de la zona delimitada por las calles General Paz, Mi\u00f1ana, 63 y Ruta N\u00ba 3; as\u00ed como tambi\u00e9n solicitar a Corredores Viales el mantenimiento, limpieza y alcantarillado de la Ruta N\u00ba 3 desde Ruta N\u00ba 226 hasta Ruta N\u00ba 60.<\/li>\n\n\n\n<li>Concejales Integrantes del Bloque La Libertad Avanza elevan proyecto de Resoluci\u00f3n referido a solicitar al Gobierno Provincial que adhiera a las nuevas disposiciones del Gobierno Nacional, adecuando la normativa vigente en materia de verificaci\u00f3n vehicular.<\/li>\n\n\n\n<li>Concejales del Partido de Azul<strong> <\/strong>elevan proyecto de Resoluci\u00f3n referido a declarar de Inter\u00e9s Comunitario, Cultural y Educativo el desarrollo del proyecto \u201cEncuentro Regional de Ensambles de Guitarras\u201d.<\/li>\n\n\n\n<li>Concejales Integrantes del Bloque La Libertad Avanza elevan proyecto de Ordenanza relacionado con la creaci\u00f3n del R\u00e9gimen de Habilitaciones Comerciales Simplificadas.\u00a0<\/li>\n\n\n\n<li>Bloque Somos Buenos Aires eleva proyecto de Comunicaci\u00f3n referido a requerir al Departamento Ejecutivo que reglamente la Ordenanza N\u00ba 4.750\/2022 mediante la cual se crea el Programa de Gesti\u00f3n Integral de Residuos S\u00f3lidos Urbanos (GIRSU), convoque a la Mesa de Control y Seguimiento e informe sobre distintas cuestiones relacionadas a la tem\u00e1tica.<\/li>\n\n\n\n<li>Concejales del Partido de Azul elevan proyecto de Resoluci\u00f3n referido a declarar de Inter\u00e9s Deportivo y Comunitario la realizaci\u00f3n de la doble jornada de entrenamientos de la Selecci\u00f3n Argentina de Footgolf, categor\u00eda Senior.<\/li>\n\n\n\n<li>Concejales del Partido de Azul elevan proyecto de Comunicaci\u00f3n referido a solicitar al Intendente Municipal que gestione ante la Direcci\u00f3n de Vialidad Nacional las mejoras necesarias sobre la Colectora Oeste (Arturo Umberto Illia).<\/li>\n\n\n\n<li><strong>Notas recibidas<\/strong><\/li>\n\n\n\n<li>Intendente Municipal eleva actuaciones iniciadas por el Organismo Descentralizado de Vialidad Rural ref. a la designaci\u00f3n de Directora Ejecutiva Interina del mencionado Organismo, en virtud de la licencia anual del Director, para conocimiento del Cuerpo en cumplimiento del art\u00edculo 206\u00b0 de la Ley Org\u00e1nica de las Municipalidades.<\/li>\n\n\n\n<li>Asoc. Civil Espacio Verde Santa Luc\u00eda eleva nota solicitando una reuni\u00f3n, con car\u00e1cter de urgente, con la comisi\u00f3n de Interpretaci\u00f3n, Legislaci\u00f3n y Seguridad P\u00fablica a fin de tratar cuestiones relacionadas al expediente \u201cC\u201d 881\/2025.<\/li>\n\n\n\n<li>Vecinos del Barrio San Mart\u00edn de Porres elevan nota solicitando reuni\u00f3n con concejales a fin de poner en conocimiento su situaci\u00f3n; en particular, requieren la apertura de calles para realizar la conexi\u00f3n de luz, con materiales que ellos mismos costearon.<\/li>\n\n\n\n<li>Vecina Ghissoli Andrea.Eleva nota solicitando la extracci\u00f3n de dos \u00e1rboles ubicados en Rivadavia N\u00b0 442 por roturas en la vereda y en su propiedad.<\/li>\n\n\n\n<li><strong>Informes<\/strong><\/li>\n\n\n\n<li>Informe del Juzgado de Faltas y Consumo N\u00ba 2 del partido de Azul correspondiente al mes de febrero de 2026 de conformidad a la Ordenanza N\u00ba 4.492\/2020 \u2013 C\u00f3digo Municipal de Faltas.<\/li>\n\n\n\n<li>Informe del Juzgado de Faltas y Consumo N\u00ba 2 del partido de Azul correspondiente al bimestre enero &#8211; febrero de 2026, de conformidad con el Art\u00edculo 3\u00b0 de la Ordenanza N\u00ba 4.874 \u2013 Consejo de Arbolado P\u00fablico.<\/li>\n\n\n\n<li><strong>Disposiciones de otros concejos<\/strong><\/li>\n\n\n\n<li>COMUNICACION N\u00ba 11\/2026. H.C.D. BALCARCE. Mediante la cual se\u00a0invita a los distritos comprendidos en el \u00e1rea de influencia de la Ruta Nacional N\u00b0 226 a pronunciarse en defensa de la seguridad vial y de los intereses de los usuarios, en lo relacionado con el aumento de cuadros tarifarios de peajes y planes de obras m\u00ednimas indispensables de mantenimiento, conservaci\u00f3n y mejora de la traza.<\/li>\n<\/ul>\n","protected":false},"excerpt":{"rendered":"<p>Este martes, 7 de abril, se llevar\u00e1 a cabo la Tercera Sesi\u00f3n Ordinaria, ejercicio 2026. Los Concejales dar\u00e1n tratamiento a un Orden del D\u00eda que contempla expedientes elevados por el Intendente Municipal, despachos de las Comisiones Permanentes del Concejo Deliberante, proyectos de los diferentes bloques pol\u00edticos y notas recibidas de vecinos e instituciones. La Sesi\u00f3n [&hellip;]<\/p>\n","protected":false},"author":2,"featured_media":3623,"comment_status":"closed","ping_status":"closed","sticky":false,"template":"","format":"standard","meta":{"tdm_status":"","tdm_grid_status":"","footnotes":""},"categories":[7,1],"tags":[],"class_list":{"0":"post-3776","1":"post","2":"type-post","3":"status-publish","4":"format-standard","5":"has-post-thumbnail","7":"category-noticias","8":"category-sin-categoria"},"yoast_head":"<!-- This site is optimized with the Yoast SEO plugin v27.3 - https:\/\/yoast.com\/product\/yoast-seo-wordpress\/ -->\n<title>Tercera Sesi\u00f3n Ordinaria - Concejo deliberante de Azul<\/title>\n<meta name=\"robots\" content=\"index, follow, max-snippet:-1, max-image-preview:large, max-video-preview:-1\" \/>\n<link rel=\"canonical\" href=\"https:\/\/concejodeliberantedeazul.gob.ar\/index.php\/2026\/04\/01\/tercera-sesion-ordinaria-6\/\" \/>\n<meta property=\"og:locale\" content=\"es_ES\" \/>\n<meta property=\"og:type\" content=\"article\" \/>\n<meta property=\"og:title\" content=\"Tercera Sesi\u00f3n Ordinaria - Concejo deliberante de Azul\" \/>\n<meta property=\"og:description\" content=\"Este martes, 7 de abril, se llevar\u00e1 a cabo la Tercera Sesi\u00f3n Ordinaria, ejercicio 2026. Los Concejales dar\u00e1n tratamiento a un Orden del D\u00eda que contempla expedientes elevados por el Intendente Municipal, despachos de las Comisiones Permanentes del Concejo Deliberante, proyectos de los diferentes bloques pol\u00edticos y notas recibidas de vecinos e instituciones. La Sesi\u00f3n [&hellip;]\" \/>\n<meta property=\"og:url\" content=\"https:\/\/concejodeliberantedeazul.gob.ar\/index.php\/2026\/04\/01\/tercera-sesion-ordinaria-6\/\" \/>\n<meta property=\"og:site_name\" content=\"Concejo deliberante de Azul\" \/>\n<meta property=\"article:published_time\" content=\"2026-04-01T15:22:53+00:00\" \/>\n<meta property=\"article:modified_time\" content=\"2026-04-01T15:31:33+00:00\" \/>\n<meta property=\"og:image\" content=\"http:\/\/concejodeliberantedeazul.gob.ar\/wp-content\/uploads\/2026\/03\/Sesion-001-17-03-26-Foto-Hector-Garcia.jpg\" \/>\n\t<meta property=\"og:image:width\" content=\"1913\" \/>\n\t<meta property=\"og:image:height\" content=\"1276\" \/>\n\t<meta property=\"og:image:type\" content=\"image\/jpeg\" \/>\n<meta name=\"author\" content=\"Concejo Deliberante Azul\" \/>\n<meta name=\"twitter:card\" content=\"summary_large_image\" \/>\n<meta name=\"twitter:label1\" content=\"Escrito por\" \/>\n\t<meta name=\"twitter:data1\" content=\"Concejo Deliberante Azul\" \/>\n\t<meta name=\"twitter:label2\" content=\"Tiempo de lectura\" \/>\n\t<meta name=\"twitter:data2\" content=\"13 minutos\" \/>\n<script type=\"application\/ld+json\" class=\"yoast-schema-graph\">{\"@context\":\"https:\\\/\\\/schema.org\",\"@graph\":[{\"@type\":\"Article\",\"@id\":\"https:\\\/\\\/concejodeliberantedeazul.gob.ar\\\/index.php\\\/2026\\\/04\\\/01\\\/tercera-sesion-ordinaria-6\\\/#article\",\"isPartOf\":{\"@id\":\"https:\\\/\\\/concejodeliberantedeazul.gob.ar\\\/index.php\\\/2026\\\/04\\\/01\\\/tercera-sesion-ordinaria-6\\\/\"},\"author\":{\"name\":\"Concejo Deliberante Azul\",\"@id\":\"http:\\\/\\\/concejodeliberantedeazul.gob.ar\\\/#\\\/schema\\\/person\\\/65fd6514aee7c29f008fc53b206198fe\"},\"headline\":\"Tercera Sesi\u00f3n Ordinaria\",\"datePublished\":\"2026-04-01T15:22:53+00:00\",\"dateModified\":\"2026-04-01T15:31:33+00:00\",\"mainEntityOfPage\":{\"@id\":\"https:\\\/\\\/concejodeliberantedeazul.gob.ar\\\/index.php\\\/2026\\\/04\\\/01\\\/tercera-sesion-ordinaria-6\\\/\"},\"wordCount\":3065,\"image\":{\"@id\":\"https:\\\/\\\/concejodeliberantedeazul.gob.ar\\\/index.php\\\/2026\\\/04\\\/01\\\/tercera-sesion-ordinaria-6\\\/#primaryimage\"},\"thumbnailUrl\":\"http:\\\/\\\/concejodeliberantedeazul.gob.ar\\\/wp-content\\\/uploads\\\/2026\\\/03\\\/Sesion-001-17-03-26-Foto-Hector-Garcia.jpg\",\"articleSection\":[\"Noticias\"],\"inLanguage\":\"es-AR\"},{\"@type\":\"WebPage\",\"@id\":\"https:\\\/\\\/concejodeliberantedeazul.gob.ar\\\/index.php\\\/2026\\\/04\\\/01\\\/tercera-sesion-ordinaria-6\\\/\",\"url\":\"https:\\\/\\\/concejodeliberantedeazul.gob.ar\\\/index.php\\\/2026\\\/04\\\/01\\\/tercera-sesion-ordinaria-6\\\/\",\"name\":\"Tercera Sesi\u00f3n Ordinaria - Concejo deliberante de Azul\",\"isPartOf\":{\"@id\":\"http:\\\/\\\/concejodeliberantedeazul.gob.ar\\\/#website\"},\"primaryImageOfPage\":{\"@id\":\"https:\\\/\\\/concejodeliberantedeazul.gob.ar\\\/index.php\\\/2026\\\/04\\\/01\\\/tercera-sesion-ordinaria-6\\\/#primaryimage\"},\"image\":{\"@id\":\"https:\\\/\\\/concejodeliberantedeazul.gob.ar\\\/index.php\\\/2026\\\/04\\\/01\\\/tercera-sesion-ordinaria-6\\\/#primaryimage\"},\"thumbnailUrl\":\"http:\\\/\\\/concejodeliberantedeazul.gob.ar\\\/wp-content\\\/uploads\\\/2026\\\/03\\\/Sesion-001-17-03-26-Foto-Hector-Garcia.jpg\",\"datePublished\":\"2026-04-01T15:22:53+00:00\",\"dateModified\":\"2026-04-01T15:31:33+00:00\",\"author\":{\"@id\":\"http:\\\/\\\/concejodeliberantedeazul.gob.ar\\\/#\\\/schema\\\/person\\\/65fd6514aee7c29f008fc53b206198fe\"},\"breadcrumb\":{\"@id\":\"https:\\\/\\\/concejodeliberantedeazul.gob.ar\\\/index.php\\\/2026\\\/04\\\/01\\\/tercera-sesion-ordinaria-6\\\/#breadcrumb\"},\"inLanguage\":\"es-AR\",\"potentialAction\":[{\"@type\":\"ReadAction\",\"target\":[\"https:\\\/\\\/concejodeliberantedeazul.gob.ar\\\/index.php\\\/2026\\\/04\\\/01\\\/tercera-sesion-ordinaria-6\\\/\"]}]},{\"@type\":\"ImageObject\",\"inLanguage\":\"es-AR\",\"@id\":\"https:\\\/\\\/concejodeliberantedeazul.gob.ar\\\/index.php\\\/2026\\\/04\\\/01\\\/tercera-sesion-ordinaria-6\\\/#primaryimage\",\"url\":\"http:\\\/\\\/concejodeliberantedeazul.gob.ar\\\/wp-content\\\/uploads\\\/2026\\\/03\\\/Sesion-001-17-03-26-Foto-Hector-Garcia.jpg\",\"contentUrl\":\"http:\\\/\\\/concejodeliberantedeazul.gob.ar\\\/wp-content\\\/uploads\\\/2026\\\/03\\\/Sesion-001-17-03-26-Foto-Hector-Garcia.jpg\",\"width\":1913,\"height\":1276},{\"@type\":\"BreadcrumbList\",\"@id\":\"https:\\\/\\\/concejodeliberantedeazul.gob.ar\\\/index.php\\\/2026\\\/04\\\/01\\\/tercera-sesion-ordinaria-6\\\/#breadcrumb\",\"itemListElement\":[{\"@type\":\"ListItem\",\"position\":1,\"name\":\"Inicio\",\"item\":\"https:\\\/\\\/concejodeliberantedeazul.gob.ar\\\/\"},{\"@type\":\"ListItem\",\"position\":2,\"name\":\"Tercera Sesi\u00f3n Ordinaria\"}]},{\"@type\":\"WebSite\",\"@id\":\"http:\\\/\\\/concejodeliberantedeazul.gob.ar\\\/#website\",\"url\":\"http:\\\/\\\/concejodeliberantedeazul.gob.ar\\\/\",\"name\":\"Concejo deliberante de Azul\",\"description\":\"Sitio Web Oficial del Concejo Deliberante de Azul, Prov. de Buenos Aires - Conformado por 18 concejales de todo el partido.\",\"potentialAction\":[{\"@type\":\"SearchAction\",\"target\":{\"@type\":\"EntryPoint\",\"urlTemplate\":\"http:\\\/\\\/concejodeliberantedeazul.gob.ar\\\/?s={search_term_string}\"},\"query-input\":{\"@type\":\"PropertyValueSpecification\",\"valueRequired\":true,\"valueName\":\"search_term_string\"}}],\"inLanguage\":\"es-AR\"},{\"@type\":\"Person\",\"@id\":\"http:\\\/\\\/concejodeliberantedeazul.gob.ar\\\/#\\\/schema\\\/person\\\/65fd6514aee7c29f008fc53b206198fe\",\"name\":\"Concejo Deliberante Azul\",\"image\":{\"@type\":\"ImageObject\",\"inLanguage\":\"es-AR\",\"@id\":\"https:\\\/\\\/secure.gravatar.com\\\/avatar\\\/30d9ae907861b897be87a25469982f0cfbce09947e0998bf7d9d0ecab450fb85?s=96&d=mm&r=g\",\"url\":\"https:\\\/\\\/secure.gravatar.com\\\/avatar\\\/30d9ae907861b897be87a25469982f0cfbce09947e0998bf7d9d0ecab450fb85?s=96&d=mm&r=g\",\"contentUrl\":\"https:\\\/\\\/secure.gravatar.com\\\/avatar\\\/30d9ae907861b897be87a25469982f0cfbce09947e0998bf7d9d0ecab450fb85?s=96&d=mm&r=g\",\"caption\":\"Concejo Deliberante Azul\"},\"url\":\"http:\\\/\\\/concejodeliberantedeazul.gob.ar\\\/index.php\\\/author\\\/concejo\\\/\"}]}<\/script>\n<!-- \/ Yoast SEO plugin. -->","yoast_head_json":{"title":"Tercera Sesi\u00f3n Ordinaria - Concejo deliberante de Azul","robots":{"index":"index","follow":"follow","max-snippet":"max-snippet:-1","max-image-preview":"max-image-preview:large","max-video-preview":"max-video-preview:-1"},"canonical":"https:\/\/concejodeliberantedeazul.gob.ar\/index.php\/2026\/04\/01\/tercera-sesion-ordinaria-6\/","og_locale":"es_ES","og_type":"article","og_title":"Tercera Sesi\u00f3n Ordinaria - Concejo deliberante de Azul","og_description":"Este martes, 7 de abril, se llevar\u00e1 a cabo la Tercera Sesi\u00f3n Ordinaria, ejercicio 2026. Los Concejales dar\u00e1n tratamiento a un Orden del D\u00eda que contempla expedientes elevados por el Intendente Municipal, despachos de las Comisiones Permanentes del Concejo Deliberante, proyectos de los diferentes bloques pol\u00edticos y notas recibidas de vecinos e instituciones. La Sesi\u00f3n [&hellip;]","og_url":"https:\/\/concejodeliberantedeazul.gob.ar\/index.php\/2026\/04\/01\/tercera-sesion-ordinaria-6\/","og_site_name":"Concejo deliberante de Azul","article_published_time":"2026-04-01T15:22:53+00:00","article_modified_time":"2026-04-01T15:31:33+00:00","og_image":[{"width":1913,"height":1276,"url":"http:\/\/concejodeliberantedeazul.gob.ar\/wp-content\/uploads\/2026\/03\/Sesion-001-17-03-26-Foto-Hector-Garcia.jpg","type":"image\/jpeg"}],"author":"Concejo Deliberante Azul","twitter_card":"summary_large_image","twitter_misc":{"Escrito por":"Concejo Deliberante Azul","Tiempo de lectura":"13 minutos"},"schema":{"@context":"https:\/\/schema.org","@graph":[{"@type":"Article","@id":"https:\/\/concejodeliberantedeazul.gob.ar\/index.php\/2026\/04\/01\/tercera-sesion-ordinaria-6\/#article","isPartOf":{"@id":"https:\/\/concejodeliberantedeazul.gob.ar\/index.php\/2026\/04\/01\/tercera-sesion-ordinaria-6\/"},"author":{"name":"Concejo Deliberante Azul","@id":"http:\/\/concejodeliberantedeazul.gob.ar\/#\/schema\/person\/65fd6514aee7c29f008fc53b206198fe"},"headline":"Tercera Sesi\u00f3n Ordinaria","datePublished":"2026-04-01T15:22:53+00:00","dateModified":"2026-04-01T15:31:33+00:00","mainEntityOfPage":{"@id":"https:\/\/concejodeliberantedeazul.gob.ar\/index.php\/2026\/04\/01\/tercera-sesion-ordinaria-6\/"},"wordCount":3065,"image":{"@id":"https:\/\/concejodeliberantedeazul.gob.ar\/index.php\/2026\/04\/01\/tercera-sesion-ordinaria-6\/#primaryimage"},"thumbnailUrl":"http:\/\/concejodeliberantedeazul.gob.ar\/wp-content\/uploads\/2026\/03\/Sesion-001-17-03-26-Foto-Hector-Garcia.jpg","articleSection":["Noticias"],"inLanguage":"es-AR"},{"@type":"WebPage","@id":"https:\/\/concejodeliberantedeazul.gob.ar\/index.php\/2026\/04\/01\/tercera-sesion-ordinaria-6\/","url":"https:\/\/concejodeliberantedeazul.gob.ar\/index.php\/2026\/04\/01\/tercera-sesion-ordinaria-6\/","name":"Tercera Sesi\u00f3n Ordinaria - Concejo deliberante de Azul","isPartOf":{"@id":"http:\/\/concejodeliberantedeazul.gob.ar\/#website"},"primaryImageOfPage":{"@id":"https:\/\/concejodeliberantedeazul.gob.ar\/index.php\/2026\/04\/01\/tercera-sesion-ordinaria-6\/#primaryimage"},"image":{"@id":"https:\/\/concejodeliberantedeazul.gob.ar\/index.php\/2026\/04\/01\/tercera-sesion-ordinaria-6\/#primaryimage"},"thumbnailUrl":"http:\/\/concejodeliberantedeazul.gob.ar\/wp-content\/uploads\/2026\/03\/Sesion-001-17-03-26-Foto-Hector-Garcia.jpg","datePublished":"2026-04-01T15:22:53+00:00","dateModified":"2026-04-01T15:31:33+00:00","author":{"@id":"http:\/\/concejodeliberantedeazul.gob.ar\/#\/schema\/person\/65fd6514aee7c29f008fc53b206198fe"},"breadcrumb":{"@id":"https:\/\/concejodeliberantedeazul.gob.ar\/index.php\/2026\/04\/01\/tercera-sesion-ordinaria-6\/#breadcrumb"},"inLanguage":"es-AR","potentialAction":[{"@type":"ReadAction","target":["https:\/\/concejodeliberantedeazul.gob.ar\/index.php\/2026\/04\/01\/tercera-sesion-ordinaria-6\/"]}]},{"@type":"ImageObject","inLanguage":"es-AR","@id":"https:\/\/concejodeliberantedeazul.gob.ar\/index.php\/2026\/04\/01\/tercera-sesion-ordinaria-6\/#primaryimage","url":"http:\/\/concejodeliberantedeazul.gob.ar\/wp-content\/uploads\/2026\/03\/Sesion-001-17-03-26-Foto-Hector-Garcia.jpg","contentUrl":"http:\/\/concejodeliberantedeazul.gob.ar\/wp-content\/uploads\/2026\/03\/Sesion-001-17-03-26-Foto-Hector-Garcia.jpg","width":1913,"height":1276},{"@type":"BreadcrumbList","@id":"https:\/\/concejodeliberantedeazul.gob.ar\/index.php\/2026\/04\/01\/tercera-sesion-ordinaria-6\/#breadcrumb","itemListElement":[{"@type":"ListItem","position":1,"name":"Inicio","item":"https:\/\/concejodeliberantedeazul.gob.ar\/"},{"@type":"ListItem","position":2,"name":"Tercera Sesi\u00f3n Ordinaria"}]},{"@type":"WebSite","@id":"http:\/\/concejodeliberantedeazul.gob.ar\/#website","url":"http:\/\/concejodeliberantedeazul.gob.ar\/","name":"Concejo deliberante de Azul","description":"Sitio Web Oficial del Concejo Deliberante de Azul, Prov. de Buenos Aires - Conformado por 18 concejales de todo el partido.","potentialAction":[{"@type":"SearchAction","target":{"@type":"EntryPoint","urlTemplate":"http:\/\/concejodeliberantedeazul.gob.ar\/?s={search_term_string}"},"query-input":{"@type":"PropertyValueSpecification","valueRequired":true,"valueName":"search_term_string"}}],"inLanguage":"es-AR"},{"@type":"Person","@id":"http:\/\/concejodeliberantedeazul.gob.ar\/#\/schema\/person\/65fd6514aee7c29f008fc53b206198fe","name":"Concejo Deliberante Azul","image":{"@type":"ImageObject","inLanguage":"es-AR","@id":"https:\/\/secure.gravatar.com\/avatar\/30d9ae907861b897be87a25469982f0cfbce09947e0998bf7d9d0ecab450fb85?s=96&d=mm&r=g","url":"https:\/\/secure.gravatar.com\/avatar\/30d9ae907861b897be87a25469982f0cfbce09947e0998bf7d9d0ecab450fb85?s=96&d=mm&r=g","contentUrl":"https:\/\/secure.gravatar.com\/avatar\/30d9ae907861b897be87a25469982f0cfbce09947e0998bf7d9d0ecab450fb85?s=96&d=mm&r=g","caption":"Concejo Deliberante Azul"},"url":"http:\/\/concejodeliberantedeazul.gob.ar\/index.php\/author\/concejo\/"}]}},"amp_enabled":true,"_links":{"self":[{"href":"http:\/\/concejodeliberantedeazul.gob.ar\/index.php\/wp-json\/wp\/v2\/posts\/3776","targetHints":{"allow":["GET"]}}],"collection":[{"href":"http:\/\/concejodeliberantedeazul.gob.ar\/index.php\/wp-json\/wp\/v2\/posts"}],"about":[{"href":"http:\/\/concejodeliberantedeazul.gob.ar\/index.php\/wp-json\/wp\/v2\/types\/post"}],"author":[{"embeddable":true,"href":"http:\/\/concejodeliberantedeazul.gob.ar\/index.php\/wp-json\/wp\/v2\/users\/2"}],"replies":[{"embeddable":true,"href":"http:\/\/concejodeliberantedeazul.gob.ar\/index.php\/wp-json\/wp\/v2\/comments?post=3776"}],"version-history":[{"count":2,"href":"http:\/\/concejodeliberantedeazul.gob.ar\/index.php\/wp-json\/wp\/v2\/posts\/3776\/revisions"}],"predecessor-version":[{"id":3778,"href":"http:\/\/concejodeliberantedeazul.gob.ar\/index.php\/wp-json\/wp\/v2\/posts\/3776\/revisions\/3778"}],"wp:featuredmedia":[{"embeddable":true,"href":"http:\/\/concejodeliberantedeazul.gob.ar\/index.php\/wp-json\/wp\/v2\/media\/3623"}],"wp:attachment":[{"href":"http:\/\/concejodeliberantedeazul.gob.ar\/index.php\/wp-json\/wp\/v2\/media?parent=3776"}],"wp:term":[{"taxonomy":"category","embeddable":true,"href":"http:\/\/concejodeliberantedeazul.gob.ar\/index.php\/wp-json\/wp\/v2\/categories?post=3776"},{"taxonomy":"post_tag","embeddable":true,"href":"http:\/\/concejodeliberantedeazul.gob.ar\/index.php\/wp-json\/wp\/v2\/tags?post=3776"}],"curies":[{"name":"wp","href":"https:\/\/api.w.org\/{rel}","templated":true}]}}