{"id":3628,"date":"2026-03-18T10:13:45","date_gmt":"2026-03-18T13:13:45","guid":{"rendered":"https:\/\/concejodeliberantedeazul.gob.ar\/?p=3628"},"modified":"2026-03-18T10:13:47","modified_gmt":"2026-03-18T13:13:47","slug":"distincion","status":"publish","type":"post","link":"http:\/\/concejodeliberantedeazul.gob.ar\/index.php\/2026\/03\/18\/distincion\/","title":{"rendered":"Distinci\u00f3n"},"content":{"rendered":"\n<p>El Concejo Deliberante declar\u00f3 de Inter\u00e9s Legislativo, Educativo, Social y Cultural la obra del escritor y profesor Jorge Meza \u201cDesde las sombras del tiempo- Ecos del recuerdo sobre cr\u00edmenes de Lesa Humanidad- mega juicio en la zona centro bonaerense\u201d.<\/p>\n\n\n\n<p>La Resoluci\u00f3n fue entregada por el Concejal Daniel Mattina y al momento de recibirla Meza expres\u00f3: \u201cEl libro es, nada m\u00e1s ni nada menos, que un aporte m\u00e1s, una mirada, para que las nuevas generaciones que no vivieron la noche del terror en la Rep\u00fablica Argentina puedan tener una mirada m\u00e1s para poder indagar, para poder investigar y para tomar las posiciones personales que cada uno tendr\u00e1 seguramente a trav\u00e9s de los an\u00e1lisis\u201d. &nbsp;<\/p>\n\n\n\n<p>Adem\u00e1s, durante la jornada, Meza hizo entrega de dos ejemplares de su autor\u00eda para que pasen a formar parte de la biblioteca del Concejo Deliberante: \u201cLa noche Azul, Cr\u00f3nicas de complicidad y silencio\u201d y \u201cHeridas del porvenir. Testimonios de ausencias que sangran\u201d. &nbsp;<\/p>\n","protected":false},"excerpt":{"rendered":"<p>El Concejo Deliberante declar\u00f3 de Inter\u00e9s Legislativo, Educativo, Social y Cultural la obra del escritor y profesor Jorge Meza \u201cDesde las sombras del tiempo- Ecos del recuerdo sobre cr\u00edmenes de Lesa Humanidad- mega juicio en la zona centro bonaerense\u201d. La Resoluci\u00f3n fue entregada por el Concejal Daniel Mattina y al momento de recibirla Meza expres\u00f3: [&hellip;]<\/p>\n","protected":false},"author":2,"featured_media":3629,"comment_status":"closed","ping_status":"closed","sticky":false,"template":"","format":"standard","meta":{"tdm_status":"","tdm_grid_status":"","footnotes":""},"categories":[7],"tags":[],"class_list":{"0":"post-3628","1":"post","2":"type-post","3":"status-publish","4":"format-standard","5":"has-post-thumbnail","7":"category-noticias"},"yoast_head":"<!-- This site is optimized with the Yoast SEO plugin v27.3 - https:\/\/yoast.com\/product\/yoast-seo-wordpress\/ -->\n<title>Distinci\u00f3n - Concejo deliberante de Azul<\/title>\n<meta name=\"robots\" content=\"index, follow, max-snippet:-1, max-image-preview:large, max-video-preview:-1\" \/>\n<link rel=\"canonical\" href=\"https:\/\/concejodeliberantedeazul.gob.ar\/index.php\/2026\/03\/18\/distincion\/\" \/>\n<meta property=\"og:locale\" content=\"es_ES\" \/>\n<meta property=\"og:type\" content=\"article\" \/>\n<meta property=\"og:title\" content=\"Distinci\u00f3n - Concejo deliberante de Azul\" \/>\n<meta property=\"og:description\" content=\"El Concejo Deliberante declar\u00f3 de Inter\u00e9s Legislativo, Educativo, Social y Cultural la obra del escritor y profesor Jorge Meza \u201cDesde las sombras del tiempo- Ecos del recuerdo sobre cr\u00edmenes de Lesa Humanidad- mega juicio en la zona centro bonaerense\u201d. La Resoluci\u00f3n fue entregada por el Concejal Daniel Mattina y al momento de recibirla Meza expres\u00f3: [&hellip;]\" \/>\n<meta property=\"og:url\" content=\"https:\/\/concejodeliberantedeazul.gob.ar\/index.php\/2026\/03\/18\/distincion\/\" \/>\n<meta property=\"og:site_name\" content=\"Concejo deliberante de Azul\" \/>\n<meta property=\"article:published_time\" content=\"2026-03-18T13:13:45+00:00\" \/>\n<meta property=\"article:modified_time\" content=\"2026-03-18T13:13:47+00:00\" \/>\n<meta property=\"og:image\" content=\"http:\/\/concejodeliberantedeazul.gob.ar\/wp-content\/uploads\/2026\/03\/Sesion-008-17-03-26-Foto-Hector-Garcia.jpg\" \/>\n\t<meta property=\"og:image:width\" content=\"1913\" \/>\n\t<meta property=\"og:image:height\" content=\"1276\" \/>\n\t<meta property=\"og:image:type\" content=\"image\/jpeg\" \/>\n<meta name=\"author\" content=\"Concejo Deliberante Azul\" \/>\n<meta name=\"twitter:card\" content=\"summary_large_image\" \/>\n<meta name=\"twitter:label1\" content=\"Escrito por\" \/>\n\t<meta name=\"twitter:data1\" content=\"Concejo Deliberante Azul\" \/>\n\t<meta name=\"twitter:label2\" content=\"Tiempo de lectura\" \/>\n\t<meta name=\"twitter:data2\" content=\"1 minuto\" \/>\n<script type=\"application\/ld+json\" class=\"yoast-schema-graph\">{\"@context\":\"https:\\\/\\\/schema.org\",\"@graph\":[{\"@type\":\"Article\",\"@id\":\"https:\\\/\\\/concejodeliberantedeazul.gob.ar\\\/index.php\\\/2026\\\/03\\\/18\\\/distincion\\\/#article\",\"isPartOf\":{\"@id\":\"https:\\\/\\\/concejodeliberantedeazul.gob.ar\\\/index.php\\\/2026\\\/03\\\/18\\\/distincion\\\/\"},\"author\":{\"name\":\"Concejo Deliberante Azul\",\"@id\":\"http:\\\/\\\/concejodeliberantedeazul.gob.ar\\\/#\\\/schema\\\/person\\\/65fd6514aee7c29f008fc53b206198fe\"},\"headline\":\"Distinci\u00f3n\",\"datePublished\":\"2026-03-18T13:13:45+00:00\",\"dateModified\":\"2026-03-18T13:13:47+00:00\",\"mainEntityOfPage\":{\"@id\":\"https:\\\/\\\/concejodeliberantedeazul.gob.ar\\\/index.php\\\/2026\\\/03\\\/18\\\/distincion\\\/\"},\"wordCount\":170,\"image\":{\"@id\":\"https:\\\/\\\/concejodeliberantedeazul.gob.ar\\\/index.php\\\/2026\\\/03\\\/18\\\/distincion\\\/#primaryimage\"},\"thumbnailUrl\":\"http:\\\/\\\/concejodeliberantedeazul.gob.ar\\\/wp-content\\\/uploads\\\/2026\\\/03\\\/Sesion-008-17-03-26-Foto-Hector-Garcia.jpg\",\"articleSection\":[\"Noticias\"],\"inLanguage\":\"es-AR\"},{\"@type\":\"WebPage\",\"@id\":\"https:\\\/\\\/concejodeliberantedeazul.gob.ar\\\/index.php\\\/2026\\\/03\\\/18\\\/distincion\\\/\",\"url\":\"https:\\\/\\\/concejodeliberantedeazul.gob.ar\\\/index.php\\\/2026\\\/03\\\/18\\\/distincion\\\/\",\"name\":\"Distinci\u00f3n - Concejo deliberante de Azul\",\"isPartOf\":{\"@id\":\"http:\\\/\\\/concejodeliberantedeazul.gob.ar\\\/#website\"},\"primaryImageOfPage\":{\"@id\":\"https:\\\/\\\/concejodeliberantedeazul.gob.ar\\\/index.php\\\/2026\\\/03\\\/18\\\/distincion\\\/#primaryimage\"},\"image\":{\"@id\":\"https:\\\/\\\/concejodeliberantedeazul.gob.ar\\\/index.php\\\/2026\\\/03\\\/18\\\/distincion\\\/#primaryimage\"},\"thumbnailUrl\":\"http:\\\/\\\/concejodeliberantedeazul.gob.ar\\\/wp-content\\\/uploads\\\/2026\\\/03\\\/Sesion-008-17-03-26-Foto-Hector-Garcia.jpg\",\"datePublished\":\"2026-03-18T13:13:45+00:00\",\"dateModified\":\"2026-03-18T13:13:47+00:00\",\"author\":{\"@id\":\"http:\\\/\\\/concejodeliberantedeazul.gob.ar\\\/#\\\/schema\\\/person\\\/65fd6514aee7c29f008fc53b206198fe\"},\"breadcrumb\":{\"@id\":\"https:\\\/\\\/concejodeliberantedeazul.gob.ar\\\/index.php\\\/2026\\\/03\\\/18\\\/distincion\\\/#breadcrumb\"},\"inLanguage\":\"es-AR\",\"potentialAction\":[{\"@type\":\"ReadAction\",\"target\":[\"https:\\\/\\\/concejodeliberantedeazul.gob.ar\\\/index.php\\\/2026\\\/03\\\/18\\\/distincion\\\/\"]}]},{\"@type\":\"ImageObject\",\"inLanguage\":\"es-AR\",\"@id\":\"https:\\\/\\\/concejodeliberantedeazul.gob.ar\\\/index.php\\\/2026\\\/03\\\/18\\\/distincion\\\/#primaryimage\",\"url\":\"http:\\\/\\\/concejodeliberantedeazul.gob.ar\\\/wp-content\\\/uploads\\\/2026\\\/03\\\/Sesion-008-17-03-26-Foto-Hector-Garcia.jpg\",\"contentUrl\":\"http:\\\/\\\/concejodeliberantedeazul.gob.ar\\\/wp-content\\\/uploads\\\/2026\\\/03\\\/Sesion-008-17-03-26-Foto-Hector-Garcia.jpg\",\"width\":1913,\"height\":1276},{\"@type\":\"BreadcrumbList\",\"@id\":\"https:\\\/\\\/concejodeliberantedeazul.gob.ar\\\/index.php\\\/2026\\\/03\\\/18\\\/distincion\\\/#breadcrumb\",\"itemListElement\":[{\"@type\":\"ListItem\",\"position\":1,\"name\":\"Inicio\",\"item\":\"https:\\\/\\\/concejodeliberantedeazul.gob.ar\\\/\"},{\"@type\":\"ListItem\",\"position\":2,\"name\":\"Distinci\u00f3n\"}]},{\"@type\":\"WebSite\",\"@id\":\"http:\\\/\\\/concejodeliberantedeazul.gob.ar\\\/#website\",\"url\":\"http:\\\/\\\/concejodeliberantedeazul.gob.ar\\\/\",\"name\":\"Concejo deliberante de Azul\",\"description\":\"Sitio Web Oficial del Concejo Deliberante de Azul, Prov. de Buenos Aires - Conformado por 18 concejales de todo el partido.\",\"potentialAction\":[{\"@type\":\"SearchAction\",\"target\":{\"@type\":\"EntryPoint\",\"urlTemplate\":\"http:\\\/\\\/concejodeliberantedeazul.gob.ar\\\/?s={search_term_string}\"},\"query-input\":{\"@type\":\"PropertyValueSpecification\",\"valueRequired\":true,\"valueName\":\"search_term_string\"}}],\"inLanguage\":\"es-AR\"},{\"@type\":\"Person\",\"@id\":\"http:\\\/\\\/concejodeliberantedeazul.gob.ar\\\/#\\\/schema\\\/person\\\/65fd6514aee7c29f008fc53b206198fe\",\"name\":\"Concejo Deliberante Azul\",\"image\":{\"@type\":\"ImageObject\",\"inLanguage\":\"es-AR\",\"@id\":\"https:\\\/\\\/secure.gravatar.com\\\/avatar\\\/30d9ae907861b897be87a25469982f0cfbce09947e0998bf7d9d0ecab450fb85?s=96&d=mm&r=g\",\"url\":\"https:\\\/\\\/secure.gravatar.com\\\/avatar\\\/30d9ae907861b897be87a25469982f0cfbce09947e0998bf7d9d0ecab450fb85?s=96&d=mm&r=g\",\"contentUrl\":\"https:\\\/\\\/secure.gravatar.com\\\/avatar\\\/30d9ae907861b897be87a25469982f0cfbce09947e0998bf7d9d0ecab450fb85?s=96&d=mm&r=g\",\"caption\":\"Concejo Deliberante Azul\"},\"url\":\"http:\\\/\\\/concejodeliberantedeazul.gob.ar\\\/index.php\\\/author\\\/concejo\\\/\"}]}<\/script>\n<!-- \/ Yoast SEO plugin. -->","yoast_head_json":{"title":"Distinci\u00f3n - Concejo deliberante de Azul","robots":{"index":"index","follow":"follow","max-snippet":"max-snippet:-1","max-image-preview":"max-image-preview:large","max-video-preview":"max-video-preview:-1"},"canonical":"https:\/\/concejodeliberantedeazul.gob.ar\/index.php\/2026\/03\/18\/distincion\/","og_locale":"es_ES","og_type":"article","og_title":"Distinci\u00f3n - Concejo deliberante de Azul","og_description":"El Concejo Deliberante declar\u00f3 de Inter\u00e9s Legislativo, Educativo, Social y Cultural la obra del escritor y profesor Jorge Meza \u201cDesde las sombras del tiempo- Ecos del recuerdo sobre cr\u00edmenes de Lesa Humanidad- mega juicio en la zona centro bonaerense\u201d. La Resoluci\u00f3n fue entregada por el Concejal Daniel Mattina y al momento de recibirla Meza expres\u00f3: [&hellip;]","og_url":"https:\/\/concejodeliberantedeazul.gob.ar\/index.php\/2026\/03\/18\/distincion\/","og_site_name":"Concejo deliberante de Azul","article_published_time":"2026-03-18T13:13:45+00:00","article_modified_time":"2026-03-18T13:13:47+00:00","og_image":[{"width":1913,"height":1276,"url":"http:\/\/concejodeliberantedeazul.gob.ar\/wp-content\/uploads\/2026\/03\/Sesion-008-17-03-26-Foto-Hector-Garcia.jpg","type":"image\/jpeg"}],"author":"Concejo Deliberante Azul","twitter_card":"summary_large_image","twitter_misc":{"Escrito por":"Concejo Deliberante Azul","Tiempo de lectura":"1 minuto"},"schema":{"@context":"https:\/\/schema.org","@graph":[{"@type":"Article","@id":"https:\/\/concejodeliberantedeazul.gob.ar\/index.php\/2026\/03\/18\/distincion\/#article","isPartOf":{"@id":"https:\/\/concejodeliberantedeazul.gob.ar\/index.php\/2026\/03\/18\/distincion\/"},"author":{"name":"Concejo Deliberante Azul","@id":"http:\/\/concejodeliberantedeazul.gob.ar\/#\/schema\/person\/65fd6514aee7c29f008fc53b206198fe"},"headline":"Distinci\u00f3n","datePublished":"2026-03-18T13:13:45+00:00","dateModified":"2026-03-18T13:13:47+00:00","mainEntityOfPage":{"@id":"https:\/\/concejodeliberantedeazul.gob.ar\/index.php\/2026\/03\/18\/distincion\/"},"wordCount":170,"image":{"@id":"https:\/\/concejodeliberantedeazul.gob.ar\/index.php\/2026\/03\/18\/distincion\/#primaryimage"},"thumbnailUrl":"http:\/\/concejodeliberantedeazul.gob.ar\/wp-content\/uploads\/2026\/03\/Sesion-008-17-03-26-Foto-Hector-Garcia.jpg","articleSection":["Noticias"],"inLanguage":"es-AR"},{"@type":"WebPage","@id":"https:\/\/concejodeliberantedeazul.gob.ar\/index.php\/2026\/03\/18\/distincion\/","url":"https:\/\/concejodeliberantedeazul.gob.ar\/index.php\/2026\/03\/18\/distincion\/","name":"Distinci\u00f3n - Concejo deliberante de Azul","isPartOf":{"@id":"http:\/\/concejodeliberantedeazul.gob.ar\/#website"},"primaryImageOfPage":{"@id":"https:\/\/concejodeliberantedeazul.gob.ar\/index.php\/2026\/03\/18\/distincion\/#primaryimage"},"image":{"@id":"https:\/\/concejodeliberantedeazul.gob.ar\/index.php\/2026\/03\/18\/distincion\/#primaryimage"},"thumbnailUrl":"http:\/\/concejodeliberantedeazul.gob.ar\/wp-content\/uploads\/2026\/03\/Sesion-008-17-03-26-Foto-Hector-Garcia.jpg","datePublished":"2026-03-18T13:13:45+00:00","dateModified":"2026-03-18T13:13:47+00:00","author":{"@id":"http:\/\/concejodeliberantedeazul.gob.ar\/#\/schema\/person\/65fd6514aee7c29f008fc53b206198fe"},"breadcrumb":{"@id":"https:\/\/concejodeliberantedeazul.gob.ar\/index.php\/2026\/03\/18\/distincion\/#breadcrumb"},"inLanguage":"es-AR","potentialAction":[{"@type":"ReadAction","target":["https:\/\/concejodeliberantedeazul.gob.ar\/index.php\/2026\/03\/18\/distincion\/"]}]},{"@type":"ImageObject","inLanguage":"es-AR","@id":"https:\/\/concejodeliberantedeazul.gob.ar\/index.php\/2026\/03\/18\/distincion\/#primaryimage","url":"http:\/\/concejodeliberantedeazul.gob.ar\/wp-content\/uploads\/2026\/03\/Sesion-008-17-03-26-Foto-Hector-Garcia.jpg","contentUrl":"http:\/\/concejodeliberantedeazul.gob.ar\/wp-content\/uploads\/2026\/03\/Sesion-008-17-03-26-Foto-Hector-Garcia.jpg","width":1913,"height":1276},{"@type":"BreadcrumbList","@id":"https:\/\/concejodeliberantedeazul.gob.ar\/index.php\/2026\/03\/18\/distincion\/#breadcrumb","itemListElement":[{"@type":"ListItem","position":1,"name":"Inicio","item":"https:\/\/concejodeliberantedeazul.gob.ar\/"},{"@type":"ListItem","position":2,"name":"Distinci\u00f3n"}]},{"@type":"WebSite","@id":"http:\/\/concejodeliberantedeazul.gob.ar\/#website","url":"http:\/\/concejodeliberantedeazul.gob.ar\/","name":"Concejo deliberante de Azul","description":"Sitio Web Oficial del Concejo Deliberante de Azul, Prov. de Buenos Aires - Conformado por 18 concejales de todo el partido.","potentialAction":[{"@type":"SearchAction","target":{"@type":"EntryPoint","urlTemplate":"http:\/\/concejodeliberantedeazul.gob.ar\/?s={search_term_string}"},"query-input":{"@type":"PropertyValueSpecification","valueRequired":true,"valueName":"search_term_string"}}],"inLanguage":"es-AR"},{"@type":"Person","@id":"http:\/\/concejodeliberantedeazul.gob.ar\/#\/schema\/person\/65fd6514aee7c29f008fc53b206198fe","name":"Concejo Deliberante Azul","image":{"@type":"ImageObject","inLanguage":"es-AR","@id":"https:\/\/secure.gravatar.com\/avatar\/30d9ae907861b897be87a25469982f0cfbce09947e0998bf7d9d0ecab450fb85?s=96&d=mm&r=g","url":"https:\/\/secure.gravatar.com\/avatar\/30d9ae907861b897be87a25469982f0cfbce09947e0998bf7d9d0ecab450fb85?s=96&d=mm&r=g","contentUrl":"https:\/\/secure.gravatar.com\/avatar\/30d9ae907861b897be87a25469982f0cfbce09947e0998bf7d9d0ecab450fb85?s=96&d=mm&r=g","caption":"Concejo Deliberante Azul"},"url":"http:\/\/concejodeliberantedeazul.gob.ar\/index.php\/author\/concejo\/"}]}},"amp_enabled":true,"_links":{"self":[{"href":"http:\/\/concejodeliberantedeazul.gob.ar\/index.php\/wp-json\/wp\/v2\/posts\/3628","targetHints":{"allow":["GET"]}}],"collection":[{"href":"http:\/\/concejodeliberantedeazul.gob.ar\/index.php\/wp-json\/wp\/v2\/posts"}],"about":[{"href":"http:\/\/concejodeliberantedeazul.gob.ar\/index.php\/wp-json\/wp\/v2\/types\/post"}],"author":[{"embeddable":true,"href":"http:\/\/concejodeliberantedeazul.gob.ar\/index.php\/wp-json\/wp\/v2\/users\/2"}],"replies":[{"embeddable":true,"href":"http:\/\/concejodeliberantedeazul.gob.ar\/index.php\/wp-json\/wp\/v2\/comments?post=3628"}],"version-history":[{"count":1,"href":"http:\/\/concejodeliberantedeazul.gob.ar\/index.php\/wp-json\/wp\/v2\/posts\/3628\/revisions"}],"predecessor-version":[{"id":3630,"href":"http:\/\/concejodeliberantedeazul.gob.ar\/index.php\/wp-json\/wp\/v2\/posts\/3628\/revisions\/3630"}],"wp:featuredmedia":[{"embeddable":true,"href":"http:\/\/concejodeliberantedeazul.gob.ar\/index.php\/wp-json\/wp\/v2\/media\/3629"}],"wp:attachment":[{"href":"http:\/\/concejodeliberantedeazul.gob.ar\/index.php\/wp-json\/wp\/v2\/media?parent=3628"}],"wp:term":[{"taxonomy":"category","embeddable":true,"href":"http:\/\/concejodeliberantedeazul.gob.ar\/index.php\/wp-json\/wp\/v2\/categories?post=3628"},{"taxonomy":"post_tag","embeddable":true,"href":"http:\/\/concejodeliberantedeazul.gob.ar\/index.php\/wp-json\/wp\/v2\/tags?post=3628"}],"curies":[{"name":"wp","href":"https:\/\/api.w.org\/{rel}","templated":true}]}}