{"id":3625,"date":"2026-03-18T10:06:58","date_gmt":"2026-03-18T13:06:58","guid":{"rendered":"https:\/\/concejodeliberantedeazul.gob.ar\/?p=3625"},"modified":"2026-04-02T17:23:11","modified_gmt":"2026-04-02T20:23:11","slug":"el-concejo-deliberante-declaro-de-interes-la-realizacion-de-la-concentracion-del-equipo-femenino-las-castoras","status":"publish","type":"post","link":"http:\/\/concejodeliberantedeazul.gob.ar\/index.php\/2026\/03\/18\/el-concejo-deliberante-declaro-de-interes-la-realizacion-de-la-concentracion-del-equipo-femenino-las-castoras\/","title":{"rendered":"El Concejo Deliberante declar\u00f3 de Inter\u00e9s la realizaci\u00f3n de la concentraci\u00f3n del equipo femenino \u201cLas Castoras\u201d"},"content":{"rendered":"\n<p>En el marco de la Segunda Sesi\u00f3n Ordinaria, el Concejo Deliberante del partido de Azul declar\u00f3 de Inter\u00e9s Deportivo, Comunitario y Cultural la realizaci\u00f3n de la concentraci\u00f3n del equipo femenino de futsal para personas sordas \u201cLas Castoras\u201d a realizarse los d\u00edas 21, 22, 23 y 24 de marzo.<\/p>\n\n\n\n<p>La entrega de la distinci\u00f3n estuvo a cargo del Vicepresidente Primero, Agust\u00edn Puyou y el Concejal Leopoldo Marchisio.<\/p>\n\n\n\n<p>En la Resoluci\u00f3n, aprobada por unanimidad, los Concejales destacan que Las Castoras \u201cpara el corriente a\u00f1o tienen como proyecto conjunto clasificar para las sordo Olimpiadas Sudamericanas, como as\u00ed tambi\u00e9n participar en pr\u00f3ximo a\u00f1o en Austr\u00eda\u201d.<\/p>\n\n\n\n<p>Adem\u00e1s, resaltan que \u201cel abordaje del equipo lo realizan con un enfoque integral para garantizar la seguridad y el bienestar de las jugadoras, promoviendo un cuidado preventivo y contin\u00fao en el contexto\u201d.<\/p>\n","protected":false},"excerpt":{"rendered":"<p>En el marco de la Segunda Sesi\u00f3n Ordinaria, el Concejo Deliberante del partido de Azul declar\u00f3 de Inter\u00e9s Deportivo, Comunitario y Cultural la realizaci\u00f3n de la concentraci\u00f3n del equipo femenino de futsal para personas sordas \u201cLas Castoras\u201d a realizarse los d\u00edas 21, 22, 23 y 24 de marzo. La entrega de la distinci\u00f3n estuvo a [&hellip;]<\/p>\n","protected":false},"author":2,"featured_media":3626,"comment_status":"closed","ping_status":"closed","sticky":false,"template":"","format":"standard","meta":{"tdm_status":"","tdm_grid_status":"","footnotes":""},"categories":[7],"tags":[],"class_list":{"0":"post-3625","1":"post","2":"type-post","3":"status-publish","4":"format-standard","5":"has-post-thumbnail","7":"category-noticias"},"yoast_head":"<!-- This site is optimized with the Yoast SEO plugin v27.3 - https:\/\/yoast.com\/product\/yoast-seo-wordpress\/ -->\n<title>El Concejo Deliberante declar\u00f3 de Inter\u00e9s la realizaci\u00f3n de la concentraci\u00f3n del equipo femenino \u201cLas Castoras\u201d - Concejo deliberante de Azul<\/title>\n<meta name=\"robots\" content=\"index, follow, max-snippet:-1, max-image-preview:large, max-video-preview:-1\" \/>\n<link rel=\"canonical\" href=\"https:\/\/concejodeliberantedeazul.gob.ar\/index.php\/2026\/03\/18\/el-concejo-deliberante-declaro-de-interes-la-realizacion-de-la-concentracion-del-equipo-femenino-las-castoras\/\" \/>\n<meta property=\"og:locale\" content=\"es_ES\" \/>\n<meta property=\"og:type\" content=\"article\" \/>\n<meta property=\"og:title\" content=\"El Concejo Deliberante declar\u00f3 de Inter\u00e9s la realizaci\u00f3n de la concentraci\u00f3n del equipo femenino \u201cLas Castoras\u201d - Concejo deliberante de Azul\" \/>\n<meta property=\"og:description\" content=\"En el marco de la Segunda Sesi\u00f3n Ordinaria, el Concejo Deliberante del partido de Azul declar\u00f3 de Inter\u00e9s Deportivo, Comunitario y Cultural la realizaci\u00f3n de la concentraci\u00f3n del equipo femenino de futsal para personas sordas \u201cLas Castoras\u201d a realizarse los d\u00edas 21, 22, 23 y 24 de marzo. La entrega de la distinci\u00f3n estuvo a [&hellip;]\" \/>\n<meta property=\"og:url\" content=\"https:\/\/concejodeliberantedeazul.gob.ar\/index.php\/2026\/03\/18\/el-concejo-deliberante-declaro-de-interes-la-realizacion-de-la-concentracion-del-equipo-femenino-las-castoras\/\" \/>\n<meta property=\"og:site_name\" content=\"Concejo deliberante de Azul\" \/>\n<meta property=\"article:published_time\" content=\"2026-03-18T13:06:58+00:00\" \/>\n<meta property=\"article:modified_time\" content=\"2026-04-02T20:23:11+00:00\" \/>\n<meta property=\"og:image\" content=\"http:\/\/concejodeliberantedeazul.gob.ar\/wp-content\/uploads\/2026\/03\/Sesion-014-17-03-26-Foto-Hector-Garcia-e1775161358157.jpg\" \/>\n\t<meta property=\"og:image:width\" content=\"1323\" \/>\n\t<meta property=\"og:image:height\" content=\"750\" \/>\n\t<meta property=\"og:image:type\" content=\"image\/jpeg\" \/>\n<meta name=\"author\" content=\"Concejo Deliberante Azul\" \/>\n<meta name=\"twitter:card\" content=\"summary_large_image\" \/>\n<meta name=\"twitter:label1\" content=\"Escrito por\" \/>\n\t<meta name=\"twitter:data1\" content=\"Concejo Deliberante Azul\" \/>\n\t<meta name=\"twitter:label2\" content=\"Tiempo de lectura\" \/>\n\t<meta name=\"twitter:data2\" content=\"1 minuto\" \/>\n<script type=\"application\/ld+json\" class=\"yoast-schema-graph\">{\"@context\":\"https:\\\/\\\/schema.org\",\"@graph\":[{\"@type\":\"Article\",\"@id\":\"https:\\\/\\\/concejodeliberantedeazul.gob.ar\\\/index.php\\\/2026\\\/03\\\/18\\\/el-concejo-deliberante-declaro-de-interes-la-realizacion-de-la-concentracion-del-equipo-femenino-las-castoras\\\/#article\",\"isPartOf\":{\"@id\":\"https:\\\/\\\/concejodeliberantedeazul.gob.ar\\\/index.php\\\/2026\\\/03\\\/18\\\/el-concejo-deliberante-declaro-de-interes-la-realizacion-de-la-concentracion-del-equipo-femenino-las-castoras\\\/\"},\"author\":{\"name\":\"Concejo Deliberante Azul\",\"@id\":\"http:\\\/\\\/concejodeliberantedeazul.gob.ar\\\/#\\\/schema\\\/person\\\/65fd6514aee7c29f008fc53b206198fe\"},\"headline\":\"El Concejo Deliberante declar\u00f3 de Inter\u00e9s la realizaci\u00f3n de la concentraci\u00f3n del equipo femenino \u201cLas Castoras\u201d\",\"datePublished\":\"2026-03-18T13:06:58+00:00\",\"dateModified\":\"2026-04-02T20:23:11+00:00\",\"mainEntityOfPage\":{\"@id\":\"https:\\\/\\\/concejodeliberantedeazul.gob.ar\\\/index.php\\\/2026\\\/03\\\/18\\\/el-concejo-deliberante-declaro-de-interes-la-realizacion-de-la-concentracion-del-equipo-femenino-las-castoras\\\/\"},\"wordCount\":163,\"image\":{\"@id\":\"https:\\\/\\\/concejodeliberantedeazul.gob.ar\\\/index.php\\\/2026\\\/03\\\/18\\\/el-concejo-deliberante-declaro-de-interes-la-realizacion-de-la-concentracion-del-equipo-femenino-las-castoras\\\/#primaryimage\"},\"thumbnailUrl\":\"http:\\\/\\\/concejodeliberantedeazul.gob.ar\\\/wp-content\\\/uploads\\\/2026\\\/03\\\/Sesion-014-17-03-26-Foto-Hector-Garcia-e1775161358157.jpg\",\"articleSection\":[\"Noticias\"],\"inLanguage\":\"es-AR\"},{\"@type\":\"WebPage\",\"@id\":\"https:\\\/\\\/concejodeliberantedeazul.gob.ar\\\/index.php\\\/2026\\\/03\\\/18\\\/el-concejo-deliberante-declaro-de-interes-la-realizacion-de-la-concentracion-del-equipo-femenino-las-castoras\\\/\",\"url\":\"https:\\\/\\\/concejodeliberantedeazul.gob.ar\\\/index.php\\\/2026\\\/03\\\/18\\\/el-concejo-deliberante-declaro-de-interes-la-realizacion-de-la-concentracion-del-equipo-femenino-las-castoras\\\/\",\"name\":\"El Concejo Deliberante declar\u00f3 de Inter\u00e9s la realizaci\u00f3n de la concentraci\u00f3n del equipo femenino \u201cLas Castoras\u201d - Concejo deliberante de Azul\",\"isPartOf\":{\"@id\":\"http:\\\/\\\/concejodeliberantedeazul.gob.ar\\\/#website\"},\"primaryImageOfPage\":{\"@id\":\"https:\\\/\\\/concejodeliberantedeazul.gob.ar\\\/index.php\\\/2026\\\/03\\\/18\\\/el-concejo-deliberante-declaro-de-interes-la-realizacion-de-la-concentracion-del-equipo-femenino-las-castoras\\\/#primaryimage\"},\"image\":{\"@id\":\"https:\\\/\\\/concejodeliberantedeazul.gob.ar\\\/index.php\\\/2026\\\/03\\\/18\\\/el-concejo-deliberante-declaro-de-interes-la-realizacion-de-la-concentracion-del-equipo-femenino-las-castoras\\\/#primaryimage\"},\"thumbnailUrl\":\"http:\\\/\\\/concejodeliberantedeazul.gob.ar\\\/wp-content\\\/uploads\\\/2026\\\/03\\\/Sesion-014-17-03-26-Foto-Hector-Garcia-e1775161358157.jpg\",\"datePublished\":\"2026-03-18T13:06:58+00:00\",\"dateModified\":\"2026-04-02T20:23:11+00:00\",\"author\":{\"@id\":\"http:\\\/\\\/concejodeliberantedeazul.gob.ar\\\/#\\\/schema\\\/person\\\/65fd6514aee7c29f008fc53b206198fe\"},\"breadcrumb\":{\"@id\":\"https:\\\/\\\/concejodeliberantedeazul.gob.ar\\\/index.php\\\/2026\\\/03\\\/18\\\/el-concejo-deliberante-declaro-de-interes-la-realizacion-de-la-concentracion-del-equipo-femenino-las-castoras\\\/#breadcrumb\"},\"inLanguage\":\"es-AR\",\"potentialAction\":[{\"@type\":\"ReadAction\",\"target\":[\"https:\\\/\\\/concejodeliberantedeazul.gob.ar\\\/index.php\\\/2026\\\/03\\\/18\\\/el-concejo-deliberante-declaro-de-interes-la-realizacion-de-la-concentracion-del-equipo-femenino-las-castoras\\\/\"]}]},{\"@type\":\"ImageObject\",\"inLanguage\":\"es-AR\",\"@id\":\"https:\\\/\\\/concejodeliberantedeazul.gob.ar\\\/index.php\\\/2026\\\/03\\\/18\\\/el-concejo-deliberante-declaro-de-interes-la-realizacion-de-la-concentracion-del-equipo-femenino-las-castoras\\\/#primaryimage\",\"url\":\"http:\\\/\\\/concejodeliberantedeazul.gob.ar\\\/wp-content\\\/uploads\\\/2026\\\/03\\\/Sesion-014-17-03-26-Foto-Hector-Garcia-e1775161358157.jpg\",\"contentUrl\":\"http:\\\/\\\/concejodeliberantedeazul.gob.ar\\\/wp-content\\\/uploads\\\/2026\\\/03\\\/Sesion-014-17-03-26-Foto-Hector-Garcia-e1775161358157.jpg\",\"width\":1323,\"height\":750},{\"@type\":\"BreadcrumbList\",\"@id\":\"https:\\\/\\\/concejodeliberantedeazul.gob.ar\\\/index.php\\\/2026\\\/03\\\/18\\\/el-concejo-deliberante-declaro-de-interes-la-realizacion-de-la-concentracion-del-equipo-femenino-las-castoras\\\/#breadcrumb\",\"itemListElement\":[{\"@type\":\"ListItem\",\"position\":1,\"name\":\"Inicio\",\"item\":\"https:\\\/\\\/concejodeliberantedeazul.gob.ar\\\/\"},{\"@type\":\"ListItem\",\"position\":2,\"name\":\"El Concejo Deliberante declar\u00f3 de Inter\u00e9s la realizaci\u00f3n de la concentraci\u00f3n del equipo femenino \u201cLas Castoras\u201d\"}]},{\"@type\":\"WebSite\",\"@id\":\"http:\\\/\\\/concejodeliberantedeazul.gob.ar\\\/#website\",\"url\":\"http:\\\/\\\/concejodeliberantedeazul.gob.ar\\\/\",\"name\":\"Concejo deliberante de Azul\",\"description\":\"Sitio Web Oficial del Concejo Deliberante de Azul, Prov. de Buenos Aires - Conformado por 18 concejales de todo el partido.\",\"potentialAction\":[{\"@type\":\"SearchAction\",\"target\":{\"@type\":\"EntryPoint\",\"urlTemplate\":\"http:\\\/\\\/concejodeliberantedeazul.gob.ar\\\/?s={search_term_string}\"},\"query-input\":{\"@type\":\"PropertyValueSpecification\",\"valueRequired\":true,\"valueName\":\"search_term_string\"}}],\"inLanguage\":\"es-AR\"},{\"@type\":\"Person\",\"@id\":\"http:\\\/\\\/concejodeliberantedeazul.gob.ar\\\/#\\\/schema\\\/person\\\/65fd6514aee7c29f008fc53b206198fe\",\"name\":\"Concejo Deliberante Azul\",\"image\":{\"@type\":\"ImageObject\",\"inLanguage\":\"es-AR\",\"@id\":\"https:\\\/\\\/secure.gravatar.com\\\/avatar\\\/30d9ae907861b897be87a25469982f0cfbce09947e0998bf7d9d0ecab450fb85?s=96&d=mm&r=g\",\"url\":\"https:\\\/\\\/secure.gravatar.com\\\/avatar\\\/30d9ae907861b897be87a25469982f0cfbce09947e0998bf7d9d0ecab450fb85?s=96&d=mm&r=g\",\"contentUrl\":\"https:\\\/\\\/secure.gravatar.com\\\/avatar\\\/30d9ae907861b897be87a25469982f0cfbce09947e0998bf7d9d0ecab450fb85?s=96&d=mm&r=g\",\"caption\":\"Concejo Deliberante Azul\"},\"url\":\"http:\\\/\\\/concejodeliberantedeazul.gob.ar\\\/index.php\\\/author\\\/concejo\\\/\"}]}<\/script>\n<!-- \/ Yoast SEO plugin. -->","yoast_head_json":{"title":"El Concejo Deliberante declar\u00f3 de Inter\u00e9s la realizaci\u00f3n de la concentraci\u00f3n del equipo femenino \u201cLas Castoras\u201d - Concejo deliberante de Azul","robots":{"index":"index","follow":"follow","max-snippet":"max-snippet:-1","max-image-preview":"max-image-preview:large","max-video-preview":"max-video-preview:-1"},"canonical":"https:\/\/concejodeliberantedeazul.gob.ar\/index.php\/2026\/03\/18\/el-concejo-deliberante-declaro-de-interes-la-realizacion-de-la-concentracion-del-equipo-femenino-las-castoras\/","og_locale":"es_ES","og_type":"article","og_title":"El Concejo Deliberante declar\u00f3 de Inter\u00e9s la realizaci\u00f3n de la concentraci\u00f3n del equipo femenino \u201cLas Castoras\u201d - Concejo deliberante de Azul","og_description":"En el marco de la Segunda Sesi\u00f3n Ordinaria, el Concejo Deliberante del partido de Azul declar\u00f3 de Inter\u00e9s Deportivo, Comunitario y Cultural la realizaci\u00f3n de la concentraci\u00f3n del equipo femenino de futsal para personas sordas \u201cLas Castoras\u201d a realizarse los d\u00edas 21, 22, 23 y 24 de marzo. La entrega de la distinci\u00f3n estuvo a [&hellip;]","og_url":"https:\/\/concejodeliberantedeazul.gob.ar\/index.php\/2026\/03\/18\/el-concejo-deliberante-declaro-de-interes-la-realizacion-de-la-concentracion-del-equipo-femenino-las-castoras\/","og_site_name":"Concejo deliberante de Azul","article_published_time":"2026-03-18T13:06:58+00:00","article_modified_time":"2026-04-02T20:23:11+00:00","og_image":[{"width":1323,"height":750,"url":"http:\/\/concejodeliberantedeazul.gob.ar\/wp-content\/uploads\/2026\/03\/Sesion-014-17-03-26-Foto-Hector-Garcia-e1775161358157.jpg","type":"image\/jpeg"}],"author":"Concejo Deliberante Azul","twitter_card":"summary_large_image","twitter_misc":{"Escrito por":"Concejo Deliberante Azul","Tiempo de lectura":"1 minuto"},"schema":{"@context":"https:\/\/schema.org","@graph":[{"@type":"Article","@id":"https:\/\/concejodeliberantedeazul.gob.ar\/index.php\/2026\/03\/18\/el-concejo-deliberante-declaro-de-interes-la-realizacion-de-la-concentracion-del-equipo-femenino-las-castoras\/#article","isPartOf":{"@id":"https:\/\/concejodeliberantedeazul.gob.ar\/index.php\/2026\/03\/18\/el-concejo-deliberante-declaro-de-interes-la-realizacion-de-la-concentracion-del-equipo-femenino-las-castoras\/"},"author":{"name":"Concejo Deliberante Azul","@id":"http:\/\/concejodeliberantedeazul.gob.ar\/#\/schema\/person\/65fd6514aee7c29f008fc53b206198fe"},"headline":"El Concejo Deliberante declar\u00f3 de Inter\u00e9s la realizaci\u00f3n de la concentraci\u00f3n del equipo femenino \u201cLas Castoras\u201d","datePublished":"2026-03-18T13:06:58+00:00","dateModified":"2026-04-02T20:23:11+00:00","mainEntityOfPage":{"@id":"https:\/\/concejodeliberantedeazul.gob.ar\/index.php\/2026\/03\/18\/el-concejo-deliberante-declaro-de-interes-la-realizacion-de-la-concentracion-del-equipo-femenino-las-castoras\/"},"wordCount":163,"image":{"@id":"https:\/\/concejodeliberantedeazul.gob.ar\/index.php\/2026\/03\/18\/el-concejo-deliberante-declaro-de-interes-la-realizacion-de-la-concentracion-del-equipo-femenino-las-castoras\/#primaryimage"},"thumbnailUrl":"http:\/\/concejodeliberantedeazul.gob.ar\/wp-content\/uploads\/2026\/03\/Sesion-014-17-03-26-Foto-Hector-Garcia-e1775161358157.jpg","articleSection":["Noticias"],"inLanguage":"es-AR"},{"@type":"WebPage","@id":"https:\/\/concejodeliberantedeazul.gob.ar\/index.php\/2026\/03\/18\/el-concejo-deliberante-declaro-de-interes-la-realizacion-de-la-concentracion-del-equipo-femenino-las-castoras\/","url":"https:\/\/concejodeliberantedeazul.gob.ar\/index.php\/2026\/03\/18\/el-concejo-deliberante-declaro-de-interes-la-realizacion-de-la-concentracion-del-equipo-femenino-las-castoras\/","name":"El Concejo Deliberante declar\u00f3 de Inter\u00e9s la realizaci\u00f3n de la concentraci\u00f3n del equipo femenino \u201cLas Castoras\u201d - Concejo deliberante de Azul","isPartOf":{"@id":"http:\/\/concejodeliberantedeazul.gob.ar\/#website"},"primaryImageOfPage":{"@id":"https:\/\/concejodeliberantedeazul.gob.ar\/index.php\/2026\/03\/18\/el-concejo-deliberante-declaro-de-interes-la-realizacion-de-la-concentracion-del-equipo-femenino-las-castoras\/#primaryimage"},"image":{"@id":"https:\/\/concejodeliberantedeazul.gob.ar\/index.php\/2026\/03\/18\/el-concejo-deliberante-declaro-de-interes-la-realizacion-de-la-concentracion-del-equipo-femenino-las-castoras\/#primaryimage"},"thumbnailUrl":"http:\/\/concejodeliberantedeazul.gob.ar\/wp-content\/uploads\/2026\/03\/Sesion-014-17-03-26-Foto-Hector-Garcia-e1775161358157.jpg","datePublished":"2026-03-18T13:06:58+00:00","dateModified":"2026-04-02T20:23:11+00:00","author":{"@id":"http:\/\/concejodeliberantedeazul.gob.ar\/#\/schema\/person\/65fd6514aee7c29f008fc53b206198fe"},"breadcrumb":{"@id":"https:\/\/concejodeliberantedeazul.gob.ar\/index.php\/2026\/03\/18\/el-concejo-deliberante-declaro-de-interes-la-realizacion-de-la-concentracion-del-equipo-femenino-las-castoras\/#breadcrumb"},"inLanguage":"es-AR","potentialAction":[{"@type":"ReadAction","target":["https:\/\/concejodeliberantedeazul.gob.ar\/index.php\/2026\/03\/18\/el-concejo-deliberante-declaro-de-interes-la-realizacion-de-la-concentracion-del-equipo-femenino-las-castoras\/"]}]},{"@type":"ImageObject","inLanguage":"es-AR","@id":"https:\/\/concejodeliberantedeazul.gob.ar\/index.php\/2026\/03\/18\/el-concejo-deliberante-declaro-de-interes-la-realizacion-de-la-concentracion-del-equipo-femenino-las-castoras\/#primaryimage","url":"http:\/\/concejodeliberantedeazul.gob.ar\/wp-content\/uploads\/2026\/03\/Sesion-014-17-03-26-Foto-Hector-Garcia-e1775161358157.jpg","contentUrl":"http:\/\/concejodeliberantedeazul.gob.ar\/wp-content\/uploads\/2026\/03\/Sesion-014-17-03-26-Foto-Hector-Garcia-e1775161358157.jpg","width":1323,"height":750},{"@type":"BreadcrumbList","@id":"https:\/\/concejodeliberantedeazul.gob.ar\/index.php\/2026\/03\/18\/el-concejo-deliberante-declaro-de-interes-la-realizacion-de-la-concentracion-del-equipo-femenino-las-castoras\/#breadcrumb","itemListElement":[{"@type":"ListItem","position":1,"name":"Inicio","item":"https:\/\/concejodeliberantedeazul.gob.ar\/"},{"@type":"ListItem","position":2,"name":"El Concejo Deliberante declar\u00f3 de Inter\u00e9s la realizaci\u00f3n de la concentraci\u00f3n del equipo femenino \u201cLas Castoras\u201d"}]},{"@type":"WebSite","@id":"http:\/\/concejodeliberantedeazul.gob.ar\/#website","url":"http:\/\/concejodeliberantedeazul.gob.ar\/","name":"Concejo deliberante de Azul","description":"Sitio Web Oficial del Concejo Deliberante de Azul, Prov. de Buenos Aires - Conformado por 18 concejales de todo el partido.","potentialAction":[{"@type":"SearchAction","target":{"@type":"EntryPoint","urlTemplate":"http:\/\/concejodeliberantedeazul.gob.ar\/?s={search_term_string}"},"query-input":{"@type":"PropertyValueSpecification","valueRequired":true,"valueName":"search_term_string"}}],"inLanguage":"es-AR"},{"@type":"Person","@id":"http:\/\/concejodeliberantedeazul.gob.ar\/#\/schema\/person\/65fd6514aee7c29f008fc53b206198fe","name":"Concejo Deliberante Azul","image":{"@type":"ImageObject","inLanguage":"es-AR","@id":"https:\/\/secure.gravatar.com\/avatar\/30d9ae907861b897be87a25469982f0cfbce09947e0998bf7d9d0ecab450fb85?s=96&d=mm&r=g","url":"https:\/\/secure.gravatar.com\/avatar\/30d9ae907861b897be87a25469982f0cfbce09947e0998bf7d9d0ecab450fb85?s=96&d=mm&r=g","contentUrl":"https:\/\/secure.gravatar.com\/avatar\/30d9ae907861b897be87a25469982f0cfbce09947e0998bf7d9d0ecab450fb85?s=96&d=mm&r=g","caption":"Concejo Deliberante Azul"},"url":"http:\/\/concejodeliberantedeazul.gob.ar\/index.php\/author\/concejo\/"}]}},"amp_enabled":true,"_links":{"self":[{"href":"http:\/\/concejodeliberantedeazul.gob.ar\/index.php\/wp-json\/wp\/v2\/posts\/3625","targetHints":{"allow":["GET"]}}],"collection":[{"href":"http:\/\/concejodeliberantedeazul.gob.ar\/index.php\/wp-json\/wp\/v2\/posts"}],"about":[{"href":"http:\/\/concejodeliberantedeazul.gob.ar\/index.php\/wp-json\/wp\/v2\/types\/post"}],"author":[{"embeddable":true,"href":"http:\/\/concejodeliberantedeazul.gob.ar\/index.php\/wp-json\/wp\/v2\/users\/2"}],"replies":[{"embeddable":true,"href":"http:\/\/concejodeliberantedeazul.gob.ar\/index.php\/wp-json\/wp\/v2\/comments?post=3625"}],"version-history":[{"count":1,"href":"http:\/\/concejodeliberantedeazul.gob.ar\/index.php\/wp-json\/wp\/v2\/posts\/3625\/revisions"}],"predecessor-version":[{"id":3627,"href":"http:\/\/concejodeliberantedeazul.gob.ar\/index.php\/wp-json\/wp\/v2\/posts\/3625\/revisions\/3627"}],"wp:featuredmedia":[{"embeddable":true,"href":"http:\/\/concejodeliberantedeazul.gob.ar\/index.php\/wp-json\/wp\/v2\/media\/3626"}],"wp:attachment":[{"href":"http:\/\/concejodeliberantedeazul.gob.ar\/index.php\/wp-json\/wp\/v2\/media?parent=3625"}],"wp:term":[{"taxonomy":"category","embeddable":true,"href":"http:\/\/concejodeliberantedeazul.gob.ar\/index.php\/wp-json\/wp\/v2\/categories?post=3625"},{"taxonomy":"post_tag","embeddable":true,"href":"http:\/\/concejodeliberantedeazul.gob.ar\/index.php\/wp-json\/wp\/v2\/tags?post=3625"}],"curies":[{"name":"wp","href":"https:\/\/api.w.org\/{rel}","templated":true}]}}