{"id":3611,"date":"2026-03-06T09:08:24","date_gmt":"2026-03-06T12:08:24","guid":{"rendered":"https:\/\/concejodeliberantedeazul.gob.ar\/?p=3611"},"modified":"2026-03-06T09:08:27","modified_gmt":"2026-03-06T12:08:27","slug":"primera-reunion-del-consejo-de-arbolado","status":"publish","type":"post","link":"http:\/\/concejodeliberantedeazul.gob.ar\/index.php\/2026\/03\/06\/primera-reunion-del-consejo-de-arbolado\/","title":{"rendered":"Primera reuni\u00f3n del Consejo de Arbolado"},"content":{"rendered":"\n<p>D\u00edas pasados, se llev\u00f3 a cabo en el recinto del Concejo Deliberante, la primera reuni\u00f3n del a\u00f1o del Consejo de Arbolado P\u00fablico del partido de Azul. En representaci\u00f3n del Poder Legislativo participaron las concejales Cecilia Mart\u00ednez y Azul Elicabide.<\/p>\n\n\n\n<p>Durante el encuentro, se realiz\u00f3 un balance de lo trabajado en el a\u00f1o 2025 y de los objetivos propuestos para el a\u00f1o en curso.<\/p>\n\n\n\n<p>Adem\u00e1s, se analiz\u00f3 la posibilidad de sistematizar con el \u00e1rea de arbolado del Departamento Ejecutivo todo lo relativo a autorizaciones, infracciones, multas, solicitud de poda, entre otros, con el fin de brindar fluidez a dichos tr\u00e1mites.<\/p>\n\n\n\n<p>Por otra parte, se tom\u00f3 conocimiento de los diferentes expedientes elevados al Concejo Deliberante sobre los cuales el Consejo de Arbolado debe asesorar para su respuesta.<\/p>\n\n\n\n<p>Por \u00faltimo, se dialog\u00f3 sobre los avances necesarios que deben implementarse en la Ordenanza de C\u00f3digo de Faltas.<\/p>\n\n\n\n<p>Cabe recordar que la Ordenanza que regula la creaci\u00f3n del Consejo de Arbolado P\u00fablico establece que el mismo tendr\u00e1 por objetivo colaborar con el organismo competente de la Municipalidad y prestar su apoyo a la difusi\u00f3n de conocimiento, concientizaci\u00f3n y todo lo que contribuya al desarrollo del Plan de Arbolado.<\/p>\n","protected":false},"excerpt":{"rendered":"<p>D\u00edas pasados, se llev\u00f3 a cabo en el recinto del Concejo Deliberante, la primera reuni\u00f3n del a\u00f1o del Consejo de Arbolado P\u00fablico del partido de Azul. En representaci\u00f3n del Poder Legislativo participaron las concejales Cecilia Mart\u00ednez y Azul Elicabide. Durante el encuentro, se realiz\u00f3 un balance de lo trabajado en el a\u00f1o 2025 y de [&hellip;]<\/p>\n","protected":false},"author":2,"featured_media":3612,"comment_status":"closed","ping_status":"closed","sticky":false,"template":"","format":"standard","meta":{"tdm_status":"","tdm_grid_status":"","footnotes":""},"categories":[7],"tags":[],"class_list":{"0":"post-3611","1":"post","2":"type-post","3":"status-publish","4":"format-standard","5":"has-post-thumbnail","7":"category-noticias"},"yoast_head":"<!-- This site is optimized with the Yoast SEO plugin v27.3 - https:\/\/yoast.com\/product\/yoast-seo-wordpress\/ -->\n<title>Primera reuni\u00f3n del Consejo de Arbolado - Concejo deliberante de Azul<\/title>\n<meta name=\"robots\" content=\"index, follow, max-snippet:-1, max-image-preview:large, max-video-preview:-1\" \/>\n<link rel=\"canonical\" href=\"https:\/\/concejodeliberantedeazul.gob.ar\/index.php\/2026\/03\/06\/primera-reunion-del-consejo-de-arbolado\/\" \/>\n<meta property=\"og:locale\" content=\"es_ES\" \/>\n<meta property=\"og:type\" content=\"article\" \/>\n<meta property=\"og:title\" content=\"Primera reuni\u00f3n del Consejo de Arbolado - Concejo deliberante de Azul\" \/>\n<meta property=\"og:description\" content=\"D\u00edas pasados, se llev\u00f3 a cabo en el recinto del Concejo Deliberante, la primera reuni\u00f3n del a\u00f1o del Consejo de Arbolado P\u00fablico del partido de Azul. En representaci\u00f3n del Poder Legislativo participaron las concejales Cecilia Mart\u00ednez y Azul Elicabide. Durante el encuentro, se realiz\u00f3 un balance de lo trabajado en el a\u00f1o 2025 y de [&hellip;]\" \/>\n<meta property=\"og:url\" content=\"https:\/\/concejodeliberantedeazul.gob.ar\/index.php\/2026\/03\/06\/primera-reunion-del-consejo-de-arbolado\/\" \/>\n<meta property=\"og:site_name\" content=\"Concejo deliberante de Azul\" \/>\n<meta property=\"article:published_time\" content=\"2026-03-06T12:08:24+00:00\" \/>\n<meta property=\"article:modified_time\" content=\"2026-03-06T12:08:27+00:00\" \/>\n<meta property=\"og:image\" content=\"http:\/\/concejodeliberantedeazul.gob.ar\/wp-content\/uploads\/2026\/03\/04-03-2026-Arbolado-1-scaled.jpg\" \/>\n\t<meta property=\"og:image:width\" content=\"2560\" \/>\n\t<meta property=\"og:image:height\" content=\"1928\" \/>\n\t<meta property=\"og:image:type\" content=\"image\/jpeg\" \/>\n<meta name=\"author\" content=\"Concejo Deliberante Azul\" \/>\n<meta name=\"twitter:card\" content=\"summary_large_image\" \/>\n<meta name=\"twitter:label1\" content=\"Escrito por\" \/>\n\t<meta name=\"twitter:data1\" content=\"Concejo Deliberante Azul\" \/>\n\t<meta name=\"twitter:label2\" content=\"Tiempo de lectura\" \/>\n\t<meta name=\"twitter:data2\" content=\"2 minutos\" \/>\n<script type=\"application\/ld+json\" class=\"yoast-schema-graph\">{\"@context\":\"https:\\\/\\\/schema.org\",\"@graph\":[{\"@type\":\"Article\",\"@id\":\"https:\\\/\\\/concejodeliberantedeazul.gob.ar\\\/index.php\\\/2026\\\/03\\\/06\\\/primera-reunion-del-consejo-de-arbolado\\\/#article\",\"isPartOf\":{\"@id\":\"https:\\\/\\\/concejodeliberantedeazul.gob.ar\\\/index.php\\\/2026\\\/03\\\/06\\\/primera-reunion-del-consejo-de-arbolado\\\/\"},\"author\":{\"name\":\"Concejo Deliberante Azul\",\"@id\":\"http:\\\/\\\/concejodeliberantedeazul.gob.ar\\\/#\\\/schema\\\/person\\\/65fd6514aee7c29f008fc53b206198fe\"},\"headline\":\"Primera reuni\u00f3n del Consejo de Arbolado\",\"datePublished\":\"2026-03-06T12:08:24+00:00\",\"dateModified\":\"2026-03-06T12:08:27+00:00\",\"mainEntityOfPage\":{\"@id\":\"https:\\\/\\\/concejodeliberantedeazul.gob.ar\\\/index.php\\\/2026\\\/03\\\/06\\\/primera-reunion-del-consejo-de-arbolado\\\/\"},\"wordCount\":214,\"image\":{\"@id\":\"https:\\\/\\\/concejodeliberantedeazul.gob.ar\\\/index.php\\\/2026\\\/03\\\/06\\\/primera-reunion-del-consejo-de-arbolado\\\/#primaryimage\"},\"thumbnailUrl\":\"http:\\\/\\\/concejodeliberantedeazul.gob.ar\\\/wp-content\\\/uploads\\\/2026\\\/03\\\/04-03-2026-Arbolado-1-scaled.jpg\",\"articleSection\":[\"Noticias\"],\"inLanguage\":\"es-AR\"},{\"@type\":\"WebPage\",\"@id\":\"https:\\\/\\\/concejodeliberantedeazul.gob.ar\\\/index.php\\\/2026\\\/03\\\/06\\\/primera-reunion-del-consejo-de-arbolado\\\/\",\"url\":\"https:\\\/\\\/concejodeliberantedeazul.gob.ar\\\/index.php\\\/2026\\\/03\\\/06\\\/primera-reunion-del-consejo-de-arbolado\\\/\",\"name\":\"Primera reuni\u00f3n del Consejo de Arbolado - Concejo deliberante de Azul\",\"isPartOf\":{\"@id\":\"http:\\\/\\\/concejodeliberantedeazul.gob.ar\\\/#website\"},\"primaryImageOfPage\":{\"@id\":\"https:\\\/\\\/concejodeliberantedeazul.gob.ar\\\/index.php\\\/2026\\\/03\\\/06\\\/primera-reunion-del-consejo-de-arbolado\\\/#primaryimage\"},\"image\":{\"@id\":\"https:\\\/\\\/concejodeliberantedeazul.gob.ar\\\/index.php\\\/2026\\\/03\\\/06\\\/primera-reunion-del-consejo-de-arbolado\\\/#primaryimage\"},\"thumbnailUrl\":\"http:\\\/\\\/concejodeliberantedeazul.gob.ar\\\/wp-content\\\/uploads\\\/2026\\\/03\\\/04-03-2026-Arbolado-1-scaled.jpg\",\"datePublished\":\"2026-03-06T12:08:24+00:00\",\"dateModified\":\"2026-03-06T12:08:27+00:00\",\"author\":{\"@id\":\"http:\\\/\\\/concejodeliberantedeazul.gob.ar\\\/#\\\/schema\\\/person\\\/65fd6514aee7c29f008fc53b206198fe\"},\"breadcrumb\":{\"@id\":\"https:\\\/\\\/concejodeliberantedeazul.gob.ar\\\/index.php\\\/2026\\\/03\\\/06\\\/primera-reunion-del-consejo-de-arbolado\\\/#breadcrumb\"},\"inLanguage\":\"es-AR\",\"potentialAction\":[{\"@type\":\"ReadAction\",\"target\":[\"https:\\\/\\\/concejodeliberantedeazul.gob.ar\\\/index.php\\\/2026\\\/03\\\/06\\\/primera-reunion-del-consejo-de-arbolado\\\/\"]}]},{\"@type\":\"ImageObject\",\"inLanguage\":\"es-AR\",\"@id\":\"https:\\\/\\\/concejodeliberantedeazul.gob.ar\\\/index.php\\\/2026\\\/03\\\/06\\\/primera-reunion-del-consejo-de-arbolado\\\/#primaryimage\",\"url\":\"http:\\\/\\\/concejodeliberantedeazul.gob.ar\\\/wp-content\\\/uploads\\\/2026\\\/03\\\/04-03-2026-Arbolado-1-scaled.jpg\",\"contentUrl\":\"http:\\\/\\\/concejodeliberantedeazul.gob.ar\\\/wp-content\\\/uploads\\\/2026\\\/03\\\/04-03-2026-Arbolado-1-scaled.jpg\",\"width\":2560,\"height\":1928},{\"@type\":\"BreadcrumbList\",\"@id\":\"https:\\\/\\\/concejodeliberantedeazul.gob.ar\\\/index.php\\\/2026\\\/03\\\/06\\\/primera-reunion-del-consejo-de-arbolado\\\/#breadcrumb\",\"itemListElement\":[{\"@type\":\"ListItem\",\"position\":1,\"name\":\"Inicio\",\"item\":\"https:\\\/\\\/concejodeliberantedeazul.gob.ar\\\/\"},{\"@type\":\"ListItem\",\"position\":2,\"name\":\"Primera reuni\u00f3n del Consejo de Arbolado\"}]},{\"@type\":\"WebSite\",\"@id\":\"http:\\\/\\\/concejodeliberantedeazul.gob.ar\\\/#website\",\"url\":\"http:\\\/\\\/concejodeliberantedeazul.gob.ar\\\/\",\"name\":\"Concejo deliberante de Azul\",\"description\":\"Sitio Web Oficial del Concejo Deliberante de Azul, Prov. de Buenos Aires - Conformado por 18 concejales de todo el partido.\",\"potentialAction\":[{\"@type\":\"SearchAction\",\"target\":{\"@type\":\"EntryPoint\",\"urlTemplate\":\"http:\\\/\\\/concejodeliberantedeazul.gob.ar\\\/?s={search_term_string}\"},\"query-input\":{\"@type\":\"PropertyValueSpecification\",\"valueRequired\":true,\"valueName\":\"search_term_string\"}}],\"inLanguage\":\"es-AR\"},{\"@type\":\"Person\",\"@id\":\"http:\\\/\\\/concejodeliberantedeazul.gob.ar\\\/#\\\/schema\\\/person\\\/65fd6514aee7c29f008fc53b206198fe\",\"name\":\"Concejo Deliberante Azul\",\"image\":{\"@type\":\"ImageObject\",\"inLanguage\":\"es-AR\",\"@id\":\"https:\\\/\\\/secure.gravatar.com\\\/avatar\\\/30d9ae907861b897be87a25469982f0cfbce09947e0998bf7d9d0ecab450fb85?s=96&d=mm&r=g\",\"url\":\"https:\\\/\\\/secure.gravatar.com\\\/avatar\\\/30d9ae907861b897be87a25469982f0cfbce09947e0998bf7d9d0ecab450fb85?s=96&d=mm&r=g\",\"contentUrl\":\"https:\\\/\\\/secure.gravatar.com\\\/avatar\\\/30d9ae907861b897be87a25469982f0cfbce09947e0998bf7d9d0ecab450fb85?s=96&d=mm&r=g\",\"caption\":\"Concejo Deliberante Azul\"},\"url\":\"http:\\\/\\\/concejodeliberantedeazul.gob.ar\\\/index.php\\\/author\\\/concejo\\\/\"}]}<\/script>\n<!-- \/ Yoast SEO plugin. -->","yoast_head_json":{"title":"Primera reuni\u00f3n del Consejo de Arbolado - Concejo deliberante de Azul","robots":{"index":"index","follow":"follow","max-snippet":"max-snippet:-1","max-image-preview":"max-image-preview:large","max-video-preview":"max-video-preview:-1"},"canonical":"https:\/\/concejodeliberantedeazul.gob.ar\/index.php\/2026\/03\/06\/primera-reunion-del-consejo-de-arbolado\/","og_locale":"es_ES","og_type":"article","og_title":"Primera reuni\u00f3n del Consejo de Arbolado - Concejo deliberante de Azul","og_description":"D\u00edas pasados, se llev\u00f3 a cabo en el recinto del Concejo Deliberante, la primera reuni\u00f3n del a\u00f1o del Consejo de Arbolado P\u00fablico del partido de Azul. En representaci\u00f3n del Poder Legislativo participaron las concejales Cecilia Mart\u00ednez y Azul Elicabide. Durante el encuentro, se realiz\u00f3 un balance de lo trabajado en el a\u00f1o 2025 y de [&hellip;]","og_url":"https:\/\/concejodeliberantedeazul.gob.ar\/index.php\/2026\/03\/06\/primera-reunion-del-consejo-de-arbolado\/","og_site_name":"Concejo deliberante de Azul","article_published_time":"2026-03-06T12:08:24+00:00","article_modified_time":"2026-03-06T12:08:27+00:00","og_image":[{"width":2560,"height":1928,"url":"http:\/\/concejodeliberantedeazul.gob.ar\/wp-content\/uploads\/2026\/03\/04-03-2026-Arbolado-1-scaled.jpg","type":"image\/jpeg"}],"author":"Concejo Deliberante Azul","twitter_card":"summary_large_image","twitter_misc":{"Escrito por":"Concejo Deliberante Azul","Tiempo de lectura":"2 minutos"},"schema":{"@context":"https:\/\/schema.org","@graph":[{"@type":"Article","@id":"https:\/\/concejodeliberantedeazul.gob.ar\/index.php\/2026\/03\/06\/primera-reunion-del-consejo-de-arbolado\/#article","isPartOf":{"@id":"https:\/\/concejodeliberantedeazul.gob.ar\/index.php\/2026\/03\/06\/primera-reunion-del-consejo-de-arbolado\/"},"author":{"name":"Concejo Deliberante Azul","@id":"http:\/\/concejodeliberantedeazul.gob.ar\/#\/schema\/person\/65fd6514aee7c29f008fc53b206198fe"},"headline":"Primera reuni\u00f3n del Consejo de Arbolado","datePublished":"2026-03-06T12:08:24+00:00","dateModified":"2026-03-06T12:08:27+00:00","mainEntityOfPage":{"@id":"https:\/\/concejodeliberantedeazul.gob.ar\/index.php\/2026\/03\/06\/primera-reunion-del-consejo-de-arbolado\/"},"wordCount":214,"image":{"@id":"https:\/\/concejodeliberantedeazul.gob.ar\/index.php\/2026\/03\/06\/primera-reunion-del-consejo-de-arbolado\/#primaryimage"},"thumbnailUrl":"http:\/\/concejodeliberantedeazul.gob.ar\/wp-content\/uploads\/2026\/03\/04-03-2026-Arbolado-1-scaled.jpg","articleSection":["Noticias"],"inLanguage":"es-AR"},{"@type":"WebPage","@id":"https:\/\/concejodeliberantedeazul.gob.ar\/index.php\/2026\/03\/06\/primera-reunion-del-consejo-de-arbolado\/","url":"https:\/\/concejodeliberantedeazul.gob.ar\/index.php\/2026\/03\/06\/primera-reunion-del-consejo-de-arbolado\/","name":"Primera reuni\u00f3n del Consejo de Arbolado - Concejo deliberante de Azul","isPartOf":{"@id":"http:\/\/concejodeliberantedeazul.gob.ar\/#website"},"primaryImageOfPage":{"@id":"https:\/\/concejodeliberantedeazul.gob.ar\/index.php\/2026\/03\/06\/primera-reunion-del-consejo-de-arbolado\/#primaryimage"},"image":{"@id":"https:\/\/concejodeliberantedeazul.gob.ar\/index.php\/2026\/03\/06\/primera-reunion-del-consejo-de-arbolado\/#primaryimage"},"thumbnailUrl":"http:\/\/concejodeliberantedeazul.gob.ar\/wp-content\/uploads\/2026\/03\/04-03-2026-Arbolado-1-scaled.jpg","datePublished":"2026-03-06T12:08:24+00:00","dateModified":"2026-03-06T12:08:27+00:00","author":{"@id":"http:\/\/concejodeliberantedeazul.gob.ar\/#\/schema\/person\/65fd6514aee7c29f008fc53b206198fe"},"breadcrumb":{"@id":"https:\/\/concejodeliberantedeazul.gob.ar\/index.php\/2026\/03\/06\/primera-reunion-del-consejo-de-arbolado\/#breadcrumb"},"inLanguage":"es-AR","potentialAction":[{"@type":"ReadAction","target":["https:\/\/concejodeliberantedeazul.gob.ar\/index.php\/2026\/03\/06\/primera-reunion-del-consejo-de-arbolado\/"]}]},{"@type":"ImageObject","inLanguage":"es-AR","@id":"https:\/\/concejodeliberantedeazul.gob.ar\/index.php\/2026\/03\/06\/primera-reunion-del-consejo-de-arbolado\/#primaryimage","url":"http:\/\/concejodeliberantedeazul.gob.ar\/wp-content\/uploads\/2026\/03\/04-03-2026-Arbolado-1-scaled.jpg","contentUrl":"http:\/\/concejodeliberantedeazul.gob.ar\/wp-content\/uploads\/2026\/03\/04-03-2026-Arbolado-1-scaled.jpg","width":2560,"height":1928},{"@type":"BreadcrumbList","@id":"https:\/\/concejodeliberantedeazul.gob.ar\/index.php\/2026\/03\/06\/primera-reunion-del-consejo-de-arbolado\/#breadcrumb","itemListElement":[{"@type":"ListItem","position":1,"name":"Inicio","item":"https:\/\/concejodeliberantedeazul.gob.ar\/"},{"@type":"ListItem","position":2,"name":"Primera reuni\u00f3n del Consejo de Arbolado"}]},{"@type":"WebSite","@id":"http:\/\/concejodeliberantedeazul.gob.ar\/#website","url":"http:\/\/concejodeliberantedeazul.gob.ar\/","name":"Concejo deliberante de Azul","description":"Sitio Web Oficial del Concejo Deliberante de Azul, Prov. de Buenos Aires - Conformado por 18 concejales de todo el partido.","potentialAction":[{"@type":"SearchAction","target":{"@type":"EntryPoint","urlTemplate":"http:\/\/concejodeliberantedeazul.gob.ar\/?s={search_term_string}"},"query-input":{"@type":"PropertyValueSpecification","valueRequired":true,"valueName":"search_term_string"}}],"inLanguage":"es-AR"},{"@type":"Person","@id":"http:\/\/concejodeliberantedeazul.gob.ar\/#\/schema\/person\/65fd6514aee7c29f008fc53b206198fe","name":"Concejo Deliberante Azul","image":{"@type":"ImageObject","inLanguage":"es-AR","@id":"https:\/\/secure.gravatar.com\/avatar\/30d9ae907861b897be87a25469982f0cfbce09947e0998bf7d9d0ecab450fb85?s=96&d=mm&r=g","url":"https:\/\/secure.gravatar.com\/avatar\/30d9ae907861b897be87a25469982f0cfbce09947e0998bf7d9d0ecab450fb85?s=96&d=mm&r=g","contentUrl":"https:\/\/secure.gravatar.com\/avatar\/30d9ae907861b897be87a25469982f0cfbce09947e0998bf7d9d0ecab450fb85?s=96&d=mm&r=g","caption":"Concejo Deliberante Azul"},"url":"http:\/\/concejodeliberantedeazul.gob.ar\/index.php\/author\/concejo\/"}]}},"amp_enabled":true,"_links":{"self":[{"href":"http:\/\/concejodeliberantedeazul.gob.ar\/index.php\/wp-json\/wp\/v2\/posts\/3611","targetHints":{"allow":["GET"]}}],"collection":[{"href":"http:\/\/concejodeliberantedeazul.gob.ar\/index.php\/wp-json\/wp\/v2\/posts"}],"about":[{"href":"http:\/\/concejodeliberantedeazul.gob.ar\/index.php\/wp-json\/wp\/v2\/types\/post"}],"author":[{"embeddable":true,"href":"http:\/\/concejodeliberantedeazul.gob.ar\/index.php\/wp-json\/wp\/v2\/users\/2"}],"replies":[{"embeddable":true,"href":"http:\/\/concejodeliberantedeazul.gob.ar\/index.php\/wp-json\/wp\/v2\/comments?post=3611"}],"version-history":[{"count":1,"href":"http:\/\/concejodeliberantedeazul.gob.ar\/index.php\/wp-json\/wp\/v2\/posts\/3611\/revisions"}],"predecessor-version":[{"id":3613,"href":"http:\/\/concejodeliberantedeazul.gob.ar\/index.php\/wp-json\/wp\/v2\/posts\/3611\/revisions\/3613"}],"wp:featuredmedia":[{"embeddable":true,"href":"http:\/\/concejodeliberantedeazul.gob.ar\/index.php\/wp-json\/wp\/v2\/media\/3612"}],"wp:attachment":[{"href":"http:\/\/concejodeliberantedeazul.gob.ar\/index.php\/wp-json\/wp\/v2\/media?parent=3611"}],"wp:term":[{"taxonomy":"category","embeddable":true,"href":"http:\/\/concejodeliberantedeazul.gob.ar\/index.php\/wp-json\/wp\/v2\/categories?post=3611"},{"taxonomy":"post_tag","embeddable":true,"href":"http:\/\/concejodeliberantedeazul.gob.ar\/index.php\/wp-json\/wp\/v2\/tags?post=3611"}],"curies":[{"name":"wp","href":"https:\/\/api.w.org\/{rel}","templated":true}]}}