{"id":3487,"date":"2025-11-20T13:12:55","date_gmt":"2025-11-20T16:12:55","guid":{"rendered":"http:\/\/concejodeliberantedeazul.gob.ar\/?p=3487"},"modified":"2025-11-25T19:57:15","modified_gmt":"2025-11-25T22:57:15","slug":"antonella-de-lorenzi-es-la-nueva-subdirectora-del-concejo-deliberante","status":"publish","type":"post","link":"http:\/\/concejodeliberantedeazul.gob.ar\/index.php\/2025\/11\/20\/antonella-de-lorenzi-es-la-nueva-subdirectora-del-concejo-deliberante\/","title":{"rendered":"Antonella De Lorenzi es la nueva Subdirectora del Concejo Deliberante"},"content":{"rendered":"\n<p>Se llev\u00f3 a cabo el concurso para cubrir el cargo de Subdirector\/a del Concejo Deliberante del partido de Azul, mediante Decreto 967\/2025.<\/p>\n\n\n\n<p>El mismo cont\u00f3 con 3 aspirantes resultando en primer lugar del orden de m\u00e9rito la agente Antonella De Lorenzi qui\u00e9n logr\u00f3 94 puntos en la prueba de oposici\u00f3n y entrevista.<\/p>\n\n\n\n<p>Cabe recordar que el jurado evaluador estuvo conformado por: Dr. Roberto D\u00e1vila (Municipalidad de Azul); Dr. Pedro Arrouy (UNICEN), Pedro Benedicto (STMA), Estefan\u00eda Malacalza (ATE) y Rafaela L\u00f3pez (SOEMPA). &nbsp;<\/p>\n\n\n\n<p><strong><u>ACTA<\/u><\/strong><\/p>\n\n\n\n<p>Se informa al personal del Concejo Deliberante de Azul que el d\u00eda 14 y 17 de noviembre de 2025 se llev\u00f3 a cabo el Concurso de Antecedentes y Oposici\u00f3n para la cobertura del cargo de Subdirectora, conforme al Decreto N\u00ba 967\/2025 y las bases oportunamente aprobadas.<\/p>\n\n\n\n<p>El Jurado Evaluador, integrado por el Dr. Pedro Arrouy (representante de la Facultad de Derecho de Azul), la Sra. Estefan\u00eda Malacalza (representante de ATE), la Sra. Rafaela L\u00f3pez (representante del SOEMPA), el Sr. Pedro Benedicto (representante del STMA) y el Dr. Roberto D\u00e1vila (Subsecretario de Legal y T\u00e9cnica del Municipio de Azul), realiz\u00f3 el proceso de evaluaci\u00f3n de acuerdo con los criterios establecidos, garantizando transparencia, igualdad de oportunidades e idoneidad en la selecci\u00f3n.<\/p>\n\n\n\n<p>Finalizado el procedimiento, el orden de m\u00e9rito resultante es el siguiente:<\/p>\n\n\n\n<p>Antonella De Lorenzi \u2013 94 puntos<\/p>\n\n\n\n<p>Mar\u00eda Emilia Iztueta \u2013 80 puntos<\/p>\n\n\n\n<p>Mar\u00eda de los \u00c1ngeles Ventimiglia \u2013 50 puntos<\/p>\n\n\n\n<p>En virtud de lo resuelto por el jurado, fue designada mediante Decreto N\u00b0 972 en el cargo concursado la postulante que result\u00f3 en primer lugar del orden de m\u00e9rito, conforme a la normativa vigente.<\/p>\n","protected":false},"excerpt":{"rendered":"<p>Se llev\u00f3 a cabo el concurso para cubrir el cargo de Subdirector\/a del Concejo Deliberante del partido de Azul, mediante Decreto 967\/2025. El mismo cont\u00f3 con 3 aspirantes resultando en primer lugar del orden de m\u00e9rito la agente Antonella De Lorenzi qui\u00e9n logr\u00f3 94 puntos en la prueba de oposici\u00f3n y entrevista. Cabe recordar que [&hellip;]<\/p>\n","protected":false},"author":2,"featured_media":3490,"comment_status":"closed","ping_status":"closed","sticky":false,"template":"","format":"standard","meta":{"tdm_status":"","tdm_grid_status":"","footnotes":""},"categories":[7],"tags":[],"class_list":{"0":"post-3487","1":"post","2":"type-post","3":"status-publish","4":"format-standard","5":"has-post-thumbnail","7":"category-noticias"},"yoast_head":"<!-- This site is optimized with the Yoast SEO plugin v27.3 - https:\/\/yoast.com\/product\/yoast-seo-wordpress\/ -->\n<title>Antonella De Lorenzi es la nueva Subdirectora del Concejo Deliberante - Concejo deliberante de Azul<\/title>\n<meta name=\"robots\" content=\"index, follow, max-snippet:-1, max-image-preview:large, max-video-preview:-1\" \/>\n<link rel=\"canonical\" href=\"https:\/\/concejodeliberantedeazul.gob.ar\/index.php\/2025\/11\/20\/antonella-de-lorenzi-es-la-nueva-subdirectora-del-concejo-deliberante\/\" \/>\n<meta property=\"og:locale\" content=\"es_ES\" \/>\n<meta property=\"og:type\" content=\"article\" \/>\n<meta property=\"og:title\" content=\"Antonella De Lorenzi es la nueva Subdirectora del Concejo Deliberante - Concejo deliberante de Azul\" \/>\n<meta property=\"og:description\" content=\"Se llev\u00f3 a cabo el concurso para cubrir el cargo de Subdirector\/a del Concejo Deliberante del partido de Azul, mediante Decreto 967\/2025. El mismo cont\u00f3 con 3 aspirantes resultando en primer lugar del orden de m\u00e9rito la agente Antonella De Lorenzi qui\u00e9n logr\u00f3 94 puntos en la prueba de oposici\u00f3n y entrevista. Cabe recordar que [&hellip;]\" \/>\n<meta property=\"og:url\" content=\"https:\/\/concejodeliberantedeazul.gob.ar\/index.php\/2025\/11\/20\/antonella-de-lorenzi-es-la-nueva-subdirectora-del-concejo-deliberante\/\" \/>\n<meta property=\"og:site_name\" content=\"Concejo deliberante de Azul\" \/>\n<meta property=\"article:published_time\" content=\"2025-11-20T16:12:55+00:00\" \/>\n<meta property=\"article:modified_time\" content=\"2025-11-25T22:57:15+00:00\" \/>\n<meta property=\"og:image\" content=\"http:\/\/concejodeliberantedeazul.gob.ar\/wp-content\/uploads\/2025\/11\/1764070320583-scaled.jpg\" \/>\n\t<meta property=\"og:image:width\" content=\"2560\" \/>\n\t<meta property=\"og:image:height\" content=\"1817\" \/>\n\t<meta property=\"og:image:type\" content=\"image\/jpeg\" \/>\n<meta name=\"author\" content=\"Concejo Deliberante Azul\" \/>\n<meta name=\"twitter:card\" content=\"summary_large_image\" \/>\n<meta name=\"twitter:label1\" content=\"Escrito por\" \/>\n\t<meta name=\"twitter:data1\" content=\"Concejo Deliberante Azul\" \/>\n\t<meta name=\"twitter:label2\" content=\"Tiempo de lectura\" \/>\n\t<meta name=\"twitter:data2\" content=\"2 minutos\" \/>\n<script type=\"application\/ld+json\" class=\"yoast-schema-graph\">{\"@context\":\"https:\\\/\\\/schema.org\",\"@graph\":[{\"@type\":\"Article\",\"@id\":\"https:\\\/\\\/concejodeliberantedeazul.gob.ar\\\/index.php\\\/2025\\\/11\\\/20\\\/antonella-de-lorenzi-es-la-nueva-subdirectora-del-concejo-deliberante\\\/#article\",\"isPartOf\":{\"@id\":\"https:\\\/\\\/concejodeliberantedeazul.gob.ar\\\/index.php\\\/2025\\\/11\\\/20\\\/antonella-de-lorenzi-es-la-nueva-subdirectora-del-concejo-deliberante\\\/\"},\"author\":{\"name\":\"Concejo Deliberante Azul\",\"@id\":\"http:\\\/\\\/concejodeliberantedeazul.gob.ar\\\/#\\\/schema\\\/person\\\/65fd6514aee7c29f008fc53b206198fe\"},\"headline\":\"Antonella De Lorenzi es la nueva Subdirectora del Concejo Deliberante\",\"datePublished\":\"2025-11-20T16:12:55+00:00\",\"dateModified\":\"2025-11-25T22:57:15+00:00\",\"mainEntityOfPage\":{\"@id\":\"https:\\\/\\\/concejodeliberantedeazul.gob.ar\\\/index.php\\\/2025\\\/11\\\/20\\\/antonella-de-lorenzi-es-la-nueva-subdirectora-del-concejo-deliberante\\\/\"},\"wordCount\":282,\"image\":{\"@id\":\"https:\\\/\\\/concejodeliberantedeazul.gob.ar\\\/index.php\\\/2025\\\/11\\\/20\\\/antonella-de-lorenzi-es-la-nueva-subdirectora-del-concejo-deliberante\\\/#primaryimage\"},\"thumbnailUrl\":\"http:\\\/\\\/concejodeliberantedeazul.gob.ar\\\/wp-content\\\/uploads\\\/2025\\\/11\\\/1764070320583-scaled.jpg\",\"articleSection\":[\"Noticias\"],\"inLanguage\":\"es-AR\"},{\"@type\":\"WebPage\",\"@id\":\"https:\\\/\\\/concejodeliberantedeazul.gob.ar\\\/index.php\\\/2025\\\/11\\\/20\\\/antonella-de-lorenzi-es-la-nueva-subdirectora-del-concejo-deliberante\\\/\",\"url\":\"https:\\\/\\\/concejodeliberantedeazul.gob.ar\\\/index.php\\\/2025\\\/11\\\/20\\\/antonella-de-lorenzi-es-la-nueva-subdirectora-del-concejo-deliberante\\\/\",\"name\":\"Antonella De Lorenzi es la nueva Subdirectora del Concejo Deliberante - Concejo deliberante de Azul\",\"isPartOf\":{\"@id\":\"http:\\\/\\\/concejodeliberantedeazul.gob.ar\\\/#website\"},\"primaryImageOfPage\":{\"@id\":\"https:\\\/\\\/concejodeliberantedeazul.gob.ar\\\/index.php\\\/2025\\\/11\\\/20\\\/antonella-de-lorenzi-es-la-nueva-subdirectora-del-concejo-deliberante\\\/#primaryimage\"},\"image\":{\"@id\":\"https:\\\/\\\/concejodeliberantedeazul.gob.ar\\\/index.php\\\/2025\\\/11\\\/20\\\/antonella-de-lorenzi-es-la-nueva-subdirectora-del-concejo-deliberante\\\/#primaryimage\"},\"thumbnailUrl\":\"http:\\\/\\\/concejodeliberantedeazul.gob.ar\\\/wp-content\\\/uploads\\\/2025\\\/11\\\/1764070320583-scaled.jpg\",\"datePublished\":\"2025-11-20T16:12:55+00:00\",\"dateModified\":\"2025-11-25T22:57:15+00:00\",\"author\":{\"@id\":\"http:\\\/\\\/concejodeliberantedeazul.gob.ar\\\/#\\\/schema\\\/person\\\/65fd6514aee7c29f008fc53b206198fe\"},\"breadcrumb\":{\"@id\":\"https:\\\/\\\/concejodeliberantedeazul.gob.ar\\\/index.php\\\/2025\\\/11\\\/20\\\/antonella-de-lorenzi-es-la-nueva-subdirectora-del-concejo-deliberante\\\/#breadcrumb\"},\"inLanguage\":\"es-AR\",\"potentialAction\":[{\"@type\":\"ReadAction\",\"target\":[\"https:\\\/\\\/concejodeliberantedeazul.gob.ar\\\/index.php\\\/2025\\\/11\\\/20\\\/antonella-de-lorenzi-es-la-nueva-subdirectora-del-concejo-deliberante\\\/\"]}]},{\"@type\":\"ImageObject\",\"inLanguage\":\"es-AR\",\"@id\":\"https:\\\/\\\/concejodeliberantedeazul.gob.ar\\\/index.php\\\/2025\\\/11\\\/20\\\/antonella-de-lorenzi-es-la-nueva-subdirectora-del-concejo-deliberante\\\/#primaryimage\",\"url\":\"http:\\\/\\\/concejodeliberantedeazul.gob.ar\\\/wp-content\\\/uploads\\\/2025\\\/11\\\/1764070320583-scaled.jpg\",\"contentUrl\":\"http:\\\/\\\/concejodeliberantedeazul.gob.ar\\\/wp-content\\\/uploads\\\/2025\\\/11\\\/1764070320583-scaled.jpg\",\"width\":2560,\"height\":1817},{\"@type\":\"BreadcrumbList\",\"@id\":\"https:\\\/\\\/concejodeliberantedeazul.gob.ar\\\/index.php\\\/2025\\\/11\\\/20\\\/antonella-de-lorenzi-es-la-nueva-subdirectora-del-concejo-deliberante\\\/#breadcrumb\",\"itemListElement\":[{\"@type\":\"ListItem\",\"position\":1,\"name\":\"Inicio\",\"item\":\"https:\\\/\\\/concejodeliberantedeazul.gob.ar\\\/\"},{\"@type\":\"ListItem\",\"position\":2,\"name\":\"Antonella De Lorenzi es la nueva Subdirectora del Concejo Deliberante\"}]},{\"@type\":\"WebSite\",\"@id\":\"http:\\\/\\\/concejodeliberantedeazul.gob.ar\\\/#website\",\"url\":\"http:\\\/\\\/concejodeliberantedeazul.gob.ar\\\/\",\"name\":\"Concejo deliberante de Azul\",\"description\":\"Sitio Web Oficial del Concejo Deliberante de Azul, Prov. de Buenos Aires - Conformado por 18 concejales de todo el partido.\",\"potentialAction\":[{\"@type\":\"SearchAction\",\"target\":{\"@type\":\"EntryPoint\",\"urlTemplate\":\"http:\\\/\\\/concejodeliberantedeazul.gob.ar\\\/?s={search_term_string}\"},\"query-input\":{\"@type\":\"PropertyValueSpecification\",\"valueRequired\":true,\"valueName\":\"search_term_string\"}}],\"inLanguage\":\"es-AR\"},{\"@type\":\"Person\",\"@id\":\"http:\\\/\\\/concejodeliberantedeazul.gob.ar\\\/#\\\/schema\\\/person\\\/65fd6514aee7c29f008fc53b206198fe\",\"name\":\"Concejo Deliberante Azul\",\"image\":{\"@type\":\"ImageObject\",\"inLanguage\":\"es-AR\",\"@id\":\"https:\\\/\\\/secure.gravatar.com\\\/avatar\\\/30d9ae907861b897be87a25469982f0cfbce09947e0998bf7d9d0ecab450fb85?s=96&d=mm&r=g\",\"url\":\"https:\\\/\\\/secure.gravatar.com\\\/avatar\\\/30d9ae907861b897be87a25469982f0cfbce09947e0998bf7d9d0ecab450fb85?s=96&d=mm&r=g\",\"contentUrl\":\"https:\\\/\\\/secure.gravatar.com\\\/avatar\\\/30d9ae907861b897be87a25469982f0cfbce09947e0998bf7d9d0ecab450fb85?s=96&d=mm&r=g\",\"caption\":\"Concejo Deliberante Azul\"},\"url\":\"http:\\\/\\\/concejodeliberantedeazul.gob.ar\\\/index.php\\\/author\\\/concejo\\\/\"}]}<\/script>\n<!-- \/ Yoast SEO plugin. -->","yoast_head_json":{"title":"Antonella De Lorenzi es la nueva Subdirectora del Concejo Deliberante - Concejo deliberante de Azul","robots":{"index":"index","follow":"follow","max-snippet":"max-snippet:-1","max-image-preview":"max-image-preview:large","max-video-preview":"max-video-preview:-1"},"canonical":"https:\/\/concejodeliberantedeazul.gob.ar\/index.php\/2025\/11\/20\/antonella-de-lorenzi-es-la-nueva-subdirectora-del-concejo-deliberante\/","og_locale":"es_ES","og_type":"article","og_title":"Antonella De Lorenzi es la nueva Subdirectora del Concejo Deliberante - Concejo deliberante de Azul","og_description":"Se llev\u00f3 a cabo el concurso para cubrir el cargo de Subdirector\/a del Concejo Deliberante del partido de Azul, mediante Decreto 967\/2025. El mismo cont\u00f3 con 3 aspirantes resultando en primer lugar del orden de m\u00e9rito la agente Antonella De Lorenzi qui\u00e9n logr\u00f3 94 puntos en la prueba de oposici\u00f3n y entrevista. Cabe recordar que [&hellip;]","og_url":"https:\/\/concejodeliberantedeazul.gob.ar\/index.php\/2025\/11\/20\/antonella-de-lorenzi-es-la-nueva-subdirectora-del-concejo-deliberante\/","og_site_name":"Concejo deliberante de Azul","article_published_time":"2025-11-20T16:12:55+00:00","article_modified_time":"2025-11-25T22:57:15+00:00","og_image":[{"width":2560,"height":1817,"url":"http:\/\/concejodeliberantedeazul.gob.ar\/wp-content\/uploads\/2025\/11\/1764070320583-scaled.jpg","type":"image\/jpeg"}],"author":"Concejo Deliberante Azul","twitter_card":"summary_large_image","twitter_misc":{"Escrito por":"Concejo Deliberante Azul","Tiempo de lectura":"2 minutos"},"schema":{"@context":"https:\/\/schema.org","@graph":[{"@type":"Article","@id":"https:\/\/concejodeliberantedeazul.gob.ar\/index.php\/2025\/11\/20\/antonella-de-lorenzi-es-la-nueva-subdirectora-del-concejo-deliberante\/#article","isPartOf":{"@id":"https:\/\/concejodeliberantedeazul.gob.ar\/index.php\/2025\/11\/20\/antonella-de-lorenzi-es-la-nueva-subdirectora-del-concejo-deliberante\/"},"author":{"name":"Concejo Deliberante Azul","@id":"http:\/\/concejodeliberantedeazul.gob.ar\/#\/schema\/person\/65fd6514aee7c29f008fc53b206198fe"},"headline":"Antonella De Lorenzi es la nueva Subdirectora del Concejo Deliberante","datePublished":"2025-11-20T16:12:55+00:00","dateModified":"2025-11-25T22:57:15+00:00","mainEntityOfPage":{"@id":"https:\/\/concejodeliberantedeazul.gob.ar\/index.php\/2025\/11\/20\/antonella-de-lorenzi-es-la-nueva-subdirectora-del-concejo-deliberante\/"},"wordCount":282,"image":{"@id":"https:\/\/concejodeliberantedeazul.gob.ar\/index.php\/2025\/11\/20\/antonella-de-lorenzi-es-la-nueva-subdirectora-del-concejo-deliberante\/#primaryimage"},"thumbnailUrl":"http:\/\/concejodeliberantedeazul.gob.ar\/wp-content\/uploads\/2025\/11\/1764070320583-scaled.jpg","articleSection":["Noticias"],"inLanguage":"es-AR"},{"@type":"WebPage","@id":"https:\/\/concejodeliberantedeazul.gob.ar\/index.php\/2025\/11\/20\/antonella-de-lorenzi-es-la-nueva-subdirectora-del-concejo-deliberante\/","url":"https:\/\/concejodeliberantedeazul.gob.ar\/index.php\/2025\/11\/20\/antonella-de-lorenzi-es-la-nueva-subdirectora-del-concejo-deliberante\/","name":"Antonella De Lorenzi es la nueva Subdirectora del Concejo Deliberante - Concejo deliberante de Azul","isPartOf":{"@id":"http:\/\/concejodeliberantedeazul.gob.ar\/#website"},"primaryImageOfPage":{"@id":"https:\/\/concejodeliberantedeazul.gob.ar\/index.php\/2025\/11\/20\/antonella-de-lorenzi-es-la-nueva-subdirectora-del-concejo-deliberante\/#primaryimage"},"image":{"@id":"https:\/\/concejodeliberantedeazul.gob.ar\/index.php\/2025\/11\/20\/antonella-de-lorenzi-es-la-nueva-subdirectora-del-concejo-deliberante\/#primaryimage"},"thumbnailUrl":"http:\/\/concejodeliberantedeazul.gob.ar\/wp-content\/uploads\/2025\/11\/1764070320583-scaled.jpg","datePublished":"2025-11-20T16:12:55+00:00","dateModified":"2025-11-25T22:57:15+00:00","author":{"@id":"http:\/\/concejodeliberantedeazul.gob.ar\/#\/schema\/person\/65fd6514aee7c29f008fc53b206198fe"},"breadcrumb":{"@id":"https:\/\/concejodeliberantedeazul.gob.ar\/index.php\/2025\/11\/20\/antonella-de-lorenzi-es-la-nueva-subdirectora-del-concejo-deliberante\/#breadcrumb"},"inLanguage":"es-AR","potentialAction":[{"@type":"ReadAction","target":["https:\/\/concejodeliberantedeazul.gob.ar\/index.php\/2025\/11\/20\/antonella-de-lorenzi-es-la-nueva-subdirectora-del-concejo-deliberante\/"]}]},{"@type":"ImageObject","inLanguage":"es-AR","@id":"https:\/\/concejodeliberantedeazul.gob.ar\/index.php\/2025\/11\/20\/antonella-de-lorenzi-es-la-nueva-subdirectora-del-concejo-deliberante\/#primaryimage","url":"http:\/\/concejodeliberantedeazul.gob.ar\/wp-content\/uploads\/2025\/11\/1764070320583-scaled.jpg","contentUrl":"http:\/\/concejodeliberantedeazul.gob.ar\/wp-content\/uploads\/2025\/11\/1764070320583-scaled.jpg","width":2560,"height":1817},{"@type":"BreadcrumbList","@id":"https:\/\/concejodeliberantedeazul.gob.ar\/index.php\/2025\/11\/20\/antonella-de-lorenzi-es-la-nueva-subdirectora-del-concejo-deliberante\/#breadcrumb","itemListElement":[{"@type":"ListItem","position":1,"name":"Inicio","item":"https:\/\/concejodeliberantedeazul.gob.ar\/"},{"@type":"ListItem","position":2,"name":"Antonella De Lorenzi es la nueva Subdirectora del Concejo Deliberante"}]},{"@type":"WebSite","@id":"http:\/\/concejodeliberantedeazul.gob.ar\/#website","url":"http:\/\/concejodeliberantedeazul.gob.ar\/","name":"Concejo deliberante de Azul","description":"Sitio Web Oficial del Concejo Deliberante de Azul, Prov. de Buenos Aires - Conformado por 18 concejales de todo el partido.","potentialAction":[{"@type":"SearchAction","target":{"@type":"EntryPoint","urlTemplate":"http:\/\/concejodeliberantedeazul.gob.ar\/?s={search_term_string}"},"query-input":{"@type":"PropertyValueSpecification","valueRequired":true,"valueName":"search_term_string"}}],"inLanguage":"es-AR"},{"@type":"Person","@id":"http:\/\/concejodeliberantedeazul.gob.ar\/#\/schema\/person\/65fd6514aee7c29f008fc53b206198fe","name":"Concejo Deliberante Azul","image":{"@type":"ImageObject","inLanguage":"es-AR","@id":"https:\/\/secure.gravatar.com\/avatar\/30d9ae907861b897be87a25469982f0cfbce09947e0998bf7d9d0ecab450fb85?s=96&d=mm&r=g","url":"https:\/\/secure.gravatar.com\/avatar\/30d9ae907861b897be87a25469982f0cfbce09947e0998bf7d9d0ecab450fb85?s=96&d=mm&r=g","contentUrl":"https:\/\/secure.gravatar.com\/avatar\/30d9ae907861b897be87a25469982f0cfbce09947e0998bf7d9d0ecab450fb85?s=96&d=mm&r=g","caption":"Concejo Deliberante Azul"},"url":"http:\/\/concejodeliberantedeazul.gob.ar\/index.php\/author\/concejo\/"}]}},"amp_enabled":true,"_links":{"self":[{"href":"http:\/\/concejodeliberantedeazul.gob.ar\/index.php\/wp-json\/wp\/v2\/posts\/3487","targetHints":{"allow":["GET"]}}],"collection":[{"href":"http:\/\/concejodeliberantedeazul.gob.ar\/index.php\/wp-json\/wp\/v2\/posts"}],"about":[{"href":"http:\/\/concejodeliberantedeazul.gob.ar\/index.php\/wp-json\/wp\/v2\/types\/post"}],"author":[{"embeddable":true,"href":"http:\/\/concejodeliberantedeazul.gob.ar\/index.php\/wp-json\/wp\/v2\/users\/2"}],"replies":[{"embeddable":true,"href":"http:\/\/concejodeliberantedeazul.gob.ar\/index.php\/wp-json\/wp\/v2\/comments?post=3487"}],"version-history":[{"count":3,"href":"http:\/\/concejodeliberantedeazul.gob.ar\/index.php\/wp-json\/wp\/v2\/posts\/3487\/revisions"}],"predecessor-version":[{"id":3493,"href":"http:\/\/concejodeliberantedeazul.gob.ar\/index.php\/wp-json\/wp\/v2\/posts\/3487\/revisions\/3493"}],"wp:featuredmedia":[{"embeddable":true,"href":"http:\/\/concejodeliberantedeazul.gob.ar\/index.php\/wp-json\/wp\/v2\/media\/3490"}],"wp:attachment":[{"href":"http:\/\/concejodeliberantedeazul.gob.ar\/index.php\/wp-json\/wp\/v2\/media?parent=3487"}],"wp:term":[{"taxonomy":"category","embeddable":true,"href":"http:\/\/concejodeliberantedeazul.gob.ar\/index.php\/wp-json\/wp\/v2\/categories?post=3487"},{"taxonomy":"post_tag","embeddable":true,"href":"http:\/\/concejodeliberantedeazul.gob.ar\/index.php\/wp-json\/wp\/v2\/tags?post=3487"}],"curies":[{"name":"wp","href":"https:\/\/api.w.org\/{rel}","templated":true}]}}