{"id":3461,"date":"2025-10-31T12:49:10","date_gmt":"2025-10-31T15:49:10","guid":{"rendered":"http:\/\/concejodeliberantedeazul.gob.ar\/?p=3461"},"modified":"2025-10-31T12:49:14","modified_gmt":"2025-10-31T15:49:14","slug":"reunion-mensual-del-consejo-de-arbolado","status":"publish","type":"post","link":"http:\/\/concejodeliberantedeazul.gob.ar\/index.php\/2025\/10\/31\/reunion-mensual-del-consejo-de-arbolado\/","title":{"rendered":"Reuni\u00f3n mensual del Consejo de Arbolado"},"content":{"rendered":"\n<p>Se llev\u00f3 a cabo, en el recinto del Concejo Deliberante, la reuni\u00f3n mensual del Consejo de Arbolado P\u00fablico.<\/p>\n\n\n\n<p>Durante el encuentro de trabajo, se dialog\u00f3 sobre el trabajo de pulverizaci\u00f3n que se est\u00e1 realizando sobre los naranjos amargos.<\/p>\n\n\n\n<p>Posteriormente, se analiz\u00f3 la realizaci\u00f3n de una reuni\u00f3n con el Juzgado de Faltas a fin de evaluar la posibilidad de estandarizar la modalidad de realizaci\u00f3n de las faltas vinculadas al arbolado.<\/p>\n\n\n\n<p>Adem\u00e1s, se inform\u00f3 que se plantar\u00e1n 25 Fresnos en el barrio San Mart\u00edn de Porres a partir de la donaci\u00f3n realizada por el Polo Productivo Penitenciario.<\/p>\n\n\n\n<p>Por \u00faltimo, se abord\u00f3 la idea de plantar ejemplares en el sector paralelo a ruta 51, a la altura de barrio Ceferino, y la articulaci\u00f3n tanto con el Municipio como con la comisi\u00f3n barrial.<\/p>\n","protected":false},"excerpt":{"rendered":"<p>Se llev\u00f3 a cabo, en el recinto del Concejo Deliberante, la reuni\u00f3n mensual del Consejo de Arbolado P\u00fablico. Durante el encuentro de trabajo, se dialog\u00f3 sobre el trabajo de pulverizaci\u00f3n que se est\u00e1 realizando sobre los naranjos amargos. Posteriormente, se analiz\u00f3 la realizaci\u00f3n de una reuni\u00f3n con el Juzgado de Faltas a fin de evaluar [&hellip;]<\/p>\n","protected":false},"author":2,"featured_media":3462,"comment_status":"closed","ping_status":"closed","sticky":false,"template":"","format":"standard","meta":{"tdm_status":"","tdm_grid_status":"","footnotes":""},"categories":[7],"tags":[],"class_list":{"0":"post-3461","1":"post","2":"type-post","3":"status-publish","4":"format-standard","5":"has-post-thumbnail","7":"category-noticias"},"yoast_head":"<!-- This site is optimized with the Yoast SEO plugin v27.3 - https:\/\/yoast.com\/product\/yoast-seo-wordpress\/ -->\n<title>Reuni\u00f3n mensual del Consejo de Arbolado - Concejo deliberante de Azul<\/title>\n<meta name=\"robots\" content=\"index, follow, max-snippet:-1, max-image-preview:large, max-video-preview:-1\" \/>\n<link rel=\"canonical\" href=\"http:\/\/concejodeliberantedeazul.gob.ar\/index.php\/2025\/10\/31\/reunion-mensual-del-consejo-de-arbolado\/\" \/>\n<meta property=\"og:locale\" content=\"es_ES\" \/>\n<meta property=\"og:type\" content=\"article\" \/>\n<meta property=\"og:title\" content=\"Reuni\u00f3n mensual del Consejo de Arbolado - Concejo deliberante de Azul\" \/>\n<meta property=\"og:description\" content=\"Se llev\u00f3 a cabo, en el recinto del Concejo Deliberante, la reuni\u00f3n mensual del Consejo de Arbolado P\u00fablico. Durante el encuentro de trabajo, se dialog\u00f3 sobre el trabajo de pulverizaci\u00f3n que se est\u00e1 realizando sobre los naranjos amargos. Posteriormente, se analiz\u00f3 la realizaci\u00f3n de una reuni\u00f3n con el Juzgado de Faltas a fin de evaluar [&hellip;]\" \/>\n<meta property=\"og:url\" content=\"http:\/\/concejodeliberantedeazul.gob.ar\/index.php\/2025\/10\/31\/reunion-mensual-del-consejo-de-arbolado\/\" \/>\n<meta property=\"og:site_name\" content=\"Concejo deliberante de Azul\" \/>\n<meta property=\"article:published_time\" content=\"2025-10-31T15:49:10+00:00\" \/>\n<meta property=\"article:modified_time\" content=\"2025-10-31T15:49:14+00:00\" \/>\n<meta property=\"og:image\" content=\"http:\/\/concejodeliberantedeazul.gob.ar\/wp-content\/uploads\/2025\/10\/31-10-2025-Arbolado-1-scaled.jpg\" \/>\n\t<meta property=\"og:image:width\" content=\"2560\" \/>\n\t<meta property=\"og:image:height\" content=\"1928\" \/>\n\t<meta property=\"og:image:type\" content=\"image\/jpeg\" \/>\n<meta name=\"author\" content=\"Concejo Deliberante Azul\" \/>\n<meta name=\"twitter:card\" content=\"summary_large_image\" \/>\n<meta name=\"twitter:label1\" content=\"Escrito por\" \/>\n\t<meta name=\"twitter:data1\" content=\"Concejo Deliberante Azul\" \/>\n\t<meta name=\"twitter:label2\" content=\"Tiempo de lectura\" \/>\n\t<meta name=\"twitter:data2\" content=\"1 minuto\" \/>\n<script type=\"application\/ld+json\" class=\"yoast-schema-graph\">{\"@context\":\"https:\\\/\\\/schema.org\",\"@graph\":[{\"@type\":\"Article\",\"@id\":\"http:\\\/\\\/concejodeliberantedeazul.gob.ar\\\/index.php\\\/2025\\\/10\\\/31\\\/reunion-mensual-del-consejo-de-arbolado\\\/#article\",\"isPartOf\":{\"@id\":\"http:\\\/\\\/concejodeliberantedeazul.gob.ar\\\/index.php\\\/2025\\\/10\\\/31\\\/reunion-mensual-del-consejo-de-arbolado\\\/\"},\"author\":{\"name\":\"Concejo Deliberante Azul\",\"@id\":\"http:\\\/\\\/concejodeliberantedeazul.gob.ar\\\/#\\\/schema\\\/person\\\/65fd6514aee7c29f008fc53b206198fe\"},\"headline\":\"Reuni\u00f3n mensual del Consejo de Arbolado\",\"datePublished\":\"2025-10-31T15:49:10+00:00\",\"dateModified\":\"2025-10-31T15:49:14+00:00\",\"mainEntityOfPage\":{\"@id\":\"http:\\\/\\\/concejodeliberantedeazul.gob.ar\\\/index.php\\\/2025\\\/10\\\/31\\\/reunion-mensual-del-consejo-de-arbolado\\\/\"},\"wordCount\":146,\"image\":{\"@id\":\"http:\\\/\\\/concejodeliberantedeazul.gob.ar\\\/index.php\\\/2025\\\/10\\\/31\\\/reunion-mensual-del-consejo-de-arbolado\\\/#primaryimage\"},\"thumbnailUrl\":\"http:\\\/\\\/concejodeliberantedeazul.gob.ar\\\/wp-content\\\/uploads\\\/2025\\\/10\\\/31-10-2025-Arbolado-1-scaled.jpg\",\"articleSection\":[\"Noticias\"],\"inLanguage\":\"es-AR\"},{\"@type\":\"WebPage\",\"@id\":\"http:\\\/\\\/concejodeliberantedeazul.gob.ar\\\/index.php\\\/2025\\\/10\\\/31\\\/reunion-mensual-del-consejo-de-arbolado\\\/\",\"url\":\"http:\\\/\\\/concejodeliberantedeazul.gob.ar\\\/index.php\\\/2025\\\/10\\\/31\\\/reunion-mensual-del-consejo-de-arbolado\\\/\",\"name\":\"Reuni\u00f3n mensual del Consejo de Arbolado - Concejo deliberante de Azul\",\"isPartOf\":{\"@id\":\"http:\\\/\\\/concejodeliberantedeazul.gob.ar\\\/#website\"},\"primaryImageOfPage\":{\"@id\":\"http:\\\/\\\/concejodeliberantedeazul.gob.ar\\\/index.php\\\/2025\\\/10\\\/31\\\/reunion-mensual-del-consejo-de-arbolado\\\/#primaryimage\"},\"image\":{\"@id\":\"http:\\\/\\\/concejodeliberantedeazul.gob.ar\\\/index.php\\\/2025\\\/10\\\/31\\\/reunion-mensual-del-consejo-de-arbolado\\\/#primaryimage\"},\"thumbnailUrl\":\"http:\\\/\\\/concejodeliberantedeazul.gob.ar\\\/wp-content\\\/uploads\\\/2025\\\/10\\\/31-10-2025-Arbolado-1-scaled.jpg\",\"datePublished\":\"2025-10-31T15:49:10+00:00\",\"dateModified\":\"2025-10-31T15:49:14+00:00\",\"author\":{\"@id\":\"http:\\\/\\\/concejodeliberantedeazul.gob.ar\\\/#\\\/schema\\\/person\\\/65fd6514aee7c29f008fc53b206198fe\"},\"breadcrumb\":{\"@id\":\"http:\\\/\\\/concejodeliberantedeazul.gob.ar\\\/index.php\\\/2025\\\/10\\\/31\\\/reunion-mensual-del-consejo-de-arbolado\\\/#breadcrumb\"},\"inLanguage\":\"es-AR\",\"potentialAction\":[{\"@type\":\"ReadAction\",\"target\":[\"http:\\\/\\\/concejodeliberantedeazul.gob.ar\\\/index.php\\\/2025\\\/10\\\/31\\\/reunion-mensual-del-consejo-de-arbolado\\\/\"]}]},{\"@type\":\"ImageObject\",\"inLanguage\":\"es-AR\",\"@id\":\"http:\\\/\\\/concejodeliberantedeazul.gob.ar\\\/index.php\\\/2025\\\/10\\\/31\\\/reunion-mensual-del-consejo-de-arbolado\\\/#primaryimage\",\"url\":\"http:\\\/\\\/concejodeliberantedeazul.gob.ar\\\/wp-content\\\/uploads\\\/2025\\\/10\\\/31-10-2025-Arbolado-1-scaled.jpg\",\"contentUrl\":\"http:\\\/\\\/concejodeliberantedeazul.gob.ar\\\/wp-content\\\/uploads\\\/2025\\\/10\\\/31-10-2025-Arbolado-1-scaled.jpg\",\"width\":2560,\"height\":1928},{\"@type\":\"BreadcrumbList\",\"@id\":\"http:\\\/\\\/concejodeliberantedeazul.gob.ar\\\/index.php\\\/2025\\\/10\\\/31\\\/reunion-mensual-del-consejo-de-arbolado\\\/#breadcrumb\",\"itemListElement\":[{\"@type\":\"ListItem\",\"position\":1,\"name\":\"Inicio\",\"item\":\"https:\\\/\\\/concejodeliberantedeazul.gob.ar\\\/\"},{\"@type\":\"ListItem\",\"position\":2,\"name\":\"Reuni\u00f3n mensual del Consejo de Arbolado\"}]},{\"@type\":\"WebSite\",\"@id\":\"http:\\\/\\\/concejodeliberantedeazul.gob.ar\\\/#website\",\"url\":\"http:\\\/\\\/concejodeliberantedeazul.gob.ar\\\/\",\"name\":\"Concejo deliberante de Azul\",\"description\":\"Sitio Web Oficial del Concejo Deliberante de Azul, Prov. de Buenos Aires - Conformado por 18 concejales de todo el partido.\",\"potentialAction\":[{\"@type\":\"SearchAction\",\"target\":{\"@type\":\"EntryPoint\",\"urlTemplate\":\"http:\\\/\\\/concejodeliberantedeazul.gob.ar\\\/?s={search_term_string}\"},\"query-input\":{\"@type\":\"PropertyValueSpecification\",\"valueRequired\":true,\"valueName\":\"search_term_string\"}}],\"inLanguage\":\"es-AR\"},{\"@type\":\"Person\",\"@id\":\"http:\\\/\\\/concejodeliberantedeazul.gob.ar\\\/#\\\/schema\\\/person\\\/65fd6514aee7c29f008fc53b206198fe\",\"name\":\"Concejo Deliberante Azul\",\"image\":{\"@type\":\"ImageObject\",\"inLanguage\":\"es-AR\",\"@id\":\"https:\\\/\\\/secure.gravatar.com\\\/avatar\\\/30d9ae907861b897be87a25469982f0cfbce09947e0998bf7d9d0ecab450fb85?s=96&d=mm&r=g\",\"url\":\"https:\\\/\\\/secure.gravatar.com\\\/avatar\\\/30d9ae907861b897be87a25469982f0cfbce09947e0998bf7d9d0ecab450fb85?s=96&d=mm&r=g\",\"contentUrl\":\"https:\\\/\\\/secure.gravatar.com\\\/avatar\\\/30d9ae907861b897be87a25469982f0cfbce09947e0998bf7d9d0ecab450fb85?s=96&d=mm&r=g\",\"caption\":\"Concejo Deliberante Azul\"},\"url\":\"http:\\\/\\\/concejodeliberantedeazul.gob.ar\\\/index.php\\\/author\\\/concejo\\\/\"}]}<\/script>\n<!-- \/ Yoast SEO plugin. -->","yoast_head_json":{"title":"Reuni\u00f3n mensual del Consejo de Arbolado - Concejo deliberante de Azul","robots":{"index":"index","follow":"follow","max-snippet":"max-snippet:-1","max-image-preview":"max-image-preview:large","max-video-preview":"max-video-preview:-1"},"canonical":"http:\/\/concejodeliberantedeazul.gob.ar\/index.php\/2025\/10\/31\/reunion-mensual-del-consejo-de-arbolado\/","og_locale":"es_ES","og_type":"article","og_title":"Reuni\u00f3n mensual del Consejo de Arbolado - Concejo deliberante de Azul","og_description":"Se llev\u00f3 a cabo, en el recinto del Concejo Deliberante, la reuni\u00f3n mensual del Consejo de Arbolado P\u00fablico. Durante el encuentro de trabajo, se dialog\u00f3 sobre el trabajo de pulverizaci\u00f3n que se est\u00e1 realizando sobre los naranjos amargos. Posteriormente, se analiz\u00f3 la realizaci\u00f3n de una reuni\u00f3n con el Juzgado de Faltas a fin de evaluar [&hellip;]","og_url":"http:\/\/concejodeliberantedeazul.gob.ar\/index.php\/2025\/10\/31\/reunion-mensual-del-consejo-de-arbolado\/","og_site_name":"Concejo deliberante de Azul","article_published_time":"2025-10-31T15:49:10+00:00","article_modified_time":"2025-10-31T15:49:14+00:00","og_image":[{"width":2560,"height":1928,"url":"http:\/\/concejodeliberantedeazul.gob.ar\/wp-content\/uploads\/2025\/10\/31-10-2025-Arbolado-1-scaled.jpg","type":"image\/jpeg"}],"author":"Concejo Deliberante Azul","twitter_card":"summary_large_image","twitter_misc":{"Escrito por":"Concejo Deliberante Azul","Tiempo de lectura":"1 minuto"},"schema":{"@context":"https:\/\/schema.org","@graph":[{"@type":"Article","@id":"http:\/\/concejodeliberantedeazul.gob.ar\/index.php\/2025\/10\/31\/reunion-mensual-del-consejo-de-arbolado\/#article","isPartOf":{"@id":"http:\/\/concejodeliberantedeazul.gob.ar\/index.php\/2025\/10\/31\/reunion-mensual-del-consejo-de-arbolado\/"},"author":{"name":"Concejo Deliberante Azul","@id":"http:\/\/concejodeliberantedeazul.gob.ar\/#\/schema\/person\/65fd6514aee7c29f008fc53b206198fe"},"headline":"Reuni\u00f3n mensual del Consejo de Arbolado","datePublished":"2025-10-31T15:49:10+00:00","dateModified":"2025-10-31T15:49:14+00:00","mainEntityOfPage":{"@id":"http:\/\/concejodeliberantedeazul.gob.ar\/index.php\/2025\/10\/31\/reunion-mensual-del-consejo-de-arbolado\/"},"wordCount":146,"image":{"@id":"http:\/\/concejodeliberantedeazul.gob.ar\/index.php\/2025\/10\/31\/reunion-mensual-del-consejo-de-arbolado\/#primaryimage"},"thumbnailUrl":"http:\/\/concejodeliberantedeazul.gob.ar\/wp-content\/uploads\/2025\/10\/31-10-2025-Arbolado-1-scaled.jpg","articleSection":["Noticias"],"inLanguage":"es-AR"},{"@type":"WebPage","@id":"http:\/\/concejodeliberantedeazul.gob.ar\/index.php\/2025\/10\/31\/reunion-mensual-del-consejo-de-arbolado\/","url":"http:\/\/concejodeliberantedeazul.gob.ar\/index.php\/2025\/10\/31\/reunion-mensual-del-consejo-de-arbolado\/","name":"Reuni\u00f3n mensual del Consejo de Arbolado - Concejo deliberante de Azul","isPartOf":{"@id":"http:\/\/concejodeliberantedeazul.gob.ar\/#website"},"primaryImageOfPage":{"@id":"http:\/\/concejodeliberantedeazul.gob.ar\/index.php\/2025\/10\/31\/reunion-mensual-del-consejo-de-arbolado\/#primaryimage"},"image":{"@id":"http:\/\/concejodeliberantedeazul.gob.ar\/index.php\/2025\/10\/31\/reunion-mensual-del-consejo-de-arbolado\/#primaryimage"},"thumbnailUrl":"http:\/\/concejodeliberantedeazul.gob.ar\/wp-content\/uploads\/2025\/10\/31-10-2025-Arbolado-1-scaled.jpg","datePublished":"2025-10-31T15:49:10+00:00","dateModified":"2025-10-31T15:49:14+00:00","author":{"@id":"http:\/\/concejodeliberantedeazul.gob.ar\/#\/schema\/person\/65fd6514aee7c29f008fc53b206198fe"},"breadcrumb":{"@id":"http:\/\/concejodeliberantedeazul.gob.ar\/index.php\/2025\/10\/31\/reunion-mensual-del-consejo-de-arbolado\/#breadcrumb"},"inLanguage":"es-AR","potentialAction":[{"@type":"ReadAction","target":["http:\/\/concejodeliberantedeazul.gob.ar\/index.php\/2025\/10\/31\/reunion-mensual-del-consejo-de-arbolado\/"]}]},{"@type":"ImageObject","inLanguage":"es-AR","@id":"http:\/\/concejodeliberantedeazul.gob.ar\/index.php\/2025\/10\/31\/reunion-mensual-del-consejo-de-arbolado\/#primaryimage","url":"http:\/\/concejodeliberantedeazul.gob.ar\/wp-content\/uploads\/2025\/10\/31-10-2025-Arbolado-1-scaled.jpg","contentUrl":"http:\/\/concejodeliberantedeazul.gob.ar\/wp-content\/uploads\/2025\/10\/31-10-2025-Arbolado-1-scaled.jpg","width":2560,"height":1928},{"@type":"BreadcrumbList","@id":"http:\/\/concejodeliberantedeazul.gob.ar\/index.php\/2025\/10\/31\/reunion-mensual-del-consejo-de-arbolado\/#breadcrumb","itemListElement":[{"@type":"ListItem","position":1,"name":"Inicio","item":"https:\/\/concejodeliberantedeazul.gob.ar\/"},{"@type":"ListItem","position":2,"name":"Reuni\u00f3n mensual del Consejo de Arbolado"}]},{"@type":"WebSite","@id":"http:\/\/concejodeliberantedeazul.gob.ar\/#website","url":"http:\/\/concejodeliberantedeazul.gob.ar\/","name":"Concejo deliberante de Azul","description":"Sitio Web Oficial del Concejo Deliberante de Azul, Prov. de Buenos Aires - Conformado por 18 concejales de todo el partido.","potentialAction":[{"@type":"SearchAction","target":{"@type":"EntryPoint","urlTemplate":"http:\/\/concejodeliberantedeazul.gob.ar\/?s={search_term_string}"},"query-input":{"@type":"PropertyValueSpecification","valueRequired":true,"valueName":"search_term_string"}}],"inLanguage":"es-AR"},{"@type":"Person","@id":"http:\/\/concejodeliberantedeazul.gob.ar\/#\/schema\/person\/65fd6514aee7c29f008fc53b206198fe","name":"Concejo Deliberante Azul","image":{"@type":"ImageObject","inLanguage":"es-AR","@id":"https:\/\/secure.gravatar.com\/avatar\/30d9ae907861b897be87a25469982f0cfbce09947e0998bf7d9d0ecab450fb85?s=96&d=mm&r=g","url":"https:\/\/secure.gravatar.com\/avatar\/30d9ae907861b897be87a25469982f0cfbce09947e0998bf7d9d0ecab450fb85?s=96&d=mm&r=g","contentUrl":"https:\/\/secure.gravatar.com\/avatar\/30d9ae907861b897be87a25469982f0cfbce09947e0998bf7d9d0ecab450fb85?s=96&d=mm&r=g","caption":"Concejo Deliberante Azul"},"url":"http:\/\/concejodeliberantedeazul.gob.ar\/index.php\/author\/concejo\/"}]}},"amp_enabled":true,"_links":{"self":[{"href":"http:\/\/concejodeliberantedeazul.gob.ar\/index.php\/wp-json\/wp\/v2\/posts\/3461","targetHints":{"allow":["GET"]}}],"collection":[{"href":"http:\/\/concejodeliberantedeazul.gob.ar\/index.php\/wp-json\/wp\/v2\/posts"}],"about":[{"href":"http:\/\/concejodeliberantedeazul.gob.ar\/index.php\/wp-json\/wp\/v2\/types\/post"}],"author":[{"embeddable":true,"href":"http:\/\/concejodeliberantedeazul.gob.ar\/index.php\/wp-json\/wp\/v2\/users\/2"}],"replies":[{"embeddable":true,"href":"http:\/\/concejodeliberantedeazul.gob.ar\/index.php\/wp-json\/wp\/v2\/comments?post=3461"}],"version-history":[{"count":1,"href":"http:\/\/concejodeliberantedeazul.gob.ar\/index.php\/wp-json\/wp\/v2\/posts\/3461\/revisions"}],"predecessor-version":[{"id":3463,"href":"http:\/\/concejodeliberantedeazul.gob.ar\/index.php\/wp-json\/wp\/v2\/posts\/3461\/revisions\/3463"}],"wp:featuredmedia":[{"embeddable":true,"href":"http:\/\/concejodeliberantedeazul.gob.ar\/index.php\/wp-json\/wp\/v2\/media\/3462"}],"wp:attachment":[{"href":"http:\/\/concejodeliberantedeazul.gob.ar\/index.php\/wp-json\/wp\/v2\/media?parent=3461"}],"wp:term":[{"taxonomy":"category","embeddable":true,"href":"http:\/\/concejodeliberantedeazul.gob.ar\/index.php\/wp-json\/wp\/v2\/categories?post=3461"},{"taxonomy":"post_tag","embeddable":true,"href":"http:\/\/concejodeliberantedeazul.gob.ar\/index.php\/wp-json\/wp\/v2\/tags?post=3461"}],"curies":[{"name":"wp","href":"https:\/\/api.w.org\/{rel}","templated":true}]}}