{"id":3446,"date":"2025-10-08T10:11:35","date_gmt":"2025-10-08T13:11:35","guid":{"rendered":"http:\/\/concejodeliberantedeazul.gob.ar\/?p=3446"},"modified":"2025-10-08T10:11:37","modified_gmt":"2025-10-08T13:11:37","slug":"decima-quinta-sesion-ordinaria-2","status":"publish","type":"post","link":"http:\/\/concejodeliberantedeazul.gob.ar\/index.php\/2025\/10\/08\/decima-quinta-sesion-ordinaria-2\/","title":{"rendered":"D\u00e9cima Quinta Sesi\u00f3n Ordinaria"},"content":{"rendered":"\n<p>Se llev\u00f3 a cabo, en el recinto del Concejo Deliberante, la D\u00e9cima Quinta Sesi\u00f3n Ordinaria, ejercicio 2025.<\/p>\n\n\n\n<p>En la oportunidad, los Concejales dieron tratamiento a un Orden del D\u00eda compuesto por alrededor de 60 puntos entre los que se destacan proyectos elevados por los diferentes bloques pol\u00edticos, despachos de las Comisiones Permanentes, expedientes girados por el Departamento Ejecutivo y notas recibidas de vecinos e instituciones.<\/p>\n\n\n\n<p><strong>Proyectos de los diferentes bloques:<\/strong><\/p>\n\n\n\n<ul class=\"wp-block-list\">\n<li>Concejales del partido de Azul elevaron proyecto de Resoluci\u00f3n relacionado con las iniciativas productivas y educativas vinculadas al aprovechamiento de los frutos de naranjos amargos. La Resoluci\u00f3n se aprob\u00f3 por unanimidad.<\/li>\n\n\n\n<li>Bloque Fuerza Patria. Eleva proyecto de Comunicaci\u00f3n referido a solicitar a la Secretar\u00eda de Obras P\u00fablicas la evaluaci\u00f3n t\u00e9cnica del inmueble sito en Pellegrini y Abeberry (antigua Estaci\u00f3n de Servicio de YPF), a fin de obtener informaci\u00f3n para decidir su declaraci\u00f3n de Inter\u00e9s Municipal, componente del Patrimonio Arquitect\u00f3nico-Urban\u00edstico. La Comunicaci\u00f3n se aprob\u00f3 a unanimidad.\u00a0<\/li>\n\n\n\n<li>Bloque Fuerza Patria elev\u00f3 proyecto de Ordenanza referido a crear el Programa Municipal de Fomento y Difusi\u00f3n Cultural. El proyecto de Ordenanza fue girado a Presupuesto, Educaci\u00f3n e Interpretaci\u00f3n.<\/li>\n\n\n\n<li>Bloque GEN Azul elev\u00f3 proyecto de Comunicaci\u00f3n referido a solicitar al Departamento Ejecutivo que realice una inspecci\u00f3n e informe sobre diferentes aspectos relacionados al estado edilicio de la Terminal de \u00d3mnibus de nuestra ciudad. La Comunicaci\u00f3n se aprob\u00f3 por unanimidad.<\/li>\n\n\n\n<li>Concejales del partido de Azul elevaron proyecto de Resoluci\u00f3n referido a declarar de Inter\u00e9s Comunitario la Tercera \u201cFiesta del Arraigo y la Familia Rural\u201d, que se realizar\u00e1 el d\u00eda 12 de octubre en Pablo Acosta. La Resoluci\u00f3n se aprob\u00f3 por unanimidad.<\/li>\n\n\n\n<li>Concejales del partido de Azul elevaron proyecto de Resoluci\u00f3n referido a declarar de Inter\u00e9s Cultural y Comunitario la donaci\u00f3n del mural \u201cIDENTIDADES DEL AZUL\u201d, obra de arte que ser\u00e1 ubicada en el Centro de Interpretaci\u00f3n Salamone. La Resoluci\u00f3n se aprob\u00f3 por unanimidad.<\/li>\n\n\n\n<li>Concejales del partido de Azul elevaron proyecto de Resoluci\u00f3n relacionado al triple femicidio de las adolescentes Morena Verri, Brenda Loreley Del Castillo y Lara Morena Guti\u00e9rrez. La Resoluci\u00f3n se aprob\u00f3 por unanimidad.<\/li>\n\n\n\n<li>Concejales del partido de Azul elevaron proyecto de Resoluci\u00f3n referido a declarar de Inter\u00e9s Comunitario la actividad \u201c\u00bfPor qu\u00e9 hablamos de genocidio contra el pueblo palestino?\u201d, organizada por la Tecnicatura Superior en Trabajo Social, que se llevar\u00e1 a cabo el d\u00eda 15 de octubre en el SUM del Instituto N\u00b0 2.\u00a0\u00a0 La Resoluci\u00f3n se aprob\u00f3 por mayor\u00eda.<\/li>\n\n\n\n<li>Concejales del partido de Azul elevaron proyecto de Ordenanza referido a crear el programa \u201cBecas Municipales para Estudiantes\u201d y derogar la Ordenanza N\u00b0 1.490 y sus modificatorias. El proyecto de Ordenanza fue girado a las Comisiones de Educaci\u00f3n, Presupuesto e Interpretaci\u00f3n.<\/li>\n\n\n\n<li>Bloque U.C.R. Azul elev\u00f3 proyecto de Decreto relacionado con el Reglamento Interno del Concejo Deliberante del partido de Azul. El proyecto de Decreto se gir\u00f3 a Interpretaci\u00f3n.\u00a0<\/li>\n\n\n\n<li>Bloque Uni\u00f3n C\u00edvica Radical elev\u00f3 proyecto de Ordenanza referido a crear el R\u00e9gimen autom\u00e1tico de habilitaciones y promoci\u00f3n de nuevos comercios; complementario al C\u00f3digo de Habilitaciones (Ordenanza N\u00b0 4.609). El proyecto de Ordenanza fue elevado a la Comisi\u00f3n de Interpretaci\u00f3n.<\/li>\n\n\n\n<li>Concejales del partido de Azul elevaron proyecto de Resoluci\u00f3n relacionado con las gestiones del Poder Ejecutivo Nacional respecto de obtener un financiamiento directo del Tesoro de Estados Unidos. La Resoluci\u00f3n se aprob\u00f3 por mayor\u00eda.<\/li>\n\n\n\n<li>Concejales del partido de Azul elevaron proyecto de Ordenanza referido a crear el \u201cPrograma Municipal para el Desarrollo del Centro Comercial a Cielo Abierto\u201d. El proyecto de Ordenanza se gir\u00f3 a la Comisi\u00f3n de Interpretaci\u00f3n.<\/li>\n\n\n\n<li>Concejales del partido de Azul elevaron proyecto de Resoluci\u00f3n relacionado con el amparo presentado por el Intendente Municipal sobre el mantenimiento, conservaci\u00f3n y seguridad de la calzada de la Ruta N\u00b0 3. La Resoluci\u00f3n se aprob\u00f3 por mayor\u00eda.<\/li>\n\n\n\n<li>Concejales del partido de Azul elevaron proyecto de Resoluci\u00f3n relacionado con la eliminaci\u00f3n del art\u00edculo 72\u00b0 del proyecto de Ley de Presupuesto 2026 enviado al Congreso de la Naci\u00f3n, que deroga el actual r\u00e9gimen de Zona Fr\u00eda. La Resoluci\u00f3n se aprob\u00f3 por unanimidad.<\/li>\n\n\n\n<li>Concejales del partido de Azul elevaron proyecto de Resoluci\u00f3n referido a declarar de Inter\u00e9s Comunitario el 18\u00b0 almuerzo \u201cD\u00eda Internacional de la Mujer Rural\u201d, a realizarse el pr\u00f3ximo 15 de octubre en el sal\u00f3n de eventos \u201cEl Roc\u00edo\u201d. La Resoluci\u00f3n se aprob\u00f3 por mayor\u00eda.<\/li>\n<\/ul>\n\n\n\n<p><strong>Expedientes elevados por el Intendente Municipal:<\/strong><\/p>\n\n\n\n<p>-Eleva respuesta a la Comunicaci\u00f3n N\u00b0 2.776\/2024, con proyecto de Ordenanza referido a autorizar al Departamento Ejecutivo a convocar a licitaci\u00f3n p\u00fablica para la concesi\u00f3n de uso precario de las instalaciones de la cantina del Parque Municipal de Chillar \u201cSerramone-Espasand\u00edn-Zabalza\u201d, sito en Ruta N\u00b0 3- km 359. El expediente se elev\u00f3 a las Comisiones de Presupuesto e Interpretaci\u00f3n.<\/p>\n\n\n\n<p>-Eleva actuaciones iniciadas por el Departamento de Obras Privadas, con proyecto de Ordenanza referido a autorizar la venta de un inmueble sito en avenida Chaves Norte N\u00b0 90 al se\u00f1or Jos\u00e9 Alberto \u00c1lvarez. El expediente fue girado a Presupuesto y a Interpretaci\u00f3n.<\/p>\n\n\n\n<p>-Eleva actuaciones iniciadas por INVERSIONES AZULE\u00d1AS S.A., con proyecto de Ordenanza referido a convalidar el convenio firmado con el mencionado desarrollador inmobiliario, para asegurar la culminaci\u00f3n de las ejecuciones de infraestructura del parcelamiento sito en avenida Madres de Plaza de Mayo entre Alvear y Urioste. El expediente se elev\u00f3 a la Comisi\u00f3n de Interpretaci\u00f3n.<\/p>\n\n\n\n<p>-Eleva actuaciones iniciadas por PAEZ MAR\u00cdA RITA, con proyecto de Ordenanza referido a reconocer a la mencionada agente el r\u00e9gimen de empleo para personas con discapacidad, por el periodo 04\/2010 al 05\/2014; as\u00ed como la deuda generada en concepto de aportes previsionales durante ese tiempo. El expediente fue girado a Presupuesto e Interpretaci\u00f3n.<\/p>\n\n\n\n<p>-Eleva actuaciones iniciadas por la Secretar\u00eda de Obras y Servicios P\u00fablicos, con proyecto de Ordenanza referido a facultar al Departamento Ejecutivo a celebrar contratos con Provincia Leasing S.A. para la adquisici\u00f3n de maquinaria y veh\u00edculos para la flota automotriz municipal. El expediente se gir\u00f3 a la Comisiones de Presupuesto e Interpretaci\u00f3n.<\/p>\n\n\n\n<p>-Eleva actuaciones iniciadas por la Subsecretar\u00eda de Seguridad Ciudadana, con proyecto de Ordenanza referido a autorizar el otorgamiento del pr\u00e9stamo de uso de los veh\u00edculos adquiridos a trav\u00e9s del \u201cFondo Municipal de Fortalecimiento de la Seguridad y otros servicios asociados para Municipios de m\u00e1s de 70.000 habitantes\u201d al Ministerio de Seguridad de la PBA; y autorizar al Departamento Ejecutivo a suscribir los respectivos contratos de comodato. Se gir\u00f3 a Presupuesto e Interpretaci\u00f3n.<\/p>\n\n\n\n<p>-Eleva actuaciones iniciadas por la Subsecretar\u00eda de Ingresos P\u00fablicos, con proyecto de Ordenanza relacionado con la realizaci\u00f3n de obras de infraestructura rural y mantenimiento de caminos por contrataci\u00f3n de vecinos. &nbsp;El expediente se elev\u00f3 a las Comisiones de Obras P\u00fablicas, Producci\u00f3n, Presupuesto e Interpretaci\u00f3n.<\/p>\n\n\n\n<p>-Eleva actuaciones iniciadas por la Direcci\u00f3n de Regularizaci\u00f3n Dominial, con proyecto de Ordenanza referido a modificar el art\u00edculo 1\u00b0 de la Ordenanza N\u00b0 4.413 relacionada a autorizar al Departamento Ejecutivo a transferir a t\u00edtulo gratuito a la Direcci\u00f3n General de Cultura y Educaci\u00f3n de la provincia de Buenos Aires el inmueble sito en Pellegrini y 9 de Julio de la localidad de Chillar. Se gir\u00f3 a Presupuesto e Interpretaci\u00f3n. <strong><\/strong><\/p>\n\n\n\n<p>-Eleva actuaciones iniciadas por la Asociaci\u00f3n Cultural Sanmartiniana de Azul, con proyecto de Ordenanza referido a autorizar al Departamento Ejecutivo a realizar la donaci\u00f3n de un reto\u00f1o de Pino San Lorenzo destinado a la mencionada asociaci\u00f3n. Se elev\u00f3 a la Comisi\u00f3n de Interpretaci\u00f3n.<\/p>\n\n\n\n<p>-Eleva actuaciones iniciadas por el Centro de Interpretaci\u00f3n Salamone, con proyecto de Ordenanza referido a aceptar la donaci\u00f3n de dos obras de arte de las artistas locales Yanira Asad y Ver\u00f3nica Bocchio destinadas al mencionado centro. Se elev\u00f3 a la Comisi\u00f3n de Interpretaci\u00f3n.<\/p>\n\n\n\n<p>-Eleva actuaciones iniciadas por el Centro de Interpretaci\u00f3n Salamone, con proyecto de Ordenanza referido a aceptar la donaci\u00f3n de una obra de arte del artista local Eduardo Ayala destinada el mencionado centro. Se elev\u00f3 a la Comisi\u00f3n de Interpretaci\u00f3n.<\/p>\n\n\n\n<p>-Eleva actuaciones iniciadas por la Direcci\u00f3n del Hospital \u201cDr. \u00c1ngel Pintos\u201d, con proyecto de Ordenanza referido a aceptar la donaci\u00f3n de una ambulancia destinada al nosocomio local. Se elev\u00f3 a la Comisi\u00f3n de Interpretaci\u00f3n.<\/p>\n\n\n\n<p>-Eleva actuaciones iniciadas por la Direcci\u00f3n del Hospital Municipal \u201cDr. \u00c1ngel Pintos\u201d, con proyecto de Ordenanza referido a aceptar la donaci\u00f3n de aparatolog\u00eda destinada al mencionado nosocomio. Se elev\u00f3 a la Comisi\u00f3n de Interpretaci\u00f3n.<\/p>\n\n\n\n<p>-Eleva actuaciones iniciadas por la Direcci\u00f3n del Hospital \u201cDr. \u00c1ngel Pintos\u201d, con proyecto de Ordenanza referido a aceptar la donaci\u00f3n de bienes destinados al mencionado hospital. Se elev\u00f3 a la Comisi\u00f3n de Interpretaci\u00f3n.<\/p>\n\n\n\n<p>-Eleva actuaciones iniciadas por la Direcci\u00f3n del Hospital \u201cDr. \u00c1ngel Pintos\u201d, con proyecto de Ordenanza referido a aceptar la donaci\u00f3n de elementos destinados al mencionado hospital. Se elev\u00f3 a la Comisi\u00f3n de Interpretaci\u00f3n.<\/p>\n\n\n\n<p>-Eleva actuaciones iniciadas por la Direcci\u00f3n del Hospital \u201cDr. \u00c1ngel Pintos\u201d, con proyecto de Ordenanza referido a aceptar la donaci\u00f3n de elementos destinados al mencionado hospital. Se elev\u00f3 a la Comisi\u00f3n de Interpretaci\u00f3n.<\/p>\n\n\n\n<p>-Eleva actuaciones iniciadas por el Museo de Arte \u201cL\u00f3pez Claro\u201d, con proyecto de Ordenanza referido a aceptar la donaci\u00f3n de una obra de arte del artista Mauricio Nizzero destinada al mencionado museo. &nbsp;Se elev\u00f3 a la Comisi\u00f3n de Interpretaci\u00f3n.<\/p>\n\n\n\n<p>-Eleva actuaciones iniciadas por el Museo de Arte \u201cL\u00f3pez Claro\u201d, con proyecto de Ordenanza referido a aceptar la donaci\u00f3n de una obra de arte de la artista Gladys Abitante destinada al mencionado museo. Se elev\u00f3 a la Comisi\u00f3n de Interpretaci\u00f3n.<\/p>\n\n\n\n<p>-Eleva actuaciones iniciadas por la Subdirecci\u00f3n Gesti\u00f3n de Patrimonio, con proyecto de Ordenanza referido a autorizar al Departamento Ejecutivo a dar de baja elementos totalmente obsoletos de la Unidad Sanitaria N\u00b0 13. Se gir\u00f3 a Presupuesto e Interpretaci\u00f3n.<\/p>\n\n\n\n<p>-Eleva actuaciones iniciadas por la Subdirecci\u00f3n Gesti\u00f3n de Patrimonio, con proyecto de Ordenanza referido a autorizar al Departamento Ejecutivo a dar de baja elementos totalmente obsoletos de la Unidad Sanitaria N\u00b0 8. Se gir\u00f3 a Presupuesto e Interpretaci\u00f3n.<\/p>\n\n\n\n<p>-Eleva actuaciones iniciadas por la Subdirecci\u00f3n Gesti\u00f3n de Patrimonio, con proyecto de Ordenanza referido a autorizar al Departamento Ejecutivo a dar de baja elementos totalmente obsoletos de la Unidad Sanitaria N\u00b0 9. Se gir\u00f3 a Presupuesto e Interpretaci\u00f3n.<\/p>\n\n\n\n<p><strong>Despachos de las diferentes Comisiones:<\/strong><\/p>\n\n\n\n<p>-Despachos de las Comisiones de Obras P\u00fablicas, Vialidad y Transporte y de Interpretaci\u00f3n, Legislaci\u00f3n y Seguridad P\u00fablica, aconsejando la aprobaci\u00f3n del proyecto de Ordenanza referido a crear el Banco Solidario de Materiales. Se aprob\u00f3 por unanimidad.<\/p>\n\n\n\n<p>-Despacho de la Comisi\u00f3n de Interpretaci\u00f3n, Legislaci\u00f3n y Seguridad P\u00fablica, aconsejando la aprobaci\u00f3n del proyecto de Ordenanza relacionado con la adhesi\u00f3n a la Resoluci\u00f3n N\u00b0 150\/2024 del Ministerio de Desarrollo Agrario de la provincia de Buenos Aires que crea el programa \u201cHuertas Bonaerenses\u201d. &nbsp;Se aprob\u00f3 por mayor\u00eda.<\/p>\n\n\n\n<p>-Despachos de las Comisiones de Obras P\u00fablicas, Vialidad y Transporte y de Interpretaci\u00f3n, Legislaci\u00f3n y Seguridad P\u00fablica, aconsejando el archivo de las presentes actuaciones (INTENDENTE MUNICIPAL. Eleva actuaciones iniciadas por la vecina Ana Mar\u00eda Barcelona, solicitando la extracci\u00f3n de un ejemplar de tilo ubicado en avenida Per\u00f3n N\u00b0 425). Se aprob\u00f3 por unanimidad.<\/p>\n\n\n\n<p>-Despacho de la Comisi\u00f3n de Interpretaci\u00f3n, Legislaci\u00f3n y Seguridad P\u00fablica, aconsejando el archivo de las presentes actuaciones (VECINO ACU\u00d1A MARIO. Eleva nota solicitando se d\u00e9 cumplimiento a la Ordenanza N\u00b0 3.792, mediante la cual se faculta al Departamento Ejecutivo para que, una vez inscripto el dominio del inmueble, sito en calle Necochea N\u00b0 1.270, a favor de la Municipalidad, se efect\u00faa la inmediata escrituraci\u00f3n del inmueble a favor del mencionado vecino). Se aprob\u00f3 por unanimidad.<\/p>\n\n\n\n<p><strong>Concejo de los y las Estudiantes<\/strong><\/p>\n\n\n\n<p>-Ordenanza relacionada con la creaci\u00f3n de un espacio para la habilitaci\u00f3n de una Escuela Municipal de Conductores. Se gir\u00f3 a Presupuesto e Interpretaci\u00f3n. <strong><\/strong><\/p>\n\n\n\n<p>-Comunicaci\u00f3n relacionada con el deterioro de las calles de tierra del barrio San Francisco. Se gir\u00f3 a Obras P\u00fablicas. &nbsp;<\/p>\n\n\n\n<p>-Comunicaci\u00f3n relacionada con el control del tr\u00e1nsito en las entradas y salidas de las escuelas. Se gir\u00f3 a Interpretaci\u00f3n.<\/p>\n\n\n\n<p>-Comunicaci\u00f3n relacionada con las problem\u00e1ticas de tr\u00e1nsito en nuestra ciudad, los altos \u00edndices de accidentes y la necesidad de generar pol\u00edticas p\u00fablicas de prevenci\u00f3n. Se elev\u00f3 a Interpretaci\u00f3n. &nbsp;<\/p>\n\n\n\n<p>-Comunicaci\u00f3n relacionada con el estado de las calles de tierra y entoscadas de la localidad de Cachar\u00ed. Se gir\u00f3 a Obras P\u00fablicas.<\/p>\n\n\n\n<p>-Comunicaci\u00f3n relacionada con la necesidad de una playa de estacionamiento de camiones. Se gir\u00f3 a Obras P\u00fablicas. &nbsp;<\/p>\n\n\n\n<p>-Comunicaci\u00f3n relacionada con los m\u00faltiples factores de riesgo afines con el consumo de sustancias en adolescentes. Se elev\u00f3 a Salud. &nbsp;<\/p>\n\n\n\n<p>-Resoluci\u00f3n relacionada con la protecci\u00f3n del ambiente, el uso sustentable, adecuado, responsable y humanitario del agua, y que tiene como objeto ayudar a las comunidades escolares, barriales e intersectoriales de nuestro Partido. Se gir\u00f3 a salud. &nbsp;<\/p>\n\n\n\n<p>-Resoluci\u00f3n relacionada con la necesidad de iluminaci\u00f3n y se\u00f1alizaci\u00f3n en la intersecci\u00f3n Ruta Provincial N\u00b0 80 y la Ruta Nacional N\u00b0 226. Se elev\u00f3 a Obras P\u00fablicas.<\/p>\n\n\n\n<p>-Ordenanza relacionada con la regulaci\u00f3n sobre el control de perros callejeros, vagabundos, abandonados o sin control. Se gir\u00f3 a salud.<\/p>\n\n\n\n<p>-Comunicaci\u00f3n relacionada con la preocupaci\u00f3n por el acceso al transporte p\u00fablico en el sector de la E.E.S. N\u00b0 12- ANEXO 3.121 y la E.P. N\u00b0 26. Se elev\u00f3 a Obras P\u00fablicas.<\/p>\n\n\n\n<p>-Comunicaci\u00f3n relacionada con la importaci\u00f3n, distribuci\u00f3n, comercializaci\u00f3n y publicidad de cigarrillos electr\u00f3nicos, sus accesorios y l\u00edquidos con nicotina. Se gir\u00f3 a salud.<\/p>\n\n\n\n<p>-Resoluci\u00f3n relacionada con la carencia y necesidad de profesionales de salud mental en las escuelas de nuestro Partido. Se gir\u00f3 a Salud.<\/p>\n\n\n\n<p>-Comunicaci\u00f3n relacionada con el estado de deterioro de las calles de tierra del barrio Del Carmen de nuestra ciudad. Se elev\u00f3 a Obras P\u00fablicas.<\/p>\n\n\n\n<p>RESOLUCI\u00d3N N\u00b0 5.141\/2025, dictada por la Presidencia del Cuerpo, referida a declarar como Instituci\u00f3n Destacada al Jard\u00edn de Infantes N\u00b0 903 \u201cJohn F. Kennedy\u201d y de Inter\u00e9s Educativo, Cultural e Hist\u00f3rico las actividades enmarcadas en su 75\u00b0 aniversario. Se aprob\u00f3 por unanimidad.<\/p>\n\n\n\n<p><strong>Notas recibidas:<\/strong><\/p>\n\n\n\n<p>-Secretaria de Obras y Servicios P\u00fablicos. Eleva nota con resumen del estado del convenio suscripto con el Ministerio de Infraestructura de la provincia de Buenos Aires, en virtud de la rescisi\u00f3n de la obra \u201cPREIMA &#8211; Construcci\u00f3n de Pavimento en la ciudad de Azul\u201d. La nota se gir\u00f3 a Obras P\u00fablicas.<\/p>\n\n\n\n<p>-Cooperativa El\u00e9ctrica De Azul.Eleva informe trimestral sobre la calidad de agua. La nota se elev\u00f3 a la Comisi\u00f3n de Salud.<\/p>\n\n\n\n<p>-Presidente SASMA \u2013 Alberto Ledesma.Eleva nota solicitando el recorte de una rama del \u00e1rbol sito en Av. 25 de Mayo N\u00b0 685. La nota se gir\u00f3 a Obras P\u00fablicas.<\/p>\n\n\n\n<p>-Plenario de Comisiones Vecinales.Elevan notas solicitando la incorporaci\u00f3n del nuevo Estatuto del plenario y del art\u00edculo 19 bis a la Ordenanza N\u00b0 5.063\/2024. La nota se gir\u00f3 a Interpretaci\u00f3n.<\/p>\n\n\n\n<p>-Arquitecto Andr\u00e9s Montero.Eleva nota solicitando autorizaci\u00f3n para podar un ejemplar de naranjo ubicado en la calle Belgrano esquina Moreno. La nota se elev\u00f3 a Obras P\u00fablicas para ser tratada por el Consejo de Arbolado.<\/p>\n\n\n\n<p>-Presidente de la Comisi\u00f3n Vecinal del barrio Villa Piazza Norte.Eleva nota solicitando se gestione la colocaci\u00f3n de la red cloacal sobre calle Lamadrid a fin de mejorar la calidad de vida de los vecinos. La nota se gir\u00f3 a Obras P\u00fablicas y Presupuesto.<\/p>\n\n\n\n<p>-Vicepresidente 1\u00b0 Sociedad Rural De Azul \u2013 Ernesto Courreges. Eleva nota solicitando participar de las reuniones que realicen las Comisiones permanentes del Cuerpo, en el marco del tratamiento del Proyecto de Ordenanza sobre mantenimiento de caminos rurales por contrataci\u00f3n de vecinos \u2013 Expte \u201cS\u201d 2.711\/2025. La nota fue elevada a Obras P\u00fablicas, Producci\u00f3n y Presupuesto.<\/p>\n\n\n\n<p><strong>Informes<\/strong><\/p>\n\n\n\n<p>-Informe del Juzgado de Faltas y Consumo N\u00ba 1 del partido de Azul correspondientes al mes de septiembre de 2025, de conformidad a la Ordenanza N\u00ba 4.492\/2020 \u2013 C\u00f3digo Municipal de Faltas. El informe qued\u00f3 por Presidencia.<\/p>\n\n\n\n<p>-Informe del Juzgado de Faltas y Consumo N\u00b02 del partido de Azul correspondientes al mes de septiembre de 2025, de conformidad a la Ordenanza N\u00ba 4.492\/2020 \u2013 C\u00f3digo Municipal de Faltas. El informe qued\u00f3 por Presidencia.<\/p>\n\n\n\n<p>-Informes de los Juzgados de Faltas y Consumo N\u00ba 1 y N\u00b0 2 del partido de Azul correspondiente al bimestre agosto-septiembre de 2025, de conformidad con el Art\u00edculo 3\u00b0 de la Ordenanza N\u00ba 4.874 \u2013 Consejo de Arbolado P\u00fablico. El informe qued\u00f3 por Presidencia.<\/p>\n\n\n\n<p>-Informes de los Juzgados de Faltas y Consumo N\u00ba 1 y N\u00b0 2 del partido de Azul correspondiente al per\u00edodo agosto\/septiembre de 2025, de conformidad al Art\u00edculo 22\u00b0 de la Ordenanza N\u00ba 4.921\u2013 Sistema de Estacionamiento Medido. El informe qued\u00f3 por Presidencia.<\/p>\n\n\n\n<p><strong>Disposiciones de otros Concejos<\/strong><\/p>\n\n\n\n<p>-RESOLUCI\u00d3N N\u00ba 1.107\/2025. H.C.D. BENITO JU\u00c1REZ.Mediante la cual se&nbsp;adhiere a la Resoluci\u00f3n N\u00b0 5.121\/2025 de este Cuerpo y se solicita a las autoridades nacionales la inmediata reanudaci\u00f3n de las obras de la Autov\u00eda de la Ruta Nacional N\u00b03. La Resoluci\u00f3n qued\u00f3 por Presidencia.<\/p>\n\n\n\n<p>-RESOLUCI\u00d3N N\u00ba 832\/2025. H.C.D. CAPIT\u00c1N SARMIENTO.Mediante la cual se&nbsp;manifiesta preocupaci\u00f3n por la importante y dr\u00e1stica reducci\u00f3n del Fondo Compensador por parte del Gobierno de la Provincia de Buenos Aires. La Resoluci\u00f3n qued\u00f3 por Presidencia.<\/p>\n","protected":false},"excerpt":{"rendered":"<p>Se llev\u00f3 a cabo, en el recinto del Concejo Deliberante, la D\u00e9cima Quinta Sesi\u00f3n Ordinaria, ejercicio 2025. En la oportunidad, los Concejales dieron tratamiento a un Orden del D\u00eda compuesto por alrededor de 60 puntos entre los que se destacan proyectos elevados por los diferentes bloques pol\u00edticos, despachos de las Comisiones Permanentes, expedientes girados por [&hellip;]<\/p>\n","protected":false},"author":2,"featured_media":3447,"comment_status":"closed","ping_status":"closed","sticky":false,"template":"","format":"standard","meta":{"tdm_status":"","tdm_grid_status":"","footnotes":""},"categories":[7],"tags":[],"class_list":{"0":"post-3446","1":"post","2":"type-post","3":"status-publish","4":"format-standard","5":"has-post-thumbnail","7":"category-noticias"},"yoast_head":"<!-- This site is optimized with the Yoast SEO plugin v27.3 - https:\/\/yoast.com\/product\/yoast-seo-wordpress\/ -->\n<title>D\u00e9cima Quinta Sesi\u00f3n Ordinaria - Concejo deliberante de Azul<\/title>\n<meta name=\"robots\" content=\"index, follow, max-snippet:-1, max-image-preview:large, max-video-preview:-1\" \/>\n<link rel=\"canonical\" href=\"http:\/\/concejodeliberantedeazul.gob.ar\/index.php\/2025\/10\/08\/decima-quinta-sesion-ordinaria-2\/\" \/>\n<meta property=\"og:locale\" content=\"es_ES\" \/>\n<meta property=\"og:type\" content=\"article\" \/>\n<meta property=\"og:title\" content=\"D\u00e9cima Quinta Sesi\u00f3n Ordinaria - Concejo deliberante de Azul\" \/>\n<meta property=\"og:description\" content=\"Se llev\u00f3 a cabo, en el recinto del Concejo Deliberante, la D\u00e9cima Quinta Sesi\u00f3n Ordinaria, ejercicio 2025. En la oportunidad, los Concejales dieron tratamiento a un Orden del D\u00eda compuesto por alrededor de 60 puntos entre los que se destacan proyectos elevados por los diferentes bloques pol\u00edticos, despachos de las Comisiones Permanentes, expedientes girados por [&hellip;]\" \/>\n<meta property=\"og:url\" content=\"http:\/\/concejodeliberantedeazul.gob.ar\/index.php\/2025\/10\/08\/decima-quinta-sesion-ordinaria-2\/\" \/>\n<meta property=\"og:site_name\" content=\"Concejo deliberante de Azul\" \/>\n<meta property=\"article:published_time\" content=\"2025-10-08T13:11:35+00:00\" \/>\n<meta property=\"article:modified_time\" content=\"2025-10-08T13:11:37+00:00\" \/>\n<meta property=\"og:image\" content=\"http:\/\/concejodeliberantedeazul.gob.ar\/wp-content\/uploads\/2025\/10\/Sesion-004-07-10-25-Foto-Hector-Garcia.jpg\" \/>\n\t<meta property=\"og:image:width\" content=\"1913\" \/>\n\t<meta property=\"og:image:height\" content=\"1276\" \/>\n\t<meta property=\"og:image:type\" content=\"image\/jpeg\" \/>\n<meta name=\"author\" content=\"Concejo Deliberante Azul\" \/>\n<meta name=\"twitter:card\" content=\"summary_large_image\" \/>\n<meta name=\"twitter:label1\" content=\"Escrito por\" \/>\n\t<meta name=\"twitter:data1\" content=\"Concejo Deliberante Azul\" \/>\n\t<meta name=\"twitter:label2\" content=\"Tiempo de lectura\" \/>\n\t<meta name=\"twitter:data2\" content=\"13 minutos\" \/>\n<script type=\"application\/ld+json\" class=\"yoast-schema-graph\">{\"@context\":\"https:\\\/\\\/schema.org\",\"@graph\":[{\"@type\":\"Article\",\"@id\":\"http:\\\/\\\/concejodeliberantedeazul.gob.ar\\\/index.php\\\/2025\\\/10\\\/08\\\/decima-quinta-sesion-ordinaria-2\\\/#article\",\"isPartOf\":{\"@id\":\"http:\\\/\\\/concejodeliberantedeazul.gob.ar\\\/index.php\\\/2025\\\/10\\\/08\\\/decima-quinta-sesion-ordinaria-2\\\/\"},\"author\":{\"name\":\"Concejo Deliberante Azul\",\"@id\":\"http:\\\/\\\/concejodeliberantedeazul.gob.ar\\\/#\\\/schema\\\/person\\\/65fd6514aee7c29f008fc53b206198fe\"},\"headline\":\"D\u00e9cima Quinta Sesi\u00f3n Ordinaria\",\"datePublished\":\"2025-10-08T13:11:35+00:00\",\"dateModified\":\"2025-10-08T13:11:37+00:00\",\"mainEntityOfPage\":{\"@id\":\"http:\\\/\\\/concejodeliberantedeazul.gob.ar\\\/index.php\\\/2025\\\/10\\\/08\\\/decima-quinta-sesion-ordinaria-2\\\/\"},\"wordCount\":2983,\"image\":{\"@id\":\"http:\\\/\\\/concejodeliberantedeazul.gob.ar\\\/index.php\\\/2025\\\/10\\\/08\\\/decima-quinta-sesion-ordinaria-2\\\/#primaryimage\"},\"thumbnailUrl\":\"http:\\\/\\\/concejodeliberantedeazul.gob.ar\\\/wp-content\\\/uploads\\\/2025\\\/10\\\/Sesion-004-07-10-25-Foto-Hector-Garcia.jpg\",\"articleSection\":[\"Noticias\"],\"inLanguage\":\"es-AR\"},{\"@type\":\"WebPage\",\"@id\":\"http:\\\/\\\/concejodeliberantedeazul.gob.ar\\\/index.php\\\/2025\\\/10\\\/08\\\/decima-quinta-sesion-ordinaria-2\\\/\",\"url\":\"http:\\\/\\\/concejodeliberantedeazul.gob.ar\\\/index.php\\\/2025\\\/10\\\/08\\\/decima-quinta-sesion-ordinaria-2\\\/\",\"name\":\"D\u00e9cima Quinta Sesi\u00f3n Ordinaria - Concejo deliberante de Azul\",\"isPartOf\":{\"@id\":\"http:\\\/\\\/concejodeliberantedeazul.gob.ar\\\/#website\"},\"primaryImageOfPage\":{\"@id\":\"http:\\\/\\\/concejodeliberantedeazul.gob.ar\\\/index.php\\\/2025\\\/10\\\/08\\\/decima-quinta-sesion-ordinaria-2\\\/#primaryimage\"},\"image\":{\"@id\":\"http:\\\/\\\/concejodeliberantedeazul.gob.ar\\\/index.php\\\/2025\\\/10\\\/08\\\/decima-quinta-sesion-ordinaria-2\\\/#primaryimage\"},\"thumbnailUrl\":\"http:\\\/\\\/concejodeliberantedeazul.gob.ar\\\/wp-content\\\/uploads\\\/2025\\\/10\\\/Sesion-004-07-10-25-Foto-Hector-Garcia.jpg\",\"datePublished\":\"2025-10-08T13:11:35+00:00\",\"dateModified\":\"2025-10-08T13:11:37+00:00\",\"author\":{\"@id\":\"http:\\\/\\\/concejodeliberantedeazul.gob.ar\\\/#\\\/schema\\\/person\\\/65fd6514aee7c29f008fc53b206198fe\"},\"breadcrumb\":{\"@id\":\"http:\\\/\\\/concejodeliberantedeazul.gob.ar\\\/index.php\\\/2025\\\/10\\\/08\\\/decima-quinta-sesion-ordinaria-2\\\/#breadcrumb\"},\"inLanguage\":\"es-AR\",\"potentialAction\":[{\"@type\":\"ReadAction\",\"target\":[\"http:\\\/\\\/concejodeliberantedeazul.gob.ar\\\/index.php\\\/2025\\\/10\\\/08\\\/decima-quinta-sesion-ordinaria-2\\\/\"]}]},{\"@type\":\"ImageObject\",\"inLanguage\":\"es-AR\",\"@id\":\"http:\\\/\\\/concejodeliberantedeazul.gob.ar\\\/index.php\\\/2025\\\/10\\\/08\\\/decima-quinta-sesion-ordinaria-2\\\/#primaryimage\",\"url\":\"http:\\\/\\\/concejodeliberantedeazul.gob.ar\\\/wp-content\\\/uploads\\\/2025\\\/10\\\/Sesion-004-07-10-25-Foto-Hector-Garcia.jpg\",\"contentUrl\":\"http:\\\/\\\/concejodeliberantedeazul.gob.ar\\\/wp-content\\\/uploads\\\/2025\\\/10\\\/Sesion-004-07-10-25-Foto-Hector-Garcia.jpg\",\"width\":1913,\"height\":1276},{\"@type\":\"BreadcrumbList\",\"@id\":\"http:\\\/\\\/concejodeliberantedeazul.gob.ar\\\/index.php\\\/2025\\\/10\\\/08\\\/decima-quinta-sesion-ordinaria-2\\\/#breadcrumb\",\"itemListElement\":[{\"@type\":\"ListItem\",\"position\":1,\"name\":\"Inicio\",\"item\":\"https:\\\/\\\/concejodeliberantedeazul.gob.ar\\\/\"},{\"@type\":\"ListItem\",\"position\":2,\"name\":\"D\u00e9cima Quinta Sesi\u00f3n Ordinaria\"}]},{\"@type\":\"WebSite\",\"@id\":\"http:\\\/\\\/concejodeliberantedeazul.gob.ar\\\/#website\",\"url\":\"http:\\\/\\\/concejodeliberantedeazul.gob.ar\\\/\",\"name\":\"Concejo deliberante de Azul\",\"description\":\"Sitio Web Oficial del Concejo Deliberante de Azul, Prov. de Buenos Aires - Conformado por 18 concejales de todo el partido.\",\"potentialAction\":[{\"@type\":\"SearchAction\",\"target\":{\"@type\":\"EntryPoint\",\"urlTemplate\":\"http:\\\/\\\/concejodeliberantedeazul.gob.ar\\\/?s={search_term_string}\"},\"query-input\":{\"@type\":\"PropertyValueSpecification\",\"valueRequired\":true,\"valueName\":\"search_term_string\"}}],\"inLanguage\":\"es-AR\"},{\"@type\":\"Person\",\"@id\":\"http:\\\/\\\/concejodeliberantedeazul.gob.ar\\\/#\\\/schema\\\/person\\\/65fd6514aee7c29f008fc53b206198fe\",\"name\":\"Concejo Deliberante Azul\",\"image\":{\"@type\":\"ImageObject\",\"inLanguage\":\"es-AR\",\"@id\":\"https:\\\/\\\/secure.gravatar.com\\\/avatar\\\/30d9ae907861b897be87a25469982f0cfbce09947e0998bf7d9d0ecab450fb85?s=96&d=mm&r=g\",\"url\":\"https:\\\/\\\/secure.gravatar.com\\\/avatar\\\/30d9ae907861b897be87a25469982f0cfbce09947e0998bf7d9d0ecab450fb85?s=96&d=mm&r=g\",\"contentUrl\":\"https:\\\/\\\/secure.gravatar.com\\\/avatar\\\/30d9ae907861b897be87a25469982f0cfbce09947e0998bf7d9d0ecab450fb85?s=96&d=mm&r=g\",\"caption\":\"Concejo Deliberante Azul\"},\"url\":\"http:\\\/\\\/concejodeliberantedeazul.gob.ar\\\/index.php\\\/author\\\/concejo\\\/\"}]}<\/script>\n<!-- \/ Yoast SEO plugin. -->","yoast_head_json":{"title":"D\u00e9cima Quinta Sesi\u00f3n Ordinaria - Concejo deliberante de Azul","robots":{"index":"index","follow":"follow","max-snippet":"max-snippet:-1","max-image-preview":"max-image-preview:large","max-video-preview":"max-video-preview:-1"},"canonical":"http:\/\/concejodeliberantedeazul.gob.ar\/index.php\/2025\/10\/08\/decima-quinta-sesion-ordinaria-2\/","og_locale":"es_ES","og_type":"article","og_title":"D\u00e9cima Quinta Sesi\u00f3n Ordinaria - Concejo deliberante de Azul","og_description":"Se llev\u00f3 a cabo, en el recinto del Concejo Deliberante, la D\u00e9cima Quinta Sesi\u00f3n Ordinaria, ejercicio 2025. En la oportunidad, los Concejales dieron tratamiento a un Orden del D\u00eda compuesto por alrededor de 60 puntos entre los que se destacan proyectos elevados por los diferentes bloques pol\u00edticos, despachos de las Comisiones Permanentes, expedientes girados por [&hellip;]","og_url":"http:\/\/concejodeliberantedeazul.gob.ar\/index.php\/2025\/10\/08\/decima-quinta-sesion-ordinaria-2\/","og_site_name":"Concejo deliberante de Azul","article_published_time":"2025-10-08T13:11:35+00:00","article_modified_time":"2025-10-08T13:11:37+00:00","og_image":[{"width":1913,"height":1276,"url":"http:\/\/concejodeliberantedeazul.gob.ar\/wp-content\/uploads\/2025\/10\/Sesion-004-07-10-25-Foto-Hector-Garcia.jpg","type":"image\/jpeg"}],"author":"Concejo Deliberante Azul","twitter_card":"summary_large_image","twitter_misc":{"Escrito por":"Concejo Deliberante Azul","Tiempo de lectura":"13 minutos"},"schema":{"@context":"https:\/\/schema.org","@graph":[{"@type":"Article","@id":"http:\/\/concejodeliberantedeazul.gob.ar\/index.php\/2025\/10\/08\/decima-quinta-sesion-ordinaria-2\/#article","isPartOf":{"@id":"http:\/\/concejodeliberantedeazul.gob.ar\/index.php\/2025\/10\/08\/decima-quinta-sesion-ordinaria-2\/"},"author":{"name":"Concejo Deliberante Azul","@id":"http:\/\/concejodeliberantedeazul.gob.ar\/#\/schema\/person\/65fd6514aee7c29f008fc53b206198fe"},"headline":"D\u00e9cima Quinta Sesi\u00f3n Ordinaria","datePublished":"2025-10-08T13:11:35+00:00","dateModified":"2025-10-08T13:11:37+00:00","mainEntityOfPage":{"@id":"http:\/\/concejodeliberantedeazul.gob.ar\/index.php\/2025\/10\/08\/decima-quinta-sesion-ordinaria-2\/"},"wordCount":2983,"image":{"@id":"http:\/\/concejodeliberantedeazul.gob.ar\/index.php\/2025\/10\/08\/decima-quinta-sesion-ordinaria-2\/#primaryimage"},"thumbnailUrl":"http:\/\/concejodeliberantedeazul.gob.ar\/wp-content\/uploads\/2025\/10\/Sesion-004-07-10-25-Foto-Hector-Garcia.jpg","articleSection":["Noticias"],"inLanguage":"es-AR"},{"@type":"WebPage","@id":"http:\/\/concejodeliberantedeazul.gob.ar\/index.php\/2025\/10\/08\/decima-quinta-sesion-ordinaria-2\/","url":"http:\/\/concejodeliberantedeazul.gob.ar\/index.php\/2025\/10\/08\/decima-quinta-sesion-ordinaria-2\/","name":"D\u00e9cima Quinta Sesi\u00f3n Ordinaria - Concejo deliberante de Azul","isPartOf":{"@id":"http:\/\/concejodeliberantedeazul.gob.ar\/#website"},"primaryImageOfPage":{"@id":"http:\/\/concejodeliberantedeazul.gob.ar\/index.php\/2025\/10\/08\/decima-quinta-sesion-ordinaria-2\/#primaryimage"},"image":{"@id":"http:\/\/concejodeliberantedeazul.gob.ar\/index.php\/2025\/10\/08\/decima-quinta-sesion-ordinaria-2\/#primaryimage"},"thumbnailUrl":"http:\/\/concejodeliberantedeazul.gob.ar\/wp-content\/uploads\/2025\/10\/Sesion-004-07-10-25-Foto-Hector-Garcia.jpg","datePublished":"2025-10-08T13:11:35+00:00","dateModified":"2025-10-08T13:11:37+00:00","author":{"@id":"http:\/\/concejodeliberantedeazul.gob.ar\/#\/schema\/person\/65fd6514aee7c29f008fc53b206198fe"},"breadcrumb":{"@id":"http:\/\/concejodeliberantedeazul.gob.ar\/index.php\/2025\/10\/08\/decima-quinta-sesion-ordinaria-2\/#breadcrumb"},"inLanguage":"es-AR","potentialAction":[{"@type":"ReadAction","target":["http:\/\/concejodeliberantedeazul.gob.ar\/index.php\/2025\/10\/08\/decima-quinta-sesion-ordinaria-2\/"]}]},{"@type":"ImageObject","inLanguage":"es-AR","@id":"http:\/\/concejodeliberantedeazul.gob.ar\/index.php\/2025\/10\/08\/decima-quinta-sesion-ordinaria-2\/#primaryimage","url":"http:\/\/concejodeliberantedeazul.gob.ar\/wp-content\/uploads\/2025\/10\/Sesion-004-07-10-25-Foto-Hector-Garcia.jpg","contentUrl":"http:\/\/concejodeliberantedeazul.gob.ar\/wp-content\/uploads\/2025\/10\/Sesion-004-07-10-25-Foto-Hector-Garcia.jpg","width":1913,"height":1276},{"@type":"BreadcrumbList","@id":"http:\/\/concejodeliberantedeazul.gob.ar\/index.php\/2025\/10\/08\/decima-quinta-sesion-ordinaria-2\/#breadcrumb","itemListElement":[{"@type":"ListItem","position":1,"name":"Inicio","item":"https:\/\/concejodeliberantedeazul.gob.ar\/"},{"@type":"ListItem","position":2,"name":"D\u00e9cima Quinta Sesi\u00f3n Ordinaria"}]},{"@type":"WebSite","@id":"http:\/\/concejodeliberantedeazul.gob.ar\/#website","url":"http:\/\/concejodeliberantedeazul.gob.ar\/","name":"Concejo deliberante de Azul","description":"Sitio Web Oficial del Concejo Deliberante de Azul, Prov. de Buenos Aires - Conformado por 18 concejales de todo el partido.","potentialAction":[{"@type":"SearchAction","target":{"@type":"EntryPoint","urlTemplate":"http:\/\/concejodeliberantedeazul.gob.ar\/?s={search_term_string}"},"query-input":{"@type":"PropertyValueSpecification","valueRequired":true,"valueName":"search_term_string"}}],"inLanguage":"es-AR"},{"@type":"Person","@id":"http:\/\/concejodeliberantedeazul.gob.ar\/#\/schema\/person\/65fd6514aee7c29f008fc53b206198fe","name":"Concejo Deliberante Azul","image":{"@type":"ImageObject","inLanguage":"es-AR","@id":"https:\/\/secure.gravatar.com\/avatar\/30d9ae907861b897be87a25469982f0cfbce09947e0998bf7d9d0ecab450fb85?s=96&d=mm&r=g","url":"https:\/\/secure.gravatar.com\/avatar\/30d9ae907861b897be87a25469982f0cfbce09947e0998bf7d9d0ecab450fb85?s=96&d=mm&r=g","contentUrl":"https:\/\/secure.gravatar.com\/avatar\/30d9ae907861b897be87a25469982f0cfbce09947e0998bf7d9d0ecab450fb85?s=96&d=mm&r=g","caption":"Concejo Deliberante Azul"},"url":"http:\/\/concejodeliberantedeazul.gob.ar\/index.php\/author\/concejo\/"}]}},"amp_enabled":true,"_links":{"self":[{"href":"http:\/\/concejodeliberantedeazul.gob.ar\/index.php\/wp-json\/wp\/v2\/posts\/3446","targetHints":{"allow":["GET"]}}],"collection":[{"href":"http:\/\/concejodeliberantedeazul.gob.ar\/index.php\/wp-json\/wp\/v2\/posts"}],"about":[{"href":"http:\/\/concejodeliberantedeazul.gob.ar\/index.php\/wp-json\/wp\/v2\/types\/post"}],"author":[{"embeddable":true,"href":"http:\/\/concejodeliberantedeazul.gob.ar\/index.php\/wp-json\/wp\/v2\/users\/2"}],"replies":[{"embeddable":true,"href":"http:\/\/concejodeliberantedeazul.gob.ar\/index.php\/wp-json\/wp\/v2\/comments?post=3446"}],"version-history":[{"count":1,"href":"http:\/\/concejodeliberantedeazul.gob.ar\/index.php\/wp-json\/wp\/v2\/posts\/3446\/revisions"}],"predecessor-version":[{"id":3448,"href":"http:\/\/concejodeliberantedeazul.gob.ar\/index.php\/wp-json\/wp\/v2\/posts\/3446\/revisions\/3448"}],"wp:featuredmedia":[{"embeddable":true,"href":"http:\/\/concejodeliberantedeazul.gob.ar\/index.php\/wp-json\/wp\/v2\/media\/3447"}],"wp:attachment":[{"href":"http:\/\/concejodeliberantedeazul.gob.ar\/index.php\/wp-json\/wp\/v2\/media?parent=3446"}],"wp:term":[{"taxonomy":"category","embeddable":true,"href":"http:\/\/concejodeliberantedeazul.gob.ar\/index.php\/wp-json\/wp\/v2\/categories?post=3446"},{"taxonomy":"post_tag","embeddable":true,"href":"http:\/\/concejodeliberantedeazul.gob.ar\/index.php\/wp-json\/wp\/v2\/tags?post=3446"}],"curies":[{"name":"wp","href":"https:\/\/api.w.org\/{rel}","templated":true}]}}