{"id":3434,"date":"2025-09-19T10:29:23","date_gmt":"2025-09-19T13:29:23","guid":{"rendered":"http:\/\/concejodeliberantedeazul.gob.ar\/?p=3434"},"modified":"2025-09-19T10:29:29","modified_gmt":"2025-09-19T13:29:29","slug":"reunion-con-plenario-de-comisiones-vecinales-2","status":"publish","type":"post","link":"http:\/\/concejodeliberantedeazul.gob.ar\/index.php\/2025\/09\/19\/reunion-con-plenario-de-comisiones-vecinales-2\/","title":{"rendered":"Reuni\u00f3n con Plenario de Comisiones Vecinales"},"content":{"rendered":"\n<p>En el recinto del Concejo Deliberante, se concret\u00f3 una reuni\u00f3n con integrantes del plenario de Comisiones Vecinales de la que participaron los Concejales Xavier Cabrera Cisneros, Natalia Colome y Agust\u00edn Puyou.<\/p>\n\n\n\n<p>En principio, se dialog\u00f3 sobre el estatuto del plenario que se est\u00e1 conformando con el objetivo de ser incorporado a la nueva Ordenanza de comisiones vecinales.<\/p>\n\n\n\n<p>Por otra parte, se analiz\u00f3 el impacto de las elecciones simultaneas que se efectuaron en los barrios a partir de la promulgaci\u00f3n de la Ordenanza y la duraci\u00f3n de los mandatos de cada presidente.<\/p>\n\n\n\n<p>Adem\u00e1s, se plante\u00f3 la necesidad de retomar el trabajo en el marco de la Ordenanza de fortalecimiento barrial y realizar un seguimiento de las mesas barriales que se conformar\u00e1n.<\/p>\n\n\n\n<p>Por \u00faltimo, se plantearon inquietudes puntales de las comisiones vecinales respecto de cada uno de los barrios de nuestra ciudad.<\/p>\n","protected":false},"excerpt":{"rendered":"<p>En el recinto del Concejo Deliberante, se concret\u00f3 una reuni\u00f3n con integrantes del plenario de Comisiones Vecinales de la que participaron los Concejales Xavier Cabrera Cisneros, Natalia Colome y Agust\u00edn Puyou. En principio, se dialog\u00f3 sobre el estatuto del plenario que se est\u00e1 conformando con el objetivo de ser incorporado a la nueva Ordenanza de [&hellip;]<\/p>\n","protected":false},"author":2,"featured_media":3435,"comment_status":"closed","ping_status":"closed","sticky":false,"template":"","format":"standard","meta":{"tdm_status":"","tdm_grid_status":"","footnotes":""},"categories":[7],"tags":[],"class_list":{"0":"post-3434","1":"post","2":"type-post","3":"status-publish","4":"format-standard","5":"has-post-thumbnail","7":"category-noticias"},"yoast_head":"<!-- This site is optimized with the Yoast SEO plugin v27.3 - https:\/\/yoast.com\/product\/yoast-seo-wordpress\/ -->\n<title>Reuni\u00f3n con Plenario de Comisiones Vecinales - Concejo deliberante de Azul<\/title>\n<meta name=\"robots\" content=\"index, follow, max-snippet:-1, max-image-preview:large, max-video-preview:-1\" \/>\n<link rel=\"canonical\" href=\"http:\/\/concejodeliberantedeazul.gob.ar\/index.php\/2025\/09\/19\/reunion-con-plenario-de-comisiones-vecinales-2\/\" \/>\n<meta property=\"og:locale\" content=\"es_ES\" \/>\n<meta property=\"og:type\" content=\"article\" \/>\n<meta property=\"og:title\" content=\"Reuni\u00f3n con Plenario de Comisiones Vecinales - Concejo deliberante de Azul\" \/>\n<meta property=\"og:description\" content=\"En el recinto del Concejo Deliberante, se concret\u00f3 una reuni\u00f3n con integrantes del plenario de Comisiones Vecinales de la que participaron los Concejales Xavier Cabrera Cisneros, Natalia Colome y Agust\u00edn Puyou. En principio, se dialog\u00f3 sobre el estatuto del plenario que se est\u00e1 conformando con el objetivo de ser incorporado a la nueva Ordenanza de [&hellip;]\" \/>\n<meta property=\"og:url\" content=\"http:\/\/concejodeliberantedeazul.gob.ar\/index.php\/2025\/09\/19\/reunion-con-plenario-de-comisiones-vecinales-2\/\" \/>\n<meta property=\"og:site_name\" content=\"Concejo deliberante de Azul\" \/>\n<meta property=\"article:published_time\" content=\"2025-09-19T13:29:23+00:00\" \/>\n<meta property=\"article:modified_time\" content=\"2025-09-19T13:29:29+00:00\" \/>\n<meta property=\"og:image\" content=\"http:\/\/concejodeliberantedeazul.gob.ar\/wp-content\/uploads\/2025\/09\/Plenario-003-18-09-25-Foto-Hector-Garcia.jpg\" \/>\n\t<meta property=\"og:image:width\" content=\"1913\" \/>\n\t<meta property=\"og:image:height\" content=\"1276\" \/>\n\t<meta property=\"og:image:type\" content=\"image\/jpeg\" \/>\n<meta name=\"author\" content=\"Concejo Deliberante Azul\" \/>\n<meta name=\"twitter:card\" content=\"summary_large_image\" \/>\n<meta name=\"twitter:label1\" content=\"Escrito por\" \/>\n\t<meta name=\"twitter:data1\" content=\"Concejo Deliberante Azul\" \/>\n\t<meta name=\"twitter:label2\" content=\"Tiempo de lectura\" \/>\n\t<meta name=\"twitter:data2\" content=\"1 minuto\" \/>\n<script type=\"application\/ld+json\" class=\"yoast-schema-graph\">{\"@context\":\"https:\\\/\\\/schema.org\",\"@graph\":[{\"@type\":\"Article\",\"@id\":\"http:\\\/\\\/concejodeliberantedeazul.gob.ar\\\/index.php\\\/2025\\\/09\\\/19\\\/reunion-con-plenario-de-comisiones-vecinales-2\\\/#article\",\"isPartOf\":{\"@id\":\"http:\\\/\\\/concejodeliberantedeazul.gob.ar\\\/index.php\\\/2025\\\/09\\\/19\\\/reunion-con-plenario-de-comisiones-vecinales-2\\\/\"},\"author\":{\"name\":\"Concejo Deliberante Azul\",\"@id\":\"http:\\\/\\\/concejodeliberantedeazul.gob.ar\\\/#\\\/schema\\\/person\\\/65fd6514aee7c29f008fc53b206198fe\"},\"headline\":\"Reuni\u00f3n con Plenario de Comisiones Vecinales\",\"datePublished\":\"2025-09-19T13:29:23+00:00\",\"dateModified\":\"2025-09-19T13:29:29+00:00\",\"mainEntityOfPage\":{\"@id\":\"http:\\\/\\\/concejodeliberantedeazul.gob.ar\\\/index.php\\\/2025\\\/09\\\/19\\\/reunion-con-plenario-de-comisiones-vecinales-2\\\/\"},\"wordCount\":153,\"image\":{\"@id\":\"http:\\\/\\\/concejodeliberantedeazul.gob.ar\\\/index.php\\\/2025\\\/09\\\/19\\\/reunion-con-plenario-de-comisiones-vecinales-2\\\/#primaryimage\"},\"thumbnailUrl\":\"http:\\\/\\\/concejodeliberantedeazul.gob.ar\\\/wp-content\\\/uploads\\\/2025\\\/09\\\/Plenario-003-18-09-25-Foto-Hector-Garcia.jpg\",\"articleSection\":[\"Noticias\"],\"inLanguage\":\"es-AR\"},{\"@type\":\"WebPage\",\"@id\":\"http:\\\/\\\/concejodeliberantedeazul.gob.ar\\\/index.php\\\/2025\\\/09\\\/19\\\/reunion-con-plenario-de-comisiones-vecinales-2\\\/\",\"url\":\"http:\\\/\\\/concejodeliberantedeazul.gob.ar\\\/index.php\\\/2025\\\/09\\\/19\\\/reunion-con-plenario-de-comisiones-vecinales-2\\\/\",\"name\":\"Reuni\u00f3n con Plenario de Comisiones Vecinales - Concejo deliberante de Azul\",\"isPartOf\":{\"@id\":\"http:\\\/\\\/concejodeliberantedeazul.gob.ar\\\/#website\"},\"primaryImageOfPage\":{\"@id\":\"http:\\\/\\\/concejodeliberantedeazul.gob.ar\\\/index.php\\\/2025\\\/09\\\/19\\\/reunion-con-plenario-de-comisiones-vecinales-2\\\/#primaryimage\"},\"image\":{\"@id\":\"http:\\\/\\\/concejodeliberantedeazul.gob.ar\\\/index.php\\\/2025\\\/09\\\/19\\\/reunion-con-plenario-de-comisiones-vecinales-2\\\/#primaryimage\"},\"thumbnailUrl\":\"http:\\\/\\\/concejodeliberantedeazul.gob.ar\\\/wp-content\\\/uploads\\\/2025\\\/09\\\/Plenario-003-18-09-25-Foto-Hector-Garcia.jpg\",\"datePublished\":\"2025-09-19T13:29:23+00:00\",\"dateModified\":\"2025-09-19T13:29:29+00:00\",\"author\":{\"@id\":\"http:\\\/\\\/concejodeliberantedeazul.gob.ar\\\/#\\\/schema\\\/person\\\/65fd6514aee7c29f008fc53b206198fe\"},\"breadcrumb\":{\"@id\":\"http:\\\/\\\/concejodeliberantedeazul.gob.ar\\\/index.php\\\/2025\\\/09\\\/19\\\/reunion-con-plenario-de-comisiones-vecinales-2\\\/#breadcrumb\"},\"inLanguage\":\"es-AR\",\"potentialAction\":[{\"@type\":\"ReadAction\",\"target\":[\"http:\\\/\\\/concejodeliberantedeazul.gob.ar\\\/index.php\\\/2025\\\/09\\\/19\\\/reunion-con-plenario-de-comisiones-vecinales-2\\\/\"]}]},{\"@type\":\"ImageObject\",\"inLanguage\":\"es-AR\",\"@id\":\"http:\\\/\\\/concejodeliberantedeazul.gob.ar\\\/index.php\\\/2025\\\/09\\\/19\\\/reunion-con-plenario-de-comisiones-vecinales-2\\\/#primaryimage\",\"url\":\"http:\\\/\\\/concejodeliberantedeazul.gob.ar\\\/wp-content\\\/uploads\\\/2025\\\/09\\\/Plenario-003-18-09-25-Foto-Hector-Garcia.jpg\",\"contentUrl\":\"http:\\\/\\\/concejodeliberantedeazul.gob.ar\\\/wp-content\\\/uploads\\\/2025\\\/09\\\/Plenario-003-18-09-25-Foto-Hector-Garcia.jpg\",\"width\":1913,\"height\":1276},{\"@type\":\"BreadcrumbList\",\"@id\":\"http:\\\/\\\/concejodeliberantedeazul.gob.ar\\\/index.php\\\/2025\\\/09\\\/19\\\/reunion-con-plenario-de-comisiones-vecinales-2\\\/#breadcrumb\",\"itemListElement\":[{\"@type\":\"ListItem\",\"position\":1,\"name\":\"Inicio\",\"item\":\"https:\\\/\\\/concejodeliberantedeazul.gob.ar\\\/\"},{\"@type\":\"ListItem\",\"position\":2,\"name\":\"Reuni\u00f3n con Plenario de Comisiones Vecinales\"}]},{\"@type\":\"WebSite\",\"@id\":\"http:\\\/\\\/concejodeliberantedeazul.gob.ar\\\/#website\",\"url\":\"http:\\\/\\\/concejodeliberantedeazul.gob.ar\\\/\",\"name\":\"Concejo deliberante de Azul\",\"description\":\"Sitio Web Oficial del Concejo Deliberante de Azul, Prov. de Buenos Aires - Conformado por 18 concejales de todo el partido.\",\"potentialAction\":[{\"@type\":\"SearchAction\",\"target\":{\"@type\":\"EntryPoint\",\"urlTemplate\":\"http:\\\/\\\/concejodeliberantedeazul.gob.ar\\\/?s={search_term_string}\"},\"query-input\":{\"@type\":\"PropertyValueSpecification\",\"valueRequired\":true,\"valueName\":\"search_term_string\"}}],\"inLanguage\":\"es-AR\"},{\"@type\":\"Person\",\"@id\":\"http:\\\/\\\/concejodeliberantedeazul.gob.ar\\\/#\\\/schema\\\/person\\\/65fd6514aee7c29f008fc53b206198fe\",\"name\":\"Concejo Deliberante Azul\",\"image\":{\"@type\":\"ImageObject\",\"inLanguage\":\"es-AR\",\"@id\":\"https:\\\/\\\/secure.gravatar.com\\\/avatar\\\/30d9ae907861b897be87a25469982f0cfbce09947e0998bf7d9d0ecab450fb85?s=96&d=mm&r=g\",\"url\":\"https:\\\/\\\/secure.gravatar.com\\\/avatar\\\/30d9ae907861b897be87a25469982f0cfbce09947e0998bf7d9d0ecab450fb85?s=96&d=mm&r=g\",\"contentUrl\":\"https:\\\/\\\/secure.gravatar.com\\\/avatar\\\/30d9ae907861b897be87a25469982f0cfbce09947e0998bf7d9d0ecab450fb85?s=96&d=mm&r=g\",\"caption\":\"Concejo Deliberante Azul\"},\"url\":\"http:\\\/\\\/concejodeliberantedeazul.gob.ar\\\/index.php\\\/author\\\/concejo\\\/\"}]}<\/script>\n<!-- \/ Yoast SEO plugin. -->","yoast_head_json":{"title":"Reuni\u00f3n con Plenario de Comisiones Vecinales - Concejo deliberante de Azul","robots":{"index":"index","follow":"follow","max-snippet":"max-snippet:-1","max-image-preview":"max-image-preview:large","max-video-preview":"max-video-preview:-1"},"canonical":"http:\/\/concejodeliberantedeazul.gob.ar\/index.php\/2025\/09\/19\/reunion-con-plenario-de-comisiones-vecinales-2\/","og_locale":"es_ES","og_type":"article","og_title":"Reuni\u00f3n con Plenario de Comisiones Vecinales - Concejo deliberante de Azul","og_description":"En el recinto del Concejo Deliberante, se concret\u00f3 una reuni\u00f3n con integrantes del plenario de Comisiones Vecinales de la que participaron los Concejales Xavier Cabrera Cisneros, Natalia Colome y Agust\u00edn Puyou. En principio, se dialog\u00f3 sobre el estatuto del plenario que se est\u00e1 conformando con el objetivo de ser incorporado a la nueva Ordenanza de [&hellip;]","og_url":"http:\/\/concejodeliberantedeazul.gob.ar\/index.php\/2025\/09\/19\/reunion-con-plenario-de-comisiones-vecinales-2\/","og_site_name":"Concejo deliberante de Azul","article_published_time":"2025-09-19T13:29:23+00:00","article_modified_time":"2025-09-19T13:29:29+00:00","og_image":[{"width":1913,"height":1276,"url":"http:\/\/concejodeliberantedeazul.gob.ar\/wp-content\/uploads\/2025\/09\/Plenario-003-18-09-25-Foto-Hector-Garcia.jpg","type":"image\/jpeg"}],"author":"Concejo Deliberante Azul","twitter_card":"summary_large_image","twitter_misc":{"Escrito por":"Concejo Deliberante Azul","Tiempo de lectura":"1 minuto"},"schema":{"@context":"https:\/\/schema.org","@graph":[{"@type":"Article","@id":"http:\/\/concejodeliberantedeazul.gob.ar\/index.php\/2025\/09\/19\/reunion-con-plenario-de-comisiones-vecinales-2\/#article","isPartOf":{"@id":"http:\/\/concejodeliberantedeazul.gob.ar\/index.php\/2025\/09\/19\/reunion-con-plenario-de-comisiones-vecinales-2\/"},"author":{"name":"Concejo Deliberante Azul","@id":"http:\/\/concejodeliberantedeazul.gob.ar\/#\/schema\/person\/65fd6514aee7c29f008fc53b206198fe"},"headline":"Reuni\u00f3n con Plenario de Comisiones Vecinales","datePublished":"2025-09-19T13:29:23+00:00","dateModified":"2025-09-19T13:29:29+00:00","mainEntityOfPage":{"@id":"http:\/\/concejodeliberantedeazul.gob.ar\/index.php\/2025\/09\/19\/reunion-con-plenario-de-comisiones-vecinales-2\/"},"wordCount":153,"image":{"@id":"http:\/\/concejodeliberantedeazul.gob.ar\/index.php\/2025\/09\/19\/reunion-con-plenario-de-comisiones-vecinales-2\/#primaryimage"},"thumbnailUrl":"http:\/\/concejodeliberantedeazul.gob.ar\/wp-content\/uploads\/2025\/09\/Plenario-003-18-09-25-Foto-Hector-Garcia.jpg","articleSection":["Noticias"],"inLanguage":"es-AR"},{"@type":"WebPage","@id":"http:\/\/concejodeliberantedeazul.gob.ar\/index.php\/2025\/09\/19\/reunion-con-plenario-de-comisiones-vecinales-2\/","url":"http:\/\/concejodeliberantedeazul.gob.ar\/index.php\/2025\/09\/19\/reunion-con-plenario-de-comisiones-vecinales-2\/","name":"Reuni\u00f3n con Plenario de Comisiones Vecinales - Concejo deliberante de Azul","isPartOf":{"@id":"http:\/\/concejodeliberantedeazul.gob.ar\/#website"},"primaryImageOfPage":{"@id":"http:\/\/concejodeliberantedeazul.gob.ar\/index.php\/2025\/09\/19\/reunion-con-plenario-de-comisiones-vecinales-2\/#primaryimage"},"image":{"@id":"http:\/\/concejodeliberantedeazul.gob.ar\/index.php\/2025\/09\/19\/reunion-con-plenario-de-comisiones-vecinales-2\/#primaryimage"},"thumbnailUrl":"http:\/\/concejodeliberantedeazul.gob.ar\/wp-content\/uploads\/2025\/09\/Plenario-003-18-09-25-Foto-Hector-Garcia.jpg","datePublished":"2025-09-19T13:29:23+00:00","dateModified":"2025-09-19T13:29:29+00:00","author":{"@id":"http:\/\/concejodeliberantedeazul.gob.ar\/#\/schema\/person\/65fd6514aee7c29f008fc53b206198fe"},"breadcrumb":{"@id":"http:\/\/concejodeliberantedeazul.gob.ar\/index.php\/2025\/09\/19\/reunion-con-plenario-de-comisiones-vecinales-2\/#breadcrumb"},"inLanguage":"es-AR","potentialAction":[{"@type":"ReadAction","target":["http:\/\/concejodeliberantedeazul.gob.ar\/index.php\/2025\/09\/19\/reunion-con-plenario-de-comisiones-vecinales-2\/"]}]},{"@type":"ImageObject","inLanguage":"es-AR","@id":"http:\/\/concejodeliberantedeazul.gob.ar\/index.php\/2025\/09\/19\/reunion-con-plenario-de-comisiones-vecinales-2\/#primaryimage","url":"http:\/\/concejodeliberantedeazul.gob.ar\/wp-content\/uploads\/2025\/09\/Plenario-003-18-09-25-Foto-Hector-Garcia.jpg","contentUrl":"http:\/\/concejodeliberantedeazul.gob.ar\/wp-content\/uploads\/2025\/09\/Plenario-003-18-09-25-Foto-Hector-Garcia.jpg","width":1913,"height":1276},{"@type":"BreadcrumbList","@id":"http:\/\/concejodeliberantedeazul.gob.ar\/index.php\/2025\/09\/19\/reunion-con-plenario-de-comisiones-vecinales-2\/#breadcrumb","itemListElement":[{"@type":"ListItem","position":1,"name":"Inicio","item":"https:\/\/concejodeliberantedeazul.gob.ar\/"},{"@type":"ListItem","position":2,"name":"Reuni\u00f3n con Plenario de Comisiones Vecinales"}]},{"@type":"WebSite","@id":"http:\/\/concejodeliberantedeazul.gob.ar\/#website","url":"http:\/\/concejodeliberantedeazul.gob.ar\/","name":"Concejo deliberante de Azul","description":"Sitio Web Oficial del Concejo Deliberante de Azul, Prov. de Buenos Aires - Conformado por 18 concejales de todo el partido.","potentialAction":[{"@type":"SearchAction","target":{"@type":"EntryPoint","urlTemplate":"http:\/\/concejodeliberantedeazul.gob.ar\/?s={search_term_string}"},"query-input":{"@type":"PropertyValueSpecification","valueRequired":true,"valueName":"search_term_string"}}],"inLanguage":"es-AR"},{"@type":"Person","@id":"http:\/\/concejodeliberantedeazul.gob.ar\/#\/schema\/person\/65fd6514aee7c29f008fc53b206198fe","name":"Concejo Deliberante Azul","image":{"@type":"ImageObject","inLanguage":"es-AR","@id":"https:\/\/secure.gravatar.com\/avatar\/30d9ae907861b897be87a25469982f0cfbce09947e0998bf7d9d0ecab450fb85?s=96&d=mm&r=g","url":"https:\/\/secure.gravatar.com\/avatar\/30d9ae907861b897be87a25469982f0cfbce09947e0998bf7d9d0ecab450fb85?s=96&d=mm&r=g","contentUrl":"https:\/\/secure.gravatar.com\/avatar\/30d9ae907861b897be87a25469982f0cfbce09947e0998bf7d9d0ecab450fb85?s=96&d=mm&r=g","caption":"Concejo Deliberante Azul"},"url":"http:\/\/concejodeliberantedeazul.gob.ar\/index.php\/author\/concejo\/"}]}},"amp_enabled":true,"_links":{"self":[{"href":"http:\/\/concejodeliberantedeazul.gob.ar\/index.php\/wp-json\/wp\/v2\/posts\/3434","targetHints":{"allow":["GET"]}}],"collection":[{"href":"http:\/\/concejodeliberantedeazul.gob.ar\/index.php\/wp-json\/wp\/v2\/posts"}],"about":[{"href":"http:\/\/concejodeliberantedeazul.gob.ar\/index.php\/wp-json\/wp\/v2\/types\/post"}],"author":[{"embeddable":true,"href":"http:\/\/concejodeliberantedeazul.gob.ar\/index.php\/wp-json\/wp\/v2\/users\/2"}],"replies":[{"embeddable":true,"href":"http:\/\/concejodeliberantedeazul.gob.ar\/index.php\/wp-json\/wp\/v2\/comments?post=3434"}],"version-history":[{"count":1,"href":"http:\/\/concejodeliberantedeazul.gob.ar\/index.php\/wp-json\/wp\/v2\/posts\/3434\/revisions"}],"predecessor-version":[{"id":3436,"href":"http:\/\/concejodeliberantedeazul.gob.ar\/index.php\/wp-json\/wp\/v2\/posts\/3434\/revisions\/3436"}],"wp:featuredmedia":[{"embeddable":true,"href":"http:\/\/concejodeliberantedeazul.gob.ar\/index.php\/wp-json\/wp\/v2\/media\/3435"}],"wp:attachment":[{"href":"http:\/\/concejodeliberantedeazul.gob.ar\/index.php\/wp-json\/wp\/v2\/media?parent=3434"}],"wp:term":[{"taxonomy":"category","embeddable":true,"href":"http:\/\/concejodeliberantedeazul.gob.ar\/index.php\/wp-json\/wp\/v2\/categories?post=3434"},{"taxonomy":"post_tag","embeddable":true,"href":"http:\/\/concejodeliberantedeazul.gob.ar\/index.php\/wp-json\/wp\/v2\/tags?post=3434"}],"curies":[{"name":"wp","href":"https:\/\/api.w.org\/{rel}","templated":true}]}}