{"id":3428,"date":"2025-09-12T13:47:25","date_gmt":"2025-09-12T16:47:25","guid":{"rendered":"http:\/\/concejodeliberantedeazul.gob.ar\/?p=3428"},"modified":"2025-09-12T13:47:30","modified_gmt":"2025-09-12T16:47:30","slug":"el-concejo-deliberante-sesionara-en-cachari-2","status":"publish","type":"post","link":"http:\/\/concejodeliberantedeazul.gob.ar\/index.php\/2025\/09\/12\/el-concejo-deliberante-sesionara-en-cachari-2\/","title":{"rendered":"El Concejo Deliberante sesionar\u00e1 en Cachari"},"content":{"rendered":"\n<p>En el marco de un nuevo aniversario de la localidad, el Concejo Deliberante del partido de Azul realizar\u00e1 la D\u00e9cima Cuarta Sesi\u00f3n Ordinaria en Cachari.<\/p>\n\n\n\n<p>La misma tendr\u00e1 lugar en el Centro de Jubilados y comenzar\u00e1 a las 14 horas.<\/p>\n\n\n\n<p>Durante la jornada, los Concejales dar\u00e1n tratamiento a un Orden del D\u00eda compuesto por alrededor de 20 puntos entre los que se destacan proyectos de los diferentes bloques, despachos de las Comisiones Permanentes, expedientes elevados por el Departamento Ejecutivo y notas recibidas.<\/p>\n\n\n\n<p><strong>Orden del D\u00eda:<\/strong><\/p>\n\n\n\n<ol class=\"wp-block-list\">\n<li>Aprobaci\u00f3n del Acta correspondiente a la Novena Sesi\u00f3n Ordinaria del presente ejercicio.<\/li>\n<\/ol>\n\n\n\n<ul class=\"wp-block-list\">\n<li>Lectura de Notas Recibidas.<\/li>\n<\/ul>\n\n\n\n<ul class=\"wp-block-list\">\n<li>Intendente Municipal elev\u00f3 actuaciones iniciadas por la Direcci\u00f3n de Educaci\u00f3n, con proyecto de Ordenanza referido a autorizar al Departamento Ejecutivo a suscribir el contrato de pr\u00e9stamo de uso compartido y pr\u00e1cticas profesionalizantes con la Escuela de Psicolog\u00eda Social de nuestra ciudad; como as\u00ed tambi\u00e9n los respectivos convenios complementarios y\/o espec\u00edficos y\/o individuales.<\/li>\n<\/ul>\n\n\n\n<p><strong>Despachos de las diferentes Comisiones:<\/strong><\/p>\n\n\n\n<ul class=\"wp-block-list\">\n<li>Despacho de la Comisi\u00f3n de Interpretaci\u00f3n, Legislaci\u00f3n y Seguridad P\u00fablica,aconsejando la aprobaci\u00f3n del proyecto de Ordenanza referido a autorizar a BELLEZA Federico y MONTAGNA Laura a escriturar una parcela sita en el Parque Industrial II para el dise\u00f1o y fabricaci\u00f3n de indumentaria.\u00a0<\/li>\n\n\n\n<li>Despacho de la Comisi\u00f3n de Interpretaci\u00f3n, Legislaci\u00f3n y Seguridad P\u00fablica,aconsejando la aprobaci\u00f3ndel proyecto de Ordenanza referido a autorizar al Departamento Ejecutivo a aceptar la donaci\u00f3n de un veh\u00edculo destinado a este Municipio.<\/li>\n<\/ul>\n\n\n\n<p><strong>Proyectos de los diferentes bloques:<\/strong><\/p>\n\n\n\n<ul class=\"wp-block-list\">\n<li>Bloque U.C.R. Azul elev\u00f3 proyecto de Ordenanza referido a crear, en el \u00e1mbito del Concejo Deliberante, la Comisi\u00f3n Municipal de Seguridad Vial del partido de Azul.<\/li>\n\n\n\n<li>Bloque La Libertad Avanza. Eleva proyecto de Comunicaci\u00f3n relacionado con el estado de las calles de acceso a la Escuela Primaria N\u00b0 6 \u201cCapitana Mar\u00eda Remedios del Valle\u201d y al C.E.C. N\u00b0 801 de Cachar\u00ed.<\/li>\n\n\n\n<li>Bloque Uni\u00f3n C\u00edvica Radical elev\u00f3 proyecto de Comunicaci\u00f3n referido a solicitar al Departamento Ejecutivo que elabore un programa de asesoramiento financiero para productores y emprendedores agroalimentarios; y que brinde difusi\u00f3n y asesoramiento sobre las l\u00edneas de financiamiento \u201cPYMES con Futuro\u201d y \u201cEmprendedores Agroalimentarios\u201d del Ministerio de Desarrollo Agrario de la provincia de Buenos Aires.<\/li>\n\n\n\n<li>Bloque Somos Buenos Aires elev\u00f3 proyecto de Comunicaci\u00f3n referido a solicitar al Departamento Ejecutivo el acondicionamiento y mantenimiento de la Pista de Atletismo de Azul; y encomendar que informe a la comunidad sobre las recomendaciones para la utilizaci\u00f3n de la misma.<\/li>\n\n\n\n<li>Bloque Uni\u00f3n C\u00edvica Radical elev\u00f3 proyecto de Ordenanza relacionado con la adhesi\u00f3n a la Resoluci\u00f3n N\u00b0 150\/2024 del Ministerio de Desarrollo Agrario de la provincia de Buenos Aires que crea el programa \u201cHuertas Bonaerenses\u201d.<\/li>\n\n\n\n<li>Concejales del partido de Azul elevaron proyecto de Resoluci\u00f3n referido a reconocer a la Agrupaci\u00f3n de Atletas \u201cLos Charitos\u201d de Cachar\u00ed por su trayectoria y sucontribuci\u00f3n al deporte y a la vida comunitaria de la mencionada localidad.<\/li>\n<\/ul>\n\n\n\n<p><strong>Notas recibidas:<\/strong><\/p>\n\n\n\n<ol class=\"wp-block-list\">\n<li>Plenario de Comisiones Vecinales.Eleva nota solicitando una reuni\u00f3n con concejales a fin de tratar cuestiones relacionadas a la Ordenanza N\u00b0 5.063\/2024.<\/li>\n\n\n\n<li>Comisi\u00f3n Vecinal del Barrio Santa Elena.Eleva nota con distintos reclamos relacionados al uso indebido del Balneario Municipal.<\/li>\n\n\n\n<li>Fabricio Torres \u2013 Presidente Comisi\u00f3n Vecinal Barrio Villa Piazza Norte.Eleva nota solicitando la se\u00f1alizaci\u00f3n del sentido de circulaci\u00f3n de la calle Corrientes entre las v\u00edas y Malvinas.<\/li>\n\n\n\n<li>Fabricio Torres \u2013 Presidente Comisi\u00f3n Vecinal Barrio Villa Piazza Norte.Eleva nota adjuntando copia de las actuaciones presentadas ante el Departamento Ejecutivo solicitando la extensi\u00f3n de la red de agua.<\/li>\n\n\n\n<li>Estudiantes del Cens N\u00b0 451. Eleva nota solicitando la restauraci\u00f3n y puesta en valor de la Fuente de Eropido, sita en calle Industria N\u00b0 975.<\/li>\n<\/ol>\n\n\n\n<p><strong><u>Informes<\/u><\/strong><\/p>\n\n\n\n<ul class=\"wp-block-list\">\n<li>Informes de los Juzgados de Faltas y Consumo N\u00ba 1 y N\u00b02 del partido de Azul correspondientes al mes de agosto de 2025, de conformidad a la Ordenanza N\u00ba 4.492\/2020 \u2013 C\u00f3digo Municipal de Faltas.<\/li>\n\n\n\n<li>Informe de concejal representante del Cuerpo en la Comisi\u00f3n de Vialidad Rural (COVIR) del Partido de Azul, dando cumplimiento al art\u00edculo 8\u00b0 bis del Reglamento Interno.<\/li>\n<\/ul>\n","protected":false},"excerpt":{"rendered":"<p>En el marco de un nuevo aniversario de la localidad, el Concejo Deliberante del partido de Azul realizar\u00e1 la D\u00e9cima Cuarta Sesi\u00f3n Ordinaria en Cachari. La misma tendr\u00e1 lugar en el Centro de Jubilados y comenzar\u00e1 a las 14 horas. Durante la jornada, los Concejales dar\u00e1n tratamiento a un Orden del D\u00eda compuesto por alrededor [&hellip;]<\/p>\n","protected":false},"author":2,"featured_media":3429,"comment_status":"closed","ping_status":"closed","sticky":false,"template":"","format":"standard","meta":{"tdm_status":"","tdm_grid_status":"","footnotes":""},"categories":[7],"tags":[],"class_list":{"0":"post-3428","1":"post","2":"type-post","3":"status-publish","4":"format-standard","5":"has-post-thumbnail","7":"category-noticias"},"yoast_head":"<!-- This site is optimized with the Yoast SEO plugin v27.3 - https:\/\/yoast.com\/product\/yoast-seo-wordpress\/ -->\n<title>El Concejo Deliberante sesionar\u00e1 en Cachari - Concejo deliberante de Azul<\/title>\n<meta name=\"robots\" content=\"index, follow, max-snippet:-1, max-image-preview:large, max-video-preview:-1\" \/>\n<link rel=\"canonical\" href=\"http:\/\/concejodeliberantedeazul.gob.ar\/index.php\/2025\/09\/12\/el-concejo-deliberante-sesionara-en-cachari-2\/\" \/>\n<meta property=\"og:locale\" content=\"es_ES\" \/>\n<meta property=\"og:type\" content=\"article\" \/>\n<meta property=\"og:title\" content=\"El Concejo Deliberante sesionar\u00e1 en Cachari - Concejo deliberante de Azul\" \/>\n<meta property=\"og:description\" content=\"En el marco de un nuevo aniversario de la localidad, el Concejo Deliberante del partido de Azul realizar\u00e1 la D\u00e9cima Cuarta Sesi\u00f3n Ordinaria en Cachari. La misma tendr\u00e1 lugar en el Centro de Jubilados y comenzar\u00e1 a las 14 horas. Durante la jornada, los Concejales dar\u00e1n tratamiento a un Orden del D\u00eda compuesto por alrededor [&hellip;]\" \/>\n<meta property=\"og:url\" content=\"http:\/\/concejodeliberantedeazul.gob.ar\/index.php\/2025\/09\/12\/el-concejo-deliberante-sesionara-en-cachari-2\/\" \/>\n<meta property=\"og:site_name\" content=\"Concejo deliberante de Azul\" \/>\n<meta property=\"article:published_time\" content=\"2025-09-12T16:47:25+00:00\" \/>\n<meta property=\"article:modified_time\" content=\"2025-09-12T16:47:30+00:00\" \/>\n<meta property=\"og:image\" content=\"http:\/\/concejodeliberantedeazul.gob.ar\/wp-content\/uploads\/2025\/09\/Cachari.jpg\" \/>\n\t<meta property=\"og:image:width\" content=\"277\" \/>\n\t<meta property=\"og:image:height\" content=\"180\" \/>\n\t<meta property=\"og:image:type\" content=\"image\/jpeg\" \/>\n<meta name=\"author\" content=\"Concejo Deliberante Azul\" \/>\n<meta name=\"twitter:card\" content=\"summary_large_image\" \/>\n<meta name=\"twitter:label1\" content=\"Escrito por\" \/>\n\t<meta name=\"twitter:data1\" content=\"Concejo Deliberante Azul\" \/>\n\t<meta name=\"twitter:label2\" content=\"Tiempo de lectura\" \/>\n\t<meta name=\"twitter:data2\" content=\"4 minutos\" \/>\n<script type=\"application\/ld+json\" class=\"yoast-schema-graph\">{\"@context\":\"https:\\\/\\\/schema.org\",\"@graph\":[{\"@type\":\"Article\",\"@id\":\"http:\\\/\\\/concejodeliberantedeazul.gob.ar\\\/index.php\\\/2025\\\/09\\\/12\\\/el-concejo-deliberante-sesionara-en-cachari-2\\\/#article\",\"isPartOf\":{\"@id\":\"http:\\\/\\\/concejodeliberantedeazul.gob.ar\\\/index.php\\\/2025\\\/09\\\/12\\\/el-concejo-deliberante-sesionara-en-cachari-2\\\/\"},\"author\":{\"name\":\"Concejo Deliberante Azul\",\"@id\":\"http:\\\/\\\/concejodeliberantedeazul.gob.ar\\\/#\\\/schema\\\/person\\\/65fd6514aee7c29f008fc53b206198fe\"},\"headline\":\"El Concejo Deliberante sesionar\u00e1 en Cachari\",\"datePublished\":\"2025-09-12T16:47:25+00:00\",\"dateModified\":\"2025-09-12T16:47:30+00:00\",\"mainEntityOfPage\":{\"@id\":\"http:\\\/\\\/concejodeliberantedeazul.gob.ar\\\/index.php\\\/2025\\\/09\\\/12\\\/el-concejo-deliberante-sesionara-en-cachari-2\\\/\"},\"wordCount\":708,\"image\":{\"@id\":\"http:\\\/\\\/concejodeliberantedeazul.gob.ar\\\/index.php\\\/2025\\\/09\\\/12\\\/el-concejo-deliberante-sesionara-en-cachari-2\\\/#primaryimage\"},\"thumbnailUrl\":\"http:\\\/\\\/concejodeliberantedeazul.gob.ar\\\/wp-content\\\/uploads\\\/2025\\\/09\\\/Cachari.jpg\",\"articleSection\":[\"Noticias\"],\"inLanguage\":\"es-AR\"},{\"@type\":\"WebPage\",\"@id\":\"http:\\\/\\\/concejodeliberantedeazul.gob.ar\\\/index.php\\\/2025\\\/09\\\/12\\\/el-concejo-deliberante-sesionara-en-cachari-2\\\/\",\"url\":\"http:\\\/\\\/concejodeliberantedeazul.gob.ar\\\/index.php\\\/2025\\\/09\\\/12\\\/el-concejo-deliberante-sesionara-en-cachari-2\\\/\",\"name\":\"El Concejo Deliberante sesionar\u00e1 en Cachari - Concejo deliberante de Azul\",\"isPartOf\":{\"@id\":\"http:\\\/\\\/concejodeliberantedeazul.gob.ar\\\/#website\"},\"primaryImageOfPage\":{\"@id\":\"http:\\\/\\\/concejodeliberantedeazul.gob.ar\\\/index.php\\\/2025\\\/09\\\/12\\\/el-concejo-deliberante-sesionara-en-cachari-2\\\/#primaryimage\"},\"image\":{\"@id\":\"http:\\\/\\\/concejodeliberantedeazul.gob.ar\\\/index.php\\\/2025\\\/09\\\/12\\\/el-concejo-deliberante-sesionara-en-cachari-2\\\/#primaryimage\"},\"thumbnailUrl\":\"http:\\\/\\\/concejodeliberantedeazul.gob.ar\\\/wp-content\\\/uploads\\\/2025\\\/09\\\/Cachari.jpg\",\"datePublished\":\"2025-09-12T16:47:25+00:00\",\"dateModified\":\"2025-09-12T16:47:30+00:00\",\"author\":{\"@id\":\"http:\\\/\\\/concejodeliberantedeazul.gob.ar\\\/#\\\/schema\\\/person\\\/65fd6514aee7c29f008fc53b206198fe\"},\"breadcrumb\":{\"@id\":\"http:\\\/\\\/concejodeliberantedeazul.gob.ar\\\/index.php\\\/2025\\\/09\\\/12\\\/el-concejo-deliberante-sesionara-en-cachari-2\\\/#breadcrumb\"},\"inLanguage\":\"es-AR\",\"potentialAction\":[{\"@type\":\"ReadAction\",\"target\":[\"http:\\\/\\\/concejodeliberantedeazul.gob.ar\\\/index.php\\\/2025\\\/09\\\/12\\\/el-concejo-deliberante-sesionara-en-cachari-2\\\/\"]}]},{\"@type\":\"ImageObject\",\"inLanguage\":\"es-AR\",\"@id\":\"http:\\\/\\\/concejodeliberantedeazul.gob.ar\\\/index.php\\\/2025\\\/09\\\/12\\\/el-concejo-deliberante-sesionara-en-cachari-2\\\/#primaryimage\",\"url\":\"http:\\\/\\\/concejodeliberantedeazul.gob.ar\\\/wp-content\\\/uploads\\\/2025\\\/09\\\/Cachari.jpg\",\"contentUrl\":\"http:\\\/\\\/concejodeliberantedeazul.gob.ar\\\/wp-content\\\/uploads\\\/2025\\\/09\\\/Cachari.jpg\",\"width\":277,\"height\":180},{\"@type\":\"BreadcrumbList\",\"@id\":\"http:\\\/\\\/concejodeliberantedeazul.gob.ar\\\/index.php\\\/2025\\\/09\\\/12\\\/el-concejo-deliberante-sesionara-en-cachari-2\\\/#breadcrumb\",\"itemListElement\":[{\"@type\":\"ListItem\",\"position\":1,\"name\":\"Inicio\",\"item\":\"https:\\\/\\\/concejodeliberantedeazul.gob.ar\\\/\"},{\"@type\":\"ListItem\",\"position\":2,\"name\":\"El Concejo Deliberante sesionar\u00e1 en Cachari\"}]},{\"@type\":\"WebSite\",\"@id\":\"http:\\\/\\\/concejodeliberantedeazul.gob.ar\\\/#website\",\"url\":\"http:\\\/\\\/concejodeliberantedeazul.gob.ar\\\/\",\"name\":\"Concejo deliberante de Azul\",\"description\":\"Sitio Web Oficial del Concejo Deliberante de Azul, Prov. de Buenos Aires - Conformado por 18 concejales de todo el partido.\",\"potentialAction\":[{\"@type\":\"SearchAction\",\"target\":{\"@type\":\"EntryPoint\",\"urlTemplate\":\"http:\\\/\\\/concejodeliberantedeazul.gob.ar\\\/?s={search_term_string}\"},\"query-input\":{\"@type\":\"PropertyValueSpecification\",\"valueRequired\":true,\"valueName\":\"search_term_string\"}}],\"inLanguage\":\"es-AR\"},{\"@type\":\"Person\",\"@id\":\"http:\\\/\\\/concejodeliberantedeazul.gob.ar\\\/#\\\/schema\\\/person\\\/65fd6514aee7c29f008fc53b206198fe\",\"name\":\"Concejo Deliberante Azul\",\"image\":{\"@type\":\"ImageObject\",\"inLanguage\":\"es-AR\",\"@id\":\"https:\\\/\\\/secure.gravatar.com\\\/avatar\\\/30d9ae907861b897be87a25469982f0cfbce09947e0998bf7d9d0ecab450fb85?s=96&d=mm&r=g\",\"url\":\"https:\\\/\\\/secure.gravatar.com\\\/avatar\\\/30d9ae907861b897be87a25469982f0cfbce09947e0998bf7d9d0ecab450fb85?s=96&d=mm&r=g\",\"contentUrl\":\"https:\\\/\\\/secure.gravatar.com\\\/avatar\\\/30d9ae907861b897be87a25469982f0cfbce09947e0998bf7d9d0ecab450fb85?s=96&d=mm&r=g\",\"caption\":\"Concejo Deliberante Azul\"},\"url\":\"http:\\\/\\\/concejodeliberantedeazul.gob.ar\\\/index.php\\\/author\\\/concejo\\\/\"}]}<\/script>\n<!-- \/ Yoast SEO plugin. -->","yoast_head_json":{"title":"El Concejo Deliberante sesionar\u00e1 en Cachari - Concejo deliberante de Azul","robots":{"index":"index","follow":"follow","max-snippet":"max-snippet:-1","max-image-preview":"max-image-preview:large","max-video-preview":"max-video-preview:-1"},"canonical":"http:\/\/concejodeliberantedeazul.gob.ar\/index.php\/2025\/09\/12\/el-concejo-deliberante-sesionara-en-cachari-2\/","og_locale":"es_ES","og_type":"article","og_title":"El Concejo Deliberante sesionar\u00e1 en Cachari - Concejo deliberante de Azul","og_description":"En el marco de un nuevo aniversario de la localidad, el Concejo Deliberante del partido de Azul realizar\u00e1 la D\u00e9cima Cuarta Sesi\u00f3n Ordinaria en Cachari. La misma tendr\u00e1 lugar en el Centro de Jubilados y comenzar\u00e1 a las 14 horas. Durante la jornada, los Concejales dar\u00e1n tratamiento a un Orden del D\u00eda compuesto por alrededor [&hellip;]","og_url":"http:\/\/concejodeliberantedeazul.gob.ar\/index.php\/2025\/09\/12\/el-concejo-deliberante-sesionara-en-cachari-2\/","og_site_name":"Concejo deliberante de Azul","article_published_time":"2025-09-12T16:47:25+00:00","article_modified_time":"2025-09-12T16:47:30+00:00","og_image":[{"width":277,"height":180,"url":"http:\/\/concejodeliberantedeazul.gob.ar\/wp-content\/uploads\/2025\/09\/Cachari.jpg","type":"image\/jpeg"}],"author":"Concejo Deliberante Azul","twitter_card":"summary_large_image","twitter_misc":{"Escrito por":"Concejo Deliberante Azul","Tiempo de lectura":"4 minutos"},"schema":{"@context":"https:\/\/schema.org","@graph":[{"@type":"Article","@id":"http:\/\/concejodeliberantedeazul.gob.ar\/index.php\/2025\/09\/12\/el-concejo-deliberante-sesionara-en-cachari-2\/#article","isPartOf":{"@id":"http:\/\/concejodeliberantedeazul.gob.ar\/index.php\/2025\/09\/12\/el-concejo-deliberante-sesionara-en-cachari-2\/"},"author":{"name":"Concejo Deliberante Azul","@id":"http:\/\/concejodeliberantedeazul.gob.ar\/#\/schema\/person\/65fd6514aee7c29f008fc53b206198fe"},"headline":"El Concejo Deliberante sesionar\u00e1 en Cachari","datePublished":"2025-09-12T16:47:25+00:00","dateModified":"2025-09-12T16:47:30+00:00","mainEntityOfPage":{"@id":"http:\/\/concejodeliberantedeazul.gob.ar\/index.php\/2025\/09\/12\/el-concejo-deliberante-sesionara-en-cachari-2\/"},"wordCount":708,"image":{"@id":"http:\/\/concejodeliberantedeazul.gob.ar\/index.php\/2025\/09\/12\/el-concejo-deliberante-sesionara-en-cachari-2\/#primaryimage"},"thumbnailUrl":"http:\/\/concejodeliberantedeazul.gob.ar\/wp-content\/uploads\/2025\/09\/Cachari.jpg","articleSection":["Noticias"],"inLanguage":"es-AR"},{"@type":"WebPage","@id":"http:\/\/concejodeliberantedeazul.gob.ar\/index.php\/2025\/09\/12\/el-concejo-deliberante-sesionara-en-cachari-2\/","url":"http:\/\/concejodeliberantedeazul.gob.ar\/index.php\/2025\/09\/12\/el-concejo-deliberante-sesionara-en-cachari-2\/","name":"El Concejo Deliberante sesionar\u00e1 en Cachari - Concejo deliberante de Azul","isPartOf":{"@id":"http:\/\/concejodeliberantedeazul.gob.ar\/#website"},"primaryImageOfPage":{"@id":"http:\/\/concejodeliberantedeazul.gob.ar\/index.php\/2025\/09\/12\/el-concejo-deliberante-sesionara-en-cachari-2\/#primaryimage"},"image":{"@id":"http:\/\/concejodeliberantedeazul.gob.ar\/index.php\/2025\/09\/12\/el-concejo-deliberante-sesionara-en-cachari-2\/#primaryimage"},"thumbnailUrl":"http:\/\/concejodeliberantedeazul.gob.ar\/wp-content\/uploads\/2025\/09\/Cachari.jpg","datePublished":"2025-09-12T16:47:25+00:00","dateModified":"2025-09-12T16:47:30+00:00","author":{"@id":"http:\/\/concejodeliberantedeazul.gob.ar\/#\/schema\/person\/65fd6514aee7c29f008fc53b206198fe"},"breadcrumb":{"@id":"http:\/\/concejodeliberantedeazul.gob.ar\/index.php\/2025\/09\/12\/el-concejo-deliberante-sesionara-en-cachari-2\/#breadcrumb"},"inLanguage":"es-AR","potentialAction":[{"@type":"ReadAction","target":["http:\/\/concejodeliberantedeazul.gob.ar\/index.php\/2025\/09\/12\/el-concejo-deliberante-sesionara-en-cachari-2\/"]}]},{"@type":"ImageObject","inLanguage":"es-AR","@id":"http:\/\/concejodeliberantedeazul.gob.ar\/index.php\/2025\/09\/12\/el-concejo-deliberante-sesionara-en-cachari-2\/#primaryimage","url":"http:\/\/concejodeliberantedeazul.gob.ar\/wp-content\/uploads\/2025\/09\/Cachari.jpg","contentUrl":"http:\/\/concejodeliberantedeazul.gob.ar\/wp-content\/uploads\/2025\/09\/Cachari.jpg","width":277,"height":180},{"@type":"BreadcrumbList","@id":"http:\/\/concejodeliberantedeazul.gob.ar\/index.php\/2025\/09\/12\/el-concejo-deliberante-sesionara-en-cachari-2\/#breadcrumb","itemListElement":[{"@type":"ListItem","position":1,"name":"Inicio","item":"https:\/\/concejodeliberantedeazul.gob.ar\/"},{"@type":"ListItem","position":2,"name":"El Concejo Deliberante sesionar\u00e1 en Cachari"}]},{"@type":"WebSite","@id":"http:\/\/concejodeliberantedeazul.gob.ar\/#website","url":"http:\/\/concejodeliberantedeazul.gob.ar\/","name":"Concejo deliberante de Azul","description":"Sitio Web Oficial del Concejo Deliberante de Azul, Prov. de Buenos Aires - Conformado por 18 concejales de todo el partido.","potentialAction":[{"@type":"SearchAction","target":{"@type":"EntryPoint","urlTemplate":"http:\/\/concejodeliberantedeazul.gob.ar\/?s={search_term_string}"},"query-input":{"@type":"PropertyValueSpecification","valueRequired":true,"valueName":"search_term_string"}}],"inLanguage":"es-AR"},{"@type":"Person","@id":"http:\/\/concejodeliberantedeazul.gob.ar\/#\/schema\/person\/65fd6514aee7c29f008fc53b206198fe","name":"Concejo Deliberante Azul","image":{"@type":"ImageObject","inLanguage":"es-AR","@id":"https:\/\/secure.gravatar.com\/avatar\/30d9ae907861b897be87a25469982f0cfbce09947e0998bf7d9d0ecab450fb85?s=96&d=mm&r=g","url":"https:\/\/secure.gravatar.com\/avatar\/30d9ae907861b897be87a25469982f0cfbce09947e0998bf7d9d0ecab450fb85?s=96&d=mm&r=g","contentUrl":"https:\/\/secure.gravatar.com\/avatar\/30d9ae907861b897be87a25469982f0cfbce09947e0998bf7d9d0ecab450fb85?s=96&d=mm&r=g","caption":"Concejo Deliberante Azul"},"url":"http:\/\/concejodeliberantedeazul.gob.ar\/index.php\/author\/concejo\/"}]}},"amp_enabled":true,"_links":{"self":[{"href":"http:\/\/concejodeliberantedeazul.gob.ar\/index.php\/wp-json\/wp\/v2\/posts\/3428","targetHints":{"allow":["GET"]}}],"collection":[{"href":"http:\/\/concejodeliberantedeazul.gob.ar\/index.php\/wp-json\/wp\/v2\/posts"}],"about":[{"href":"http:\/\/concejodeliberantedeazul.gob.ar\/index.php\/wp-json\/wp\/v2\/types\/post"}],"author":[{"embeddable":true,"href":"http:\/\/concejodeliberantedeazul.gob.ar\/index.php\/wp-json\/wp\/v2\/users\/2"}],"replies":[{"embeddable":true,"href":"http:\/\/concejodeliberantedeazul.gob.ar\/index.php\/wp-json\/wp\/v2\/comments?post=3428"}],"version-history":[{"count":1,"href":"http:\/\/concejodeliberantedeazul.gob.ar\/index.php\/wp-json\/wp\/v2\/posts\/3428\/revisions"}],"predecessor-version":[{"id":3430,"href":"http:\/\/concejodeliberantedeazul.gob.ar\/index.php\/wp-json\/wp\/v2\/posts\/3428\/revisions\/3430"}],"wp:featuredmedia":[{"embeddable":true,"href":"http:\/\/concejodeliberantedeazul.gob.ar\/index.php\/wp-json\/wp\/v2\/media\/3429"}],"wp:attachment":[{"href":"http:\/\/concejodeliberantedeazul.gob.ar\/index.php\/wp-json\/wp\/v2\/media?parent=3428"}],"wp:term":[{"taxonomy":"category","embeddable":true,"href":"http:\/\/concejodeliberantedeazul.gob.ar\/index.php\/wp-json\/wp\/v2\/categories?post=3428"},{"taxonomy":"post_tag","embeddable":true,"href":"http:\/\/concejodeliberantedeazul.gob.ar\/index.php\/wp-json\/wp\/v2\/tags?post=3428"}],"curies":[{"name":"wp","href":"https:\/\/api.w.org\/{rel}","templated":true}]}}