{"id":3422,"date":"2025-09-09T11:39:59","date_gmt":"2025-09-09T14:39:59","guid":{"rendered":"http:\/\/concejodeliberantedeazul.gob.ar\/?p=3422"},"modified":"2025-09-09T11:41:05","modified_gmt":"2025-09-09T14:41:05","slug":"el-concejo-deliberante-declarara-de-interes-el-libro-dr-angel-pintos-fundamental-para-azul-y-olavarria","status":"publish","type":"post","link":"http:\/\/concejodeliberantedeazul.gob.ar\/index.php\/2025\/09\/09\/el-concejo-deliberante-declarara-de-interes-el-libro-dr-angel-pintos-fundamental-para-azul-y-olavarria\/","title":{"rendered":"El Concejo Deliberante declarar\u00e1 de Inter\u00e9s el libro \u201cDr. \u00c1ngel Pintos, fundamental para Azul y Olavarr\u00eda\u201d"},"content":{"rendered":"\n<p>Se trata de una biograf\u00eda del c\u00e9lebre doctor y pol\u00edtico que marc\u00f3 la historia de nuestra ciudad y de Olavarr\u00eda realizada por los escritores e historiadores Eduardo Ag\u00fcero Mielhuerry y Walter Minor, de la vecina localidad.<\/p>\n\n\n\n<p>En el recinto del Concejo Deliberante, se realiz\u00f3 una reuni\u00f3n con Ag\u00fcero Mielhuerry de la que participaron la Prosecretaria Administrativa, Solana Mansilla y los Concejales Mar\u00eda In\u00e9s Laurini, Natalia Colome y Agust\u00edn Puyou.<\/p>\n\n\n\n<p>Durante el encuentro, el historiador azule\u00f1o brind\u00f3 detalles de la nueva obra que realiz\u00f3 en conjunto con el escritor olavarriense explicando que se trata de una extensa investigaci\u00f3n sobre la vida de Pintos como personaje esencial para ambas ciudades.<\/p>\n\n\n\n<p>En este sentido, se dialog\u00f3 sobre el rol fundamental que \u00c1ngel Pintos cumpli\u00f3 en el sistema de salud y tambi\u00e9n de su participaci\u00f3n como concejal e intendente tanto en Azul como en Olavarr\u00eda.<\/p>\n\n\n\n<p>Por otra parte, Eduardo Ag\u00fcero Mielhuerry hizo entrega de una ejemplar de la obra \u201cLos industriales Piazza. Una familia de inmigrantes italianos en Azul\u201d que fue declarada de Inter\u00e9s Cultural y Comunitario y pasar\u00e1 a forma parte del archivo del Concejo Deliberante.<\/p>\n","protected":false},"excerpt":{"rendered":"<p>Se trata de una biograf\u00eda del c\u00e9lebre doctor y pol\u00edtico que marc\u00f3 la historia de nuestra ciudad y de Olavarr\u00eda realizada por los escritores e historiadores Eduardo Ag\u00fcero Mielhuerry y Walter Minor, de la vecina localidad. En el recinto del Concejo Deliberante, se realiz\u00f3 una reuni\u00f3n con Ag\u00fcero Mielhuerry de la que participaron la Prosecretaria [&hellip;]<\/p>\n","protected":false},"author":2,"featured_media":3423,"comment_status":"closed","ping_status":"closed","sticky":false,"template":"","format":"standard","meta":{"tdm_status":"","tdm_grid_status":"","footnotes":""},"categories":[7,1],"tags":[],"class_list":{"0":"post-3422","1":"post","2":"type-post","3":"status-publish","4":"format-standard","5":"has-post-thumbnail","7":"category-noticias","8":"category-sin-categoria"},"yoast_head":"<!-- This site is optimized with the Yoast SEO plugin v27.3 - https:\/\/yoast.com\/product\/yoast-seo-wordpress\/ -->\n<title>El Concejo Deliberante declarar\u00e1 de Inter\u00e9s el libro \u201cDr. \u00c1ngel Pintos, fundamental para Azul y Olavarr\u00eda\u201d - Concejo deliberante de Azul<\/title>\n<meta name=\"robots\" content=\"index, follow, max-snippet:-1, max-image-preview:large, max-video-preview:-1\" \/>\n<link rel=\"canonical\" href=\"http:\/\/concejodeliberantedeazul.gob.ar\/index.php\/2025\/09\/09\/el-concejo-deliberante-declarara-de-interes-el-libro-dr-angel-pintos-fundamental-para-azul-y-olavarria\/\" \/>\n<meta property=\"og:locale\" content=\"es_ES\" \/>\n<meta property=\"og:type\" content=\"article\" \/>\n<meta property=\"og:title\" content=\"El Concejo Deliberante declarar\u00e1 de Inter\u00e9s el libro \u201cDr. \u00c1ngel Pintos, fundamental para Azul y Olavarr\u00eda\u201d - Concejo deliberante de Azul\" \/>\n<meta property=\"og:description\" content=\"Se trata de una biograf\u00eda del c\u00e9lebre doctor y pol\u00edtico que marc\u00f3 la historia de nuestra ciudad y de Olavarr\u00eda realizada por los escritores e historiadores Eduardo Ag\u00fcero Mielhuerry y Walter Minor, de la vecina localidad. En el recinto del Concejo Deliberante, se realiz\u00f3 una reuni\u00f3n con Ag\u00fcero Mielhuerry de la que participaron la Prosecretaria [&hellip;]\" \/>\n<meta property=\"og:url\" content=\"http:\/\/concejodeliberantedeazul.gob.ar\/index.php\/2025\/09\/09\/el-concejo-deliberante-declarara-de-interes-el-libro-dr-angel-pintos-fundamental-para-azul-y-olavarria\/\" \/>\n<meta property=\"og:site_name\" content=\"Concejo deliberante de Azul\" \/>\n<meta property=\"article:published_time\" content=\"2025-09-09T14:39:59+00:00\" \/>\n<meta property=\"article:modified_time\" content=\"2025-09-09T14:41:05+00:00\" \/>\n<meta property=\"og:image\" content=\"http:\/\/concejodeliberantedeazul.gob.ar\/wp-content\/uploads\/2025\/09\/09-09-2025-Eduardo-Aguero-2-scaled.jpg\" \/>\n\t<meta property=\"og:image:width\" content=\"2560\" \/>\n\t<meta property=\"og:image:height\" content=\"1928\" \/>\n\t<meta property=\"og:image:type\" content=\"image\/jpeg\" \/>\n<meta name=\"author\" content=\"Concejo Deliberante Azul\" \/>\n<meta name=\"twitter:card\" content=\"summary_large_image\" \/>\n<meta name=\"twitter:label1\" content=\"Escrito por\" \/>\n\t<meta name=\"twitter:data1\" content=\"Concejo Deliberante Azul\" \/>\n\t<meta name=\"twitter:label2\" content=\"Tiempo de lectura\" \/>\n\t<meta name=\"twitter:data2\" content=\"2 minutos\" \/>\n<script type=\"application\/ld+json\" class=\"yoast-schema-graph\">{\"@context\":\"https:\\\/\\\/schema.org\",\"@graph\":[{\"@type\":\"Article\",\"@id\":\"http:\\\/\\\/concejodeliberantedeazul.gob.ar\\\/index.php\\\/2025\\\/09\\\/09\\\/el-concejo-deliberante-declarara-de-interes-el-libro-dr-angel-pintos-fundamental-para-azul-y-olavarria\\\/#article\",\"isPartOf\":{\"@id\":\"http:\\\/\\\/concejodeliberantedeazul.gob.ar\\\/index.php\\\/2025\\\/09\\\/09\\\/el-concejo-deliberante-declarara-de-interes-el-libro-dr-angel-pintos-fundamental-para-azul-y-olavarria\\\/\"},\"author\":{\"name\":\"Concejo Deliberante Azul\",\"@id\":\"http:\\\/\\\/concejodeliberantedeazul.gob.ar\\\/#\\\/schema\\\/person\\\/65fd6514aee7c29f008fc53b206198fe\"},\"headline\":\"El Concejo Deliberante declarar\u00e1 de Inter\u00e9s el libro \u201cDr. \u00c1ngel Pintos, fundamental para Azul y Olavarr\u00eda\u201d\",\"datePublished\":\"2025-09-09T14:39:59+00:00\",\"dateModified\":\"2025-09-09T14:41:05+00:00\",\"mainEntityOfPage\":{\"@id\":\"http:\\\/\\\/concejodeliberantedeazul.gob.ar\\\/index.php\\\/2025\\\/09\\\/09\\\/el-concejo-deliberante-declarara-de-interes-el-libro-dr-angel-pintos-fundamental-para-azul-y-olavarria\\\/\"},\"wordCount\":218,\"image\":{\"@id\":\"http:\\\/\\\/concejodeliberantedeazul.gob.ar\\\/index.php\\\/2025\\\/09\\\/09\\\/el-concejo-deliberante-declarara-de-interes-el-libro-dr-angel-pintos-fundamental-para-azul-y-olavarria\\\/#primaryimage\"},\"thumbnailUrl\":\"http:\\\/\\\/concejodeliberantedeazul.gob.ar\\\/wp-content\\\/uploads\\\/2025\\\/09\\\/09-09-2025-Eduardo-Aguero-2-scaled.jpg\",\"articleSection\":[\"Noticias\"],\"inLanguage\":\"es-AR\"},{\"@type\":\"WebPage\",\"@id\":\"http:\\\/\\\/concejodeliberantedeazul.gob.ar\\\/index.php\\\/2025\\\/09\\\/09\\\/el-concejo-deliberante-declarara-de-interes-el-libro-dr-angel-pintos-fundamental-para-azul-y-olavarria\\\/\",\"url\":\"http:\\\/\\\/concejodeliberantedeazul.gob.ar\\\/index.php\\\/2025\\\/09\\\/09\\\/el-concejo-deliberante-declarara-de-interes-el-libro-dr-angel-pintos-fundamental-para-azul-y-olavarria\\\/\",\"name\":\"El Concejo Deliberante declarar\u00e1 de Inter\u00e9s el libro \u201cDr. \u00c1ngel Pintos, fundamental para Azul y Olavarr\u00eda\u201d - Concejo deliberante de Azul\",\"isPartOf\":{\"@id\":\"http:\\\/\\\/concejodeliberantedeazul.gob.ar\\\/#website\"},\"primaryImageOfPage\":{\"@id\":\"http:\\\/\\\/concejodeliberantedeazul.gob.ar\\\/index.php\\\/2025\\\/09\\\/09\\\/el-concejo-deliberante-declarara-de-interes-el-libro-dr-angel-pintos-fundamental-para-azul-y-olavarria\\\/#primaryimage\"},\"image\":{\"@id\":\"http:\\\/\\\/concejodeliberantedeazul.gob.ar\\\/index.php\\\/2025\\\/09\\\/09\\\/el-concejo-deliberante-declarara-de-interes-el-libro-dr-angel-pintos-fundamental-para-azul-y-olavarria\\\/#primaryimage\"},\"thumbnailUrl\":\"http:\\\/\\\/concejodeliberantedeazul.gob.ar\\\/wp-content\\\/uploads\\\/2025\\\/09\\\/09-09-2025-Eduardo-Aguero-2-scaled.jpg\",\"datePublished\":\"2025-09-09T14:39:59+00:00\",\"dateModified\":\"2025-09-09T14:41:05+00:00\",\"author\":{\"@id\":\"http:\\\/\\\/concejodeliberantedeazul.gob.ar\\\/#\\\/schema\\\/person\\\/65fd6514aee7c29f008fc53b206198fe\"},\"breadcrumb\":{\"@id\":\"http:\\\/\\\/concejodeliberantedeazul.gob.ar\\\/index.php\\\/2025\\\/09\\\/09\\\/el-concejo-deliberante-declarara-de-interes-el-libro-dr-angel-pintos-fundamental-para-azul-y-olavarria\\\/#breadcrumb\"},\"inLanguage\":\"es-AR\",\"potentialAction\":[{\"@type\":\"ReadAction\",\"target\":[\"http:\\\/\\\/concejodeliberantedeazul.gob.ar\\\/index.php\\\/2025\\\/09\\\/09\\\/el-concejo-deliberante-declarara-de-interes-el-libro-dr-angel-pintos-fundamental-para-azul-y-olavarria\\\/\"]}]},{\"@type\":\"ImageObject\",\"inLanguage\":\"es-AR\",\"@id\":\"http:\\\/\\\/concejodeliberantedeazul.gob.ar\\\/index.php\\\/2025\\\/09\\\/09\\\/el-concejo-deliberante-declarara-de-interes-el-libro-dr-angel-pintos-fundamental-para-azul-y-olavarria\\\/#primaryimage\",\"url\":\"http:\\\/\\\/concejodeliberantedeazul.gob.ar\\\/wp-content\\\/uploads\\\/2025\\\/09\\\/09-09-2025-Eduardo-Aguero-2-scaled.jpg\",\"contentUrl\":\"http:\\\/\\\/concejodeliberantedeazul.gob.ar\\\/wp-content\\\/uploads\\\/2025\\\/09\\\/09-09-2025-Eduardo-Aguero-2-scaled.jpg\",\"width\":2560,\"height\":1928},{\"@type\":\"BreadcrumbList\",\"@id\":\"http:\\\/\\\/concejodeliberantedeazul.gob.ar\\\/index.php\\\/2025\\\/09\\\/09\\\/el-concejo-deliberante-declarara-de-interes-el-libro-dr-angel-pintos-fundamental-para-azul-y-olavarria\\\/#breadcrumb\",\"itemListElement\":[{\"@type\":\"ListItem\",\"position\":1,\"name\":\"Inicio\",\"item\":\"https:\\\/\\\/concejodeliberantedeazul.gob.ar\\\/\"},{\"@type\":\"ListItem\",\"position\":2,\"name\":\"El Concejo Deliberante declarar\u00e1 de Inter\u00e9s el libro \u201cDr. \u00c1ngel Pintos, fundamental para Azul y Olavarr\u00eda\u201d\"}]},{\"@type\":\"WebSite\",\"@id\":\"http:\\\/\\\/concejodeliberantedeazul.gob.ar\\\/#website\",\"url\":\"http:\\\/\\\/concejodeliberantedeazul.gob.ar\\\/\",\"name\":\"Concejo deliberante de Azul\",\"description\":\"Sitio Web Oficial del Concejo Deliberante de Azul, Prov. de Buenos Aires - Conformado por 18 concejales de todo el partido.\",\"potentialAction\":[{\"@type\":\"SearchAction\",\"target\":{\"@type\":\"EntryPoint\",\"urlTemplate\":\"http:\\\/\\\/concejodeliberantedeazul.gob.ar\\\/?s={search_term_string}\"},\"query-input\":{\"@type\":\"PropertyValueSpecification\",\"valueRequired\":true,\"valueName\":\"search_term_string\"}}],\"inLanguage\":\"es-AR\"},{\"@type\":\"Person\",\"@id\":\"http:\\\/\\\/concejodeliberantedeazul.gob.ar\\\/#\\\/schema\\\/person\\\/65fd6514aee7c29f008fc53b206198fe\",\"name\":\"Concejo Deliberante Azul\",\"image\":{\"@type\":\"ImageObject\",\"inLanguage\":\"es-AR\",\"@id\":\"https:\\\/\\\/secure.gravatar.com\\\/avatar\\\/30d9ae907861b897be87a25469982f0cfbce09947e0998bf7d9d0ecab450fb85?s=96&d=mm&r=g\",\"url\":\"https:\\\/\\\/secure.gravatar.com\\\/avatar\\\/30d9ae907861b897be87a25469982f0cfbce09947e0998bf7d9d0ecab450fb85?s=96&d=mm&r=g\",\"contentUrl\":\"https:\\\/\\\/secure.gravatar.com\\\/avatar\\\/30d9ae907861b897be87a25469982f0cfbce09947e0998bf7d9d0ecab450fb85?s=96&d=mm&r=g\",\"caption\":\"Concejo Deliberante Azul\"},\"url\":\"http:\\\/\\\/concejodeliberantedeazul.gob.ar\\\/index.php\\\/author\\\/concejo\\\/\"}]}<\/script>\n<!-- \/ Yoast SEO plugin. -->","yoast_head_json":{"title":"El Concejo Deliberante declarar\u00e1 de Inter\u00e9s el libro \u201cDr. \u00c1ngel Pintos, fundamental para Azul y Olavarr\u00eda\u201d - Concejo deliberante de Azul","robots":{"index":"index","follow":"follow","max-snippet":"max-snippet:-1","max-image-preview":"max-image-preview:large","max-video-preview":"max-video-preview:-1"},"canonical":"http:\/\/concejodeliberantedeazul.gob.ar\/index.php\/2025\/09\/09\/el-concejo-deliberante-declarara-de-interes-el-libro-dr-angel-pintos-fundamental-para-azul-y-olavarria\/","og_locale":"es_ES","og_type":"article","og_title":"El Concejo Deliberante declarar\u00e1 de Inter\u00e9s el libro \u201cDr. \u00c1ngel Pintos, fundamental para Azul y Olavarr\u00eda\u201d - Concejo deliberante de Azul","og_description":"Se trata de una biograf\u00eda del c\u00e9lebre doctor y pol\u00edtico que marc\u00f3 la historia de nuestra ciudad y de Olavarr\u00eda realizada por los escritores e historiadores Eduardo Ag\u00fcero Mielhuerry y Walter Minor, de la vecina localidad. En el recinto del Concejo Deliberante, se realiz\u00f3 una reuni\u00f3n con Ag\u00fcero Mielhuerry de la que participaron la Prosecretaria [&hellip;]","og_url":"http:\/\/concejodeliberantedeazul.gob.ar\/index.php\/2025\/09\/09\/el-concejo-deliberante-declarara-de-interes-el-libro-dr-angel-pintos-fundamental-para-azul-y-olavarria\/","og_site_name":"Concejo deliberante de Azul","article_published_time":"2025-09-09T14:39:59+00:00","article_modified_time":"2025-09-09T14:41:05+00:00","og_image":[{"width":2560,"height":1928,"url":"http:\/\/concejodeliberantedeazul.gob.ar\/wp-content\/uploads\/2025\/09\/09-09-2025-Eduardo-Aguero-2-scaled.jpg","type":"image\/jpeg"}],"author":"Concejo Deliberante Azul","twitter_card":"summary_large_image","twitter_misc":{"Escrito por":"Concejo Deliberante Azul","Tiempo de lectura":"2 minutos"},"schema":{"@context":"https:\/\/schema.org","@graph":[{"@type":"Article","@id":"http:\/\/concejodeliberantedeazul.gob.ar\/index.php\/2025\/09\/09\/el-concejo-deliberante-declarara-de-interes-el-libro-dr-angel-pintos-fundamental-para-azul-y-olavarria\/#article","isPartOf":{"@id":"http:\/\/concejodeliberantedeazul.gob.ar\/index.php\/2025\/09\/09\/el-concejo-deliberante-declarara-de-interes-el-libro-dr-angel-pintos-fundamental-para-azul-y-olavarria\/"},"author":{"name":"Concejo Deliberante Azul","@id":"http:\/\/concejodeliberantedeazul.gob.ar\/#\/schema\/person\/65fd6514aee7c29f008fc53b206198fe"},"headline":"El Concejo Deliberante declarar\u00e1 de Inter\u00e9s el libro \u201cDr. \u00c1ngel Pintos, fundamental para Azul y Olavarr\u00eda\u201d","datePublished":"2025-09-09T14:39:59+00:00","dateModified":"2025-09-09T14:41:05+00:00","mainEntityOfPage":{"@id":"http:\/\/concejodeliberantedeazul.gob.ar\/index.php\/2025\/09\/09\/el-concejo-deliberante-declarara-de-interes-el-libro-dr-angel-pintos-fundamental-para-azul-y-olavarria\/"},"wordCount":218,"image":{"@id":"http:\/\/concejodeliberantedeazul.gob.ar\/index.php\/2025\/09\/09\/el-concejo-deliberante-declarara-de-interes-el-libro-dr-angel-pintos-fundamental-para-azul-y-olavarria\/#primaryimage"},"thumbnailUrl":"http:\/\/concejodeliberantedeazul.gob.ar\/wp-content\/uploads\/2025\/09\/09-09-2025-Eduardo-Aguero-2-scaled.jpg","articleSection":["Noticias"],"inLanguage":"es-AR"},{"@type":"WebPage","@id":"http:\/\/concejodeliberantedeazul.gob.ar\/index.php\/2025\/09\/09\/el-concejo-deliberante-declarara-de-interes-el-libro-dr-angel-pintos-fundamental-para-azul-y-olavarria\/","url":"http:\/\/concejodeliberantedeazul.gob.ar\/index.php\/2025\/09\/09\/el-concejo-deliberante-declarara-de-interes-el-libro-dr-angel-pintos-fundamental-para-azul-y-olavarria\/","name":"El Concejo Deliberante declarar\u00e1 de Inter\u00e9s el libro \u201cDr. \u00c1ngel Pintos, fundamental para Azul y Olavarr\u00eda\u201d - Concejo deliberante de Azul","isPartOf":{"@id":"http:\/\/concejodeliberantedeazul.gob.ar\/#website"},"primaryImageOfPage":{"@id":"http:\/\/concejodeliberantedeazul.gob.ar\/index.php\/2025\/09\/09\/el-concejo-deliberante-declarara-de-interes-el-libro-dr-angel-pintos-fundamental-para-azul-y-olavarria\/#primaryimage"},"image":{"@id":"http:\/\/concejodeliberantedeazul.gob.ar\/index.php\/2025\/09\/09\/el-concejo-deliberante-declarara-de-interes-el-libro-dr-angel-pintos-fundamental-para-azul-y-olavarria\/#primaryimage"},"thumbnailUrl":"http:\/\/concejodeliberantedeazul.gob.ar\/wp-content\/uploads\/2025\/09\/09-09-2025-Eduardo-Aguero-2-scaled.jpg","datePublished":"2025-09-09T14:39:59+00:00","dateModified":"2025-09-09T14:41:05+00:00","author":{"@id":"http:\/\/concejodeliberantedeazul.gob.ar\/#\/schema\/person\/65fd6514aee7c29f008fc53b206198fe"},"breadcrumb":{"@id":"http:\/\/concejodeliberantedeazul.gob.ar\/index.php\/2025\/09\/09\/el-concejo-deliberante-declarara-de-interes-el-libro-dr-angel-pintos-fundamental-para-azul-y-olavarria\/#breadcrumb"},"inLanguage":"es-AR","potentialAction":[{"@type":"ReadAction","target":["http:\/\/concejodeliberantedeazul.gob.ar\/index.php\/2025\/09\/09\/el-concejo-deliberante-declarara-de-interes-el-libro-dr-angel-pintos-fundamental-para-azul-y-olavarria\/"]}]},{"@type":"ImageObject","inLanguage":"es-AR","@id":"http:\/\/concejodeliberantedeazul.gob.ar\/index.php\/2025\/09\/09\/el-concejo-deliberante-declarara-de-interes-el-libro-dr-angel-pintos-fundamental-para-azul-y-olavarria\/#primaryimage","url":"http:\/\/concejodeliberantedeazul.gob.ar\/wp-content\/uploads\/2025\/09\/09-09-2025-Eduardo-Aguero-2-scaled.jpg","contentUrl":"http:\/\/concejodeliberantedeazul.gob.ar\/wp-content\/uploads\/2025\/09\/09-09-2025-Eduardo-Aguero-2-scaled.jpg","width":2560,"height":1928},{"@type":"BreadcrumbList","@id":"http:\/\/concejodeliberantedeazul.gob.ar\/index.php\/2025\/09\/09\/el-concejo-deliberante-declarara-de-interes-el-libro-dr-angel-pintos-fundamental-para-azul-y-olavarria\/#breadcrumb","itemListElement":[{"@type":"ListItem","position":1,"name":"Inicio","item":"https:\/\/concejodeliberantedeazul.gob.ar\/"},{"@type":"ListItem","position":2,"name":"El Concejo Deliberante declarar\u00e1 de Inter\u00e9s el libro \u201cDr. \u00c1ngel Pintos, fundamental para Azul y Olavarr\u00eda\u201d"}]},{"@type":"WebSite","@id":"http:\/\/concejodeliberantedeazul.gob.ar\/#website","url":"http:\/\/concejodeliberantedeazul.gob.ar\/","name":"Concejo deliberante de Azul","description":"Sitio Web Oficial del Concejo Deliberante de Azul, Prov. de Buenos Aires - Conformado por 18 concejales de todo el partido.","potentialAction":[{"@type":"SearchAction","target":{"@type":"EntryPoint","urlTemplate":"http:\/\/concejodeliberantedeazul.gob.ar\/?s={search_term_string}"},"query-input":{"@type":"PropertyValueSpecification","valueRequired":true,"valueName":"search_term_string"}}],"inLanguage":"es-AR"},{"@type":"Person","@id":"http:\/\/concejodeliberantedeazul.gob.ar\/#\/schema\/person\/65fd6514aee7c29f008fc53b206198fe","name":"Concejo Deliberante Azul","image":{"@type":"ImageObject","inLanguage":"es-AR","@id":"https:\/\/secure.gravatar.com\/avatar\/30d9ae907861b897be87a25469982f0cfbce09947e0998bf7d9d0ecab450fb85?s=96&d=mm&r=g","url":"https:\/\/secure.gravatar.com\/avatar\/30d9ae907861b897be87a25469982f0cfbce09947e0998bf7d9d0ecab450fb85?s=96&d=mm&r=g","contentUrl":"https:\/\/secure.gravatar.com\/avatar\/30d9ae907861b897be87a25469982f0cfbce09947e0998bf7d9d0ecab450fb85?s=96&d=mm&r=g","caption":"Concejo Deliberante Azul"},"url":"http:\/\/concejodeliberantedeazul.gob.ar\/index.php\/author\/concejo\/"}]}},"amp_enabled":true,"_links":{"self":[{"href":"http:\/\/concejodeliberantedeazul.gob.ar\/index.php\/wp-json\/wp\/v2\/posts\/3422","targetHints":{"allow":["GET"]}}],"collection":[{"href":"http:\/\/concejodeliberantedeazul.gob.ar\/index.php\/wp-json\/wp\/v2\/posts"}],"about":[{"href":"http:\/\/concejodeliberantedeazul.gob.ar\/index.php\/wp-json\/wp\/v2\/types\/post"}],"author":[{"embeddable":true,"href":"http:\/\/concejodeliberantedeazul.gob.ar\/index.php\/wp-json\/wp\/v2\/users\/2"}],"replies":[{"embeddable":true,"href":"http:\/\/concejodeliberantedeazul.gob.ar\/index.php\/wp-json\/wp\/v2\/comments?post=3422"}],"version-history":[{"count":1,"href":"http:\/\/concejodeliberantedeazul.gob.ar\/index.php\/wp-json\/wp\/v2\/posts\/3422\/revisions"}],"predecessor-version":[{"id":3424,"href":"http:\/\/concejodeliberantedeazul.gob.ar\/index.php\/wp-json\/wp\/v2\/posts\/3422\/revisions\/3424"}],"wp:featuredmedia":[{"embeddable":true,"href":"http:\/\/concejodeliberantedeazul.gob.ar\/index.php\/wp-json\/wp\/v2\/media\/3423"}],"wp:attachment":[{"href":"http:\/\/concejodeliberantedeazul.gob.ar\/index.php\/wp-json\/wp\/v2\/media?parent=3422"}],"wp:term":[{"taxonomy":"category","embeddable":true,"href":"http:\/\/concejodeliberantedeazul.gob.ar\/index.php\/wp-json\/wp\/v2\/categories?post=3422"},{"taxonomy":"post_tag","embeddable":true,"href":"http:\/\/concejodeliberantedeazul.gob.ar\/index.php\/wp-json\/wp\/v2\/tags?post=3422"}],"curies":[{"name":"wp","href":"https:\/\/api.w.org\/{rel}","templated":true}]}}