{"id":3380,"date":"2025-07-11T11:25:00","date_gmt":"2025-07-11T14:25:00","guid":{"rendered":"http:\/\/concejodeliberantedeazul.gob.ar\/?p=3380"},"modified":"2025-07-11T11:25:32","modified_gmt":"2025-07-11T14:25:32","slug":"decima-sesion-ordinaria-4","status":"publish","type":"post","link":"http:\/\/concejodeliberantedeazul.gob.ar\/index.php\/2025\/07\/11\/decima-sesion-ordinaria-4\/","title":{"rendered":"D\u00e9cima Sesi\u00f3n Ordinaria"},"content":{"rendered":"\n<p>Este martes 15 de julio, a partir de las 18, se llevar\u00e1 a cabo la D\u00e9cima Sesi\u00f3n Ordinaria, ejercicio 2025.<\/p>\n\n\n\n<p>En la oportunidad, los Concejales dar\u00e1n tratamiento a un Orden del D\u00eda compuesto por m\u00e1s de 20 puntos entre los que se destacan proyectos de los diferentes bloques pol\u00edticos, expedientes elevados por el Departamento Ejecutivo, despachos de las Comisiones Permanentes y notas recibidas de vecinos e instituciones.<\/p>\n\n\n\n<p><strong>Orden del d\u00eda:<\/strong><\/p>\n\n\n\n<ol class=\"wp-block-list\">\n<li>Aprobaci\u00f3n del Acta correspondiente a la Quinta Sesi\u00f3n Ordinaria del presente ejercicio.<\/li>\n<\/ol>\n\n\n\n<ul class=\"wp-block-list\">\n<li>Lectura de Notas Recibidas.<\/li>\n<\/ul>\n\n\n\n<p><strong>Expedientes elevados por el Intendente Municipal:<\/strong><\/p>\n\n\n\n<ul class=\"wp-block-list\">\n<li>Elev\u00f3 actuaciones iniciadas por la Asociaci\u00f3n Bomberos Voluntarios de Cachar\u00ed, con proyecto de Ordenanza referido a conceder a la mencionada asociaci\u00f3n autorizaci\u00f3n para poner en circulaci\u00f3n una rifa continuada y de mayor cuant\u00eda.<\/li>\n\n\n\n<li>Elev\u00f3 actuaciones iniciadas por la Delegaci\u00f3n Municipal de Chillar, con proyecto de Ordenanza referido a autorizar al Departamento Ejecutivo a aceptar la donaci\u00f3n de elementos destinados al Taller Protegido \u201cAmaneceres\u201d de la mencionada localidad.<\/li>\n\n\n\n<li>Elev\u00f3 actuaciones iniciadas por la Delegaci\u00f3n Municipal de Chillar, con proyecto de Ordenanza referido a autorizar al Departamento Ejecutivo a aceptar la donaci\u00f3n de elementos destinados a la Oficina de Gu\u00edas e Ingresos P\u00fablicos de dicha localidad.<\/li>\n\n\n\n<li>Elev\u00f3 actuaciones iniciadas por la Subdirecci\u00f3n Gesti\u00f3n de Patrimonio, con proyecto de Ordenanza referido a autorizar al Departamento Ejecutivo a aceptar la donaci\u00f3n de una obra de arte destinada al Museo Municipal de Arte \u201cL\u00f3pez Claro\u201d.<\/li>\n\n\n\n<li>Elev\u00f3 actuaciones iniciadas por la Subdirecci\u00f3n de Parques y Paseos, con proyecto de Ordenanza relacionado con la extracci\u00f3n de un ejemplar de Tilo sito en avenida Per\u00f3n N\u00b0 622.<\/li>\n\n\n\n<li>Elev\u00f3 actuaciones iniciadas por la Subsecretar\u00eda de Gobierno, con proyecto de Ordenanza referido a convalidar el Contrato de Comodato relacionado con la posibilidad de otorgar en uso el trencito instalado en las inmediaciones del Parque Municipal \u201cDomingo Faustino Sarmiento\u201d, a la Escuela T\u00e9cnica N\u00b0 2, en el marco de las de las pr\u00e1cticas educativas y para su puesta en valor.<\/li>\n<\/ul>\n\n\n\n<p><strong>Despachos de las diferentes Comisiones:<\/strong><\/p>\n\n\n\n<ul class=\"wp-block-list\">\n<li>Despachos de las Comisiones de Obras P\u00fablicas, Vialidad y Transporte y de Interpretaci\u00f3n, Legislaci\u00f3n y Seguridad P\u00fablica, con proyecto de Ordenanza referido a crear el Comit\u00e9 de Asuntos H\u00eddricos del partido de Azul; y derogar la Ordenanza N\u00b0 4.630\/2021.<\/li>\n\n\n\n<li>Despachos de las Comisiones de Homenajes y de Interpretaci\u00f3n, Legislaci\u00f3n y Seguridad P\u00fablica, aconsejando la aprobaci\u00f3n del proyecto de Ordenanza referente a imponer el nombre \u201cJuan Arrast\u00faa\u201d a la calle N\u00b0 20 de Chillar.<\/li>\n<\/ul>\n\n\n\n<p><strong>Proyectos de los diferentes bloques:<\/strong><\/p>\n\n\n\n<ol class=\"wp-block-list\">\n<li>Concejales Integrantes del bloque Podemos Azul elevaron proyecto de Comunicaci\u00f3n relacionado con las luminarias del enlace \u201cN\u00e9stor Kirchner\u201d, que une la Ruta Nacional N\u00b0 3 y la Ruta Nacional N\u00b0 226.<\/li>\n\n\n\n<li>Concejales del Partido de Azul elevaron proyecto de Resoluci\u00f3n referido a declarar de Inter\u00e9s Tur\u00edstico la \u201cGu\u00eda de viaje de Azul\u201d, creada por las azule\u00f1as Matilde Bossi y Guillermina G\u00f3mez Romero, por su contribuci\u00f3n a la difusi\u00f3n de nuestro patrimonio y el posicionamiento de Azul como destino tur\u00edstico.<\/li>\n\n\n\n<li>Concejales del Partido de Azul elevaron proyecto Ordenanza referido a modificar art\u00edculo de la Ordenanza N\u00b0 4.516\/2020 de r\u00e9gimen tarifario de alumbrado p\u00fablico.<\/li>\n\n\n\n<li>Bloque Gen Azul eleva proyecto de Comunicaci\u00f3n relacionado con el estado de la Planta de Tratamientos de Residuos S\u00f3lidos Urbanos &#8211; URECA de Cachar\u00ed.<\/li>\n\n\n\n<li>Concejales Integrantes del bloque La Libertad Avanza elevaron proyecto de Comunicaci\u00f3n relacionado al estado de deterioro edilicio y condiciones de insalubridad de las oficinas donde funciona la Direcci\u00f3n de Control Urbano Municipal.<\/li>\n<\/ol>\n\n\n\n<p><strong>Notas recibidas:<\/strong><\/p>\n\n\n\n<ol class=\"wp-block-list\">\n<li>Intendente Municipal.Eleva nota a fin de comunicar la suscripci\u00f3n de convenio de Rescisi\u00f3n y Traspaso de Fondos del proyecto \u201cConstrucci\u00f3n 56 cuadras de Cord\u00f3n Cuneta\u201d al proyecto \u201cRecambio de Luminarias en el partido de Azul\u201d, entre el Municipio de Azul y el Ministerio de Infraestructura y Servicios P\u00fablicos de la Provincia de Buenos Aires.<\/li>\n\n\n\n<li>Intendente Municipal.Eleva respuestas a las repreguntas efectuadas por los distintos bloques pol\u00edticos en el marco de la presentaci\u00f3n de informe del Secretario de Gobierno y Jefe de Gabinete sobre la marcha de la gesti\u00f3n municipal, en cumplimiento de la Ordenanza N\u00b04.117\/18.<\/li>\n\n\n\n<li>Intendente Municipal. Eleva actuaciones iniciadas por la vecina Ana Mar\u00eda Barcelonna solicitando la extracci\u00f3n de ejemplar de Tilo ubicado en av. Per\u00f3n N\u00b0425.<\/li>\n\n\n\n<li>Biblioteca \u201cBartolom\u00e9 J. Ronco\u201d.Elevan nota solicitando la extracci\u00f3n y reemplazo de \u00e1rboles ubicados en la acera de calle Rivadavia y San Mart\u00edn.<\/li>\n\n\n\n<li>Trabajadores Y Trabajadoras Del Concejo Deliberante De Azul.Elevan nota adjuntando anteproyecto de Ordenanza ref. Crear el Escalaf\u00f3n para Empleados Legislativos y la Escala Salarial.<\/li>\n<\/ol>\n\n\n\n<p><strong>Informes<\/strong><\/p>\n\n\n\n<ul class=\"wp-block-list\">\n<li>Informes de los Juzgados de Faltas y Consumo N\u00ba 1 y N\u00b02 del partido de Azul correspondientes al mes de junio de 2025, de conformidad a la Ordenanza N\u00ba 4.492\/2020 \u2013 C\u00f3digo Municipal de Faltas.<\/li>\n<\/ul>\n\n\n\n<p><strong>Disposiciones de otros concejos<\/strong><\/p>\n\n\n\n<ul class=\"wp-block-list\">\n<li>Resoluci\u00f3n N\u00ba 07\/2025. H.C.D. Roque P\u00e9rez. Mediante la cual se\u00a0expresa preocupaci\u00f3n por la situaci\u00f3n presupuestaria del Hospital de Ni\u00f1os \u201cProf. Dr. Juan P. Garrahan\u201d.<\/li>\n<\/ul>\n","protected":false},"excerpt":{"rendered":"<p>Este martes 15 de julio, a partir de las 18, se llevar\u00e1 a cabo la D\u00e9cima Sesi\u00f3n Ordinaria, ejercicio 2025. En la oportunidad, los Concejales dar\u00e1n tratamiento a un Orden del D\u00eda compuesto por m\u00e1s de 20 puntos entre los que se destacan proyectos de los diferentes bloques pol\u00edticos, expedientes elevados por el Departamento Ejecutivo, [&hellip;]<\/p>\n","protected":false},"author":2,"featured_media":3328,"comment_status":"open","ping_status":"open","sticky":false,"template":"","format":"standard","meta":{"tdm_status":"","tdm_grid_status":"","footnotes":""},"categories":[7],"tags":[],"class_list":{"0":"post-3380","1":"post","2":"type-post","3":"status-publish","4":"format-standard","5":"has-post-thumbnail","7":"category-noticias"},"yoast_head":"<!-- This site is optimized with the Yoast SEO plugin v27.3 - https:\/\/yoast.com\/product\/yoast-seo-wordpress\/ -->\n<title>D\u00e9cima Sesi\u00f3n Ordinaria - Concejo deliberante de Azul<\/title>\n<meta name=\"robots\" content=\"index, follow, max-snippet:-1, max-image-preview:large, max-video-preview:-1\" \/>\n<link rel=\"canonical\" href=\"http:\/\/concejodeliberantedeazul.gob.ar\/index.php\/2025\/07\/11\/decima-sesion-ordinaria-4\/\" \/>\n<meta property=\"og:locale\" content=\"es_ES\" \/>\n<meta property=\"og:type\" content=\"article\" \/>\n<meta property=\"og:title\" content=\"D\u00e9cima Sesi\u00f3n Ordinaria - Concejo deliberante de Azul\" \/>\n<meta property=\"og:description\" content=\"Este martes 15 de julio, a partir de las 18, se llevar\u00e1 a cabo la D\u00e9cima Sesi\u00f3n Ordinaria, ejercicio 2025. En la oportunidad, los Concejales dar\u00e1n tratamiento a un Orden del D\u00eda compuesto por m\u00e1s de 20 puntos entre los que se destacan proyectos de los diferentes bloques pol\u00edticos, expedientes elevados por el Departamento Ejecutivo, [&hellip;]\" \/>\n<meta property=\"og:url\" content=\"http:\/\/concejodeliberantedeazul.gob.ar\/index.php\/2025\/07\/11\/decima-sesion-ordinaria-4\/\" \/>\n<meta property=\"og:site_name\" content=\"Concejo deliberante de Azul\" \/>\n<meta property=\"article:published_time\" content=\"2025-07-11T14:25:00+00:00\" \/>\n<meta property=\"article:modified_time\" content=\"2025-07-11T14:25:32+00:00\" \/>\n<meta property=\"og:image\" content=\"http:\/\/concejodeliberantedeazul.gob.ar\/wp-content\/uploads\/2025\/05\/Sesion-001-20-05-25-Foto-Hector-Garcia.jpg\" \/>\n\t<meta property=\"og:image:width\" content=\"1913\" \/>\n\t<meta property=\"og:image:height\" content=\"1276\" \/>\n\t<meta property=\"og:image:type\" content=\"image\/jpeg\" \/>\n<meta name=\"author\" content=\"Concejo Deliberante Azul\" \/>\n<meta name=\"twitter:card\" content=\"summary_large_image\" \/>\n<meta name=\"twitter:label1\" content=\"Escrito por\" \/>\n\t<meta name=\"twitter:data1\" content=\"Concejo Deliberante Azul\" \/>\n\t<meta name=\"twitter:label2\" content=\"Tiempo de lectura\" \/>\n\t<meta name=\"twitter:data2\" content=\"4 minutos\" \/>\n<script type=\"application\/ld+json\" class=\"yoast-schema-graph\">{\"@context\":\"https:\\\/\\\/schema.org\",\"@graph\":[{\"@type\":\"Article\",\"@id\":\"http:\\\/\\\/concejodeliberantedeazul.gob.ar\\\/index.php\\\/2025\\\/07\\\/11\\\/decima-sesion-ordinaria-4\\\/#article\",\"isPartOf\":{\"@id\":\"http:\\\/\\\/concejodeliberantedeazul.gob.ar\\\/index.php\\\/2025\\\/07\\\/11\\\/decima-sesion-ordinaria-4\\\/\"},\"author\":{\"name\":\"Concejo Deliberante Azul\",\"@id\":\"http:\\\/\\\/concejodeliberantedeazul.gob.ar\\\/#\\\/schema\\\/person\\\/65fd6514aee7c29f008fc53b206198fe\"},\"headline\":\"D\u00e9cima Sesi\u00f3n Ordinaria\",\"datePublished\":\"2025-07-11T14:25:00+00:00\",\"dateModified\":\"2025-07-11T14:25:32+00:00\",\"mainEntityOfPage\":{\"@id\":\"http:\\\/\\\/concejodeliberantedeazul.gob.ar\\\/index.php\\\/2025\\\/07\\\/11\\\/decima-sesion-ordinaria-4\\\/\"},\"wordCount\":865,\"commentCount\":0,\"image\":{\"@id\":\"http:\\\/\\\/concejodeliberantedeazul.gob.ar\\\/index.php\\\/2025\\\/07\\\/11\\\/decima-sesion-ordinaria-4\\\/#primaryimage\"},\"thumbnailUrl\":\"http:\\\/\\\/concejodeliberantedeazul.gob.ar\\\/wp-content\\\/uploads\\\/2025\\\/05\\\/Sesion-001-20-05-25-Foto-Hector-Garcia.jpg\",\"articleSection\":[\"Noticias\"],\"inLanguage\":\"es-AR\",\"potentialAction\":[{\"@type\":\"CommentAction\",\"name\":\"Comment\",\"target\":[\"http:\\\/\\\/concejodeliberantedeazul.gob.ar\\\/index.php\\\/2025\\\/07\\\/11\\\/decima-sesion-ordinaria-4\\\/#respond\"]}]},{\"@type\":\"WebPage\",\"@id\":\"http:\\\/\\\/concejodeliberantedeazul.gob.ar\\\/index.php\\\/2025\\\/07\\\/11\\\/decima-sesion-ordinaria-4\\\/\",\"url\":\"http:\\\/\\\/concejodeliberantedeazul.gob.ar\\\/index.php\\\/2025\\\/07\\\/11\\\/decima-sesion-ordinaria-4\\\/\",\"name\":\"D\u00e9cima Sesi\u00f3n Ordinaria - Concejo deliberante de Azul\",\"isPartOf\":{\"@id\":\"http:\\\/\\\/concejodeliberantedeazul.gob.ar\\\/#website\"},\"primaryImageOfPage\":{\"@id\":\"http:\\\/\\\/concejodeliberantedeazul.gob.ar\\\/index.php\\\/2025\\\/07\\\/11\\\/decima-sesion-ordinaria-4\\\/#primaryimage\"},\"image\":{\"@id\":\"http:\\\/\\\/concejodeliberantedeazul.gob.ar\\\/index.php\\\/2025\\\/07\\\/11\\\/decima-sesion-ordinaria-4\\\/#primaryimage\"},\"thumbnailUrl\":\"http:\\\/\\\/concejodeliberantedeazul.gob.ar\\\/wp-content\\\/uploads\\\/2025\\\/05\\\/Sesion-001-20-05-25-Foto-Hector-Garcia.jpg\",\"datePublished\":\"2025-07-11T14:25:00+00:00\",\"dateModified\":\"2025-07-11T14:25:32+00:00\",\"author\":{\"@id\":\"http:\\\/\\\/concejodeliberantedeazul.gob.ar\\\/#\\\/schema\\\/person\\\/65fd6514aee7c29f008fc53b206198fe\"},\"breadcrumb\":{\"@id\":\"http:\\\/\\\/concejodeliberantedeazul.gob.ar\\\/index.php\\\/2025\\\/07\\\/11\\\/decima-sesion-ordinaria-4\\\/#breadcrumb\"},\"inLanguage\":\"es-AR\",\"potentialAction\":[{\"@type\":\"ReadAction\",\"target\":[\"http:\\\/\\\/concejodeliberantedeazul.gob.ar\\\/index.php\\\/2025\\\/07\\\/11\\\/decima-sesion-ordinaria-4\\\/\"]}]},{\"@type\":\"ImageObject\",\"inLanguage\":\"es-AR\",\"@id\":\"http:\\\/\\\/concejodeliberantedeazul.gob.ar\\\/index.php\\\/2025\\\/07\\\/11\\\/decima-sesion-ordinaria-4\\\/#primaryimage\",\"url\":\"http:\\\/\\\/concejodeliberantedeazul.gob.ar\\\/wp-content\\\/uploads\\\/2025\\\/05\\\/Sesion-001-20-05-25-Foto-Hector-Garcia.jpg\",\"contentUrl\":\"http:\\\/\\\/concejodeliberantedeazul.gob.ar\\\/wp-content\\\/uploads\\\/2025\\\/05\\\/Sesion-001-20-05-25-Foto-Hector-Garcia.jpg\",\"width\":1913,\"height\":1276},{\"@type\":\"BreadcrumbList\",\"@id\":\"http:\\\/\\\/concejodeliberantedeazul.gob.ar\\\/index.php\\\/2025\\\/07\\\/11\\\/decima-sesion-ordinaria-4\\\/#breadcrumb\",\"itemListElement\":[{\"@type\":\"ListItem\",\"position\":1,\"name\":\"Inicio\",\"item\":\"https:\\\/\\\/concejodeliberantedeazul.gob.ar\\\/\"},{\"@type\":\"ListItem\",\"position\":2,\"name\":\"D\u00e9cima Sesi\u00f3n Ordinaria\"}]},{\"@type\":\"WebSite\",\"@id\":\"http:\\\/\\\/concejodeliberantedeazul.gob.ar\\\/#website\",\"url\":\"http:\\\/\\\/concejodeliberantedeazul.gob.ar\\\/\",\"name\":\"Concejo deliberante de Azul\",\"description\":\"Sitio Web Oficial del Concejo Deliberante de Azul, Prov. de Buenos Aires - Conformado por 18 concejales de todo el partido.\",\"potentialAction\":[{\"@type\":\"SearchAction\",\"target\":{\"@type\":\"EntryPoint\",\"urlTemplate\":\"http:\\\/\\\/concejodeliberantedeazul.gob.ar\\\/?s={search_term_string}\"},\"query-input\":{\"@type\":\"PropertyValueSpecification\",\"valueRequired\":true,\"valueName\":\"search_term_string\"}}],\"inLanguage\":\"es-AR\"},{\"@type\":\"Person\",\"@id\":\"http:\\\/\\\/concejodeliberantedeazul.gob.ar\\\/#\\\/schema\\\/person\\\/65fd6514aee7c29f008fc53b206198fe\",\"name\":\"Concejo Deliberante Azul\",\"image\":{\"@type\":\"ImageObject\",\"inLanguage\":\"es-AR\",\"@id\":\"https:\\\/\\\/secure.gravatar.com\\\/avatar\\\/30d9ae907861b897be87a25469982f0cfbce09947e0998bf7d9d0ecab450fb85?s=96&d=mm&r=g\",\"url\":\"https:\\\/\\\/secure.gravatar.com\\\/avatar\\\/30d9ae907861b897be87a25469982f0cfbce09947e0998bf7d9d0ecab450fb85?s=96&d=mm&r=g\",\"contentUrl\":\"https:\\\/\\\/secure.gravatar.com\\\/avatar\\\/30d9ae907861b897be87a25469982f0cfbce09947e0998bf7d9d0ecab450fb85?s=96&d=mm&r=g\",\"caption\":\"Concejo Deliberante Azul\"},\"url\":\"http:\\\/\\\/concejodeliberantedeazul.gob.ar\\\/index.php\\\/author\\\/concejo\\\/\"}]}<\/script>\n<!-- \/ Yoast SEO plugin. -->","yoast_head_json":{"title":"D\u00e9cima Sesi\u00f3n Ordinaria - Concejo deliberante de Azul","robots":{"index":"index","follow":"follow","max-snippet":"max-snippet:-1","max-image-preview":"max-image-preview:large","max-video-preview":"max-video-preview:-1"},"canonical":"http:\/\/concejodeliberantedeazul.gob.ar\/index.php\/2025\/07\/11\/decima-sesion-ordinaria-4\/","og_locale":"es_ES","og_type":"article","og_title":"D\u00e9cima Sesi\u00f3n Ordinaria - Concejo deliberante de Azul","og_description":"Este martes 15 de julio, a partir de las 18, se llevar\u00e1 a cabo la D\u00e9cima Sesi\u00f3n Ordinaria, ejercicio 2025. En la oportunidad, los Concejales dar\u00e1n tratamiento a un Orden del D\u00eda compuesto por m\u00e1s de 20 puntos entre los que se destacan proyectos de los diferentes bloques pol\u00edticos, expedientes elevados por el Departamento Ejecutivo, [&hellip;]","og_url":"http:\/\/concejodeliberantedeazul.gob.ar\/index.php\/2025\/07\/11\/decima-sesion-ordinaria-4\/","og_site_name":"Concejo deliberante de Azul","article_published_time":"2025-07-11T14:25:00+00:00","article_modified_time":"2025-07-11T14:25:32+00:00","og_image":[{"width":1913,"height":1276,"url":"http:\/\/concejodeliberantedeazul.gob.ar\/wp-content\/uploads\/2025\/05\/Sesion-001-20-05-25-Foto-Hector-Garcia.jpg","type":"image\/jpeg"}],"author":"Concejo Deliberante Azul","twitter_card":"summary_large_image","twitter_misc":{"Escrito por":"Concejo Deliberante Azul","Tiempo de lectura":"4 minutos"},"schema":{"@context":"https:\/\/schema.org","@graph":[{"@type":"Article","@id":"http:\/\/concejodeliberantedeazul.gob.ar\/index.php\/2025\/07\/11\/decima-sesion-ordinaria-4\/#article","isPartOf":{"@id":"http:\/\/concejodeliberantedeazul.gob.ar\/index.php\/2025\/07\/11\/decima-sesion-ordinaria-4\/"},"author":{"name":"Concejo Deliberante Azul","@id":"http:\/\/concejodeliberantedeazul.gob.ar\/#\/schema\/person\/65fd6514aee7c29f008fc53b206198fe"},"headline":"D\u00e9cima Sesi\u00f3n Ordinaria","datePublished":"2025-07-11T14:25:00+00:00","dateModified":"2025-07-11T14:25:32+00:00","mainEntityOfPage":{"@id":"http:\/\/concejodeliberantedeazul.gob.ar\/index.php\/2025\/07\/11\/decima-sesion-ordinaria-4\/"},"wordCount":865,"commentCount":0,"image":{"@id":"http:\/\/concejodeliberantedeazul.gob.ar\/index.php\/2025\/07\/11\/decima-sesion-ordinaria-4\/#primaryimage"},"thumbnailUrl":"http:\/\/concejodeliberantedeazul.gob.ar\/wp-content\/uploads\/2025\/05\/Sesion-001-20-05-25-Foto-Hector-Garcia.jpg","articleSection":["Noticias"],"inLanguage":"es-AR","potentialAction":[{"@type":"CommentAction","name":"Comment","target":["http:\/\/concejodeliberantedeazul.gob.ar\/index.php\/2025\/07\/11\/decima-sesion-ordinaria-4\/#respond"]}]},{"@type":"WebPage","@id":"http:\/\/concejodeliberantedeazul.gob.ar\/index.php\/2025\/07\/11\/decima-sesion-ordinaria-4\/","url":"http:\/\/concejodeliberantedeazul.gob.ar\/index.php\/2025\/07\/11\/decima-sesion-ordinaria-4\/","name":"D\u00e9cima Sesi\u00f3n Ordinaria - Concejo deliberante de Azul","isPartOf":{"@id":"http:\/\/concejodeliberantedeazul.gob.ar\/#website"},"primaryImageOfPage":{"@id":"http:\/\/concejodeliberantedeazul.gob.ar\/index.php\/2025\/07\/11\/decima-sesion-ordinaria-4\/#primaryimage"},"image":{"@id":"http:\/\/concejodeliberantedeazul.gob.ar\/index.php\/2025\/07\/11\/decima-sesion-ordinaria-4\/#primaryimage"},"thumbnailUrl":"http:\/\/concejodeliberantedeazul.gob.ar\/wp-content\/uploads\/2025\/05\/Sesion-001-20-05-25-Foto-Hector-Garcia.jpg","datePublished":"2025-07-11T14:25:00+00:00","dateModified":"2025-07-11T14:25:32+00:00","author":{"@id":"http:\/\/concejodeliberantedeazul.gob.ar\/#\/schema\/person\/65fd6514aee7c29f008fc53b206198fe"},"breadcrumb":{"@id":"http:\/\/concejodeliberantedeazul.gob.ar\/index.php\/2025\/07\/11\/decima-sesion-ordinaria-4\/#breadcrumb"},"inLanguage":"es-AR","potentialAction":[{"@type":"ReadAction","target":["http:\/\/concejodeliberantedeazul.gob.ar\/index.php\/2025\/07\/11\/decima-sesion-ordinaria-4\/"]}]},{"@type":"ImageObject","inLanguage":"es-AR","@id":"http:\/\/concejodeliberantedeazul.gob.ar\/index.php\/2025\/07\/11\/decima-sesion-ordinaria-4\/#primaryimage","url":"http:\/\/concejodeliberantedeazul.gob.ar\/wp-content\/uploads\/2025\/05\/Sesion-001-20-05-25-Foto-Hector-Garcia.jpg","contentUrl":"http:\/\/concejodeliberantedeazul.gob.ar\/wp-content\/uploads\/2025\/05\/Sesion-001-20-05-25-Foto-Hector-Garcia.jpg","width":1913,"height":1276},{"@type":"BreadcrumbList","@id":"http:\/\/concejodeliberantedeazul.gob.ar\/index.php\/2025\/07\/11\/decima-sesion-ordinaria-4\/#breadcrumb","itemListElement":[{"@type":"ListItem","position":1,"name":"Inicio","item":"https:\/\/concejodeliberantedeazul.gob.ar\/"},{"@type":"ListItem","position":2,"name":"D\u00e9cima Sesi\u00f3n Ordinaria"}]},{"@type":"WebSite","@id":"http:\/\/concejodeliberantedeazul.gob.ar\/#website","url":"http:\/\/concejodeliberantedeazul.gob.ar\/","name":"Concejo deliberante de Azul","description":"Sitio Web Oficial del Concejo Deliberante de Azul, Prov. de Buenos Aires - Conformado por 18 concejales de todo el partido.","potentialAction":[{"@type":"SearchAction","target":{"@type":"EntryPoint","urlTemplate":"http:\/\/concejodeliberantedeazul.gob.ar\/?s={search_term_string}"},"query-input":{"@type":"PropertyValueSpecification","valueRequired":true,"valueName":"search_term_string"}}],"inLanguage":"es-AR"},{"@type":"Person","@id":"http:\/\/concejodeliberantedeazul.gob.ar\/#\/schema\/person\/65fd6514aee7c29f008fc53b206198fe","name":"Concejo Deliberante Azul","image":{"@type":"ImageObject","inLanguage":"es-AR","@id":"https:\/\/secure.gravatar.com\/avatar\/30d9ae907861b897be87a25469982f0cfbce09947e0998bf7d9d0ecab450fb85?s=96&d=mm&r=g","url":"https:\/\/secure.gravatar.com\/avatar\/30d9ae907861b897be87a25469982f0cfbce09947e0998bf7d9d0ecab450fb85?s=96&d=mm&r=g","contentUrl":"https:\/\/secure.gravatar.com\/avatar\/30d9ae907861b897be87a25469982f0cfbce09947e0998bf7d9d0ecab450fb85?s=96&d=mm&r=g","caption":"Concejo Deliberante Azul"},"url":"http:\/\/concejodeliberantedeazul.gob.ar\/index.php\/author\/concejo\/"}]}},"amp_enabled":true,"_links":{"self":[{"href":"http:\/\/concejodeliberantedeazul.gob.ar\/index.php\/wp-json\/wp\/v2\/posts\/3380","targetHints":{"allow":["GET"]}}],"collection":[{"href":"http:\/\/concejodeliberantedeazul.gob.ar\/index.php\/wp-json\/wp\/v2\/posts"}],"about":[{"href":"http:\/\/concejodeliberantedeazul.gob.ar\/index.php\/wp-json\/wp\/v2\/types\/post"}],"author":[{"embeddable":true,"href":"http:\/\/concejodeliberantedeazul.gob.ar\/index.php\/wp-json\/wp\/v2\/users\/2"}],"replies":[{"embeddable":true,"href":"http:\/\/concejodeliberantedeazul.gob.ar\/index.php\/wp-json\/wp\/v2\/comments?post=3380"}],"version-history":[{"count":1,"href":"http:\/\/concejodeliberantedeazul.gob.ar\/index.php\/wp-json\/wp\/v2\/posts\/3380\/revisions"}],"predecessor-version":[{"id":3381,"href":"http:\/\/concejodeliberantedeazul.gob.ar\/index.php\/wp-json\/wp\/v2\/posts\/3380\/revisions\/3381"}],"wp:featuredmedia":[{"embeddable":true,"href":"http:\/\/concejodeliberantedeazul.gob.ar\/index.php\/wp-json\/wp\/v2\/media\/3328"}],"wp:attachment":[{"href":"http:\/\/concejodeliberantedeazul.gob.ar\/index.php\/wp-json\/wp\/v2\/media?parent=3380"}],"wp:term":[{"taxonomy":"category","embeddable":true,"href":"http:\/\/concejodeliberantedeazul.gob.ar\/index.php\/wp-json\/wp\/v2\/categories?post=3380"},{"taxonomy":"post_tag","embeddable":true,"href":"http:\/\/concejodeliberantedeazul.gob.ar\/index.php\/wp-json\/wp\/v2\/tags?post=3380"}],"curies":[{"name":"wp","href":"https:\/\/api.w.org\/{rel}","templated":true}]}}