{"id":3365,"date":"2025-06-25T09:50:04","date_gmt":"2025-06-25T12:50:04","guid":{"rendered":"http:\/\/concejodeliberantedeazul.gob.ar\/?p=3365"},"modified":"2025-06-25T09:50:40","modified_gmt":"2025-06-25T12:50:40","slug":"concejo-de-los-y-las-estudiantes-3","status":"publish","type":"post","link":"http:\/\/concejodeliberantedeazul.gob.ar\/index.php\/2025\/06\/25\/concejo-de-los-y-las-estudiantes-3\/","title":{"rendered":"Concejo de los y las Estudiantes"},"content":{"rendered":"\n<p>Se llevar\u00e1 a cabo, este jueves a partir de las 9, la primera Sesi\u00f3n de los Estudiantes con la participaci\u00f3n de 14 instituciones educativas del partido de Azul.<\/p>\n\n\n\n<p>La misma se enmarca en la Ordenanza N\u00b0 3.750 del 2015 y sus modificatorias que refiere a la adhesi\u00f3n al Programa Nacional de Concejos Deliberantes Estudiantiles, creado por la Resoluci\u00f3n N\u00ba 04\/2009 de la Secretar\u00eda de Relaciones Parlamentarias de la Jefatura de Gabinete, Presidencia de la Naci\u00f3n.<\/p>\n\n\n\n<p>Adem\u00e1s, en su art\u00edculo segundo, la legislaci\u00f3n determina la creaci\u00f3n de la \u201cSesi\u00f3n de los Estudiantes\u201d, la cual estar\u00e1 representada por alumnos de las diferentes Instituciones Educativas de Nivel Secundario de todas las modalidades del partido.<\/p>\n\n\n\n<p><strong>Orden del D\u00eda: <\/strong><strong><\/strong><\/p>\n\n\n\n<ol class=\"wp-block-list\">\n<li>Bloque de Concejales Estudiantiles del Bloque Colegio Inmaculada Concepci\u00f3n eleva proyecto de Ordenanza relacionado con la creaci\u00f3n de un espacio para la habilitaci\u00f3n de una Escuela Municipal de Conductores.<\/li>\n\n\n\n<li>Bloque de Concejales Estudiantiles del Instituto \u201cSan Francisco De As\u00eds\u201d elevaron proyecto de Comunicaci\u00f3n relacionado con el deterioro de las calles de tierra del barrio San Francisco.<\/li>\n\n\n\n<li>Bloque de Concejales Estudiantiles del Bloque E.E.S. N\u00b0 6 elevaron proyecto de Comunicaci\u00f3n relacionado con el control del tr\u00e1nsito en las entradas y salidas de las escuelas.<\/li>\n\n\n\n<li>Bloque de Concejales Estudiantiles del Bloque E.E.S.T. N\u00b0 1 elevaron proyecto de Ordenanza relacionado con las problem\u00e1ticas de tr\u00e1nsito en nuestra ciudad, los altos \u00edndices de accidentes y la necesidad de generar pol\u00edticas p\u00fablicas de prevenci\u00f3n.<\/li>\n\n\n\n<li>Bloque de Concejales Estudiantiles del Bloque E.E.S. N\u00b0 2-Cachar\u00ed elevaron proyecto de Comunicaci\u00f3n relacionado con el estado de las calles de tierra y entoscadas de la mencionada localidad.<\/li>\n\n\n\n<li>Bloque de Concejales Estudiantiles del Bloque E.E.S. N\u00b0 2-Cachar\u00ed elevaron proyecto de Resoluci\u00f3n relacionado con la necesidad de una playa de estacionamiento de camiones.<\/li>\n\n\n\n<li>Bloque de Concejales Estudiantiles del Bloque Instituto del Carmen de Cachar\u00ed elevan proyecto de Resoluci\u00f3n relacionado con los m\u00faltiples factores de riesgo relacionados con el consumo de sustancias en adolescentes.<\/li>\n\n\n\n<li>Bloque de Concejales Estudiantiles del Bloque E.E.S.T. N\u00b0 2 \u201cVicente Pereda\u201d elevaron proyecto de Comunicaci\u00f3n relacionado con la protecci\u00f3n del ambiente, el uso sustentable, adecuado, responsable y humanitario del agua, y que tiene como objeto ayudar a las comunidades escolares, barriales e intersectoriales de nuestro partido.<\/li>\n\n\n\n<li>Bloque de Concejales Estudiantiles del Bloque E.E.S. N\u00b0 7 elevaron proyecto de Resoluci\u00f3n relacionado con la necesidad de iluminaci\u00f3n y se\u00f1alizaci\u00f3n en la intersecci\u00f3n de la Ruta Provincial N\u00b0 80 y Ruta Nacional N\u00b0 226.<\/li>\n\n\n\n<li>Bloque de Concejales Estudiantiles del Bloque E.E.S. N\u00b0 3 \u201cFlorentino Ameghino\u201d-Chillar elevaron proyecto de Ordenanza relacionado con la regulaci\u00f3n sobre el control de perros callejeros, vagabundos, abandonados o sin control.<\/li>\n\n\n\n<li>Bloque de Concejales Estudiantiles del Bloque E.E.S. N\u00b0 12-Anexo 3.121 elevaron proyecto de Comunicaci\u00f3n relacionado con la preocupaci\u00f3n por el acceso al transporte p\u00fablico en el sector de la mencionada instituci\u00f3n y la E.P. N\u00b0 26.\u00a0<\/li>\n\n\n\n<li>Bloque de Concejales Estudiantiles del Bloque Instituto Sagrada Familia elevan proyecto de Comunicaci\u00f3n relacionado con la importaci\u00f3n, distribuci\u00f3n, comercializaci\u00f3n y publicidad de cigarrillos electr\u00f3nicos, sus accesorios y l\u00edquidos con nicotina.<\/li>\n\n\n\n<li>Bloque de Concejales Estudiantiles del Bloque E.E.S. N\u00b0 1 \u201cElisa V. De Ramongassie2 elevaron proyecto de Resoluci\u00f3n relacionado con la carencia y necesidad de profesionales de salud mental en las escuelas de nuestro Partido.<\/li>\n\n\n\n<li>Bloque de Concejales Estudiantiles del Bloque E.E.S. N\u00b0 11 eleva proyecto de Comunicaci\u00f3n relacionado con el estado de deterioro de las calles de tierra del barrio Del Carmen de nuestra ciudad.<\/li>\n<\/ol>\n","protected":false},"excerpt":{"rendered":"<p>Se llevar\u00e1 a cabo, este jueves a partir de las 9, la primera Sesi\u00f3n de los Estudiantes con la participaci\u00f3n de 14 instituciones educativas del partido de Azul. La misma se enmarca en la Ordenanza N\u00b0 3.750 del 2015 y sus modificatorias que refiere a la adhesi\u00f3n al Programa Nacional de Concejos Deliberantes Estudiantiles, creado [&hellip;]<\/p>\n","protected":false},"author":2,"featured_media":3366,"comment_status":"open","ping_status":"open","sticky":false,"template":"","format":"standard","meta":{"tdm_status":"","tdm_grid_status":"","footnotes":""},"categories":[7],"tags":[],"class_list":{"0":"post-3365","1":"post","2":"type-post","3":"status-publish","4":"format-standard","5":"has-post-thumbnail","7":"category-noticias"},"yoast_head":"<!-- This site is optimized with the Yoast SEO plugin v27.3 - https:\/\/yoast.com\/product\/yoast-seo-wordpress\/ -->\n<title>Concejo de los y las Estudiantes - Concejo deliberante de Azul<\/title>\n<meta name=\"robots\" content=\"index, follow, max-snippet:-1, max-image-preview:large, max-video-preview:-1\" \/>\n<link rel=\"canonical\" href=\"http:\/\/concejodeliberantedeazul.gob.ar\/index.php\/2025\/06\/25\/concejo-de-los-y-las-estudiantes-3\/\" \/>\n<meta property=\"og:locale\" content=\"es_ES\" \/>\n<meta property=\"og:type\" content=\"article\" \/>\n<meta property=\"og:title\" content=\"Concejo de los y las Estudiantes - Concejo deliberante de Azul\" \/>\n<meta property=\"og:description\" content=\"Se llevar\u00e1 a cabo, este jueves a partir de las 9, la primera Sesi\u00f3n de los Estudiantes con la participaci\u00f3n de 14 instituciones educativas del partido de Azul. La misma se enmarca en la Ordenanza N\u00b0 3.750 del 2015 y sus modificatorias que refiere a la adhesi\u00f3n al Programa Nacional de Concejos Deliberantes Estudiantiles, creado [&hellip;]\" \/>\n<meta property=\"og:url\" content=\"http:\/\/concejodeliberantedeazul.gob.ar\/index.php\/2025\/06\/25\/concejo-de-los-y-las-estudiantes-3\/\" \/>\n<meta property=\"og:site_name\" content=\"Concejo deliberante de Azul\" \/>\n<meta property=\"article:published_time\" content=\"2025-06-25T12:50:04+00:00\" \/>\n<meta property=\"article:modified_time\" content=\"2025-06-25T12:50:40+00:00\" \/>\n<meta property=\"og:image\" content=\"http:\/\/concejodeliberantedeazul.gob.ar\/wp-content\/uploads\/2025\/06\/Sesion-Estudiantes.jpg\" \/>\n\t<meta property=\"og:image:width\" content=\"2048\" \/>\n\t<meta property=\"og:image:height\" content=\"1936\" \/>\n\t<meta property=\"og:image:type\" content=\"image\/jpeg\" \/>\n<meta name=\"author\" content=\"Concejo Deliberante Azul\" \/>\n<meta name=\"twitter:card\" content=\"summary_large_image\" \/>\n<meta name=\"twitter:label1\" content=\"Escrito por\" \/>\n\t<meta name=\"twitter:data1\" content=\"Concejo Deliberante Azul\" \/>\n\t<meta name=\"twitter:label2\" content=\"Tiempo de lectura\" \/>\n\t<meta name=\"twitter:data2\" content=\"3 minutos\" \/>\n<script type=\"application\/ld+json\" class=\"yoast-schema-graph\">{\"@context\":\"https:\\\/\\\/schema.org\",\"@graph\":[{\"@type\":\"Article\",\"@id\":\"http:\\\/\\\/concejodeliberantedeazul.gob.ar\\\/index.php\\\/2025\\\/06\\\/25\\\/concejo-de-los-y-las-estudiantes-3\\\/#article\",\"isPartOf\":{\"@id\":\"http:\\\/\\\/concejodeliberantedeazul.gob.ar\\\/index.php\\\/2025\\\/06\\\/25\\\/concejo-de-los-y-las-estudiantes-3\\\/\"},\"author\":{\"name\":\"Concejo Deliberante Azul\",\"@id\":\"http:\\\/\\\/concejodeliberantedeazul.gob.ar\\\/#\\\/schema\\\/person\\\/65fd6514aee7c29f008fc53b206198fe\"},\"headline\":\"Concejo de los y las Estudiantes\",\"datePublished\":\"2025-06-25T12:50:04+00:00\",\"dateModified\":\"2025-06-25T12:50:40+00:00\",\"mainEntityOfPage\":{\"@id\":\"http:\\\/\\\/concejodeliberantedeazul.gob.ar\\\/index.php\\\/2025\\\/06\\\/25\\\/concejo-de-los-y-las-estudiantes-3\\\/\"},\"wordCount\":619,\"commentCount\":0,\"image\":{\"@id\":\"http:\\\/\\\/concejodeliberantedeazul.gob.ar\\\/index.php\\\/2025\\\/06\\\/25\\\/concejo-de-los-y-las-estudiantes-3\\\/#primaryimage\"},\"thumbnailUrl\":\"http:\\\/\\\/concejodeliberantedeazul.gob.ar\\\/wp-content\\\/uploads\\\/2025\\\/06\\\/Sesion-Estudiantes.jpg\",\"articleSection\":[\"Noticias\"],\"inLanguage\":\"es-AR\",\"potentialAction\":[{\"@type\":\"CommentAction\",\"name\":\"Comment\",\"target\":[\"http:\\\/\\\/concejodeliberantedeazul.gob.ar\\\/index.php\\\/2025\\\/06\\\/25\\\/concejo-de-los-y-las-estudiantes-3\\\/#respond\"]}]},{\"@type\":\"WebPage\",\"@id\":\"http:\\\/\\\/concejodeliberantedeazul.gob.ar\\\/index.php\\\/2025\\\/06\\\/25\\\/concejo-de-los-y-las-estudiantes-3\\\/\",\"url\":\"http:\\\/\\\/concejodeliberantedeazul.gob.ar\\\/index.php\\\/2025\\\/06\\\/25\\\/concejo-de-los-y-las-estudiantes-3\\\/\",\"name\":\"Concejo de los y las Estudiantes - Concejo deliberante de Azul\",\"isPartOf\":{\"@id\":\"http:\\\/\\\/concejodeliberantedeazul.gob.ar\\\/#website\"},\"primaryImageOfPage\":{\"@id\":\"http:\\\/\\\/concejodeliberantedeazul.gob.ar\\\/index.php\\\/2025\\\/06\\\/25\\\/concejo-de-los-y-las-estudiantes-3\\\/#primaryimage\"},\"image\":{\"@id\":\"http:\\\/\\\/concejodeliberantedeazul.gob.ar\\\/index.php\\\/2025\\\/06\\\/25\\\/concejo-de-los-y-las-estudiantes-3\\\/#primaryimage\"},\"thumbnailUrl\":\"http:\\\/\\\/concejodeliberantedeazul.gob.ar\\\/wp-content\\\/uploads\\\/2025\\\/06\\\/Sesion-Estudiantes.jpg\",\"datePublished\":\"2025-06-25T12:50:04+00:00\",\"dateModified\":\"2025-06-25T12:50:40+00:00\",\"author\":{\"@id\":\"http:\\\/\\\/concejodeliberantedeazul.gob.ar\\\/#\\\/schema\\\/person\\\/65fd6514aee7c29f008fc53b206198fe\"},\"breadcrumb\":{\"@id\":\"http:\\\/\\\/concejodeliberantedeazul.gob.ar\\\/index.php\\\/2025\\\/06\\\/25\\\/concejo-de-los-y-las-estudiantes-3\\\/#breadcrumb\"},\"inLanguage\":\"es-AR\",\"potentialAction\":[{\"@type\":\"ReadAction\",\"target\":[\"http:\\\/\\\/concejodeliberantedeazul.gob.ar\\\/index.php\\\/2025\\\/06\\\/25\\\/concejo-de-los-y-las-estudiantes-3\\\/\"]}]},{\"@type\":\"ImageObject\",\"inLanguage\":\"es-AR\",\"@id\":\"http:\\\/\\\/concejodeliberantedeazul.gob.ar\\\/index.php\\\/2025\\\/06\\\/25\\\/concejo-de-los-y-las-estudiantes-3\\\/#primaryimage\",\"url\":\"http:\\\/\\\/concejodeliberantedeazul.gob.ar\\\/wp-content\\\/uploads\\\/2025\\\/06\\\/Sesion-Estudiantes.jpg\",\"contentUrl\":\"http:\\\/\\\/concejodeliberantedeazul.gob.ar\\\/wp-content\\\/uploads\\\/2025\\\/06\\\/Sesion-Estudiantes.jpg\",\"width\":2048,\"height\":1936},{\"@type\":\"BreadcrumbList\",\"@id\":\"http:\\\/\\\/concejodeliberantedeazul.gob.ar\\\/index.php\\\/2025\\\/06\\\/25\\\/concejo-de-los-y-las-estudiantes-3\\\/#breadcrumb\",\"itemListElement\":[{\"@type\":\"ListItem\",\"position\":1,\"name\":\"Inicio\",\"item\":\"https:\\\/\\\/concejodeliberantedeazul.gob.ar\\\/\"},{\"@type\":\"ListItem\",\"position\":2,\"name\":\"Concejo de los y las Estudiantes\"}]},{\"@type\":\"WebSite\",\"@id\":\"http:\\\/\\\/concejodeliberantedeazul.gob.ar\\\/#website\",\"url\":\"http:\\\/\\\/concejodeliberantedeazul.gob.ar\\\/\",\"name\":\"Concejo deliberante de Azul\",\"description\":\"Sitio Web Oficial del Concejo Deliberante de Azul, Prov. de Buenos Aires - Conformado por 18 concejales de todo el partido.\",\"potentialAction\":[{\"@type\":\"SearchAction\",\"target\":{\"@type\":\"EntryPoint\",\"urlTemplate\":\"http:\\\/\\\/concejodeliberantedeazul.gob.ar\\\/?s={search_term_string}\"},\"query-input\":{\"@type\":\"PropertyValueSpecification\",\"valueRequired\":true,\"valueName\":\"search_term_string\"}}],\"inLanguage\":\"es-AR\"},{\"@type\":\"Person\",\"@id\":\"http:\\\/\\\/concejodeliberantedeazul.gob.ar\\\/#\\\/schema\\\/person\\\/65fd6514aee7c29f008fc53b206198fe\",\"name\":\"Concejo Deliberante Azul\",\"image\":{\"@type\":\"ImageObject\",\"inLanguage\":\"es-AR\",\"@id\":\"https:\\\/\\\/secure.gravatar.com\\\/avatar\\\/30d9ae907861b897be87a25469982f0cfbce09947e0998bf7d9d0ecab450fb85?s=96&d=mm&r=g\",\"url\":\"https:\\\/\\\/secure.gravatar.com\\\/avatar\\\/30d9ae907861b897be87a25469982f0cfbce09947e0998bf7d9d0ecab450fb85?s=96&d=mm&r=g\",\"contentUrl\":\"https:\\\/\\\/secure.gravatar.com\\\/avatar\\\/30d9ae907861b897be87a25469982f0cfbce09947e0998bf7d9d0ecab450fb85?s=96&d=mm&r=g\",\"caption\":\"Concejo Deliberante Azul\"},\"url\":\"http:\\\/\\\/concejodeliberantedeazul.gob.ar\\\/index.php\\\/author\\\/concejo\\\/\"}]}<\/script>\n<!-- \/ Yoast SEO plugin. -->","yoast_head_json":{"title":"Concejo de los y las Estudiantes - Concejo deliberante de Azul","robots":{"index":"index","follow":"follow","max-snippet":"max-snippet:-1","max-image-preview":"max-image-preview:large","max-video-preview":"max-video-preview:-1"},"canonical":"http:\/\/concejodeliberantedeazul.gob.ar\/index.php\/2025\/06\/25\/concejo-de-los-y-las-estudiantes-3\/","og_locale":"es_ES","og_type":"article","og_title":"Concejo de los y las Estudiantes - Concejo deliberante de Azul","og_description":"Se llevar\u00e1 a cabo, este jueves a partir de las 9, la primera Sesi\u00f3n de los Estudiantes con la participaci\u00f3n de 14 instituciones educativas del partido de Azul. La misma se enmarca en la Ordenanza N\u00b0 3.750 del 2015 y sus modificatorias que refiere a la adhesi\u00f3n al Programa Nacional de Concejos Deliberantes Estudiantiles, creado [&hellip;]","og_url":"http:\/\/concejodeliberantedeazul.gob.ar\/index.php\/2025\/06\/25\/concejo-de-los-y-las-estudiantes-3\/","og_site_name":"Concejo deliberante de Azul","article_published_time":"2025-06-25T12:50:04+00:00","article_modified_time":"2025-06-25T12:50:40+00:00","og_image":[{"width":2048,"height":1936,"url":"http:\/\/concejodeliberantedeazul.gob.ar\/wp-content\/uploads\/2025\/06\/Sesion-Estudiantes.jpg","type":"image\/jpeg"}],"author":"Concejo Deliberante Azul","twitter_card":"summary_large_image","twitter_misc":{"Escrito por":"Concejo Deliberante Azul","Tiempo de lectura":"3 minutos"},"schema":{"@context":"https:\/\/schema.org","@graph":[{"@type":"Article","@id":"http:\/\/concejodeliberantedeazul.gob.ar\/index.php\/2025\/06\/25\/concejo-de-los-y-las-estudiantes-3\/#article","isPartOf":{"@id":"http:\/\/concejodeliberantedeazul.gob.ar\/index.php\/2025\/06\/25\/concejo-de-los-y-las-estudiantes-3\/"},"author":{"name":"Concejo Deliberante Azul","@id":"http:\/\/concejodeliberantedeazul.gob.ar\/#\/schema\/person\/65fd6514aee7c29f008fc53b206198fe"},"headline":"Concejo de los y las Estudiantes","datePublished":"2025-06-25T12:50:04+00:00","dateModified":"2025-06-25T12:50:40+00:00","mainEntityOfPage":{"@id":"http:\/\/concejodeliberantedeazul.gob.ar\/index.php\/2025\/06\/25\/concejo-de-los-y-las-estudiantes-3\/"},"wordCount":619,"commentCount":0,"image":{"@id":"http:\/\/concejodeliberantedeazul.gob.ar\/index.php\/2025\/06\/25\/concejo-de-los-y-las-estudiantes-3\/#primaryimage"},"thumbnailUrl":"http:\/\/concejodeliberantedeazul.gob.ar\/wp-content\/uploads\/2025\/06\/Sesion-Estudiantes.jpg","articleSection":["Noticias"],"inLanguage":"es-AR","potentialAction":[{"@type":"CommentAction","name":"Comment","target":["http:\/\/concejodeliberantedeazul.gob.ar\/index.php\/2025\/06\/25\/concejo-de-los-y-las-estudiantes-3\/#respond"]}]},{"@type":"WebPage","@id":"http:\/\/concejodeliberantedeazul.gob.ar\/index.php\/2025\/06\/25\/concejo-de-los-y-las-estudiantes-3\/","url":"http:\/\/concejodeliberantedeazul.gob.ar\/index.php\/2025\/06\/25\/concejo-de-los-y-las-estudiantes-3\/","name":"Concejo de los y las Estudiantes - Concejo deliberante de Azul","isPartOf":{"@id":"http:\/\/concejodeliberantedeazul.gob.ar\/#website"},"primaryImageOfPage":{"@id":"http:\/\/concejodeliberantedeazul.gob.ar\/index.php\/2025\/06\/25\/concejo-de-los-y-las-estudiantes-3\/#primaryimage"},"image":{"@id":"http:\/\/concejodeliberantedeazul.gob.ar\/index.php\/2025\/06\/25\/concejo-de-los-y-las-estudiantes-3\/#primaryimage"},"thumbnailUrl":"http:\/\/concejodeliberantedeazul.gob.ar\/wp-content\/uploads\/2025\/06\/Sesion-Estudiantes.jpg","datePublished":"2025-06-25T12:50:04+00:00","dateModified":"2025-06-25T12:50:40+00:00","author":{"@id":"http:\/\/concejodeliberantedeazul.gob.ar\/#\/schema\/person\/65fd6514aee7c29f008fc53b206198fe"},"breadcrumb":{"@id":"http:\/\/concejodeliberantedeazul.gob.ar\/index.php\/2025\/06\/25\/concejo-de-los-y-las-estudiantes-3\/#breadcrumb"},"inLanguage":"es-AR","potentialAction":[{"@type":"ReadAction","target":["http:\/\/concejodeliberantedeazul.gob.ar\/index.php\/2025\/06\/25\/concejo-de-los-y-las-estudiantes-3\/"]}]},{"@type":"ImageObject","inLanguage":"es-AR","@id":"http:\/\/concejodeliberantedeazul.gob.ar\/index.php\/2025\/06\/25\/concejo-de-los-y-las-estudiantes-3\/#primaryimage","url":"http:\/\/concejodeliberantedeazul.gob.ar\/wp-content\/uploads\/2025\/06\/Sesion-Estudiantes.jpg","contentUrl":"http:\/\/concejodeliberantedeazul.gob.ar\/wp-content\/uploads\/2025\/06\/Sesion-Estudiantes.jpg","width":2048,"height":1936},{"@type":"BreadcrumbList","@id":"http:\/\/concejodeliberantedeazul.gob.ar\/index.php\/2025\/06\/25\/concejo-de-los-y-las-estudiantes-3\/#breadcrumb","itemListElement":[{"@type":"ListItem","position":1,"name":"Inicio","item":"https:\/\/concejodeliberantedeazul.gob.ar\/"},{"@type":"ListItem","position":2,"name":"Concejo de los y las Estudiantes"}]},{"@type":"WebSite","@id":"http:\/\/concejodeliberantedeazul.gob.ar\/#website","url":"http:\/\/concejodeliberantedeazul.gob.ar\/","name":"Concejo deliberante de Azul","description":"Sitio Web Oficial del Concejo Deliberante de Azul, Prov. de Buenos Aires - Conformado por 18 concejales de todo el partido.","potentialAction":[{"@type":"SearchAction","target":{"@type":"EntryPoint","urlTemplate":"http:\/\/concejodeliberantedeazul.gob.ar\/?s={search_term_string}"},"query-input":{"@type":"PropertyValueSpecification","valueRequired":true,"valueName":"search_term_string"}}],"inLanguage":"es-AR"},{"@type":"Person","@id":"http:\/\/concejodeliberantedeazul.gob.ar\/#\/schema\/person\/65fd6514aee7c29f008fc53b206198fe","name":"Concejo Deliberante Azul","image":{"@type":"ImageObject","inLanguage":"es-AR","@id":"https:\/\/secure.gravatar.com\/avatar\/30d9ae907861b897be87a25469982f0cfbce09947e0998bf7d9d0ecab450fb85?s=96&d=mm&r=g","url":"https:\/\/secure.gravatar.com\/avatar\/30d9ae907861b897be87a25469982f0cfbce09947e0998bf7d9d0ecab450fb85?s=96&d=mm&r=g","contentUrl":"https:\/\/secure.gravatar.com\/avatar\/30d9ae907861b897be87a25469982f0cfbce09947e0998bf7d9d0ecab450fb85?s=96&d=mm&r=g","caption":"Concejo Deliberante Azul"},"url":"http:\/\/concejodeliberantedeazul.gob.ar\/index.php\/author\/concejo\/"}]}},"amp_enabled":true,"_links":{"self":[{"href":"http:\/\/concejodeliberantedeazul.gob.ar\/index.php\/wp-json\/wp\/v2\/posts\/3365","targetHints":{"allow":["GET"]}}],"collection":[{"href":"http:\/\/concejodeliberantedeazul.gob.ar\/index.php\/wp-json\/wp\/v2\/posts"}],"about":[{"href":"http:\/\/concejodeliberantedeazul.gob.ar\/index.php\/wp-json\/wp\/v2\/types\/post"}],"author":[{"embeddable":true,"href":"http:\/\/concejodeliberantedeazul.gob.ar\/index.php\/wp-json\/wp\/v2\/users\/2"}],"replies":[{"embeddable":true,"href":"http:\/\/concejodeliberantedeazul.gob.ar\/index.php\/wp-json\/wp\/v2\/comments?post=3365"}],"version-history":[{"count":1,"href":"http:\/\/concejodeliberantedeazul.gob.ar\/index.php\/wp-json\/wp\/v2\/posts\/3365\/revisions"}],"predecessor-version":[{"id":3367,"href":"http:\/\/concejodeliberantedeazul.gob.ar\/index.php\/wp-json\/wp\/v2\/posts\/3365\/revisions\/3367"}],"wp:featuredmedia":[{"embeddable":true,"href":"http:\/\/concejodeliberantedeazul.gob.ar\/index.php\/wp-json\/wp\/v2\/media\/3366"}],"wp:attachment":[{"href":"http:\/\/concejodeliberantedeazul.gob.ar\/index.php\/wp-json\/wp\/v2\/media?parent=3365"}],"wp:term":[{"taxonomy":"category","embeddable":true,"href":"http:\/\/concejodeliberantedeazul.gob.ar\/index.php\/wp-json\/wp\/v2\/categories?post=3365"},{"taxonomy":"post_tag","embeddable":true,"href":"http:\/\/concejodeliberantedeazul.gob.ar\/index.php\/wp-json\/wp\/v2\/tags?post=3365"}],"curies":[{"name":"wp","href":"https:\/\/api.w.org\/{rel}","templated":true}]}}