{"id":3296,"date":"2025-04-14T10:58:49","date_gmt":"2025-04-14T13:58:49","guid":{"rendered":"http:\/\/concejodeliberantedeazul.gob.ar\/?p=3296"},"modified":"2025-04-14T10:58:51","modified_gmt":"2025-04-14T13:58:51","slug":"cuarta-sesion-ordinaria-5","status":"publish","type":"post","link":"http:\/\/concejodeliberantedeazul.gob.ar\/index.php\/2025\/04\/14\/cuarta-sesion-ordinaria-5\/","title":{"rendered":"Cuarta Sesi\u00f3n Ordinaria"},"content":{"rendered":"\n<p>Este martes, a partir de las 18, se llevar\u00e1 a cabo en el recinto del Concejo Deliberante la Cuarta Sesi\u00f3n Ordinaria, ejercicio 2025.<\/p>\n\n\n\n<p>Los Concejales dar\u00e1n tratamiento a un Orden del D\u00eda compuesto por m\u00e1s de 20 puntos entre los que se destacan proyectos de los diferentes bloques pol\u00edticos, despachos de las Comisiones Permanentes, expedientes elevados por el Intendente y notas recibidas de vecinos e instituciones.<\/p>\n\n\n\n<ol class=\"wp-block-list\">\n<li>Lectura de Notas Recibidas.<\/li>\n<\/ol>\n\n\n\n<p><strong>Expediente elevado por el Intendente Municipal:<\/strong><\/p>\n\n\n\n<ul class=\"wp-block-list\">\n<li>Elev\u00f3 actuaciones iniciadas por la Direcci\u00f3n de Planeamiento Urbano y Ordenamiento Territorial, con proyecto de Ordenanza referido a convocar a Registro P\u00fablico de Ofertas para la Concesi\u00f3n de Uso y Explotaci\u00f3n del Sector de Confiter\u00eda del Parque Municipal \u201cDomingo Faustino Sarmiento\u201d de Azul; y aprobar el Pliego de Bases y Condiciones y su Anexo.<\/li>\n<\/ul>\n\n\n\n<p><strong>Despachos de las diferentes Comisiones:<\/strong><\/p>\n\n\n\n<ul class=\"wp-block-list\">\n<li>Despachos De Las Comisiones De Presupuesto Y Hacienda Y De Interpretaci\u00f3n, Legislaci\u00f3n Y Seguridad P\u00fablica, aconsejando la aprobaci\u00f3n del proyecto de Ordenanza ref. Convalidar el Decreto N\u00b0 319\/2025, mediante el cual el Departamento Ejecutivo aprobara la Licitaci\u00f3n Privada N\u00b0 7\/2025 para la adquisici\u00f3n de dos autom\u00f3viles para reforzar la creciente demanda en las \u00e1reas de Desarrollo de la Comunidad y Salud; y adjudicara al proveedor Hauswagen Olavarr\u00eda S.A.<\/li>\n\n\n\n<li>Despachos De Las Comisiones De Presupuesto Y Hacienda Y De Interpretaci\u00f3n, Legislaci\u00f3n Y Seguridad P\u00fablica, aconsejando el archivo de las presentes actuaciones (INTENDENTE MUNICIPAL. Eleva actuaciones, en respuesta a la Comunicaci\u00f3n N\u00b0 2.610\/2023 que solicitaba informaci\u00f3n sobre flujo de fondos y plan de convergencia econ\u00f3mico-financiera municipal, adjuntando proyecto de Ordenanza que modifica art\u00edculos de la Ordenanza N\u00b0 4.796\/2022-Impositiva vigente).<\/li>\n\n\n\n<li>Despacho De La Comisi\u00f3n De Presupuesto Y Hacienda, aconsejando el archivo de las presentes actuaciones (VECINO ROGELIO LUIS GARC\u00cdA CADENAS. Eleva nota planteando su problem\u00e1tica respecto al incremento de tasas vigente).<\/li>\n<\/ul>\n\n\n\n<p><strong>Proyectos de los diferentes bloques:<\/strong><\/p>\n\n\n\n<ul class=\"wp-block-list\">\n<li>Bloque U.C.R. Azul elev\u00f3 proyecto de Comunicaci\u00f3n relacionado con el trayecto sin asfaltar en avenida Mujica, desde avenida Rep\u00fablica de Italia a Ruta Provincial N\u00b0 51.<\/li>\n\n\n\n<li>Bloque U.C.R. Azul elev\u00f3 proyecto de Ordenanza referido a modificar Ordenanza N\u00b0 674\/1988 que crea el Fondo Municipal de la Vivienda.<\/li>\n\n\n\n<li>Bloque Gen Azul elev\u00f3 proyecto de Resoluci\u00f3n referido a encomendar al se\u00f1or Intendente Municipal que promueva las gestiones pertinentes para la obtenci\u00f3n de un predio, a los fines de trasladar el Corral\u00f3n Municipal y la ampliaci\u00f3n del actual Parque Camping de la localidad de Cachar\u00ed.<\/li>\n\n\n\n<li>Bloque U.C.R. Azul elev\u00f3 proyecto de Comunicaci\u00f3n relacionado con la Ordenanza N\u00b0 1.314\/1994 y sus modificatorias, de Conservaci\u00f3n del Patrimonio Cultural, Hist\u00f3rico, Tur\u00edstico y Arquitect\u00f3nico del partido de Azul.<\/li>\n\n\n\n<li>Bloques U.C.R. y U.C.R. Azul elevaron proyecto de Resoluci\u00f3n referido a instar a la Honorable C\u00e1mara de Diputados de la PBA el urgente tratamiento del Expte. D-3848\/24-25, que establece la autarqu\u00eda presupuestaria del IOMA.<\/li>\n\n\n\n<li>Concejales del partido de Azul elevaron proyecto de Resoluci\u00f3n referido a manifestar el en\u00e9rgico rechazo a la declaraci\u00f3n de \u201cinnecesaridad\u201d de la Unidad Tur\u00edstica de Chapadmalal y a cualquier intento de privatizaci\u00f3n o desmantelamiento de su funci\u00f3n social. \u00a0<\/li>\n\n\n\n<li>Concejales del partido de Azul elevaron proyecto de Resoluci\u00f3n relacionado con la participaci\u00f3n y el desempe\u00f1o del equipo masculino de Azul V\u00f3ley Club-Primera Divisi\u00f3n en \u201cLa Copa de Campeones\u201d, disputada en Tacuaremb\u00f3-Uruguay.<\/li>\n\n\n\n<li>Concejales del partido de Azul elevaron proyecto de Ordenanza referido a declarar de Inter\u00e9s Patrimonial, Arquitect\u00f3nico. Cultural, Tur\u00edstico e Hist\u00f3ricos diferentes obras y planos del Ingeniero Arquitecto Francisco Salamone en el partido de Azul; y derogar la Ordenanza N\u00b0 2.498\/2006.<\/li>\n\n\n\n<li>Concejales del partido de Azul elevaron proyecto de Resoluci\u00f3n referido a declarar de Inter\u00e9s Cultural, Tur\u00edstico y Comunitario el proyecto \u201cPASAPORTE SALAM\u00d3NICO BONAERENSE\u201d.\u00a0<\/li>\n\n\n\n<li>Concejales del partido de Azul elevaron proyecto de Ordenanza referido a denominar a los Juzgados de Faltas del partido de Azul como \u201cJuzgado de Faltas y de Consumo N\u00b0 1 y Juzgado de Faltas y de Consumo N\u00b0 2\u201d.<\/li>\n\n\n\n<li>Bloque La Libertad Avanza elev\u00f3 proyecto de Comunicaci\u00f3n relacionado con los fondos enviados por la Subsecretar\u00eda de Integraci\u00f3n Socio Urbana (SISU) para la finalizaci\u00f3n de la obra \u201cProyecto de Integraci\u00f3n Socio Urbana en Villa Piazza Sur\u201d.<\/li>\n<\/ul>\n\n\n\n<p><strong>Notas recibidas:<\/strong><\/p>\n\n\n\n<ol class=\"wp-block-list\">\n<li>Centro de Ingenieros elev\u00f3 nota relacionada con la problem\u00e1tica suscitada a ra\u00edz de los aumentos en los valores de los Derechos de Construcci\u00f3n regulados en la Ordenanza Impositiva 2025.<\/li>\n\n\n\n<li>Vecino Rusiecki.Eleva notas con propuestas para consideraci\u00f3n del Cuerpo.<\/li>\n<\/ol>\n\n\n\n<p><strong>Respuestas a expedientes<\/strong><\/p>\n\n\n\n<ul class=\"wp-block-list\">\n<li>Respuesta del Departamento Ejecutivo a la Comunicaci\u00f3n N\u00ba 2.786\/2025,mediante la cual se le solicitaba informaci\u00f3n relacionada con el \u201cPrograma Municipal de Cuidado Integral de Ni\u00f1os, Ni\u00f1as y Adolescentes con C\u00e1ncer del Partido de Azul\u201d estableci\u00f3 por la Ordenanza N\u00b0 4.846<strong>.<\/strong><\/li>\n\n\n\n<li>Respuesta del Departamento Ejecutivo a la Resoluci\u00f3n N\u00ba 5.068\/2025<strong>, <\/strong>mediante la cual se citaba al Subsecretario de Legal y T\u00e9cnica del Municipio, a fin de obtener informaci\u00f3n detallada de la situaci\u00f3n actual de la CEAL.<\/li>\n\n\n\n<li>Respuesta de la CEAL a la Resoluci\u00f3n N\u00ba 5.068\/2025,mediante la cual se citaba a integrantes del Consejo de Administraci\u00f3n de la Cooperativa, a fin de obtener informaci\u00f3n detallada de la situaci\u00f3n actual de la misma.<\/li>\n\n\n\n<li>Respuesta del Departamento Ejecutivo a la Resoluci\u00f3n N\u00ba 5.061\/2025,mediante la cual se le giraban actuaciones referidas a la colocaci\u00f3n de luminarias de alumbrado p\u00fablico en la calle Bermay entre San Carlos y De las Cautivas \u2013 Barrio El Sol.<\/li>\n<\/ul>\n\n\n\n<p><strong><u>Informes<\/u><\/strong><\/p>\n\n\n\n<ul class=\"wp-block-list\">\n<li>Informe de Secretar\u00eda en cumplimiento con el Art. 15\u00b0 inc. w) del Reglamento Interno, sobre Comunicaciones y Resoluciones.<\/li>\n<\/ul>\n\n\n\n<p><strong><u>Disposiciones de otros concejos<\/u><\/strong><\/p>\n\n\n\n<ul class=\"wp-block-list\">\n<li>Resoluci\u00f3n N\u00ba 02\/2025. H.C.D. Florencio Varela.Mediante la cual se\u00a0manifiesta repudio por el cierre del Instituto Nacional del C\u00e1ncer y se solicita al Gobierno Nacional que retrotraiga la medida.<\/li>\n<\/ul>\n\n\n\n<p><\/p>\n","protected":false},"excerpt":{"rendered":"<p>Este martes, a partir de las 18, se llevar\u00e1 a cabo en el recinto del Concejo Deliberante la Cuarta Sesi\u00f3n Ordinaria, ejercicio 2025. Los Concejales dar\u00e1n tratamiento a un Orden del D\u00eda compuesto por m\u00e1s de 20 puntos entre los que se destacan proyectos de los diferentes bloques pol\u00edticos, despachos de las Comisiones Permanentes, expedientes [&hellip;]<\/p>\n","protected":false},"author":2,"featured_media":3282,"comment_status":"open","ping_status":"open","sticky":false,"template":"","format":"standard","meta":{"tdm_status":"","tdm_grid_status":"","footnotes":""},"categories":[7],"tags":[],"class_list":{"0":"post-3296","1":"post","2":"type-post","3":"status-publish","4":"format-standard","5":"has-post-thumbnail","7":"category-noticias"},"yoast_head":"<!-- This site is optimized with the Yoast SEO plugin v27.3 - https:\/\/yoast.com\/product\/yoast-seo-wordpress\/ -->\n<title>Cuarta Sesi\u00f3n Ordinaria - Concejo deliberante de Azul<\/title>\n<meta name=\"robots\" content=\"index, follow, max-snippet:-1, max-image-preview:large, max-video-preview:-1\" \/>\n<link rel=\"canonical\" href=\"http:\/\/concejodeliberantedeazul.gob.ar\/index.php\/2025\/04\/14\/cuarta-sesion-ordinaria-5\/\" \/>\n<meta property=\"og:locale\" content=\"es_ES\" \/>\n<meta property=\"og:type\" content=\"article\" \/>\n<meta property=\"og:title\" content=\"Cuarta Sesi\u00f3n Ordinaria - Concejo deliberante de Azul\" \/>\n<meta property=\"og:description\" content=\"Este martes, a partir de las 18, se llevar\u00e1 a cabo en el recinto del Concejo Deliberante la Cuarta Sesi\u00f3n Ordinaria, ejercicio 2025. Los Concejales dar\u00e1n tratamiento a un Orden del D\u00eda compuesto por m\u00e1s de 20 puntos entre los que se destacan proyectos de los diferentes bloques pol\u00edticos, despachos de las Comisiones Permanentes, expedientes [&hellip;]\" \/>\n<meta property=\"og:url\" content=\"http:\/\/concejodeliberantedeazul.gob.ar\/index.php\/2025\/04\/14\/cuarta-sesion-ordinaria-5\/\" \/>\n<meta property=\"og:site_name\" content=\"Concejo deliberante de Azul\" \/>\n<meta property=\"article:published_time\" content=\"2025-04-14T13:58:49+00:00\" \/>\n<meta property=\"article:modified_time\" content=\"2025-04-14T13:58:51+00:00\" \/>\n<meta property=\"og:image\" content=\"http:\/\/concejodeliberantedeazul.gob.ar\/wp-content\/uploads\/2025\/04\/Sesion-004-01-04-25-Foto-Hector-Garcia.jpg\" \/>\n\t<meta property=\"og:image:width\" content=\"1913\" \/>\n\t<meta property=\"og:image:height\" content=\"1238\" \/>\n\t<meta property=\"og:image:type\" content=\"image\/jpeg\" \/>\n<meta name=\"author\" content=\"Concejo Deliberante Azul\" \/>\n<meta name=\"twitter:card\" content=\"summary_large_image\" \/>\n<meta name=\"twitter:label1\" content=\"Escrito por\" \/>\n\t<meta name=\"twitter:data1\" content=\"Concejo Deliberante Azul\" \/>\n\t<meta name=\"twitter:label2\" content=\"Tiempo de lectura\" \/>\n\t<meta name=\"twitter:data2\" content=\"5 minutos\" \/>\n<script type=\"application\/ld+json\" class=\"yoast-schema-graph\">{\"@context\":\"https:\\\/\\\/schema.org\",\"@graph\":[{\"@type\":\"Article\",\"@id\":\"http:\\\/\\\/concejodeliberantedeazul.gob.ar\\\/index.php\\\/2025\\\/04\\\/14\\\/cuarta-sesion-ordinaria-5\\\/#article\",\"isPartOf\":{\"@id\":\"http:\\\/\\\/concejodeliberantedeazul.gob.ar\\\/index.php\\\/2025\\\/04\\\/14\\\/cuarta-sesion-ordinaria-5\\\/\"},\"author\":{\"name\":\"Concejo Deliberante Azul\",\"@id\":\"http:\\\/\\\/concejodeliberantedeazul.gob.ar\\\/#\\\/schema\\\/person\\\/65fd6514aee7c29f008fc53b206198fe\"},\"headline\":\"Cuarta Sesi\u00f3n Ordinaria\",\"datePublished\":\"2025-04-14T13:58:49+00:00\",\"dateModified\":\"2025-04-14T13:58:51+00:00\",\"mainEntityOfPage\":{\"@id\":\"http:\\\/\\\/concejodeliberantedeazul.gob.ar\\\/index.php\\\/2025\\\/04\\\/14\\\/cuarta-sesion-ordinaria-5\\\/\"},\"wordCount\":998,\"commentCount\":0,\"image\":{\"@id\":\"http:\\\/\\\/concejodeliberantedeazul.gob.ar\\\/index.php\\\/2025\\\/04\\\/14\\\/cuarta-sesion-ordinaria-5\\\/#primaryimage\"},\"thumbnailUrl\":\"http:\\\/\\\/concejodeliberantedeazul.gob.ar\\\/wp-content\\\/uploads\\\/2025\\\/04\\\/Sesion-004-01-04-25-Foto-Hector-Garcia.jpg\",\"articleSection\":[\"Noticias\"],\"inLanguage\":\"es-AR\",\"potentialAction\":[{\"@type\":\"CommentAction\",\"name\":\"Comment\",\"target\":[\"http:\\\/\\\/concejodeliberantedeazul.gob.ar\\\/index.php\\\/2025\\\/04\\\/14\\\/cuarta-sesion-ordinaria-5\\\/#respond\"]}]},{\"@type\":\"WebPage\",\"@id\":\"http:\\\/\\\/concejodeliberantedeazul.gob.ar\\\/index.php\\\/2025\\\/04\\\/14\\\/cuarta-sesion-ordinaria-5\\\/\",\"url\":\"http:\\\/\\\/concejodeliberantedeazul.gob.ar\\\/index.php\\\/2025\\\/04\\\/14\\\/cuarta-sesion-ordinaria-5\\\/\",\"name\":\"Cuarta Sesi\u00f3n Ordinaria - Concejo deliberante de Azul\",\"isPartOf\":{\"@id\":\"http:\\\/\\\/concejodeliberantedeazul.gob.ar\\\/#website\"},\"primaryImageOfPage\":{\"@id\":\"http:\\\/\\\/concejodeliberantedeazul.gob.ar\\\/index.php\\\/2025\\\/04\\\/14\\\/cuarta-sesion-ordinaria-5\\\/#primaryimage\"},\"image\":{\"@id\":\"http:\\\/\\\/concejodeliberantedeazul.gob.ar\\\/index.php\\\/2025\\\/04\\\/14\\\/cuarta-sesion-ordinaria-5\\\/#primaryimage\"},\"thumbnailUrl\":\"http:\\\/\\\/concejodeliberantedeazul.gob.ar\\\/wp-content\\\/uploads\\\/2025\\\/04\\\/Sesion-004-01-04-25-Foto-Hector-Garcia.jpg\",\"datePublished\":\"2025-04-14T13:58:49+00:00\",\"dateModified\":\"2025-04-14T13:58:51+00:00\",\"author\":{\"@id\":\"http:\\\/\\\/concejodeliberantedeazul.gob.ar\\\/#\\\/schema\\\/person\\\/65fd6514aee7c29f008fc53b206198fe\"},\"breadcrumb\":{\"@id\":\"http:\\\/\\\/concejodeliberantedeazul.gob.ar\\\/index.php\\\/2025\\\/04\\\/14\\\/cuarta-sesion-ordinaria-5\\\/#breadcrumb\"},\"inLanguage\":\"es-AR\",\"potentialAction\":[{\"@type\":\"ReadAction\",\"target\":[\"http:\\\/\\\/concejodeliberantedeazul.gob.ar\\\/index.php\\\/2025\\\/04\\\/14\\\/cuarta-sesion-ordinaria-5\\\/\"]}]},{\"@type\":\"ImageObject\",\"inLanguage\":\"es-AR\",\"@id\":\"http:\\\/\\\/concejodeliberantedeazul.gob.ar\\\/index.php\\\/2025\\\/04\\\/14\\\/cuarta-sesion-ordinaria-5\\\/#primaryimage\",\"url\":\"http:\\\/\\\/concejodeliberantedeazul.gob.ar\\\/wp-content\\\/uploads\\\/2025\\\/04\\\/Sesion-004-01-04-25-Foto-Hector-Garcia.jpg\",\"contentUrl\":\"http:\\\/\\\/concejodeliberantedeazul.gob.ar\\\/wp-content\\\/uploads\\\/2025\\\/04\\\/Sesion-004-01-04-25-Foto-Hector-Garcia.jpg\",\"width\":1913,\"height\":1238},{\"@type\":\"BreadcrumbList\",\"@id\":\"http:\\\/\\\/concejodeliberantedeazul.gob.ar\\\/index.php\\\/2025\\\/04\\\/14\\\/cuarta-sesion-ordinaria-5\\\/#breadcrumb\",\"itemListElement\":[{\"@type\":\"ListItem\",\"position\":1,\"name\":\"Inicio\",\"item\":\"https:\\\/\\\/concejodeliberantedeazul.gob.ar\\\/\"},{\"@type\":\"ListItem\",\"position\":2,\"name\":\"Cuarta Sesi\u00f3n Ordinaria\"}]},{\"@type\":\"WebSite\",\"@id\":\"http:\\\/\\\/concejodeliberantedeazul.gob.ar\\\/#website\",\"url\":\"http:\\\/\\\/concejodeliberantedeazul.gob.ar\\\/\",\"name\":\"Concejo deliberante de Azul\",\"description\":\"Sitio Web Oficial del Concejo Deliberante de Azul, Prov. de Buenos Aires - Conformado por 18 concejales de todo el partido.\",\"potentialAction\":[{\"@type\":\"SearchAction\",\"target\":{\"@type\":\"EntryPoint\",\"urlTemplate\":\"http:\\\/\\\/concejodeliberantedeazul.gob.ar\\\/?s={search_term_string}\"},\"query-input\":{\"@type\":\"PropertyValueSpecification\",\"valueRequired\":true,\"valueName\":\"search_term_string\"}}],\"inLanguage\":\"es-AR\"},{\"@type\":\"Person\",\"@id\":\"http:\\\/\\\/concejodeliberantedeazul.gob.ar\\\/#\\\/schema\\\/person\\\/65fd6514aee7c29f008fc53b206198fe\",\"name\":\"Concejo Deliberante Azul\",\"image\":{\"@type\":\"ImageObject\",\"inLanguage\":\"es-AR\",\"@id\":\"https:\\\/\\\/secure.gravatar.com\\\/avatar\\\/30d9ae907861b897be87a25469982f0cfbce09947e0998bf7d9d0ecab450fb85?s=96&d=mm&r=g\",\"url\":\"https:\\\/\\\/secure.gravatar.com\\\/avatar\\\/30d9ae907861b897be87a25469982f0cfbce09947e0998bf7d9d0ecab450fb85?s=96&d=mm&r=g\",\"contentUrl\":\"https:\\\/\\\/secure.gravatar.com\\\/avatar\\\/30d9ae907861b897be87a25469982f0cfbce09947e0998bf7d9d0ecab450fb85?s=96&d=mm&r=g\",\"caption\":\"Concejo Deliberante Azul\"},\"url\":\"http:\\\/\\\/concejodeliberantedeazul.gob.ar\\\/index.php\\\/author\\\/concejo\\\/\"}]}<\/script>\n<!-- \/ Yoast SEO plugin. -->","yoast_head_json":{"title":"Cuarta Sesi\u00f3n Ordinaria - Concejo deliberante de Azul","robots":{"index":"index","follow":"follow","max-snippet":"max-snippet:-1","max-image-preview":"max-image-preview:large","max-video-preview":"max-video-preview:-1"},"canonical":"http:\/\/concejodeliberantedeazul.gob.ar\/index.php\/2025\/04\/14\/cuarta-sesion-ordinaria-5\/","og_locale":"es_ES","og_type":"article","og_title":"Cuarta Sesi\u00f3n Ordinaria - Concejo deliberante de Azul","og_description":"Este martes, a partir de las 18, se llevar\u00e1 a cabo en el recinto del Concejo Deliberante la Cuarta Sesi\u00f3n Ordinaria, ejercicio 2025. Los Concejales dar\u00e1n tratamiento a un Orden del D\u00eda compuesto por m\u00e1s de 20 puntos entre los que se destacan proyectos de los diferentes bloques pol\u00edticos, despachos de las Comisiones Permanentes, expedientes [&hellip;]","og_url":"http:\/\/concejodeliberantedeazul.gob.ar\/index.php\/2025\/04\/14\/cuarta-sesion-ordinaria-5\/","og_site_name":"Concejo deliberante de Azul","article_published_time":"2025-04-14T13:58:49+00:00","article_modified_time":"2025-04-14T13:58:51+00:00","og_image":[{"width":1913,"height":1238,"url":"http:\/\/concejodeliberantedeazul.gob.ar\/wp-content\/uploads\/2025\/04\/Sesion-004-01-04-25-Foto-Hector-Garcia.jpg","type":"image\/jpeg"}],"author":"Concejo Deliberante Azul","twitter_card":"summary_large_image","twitter_misc":{"Escrito por":"Concejo Deliberante Azul","Tiempo de lectura":"5 minutos"},"schema":{"@context":"https:\/\/schema.org","@graph":[{"@type":"Article","@id":"http:\/\/concejodeliberantedeazul.gob.ar\/index.php\/2025\/04\/14\/cuarta-sesion-ordinaria-5\/#article","isPartOf":{"@id":"http:\/\/concejodeliberantedeazul.gob.ar\/index.php\/2025\/04\/14\/cuarta-sesion-ordinaria-5\/"},"author":{"name":"Concejo Deliberante Azul","@id":"http:\/\/concejodeliberantedeazul.gob.ar\/#\/schema\/person\/65fd6514aee7c29f008fc53b206198fe"},"headline":"Cuarta Sesi\u00f3n Ordinaria","datePublished":"2025-04-14T13:58:49+00:00","dateModified":"2025-04-14T13:58:51+00:00","mainEntityOfPage":{"@id":"http:\/\/concejodeliberantedeazul.gob.ar\/index.php\/2025\/04\/14\/cuarta-sesion-ordinaria-5\/"},"wordCount":998,"commentCount":0,"image":{"@id":"http:\/\/concejodeliberantedeazul.gob.ar\/index.php\/2025\/04\/14\/cuarta-sesion-ordinaria-5\/#primaryimage"},"thumbnailUrl":"http:\/\/concejodeliberantedeazul.gob.ar\/wp-content\/uploads\/2025\/04\/Sesion-004-01-04-25-Foto-Hector-Garcia.jpg","articleSection":["Noticias"],"inLanguage":"es-AR","potentialAction":[{"@type":"CommentAction","name":"Comment","target":["http:\/\/concejodeliberantedeazul.gob.ar\/index.php\/2025\/04\/14\/cuarta-sesion-ordinaria-5\/#respond"]}]},{"@type":"WebPage","@id":"http:\/\/concejodeliberantedeazul.gob.ar\/index.php\/2025\/04\/14\/cuarta-sesion-ordinaria-5\/","url":"http:\/\/concejodeliberantedeazul.gob.ar\/index.php\/2025\/04\/14\/cuarta-sesion-ordinaria-5\/","name":"Cuarta Sesi\u00f3n Ordinaria - Concejo deliberante de Azul","isPartOf":{"@id":"http:\/\/concejodeliberantedeazul.gob.ar\/#website"},"primaryImageOfPage":{"@id":"http:\/\/concejodeliberantedeazul.gob.ar\/index.php\/2025\/04\/14\/cuarta-sesion-ordinaria-5\/#primaryimage"},"image":{"@id":"http:\/\/concejodeliberantedeazul.gob.ar\/index.php\/2025\/04\/14\/cuarta-sesion-ordinaria-5\/#primaryimage"},"thumbnailUrl":"http:\/\/concejodeliberantedeazul.gob.ar\/wp-content\/uploads\/2025\/04\/Sesion-004-01-04-25-Foto-Hector-Garcia.jpg","datePublished":"2025-04-14T13:58:49+00:00","dateModified":"2025-04-14T13:58:51+00:00","author":{"@id":"http:\/\/concejodeliberantedeazul.gob.ar\/#\/schema\/person\/65fd6514aee7c29f008fc53b206198fe"},"breadcrumb":{"@id":"http:\/\/concejodeliberantedeazul.gob.ar\/index.php\/2025\/04\/14\/cuarta-sesion-ordinaria-5\/#breadcrumb"},"inLanguage":"es-AR","potentialAction":[{"@type":"ReadAction","target":["http:\/\/concejodeliberantedeazul.gob.ar\/index.php\/2025\/04\/14\/cuarta-sesion-ordinaria-5\/"]}]},{"@type":"ImageObject","inLanguage":"es-AR","@id":"http:\/\/concejodeliberantedeazul.gob.ar\/index.php\/2025\/04\/14\/cuarta-sesion-ordinaria-5\/#primaryimage","url":"http:\/\/concejodeliberantedeazul.gob.ar\/wp-content\/uploads\/2025\/04\/Sesion-004-01-04-25-Foto-Hector-Garcia.jpg","contentUrl":"http:\/\/concejodeliberantedeazul.gob.ar\/wp-content\/uploads\/2025\/04\/Sesion-004-01-04-25-Foto-Hector-Garcia.jpg","width":1913,"height":1238},{"@type":"BreadcrumbList","@id":"http:\/\/concejodeliberantedeazul.gob.ar\/index.php\/2025\/04\/14\/cuarta-sesion-ordinaria-5\/#breadcrumb","itemListElement":[{"@type":"ListItem","position":1,"name":"Inicio","item":"https:\/\/concejodeliberantedeazul.gob.ar\/"},{"@type":"ListItem","position":2,"name":"Cuarta Sesi\u00f3n Ordinaria"}]},{"@type":"WebSite","@id":"http:\/\/concejodeliberantedeazul.gob.ar\/#website","url":"http:\/\/concejodeliberantedeazul.gob.ar\/","name":"Concejo deliberante de Azul","description":"Sitio Web Oficial del Concejo Deliberante de Azul, Prov. de Buenos Aires - Conformado por 18 concejales de todo el partido.","potentialAction":[{"@type":"SearchAction","target":{"@type":"EntryPoint","urlTemplate":"http:\/\/concejodeliberantedeazul.gob.ar\/?s={search_term_string}"},"query-input":{"@type":"PropertyValueSpecification","valueRequired":true,"valueName":"search_term_string"}}],"inLanguage":"es-AR"},{"@type":"Person","@id":"http:\/\/concejodeliberantedeazul.gob.ar\/#\/schema\/person\/65fd6514aee7c29f008fc53b206198fe","name":"Concejo Deliberante Azul","image":{"@type":"ImageObject","inLanguage":"es-AR","@id":"https:\/\/secure.gravatar.com\/avatar\/30d9ae907861b897be87a25469982f0cfbce09947e0998bf7d9d0ecab450fb85?s=96&d=mm&r=g","url":"https:\/\/secure.gravatar.com\/avatar\/30d9ae907861b897be87a25469982f0cfbce09947e0998bf7d9d0ecab450fb85?s=96&d=mm&r=g","contentUrl":"https:\/\/secure.gravatar.com\/avatar\/30d9ae907861b897be87a25469982f0cfbce09947e0998bf7d9d0ecab450fb85?s=96&d=mm&r=g","caption":"Concejo Deliberante Azul"},"url":"http:\/\/concejodeliberantedeazul.gob.ar\/index.php\/author\/concejo\/"}]}},"amp_enabled":true,"_links":{"self":[{"href":"http:\/\/concejodeliberantedeazul.gob.ar\/index.php\/wp-json\/wp\/v2\/posts\/3296","targetHints":{"allow":["GET"]}}],"collection":[{"href":"http:\/\/concejodeliberantedeazul.gob.ar\/index.php\/wp-json\/wp\/v2\/posts"}],"about":[{"href":"http:\/\/concejodeliberantedeazul.gob.ar\/index.php\/wp-json\/wp\/v2\/types\/post"}],"author":[{"embeddable":true,"href":"http:\/\/concejodeliberantedeazul.gob.ar\/index.php\/wp-json\/wp\/v2\/users\/2"}],"replies":[{"embeddable":true,"href":"http:\/\/concejodeliberantedeazul.gob.ar\/index.php\/wp-json\/wp\/v2\/comments?post=3296"}],"version-history":[{"count":1,"href":"http:\/\/concejodeliberantedeazul.gob.ar\/index.php\/wp-json\/wp\/v2\/posts\/3296\/revisions"}],"predecessor-version":[{"id":3297,"href":"http:\/\/concejodeliberantedeazul.gob.ar\/index.php\/wp-json\/wp\/v2\/posts\/3296\/revisions\/3297"}],"wp:featuredmedia":[{"embeddable":true,"href":"http:\/\/concejodeliberantedeazul.gob.ar\/index.php\/wp-json\/wp\/v2\/media\/3282"}],"wp:attachment":[{"href":"http:\/\/concejodeliberantedeazul.gob.ar\/index.php\/wp-json\/wp\/v2\/media?parent=3296"}],"wp:term":[{"taxonomy":"category","embeddable":true,"href":"http:\/\/concejodeliberantedeazul.gob.ar\/index.php\/wp-json\/wp\/v2\/categories?post=3296"},{"taxonomy":"post_tag","embeddable":true,"href":"http:\/\/concejodeliberantedeazul.gob.ar\/index.php\/wp-json\/wp\/v2\/tags?post=3296"}],"curies":[{"name":"wp","href":"https:\/\/api.w.org\/{rel}","templated":true}]}}