{"id":3246,"date":"2025-03-12T12:49:17","date_gmt":"2025-03-12T15:49:17","guid":{"rendered":"http:\/\/concejodeliberantedeazul.gob.ar\/?p=3246"},"modified":"2025-03-12T12:49:19","modified_gmt":"2025-03-12T15:49:19","slug":"el-concejo-deliberante-realizara-una-sesion-especial","status":"publish","type":"post","link":"http:\/\/concejodeliberantedeazul.gob.ar\/index.php\/2025\/03\/12\/el-concejo-deliberante-realizara-una-sesion-especial\/","title":{"rendered":"El Concejo Deliberante realizar\u00e1 una Sesi\u00f3n Especial"},"content":{"rendered":"\n<p>La misma se llevar\u00e1 a cabo este jueves, a partir de las 8.30, con el objetivo de abordar un Orden del D\u00eda compuesto por dos puntos.<\/p>\n\n\n\n<p>En primera instancia, los Concejales dar\u00e1n tratamiento al pedido de licencia para su reconsideraci\u00f3n, desde el 15 al 24 de marzo inclusive, elevada por el Intendente Municipal con motivo del viaje en representaci\u00f3n institucional en el Tercer Encuentro Internacional de la Red de Ciudades Cervantinas.<\/p>\n\n\n\n<p>En segundo lugar, se tratar\u00e1 la nota elevada por la Concejal Agustina Bauch\u00e9 en donde presenta su renuncia al cargo a partir de la Segunda Sesi\u00f3n Ordinaria.<strong>&nbsp;<\/strong><\/p>\n","protected":false},"excerpt":{"rendered":"<p>La misma se llevar\u00e1 a cabo este jueves, a partir de las 8.30, con el objetivo de abordar un Orden del D\u00eda compuesto por dos puntos. En primera instancia, los Concejales dar\u00e1n tratamiento al pedido de licencia para su reconsideraci\u00f3n, desde el 15 al 24 de marzo inclusive, elevada por el Intendente Municipal con motivo [&hellip;]<\/p>\n","protected":false},"author":2,"featured_media":3075,"comment_status":"open","ping_status":"open","sticky":false,"template":"","format":"standard","meta":{"tdm_status":"","tdm_grid_status":"","footnotes":""},"categories":[7],"tags":[],"class_list":{"0":"post-3246","1":"post","2":"type-post","3":"status-publish","4":"format-standard","5":"has-post-thumbnail","7":"category-noticias"},"yoast_head":"<!-- This site is optimized with the Yoast SEO plugin v27.3 - https:\/\/yoast.com\/product\/yoast-seo-wordpress\/ -->\n<title>El Concejo Deliberante realizar\u00e1 una Sesi\u00f3n Especial - Concejo deliberante de Azul<\/title>\n<meta name=\"robots\" content=\"index, follow, max-snippet:-1, max-image-preview:large, max-video-preview:-1\" \/>\n<link rel=\"canonical\" href=\"http:\/\/concejodeliberantedeazul.gob.ar\/index.php\/2025\/03\/12\/el-concejo-deliberante-realizara-una-sesion-especial\/\" \/>\n<meta property=\"og:locale\" content=\"es_ES\" \/>\n<meta property=\"og:type\" content=\"article\" \/>\n<meta property=\"og:title\" content=\"El Concejo Deliberante realizar\u00e1 una Sesi\u00f3n Especial - Concejo deliberante de Azul\" \/>\n<meta property=\"og:description\" content=\"La misma se llevar\u00e1 a cabo este jueves, a partir de las 8.30, con el objetivo de abordar un Orden del D\u00eda compuesto por dos puntos. En primera instancia, los Concejales dar\u00e1n tratamiento al pedido de licencia para su reconsideraci\u00f3n, desde el 15 al 24 de marzo inclusive, elevada por el Intendente Municipal con motivo [&hellip;]\" \/>\n<meta property=\"og:url\" content=\"http:\/\/concejodeliberantedeazul.gob.ar\/index.php\/2025\/03\/12\/el-concejo-deliberante-realizara-una-sesion-especial\/\" \/>\n<meta property=\"og:site_name\" content=\"Concejo deliberante de Azul\" \/>\n<meta property=\"article:published_time\" content=\"2025-03-12T15:49:17+00:00\" \/>\n<meta property=\"article:modified_time\" content=\"2025-03-12T15:49:19+00:00\" \/>\n<meta property=\"og:image\" content=\"http:\/\/concejodeliberantedeazul.gob.ar\/wp-content\/uploads\/2019\/05\/Autoridades-000-16-10-24-Foto-Hector-Garcia.jpg\" \/>\n\t<meta property=\"og:image:width\" content=\"1913\" \/>\n\t<meta property=\"og:image:height\" content=\"1254\" \/>\n\t<meta property=\"og:image:type\" content=\"image\/jpeg\" \/>\n<meta name=\"author\" content=\"Concejo Deliberante Azul\" \/>\n<meta name=\"twitter:card\" content=\"summary_large_image\" \/>\n<meta name=\"twitter:label1\" content=\"Escrito por\" \/>\n\t<meta name=\"twitter:data1\" content=\"Concejo Deliberante Azul\" \/>\n\t<meta name=\"twitter:label2\" content=\"Tiempo de lectura\" \/>\n\t<meta name=\"twitter:data2\" content=\"1 minuto\" \/>\n<script type=\"application\/ld+json\" class=\"yoast-schema-graph\">{\"@context\":\"https:\\\/\\\/schema.org\",\"@graph\":[{\"@type\":\"Article\",\"@id\":\"http:\\\/\\\/concejodeliberantedeazul.gob.ar\\\/index.php\\\/2025\\\/03\\\/12\\\/el-concejo-deliberante-realizara-una-sesion-especial\\\/#article\",\"isPartOf\":{\"@id\":\"http:\\\/\\\/concejodeliberantedeazul.gob.ar\\\/index.php\\\/2025\\\/03\\\/12\\\/el-concejo-deliberante-realizara-una-sesion-especial\\\/\"},\"author\":{\"name\":\"Concejo Deliberante Azul\",\"@id\":\"http:\\\/\\\/concejodeliberantedeazul.gob.ar\\\/#\\\/schema\\\/person\\\/65fd6514aee7c29f008fc53b206198fe\"},\"headline\":\"El Concejo Deliberante realizar\u00e1 una Sesi\u00f3n Especial\",\"datePublished\":\"2025-03-12T15:49:17+00:00\",\"dateModified\":\"2025-03-12T15:49:19+00:00\",\"mainEntityOfPage\":{\"@id\":\"http:\\\/\\\/concejodeliberantedeazul.gob.ar\\\/index.php\\\/2025\\\/03\\\/12\\\/el-concejo-deliberante-realizara-una-sesion-especial\\\/\"},\"wordCount\":109,\"commentCount\":0,\"image\":{\"@id\":\"http:\\\/\\\/concejodeliberantedeazul.gob.ar\\\/index.php\\\/2025\\\/03\\\/12\\\/el-concejo-deliberante-realizara-una-sesion-especial\\\/#primaryimage\"},\"thumbnailUrl\":\"http:\\\/\\\/concejodeliberantedeazul.gob.ar\\\/wp-content\\\/uploads\\\/2019\\\/05\\\/Autoridades-000-16-10-24-Foto-Hector-Garcia.jpg\",\"articleSection\":[\"Noticias\"],\"inLanguage\":\"es-AR\",\"potentialAction\":[{\"@type\":\"CommentAction\",\"name\":\"Comment\",\"target\":[\"http:\\\/\\\/concejodeliberantedeazul.gob.ar\\\/index.php\\\/2025\\\/03\\\/12\\\/el-concejo-deliberante-realizara-una-sesion-especial\\\/#respond\"]}]},{\"@type\":\"WebPage\",\"@id\":\"http:\\\/\\\/concejodeliberantedeazul.gob.ar\\\/index.php\\\/2025\\\/03\\\/12\\\/el-concejo-deliberante-realizara-una-sesion-especial\\\/\",\"url\":\"http:\\\/\\\/concejodeliberantedeazul.gob.ar\\\/index.php\\\/2025\\\/03\\\/12\\\/el-concejo-deliberante-realizara-una-sesion-especial\\\/\",\"name\":\"El Concejo Deliberante realizar\u00e1 una Sesi\u00f3n Especial - Concejo deliberante de Azul\",\"isPartOf\":{\"@id\":\"http:\\\/\\\/concejodeliberantedeazul.gob.ar\\\/#website\"},\"primaryImageOfPage\":{\"@id\":\"http:\\\/\\\/concejodeliberantedeazul.gob.ar\\\/index.php\\\/2025\\\/03\\\/12\\\/el-concejo-deliberante-realizara-una-sesion-especial\\\/#primaryimage\"},\"image\":{\"@id\":\"http:\\\/\\\/concejodeliberantedeazul.gob.ar\\\/index.php\\\/2025\\\/03\\\/12\\\/el-concejo-deliberante-realizara-una-sesion-especial\\\/#primaryimage\"},\"thumbnailUrl\":\"http:\\\/\\\/concejodeliberantedeazul.gob.ar\\\/wp-content\\\/uploads\\\/2019\\\/05\\\/Autoridades-000-16-10-24-Foto-Hector-Garcia.jpg\",\"datePublished\":\"2025-03-12T15:49:17+00:00\",\"dateModified\":\"2025-03-12T15:49:19+00:00\",\"author\":{\"@id\":\"http:\\\/\\\/concejodeliberantedeazul.gob.ar\\\/#\\\/schema\\\/person\\\/65fd6514aee7c29f008fc53b206198fe\"},\"breadcrumb\":{\"@id\":\"http:\\\/\\\/concejodeliberantedeazul.gob.ar\\\/index.php\\\/2025\\\/03\\\/12\\\/el-concejo-deliberante-realizara-una-sesion-especial\\\/#breadcrumb\"},\"inLanguage\":\"es-AR\",\"potentialAction\":[{\"@type\":\"ReadAction\",\"target\":[\"http:\\\/\\\/concejodeliberantedeazul.gob.ar\\\/index.php\\\/2025\\\/03\\\/12\\\/el-concejo-deliberante-realizara-una-sesion-especial\\\/\"]}]},{\"@type\":\"ImageObject\",\"inLanguage\":\"es-AR\",\"@id\":\"http:\\\/\\\/concejodeliberantedeazul.gob.ar\\\/index.php\\\/2025\\\/03\\\/12\\\/el-concejo-deliberante-realizara-una-sesion-especial\\\/#primaryimage\",\"url\":\"http:\\\/\\\/concejodeliberantedeazul.gob.ar\\\/wp-content\\\/uploads\\\/2019\\\/05\\\/Autoridades-000-16-10-24-Foto-Hector-Garcia.jpg\",\"contentUrl\":\"http:\\\/\\\/concejodeliberantedeazul.gob.ar\\\/wp-content\\\/uploads\\\/2019\\\/05\\\/Autoridades-000-16-10-24-Foto-Hector-Garcia.jpg\",\"width\":1913,\"height\":1254},{\"@type\":\"BreadcrumbList\",\"@id\":\"http:\\\/\\\/concejodeliberantedeazul.gob.ar\\\/index.php\\\/2025\\\/03\\\/12\\\/el-concejo-deliberante-realizara-una-sesion-especial\\\/#breadcrumb\",\"itemListElement\":[{\"@type\":\"ListItem\",\"position\":1,\"name\":\"Inicio\",\"item\":\"https:\\\/\\\/concejodeliberantedeazul.gob.ar\\\/\"},{\"@type\":\"ListItem\",\"position\":2,\"name\":\"El Concejo Deliberante realizar\u00e1 una Sesi\u00f3n Especial\"}]},{\"@type\":\"WebSite\",\"@id\":\"http:\\\/\\\/concejodeliberantedeazul.gob.ar\\\/#website\",\"url\":\"http:\\\/\\\/concejodeliberantedeazul.gob.ar\\\/\",\"name\":\"Concejo deliberante de Azul\",\"description\":\"Sitio Web Oficial del Concejo Deliberante de Azul, Prov. de Buenos Aires - Conformado por 18 concejales de todo el partido.\",\"potentialAction\":[{\"@type\":\"SearchAction\",\"target\":{\"@type\":\"EntryPoint\",\"urlTemplate\":\"http:\\\/\\\/concejodeliberantedeazul.gob.ar\\\/?s={search_term_string}\"},\"query-input\":{\"@type\":\"PropertyValueSpecification\",\"valueRequired\":true,\"valueName\":\"search_term_string\"}}],\"inLanguage\":\"es-AR\"},{\"@type\":\"Person\",\"@id\":\"http:\\\/\\\/concejodeliberantedeazul.gob.ar\\\/#\\\/schema\\\/person\\\/65fd6514aee7c29f008fc53b206198fe\",\"name\":\"Concejo Deliberante Azul\",\"image\":{\"@type\":\"ImageObject\",\"inLanguage\":\"es-AR\",\"@id\":\"https:\\\/\\\/secure.gravatar.com\\\/avatar\\\/30d9ae907861b897be87a25469982f0cfbce09947e0998bf7d9d0ecab450fb85?s=96&d=mm&r=g\",\"url\":\"https:\\\/\\\/secure.gravatar.com\\\/avatar\\\/30d9ae907861b897be87a25469982f0cfbce09947e0998bf7d9d0ecab450fb85?s=96&d=mm&r=g\",\"contentUrl\":\"https:\\\/\\\/secure.gravatar.com\\\/avatar\\\/30d9ae907861b897be87a25469982f0cfbce09947e0998bf7d9d0ecab450fb85?s=96&d=mm&r=g\",\"caption\":\"Concejo Deliberante Azul\"},\"url\":\"http:\\\/\\\/concejodeliberantedeazul.gob.ar\\\/index.php\\\/author\\\/concejo\\\/\"}]}<\/script>\n<!-- \/ Yoast SEO plugin. -->","yoast_head_json":{"title":"El Concejo Deliberante realizar\u00e1 una Sesi\u00f3n Especial - Concejo deliberante de Azul","robots":{"index":"index","follow":"follow","max-snippet":"max-snippet:-1","max-image-preview":"max-image-preview:large","max-video-preview":"max-video-preview:-1"},"canonical":"http:\/\/concejodeliberantedeazul.gob.ar\/index.php\/2025\/03\/12\/el-concejo-deliberante-realizara-una-sesion-especial\/","og_locale":"es_ES","og_type":"article","og_title":"El Concejo Deliberante realizar\u00e1 una Sesi\u00f3n Especial - Concejo deliberante de Azul","og_description":"La misma se llevar\u00e1 a cabo este jueves, a partir de las 8.30, con el objetivo de abordar un Orden del D\u00eda compuesto por dos puntos. En primera instancia, los Concejales dar\u00e1n tratamiento al pedido de licencia para su reconsideraci\u00f3n, desde el 15 al 24 de marzo inclusive, elevada por el Intendente Municipal con motivo [&hellip;]","og_url":"http:\/\/concejodeliberantedeazul.gob.ar\/index.php\/2025\/03\/12\/el-concejo-deliberante-realizara-una-sesion-especial\/","og_site_name":"Concejo deliberante de Azul","article_published_time":"2025-03-12T15:49:17+00:00","article_modified_time":"2025-03-12T15:49:19+00:00","og_image":[{"width":1913,"height":1254,"url":"http:\/\/concejodeliberantedeazul.gob.ar\/wp-content\/uploads\/2019\/05\/Autoridades-000-16-10-24-Foto-Hector-Garcia.jpg","type":"image\/jpeg"}],"author":"Concejo Deliberante Azul","twitter_card":"summary_large_image","twitter_misc":{"Escrito por":"Concejo Deliberante Azul","Tiempo de lectura":"1 minuto"},"schema":{"@context":"https:\/\/schema.org","@graph":[{"@type":"Article","@id":"http:\/\/concejodeliberantedeazul.gob.ar\/index.php\/2025\/03\/12\/el-concejo-deliberante-realizara-una-sesion-especial\/#article","isPartOf":{"@id":"http:\/\/concejodeliberantedeazul.gob.ar\/index.php\/2025\/03\/12\/el-concejo-deliberante-realizara-una-sesion-especial\/"},"author":{"name":"Concejo Deliberante Azul","@id":"http:\/\/concejodeliberantedeazul.gob.ar\/#\/schema\/person\/65fd6514aee7c29f008fc53b206198fe"},"headline":"El Concejo Deliberante realizar\u00e1 una Sesi\u00f3n Especial","datePublished":"2025-03-12T15:49:17+00:00","dateModified":"2025-03-12T15:49:19+00:00","mainEntityOfPage":{"@id":"http:\/\/concejodeliberantedeazul.gob.ar\/index.php\/2025\/03\/12\/el-concejo-deliberante-realizara-una-sesion-especial\/"},"wordCount":109,"commentCount":0,"image":{"@id":"http:\/\/concejodeliberantedeazul.gob.ar\/index.php\/2025\/03\/12\/el-concejo-deliberante-realizara-una-sesion-especial\/#primaryimage"},"thumbnailUrl":"http:\/\/concejodeliberantedeazul.gob.ar\/wp-content\/uploads\/2019\/05\/Autoridades-000-16-10-24-Foto-Hector-Garcia.jpg","articleSection":["Noticias"],"inLanguage":"es-AR","potentialAction":[{"@type":"CommentAction","name":"Comment","target":["http:\/\/concejodeliberantedeazul.gob.ar\/index.php\/2025\/03\/12\/el-concejo-deliberante-realizara-una-sesion-especial\/#respond"]}]},{"@type":"WebPage","@id":"http:\/\/concejodeliberantedeazul.gob.ar\/index.php\/2025\/03\/12\/el-concejo-deliberante-realizara-una-sesion-especial\/","url":"http:\/\/concejodeliberantedeazul.gob.ar\/index.php\/2025\/03\/12\/el-concejo-deliberante-realizara-una-sesion-especial\/","name":"El Concejo Deliberante realizar\u00e1 una Sesi\u00f3n Especial - Concejo deliberante de Azul","isPartOf":{"@id":"http:\/\/concejodeliberantedeazul.gob.ar\/#website"},"primaryImageOfPage":{"@id":"http:\/\/concejodeliberantedeazul.gob.ar\/index.php\/2025\/03\/12\/el-concejo-deliberante-realizara-una-sesion-especial\/#primaryimage"},"image":{"@id":"http:\/\/concejodeliberantedeazul.gob.ar\/index.php\/2025\/03\/12\/el-concejo-deliberante-realizara-una-sesion-especial\/#primaryimage"},"thumbnailUrl":"http:\/\/concejodeliberantedeazul.gob.ar\/wp-content\/uploads\/2019\/05\/Autoridades-000-16-10-24-Foto-Hector-Garcia.jpg","datePublished":"2025-03-12T15:49:17+00:00","dateModified":"2025-03-12T15:49:19+00:00","author":{"@id":"http:\/\/concejodeliberantedeazul.gob.ar\/#\/schema\/person\/65fd6514aee7c29f008fc53b206198fe"},"breadcrumb":{"@id":"http:\/\/concejodeliberantedeazul.gob.ar\/index.php\/2025\/03\/12\/el-concejo-deliberante-realizara-una-sesion-especial\/#breadcrumb"},"inLanguage":"es-AR","potentialAction":[{"@type":"ReadAction","target":["http:\/\/concejodeliberantedeazul.gob.ar\/index.php\/2025\/03\/12\/el-concejo-deliberante-realizara-una-sesion-especial\/"]}]},{"@type":"ImageObject","inLanguage":"es-AR","@id":"http:\/\/concejodeliberantedeazul.gob.ar\/index.php\/2025\/03\/12\/el-concejo-deliberante-realizara-una-sesion-especial\/#primaryimage","url":"http:\/\/concejodeliberantedeazul.gob.ar\/wp-content\/uploads\/2019\/05\/Autoridades-000-16-10-24-Foto-Hector-Garcia.jpg","contentUrl":"http:\/\/concejodeliberantedeazul.gob.ar\/wp-content\/uploads\/2019\/05\/Autoridades-000-16-10-24-Foto-Hector-Garcia.jpg","width":1913,"height":1254},{"@type":"BreadcrumbList","@id":"http:\/\/concejodeliberantedeazul.gob.ar\/index.php\/2025\/03\/12\/el-concejo-deliberante-realizara-una-sesion-especial\/#breadcrumb","itemListElement":[{"@type":"ListItem","position":1,"name":"Inicio","item":"https:\/\/concejodeliberantedeazul.gob.ar\/"},{"@type":"ListItem","position":2,"name":"El Concejo Deliberante realizar\u00e1 una Sesi\u00f3n Especial"}]},{"@type":"WebSite","@id":"http:\/\/concejodeliberantedeazul.gob.ar\/#website","url":"http:\/\/concejodeliberantedeazul.gob.ar\/","name":"Concejo deliberante de Azul","description":"Sitio Web Oficial del Concejo Deliberante de Azul, Prov. de Buenos Aires - Conformado por 18 concejales de todo el partido.","potentialAction":[{"@type":"SearchAction","target":{"@type":"EntryPoint","urlTemplate":"http:\/\/concejodeliberantedeazul.gob.ar\/?s={search_term_string}"},"query-input":{"@type":"PropertyValueSpecification","valueRequired":true,"valueName":"search_term_string"}}],"inLanguage":"es-AR"},{"@type":"Person","@id":"http:\/\/concejodeliberantedeazul.gob.ar\/#\/schema\/person\/65fd6514aee7c29f008fc53b206198fe","name":"Concejo Deliberante Azul","image":{"@type":"ImageObject","inLanguage":"es-AR","@id":"https:\/\/secure.gravatar.com\/avatar\/30d9ae907861b897be87a25469982f0cfbce09947e0998bf7d9d0ecab450fb85?s=96&d=mm&r=g","url":"https:\/\/secure.gravatar.com\/avatar\/30d9ae907861b897be87a25469982f0cfbce09947e0998bf7d9d0ecab450fb85?s=96&d=mm&r=g","contentUrl":"https:\/\/secure.gravatar.com\/avatar\/30d9ae907861b897be87a25469982f0cfbce09947e0998bf7d9d0ecab450fb85?s=96&d=mm&r=g","caption":"Concejo Deliberante Azul"},"url":"http:\/\/concejodeliberantedeazul.gob.ar\/index.php\/author\/concejo\/"}]}},"amp_enabled":true,"_links":{"self":[{"href":"http:\/\/concejodeliberantedeazul.gob.ar\/index.php\/wp-json\/wp\/v2\/posts\/3246","targetHints":{"allow":["GET"]}}],"collection":[{"href":"http:\/\/concejodeliberantedeazul.gob.ar\/index.php\/wp-json\/wp\/v2\/posts"}],"about":[{"href":"http:\/\/concejodeliberantedeazul.gob.ar\/index.php\/wp-json\/wp\/v2\/types\/post"}],"author":[{"embeddable":true,"href":"http:\/\/concejodeliberantedeazul.gob.ar\/index.php\/wp-json\/wp\/v2\/users\/2"}],"replies":[{"embeddable":true,"href":"http:\/\/concejodeliberantedeazul.gob.ar\/index.php\/wp-json\/wp\/v2\/comments?post=3246"}],"version-history":[{"count":1,"href":"http:\/\/concejodeliberantedeazul.gob.ar\/index.php\/wp-json\/wp\/v2\/posts\/3246\/revisions"}],"predecessor-version":[{"id":3247,"href":"http:\/\/concejodeliberantedeazul.gob.ar\/index.php\/wp-json\/wp\/v2\/posts\/3246\/revisions\/3247"}],"wp:featuredmedia":[{"embeddable":true,"href":"http:\/\/concejodeliberantedeazul.gob.ar\/index.php\/wp-json\/wp\/v2\/media\/3075"}],"wp:attachment":[{"href":"http:\/\/concejodeliberantedeazul.gob.ar\/index.php\/wp-json\/wp\/v2\/media?parent=3246"}],"wp:term":[{"taxonomy":"category","embeddable":true,"href":"http:\/\/concejodeliberantedeazul.gob.ar\/index.php\/wp-json\/wp\/v2\/categories?post=3246"},{"taxonomy":"post_tag","embeddable":true,"href":"http:\/\/concejodeliberantedeazul.gob.ar\/index.php\/wp-json\/wp\/v2\/tags?post=3246"}],"curies":[{"name":"wp","href":"https:\/\/api.w.org\/{rel}","templated":true}]}}