{"id":3192,"date":"2024-12-30T18:27:17","date_gmt":"2024-12-30T21:27:17","guid":{"rendered":"https:\/\/concejodeliberantedeazul.gob.ar\/?p=3192"},"modified":"2024-12-30T18:27:18","modified_gmt":"2024-12-30T21:27:18","slug":"por-mayoria-la-asamblea-de-concejales-y-mayores-contribuyentes-aprobo-las-ordenanzas-fiscal-e-impositiva","status":"publish","type":"post","link":"http:\/\/concejodeliberantedeazul.gob.ar\/index.php\/2024\/12\/30\/por-mayoria-la-asamblea-de-concejales-y-mayores-contribuyentes-aprobo-las-ordenanzas-fiscal-e-impositiva\/","title":{"rendered":"Por mayor\u00eda, la Asamblea de Concejales y Mayores Contribuyentes aprob\u00f3 las Ordenanzas Fiscal e Impositiva"},"content":{"rendered":"\n<p>Se llev\u00f3 a cabo, en el recinto del Concejo Deliberante, la Asamblea de Concejales y Mayores Contribuyentes, correspondiente al segundo llamado.<\/p>\n\n\n\n<p>En la oportunidad, los integrantes de la Asamblea dieron tratamiento a un Orden del D\u00eda compuesto por dos puntos:<\/p>\n\n\n\n<ol class=\"wp-block-list\">\n<li>Ordenanza Preparatoria N\u00b0 5.070\/2024 referente a modificaciones a la Ordenanza 4.909\/2023.- C\u00f3digo Tributario Municipal.<\/li>\n\n\n\n<li>Ordenanza Preparatoria N\u00b0 5.071\/2024 referente a Ordenanza Impositiva.<\/li>\n<\/ol>\n\n\n\n<p>Antes de llevar adelante la votaci\u00f3n de dichas Ordenanzas Preparatorias, concejales de diferentes bloques pol\u00edticos pusieron a consideraci\u00f3n distintas mociones. La primera de ellas fue la moci\u00f3n de que s\u00f3lo los concejales puedan votar las modificaciones presentadas en la Ordenanza. Dicha moci\u00f3n fue desaprobada por mayor\u00eda.<\/p>\n\n\n\n<p>Luego, desde la Presidencia se llam\u00f3 a un cuarto intermedio y se solicit\u00f3 el desalojo de la sala atento a la presencia de vecinos que no permit\u00edan el normal desarrollo de la Sesi\u00f3n.<\/p>\n\n\n\n<p>Posteriormente, se puso a consideraci\u00f3n una moci\u00f3n que planteaba la nulidad de la Asamblea argumentando que el llamado a la misma estaba fuera de los plazos establecidos. Dicha moci\u00f3n fue desaprobada por mayor\u00eda.<\/p>\n\n\n\n<p>A continuaci\u00f3n, se solicit\u00f3 una moci\u00f3n que permitiera tratar las modificaciones realizadas. La moci\u00f3n fue aprobada por mayor\u00eda.<\/p>\n\n\n\n<p>Adem\u00e1s, se puso a consideraci\u00f3n de la Asamblea una moci\u00f3n de reconsideraci\u00f3n vinculada con que solo los concejales pueden votar modificaciones a la Ordenanza Preparatoria. La moci\u00f3n se desaprob\u00f3 por mayor\u00eda.<\/p>\n\n\n\n<p>Finalizada la votaci\u00f3n de las diferentes mociones, se procedi\u00f3 a la votaci\u00f3n en general de la Ordenanza Preparatoria N\u00b0 5.070\/2024 y sus modificaciones y posteriormente se votaron en forma particular cada uno de los art\u00edculos que se modificaban.<\/p>\n\n\n\n<p>El resultado de la votaci\u00f3n fue la aprobaci\u00f3n por mayor\u00eda del C\u00f3digo Tributario Municipal con modificaciones.<\/p>\n\n\n\n<p>Por \u00faltimo, la Asamblea puso a consideraci\u00f3n la Ordenanza Preparatoria referente a la Ordenanza Impositiva. Al respecto, se plante\u00f3 una moci\u00f3n para que el tratamiento de la misma sea en forma general y no en particular cada art\u00edculo. La moci\u00f3n se aprob\u00f3 por mayor\u00eda.<\/p>\n\n\n\n<p>La votaci\u00f3n dio como resultado la aprobaci\u00f3n por mayor\u00eda de la Ordenanza Impositiva con modificaciones. &nbsp;<\/p>\n","protected":false},"excerpt":{"rendered":"<p>Se llev\u00f3 a cabo, en el recinto del Concejo Deliberante, la Asamblea de Concejales y Mayores Contribuyentes, correspondiente al segundo llamado. En la oportunidad, los integrantes de la Asamblea dieron tratamiento a un Orden del D\u00eda compuesto por dos puntos: Antes de llevar adelante la votaci\u00f3n de dichas Ordenanzas Preparatorias, concejales de diferentes bloques pol\u00edticos [&hellip;]<\/p>\n","protected":false},"author":2,"featured_media":3193,"comment_status":"open","ping_status":"open","sticky":false,"template":"","format":"standard","meta":{"tdm_status":"","tdm_grid_status":"","footnotes":""},"categories":[7],"tags":[],"class_list":{"0":"post-3192","1":"post","2":"type-post","3":"status-publish","4":"format-standard","5":"has-post-thumbnail","7":"category-noticias"},"yoast_head":"<!-- This site is optimized with the Yoast SEO plugin v27.3 - https:\/\/yoast.com\/product\/yoast-seo-wordpress\/ -->\n<title>Por mayor\u00eda, la Asamblea de Concejales y Mayores Contribuyentes aprob\u00f3 las Ordenanzas Fiscal e Impositiva - Concejo deliberante de Azul<\/title>\n<meta name=\"robots\" content=\"index, follow, max-snippet:-1, max-image-preview:large, max-video-preview:-1\" \/>\n<link rel=\"canonical\" href=\"https:\/\/concejodeliberantedeazul.gob.ar\/index.php\/2024\/12\/30\/por-mayoria-la-asamblea-de-concejales-y-mayores-contribuyentes-aprobo-las-ordenanzas-fiscal-e-impositiva\/\" \/>\n<meta property=\"og:locale\" content=\"es_ES\" \/>\n<meta property=\"og:type\" content=\"article\" \/>\n<meta property=\"og:title\" content=\"Por mayor\u00eda, la Asamblea de Concejales y Mayores Contribuyentes aprob\u00f3 las Ordenanzas Fiscal e Impositiva - Concejo deliberante de Azul\" \/>\n<meta property=\"og:description\" content=\"Se llev\u00f3 a cabo, en el recinto del Concejo Deliberante, la Asamblea de Concejales y Mayores Contribuyentes, correspondiente al segundo llamado. En la oportunidad, los integrantes de la Asamblea dieron tratamiento a un Orden del D\u00eda compuesto por dos puntos: Antes de llevar adelante la votaci\u00f3n de dichas Ordenanzas Preparatorias, concejales de diferentes bloques pol\u00edticos [&hellip;]\" \/>\n<meta property=\"og:url\" content=\"https:\/\/concejodeliberantedeazul.gob.ar\/index.php\/2024\/12\/30\/por-mayoria-la-asamblea-de-concejales-y-mayores-contribuyentes-aprobo-las-ordenanzas-fiscal-e-impositiva\/\" \/>\n<meta property=\"og:site_name\" content=\"Concejo deliberante de Azul\" \/>\n<meta property=\"article:published_time\" content=\"2024-12-30T21:27:17+00:00\" \/>\n<meta property=\"article:modified_time\" content=\"2024-12-30T21:27:18+00:00\" \/>\n<meta property=\"og:image\" content=\"http:\/\/concejodeliberantedeazul.gob.ar\/wp-content\/uploads\/2024\/12\/Contribuyentes-001-30-12-24-Foto-Hector-Garcia.jpg\" \/>\n\t<meta property=\"og:image:width\" content=\"1913\" \/>\n\t<meta property=\"og:image:height\" content=\"1254\" \/>\n\t<meta property=\"og:image:type\" content=\"image\/jpeg\" \/>\n<meta name=\"author\" content=\"Concejo Deliberante Azul\" \/>\n<meta name=\"twitter:card\" content=\"summary_large_image\" \/>\n<meta name=\"twitter:label1\" content=\"Escrito por\" \/>\n\t<meta name=\"twitter:data1\" content=\"Concejo Deliberante Azul\" \/>\n\t<meta name=\"twitter:label2\" content=\"Tiempo de lectura\" \/>\n\t<meta name=\"twitter:data2\" content=\"2 minutos\" \/>\n<script type=\"application\/ld+json\" class=\"yoast-schema-graph\">{\"@context\":\"https:\\\/\\\/schema.org\",\"@graph\":[{\"@type\":\"Article\",\"@id\":\"https:\\\/\\\/concejodeliberantedeazul.gob.ar\\\/index.php\\\/2024\\\/12\\\/30\\\/por-mayoria-la-asamblea-de-concejales-y-mayores-contribuyentes-aprobo-las-ordenanzas-fiscal-e-impositiva\\\/#article\",\"isPartOf\":{\"@id\":\"https:\\\/\\\/concejodeliberantedeazul.gob.ar\\\/index.php\\\/2024\\\/12\\\/30\\\/por-mayoria-la-asamblea-de-concejales-y-mayores-contribuyentes-aprobo-las-ordenanzas-fiscal-e-impositiva\\\/\"},\"author\":{\"name\":\"Concejo Deliberante Azul\",\"@id\":\"http:\\\/\\\/concejodeliberantedeazul.gob.ar\\\/#\\\/schema\\\/person\\\/65fd6514aee7c29f008fc53b206198fe\"},\"headline\":\"Por mayor\u00eda, la Asamblea de Concejales y Mayores Contribuyentes aprob\u00f3 las Ordenanzas Fiscal e Impositiva\",\"datePublished\":\"2024-12-30T21:27:17+00:00\",\"dateModified\":\"2024-12-30T21:27:18+00:00\",\"mainEntityOfPage\":{\"@id\":\"https:\\\/\\\/concejodeliberantedeazul.gob.ar\\\/index.php\\\/2024\\\/12\\\/30\\\/por-mayoria-la-asamblea-de-concejales-y-mayores-contribuyentes-aprobo-las-ordenanzas-fiscal-e-impositiva\\\/\"},\"wordCount\":390,\"commentCount\":0,\"image\":{\"@id\":\"https:\\\/\\\/concejodeliberantedeazul.gob.ar\\\/index.php\\\/2024\\\/12\\\/30\\\/por-mayoria-la-asamblea-de-concejales-y-mayores-contribuyentes-aprobo-las-ordenanzas-fiscal-e-impositiva\\\/#primaryimage\"},\"thumbnailUrl\":\"http:\\\/\\\/concejodeliberantedeazul.gob.ar\\\/wp-content\\\/uploads\\\/2024\\\/12\\\/Contribuyentes-001-30-12-24-Foto-Hector-Garcia.jpg\",\"articleSection\":[\"Noticias\"],\"inLanguage\":\"es-AR\",\"potentialAction\":[{\"@type\":\"CommentAction\",\"name\":\"Comment\",\"target\":[\"https:\\\/\\\/concejodeliberantedeazul.gob.ar\\\/index.php\\\/2024\\\/12\\\/30\\\/por-mayoria-la-asamblea-de-concejales-y-mayores-contribuyentes-aprobo-las-ordenanzas-fiscal-e-impositiva\\\/#respond\"]}]},{\"@type\":\"WebPage\",\"@id\":\"https:\\\/\\\/concejodeliberantedeazul.gob.ar\\\/index.php\\\/2024\\\/12\\\/30\\\/por-mayoria-la-asamblea-de-concejales-y-mayores-contribuyentes-aprobo-las-ordenanzas-fiscal-e-impositiva\\\/\",\"url\":\"https:\\\/\\\/concejodeliberantedeazul.gob.ar\\\/index.php\\\/2024\\\/12\\\/30\\\/por-mayoria-la-asamblea-de-concejales-y-mayores-contribuyentes-aprobo-las-ordenanzas-fiscal-e-impositiva\\\/\",\"name\":\"Por mayor\u00eda, la Asamblea de Concejales y Mayores Contribuyentes aprob\u00f3 las Ordenanzas Fiscal e Impositiva - Concejo deliberante de Azul\",\"isPartOf\":{\"@id\":\"http:\\\/\\\/concejodeliberantedeazul.gob.ar\\\/#website\"},\"primaryImageOfPage\":{\"@id\":\"https:\\\/\\\/concejodeliberantedeazul.gob.ar\\\/index.php\\\/2024\\\/12\\\/30\\\/por-mayoria-la-asamblea-de-concejales-y-mayores-contribuyentes-aprobo-las-ordenanzas-fiscal-e-impositiva\\\/#primaryimage\"},\"image\":{\"@id\":\"https:\\\/\\\/concejodeliberantedeazul.gob.ar\\\/index.php\\\/2024\\\/12\\\/30\\\/por-mayoria-la-asamblea-de-concejales-y-mayores-contribuyentes-aprobo-las-ordenanzas-fiscal-e-impositiva\\\/#primaryimage\"},\"thumbnailUrl\":\"http:\\\/\\\/concejodeliberantedeazul.gob.ar\\\/wp-content\\\/uploads\\\/2024\\\/12\\\/Contribuyentes-001-30-12-24-Foto-Hector-Garcia.jpg\",\"datePublished\":\"2024-12-30T21:27:17+00:00\",\"dateModified\":\"2024-12-30T21:27:18+00:00\",\"author\":{\"@id\":\"http:\\\/\\\/concejodeliberantedeazul.gob.ar\\\/#\\\/schema\\\/person\\\/65fd6514aee7c29f008fc53b206198fe\"},\"breadcrumb\":{\"@id\":\"https:\\\/\\\/concejodeliberantedeazul.gob.ar\\\/index.php\\\/2024\\\/12\\\/30\\\/por-mayoria-la-asamblea-de-concejales-y-mayores-contribuyentes-aprobo-las-ordenanzas-fiscal-e-impositiva\\\/#breadcrumb\"},\"inLanguage\":\"es-AR\",\"potentialAction\":[{\"@type\":\"ReadAction\",\"target\":[\"https:\\\/\\\/concejodeliberantedeazul.gob.ar\\\/index.php\\\/2024\\\/12\\\/30\\\/por-mayoria-la-asamblea-de-concejales-y-mayores-contribuyentes-aprobo-las-ordenanzas-fiscal-e-impositiva\\\/\"]}]},{\"@type\":\"ImageObject\",\"inLanguage\":\"es-AR\",\"@id\":\"https:\\\/\\\/concejodeliberantedeazul.gob.ar\\\/index.php\\\/2024\\\/12\\\/30\\\/por-mayoria-la-asamblea-de-concejales-y-mayores-contribuyentes-aprobo-las-ordenanzas-fiscal-e-impositiva\\\/#primaryimage\",\"url\":\"http:\\\/\\\/concejodeliberantedeazul.gob.ar\\\/wp-content\\\/uploads\\\/2024\\\/12\\\/Contribuyentes-001-30-12-24-Foto-Hector-Garcia.jpg\",\"contentUrl\":\"http:\\\/\\\/concejodeliberantedeazul.gob.ar\\\/wp-content\\\/uploads\\\/2024\\\/12\\\/Contribuyentes-001-30-12-24-Foto-Hector-Garcia.jpg\",\"width\":1913,\"height\":1254},{\"@type\":\"BreadcrumbList\",\"@id\":\"https:\\\/\\\/concejodeliberantedeazul.gob.ar\\\/index.php\\\/2024\\\/12\\\/30\\\/por-mayoria-la-asamblea-de-concejales-y-mayores-contribuyentes-aprobo-las-ordenanzas-fiscal-e-impositiva\\\/#breadcrumb\",\"itemListElement\":[{\"@type\":\"ListItem\",\"position\":1,\"name\":\"Inicio\",\"item\":\"https:\\\/\\\/concejodeliberantedeazul.gob.ar\\\/\"},{\"@type\":\"ListItem\",\"position\":2,\"name\":\"Por mayor\u00eda, la Asamblea de Concejales y Mayores Contribuyentes aprob\u00f3 las Ordenanzas Fiscal e Impositiva\"}]},{\"@type\":\"WebSite\",\"@id\":\"http:\\\/\\\/concejodeliberantedeazul.gob.ar\\\/#website\",\"url\":\"http:\\\/\\\/concejodeliberantedeazul.gob.ar\\\/\",\"name\":\"Concejo deliberante de Azul\",\"description\":\"Sitio Web Oficial del Concejo Deliberante de Azul, Prov. de Buenos Aires - Conformado por 18 concejales de todo el partido.\",\"potentialAction\":[{\"@type\":\"SearchAction\",\"target\":{\"@type\":\"EntryPoint\",\"urlTemplate\":\"http:\\\/\\\/concejodeliberantedeazul.gob.ar\\\/?s={search_term_string}\"},\"query-input\":{\"@type\":\"PropertyValueSpecification\",\"valueRequired\":true,\"valueName\":\"search_term_string\"}}],\"inLanguage\":\"es-AR\"},{\"@type\":\"Person\",\"@id\":\"http:\\\/\\\/concejodeliberantedeazul.gob.ar\\\/#\\\/schema\\\/person\\\/65fd6514aee7c29f008fc53b206198fe\",\"name\":\"Concejo Deliberante Azul\",\"image\":{\"@type\":\"ImageObject\",\"inLanguage\":\"es-AR\",\"@id\":\"https:\\\/\\\/secure.gravatar.com\\\/avatar\\\/30d9ae907861b897be87a25469982f0cfbce09947e0998bf7d9d0ecab450fb85?s=96&d=mm&r=g\",\"url\":\"https:\\\/\\\/secure.gravatar.com\\\/avatar\\\/30d9ae907861b897be87a25469982f0cfbce09947e0998bf7d9d0ecab450fb85?s=96&d=mm&r=g\",\"contentUrl\":\"https:\\\/\\\/secure.gravatar.com\\\/avatar\\\/30d9ae907861b897be87a25469982f0cfbce09947e0998bf7d9d0ecab450fb85?s=96&d=mm&r=g\",\"caption\":\"Concejo Deliberante Azul\"},\"url\":\"http:\\\/\\\/concejodeliberantedeazul.gob.ar\\\/index.php\\\/author\\\/concejo\\\/\"}]}<\/script>\n<!-- \/ Yoast SEO plugin. -->","yoast_head_json":{"title":"Por mayor\u00eda, la Asamblea de Concejales y Mayores Contribuyentes aprob\u00f3 las Ordenanzas Fiscal e Impositiva - Concejo deliberante de Azul","robots":{"index":"index","follow":"follow","max-snippet":"max-snippet:-1","max-image-preview":"max-image-preview:large","max-video-preview":"max-video-preview:-1"},"canonical":"https:\/\/concejodeliberantedeazul.gob.ar\/index.php\/2024\/12\/30\/por-mayoria-la-asamblea-de-concejales-y-mayores-contribuyentes-aprobo-las-ordenanzas-fiscal-e-impositiva\/","og_locale":"es_ES","og_type":"article","og_title":"Por mayor\u00eda, la Asamblea de Concejales y Mayores Contribuyentes aprob\u00f3 las Ordenanzas Fiscal e Impositiva - Concejo deliberante de Azul","og_description":"Se llev\u00f3 a cabo, en el recinto del Concejo Deliberante, la Asamblea de Concejales y Mayores Contribuyentes, correspondiente al segundo llamado. En la oportunidad, los integrantes de la Asamblea dieron tratamiento a un Orden del D\u00eda compuesto por dos puntos: Antes de llevar adelante la votaci\u00f3n de dichas Ordenanzas Preparatorias, concejales de diferentes bloques pol\u00edticos [&hellip;]","og_url":"https:\/\/concejodeliberantedeazul.gob.ar\/index.php\/2024\/12\/30\/por-mayoria-la-asamblea-de-concejales-y-mayores-contribuyentes-aprobo-las-ordenanzas-fiscal-e-impositiva\/","og_site_name":"Concejo deliberante de Azul","article_published_time":"2024-12-30T21:27:17+00:00","article_modified_time":"2024-12-30T21:27:18+00:00","og_image":[{"width":1913,"height":1254,"url":"http:\/\/concejodeliberantedeazul.gob.ar\/wp-content\/uploads\/2024\/12\/Contribuyentes-001-30-12-24-Foto-Hector-Garcia.jpg","type":"image\/jpeg"}],"author":"Concejo Deliberante Azul","twitter_card":"summary_large_image","twitter_misc":{"Escrito por":"Concejo Deliberante Azul","Tiempo de lectura":"2 minutos"},"schema":{"@context":"https:\/\/schema.org","@graph":[{"@type":"Article","@id":"https:\/\/concejodeliberantedeazul.gob.ar\/index.php\/2024\/12\/30\/por-mayoria-la-asamblea-de-concejales-y-mayores-contribuyentes-aprobo-las-ordenanzas-fiscal-e-impositiva\/#article","isPartOf":{"@id":"https:\/\/concejodeliberantedeazul.gob.ar\/index.php\/2024\/12\/30\/por-mayoria-la-asamblea-de-concejales-y-mayores-contribuyentes-aprobo-las-ordenanzas-fiscal-e-impositiva\/"},"author":{"name":"Concejo Deliberante Azul","@id":"http:\/\/concejodeliberantedeazul.gob.ar\/#\/schema\/person\/65fd6514aee7c29f008fc53b206198fe"},"headline":"Por mayor\u00eda, la Asamblea de Concejales y Mayores Contribuyentes aprob\u00f3 las Ordenanzas Fiscal e Impositiva","datePublished":"2024-12-30T21:27:17+00:00","dateModified":"2024-12-30T21:27:18+00:00","mainEntityOfPage":{"@id":"https:\/\/concejodeliberantedeazul.gob.ar\/index.php\/2024\/12\/30\/por-mayoria-la-asamblea-de-concejales-y-mayores-contribuyentes-aprobo-las-ordenanzas-fiscal-e-impositiva\/"},"wordCount":390,"commentCount":0,"image":{"@id":"https:\/\/concejodeliberantedeazul.gob.ar\/index.php\/2024\/12\/30\/por-mayoria-la-asamblea-de-concejales-y-mayores-contribuyentes-aprobo-las-ordenanzas-fiscal-e-impositiva\/#primaryimage"},"thumbnailUrl":"http:\/\/concejodeliberantedeazul.gob.ar\/wp-content\/uploads\/2024\/12\/Contribuyentes-001-30-12-24-Foto-Hector-Garcia.jpg","articleSection":["Noticias"],"inLanguage":"es-AR","potentialAction":[{"@type":"CommentAction","name":"Comment","target":["https:\/\/concejodeliberantedeazul.gob.ar\/index.php\/2024\/12\/30\/por-mayoria-la-asamblea-de-concejales-y-mayores-contribuyentes-aprobo-las-ordenanzas-fiscal-e-impositiva\/#respond"]}]},{"@type":"WebPage","@id":"https:\/\/concejodeliberantedeazul.gob.ar\/index.php\/2024\/12\/30\/por-mayoria-la-asamblea-de-concejales-y-mayores-contribuyentes-aprobo-las-ordenanzas-fiscal-e-impositiva\/","url":"https:\/\/concejodeliberantedeazul.gob.ar\/index.php\/2024\/12\/30\/por-mayoria-la-asamblea-de-concejales-y-mayores-contribuyentes-aprobo-las-ordenanzas-fiscal-e-impositiva\/","name":"Por mayor\u00eda, la Asamblea de Concejales y Mayores Contribuyentes aprob\u00f3 las Ordenanzas Fiscal e Impositiva - Concejo deliberante de Azul","isPartOf":{"@id":"http:\/\/concejodeliberantedeazul.gob.ar\/#website"},"primaryImageOfPage":{"@id":"https:\/\/concejodeliberantedeazul.gob.ar\/index.php\/2024\/12\/30\/por-mayoria-la-asamblea-de-concejales-y-mayores-contribuyentes-aprobo-las-ordenanzas-fiscal-e-impositiva\/#primaryimage"},"image":{"@id":"https:\/\/concejodeliberantedeazul.gob.ar\/index.php\/2024\/12\/30\/por-mayoria-la-asamblea-de-concejales-y-mayores-contribuyentes-aprobo-las-ordenanzas-fiscal-e-impositiva\/#primaryimage"},"thumbnailUrl":"http:\/\/concejodeliberantedeazul.gob.ar\/wp-content\/uploads\/2024\/12\/Contribuyentes-001-30-12-24-Foto-Hector-Garcia.jpg","datePublished":"2024-12-30T21:27:17+00:00","dateModified":"2024-12-30T21:27:18+00:00","author":{"@id":"http:\/\/concejodeliberantedeazul.gob.ar\/#\/schema\/person\/65fd6514aee7c29f008fc53b206198fe"},"breadcrumb":{"@id":"https:\/\/concejodeliberantedeazul.gob.ar\/index.php\/2024\/12\/30\/por-mayoria-la-asamblea-de-concejales-y-mayores-contribuyentes-aprobo-las-ordenanzas-fiscal-e-impositiva\/#breadcrumb"},"inLanguage":"es-AR","potentialAction":[{"@type":"ReadAction","target":["https:\/\/concejodeliberantedeazul.gob.ar\/index.php\/2024\/12\/30\/por-mayoria-la-asamblea-de-concejales-y-mayores-contribuyentes-aprobo-las-ordenanzas-fiscal-e-impositiva\/"]}]},{"@type":"ImageObject","inLanguage":"es-AR","@id":"https:\/\/concejodeliberantedeazul.gob.ar\/index.php\/2024\/12\/30\/por-mayoria-la-asamblea-de-concejales-y-mayores-contribuyentes-aprobo-las-ordenanzas-fiscal-e-impositiva\/#primaryimage","url":"http:\/\/concejodeliberantedeazul.gob.ar\/wp-content\/uploads\/2024\/12\/Contribuyentes-001-30-12-24-Foto-Hector-Garcia.jpg","contentUrl":"http:\/\/concejodeliberantedeazul.gob.ar\/wp-content\/uploads\/2024\/12\/Contribuyentes-001-30-12-24-Foto-Hector-Garcia.jpg","width":1913,"height":1254},{"@type":"BreadcrumbList","@id":"https:\/\/concejodeliberantedeazul.gob.ar\/index.php\/2024\/12\/30\/por-mayoria-la-asamblea-de-concejales-y-mayores-contribuyentes-aprobo-las-ordenanzas-fiscal-e-impositiva\/#breadcrumb","itemListElement":[{"@type":"ListItem","position":1,"name":"Inicio","item":"https:\/\/concejodeliberantedeazul.gob.ar\/"},{"@type":"ListItem","position":2,"name":"Por mayor\u00eda, la Asamblea de Concejales y Mayores Contribuyentes aprob\u00f3 las Ordenanzas Fiscal e Impositiva"}]},{"@type":"WebSite","@id":"http:\/\/concejodeliberantedeazul.gob.ar\/#website","url":"http:\/\/concejodeliberantedeazul.gob.ar\/","name":"Concejo deliberante de Azul","description":"Sitio Web Oficial del Concejo Deliberante de Azul, Prov. de Buenos Aires - Conformado por 18 concejales de todo el partido.","potentialAction":[{"@type":"SearchAction","target":{"@type":"EntryPoint","urlTemplate":"http:\/\/concejodeliberantedeazul.gob.ar\/?s={search_term_string}"},"query-input":{"@type":"PropertyValueSpecification","valueRequired":true,"valueName":"search_term_string"}}],"inLanguage":"es-AR"},{"@type":"Person","@id":"http:\/\/concejodeliberantedeazul.gob.ar\/#\/schema\/person\/65fd6514aee7c29f008fc53b206198fe","name":"Concejo Deliberante Azul","image":{"@type":"ImageObject","inLanguage":"es-AR","@id":"https:\/\/secure.gravatar.com\/avatar\/30d9ae907861b897be87a25469982f0cfbce09947e0998bf7d9d0ecab450fb85?s=96&d=mm&r=g","url":"https:\/\/secure.gravatar.com\/avatar\/30d9ae907861b897be87a25469982f0cfbce09947e0998bf7d9d0ecab450fb85?s=96&d=mm&r=g","contentUrl":"https:\/\/secure.gravatar.com\/avatar\/30d9ae907861b897be87a25469982f0cfbce09947e0998bf7d9d0ecab450fb85?s=96&d=mm&r=g","caption":"Concejo Deliberante Azul"},"url":"http:\/\/concejodeliberantedeazul.gob.ar\/index.php\/author\/concejo\/"}]}},"amp_enabled":true,"_links":{"self":[{"href":"http:\/\/concejodeliberantedeazul.gob.ar\/index.php\/wp-json\/wp\/v2\/posts\/3192","targetHints":{"allow":["GET"]}}],"collection":[{"href":"http:\/\/concejodeliberantedeazul.gob.ar\/index.php\/wp-json\/wp\/v2\/posts"}],"about":[{"href":"http:\/\/concejodeliberantedeazul.gob.ar\/index.php\/wp-json\/wp\/v2\/types\/post"}],"author":[{"embeddable":true,"href":"http:\/\/concejodeliberantedeazul.gob.ar\/index.php\/wp-json\/wp\/v2\/users\/2"}],"replies":[{"embeddable":true,"href":"http:\/\/concejodeliberantedeazul.gob.ar\/index.php\/wp-json\/wp\/v2\/comments?post=3192"}],"version-history":[{"count":1,"href":"http:\/\/concejodeliberantedeazul.gob.ar\/index.php\/wp-json\/wp\/v2\/posts\/3192\/revisions"}],"predecessor-version":[{"id":3194,"href":"http:\/\/concejodeliberantedeazul.gob.ar\/index.php\/wp-json\/wp\/v2\/posts\/3192\/revisions\/3194"}],"wp:featuredmedia":[{"embeddable":true,"href":"http:\/\/concejodeliberantedeazul.gob.ar\/index.php\/wp-json\/wp\/v2\/media\/3193"}],"wp:attachment":[{"href":"http:\/\/concejodeliberantedeazul.gob.ar\/index.php\/wp-json\/wp\/v2\/media?parent=3192"}],"wp:term":[{"taxonomy":"category","embeddable":true,"href":"http:\/\/concejodeliberantedeazul.gob.ar\/index.php\/wp-json\/wp\/v2\/categories?post=3192"},{"taxonomy":"post_tag","embeddable":true,"href":"http:\/\/concejodeliberantedeazul.gob.ar\/index.php\/wp-json\/wp\/v2\/tags?post=3192"}],"curies":[{"name":"wp","href":"https:\/\/api.w.org\/{rel}","templated":true}]}}