{"id":3185,"date":"2024-12-12T13:58:04","date_gmt":"2024-12-12T16:58:04","guid":{"rendered":"http:\/\/concejodeliberantedeazul.gob.ar\/?p=3185"},"modified":"2024-12-12T13:58:07","modified_gmt":"2024-12-12T16:58:07","slug":"el-concejo-deliberante-giro-el-presupuesto-nuevamente-al-departamento-ejecutivo","status":"publish","type":"post","link":"http:\/\/concejodeliberantedeazul.gob.ar\/index.php\/2024\/12\/12\/el-concejo-deliberante-giro-el-presupuesto-nuevamente-al-departamento-ejecutivo\/","title":{"rendered":"El Concejo Deliberante gir\u00f3 el Presupuesto nuevamente al Departamento Ejecutivo"},"content":{"rendered":"\n<p>Se llev\u00f3 a cabo, en el recinto del Concejo Deliberante, la Sesi\u00f3n Extraordinaria en la cual los Concejales, adem\u00e1s de diferentes temas, abordaron Presupuesto 2025 y Ordenanzas Fiscal e Impositiva.<\/p>\n\n\n\n<p>Los 3 proyectos de Ordenanza contaron con sus respectivos despachos provenientes de las Comisiones de Presupuesto y Hacienda y de Interpretaci\u00f3n, Legislaci\u00f3n y Seguridad P\u00fablica.<\/p>\n\n\n\n<p>Luego de un arduo debate, por mayor\u00eda, los Concejales decidieron girar nuevamente el proyecto relacionado con el C\u00e1lculo de Recursos y Presupuesto de Gastos para el ejercicio fiscal 2025 al Departamento Ejecutivo para la readecuaci\u00f3n y posterior tratamiento.<\/p>\n\n\n\n<p><strong>Expedientes elevados por el Intendente:<\/strong><\/p>\n\n\n\n<p>-Intendente Municipal elev\u00f3 actuaciones iniciadas por Azul Athl\u00e9tic Club, con proyecto de Ordenanza referido a condonar la deuda que, en concepto de Tasa por Servicios Urbanos, mantiene con este Municipio la mencionada instituci\u00f3n por inmuebles de su propiedad. El expediente se gir\u00f3 a las Comisiones de Presupuesto y de Interpretaci\u00f3n.<\/p>\n\n\n\n<p>-Intendente Municipal elev\u00f3 actuaciones iniciadas por el Centro de Jubilados y Pensionados \u201cMonte Viggiano\u201d, con proyecto de Ordenanza referido a autorizar al Departamento Ejecutivo a suscribir un Convenio Marco de Cooperaci\u00f3n Institucional con la mencionada entidad a fin de realizar actividades sociales, deportivas, culturales y educativas en beneficio de la comunidad. El expediente se gir\u00f3 a la Comisi\u00f3n de Interpretaci\u00f3n.<\/p>\n\n\n\n<p>-Intendente Municipal elev\u00f3 actuaciones iniciadas por CEAL, con proyecto de Ordenanza relacionado a la pr\u00f3rroga del Contrato de Concesi\u00f3n municipal para el Servicio P\u00fablico de Distribuci\u00f3n de Energ\u00eda El\u00e9ctrica. El expediente se elev\u00f3 a la Comisi\u00f3n de Interpretaci\u00f3n.<\/p>\n\n\n\n<p>-Intendente Municipal elev\u00f3 actuaciones iniciadas por el C\u00edrculo \u00c1rabe de Azul, con proyecto de Ordenanza referido a Autorizar al Departamento Ejecutivo a suscribir un Convenio Marco de Cooperaci\u00f3n Institucional con la mencionada entidad a fin de realizar actividades sociales, deportivas, culturales y educativas en beneficio de la comunidad. El expediente fue girado a la Comisi\u00f3n de Interpretaci\u00f3n.<\/p>\n\n\n\n<p>-Intendente Municipal elev\u00f3 actuaciones iniciadas por la Comisi\u00f3n Directiva del Club V\u00e9lez Sarsfield, con proyecto de Ordenanza referido a condonar la deuda que, en concepto de Tasa por Servicios Urbanos, mantiene con este Municipio la mencionada instituci\u00f3n por inmueble de su propiedad. El expediente fue elevado a las Comisiones de Presupuesto y de Interpretaci\u00f3n.<\/p>\n\n\n\n<p>-Intendente Municipal elev\u00f3 actuaciones iniciadas por la Iglesia Evang\u00e9lica Luterana Unida, con proyecto de Ordenanza referido a condonar la deuda que, en concepto de Tasa por Servicios Urbanos y Contribuci\u00f3n de Mejoras, mantiene con este Municipio la mencionada instituci\u00f3n por inmueble de su propiedad. El expediente fue girado a Presupuesto e Interpretaci\u00f3n.<\/p>\n\n\n\n<p>-Intendente Municipal elev\u00f3 nota a fin de solicitar autorizaci\u00f3n para hacer uso de su licencia anual ordinaria desde el d\u00eda 13 hasta el d\u00eda 26 de enero de 2025 inclusive. El pedido de licencia fue aprobado por mayor\u00eda.<\/p>\n\n\n\n<p>-Intendente Municipal elev\u00f3 actuaciones iniciadas por la Subdirecci\u00f3n Gesti\u00f3n de Patrimonio, con proyecto de Ordenanza referido a autorizar al Departamento Ejecutivo a aceptar la donaci\u00f3n de una obra de arte destinada al Museo Municipal de Arte \u201cL\u00f3pez Claro\u201d, realizada por el artista Oscar Labro, conocido como Juan Chavetta. El expediente se gir\u00f3 a Presupuesto y a Interpretaci\u00f3n.<\/p>\n\n\n\n<p>-Intendente Municipal elev\u00f3 actuaciones iniciadas por la Subdirecci\u00f3n Gesti\u00f3n de Patrimonio, con proyecto de Ordenanza referido a autorizar al Departamento Ejecutivo a aceptar la donaci\u00f3n de bienes rodados para distintas \u00e1reas municipales por parte de la Direcci\u00f3n de Automotores y Embarcaciones Oficiales de PBA. El expediente se gir\u00f3 a Presupuesto e Interpretaci\u00f3n.<\/p>\n\n\n\n<p><strong><u>Despachos de las Comisiones:<\/u><\/strong><\/p>\n\n\n\n<p>-Despachos de las Comisiones de Presupuesto y Hacienda y de Interpretaci\u00f3n, Legislaci\u00f3n y Seguridad P\u00fablicarelacionados al C\u00e1lculo de Recursos y Presupuesto de Gastos para el ejercicio fiscal 2025.<\/p>\n\n\n\n<p>Se presentaron dos despachos: el despacho en mayor\u00eda fue le\u00eddo y fundamentado por la Concejal Consuelo Burgos. El despacho en minor\u00eda fue le\u00eddo y fundamentado por la Concejal Mar\u00eda In\u00e9s Laurini.<\/p>\n\n\n\n<p>Posterior al debate, se llev\u00f3 a cabo la votaci\u00f3n dando como resultado la <strong>aprobaci\u00f3n por mayor\u00eda del despacho en mayor\u00eda con 10 votos a favor, 7 en contra y 1 abstenci\u00f3n.<\/strong><\/p>\n\n\n\n<p>-Despachos de las Comisiones de Presupuesto y Hacienda y de Interpretaci\u00f3n, Legislaci\u00f3n y Seguridad P\u00fablica relacionados al proyecto que modifica la Ordenanza 4.909\/2023 \u2013 C\u00f3digo Tributario Municipal.<\/p>\n\n\n\n<p>Se presentaron dos despachos: el despacho en mayor\u00eda fue le\u00eddo y fundamentado por la Concejal Consuelo Burgos. El despacho en minor\u00eda fue le\u00eddo y fundamentado por la Concejal Mar\u00eda In\u00e9s Laurini.<\/p>\n\n\n\n<p>Posterior al debate, se llev\u00f3 a cabo la votaci\u00f3n dando como resultado la <strong>aprobaci\u00f3n por mayor\u00eda del despacho en mayor\u00eda con 10 votos a favor, 6 en contra, 1 abstenci\u00f3n y 1 concejal ausente.<\/strong><\/p>\n\n\n\n<p>-Despachos de las Comisiones de Presupuesto y Hacienda y de Interpretaci\u00f3n, Legislaci\u00f3n y Seguridad P\u00fablica relacionados al proyecto de Ordenanza Impositiva para el ejercicio 2025.<\/p>\n\n\n\n<p>Se presentaron dos despachos: el despacho en mayor\u00eda fue le\u00eddo y fundamentado por la Concejal Consuelo Burgos. El despacho en minor\u00eda fue le\u00eddo y fundamentado por la Concejal Mar\u00eda In\u00e9s Laurini.<\/p>\n\n\n\n<p>Posterior al debate, se llev\u00f3 a cabo la votaci\u00f3n dando como resultado la <strong>aprobaci\u00f3n por mayor\u00eda del despacho en mayor\u00eda con 10 votos a favor, 6 en contra y 2 abstenciones. &nbsp;<\/strong><\/p>\n\n\n\n<p>-Despacho de la Comisi\u00f3n de Presupuesto y Haciendaaconsejando el archivo de las presentes actuaciones (CEAL AGUA. Eleva presupuesto 2025 e informa sobre un ajuste en la tarifa en los pr\u00f3ximos vencimientos (noviembre- diciembre). El despacho se aprob\u00f3 por unanimidad.<\/p>\n\n\n\n<p>-Concejales del partido de Azul elevaron proyecto de Resoluci\u00f3n referido a declarar de Inter\u00e9s Comunitario la \u201cAntorchada\u201d que realiza anualmente, en el mes de febrero, el equipo de guardavidas del Balneario municipal de Azul. La Resoluci\u00f3n se aprob\u00f3 por unanimidad.<\/p>\n\n\n\n<p>-Concejales del partido de Azul elevaron proyecto de Resoluci\u00f3n referido a declarar de Inter\u00e9s Comunitario, Productivo y Tur\u00edstico la 2\u00ba Fiesta de la Lavanda y sus actividades, organizadas por el Club de la Lavanda. La Resoluci\u00f3n se aprob\u00f3 por unanimidad.<\/p>\n\n\n\n<p>-Concejales del partido de Azul elevaron proyecto de Resoluci\u00f3n referido a declarar de Inter\u00e9s Educativo, Cultural y Comunitario la participaci\u00f3n y el resultado obtenido del grupo de j\u00f3venes de ENVI\u00d3N en el programa provincial \u201cFuturo Memoria\u201d. &nbsp;La Resoluci\u00f3n fue aprobada por mayor\u00eda.<\/p>\n\n\n\n<p><strong>Notas recibidas<\/strong><\/p>\n\n\n\n<p>-Intendente Municipal elev\u00f3 para conocimiento, actuaciones iniciadas por el Organismo Descentralizado de Vialidad Rural de Azul ref. a designaci\u00f3n de Director y Subdirector del mencionado organismo. La nota qued\u00f3 por Presidencia.<\/p>\n\n\n\n<p>-Intendente Municipal elev\u00f3 nota solicitando la correcci\u00f3n del art\u00edculo N\u00b0 33 del proyecto de Ordenanza del C\u00e1lculo de Recursos y Presupuesto de Gastos para el Ejercicio Fiscal 2025. La nota qued\u00f3 por Presidencia porque ya hab\u00eda sido enviada a los Concejales.<\/p>\n\n\n\n<p>-CEAL eleva nota relacionada a la imputaci\u00f3n recibida por parte de la Direcci\u00f3n Nacional de Defensa del Consumidor y Arbitraje del Usuario \u2013 Ministerio de Econom\u00eda de la Naci\u00f3n por cobro del servicio de alumbrado p\u00fablico en la boleta de luz. La nota qued\u00f3 por Presidencia.<\/p>\n\n\n\n<p>-Vecinos Zona Balneario elevaron nota solicitando una reuni\u00f3n con concejales, funcionarios del Departamento Ejecutivo y Polic\u00eda, a fin de tratar conjuntamente la problem\u00e1tica del tr\u00e1nsito y ruidos molestos que sufren diariamente por falta de controles. La reuni\u00f3n ya fue realizada.<\/p>\n\n\n\n<p>-Vecino Santiago Sotes \u2013 Barrio Villa Mitre elev\u00f3 nota solicitando una reuni\u00f3n con la comisi\u00f3n de Obras P\u00fablicas, a fin de tratar y visibilizar su problem\u00e1tica relacionada con la falta de apertura del pasaje Hern\u00e1ndez entre Mitre y Chaves. La nota se gir\u00f3 a la Comisi\u00f3n de Obras P\u00fablicas, Vialidad y Transporte.<\/p>\n\n\n\n<p>-Vecinos y Vecinas del Partido de Azul \u2013 Afiliados a IOMA elevaron nota solicitando una pronta soluci\u00f3n ante el conflicto suscitado entre la mencionada obra social y FEMEBA, a fin de que los afiliados que siguen realizando sus aportes puedan contar con una cobertura m\u00e9dica completa. La reuni\u00f3n ya fue realizada.<\/p>\n\n\n\n<p>-Vecino D\u00edaz Carlos elev\u00f3 nota solicitando se gestione ante quienes corresponda la colocaci\u00f3n de luminarias de alumbrado p\u00fablico en la calle Bermay entre San Carlos y De las Cautivas \u2013 Barrio El Sol. La nota qued\u00f3 en la Comisi\u00f3n de Obras P\u00fablicas.<\/p>\n\n\n\n<p>-Secretar\u00edas de Obras Publicas y Desarrollo Productivo, y Ceda elevaron nota solicitando una reuni\u00f3n en conjunto para trabajar con las ordenanzas vigentes relacionadas a la carteler\u00eda comercial. La nota qued\u00f3 por Presidencia.<\/p>\n\n\n\n<p>-Vecino Laur\u00eda Jorge Lu\u00eds eleva nota solicitando revisi\u00f3n y aprobaci\u00f3n de la Licitaci\u00f3n P\u00fablica para la Concesi\u00f3n de Uso Precario y Explotaci\u00f3n del sector de la Confiter\u00eda del Parque Municipal. La nota qued\u00f3 por Presidencia.<\/p>\n\n\n\n<p>-Vecino Rusiecki elev\u00f3 notas con propuesta para consideraci\u00f3n del Cuerpo. Las notas quedaron por Presidencia.<\/p>\n\n\n\n<p><strong>Respuestas a expedientes:<\/strong><\/p>\n\n\n\n<p>-Respuesta del Departamento Ejecutivo a la Comunicaci\u00f3n N\u00b0 2.691\/2023, mediante la cual se le solicitaba la realizaci\u00f3n de gestiones para la escrituraci\u00f3n de las viviendas familiares del barrio Juan Domingo Per\u00f3n. La respuesta qued\u00f3 por Presidencia.<\/p>\n\n\n\n<p><strong>Informes:<\/strong><\/p>\n\n\n\n<p>-Informe de concejales representantes del Cuerpo en la Mesa Local Intersectorial contra las Violencias por motivos de g\u00e9nero, dando cumplimiento al art\u00edculo 8\u00b0 bis del Reglamento interno. La Concejal Gisela Arbiza fue la encargada de dar lectura al informe y el mismo qued\u00f3 por Presidencia.<\/p>\n","protected":false},"excerpt":{"rendered":"<p>Se llev\u00f3 a cabo, en el recinto del Concejo Deliberante, la Sesi\u00f3n Extraordinaria en la cual los Concejales, adem\u00e1s de diferentes temas, abordaron Presupuesto 2025 y Ordenanzas Fiscal e Impositiva. Los 3 proyectos de Ordenanza contaron con sus respectivos despachos provenientes de las Comisiones de Presupuesto y Hacienda y de Interpretaci\u00f3n, Legislaci\u00f3n y Seguridad P\u00fablica. [&hellip;]<\/p>\n","protected":false},"author":2,"featured_media":3187,"comment_status":"open","ping_status":"open","sticky":false,"template":"","format":"standard","meta":{"tdm_status":"","tdm_grid_status":"","footnotes":""},"categories":[7],"tags":[],"class_list":{"0":"post-3185","1":"post","2":"type-post","3":"status-publish","4":"format-standard","5":"has-post-thumbnail","7":"category-noticias"},"yoast_head":"<!-- This site is optimized with the Yoast SEO plugin v27.3 - https:\/\/yoast.com\/product\/yoast-seo-wordpress\/ -->\n<title>El Concejo Deliberante gir\u00f3 el Presupuesto nuevamente al Departamento Ejecutivo - Concejo deliberante de Azul<\/title>\n<meta name=\"robots\" content=\"index, follow, max-snippet:-1, max-image-preview:large, max-video-preview:-1\" \/>\n<link rel=\"canonical\" href=\"http:\/\/concejodeliberantedeazul.gob.ar\/index.php\/2024\/12\/12\/el-concejo-deliberante-giro-el-presupuesto-nuevamente-al-departamento-ejecutivo\/\" \/>\n<meta property=\"og:locale\" content=\"es_ES\" \/>\n<meta property=\"og:type\" content=\"article\" \/>\n<meta property=\"og:title\" content=\"El Concejo Deliberante gir\u00f3 el Presupuesto nuevamente al Departamento Ejecutivo - Concejo deliberante de Azul\" \/>\n<meta property=\"og:description\" content=\"Se llev\u00f3 a cabo, en el recinto del Concejo Deliberante, la Sesi\u00f3n Extraordinaria en la cual los Concejales, adem\u00e1s de diferentes temas, abordaron Presupuesto 2025 y Ordenanzas Fiscal e Impositiva. Los 3 proyectos de Ordenanza contaron con sus respectivos despachos provenientes de las Comisiones de Presupuesto y Hacienda y de Interpretaci\u00f3n, Legislaci\u00f3n y Seguridad P\u00fablica. [&hellip;]\" \/>\n<meta property=\"og:url\" content=\"http:\/\/concejodeliberantedeazul.gob.ar\/index.php\/2024\/12\/12\/el-concejo-deliberante-giro-el-presupuesto-nuevamente-al-departamento-ejecutivo\/\" \/>\n<meta property=\"og:site_name\" content=\"Concejo deliberante de Azul\" \/>\n<meta property=\"article:published_time\" content=\"2024-12-12T16:58:04+00:00\" \/>\n<meta property=\"article:modified_time\" content=\"2024-12-12T16:58:07+00:00\" \/>\n<meta property=\"og:image\" content=\"http:\/\/concejodeliberantedeazul.gob.ar\/wp-content\/uploads\/2024\/12\/Sesion-002-12-12-24-Foto-Hector-Garcia.jpg\" \/>\n\t<meta property=\"og:image:width\" content=\"1913\" \/>\n\t<meta property=\"og:image:height\" content=\"1276\" \/>\n\t<meta property=\"og:image:type\" content=\"image\/jpeg\" \/>\n<meta name=\"author\" content=\"Concejo Deliberante Azul\" \/>\n<meta name=\"twitter:card\" content=\"summary_large_image\" \/>\n<meta name=\"twitter:label1\" content=\"Escrito por\" \/>\n\t<meta name=\"twitter:data1\" content=\"Concejo Deliberante Azul\" \/>\n\t<meta name=\"twitter:label2\" content=\"Tiempo de lectura\" \/>\n\t<meta name=\"twitter:data2\" content=\"7 minutos\" \/>\n<script type=\"application\/ld+json\" class=\"yoast-schema-graph\">{\"@context\":\"https:\\\/\\\/schema.org\",\"@graph\":[{\"@type\":\"Article\",\"@id\":\"http:\\\/\\\/concejodeliberantedeazul.gob.ar\\\/index.php\\\/2024\\\/12\\\/12\\\/el-concejo-deliberante-giro-el-presupuesto-nuevamente-al-departamento-ejecutivo\\\/#article\",\"isPartOf\":{\"@id\":\"http:\\\/\\\/concejodeliberantedeazul.gob.ar\\\/index.php\\\/2024\\\/12\\\/12\\\/el-concejo-deliberante-giro-el-presupuesto-nuevamente-al-departamento-ejecutivo\\\/\"},\"author\":{\"name\":\"Concejo Deliberante Azul\",\"@id\":\"http:\\\/\\\/concejodeliberantedeazul.gob.ar\\\/#\\\/schema\\\/person\\\/65fd6514aee7c29f008fc53b206198fe\"},\"headline\":\"El Concejo Deliberante gir\u00f3 el Presupuesto nuevamente al Departamento Ejecutivo\",\"datePublished\":\"2024-12-12T16:58:04+00:00\",\"dateModified\":\"2024-12-12T16:58:07+00:00\",\"mainEntityOfPage\":{\"@id\":\"http:\\\/\\\/concejodeliberantedeazul.gob.ar\\\/index.php\\\/2024\\\/12\\\/12\\\/el-concejo-deliberante-giro-el-presupuesto-nuevamente-al-departamento-ejecutivo\\\/\"},\"wordCount\":1600,\"commentCount\":0,\"image\":{\"@id\":\"http:\\\/\\\/concejodeliberantedeazul.gob.ar\\\/index.php\\\/2024\\\/12\\\/12\\\/el-concejo-deliberante-giro-el-presupuesto-nuevamente-al-departamento-ejecutivo\\\/#primaryimage\"},\"thumbnailUrl\":\"http:\\\/\\\/concejodeliberantedeazul.gob.ar\\\/wp-content\\\/uploads\\\/2024\\\/12\\\/Sesion-002-12-12-24-Foto-Hector-Garcia.jpg\",\"articleSection\":[\"Noticias\"],\"inLanguage\":\"es-AR\",\"potentialAction\":[{\"@type\":\"CommentAction\",\"name\":\"Comment\",\"target\":[\"http:\\\/\\\/concejodeliberantedeazul.gob.ar\\\/index.php\\\/2024\\\/12\\\/12\\\/el-concejo-deliberante-giro-el-presupuesto-nuevamente-al-departamento-ejecutivo\\\/#respond\"]}]},{\"@type\":\"WebPage\",\"@id\":\"http:\\\/\\\/concejodeliberantedeazul.gob.ar\\\/index.php\\\/2024\\\/12\\\/12\\\/el-concejo-deliberante-giro-el-presupuesto-nuevamente-al-departamento-ejecutivo\\\/\",\"url\":\"http:\\\/\\\/concejodeliberantedeazul.gob.ar\\\/index.php\\\/2024\\\/12\\\/12\\\/el-concejo-deliberante-giro-el-presupuesto-nuevamente-al-departamento-ejecutivo\\\/\",\"name\":\"El Concejo Deliberante gir\u00f3 el Presupuesto nuevamente al Departamento Ejecutivo - Concejo deliberante de Azul\",\"isPartOf\":{\"@id\":\"http:\\\/\\\/concejodeliberantedeazul.gob.ar\\\/#website\"},\"primaryImageOfPage\":{\"@id\":\"http:\\\/\\\/concejodeliberantedeazul.gob.ar\\\/index.php\\\/2024\\\/12\\\/12\\\/el-concejo-deliberante-giro-el-presupuesto-nuevamente-al-departamento-ejecutivo\\\/#primaryimage\"},\"image\":{\"@id\":\"http:\\\/\\\/concejodeliberantedeazul.gob.ar\\\/index.php\\\/2024\\\/12\\\/12\\\/el-concejo-deliberante-giro-el-presupuesto-nuevamente-al-departamento-ejecutivo\\\/#primaryimage\"},\"thumbnailUrl\":\"http:\\\/\\\/concejodeliberantedeazul.gob.ar\\\/wp-content\\\/uploads\\\/2024\\\/12\\\/Sesion-002-12-12-24-Foto-Hector-Garcia.jpg\",\"datePublished\":\"2024-12-12T16:58:04+00:00\",\"dateModified\":\"2024-12-12T16:58:07+00:00\",\"author\":{\"@id\":\"http:\\\/\\\/concejodeliberantedeazul.gob.ar\\\/#\\\/schema\\\/person\\\/65fd6514aee7c29f008fc53b206198fe\"},\"breadcrumb\":{\"@id\":\"http:\\\/\\\/concejodeliberantedeazul.gob.ar\\\/index.php\\\/2024\\\/12\\\/12\\\/el-concejo-deliberante-giro-el-presupuesto-nuevamente-al-departamento-ejecutivo\\\/#breadcrumb\"},\"inLanguage\":\"es-AR\",\"potentialAction\":[{\"@type\":\"ReadAction\",\"target\":[\"http:\\\/\\\/concejodeliberantedeazul.gob.ar\\\/index.php\\\/2024\\\/12\\\/12\\\/el-concejo-deliberante-giro-el-presupuesto-nuevamente-al-departamento-ejecutivo\\\/\"]}]},{\"@type\":\"ImageObject\",\"inLanguage\":\"es-AR\",\"@id\":\"http:\\\/\\\/concejodeliberantedeazul.gob.ar\\\/index.php\\\/2024\\\/12\\\/12\\\/el-concejo-deliberante-giro-el-presupuesto-nuevamente-al-departamento-ejecutivo\\\/#primaryimage\",\"url\":\"http:\\\/\\\/concejodeliberantedeazul.gob.ar\\\/wp-content\\\/uploads\\\/2024\\\/12\\\/Sesion-002-12-12-24-Foto-Hector-Garcia.jpg\",\"contentUrl\":\"http:\\\/\\\/concejodeliberantedeazul.gob.ar\\\/wp-content\\\/uploads\\\/2024\\\/12\\\/Sesion-002-12-12-24-Foto-Hector-Garcia.jpg\",\"width\":1913,\"height\":1276},{\"@type\":\"BreadcrumbList\",\"@id\":\"http:\\\/\\\/concejodeliberantedeazul.gob.ar\\\/index.php\\\/2024\\\/12\\\/12\\\/el-concejo-deliberante-giro-el-presupuesto-nuevamente-al-departamento-ejecutivo\\\/#breadcrumb\",\"itemListElement\":[{\"@type\":\"ListItem\",\"position\":1,\"name\":\"Inicio\",\"item\":\"https:\\\/\\\/concejodeliberantedeazul.gob.ar\\\/\"},{\"@type\":\"ListItem\",\"position\":2,\"name\":\"El Concejo Deliberante gir\u00f3 el Presupuesto nuevamente al Departamento Ejecutivo\"}]},{\"@type\":\"WebSite\",\"@id\":\"http:\\\/\\\/concejodeliberantedeazul.gob.ar\\\/#website\",\"url\":\"http:\\\/\\\/concejodeliberantedeazul.gob.ar\\\/\",\"name\":\"Concejo deliberante de Azul\",\"description\":\"Sitio Web Oficial del Concejo Deliberante de Azul, Prov. de Buenos Aires - Conformado por 18 concejales de todo el partido.\",\"potentialAction\":[{\"@type\":\"SearchAction\",\"target\":{\"@type\":\"EntryPoint\",\"urlTemplate\":\"http:\\\/\\\/concejodeliberantedeazul.gob.ar\\\/?s={search_term_string}\"},\"query-input\":{\"@type\":\"PropertyValueSpecification\",\"valueRequired\":true,\"valueName\":\"search_term_string\"}}],\"inLanguage\":\"es-AR\"},{\"@type\":\"Person\",\"@id\":\"http:\\\/\\\/concejodeliberantedeazul.gob.ar\\\/#\\\/schema\\\/person\\\/65fd6514aee7c29f008fc53b206198fe\",\"name\":\"Concejo Deliberante Azul\",\"image\":{\"@type\":\"ImageObject\",\"inLanguage\":\"es-AR\",\"@id\":\"https:\\\/\\\/secure.gravatar.com\\\/avatar\\\/30d9ae907861b897be87a25469982f0cfbce09947e0998bf7d9d0ecab450fb85?s=96&d=mm&r=g\",\"url\":\"https:\\\/\\\/secure.gravatar.com\\\/avatar\\\/30d9ae907861b897be87a25469982f0cfbce09947e0998bf7d9d0ecab450fb85?s=96&d=mm&r=g\",\"contentUrl\":\"https:\\\/\\\/secure.gravatar.com\\\/avatar\\\/30d9ae907861b897be87a25469982f0cfbce09947e0998bf7d9d0ecab450fb85?s=96&d=mm&r=g\",\"caption\":\"Concejo Deliberante Azul\"},\"url\":\"http:\\\/\\\/concejodeliberantedeazul.gob.ar\\\/index.php\\\/author\\\/concejo\\\/\"}]}<\/script>\n<!-- \/ Yoast SEO plugin. -->","yoast_head_json":{"title":"El Concejo Deliberante gir\u00f3 el Presupuesto nuevamente al Departamento Ejecutivo - Concejo deliberante de Azul","robots":{"index":"index","follow":"follow","max-snippet":"max-snippet:-1","max-image-preview":"max-image-preview:large","max-video-preview":"max-video-preview:-1"},"canonical":"http:\/\/concejodeliberantedeazul.gob.ar\/index.php\/2024\/12\/12\/el-concejo-deliberante-giro-el-presupuesto-nuevamente-al-departamento-ejecutivo\/","og_locale":"es_ES","og_type":"article","og_title":"El Concejo Deliberante gir\u00f3 el Presupuesto nuevamente al Departamento Ejecutivo - Concejo deliberante de Azul","og_description":"Se llev\u00f3 a cabo, en el recinto del Concejo Deliberante, la Sesi\u00f3n Extraordinaria en la cual los Concejales, adem\u00e1s de diferentes temas, abordaron Presupuesto 2025 y Ordenanzas Fiscal e Impositiva. Los 3 proyectos de Ordenanza contaron con sus respectivos despachos provenientes de las Comisiones de Presupuesto y Hacienda y de Interpretaci\u00f3n, Legislaci\u00f3n y Seguridad P\u00fablica. [&hellip;]","og_url":"http:\/\/concejodeliberantedeazul.gob.ar\/index.php\/2024\/12\/12\/el-concejo-deliberante-giro-el-presupuesto-nuevamente-al-departamento-ejecutivo\/","og_site_name":"Concejo deliberante de Azul","article_published_time":"2024-12-12T16:58:04+00:00","article_modified_time":"2024-12-12T16:58:07+00:00","og_image":[{"width":1913,"height":1276,"url":"http:\/\/concejodeliberantedeazul.gob.ar\/wp-content\/uploads\/2024\/12\/Sesion-002-12-12-24-Foto-Hector-Garcia.jpg","type":"image\/jpeg"}],"author":"Concejo Deliberante Azul","twitter_card":"summary_large_image","twitter_misc":{"Escrito por":"Concejo Deliberante Azul","Tiempo de lectura":"7 minutos"},"schema":{"@context":"https:\/\/schema.org","@graph":[{"@type":"Article","@id":"http:\/\/concejodeliberantedeazul.gob.ar\/index.php\/2024\/12\/12\/el-concejo-deliberante-giro-el-presupuesto-nuevamente-al-departamento-ejecutivo\/#article","isPartOf":{"@id":"http:\/\/concejodeliberantedeazul.gob.ar\/index.php\/2024\/12\/12\/el-concejo-deliberante-giro-el-presupuesto-nuevamente-al-departamento-ejecutivo\/"},"author":{"name":"Concejo Deliberante Azul","@id":"http:\/\/concejodeliberantedeazul.gob.ar\/#\/schema\/person\/65fd6514aee7c29f008fc53b206198fe"},"headline":"El Concejo Deliberante gir\u00f3 el Presupuesto nuevamente al Departamento Ejecutivo","datePublished":"2024-12-12T16:58:04+00:00","dateModified":"2024-12-12T16:58:07+00:00","mainEntityOfPage":{"@id":"http:\/\/concejodeliberantedeazul.gob.ar\/index.php\/2024\/12\/12\/el-concejo-deliberante-giro-el-presupuesto-nuevamente-al-departamento-ejecutivo\/"},"wordCount":1600,"commentCount":0,"image":{"@id":"http:\/\/concejodeliberantedeazul.gob.ar\/index.php\/2024\/12\/12\/el-concejo-deliberante-giro-el-presupuesto-nuevamente-al-departamento-ejecutivo\/#primaryimage"},"thumbnailUrl":"http:\/\/concejodeliberantedeazul.gob.ar\/wp-content\/uploads\/2024\/12\/Sesion-002-12-12-24-Foto-Hector-Garcia.jpg","articleSection":["Noticias"],"inLanguage":"es-AR","potentialAction":[{"@type":"CommentAction","name":"Comment","target":["http:\/\/concejodeliberantedeazul.gob.ar\/index.php\/2024\/12\/12\/el-concejo-deliberante-giro-el-presupuesto-nuevamente-al-departamento-ejecutivo\/#respond"]}]},{"@type":"WebPage","@id":"http:\/\/concejodeliberantedeazul.gob.ar\/index.php\/2024\/12\/12\/el-concejo-deliberante-giro-el-presupuesto-nuevamente-al-departamento-ejecutivo\/","url":"http:\/\/concejodeliberantedeazul.gob.ar\/index.php\/2024\/12\/12\/el-concejo-deliberante-giro-el-presupuesto-nuevamente-al-departamento-ejecutivo\/","name":"El Concejo Deliberante gir\u00f3 el Presupuesto nuevamente al Departamento Ejecutivo - Concejo deliberante de Azul","isPartOf":{"@id":"http:\/\/concejodeliberantedeazul.gob.ar\/#website"},"primaryImageOfPage":{"@id":"http:\/\/concejodeliberantedeazul.gob.ar\/index.php\/2024\/12\/12\/el-concejo-deliberante-giro-el-presupuesto-nuevamente-al-departamento-ejecutivo\/#primaryimage"},"image":{"@id":"http:\/\/concejodeliberantedeazul.gob.ar\/index.php\/2024\/12\/12\/el-concejo-deliberante-giro-el-presupuesto-nuevamente-al-departamento-ejecutivo\/#primaryimage"},"thumbnailUrl":"http:\/\/concejodeliberantedeazul.gob.ar\/wp-content\/uploads\/2024\/12\/Sesion-002-12-12-24-Foto-Hector-Garcia.jpg","datePublished":"2024-12-12T16:58:04+00:00","dateModified":"2024-12-12T16:58:07+00:00","author":{"@id":"http:\/\/concejodeliberantedeazul.gob.ar\/#\/schema\/person\/65fd6514aee7c29f008fc53b206198fe"},"breadcrumb":{"@id":"http:\/\/concejodeliberantedeazul.gob.ar\/index.php\/2024\/12\/12\/el-concejo-deliberante-giro-el-presupuesto-nuevamente-al-departamento-ejecutivo\/#breadcrumb"},"inLanguage":"es-AR","potentialAction":[{"@type":"ReadAction","target":["http:\/\/concejodeliberantedeazul.gob.ar\/index.php\/2024\/12\/12\/el-concejo-deliberante-giro-el-presupuesto-nuevamente-al-departamento-ejecutivo\/"]}]},{"@type":"ImageObject","inLanguage":"es-AR","@id":"http:\/\/concejodeliberantedeazul.gob.ar\/index.php\/2024\/12\/12\/el-concejo-deliberante-giro-el-presupuesto-nuevamente-al-departamento-ejecutivo\/#primaryimage","url":"http:\/\/concejodeliberantedeazul.gob.ar\/wp-content\/uploads\/2024\/12\/Sesion-002-12-12-24-Foto-Hector-Garcia.jpg","contentUrl":"http:\/\/concejodeliberantedeazul.gob.ar\/wp-content\/uploads\/2024\/12\/Sesion-002-12-12-24-Foto-Hector-Garcia.jpg","width":1913,"height":1276},{"@type":"BreadcrumbList","@id":"http:\/\/concejodeliberantedeazul.gob.ar\/index.php\/2024\/12\/12\/el-concejo-deliberante-giro-el-presupuesto-nuevamente-al-departamento-ejecutivo\/#breadcrumb","itemListElement":[{"@type":"ListItem","position":1,"name":"Inicio","item":"https:\/\/concejodeliberantedeazul.gob.ar\/"},{"@type":"ListItem","position":2,"name":"El Concejo Deliberante gir\u00f3 el Presupuesto nuevamente al Departamento Ejecutivo"}]},{"@type":"WebSite","@id":"http:\/\/concejodeliberantedeazul.gob.ar\/#website","url":"http:\/\/concejodeliberantedeazul.gob.ar\/","name":"Concejo deliberante de Azul","description":"Sitio Web Oficial del Concejo Deliberante de Azul, Prov. de Buenos Aires - Conformado por 18 concejales de todo el partido.","potentialAction":[{"@type":"SearchAction","target":{"@type":"EntryPoint","urlTemplate":"http:\/\/concejodeliberantedeazul.gob.ar\/?s={search_term_string}"},"query-input":{"@type":"PropertyValueSpecification","valueRequired":true,"valueName":"search_term_string"}}],"inLanguage":"es-AR"},{"@type":"Person","@id":"http:\/\/concejodeliberantedeazul.gob.ar\/#\/schema\/person\/65fd6514aee7c29f008fc53b206198fe","name":"Concejo Deliberante Azul","image":{"@type":"ImageObject","inLanguage":"es-AR","@id":"https:\/\/secure.gravatar.com\/avatar\/30d9ae907861b897be87a25469982f0cfbce09947e0998bf7d9d0ecab450fb85?s=96&d=mm&r=g","url":"https:\/\/secure.gravatar.com\/avatar\/30d9ae907861b897be87a25469982f0cfbce09947e0998bf7d9d0ecab450fb85?s=96&d=mm&r=g","contentUrl":"https:\/\/secure.gravatar.com\/avatar\/30d9ae907861b897be87a25469982f0cfbce09947e0998bf7d9d0ecab450fb85?s=96&d=mm&r=g","caption":"Concejo Deliberante Azul"},"url":"http:\/\/concejodeliberantedeazul.gob.ar\/index.php\/author\/concejo\/"}]}},"amp_enabled":true,"_links":{"self":[{"href":"http:\/\/concejodeliberantedeazul.gob.ar\/index.php\/wp-json\/wp\/v2\/posts\/3185","targetHints":{"allow":["GET"]}}],"collection":[{"href":"http:\/\/concejodeliberantedeazul.gob.ar\/index.php\/wp-json\/wp\/v2\/posts"}],"about":[{"href":"http:\/\/concejodeliberantedeazul.gob.ar\/index.php\/wp-json\/wp\/v2\/types\/post"}],"author":[{"embeddable":true,"href":"http:\/\/concejodeliberantedeazul.gob.ar\/index.php\/wp-json\/wp\/v2\/users\/2"}],"replies":[{"embeddable":true,"href":"http:\/\/concejodeliberantedeazul.gob.ar\/index.php\/wp-json\/wp\/v2\/comments?post=3185"}],"version-history":[{"count":1,"href":"http:\/\/concejodeliberantedeazul.gob.ar\/index.php\/wp-json\/wp\/v2\/posts\/3185\/revisions"}],"predecessor-version":[{"id":3188,"href":"http:\/\/concejodeliberantedeazul.gob.ar\/index.php\/wp-json\/wp\/v2\/posts\/3185\/revisions\/3188"}],"wp:featuredmedia":[{"embeddable":true,"href":"http:\/\/concejodeliberantedeazul.gob.ar\/index.php\/wp-json\/wp\/v2\/media\/3187"}],"wp:attachment":[{"href":"http:\/\/concejodeliberantedeazul.gob.ar\/index.php\/wp-json\/wp\/v2\/media?parent=3185"}],"wp:term":[{"taxonomy":"category","embeddable":true,"href":"http:\/\/concejodeliberantedeazul.gob.ar\/index.php\/wp-json\/wp\/v2\/categories?post=3185"},{"taxonomy":"post_tag","embeddable":true,"href":"http:\/\/concejodeliberantedeazul.gob.ar\/index.php\/wp-json\/wp\/v2\/tags?post=3185"}],"curies":[{"name":"wp","href":"https:\/\/api.w.org\/{rel}","templated":true}]}}