{"id":3098,"date":"2024-11-05T21:45:30","date_gmt":"2024-11-06T00:45:30","guid":{"rendered":"http:\/\/concejodeliberantedeazul.gob.ar\/?p=3098"},"modified":"2024-11-05T22:03:04","modified_gmt":"2024-11-06T01:03:04","slug":"descubrimiento-de-cuadro-fotografico-de-personas-detenidas-desaparecidas-durante-la-ultima-dictadura-militar","status":"publish","type":"post","link":"http:\/\/concejodeliberantedeazul.gob.ar\/index.php\/2024\/11\/05\/descubrimiento-de-cuadro-fotografico-de-personas-detenidas-desaparecidas-durante-la-ultima-dictadura-militar\/","title":{"rendered":"Descubrimiento de cuadro fotogr\u00e1fico de personas detenidas-desaparecidas durante la \u00faltima dictadura militar"},"content":{"rendered":"\n<p>Dando cumplimiento a la Resoluci\u00f3n N\u00b0 5.009, se realiz\u00f3 en el marco de la D\u00e9cima S\u00e9ptima Sesi\u00f3n Ordinaria un acto para rendir homenaje a las cuarenta y dos personas detenidas-desaparecidas vinculadas a nuestro partido, mediante el emplazamiento de un cuadro con sus fotograf\u00edas en el recinto del Concejo Deliberante.<\/p>\n\n\n\n<p>En principio, la Presidente del Poder Legislativo realiz\u00f3 un especial agradecimiento a los familiares de los detenidos-desaparecidos que se hicieron presentes en el recinto para participar de dicho homenaje.<\/p>\n\n\n\n<p>Posteriormente, por Secretaria se dio lectura a las m\u00e1s de 20 adhesiones que se presentaron enviadas por legisladores provinciales; referentes de organismos de DDHH; entidades sindicales y gremiales; organizaciones pol\u00edticas; instituciones educativas universitarias y terciarias; centros de estudiantes; entre otros.<\/p>\n\n\n\n<p>Luego, la Concejal Gabriela Lambusta hizo entrega de la Resoluci\u00f3n que fue recibida por Nahuel Mirande como integrante de la Comisi\u00f3n de Derechos Humanos del Instituto Superior de Formaci\u00f3n Docente y T\u00e9cnica N\u00b02, quienes fueron los impulsores del reconocimiento.<\/p>\n\n\n\n<p>Finalizada la entrega de la Resoluci\u00f3n, la Presidente, Pilar \u00c1lvarez junto a Mar\u00eda Victoria Rizzo, familiar de desaparecidos, realizaron el descubrimiento del cuadro que quedar\u00e1 emplazado en el recinto del Poder Legislativo pasando a formar parte de la galer\u00eda de fotograf\u00edas con que cuenta el Concejo.<\/p>\n\n\n\n<p>Antes de finalizado el acto, el Profesor Jorge Meza, integrante de la Comisi\u00f3n de DDHH del Instituto 2 brind\u00f3 palabras alusivas al respecto. En este sentido, Meza se\u00f1al\u00f3: \u201cObviamente es una tarde cargada de emociones, de pensamientos, de recuerdos en la casa de la democracia. Creo que lo primero que quiero decirles es la enorme satisfacci\u00f3n que a m\u00e1s de 40 a\u00f1os de recuperada la democracia la casa del pueblo haga un homenaje de estas caracter\u00edsticas\u201d. Adem\u00e1s, Meza manifest\u00f3: \u201cAgradecer a los familiares, a los que est\u00e1n presentes, a los de Azul, pero fundamentalmente a los que vinieron de afuera para estar presentes ac\u00e1 y ver detr\u00e1s del rostro de su ser querido y de su nombre, algo que seguramente conocen desde siempre\u201d. Por \u00faltimo, indic\u00f3 \u201cCuando hablamos de heridas abiertas es porque a\u00fan seguimos buscando los nietos que nos robaron su identidad. Nietos que hoy ya son adultos y que quiz\u00e1 puedan estar con nosotros y que a\u00fan cuesta encontrarlos\u201d.<\/p>\n","protected":false},"excerpt":{"rendered":"<p>Dando cumplimiento a la Resoluci\u00f3n N\u00b0 5.009, se realiz\u00f3 en el marco de la D\u00e9cima S\u00e9ptima Sesi\u00f3n Ordinaria un acto para rendir homenaje a las cuarenta y dos personas detenidas-desaparecidas vinculadas a nuestro partido, mediante el emplazamiento de un cuadro con sus fotograf\u00edas en el recinto del Concejo Deliberante. En principio, la Presidente del Poder [&hellip;]<\/p>\n","protected":false},"author":2,"featured_media":3100,"comment_status":"open","ping_status":"open","sticky":false,"template":"","format":"standard","meta":{"tdm_status":"","tdm_grid_status":"","footnotes":""},"categories":[7],"tags":[],"class_list":{"0":"post-3098","1":"post","2":"type-post","3":"status-publish","4":"format-standard","5":"has-post-thumbnail","7":"category-noticias"},"yoast_head":"<!-- This site is optimized with the Yoast SEO plugin v27.3 - https:\/\/yoast.com\/product\/yoast-seo-wordpress\/ -->\n<title>Descubrimiento de cuadro fotogr\u00e1fico de personas detenidas-desaparecidas durante la \u00faltima dictadura militar - Concejo deliberante de Azul<\/title>\n<meta name=\"robots\" content=\"index, follow, max-snippet:-1, max-image-preview:large, max-video-preview:-1\" \/>\n<link rel=\"canonical\" href=\"http:\/\/concejodeliberantedeazul.gob.ar\/index.php\/2024\/11\/05\/descubrimiento-de-cuadro-fotografico-de-personas-detenidas-desaparecidas-durante-la-ultima-dictadura-militar\/\" \/>\n<meta property=\"og:locale\" content=\"es_ES\" \/>\n<meta property=\"og:type\" content=\"article\" \/>\n<meta property=\"og:title\" content=\"Descubrimiento de cuadro fotogr\u00e1fico de personas detenidas-desaparecidas durante la \u00faltima dictadura militar - Concejo deliberante de Azul\" \/>\n<meta property=\"og:description\" content=\"Dando cumplimiento a la Resoluci\u00f3n N\u00b0 5.009, se realiz\u00f3 en el marco de la D\u00e9cima S\u00e9ptima Sesi\u00f3n Ordinaria un acto para rendir homenaje a las cuarenta y dos personas detenidas-desaparecidas vinculadas a nuestro partido, mediante el emplazamiento de un cuadro con sus fotograf\u00edas en el recinto del Concejo Deliberante. En principio, la Presidente del Poder [&hellip;]\" \/>\n<meta property=\"og:url\" content=\"http:\/\/concejodeliberantedeazul.gob.ar\/index.php\/2024\/11\/05\/descubrimiento-de-cuadro-fotografico-de-personas-detenidas-desaparecidas-durante-la-ultima-dictadura-militar\/\" \/>\n<meta property=\"og:site_name\" content=\"Concejo deliberante de Azul\" \/>\n<meta property=\"article:published_time\" content=\"2024-11-06T00:45:30+00:00\" \/>\n<meta property=\"article:modified_time\" content=\"2024-11-06T01:03:04+00:00\" \/>\n<meta property=\"og:image\" content=\"http:\/\/concejodeliberantedeazul.gob.ar\/wp-content\/uploads\/2024\/11\/Sesion-027-05-11-24-Foto-Hector-Garcia.jpg\" \/>\n\t<meta property=\"og:image:width\" content=\"1913\" \/>\n\t<meta property=\"og:image:height\" content=\"1276\" \/>\n\t<meta property=\"og:image:type\" content=\"image\/jpeg\" \/>\n<meta name=\"author\" content=\"Concejo Deliberante Azul\" \/>\n<meta name=\"twitter:card\" content=\"summary_large_image\" \/>\n<meta name=\"twitter:label1\" content=\"Escrito por\" \/>\n\t<meta name=\"twitter:data1\" content=\"Concejo Deliberante Azul\" \/>\n\t<meta name=\"twitter:label2\" content=\"Tiempo de lectura\" \/>\n\t<meta name=\"twitter:data2\" content=\"2 minutos\" \/>\n<script type=\"application\/ld+json\" class=\"yoast-schema-graph\">{\"@context\":\"https:\\\/\\\/schema.org\",\"@graph\":[{\"@type\":\"Article\",\"@id\":\"http:\\\/\\\/concejodeliberantedeazul.gob.ar\\\/index.php\\\/2024\\\/11\\\/05\\\/descubrimiento-de-cuadro-fotografico-de-personas-detenidas-desaparecidas-durante-la-ultima-dictadura-militar\\\/#article\",\"isPartOf\":{\"@id\":\"http:\\\/\\\/concejodeliberantedeazul.gob.ar\\\/index.php\\\/2024\\\/11\\\/05\\\/descubrimiento-de-cuadro-fotografico-de-personas-detenidas-desaparecidas-durante-la-ultima-dictadura-militar\\\/\"},\"author\":{\"name\":\"Concejo Deliberante Azul\",\"@id\":\"http:\\\/\\\/concejodeliberantedeazul.gob.ar\\\/#\\\/schema\\\/person\\\/65fd6514aee7c29f008fc53b206198fe\"},\"headline\":\"Descubrimiento de cuadro fotogr\u00e1fico de personas detenidas-desaparecidas durante la \u00faltima dictadura militar\",\"datePublished\":\"2024-11-06T00:45:30+00:00\",\"dateModified\":\"2024-11-06T01:03:04+00:00\",\"mainEntityOfPage\":{\"@id\":\"http:\\\/\\\/concejodeliberantedeazul.gob.ar\\\/index.php\\\/2024\\\/11\\\/05\\\/descubrimiento-de-cuadro-fotografico-de-personas-detenidas-desaparecidas-durante-la-ultima-dictadura-militar\\\/\"},\"wordCount\":399,\"commentCount\":0,\"image\":{\"@id\":\"http:\\\/\\\/concejodeliberantedeazul.gob.ar\\\/index.php\\\/2024\\\/11\\\/05\\\/descubrimiento-de-cuadro-fotografico-de-personas-detenidas-desaparecidas-durante-la-ultima-dictadura-militar\\\/#primaryimage\"},\"thumbnailUrl\":\"http:\\\/\\\/concejodeliberantedeazul.gob.ar\\\/wp-content\\\/uploads\\\/2024\\\/11\\\/Sesion-027-05-11-24-Foto-Hector-Garcia.jpg\",\"articleSection\":[\"Noticias\"],\"inLanguage\":\"es-AR\",\"potentialAction\":[{\"@type\":\"CommentAction\",\"name\":\"Comment\",\"target\":[\"http:\\\/\\\/concejodeliberantedeazul.gob.ar\\\/index.php\\\/2024\\\/11\\\/05\\\/descubrimiento-de-cuadro-fotografico-de-personas-detenidas-desaparecidas-durante-la-ultima-dictadura-militar\\\/#respond\"]}]},{\"@type\":\"WebPage\",\"@id\":\"http:\\\/\\\/concejodeliberantedeazul.gob.ar\\\/index.php\\\/2024\\\/11\\\/05\\\/descubrimiento-de-cuadro-fotografico-de-personas-detenidas-desaparecidas-durante-la-ultima-dictadura-militar\\\/\",\"url\":\"http:\\\/\\\/concejodeliberantedeazul.gob.ar\\\/index.php\\\/2024\\\/11\\\/05\\\/descubrimiento-de-cuadro-fotografico-de-personas-detenidas-desaparecidas-durante-la-ultima-dictadura-militar\\\/\",\"name\":\"Descubrimiento de cuadro fotogr\u00e1fico de personas detenidas-desaparecidas durante la \u00faltima dictadura militar - Concejo deliberante de Azul\",\"isPartOf\":{\"@id\":\"http:\\\/\\\/concejodeliberantedeazul.gob.ar\\\/#website\"},\"primaryImageOfPage\":{\"@id\":\"http:\\\/\\\/concejodeliberantedeazul.gob.ar\\\/index.php\\\/2024\\\/11\\\/05\\\/descubrimiento-de-cuadro-fotografico-de-personas-detenidas-desaparecidas-durante-la-ultima-dictadura-militar\\\/#primaryimage\"},\"image\":{\"@id\":\"http:\\\/\\\/concejodeliberantedeazul.gob.ar\\\/index.php\\\/2024\\\/11\\\/05\\\/descubrimiento-de-cuadro-fotografico-de-personas-detenidas-desaparecidas-durante-la-ultima-dictadura-militar\\\/#primaryimage\"},\"thumbnailUrl\":\"http:\\\/\\\/concejodeliberantedeazul.gob.ar\\\/wp-content\\\/uploads\\\/2024\\\/11\\\/Sesion-027-05-11-24-Foto-Hector-Garcia.jpg\",\"datePublished\":\"2024-11-06T00:45:30+00:00\",\"dateModified\":\"2024-11-06T01:03:04+00:00\",\"author\":{\"@id\":\"http:\\\/\\\/concejodeliberantedeazul.gob.ar\\\/#\\\/schema\\\/person\\\/65fd6514aee7c29f008fc53b206198fe\"},\"breadcrumb\":{\"@id\":\"http:\\\/\\\/concejodeliberantedeazul.gob.ar\\\/index.php\\\/2024\\\/11\\\/05\\\/descubrimiento-de-cuadro-fotografico-de-personas-detenidas-desaparecidas-durante-la-ultima-dictadura-militar\\\/#breadcrumb\"},\"inLanguage\":\"es-AR\",\"potentialAction\":[{\"@type\":\"ReadAction\",\"target\":[\"http:\\\/\\\/concejodeliberantedeazul.gob.ar\\\/index.php\\\/2024\\\/11\\\/05\\\/descubrimiento-de-cuadro-fotografico-de-personas-detenidas-desaparecidas-durante-la-ultima-dictadura-militar\\\/\"]}]},{\"@type\":\"ImageObject\",\"inLanguage\":\"es-AR\",\"@id\":\"http:\\\/\\\/concejodeliberantedeazul.gob.ar\\\/index.php\\\/2024\\\/11\\\/05\\\/descubrimiento-de-cuadro-fotografico-de-personas-detenidas-desaparecidas-durante-la-ultima-dictadura-militar\\\/#primaryimage\",\"url\":\"http:\\\/\\\/concejodeliberantedeazul.gob.ar\\\/wp-content\\\/uploads\\\/2024\\\/11\\\/Sesion-027-05-11-24-Foto-Hector-Garcia.jpg\",\"contentUrl\":\"http:\\\/\\\/concejodeliberantedeazul.gob.ar\\\/wp-content\\\/uploads\\\/2024\\\/11\\\/Sesion-027-05-11-24-Foto-Hector-Garcia.jpg\",\"width\":1913,\"height\":1276},{\"@type\":\"BreadcrumbList\",\"@id\":\"http:\\\/\\\/concejodeliberantedeazul.gob.ar\\\/index.php\\\/2024\\\/11\\\/05\\\/descubrimiento-de-cuadro-fotografico-de-personas-detenidas-desaparecidas-durante-la-ultima-dictadura-militar\\\/#breadcrumb\",\"itemListElement\":[{\"@type\":\"ListItem\",\"position\":1,\"name\":\"Inicio\",\"item\":\"https:\\\/\\\/concejodeliberantedeazul.gob.ar\\\/\"},{\"@type\":\"ListItem\",\"position\":2,\"name\":\"Descubrimiento de cuadro fotogr\u00e1fico de personas detenidas-desaparecidas durante la \u00faltima dictadura militar\"}]},{\"@type\":\"WebSite\",\"@id\":\"http:\\\/\\\/concejodeliberantedeazul.gob.ar\\\/#website\",\"url\":\"http:\\\/\\\/concejodeliberantedeazul.gob.ar\\\/\",\"name\":\"Concejo deliberante de Azul\",\"description\":\"Sitio Web Oficial del Concejo Deliberante de Azul, Prov. de Buenos Aires - Conformado por 18 concejales de todo el partido.\",\"potentialAction\":[{\"@type\":\"SearchAction\",\"target\":{\"@type\":\"EntryPoint\",\"urlTemplate\":\"http:\\\/\\\/concejodeliberantedeazul.gob.ar\\\/?s={search_term_string}\"},\"query-input\":{\"@type\":\"PropertyValueSpecification\",\"valueRequired\":true,\"valueName\":\"search_term_string\"}}],\"inLanguage\":\"es-AR\"},{\"@type\":\"Person\",\"@id\":\"http:\\\/\\\/concejodeliberantedeazul.gob.ar\\\/#\\\/schema\\\/person\\\/65fd6514aee7c29f008fc53b206198fe\",\"name\":\"Concejo Deliberante Azul\",\"image\":{\"@type\":\"ImageObject\",\"inLanguage\":\"es-AR\",\"@id\":\"https:\\\/\\\/secure.gravatar.com\\\/avatar\\\/30d9ae907861b897be87a25469982f0cfbce09947e0998bf7d9d0ecab450fb85?s=96&d=mm&r=g\",\"url\":\"https:\\\/\\\/secure.gravatar.com\\\/avatar\\\/30d9ae907861b897be87a25469982f0cfbce09947e0998bf7d9d0ecab450fb85?s=96&d=mm&r=g\",\"contentUrl\":\"https:\\\/\\\/secure.gravatar.com\\\/avatar\\\/30d9ae907861b897be87a25469982f0cfbce09947e0998bf7d9d0ecab450fb85?s=96&d=mm&r=g\",\"caption\":\"Concejo Deliberante Azul\"},\"url\":\"http:\\\/\\\/concejodeliberantedeazul.gob.ar\\\/index.php\\\/author\\\/concejo\\\/\"}]}<\/script>\n<!-- \/ Yoast SEO plugin. -->","yoast_head_json":{"title":"Descubrimiento de cuadro fotogr\u00e1fico de personas detenidas-desaparecidas durante la \u00faltima dictadura militar - Concejo deliberante de Azul","robots":{"index":"index","follow":"follow","max-snippet":"max-snippet:-1","max-image-preview":"max-image-preview:large","max-video-preview":"max-video-preview:-1"},"canonical":"http:\/\/concejodeliberantedeazul.gob.ar\/index.php\/2024\/11\/05\/descubrimiento-de-cuadro-fotografico-de-personas-detenidas-desaparecidas-durante-la-ultima-dictadura-militar\/","og_locale":"es_ES","og_type":"article","og_title":"Descubrimiento de cuadro fotogr\u00e1fico de personas detenidas-desaparecidas durante la \u00faltima dictadura militar - Concejo deliberante de Azul","og_description":"Dando cumplimiento a la Resoluci\u00f3n N\u00b0 5.009, se realiz\u00f3 en el marco de la D\u00e9cima S\u00e9ptima Sesi\u00f3n Ordinaria un acto para rendir homenaje a las cuarenta y dos personas detenidas-desaparecidas vinculadas a nuestro partido, mediante el emplazamiento de un cuadro con sus fotograf\u00edas en el recinto del Concejo Deliberante. En principio, la Presidente del Poder [&hellip;]","og_url":"http:\/\/concejodeliberantedeazul.gob.ar\/index.php\/2024\/11\/05\/descubrimiento-de-cuadro-fotografico-de-personas-detenidas-desaparecidas-durante-la-ultima-dictadura-militar\/","og_site_name":"Concejo deliberante de Azul","article_published_time":"2024-11-06T00:45:30+00:00","article_modified_time":"2024-11-06T01:03:04+00:00","og_image":[{"width":1913,"height":1276,"url":"http:\/\/concejodeliberantedeazul.gob.ar\/wp-content\/uploads\/2024\/11\/Sesion-027-05-11-24-Foto-Hector-Garcia.jpg","type":"image\/jpeg"}],"author":"Concejo Deliberante Azul","twitter_card":"summary_large_image","twitter_misc":{"Escrito por":"Concejo Deliberante Azul","Tiempo de lectura":"2 minutos"},"schema":{"@context":"https:\/\/schema.org","@graph":[{"@type":"Article","@id":"http:\/\/concejodeliberantedeazul.gob.ar\/index.php\/2024\/11\/05\/descubrimiento-de-cuadro-fotografico-de-personas-detenidas-desaparecidas-durante-la-ultima-dictadura-militar\/#article","isPartOf":{"@id":"http:\/\/concejodeliberantedeazul.gob.ar\/index.php\/2024\/11\/05\/descubrimiento-de-cuadro-fotografico-de-personas-detenidas-desaparecidas-durante-la-ultima-dictadura-militar\/"},"author":{"name":"Concejo Deliberante Azul","@id":"http:\/\/concejodeliberantedeazul.gob.ar\/#\/schema\/person\/65fd6514aee7c29f008fc53b206198fe"},"headline":"Descubrimiento de cuadro fotogr\u00e1fico de personas detenidas-desaparecidas durante la \u00faltima dictadura militar","datePublished":"2024-11-06T00:45:30+00:00","dateModified":"2024-11-06T01:03:04+00:00","mainEntityOfPage":{"@id":"http:\/\/concejodeliberantedeazul.gob.ar\/index.php\/2024\/11\/05\/descubrimiento-de-cuadro-fotografico-de-personas-detenidas-desaparecidas-durante-la-ultima-dictadura-militar\/"},"wordCount":399,"commentCount":0,"image":{"@id":"http:\/\/concejodeliberantedeazul.gob.ar\/index.php\/2024\/11\/05\/descubrimiento-de-cuadro-fotografico-de-personas-detenidas-desaparecidas-durante-la-ultima-dictadura-militar\/#primaryimage"},"thumbnailUrl":"http:\/\/concejodeliberantedeazul.gob.ar\/wp-content\/uploads\/2024\/11\/Sesion-027-05-11-24-Foto-Hector-Garcia.jpg","articleSection":["Noticias"],"inLanguage":"es-AR","potentialAction":[{"@type":"CommentAction","name":"Comment","target":["http:\/\/concejodeliberantedeazul.gob.ar\/index.php\/2024\/11\/05\/descubrimiento-de-cuadro-fotografico-de-personas-detenidas-desaparecidas-durante-la-ultima-dictadura-militar\/#respond"]}]},{"@type":"WebPage","@id":"http:\/\/concejodeliberantedeazul.gob.ar\/index.php\/2024\/11\/05\/descubrimiento-de-cuadro-fotografico-de-personas-detenidas-desaparecidas-durante-la-ultima-dictadura-militar\/","url":"http:\/\/concejodeliberantedeazul.gob.ar\/index.php\/2024\/11\/05\/descubrimiento-de-cuadro-fotografico-de-personas-detenidas-desaparecidas-durante-la-ultima-dictadura-militar\/","name":"Descubrimiento de cuadro fotogr\u00e1fico de personas detenidas-desaparecidas durante la \u00faltima dictadura militar - Concejo deliberante de Azul","isPartOf":{"@id":"http:\/\/concejodeliberantedeazul.gob.ar\/#website"},"primaryImageOfPage":{"@id":"http:\/\/concejodeliberantedeazul.gob.ar\/index.php\/2024\/11\/05\/descubrimiento-de-cuadro-fotografico-de-personas-detenidas-desaparecidas-durante-la-ultima-dictadura-militar\/#primaryimage"},"image":{"@id":"http:\/\/concejodeliberantedeazul.gob.ar\/index.php\/2024\/11\/05\/descubrimiento-de-cuadro-fotografico-de-personas-detenidas-desaparecidas-durante-la-ultima-dictadura-militar\/#primaryimage"},"thumbnailUrl":"http:\/\/concejodeliberantedeazul.gob.ar\/wp-content\/uploads\/2024\/11\/Sesion-027-05-11-24-Foto-Hector-Garcia.jpg","datePublished":"2024-11-06T00:45:30+00:00","dateModified":"2024-11-06T01:03:04+00:00","author":{"@id":"http:\/\/concejodeliberantedeazul.gob.ar\/#\/schema\/person\/65fd6514aee7c29f008fc53b206198fe"},"breadcrumb":{"@id":"http:\/\/concejodeliberantedeazul.gob.ar\/index.php\/2024\/11\/05\/descubrimiento-de-cuadro-fotografico-de-personas-detenidas-desaparecidas-durante-la-ultima-dictadura-militar\/#breadcrumb"},"inLanguage":"es-AR","potentialAction":[{"@type":"ReadAction","target":["http:\/\/concejodeliberantedeazul.gob.ar\/index.php\/2024\/11\/05\/descubrimiento-de-cuadro-fotografico-de-personas-detenidas-desaparecidas-durante-la-ultima-dictadura-militar\/"]}]},{"@type":"ImageObject","inLanguage":"es-AR","@id":"http:\/\/concejodeliberantedeazul.gob.ar\/index.php\/2024\/11\/05\/descubrimiento-de-cuadro-fotografico-de-personas-detenidas-desaparecidas-durante-la-ultima-dictadura-militar\/#primaryimage","url":"http:\/\/concejodeliberantedeazul.gob.ar\/wp-content\/uploads\/2024\/11\/Sesion-027-05-11-24-Foto-Hector-Garcia.jpg","contentUrl":"http:\/\/concejodeliberantedeazul.gob.ar\/wp-content\/uploads\/2024\/11\/Sesion-027-05-11-24-Foto-Hector-Garcia.jpg","width":1913,"height":1276},{"@type":"BreadcrumbList","@id":"http:\/\/concejodeliberantedeazul.gob.ar\/index.php\/2024\/11\/05\/descubrimiento-de-cuadro-fotografico-de-personas-detenidas-desaparecidas-durante-la-ultima-dictadura-militar\/#breadcrumb","itemListElement":[{"@type":"ListItem","position":1,"name":"Inicio","item":"https:\/\/concejodeliberantedeazul.gob.ar\/"},{"@type":"ListItem","position":2,"name":"Descubrimiento de cuadro fotogr\u00e1fico de personas detenidas-desaparecidas durante la \u00faltima dictadura militar"}]},{"@type":"WebSite","@id":"http:\/\/concejodeliberantedeazul.gob.ar\/#website","url":"http:\/\/concejodeliberantedeazul.gob.ar\/","name":"Concejo deliberante de Azul","description":"Sitio Web Oficial del Concejo Deliberante de Azul, Prov. de Buenos Aires - Conformado por 18 concejales de todo el partido.","potentialAction":[{"@type":"SearchAction","target":{"@type":"EntryPoint","urlTemplate":"http:\/\/concejodeliberantedeazul.gob.ar\/?s={search_term_string}"},"query-input":{"@type":"PropertyValueSpecification","valueRequired":true,"valueName":"search_term_string"}}],"inLanguage":"es-AR"},{"@type":"Person","@id":"http:\/\/concejodeliberantedeazul.gob.ar\/#\/schema\/person\/65fd6514aee7c29f008fc53b206198fe","name":"Concejo Deliberante Azul","image":{"@type":"ImageObject","inLanguage":"es-AR","@id":"https:\/\/secure.gravatar.com\/avatar\/30d9ae907861b897be87a25469982f0cfbce09947e0998bf7d9d0ecab450fb85?s=96&d=mm&r=g","url":"https:\/\/secure.gravatar.com\/avatar\/30d9ae907861b897be87a25469982f0cfbce09947e0998bf7d9d0ecab450fb85?s=96&d=mm&r=g","contentUrl":"https:\/\/secure.gravatar.com\/avatar\/30d9ae907861b897be87a25469982f0cfbce09947e0998bf7d9d0ecab450fb85?s=96&d=mm&r=g","caption":"Concejo Deliberante Azul"},"url":"http:\/\/concejodeliberantedeazul.gob.ar\/index.php\/author\/concejo\/"}]}},"amp_enabled":true,"_links":{"self":[{"href":"http:\/\/concejodeliberantedeazul.gob.ar\/index.php\/wp-json\/wp\/v2\/posts\/3098","targetHints":{"allow":["GET"]}}],"collection":[{"href":"http:\/\/concejodeliberantedeazul.gob.ar\/index.php\/wp-json\/wp\/v2\/posts"}],"about":[{"href":"http:\/\/concejodeliberantedeazul.gob.ar\/index.php\/wp-json\/wp\/v2\/types\/post"}],"author":[{"embeddable":true,"href":"http:\/\/concejodeliberantedeazul.gob.ar\/index.php\/wp-json\/wp\/v2\/users\/2"}],"replies":[{"embeddable":true,"href":"http:\/\/concejodeliberantedeazul.gob.ar\/index.php\/wp-json\/wp\/v2\/comments?post=3098"}],"version-history":[{"count":2,"href":"http:\/\/concejodeliberantedeazul.gob.ar\/index.php\/wp-json\/wp\/v2\/posts\/3098\/revisions"}],"predecessor-version":[{"id":3102,"href":"http:\/\/concejodeliberantedeazul.gob.ar\/index.php\/wp-json\/wp\/v2\/posts\/3098\/revisions\/3102"}],"wp:featuredmedia":[{"embeddable":true,"href":"http:\/\/concejodeliberantedeazul.gob.ar\/index.php\/wp-json\/wp\/v2\/media\/3100"}],"wp:attachment":[{"href":"http:\/\/concejodeliberantedeazul.gob.ar\/index.php\/wp-json\/wp\/v2\/media?parent=3098"}],"wp:term":[{"taxonomy":"category","embeddable":true,"href":"http:\/\/concejodeliberantedeazul.gob.ar\/index.php\/wp-json\/wp\/v2\/categories?post=3098"},{"taxonomy":"post_tag","embeddable":true,"href":"http:\/\/concejodeliberantedeazul.gob.ar\/index.php\/wp-json\/wp\/v2\/tags?post=3098"}],"curies":[{"name":"wp","href":"https:\/\/api.w.org\/{rel}","templated":true}]}}