{"id":3036,"date":"2024-09-13T13:20:21","date_gmt":"2024-09-13T16:20:21","guid":{"rendered":"http:\/\/concejodeliberantedeazul.gob.ar\/?p=3036"},"modified":"2024-09-13T13:20:24","modified_gmt":"2024-09-13T16:20:24","slug":"el-concejo-deliberante-sesionara-en-cachari","status":"publish","type":"post","link":"http:\/\/concejodeliberantedeazul.gob.ar\/index.php\/2024\/09\/13\/el-concejo-deliberante-sesionara-en-cachari\/","title":{"rendered":"El Concejo Deliberante sesionar\u00e1 en Cachari"},"content":{"rendered":"\n<p>En el marco de un nuevo aniversario de la localidad, el Concejo Deliberante del partido de Azul realizar\u00e1 su D\u00e9cima Cuarta Sesi\u00f3n Ordinaria en Cachari.<\/p>\n\n\n\n<p>La misma se concretar\u00e1 el martes 17 de septiembre, a partir de las 14.30 horas, en la Biblioteca Popular \u201cAlmafuerte\u201d.<\/p>\n\n\n\n<p>En la oportunidad, los Concejales dar\u00e1n tratamiento a un Orden del D\u00eda compuesto por m\u00e1s de 20 puntos entre los que se destacan expedientes elevados por el Intendente, despachos de las Comisiones Permanentes, notas recibidas y proyectos de los diferentes bloques pol\u00edticos. &nbsp;<\/p>\n\n\n\n<p><strong><u>Orden del d\u00eda:<\/u><\/strong><\/p>\n\n\n\n<ol class=\"wp-block-list\">\n<li>Aprobaci\u00f3n del acta correspondiente a la Novena Sesi\u00f3n Ordinaria del presente ejercicio.<\/li>\n<\/ol>\n\n\n\n<ul class=\"wp-block-list\">\n<li>Lectura de Notas Recibidas.<\/li>\n<\/ul>\n\n\n\n<ul class=\"wp-block-list\">\n<li>Intendente Municipal elev\u00f3 actuaciones iniciadas por la Cooperativa Yanquetruz Ltda., con proyecto de Ordenanza referido a autorizar al Departamento Ejecutivo a registrar como deuda y pagar como gasto de ejercicio anterior- 2023, en favor de dicho proveedor, el monto correspondiente en concepto de suministro de bloques de cemento a la Secretar\u00eda de Desarrollo Humano y Abordaje Integral de esta Municipalidad.<\/li>\n<\/ul>\n\n\n\n<p><strong>Despachos de las diferentes Comisiones:<\/strong><\/p>\n\n\n\n<ul class=\"wp-block-list\">\n<li>Despachos de las Comisiones de Acci\u00f3n Social, Cultura, Educaci\u00f3n y Deportes y de Interpretaci\u00f3n, Legislaci\u00f3n y Seguridad P\u00fablica aconsejando la aprobaci\u00f3n del proyecto de Ordenanza ref. Convalidar el Convenio Marco de Cooperaci\u00f3n Institucional suscripto con la Uni\u00f3n Obrera de la Construcci\u00f3n- Seccional Azul y la Confederaci\u00f3n General del Trabajo- Regional Azul, el que permitir\u00e1 gestionar la creaci\u00f3n de un anexo del Centro de Formaci\u00f3n Laboral N\u00b0 402 para satisfacer necesidades educativas y de capacitaci\u00f3n del distrito.<\/li>\n\n\n\n<li>Despacho de la Comisi\u00f3n de Interpretaci\u00f3n, Legislaci\u00f3n y Seguridad P\u00fablica aconsejando la aprobaci\u00f3n del proyecto de Ordenanza ref. Convalidar el Contrato de Comodato de Uso Gratuito, suscripto con el Ministerio de Seguridad de la provincia de Buenos Aires, para la entrega de un veh\u00edculo Toyota Hilux, en calidad de patrullero, que prestar\u00e1 servicios en el Comando de Patrulla Rural de Azul.<\/li>\n\n\n\n<li>Despachos de las Comisiones de Salud P\u00fablica y Medio Ambiente y de <a>Interpretaci\u00f3n, Legislaci\u00f3n y Seguridad P\u00fablica<\/a> aconsejando la aprobaci\u00f3n del proyecto de Ordenanza ref. Adherir la Municipalidad de Azul a las Leyes provinciales 15.491 y 15.490, dando un marco legal al tratamiento de la enfermedad llamada \u201cEndometriosis\u201d en la PBA e instituyendo el 14 de marzo como \u201cD\u00eda de la Endometriosis\u201d, respectivamente.<\/li>\n\n\n\n<li>Despachos de las Comisiones de Presupuesto y Hacienda y de <a>Interpretaci\u00f3n, Legislaci\u00f3n y Seguridad P\u00fablica<\/a>, con proyecto de Resoluci\u00f3n ref. Girar las presentes actuaciones al Departamento Ejecutivo para que tome intervenci\u00f3n en la solicitud planteada por la instituci\u00f3n (CESUAR. Eleva nota solicitando se condone la deuda que, en concepto de Tasa Urbana, mantiene con este Municipio hasta el a\u00f1o 2023 por inmuebles de su propiedad).<\/li>\n\n\n\n<li>Despachos de las Comisiones de Obras P\u00fablicas, Vialidad y Transporte y de Interpretaci\u00f3n, Legislaci\u00f3n y Seguridad P\u00fablica aconsejando el archivo de las presentes actuaciones (BLOQUE PODEMOS AZUL. Eleva proyecto de Ordenanza ref. Autorizar al Departamento Ejecutivo a conceder al Dr. Mat\u00edas Oscar Gim\u00e9nez el uso de un espacio en zona lindante a la Escuela Municipal de M\u00fasica para instalaci\u00f3n de un carrusel).<\/li>\n\n\n\n<li>Despacho de la Comisi\u00f3n de Obras P\u00fablicas, Vialidad y Transporte aconsejando el archivo de las presentes actuaciones (RESPUESTA DEL DEPARTAMENTO EJECUTIVO A LA COMUNICACI\u00d3N N\u00b0 2.724\/2024, mediante la cual se le solicitaba que informe sobre distintas cuestiones relacionadas con la Pileta Municipal).<\/li>\n\n\n\n<li>Despacho de la Comisi\u00f3n de Interpretaci\u00f3n, Legislaci\u00f3n y Seguridad P\u00fablica aconsejando el archivo de las presentes actuaciones (ABOGADO SERGIO SOSA. Eleva nota relacionada con el Juzgado de Faltas).<\/li>\n<\/ul>\n\n\n\n<p><strong>Proyectos de los diferentes bloques:<\/strong><\/p>\n\n\n\n<ol class=\"wp-block-list\">\n<li><a>Concejales del partido de Azul elevaron proyecto de Resoluci\u00f3n referido a declarar de Inter\u00e9s Comunitario la 8\u00b0 edici\u00f3n del CAMPAMENTO ART\u00cdSTICO CURATORIAL, a realizarse del 11 al 15 de noviembre en Azul.<\/a><\/li>\n\n\n\n<li>Integrantes bloque Podemos Azul elevaron proyecto de Comunicaci\u00f3n encomendando al Departamento Ejecutivo la realizaci\u00f3n de trabajos de mantenimiento y reparaci\u00f3n de las calles de tierra de la localidad de Cachar\u00ed.<\/li>\n\n\n\n<li>Concejales del partido de Azul elevaron proyecto de Resoluci\u00f3n referido a declarar de Inter\u00e9s Legislativo y Comunitario el 13\u00b0 encuentro de Jeep en la localidad de Cachar\u00ed, a realizarse los d\u00edas 11, 12 y 13 de octubre.<\/li>\n\n\n\n<li>Concejales del partido de Azul elevaron proyecto de Comunicaci\u00f3n solicitando al Departamento Ejecutivo informaci\u00f3n relacionada con la poda del arbolado p\u00fablico en la localidad de Cachar\u00ed.<\/li>\n\n\n\n<li>Concejales del partido de Azul elevaron proyecto de Comunicaci\u00f3n referido a solicitar al se\u00f1or Intendente Municipal que informe con relaci\u00f3n a la plantaci\u00f3n de naranjos en el vivero instalado en el Parque Municipal.<\/li>\n\n\n\n<li>Bloque La Libertad Avanza elev\u00f3 proyecto de Comunicaci\u00f3n referido a solicitar al Departamento Ejecutivo la realizaci\u00f3n de gestiones para lograr la erradicaci\u00f3n del basural a cielo abierto ubicado en la margen izquierda del Cementerio Municipal de Cachar\u00ed.<\/li>\n\n\n\n<li><a>Integrantes bloque Podemos Azul elevaron<\/a> proyecto de Comunicaci\u00f3n referido a recomendar al se\u00f1or Intendente Municipal que implemente acciones para detener el crecimiento del basural a cielo abierto existente en la planta URECA de Cachar\u00ed e informe al respecto.<\/li>\n\n\n\n<li>Bloque Uni\u00f3n por la Patria Azul elev\u00f3 proyecto de Comunicaci\u00f3n referido a solicitar a la Presidencia del Cuerpo que elabore y comunique el Programa de Reducci\u00f3n de Gastos del Concejo Deliberante, que propone el art\u00edculo 23\u00b0 del Decreto 1.614 del Departamento Ejecutivo, a efectos de ajustar los gastos a los recursos disponibles.<\/li>\n<\/ol>\n\n\n\n<p><strong>Notas recibidas:<\/strong><\/p>\n\n\n\n<ol class=\"wp-block-list\">\n<li>Secretar\u00eda de Gobierno eleva nota adjuntando respuestas a las preguntas elaboradas por los diferentes bloques pol\u00edticos del Concejo Deliberante, en cumplimiento de lo establecido en la Ordenanza N\u00b04.117.<\/li>\n\n\n\n<li>Vecino Rusiecki Hugo eleva nota con propuesta a fin de que el municipio alivie su estado financiero.<\/li>\n\n\n\n<li>Vecino Rusiecki Hugo eleva nota con propuesta para el aumento del poder adquisitivo de los consumidores promoviendo las ventas de las ferias barriales.<\/li>\n\n\n\n<li>Directora Escuela Agraria eleva nota solicitando la extensi\u00f3n del recorrido de la l\u00ednea urbana de colectivos hasta la escuela ya que eliminaron el transporte de transbordo y el servicio de combi es insuficiente.<\/li>\n\n\n\n<li>Integrantes del Taller de Telar Aborigen elevan nota a fin de que se considere la decisi\u00f3n del cese por jubilaci\u00f3n de la docente a cargo, ya que la misma significar\u00eda el cierre del taller.<\/li>\n\n\n\n<li>Vecino Sparaino Mario eleva nota solicitando autorizaci\u00f3n para reemplazar los tilos ubicados en la vereda de su propiedad, Av. Per\u00f3n N\u00b0 578\/580, por su estado de deterioro.<\/li>\n\n\n\n<li>Centro Cultural Don Cipriano eleva nota solicitando informaci\u00f3n sobre la falta de tratamiento del anteproyecto presentado sobre la alimentaci\u00f3n de los sectores vulnerables, que se encuentra en la comisi\u00f3n de Acci\u00f3n Social, Cultura, Educaci\u00f3n y Deportes desde el d\u00eda 18 de junio del corriente.<\/li>\n\n\n\n<li>Integrantes Mesa Local Contra Violencia de G\u00e9nero y Familiar elevan nota solicitando una reuni\u00f3n con concejales a fin de tratar distintas cuestiones que vienen trabajando activamente.<\/li>\n\n\n\n<li>Subsecretaria de Asuntos Municipales eleva nota solicitando informaci\u00f3n referida a tasas que se cobren en las facturas de servicios p\u00fablicos, en relaci\u00f3n a la Res. 267\/2024 del Ministerio de Econom\u00eda de la Naci\u00f3n.<\/li>\n<\/ol>\n\n\n\n<p><strong>Respuestas a expedientes<\/strong><\/p>\n\n\n\n<ol class=\"wp-block-list\">\n<li>RESPUESTA DEL DEPARTAMENTO EJECUTIVO A LA COMUNICACI\u00d3N N\u00ba 2.766\/2024,mediante la cual se le solicitaba al Secretario de Salud informaci\u00f3n relacionada a la obra de reparaci\u00f3n del piso y techo del servicio de rayos X del Hospital Municipal \u201cDr. \u00c1ngel Pintos\u201d<strong>.<\/strong><\/li>\n<\/ol>\n\n\n\n<p><strong>Informes<\/strong><\/p>\n\n\n\n<ol class=\"wp-block-list\">\n<li>Informes de los Juzgados de Faltas N\u00ba 1 y N\u00ba 2 del partido de Azul correspondientes al mes de Agosto de 2024, de conformidad a la Ordenanza N\u00ba 4.492\/2020 \u2013 C\u00f3digo Municipal de Faltas.<\/li>\n<\/ol>\n","protected":false},"excerpt":{"rendered":"<p>En el marco de un nuevo aniversario de la localidad, el Concejo Deliberante del partido de Azul realizar\u00e1 su D\u00e9cima Cuarta Sesi\u00f3n Ordinaria en Cachari. La misma se concretar\u00e1 el martes 17 de septiembre, a partir de las 14.30 horas, en la Biblioteca Popular \u201cAlmafuerte\u201d. En la oportunidad, los Concejales dar\u00e1n tratamiento a un Orden [&hellip;]<\/p>\n","protected":false},"author":2,"featured_media":2932,"comment_status":"open","ping_status":"open","sticky":false,"template":"","format":"standard","meta":{"tdm_status":"","tdm_grid_status":"","footnotes":""},"categories":[7],"tags":[],"class_list":{"0":"post-3036","1":"post","2":"type-post","3":"status-publish","4":"format-standard","5":"has-post-thumbnail","7":"category-noticias"},"yoast_head":"<!-- This site is optimized with the Yoast SEO plugin v27.3 - https:\/\/yoast.com\/product\/yoast-seo-wordpress\/ -->\n<title>El Concejo Deliberante sesionar\u00e1 en Cachari - Concejo deliberante de Azul<\/title>\n<meta name=\"robots\" content=\"index, follow, max-snippet:-1, max-image-preview:large, max-video-preview:-1\" \/>\n<link rel=\"canonical\" href=\"http:\/\/concejodeliberantedeazul.gob.ar\/index.php\/2024\/09\/13\/el-concejo-deliberante-sesionara-en-cachari\/\" \/>\n<meta property=\"og:locale\" content=\"es_ES\" \/>\n<meta property=\"og:type\" content=\"article\" \/>\n<meta property=\"og:title\" content=\"El Concejo Deliberante sesionar\u00e1 en Cachari - Concejo deliberante de Azul\" \/>\n<meta property=\"og:description\" content=\"En el marco de un nuevo aniversario de la localidad, el Concejo Deliberante del partido de Azul realizar\u00e1 su D\u00e9cima Cuarta Sesi\u00f3n Ordinaria en Cachari. La misma se concretar\u00e1 el martes 17 de septiembre, a partir de las 14.30 horas, en la Biblioteca Popular \u201cAlmafuerte\u201d. En la oportunidad, los Concejales dar\u00e1n tratamiento a un Orden [&hellip;]\" \/>\n<meta property=\"og:url\" content=\"http:\/\/concejodeliberantedeazul.gob.ar\/index.php\/2024\/09\/13\/el-concejo-deliberante-sesionara-en-cachari\/\" \/>\n<meta property=\"og:site_name\" content=\"Concejo deliberante de Azul\" \/>\n<meta property=\"article:published_time\" content=\"2024-09-13T16:20:21+00:00\" \/>\n<meta property=\"article:modified_time\" content=\"2024-09-13T16:20:24+00:00\" \/>\n<meta property=\"og:image\" content=\"http:\/\/concejodeliberantedeazul.gob.ar\/wp-content\/uploads\/2024\/08\/1ra-Sesion-Agosto-005-06.08-24-Foto-Hector-Garcia-1.jpg\" \/>\n\t<meta property=\"og:image:width\" content=\"1913\" \/>\n\t<meta property=\"og:image:height\" content=\"1276\" \/>\n\t<meta property=\"og:image:type\" content=\"image\/jpeg\" \/>\n<meta name=\"author\" content=\"Concejo Deliberante Azul\" \/>\n<meta name=\"twitter:card\" content=\"summary_large_image\" \/>\n<meta name=\"twitter:label1\" content=\"Escrito por\" \/>\n\t<meta name=\"twitter:data1\" content=\"Concejo Deliberante Azul\" \/>\n\t<meta name=\"twitter:label2\" content=\"Tiempo de lectura\" \/>\n\t<meta name=\"twitter:data2\" content=\"6 minutos\" \/>\n<script type=\"application\/ld+json\" class=\"yoast-schema-graph\">{\"@context\":\"https:\\\/\\\/schema.org\",\"@graph\":[{\"@type\":\"Article\",\"@id\":\"http:\\\/\\\/concejodeliberantedeazul.gob.ar\\\/index.php\\\/2024\\\/09\\\/13\\\/el-concejo-deliberante-sesionara-en-cachari\\\/#article\",\"isPartOf\":{\"@id\":\"http:\\\/\\\/concejodeliberantedeazul.gob.ar\\\/index.php\\\/2024\\\/09\\\/13\\\/el-concejo-deliberante-sesionara-en-cachari\\\/\"},\"author\":{\"name\":\"Concejo Deliberante Azul\",\"@id\":\"http:\\\/\\\/concejodeliberantedeazul.gob.ar\\\/#\\\/schema\\\/person\\\/65fd6514aee7c29f008fc53b206198fe\"},\"headline\":\"El Concejo Deliberante sesionar\u00e1 en Cachari\",\"datePublished\":\"2024-09-13T16:20:21+00:00\",\"dateModified\":\"2024-09-13T16:20:24+00:00\",\"mainEntityOfPage\":{\"@id\":\"http:\\\/\\\/concejodeliberantedeazul.gob.ar\\\/index.php\\\/2024\\\/09\\\/13\\\/el-concejo-deliberante-sesionara-en-cachari\\\/\"},\"wordCount\":1292,\"commentCount\":0,\"image\":{\"@id\":\"http:\\\/\\\/concejodeliberantedeazul.gob.ar\\\/index.php\\\/2024\\\/09\\\/13\\\/el-concejo-deliberante-sesionara-en-cachari\\\/#primaryimage\"},\"thumbnailUrl\":\"http:\\\/\\\/concejodeliberantedeazul.gob.ar\\\/wp-content\\\/uploads\\\/2024\\\/08\\\/1ra-Sesion-Agosto-005-06.08-24-Foto-Hector-Garcia-1.jpg\",\"articleSection\":[\"Noticias\"],\"inLanguage\":\"es-AR\",\"potentialAction\":[{\"@type\":\"CommentAction\",\"name\":\"Comment\",\"target\":[\"http:\\\/\\\/concejodeliberantedeazul.gob.ar\\\/index.php\\\/2024\\\/09\\\/13\\\/el-concejo-deliberante-sesionara-en-cachari\\\/#respond\"]}]},{\"@type\":\"WebPage\",\"@id\":\"http:\\\/\\\/concejodeliberantedeazul.gob.ar\\\/index.php\\\/2024\\\/09\\\/13\\\/el-concejo-deliberante-sesionara-en-cachari\\\/\",\"url\":\"http:\\\/\\\/concejodeliberantedeazul.gob.ar\\\/index.php\\\/2024\\\/09\\\/13\\\/el-concejo-deliberante-sesionara-en-cachari\\\/\",\"name\":\"El Concejo Deliberante sesionar\u00e1 en Cachari - Concejo deliberante de Azul\",\"isPartOf\":{\"@id\":\"http:\\\/\\\/concejodeliberantedeazul.gob.ar\\\/#website\"},\"primaryImageOfPage\":{\"@id\":\"http:\\\/\\\/concejodeliberantedeazul.gob.ar\\\/index.php\\\/2024\\\/09\\\/13\\\/el-concejo-deliberante-sesionara-en-cachari\\\/#primaryimage\"},\"image\":{\"@id\":\"http:\\\/\\\/concejodeliberantedeazul.gob.ar\\\/index.php\\\/2024\\\/09\\\/13\\\/el-concejo-deliberante-sesionara-en-cachari\\\/#primaryimage\"},\"thumbnailUrl\":\"http:\\\/\\\/concejodeliberantedeazul.gob.ar\\\/wp-content\\\/uploads\\\/2024\\\/08\\\/1ra-Sesion-Agosto-005-06.08-24-Foto-Hector-Garcia-1.jpg\",\"datePublished\":\"2024-09-13T16:20:21+00:00\",\"dateModified\":\"2024-09-13T16:20:24+00:00\",\"author\":{\"@id\":\"http:\\\/\\\/concejodeliberantedeazul.gob.ar\\\/#\\\/schema\\\/person\\\/65fd6514aee7c29f008fc53b206198fe\"},\"breadcrumb\":{\"@id\":\"http:\\\/\\\/concejodeliberantedeazul.gob.ar\\\/index.php\\\/2024\\\/09\\\/13\\\/el-concejo-deliberante-sesionara-en-cachari\\\/#breadcrumb\"},\"inLanguage\":\"es-AR\",\"potentialAction\":[{\"@type\":\"ReadAction\",\"target\":[\"http:\\\/\\\/concejodeliberantedeazul.gob.ar\\\/index.php\\\/2024\\\/09\\\/13\\\/el-concejo-deliberante-sesionara-en-cachari\\\/\"]}]},{\"@type\":\"ImageObject\",\"inLanguage\":\"es-AR\",\"@id\":\"http:\\\/\\\/concejodeliberantedeazul.gob.ar\\\/index.php\\\/2024\\\/09\\\/13\\\/el-concejo-deliberante-sesionara-en-cachari\\\/#primaryimage\",\"url\":\"http:\\\/\\\/concejodeliberantedeazul.gob.ar\\\/wp-content\\\/uploads\\\/2024\\\/08\\\/1ra-Sesion-Agosto-005-06.08-24-Foto-Hector-Garcia-1.jpg\",\"contentUrl\":\"http:\\\/\\\/concejodeliberantedeazul.gob.ar\\\/wp-content\\\/uploads\\\/2024\\\/08\\\/1ra-Sesion-Agosto-005-06.08-24-Foto-Hector-Garcia-1.jpg\",\"width\":1913,\"height\":1276},{\"@type\":\"BreadcrumbList\",\"@id\":\"http:\\\/\\\/concejodeliberantedeazul.gob.ar\\\/index.php\\\/2024\\\/09\\\/13\\\/el-concejo-deliberante-sesionara-en-cachari\\\/#breadcrumb\",\"itemListElement\":[{\"@type\":\"ListItem\",\"position\":1,\"name\":\"Inicio\",\"item\":\"https:\\\/\\\/concejodeliberantedeazul.gob.ar\\\/\"},{\"@type\":\"ListItem\",\"position\":2,\"name\":\"El Concejo Deliberante sesionar\u00e1 en Cachari\"}]},{\"@type\":\"WebSite\",\"@id\":\"http:\\\/\\\/concejodeliberantedeazul.gob.ar\\\/#website\",\"url\":\"http:\\\/\\\/concejodeliberantedeazul.gob.ar\\\/\",\"name\":\"Concejo deliberante de Azul\",\"description\":\"Sitio Web Oficial del Concejo Deliberante de Azul, Prov. de Buenos Aires - Conformado por 18 concejales de todo el partido.\",\"potentialAction\":[{\"@type\":\"SearchAction\",\"target\":{\"@type\":\"EntryPoint\",\"urlTemplate\":\"http:\\\/\\\/concejodeliberantedeazul.gob.ar\\\/?s={search_term_string}\"},\"query-input\":{\"@type\":\"PropertyValueSpecification\",\"valueRequired\":true,\"valueName\":\"search_term_string\"}}],\"inLanguage\":\"es-AR\"},{\"@type\":\"Person\",\"@id\":\"http:\\\/\\\/concejodeliberantedeazul.gob.ar\\\/#\\\/schema\\\/person\\\/65fd6514aee7c29f008fc53b206198fe\",\"name\":\"Concejo Deliberante Azul\",\"image\":{\"@type\":\"ImageObject\",\"inLanguage\":\"es-AR\",\"@id\":\"https:\\\/\\\/secure.gravatar.com\\\/avatar\\\/30d9ae907861b897be87a25469982f0cfbce09947e0998bf7d9d0ecab450fb85?s=96&d=mm&r=g\",\"url\":\"https:\\\/\\\/secure.gravatar.com\\\/avatar\\\/30d9ae907861b897be87a25469982f0cfbce09947e0998bf7d9d0ecab450fb85?s=96&d=mm&r=g\",\"contentUrl\":\"https:\\\/\\\/secure.gravatar.com\\\/avatar\\\/30d9ae907861b897be87a25469982f0cfbce09947e0998bf7d9d0ecab450fb85?s=96&d=mm&r=g\",\"caption\":\"Concejo Deliberante Azul\"},\"url\":\"http:\\\/\\\/concejodeliberantedeazul.gob.ar\\\/index.php\\\/author\\\/concejo\\\/\"}]}<\/script>\n<!-- \/ Yoast SEO plugin. -->","yoast_head_json":{"title":"El Concejo Deliberante sesionar\u00e1 en Cachari - Concejo deliberante de Azul","robots":{"index":"index","follow":"follow","max-snippet":"max-snippet:-1","max-image-preview":"max-image-preview:large","max-video-preview":"max-video-preview:-1"},"canonical":"http:\/\/concejodeliberantedeazul.gob.ar\/index.php\/2024\/09\/13\/el-concejo-deliberante-sesionara-en-cachari\/","og_locale":"es_ES","og_type":"article","og_title":"El Concejo Deliberante sesionar\u00e1 en Cachari - Concejo deliberante de Azul","og_description":"En el marco de un nuevo aniversario de la localidad, el Concejo Deliberante del partido de Azul realizar\u00e1 su D\u00e9cima Cuarta Sesi\u00f3n Ordinaria en Cachari. La misma se concretar\u00e1 el martes 17 de septiembre, a partir de las 14.30 horas, en la Biblioteca Popular \u201cAlmafuerte\u201d. En la oportunidad, los Concejales dar\u00e1n tratamiento a un Orden [&hellip;]","og_url":"http:\/\/concejodeliberantedeazul.gob.ar\/index.php\/2024\/09\/13\/el-concejo-deliberante-sesionara-en-cachari\/","og_site_name":"Concejo deliberante de Azul","article_published_time":"2024-09-13T16:20:21+00:00","article_modified_time":"2024-09-13T16:20:24+00:00","og_image":[{"width":1913,"height":1276,"url":"http:\/\/concejodeliberantedeazul.gob.ar\/wp-content\/uploads\/2024\/08\/1ra-Sesion-Agosto-005-06.08-24-Foto-Hector-Garcia-1.jpg","type":"image\/jpeg"}],"author":"Concejo Deliberante Azul","twitter_card":"summary_large_image","twitter_misc":{"Escrito por":"Concejo Deliberante Azul","Tiempo de lectura":"6 minutos"},"schema":{"@context":"https:\/\/schema.org","@graph":[{"@type":"Article","@id":"http:\/\/concejodeliberantedeazul.gob.ar\/index.php\/2024\/09\/13\/el-concejo-deliberante-sesionara-en-cachari\/#article","isPartOf":{"@id":"http:\/\/concejodeliberantedeazul.gob.ar\/index.php\/2024\/09\/13\/el-concejo-deliberante-sesionara-en-cachari\/"},"author":{"name":"Concejo Deliberante Azul","@id":"http:\/\/concejodeliberantedeazul.gob.ar\/#\/schema\/person\/65fd6514aee7c29f008fc53b206198fe"},"headline":"El Concejo Deliberante sesionar\u00e1 en Cachari","datePublished":"2024-09-13T16:20:21+00:00","dateModified":"2024-09-13T16:20:24+00:00","mainEntityOfPage":{"@id":"http:\/\/concejodeliberantedeazul.gob.ar\/index.php\/2024\/09\/13\/el-concejo-deliberante-sesionara-en-cachari\/"},"wordCount":1292,"commentCount":0,"image":{"@id":"http:\/\/concejodeliberantedeazul.gob.ar\/index.php\/2024\/09\/13\/el-concejo-deliberante-sesionara-en-cachari\/#primaryimage"},"thumbnailUrl":"http:\/\/concejodeliberantedeazul.gob.ar\/wp-content\/uploads\/2024\/08\/1ra-Sesion-Agosto-005-06.08-24-Foto-Hector-Garcia-1.jpg","articleSection":["Noticias"],"inLanguage":"es-AR","potentialAction":[{"@type":"CommentAction","name":"Comment","target":["http:\/\/concejodeliberantedeazul.gob.ar\/index.php\/2024\/09\/13\/el-concejo-deliberante-sesionara-en-cachari\/#respond"]}]},{"@type":"WebPage","@id":"http:\/\/concejodeliberantedeazul.gob.ar\/index.php\/2024\/09\/13\/el-concejo-deliberante-sesionara-en-cachari\/","url":"http:\/\/concejodeliberantedeazul.gob.ar\/index.php\/2024\/09\/13\/el-concejo-deliberante-sesionara-en-cachari\/","name":"El Concejo Deliberante sesionar\u00e1 en Cachari - Concejo deliberante de Azul","isPartOf":{"@id":"http:\/\/concejodeliberantedeazul.gob.ar\/#website"},"primaryImageOfPage":{"@id":"http:\/\/concejodeliberantedeazul.gob.ar\/index.php\/2024\/09\/13\/el-concejo-deliberante-sesionara-en-cachari\/#primaryimage"},"image":{"@id":"http:\/\/concejodeliberantedeazul.gob.ar\/index.php\/2024\/09\/13\/el-concejo-deliberante-sesionara-en-cachari\/#primaryimage"},"thumbnailUrl":"http:\/\/concejodeliberantedeazul.gob.ar\/wp-content\/uploads\/2024\/08\/1ra-Sesion-Agosto-005-06.08-24-Foto-Hector-Garcia-1.jpg","datePublished":"2024-09-13T16:20:21+00:00","dateModified":"2024-09-13T16:20:24+00:00","author":{"@id":"http:\/\/concejodeliberantedeazul.gob.ar\/#\/schema\/person\/65fd6514aee7c29f008fc53b206198fe"},"breadcrumb":{"@id":"http:\/\/concejodeliberantedeazul.gob.ar\/index.php\/2024\/09\/13\/el-concejo-deliberante-sesionara-en-cachari\/#breadcrumb"},"inLanguage":"es-AR","potentialAction":[{"@type":"ReadAction","target":["http:\/\/concejodeliberantedeazul.gob.ar\/index.php\/2024\/09\/13\/el-concejo-deliberante-sesionara-en-cachari\/"]}]},{"@type":"ImageObject","inLanguage":"es-AR","@id":"http:\/\/concejodeliberantedeazul.gob.ar\/index.php\/2024\/09\/13\/el-concejo-deliberante-sesionara-en-cachari\/#primaryimage","url":"http:\/\/concejodeliberantedeazul.gob.ar\/wp-content\/uploads\/2024\/08\/1ra-Sesion-Agosto-005-06.08-24-Foto-Hector-Garcia-1.jpg","contentUrl":"http:\/\/concejodeliberantedeazul.gob.ar\/wp-content\/uploads\/2024\/08\/1ra-Sesion-Agosto-005-06.08-24-Foto-Hector-Garcia-1.jpg","width":1913,"height":1276},{"@type":"BreadcrumbList","@id":"http:\/\/concejodeliberantedeazul.gob.ar\/index.php\/2024\/09\/13\/el-concejo-deliberante-sesionara-en-cachari\/#breadcrumb","itemListElement":[{"@type":"ListItem","position":1,"name":"Inicio","item":"https:\/\/concejodeliberantedeazul.gob.ar\/"},{"@type":"ListItem","position":2,"name":"El Concejo Deliberante sesionar\u00e1 en Cachari"}]},{"@type":"WebSite","@id":"http:\/\/concejodeliberantedeazul.gob.ar\/#website","url":"http:\/\/concejodeliberantedeazul.gob.ar\/","name":"Concejo deliberante de Azul","description":"Sitio Web Oficial del Concejo Deliberante de Azul, Prov. de Buenos Aires - Conformado por 18 concejales de todo el partido.","potentialAction":[{"@type":"SearchAction","target":{"@type":"EntryPoint","urlTemplate":"http:\/\/concejodeliberantedeazul.gob.ar\/?s={search_term_string}"},"query-input":{"@type":"PropertyValueSpecification","valueRequired":true,"valueName":"search_term_string"}}],"inLanguage":"es-AR"},{"@type":"Person","@id":"http:\/\/concejodeliberantedeazul.gob.ar\/#\/schema\/person\/65fd6514aee7c29f008fc53b206198fe","name":"Concejo Deliberante Azul","image":{"@type":"ImageObject","inLanguage":"es-AR","@id":"https:\/\/secure.gravatar.com\/avatar\/30d9ae907861b897be87a25469982f0cfbce09947e0998bf7d9d0ecab450fb85?s=96&d=mm&r=g","url":"https:\/\/secure.gravatar.com\/avatar\/30d9ae907861b897be87a25469982f0cfbce09947e0998bf7d9d0ecab450fb85?s=96&d=mm&r=g","contentUrl":"https:\/\/secure.gravatar.com\/avatar\/30d9ae907861b897be87a25469982f0cfbce09947e0998bf7d9d0ecab450fb85?s=96&d=mm&r=g","caption":"Concejo Deliberante Azul"},"url":"http:\/\/concejodeliberantedeazul.gob.ar\/index.php\/author\/concejo\/"}]}},"amp_enabled":true,"_links":{"self":[{"href":"http:\/\/concejodeliberantedeazul.gob.ar\/index.php\/wp-json\/wp\/v2\/posts\/3036","targetHints":{"allow":["GET"]}}],"collection":[{"href":"http:\/\/concejodeliberantedeazul.gob.ar\/index.php\/wp-json\/wp\/v2\/posts"}],"about":[{"href":"http:\/\/concejodeliberantedeazul.gob.ar\/index.php\/wp-json\/wp\/v2\/types\/post"}],"author":[{"embeddable":true,"href":"http:\/\/concejodeliberantedeazul.gob.ar\/index.php\/wp-json\/wp\/v2\/users\/2"}],"replies":[{"embeddable":true,"href":"http:\/\/concejodeliberantedeazul.gob.ar\/index.php\/wp-json\/wp\/v2\/comments?post=3036"}],"version-history":[{"count":1,"href":"http:\/\/concejodeliberantedeazul.gob.ar\/index.php\/wp-json\/wp\/v2\/posts\/3036\/revisions"}],"predecessor-version":[{"id":3037,"href":"http:\/\/concejodeliberantedeazul.gob.ar\/index.php\/wp-json\/wp\/v2\/posts\/3036\/revisions\/3037"}],"wp:featuredmedia":[{"embeddable":true,"href":"http:\/\/concejodeliberantedeazul.gob.ar\/index.php\/wp-json\/wp\/v2\/media\/2932"}],"wp:attachment":[{"href":"http:\/\/concejodeliberantedeazul.gob.ar\/index.php\/wp-json\/wp\/v2\/media?parent=3036"}],"wp:term":[{"taxonomy":"category","embeddable":true,"href":"http:\/\/concejodeliberantedeazul.gob.ar\/index.php\/wp-json\/wp\/v2\/categories?post=3036"},{"taxonomy":"post_tag","embeddable":true,"href":"http:\/\/concejodeliberantedeazul.gob.ar\/index.php\/wp-json\/wp\/v2\/tags?post=3036"}],"curies":[{"name":"wp","href":"https:\/\/api.w.org\/{rel}","templated":true}]}}