{"id":2901,"date":"2024-07-01T12:49:17","date_gmt":"2024-07-01T15:49:17","guid":{"rendered":"http:\/\/concejodeliberantedeazul.gob.ar\/?p=2901"},"modified":"2024-07-01T12:49:19","modified_gmt":"2024-07-01T15:49:19","slug":"novena-sesion-ordinaria-4","status":"publish","type":"post","link":"http:\/\/concejodeliberantedeazul.gob.ar\/index.php\/2024\/07\/01\/novena-sesion-ordinaria-4\/","title":{"rendered":"Novena Sesi\u00f3n Ordinaria"},"content":{"rendered":"\n<p>Se llevar\u00e1 a cabo, este martes a partir de las 18, la Novena Sesi\u00f3n Ordinaria, ejercicio 2024.<\/p>\n\n\n\n<p>Durante la jornada, los Concejales dar\u00e1n tratamiento a un Orden del D\u00eda compuesto por proyectos de los diferentes bloques pol\u00edticos, despachos de las Comisiones Permanentes del Cuerpo, notas recibidas y expedientes elevados por el Intendente Municipal.<\/p>\n\n\n\n<p><strong>Orden del d\u00eda:<\/strong><\/p>\n\n\n\n<ol class=\"wp-block-list\">\n<li>Aprobaci\u00f3n del acta correspondiente a la Quinta Sesi\u00f3n Ordinaria del presente ejercicio.<\/li>\n<\/ol>\n\n\n\n<ul class=\"wp-block-list\">\n<li>Lectura de Notas Recibidas.<\/li>\n<\/ul>\n\n\n\n<p><strong>Expedientes elevados por el Intendente Municipal:<\/strong><\/p>\n\n\n\n<ul class=\"wp-block-list\">\n<li>Elev\u00f3 actuaciones iniciadas por el Club Atl\u00e9tico Boca Juniors, con proyecto de Ordenanza referido a condonar a la mencionada instituci\u00f3n la deuda que, en concepto de Tasa por Servicios Urbanos, mantiene con este Municipio por inmueble de su propiedad hasta el periodo fiscal 2023 inclusive.<\/li>\n\n\n\n<li>Elev\u00f3 actuaciones iniciadas por la Secretar\u00eda de Obras y Servicios P\u00fablicos, con proyecto de Ordenanza referido a fijar sentido de circulaci\u00f3n vehicular en sector de ingreso al Parque y calles aleda\u00f1as debido a la obra de construcci\u00f3n de la rotonda con distribuidores en avenida Pellegrini.<\/li>\n\n\n\n<li>Elev\u00f3 actuaciones iniciadas por la Secretar\u00eda de Salud y Ambiente, con proyecto de Ordenanza referido a convalidar el Convenio de Colaboraci\u00f3n Interinstitucional \u201cMunicipio Donante\u201d celebrado con el Centro \u00danico de Ablaci\u00f3n e Implante de la PBA (CUCAIBA).<\/li>\n<\/ul>\n\n\n\n<p><strong>Despachos de las diferentes Comisiones:<\/strong><\/p>\n\n\n\n<ul class=\"wp-block-list\">\n<li>Despachos de la Comisi\u00f3n de Interpretaci\u00f3n, Legislaci\u00f3n y Seguridad P\u00fablica relacionados al proyecto de Ordenanza elevado por el Departamento Ejecutivo por el cual se convalida el Decreto N\u00b0 920\/24 sobre afectaci\u00f3n de fondos recaudados por la Tasa por Servicios Esenciales.<\/li>\n\n\n\n<li>Despacho de la Comisi\u00f3n de Presupuesto y Hacienda, con proyecto de Resoluci\u00f3n referido a girar al Departamento Ejecutivo las presentes actuaciones solicitando informaci\u00f3n (CADRAL. Eleva nota solicitando reconocimiento de deuda correspondiente a retribuciones mensuales del a\u00f1o 2022).<\/li>\n<\/ul>\n\n\n\n<p><strong>Proyectos de los diferentes bloques:<\/strong><\/p>\n\n\n\n<ul class=\"wp-block-list\">\n<li>Concejales del partido de Azul elevaron proyecto de Comunicaci\u00f3n referido a solicitar al se\u00f1or Intendente Municipal que informe a este Cuerpo sobre diferentes aspectos relacionados con la falta de rampas reglamentarias.<\/li>\n\n\n\n<li>Bloque Podemos Azul elev\u00f3 proyecto de Comunicaci\u00f3n relacionado al otorgamiento de Becas Deportivas y la falta de reglamentaci\u00f3n e implementaci\u00f3n de la Ordenanza N\u00b0 4.757\/2022.<\/li>\n\n\n\n<li>Bloque Podemos Azul elev\u00f3 proyecto de Comunicaci\u00f3n ref. Solicitar al se\u00f1or Intendente Municipal que informe a este Cuerpo sobre diferentes aspectos relacionados a la extracci\u00f3n de tosca en el predio municipal del ex \u201cMonte Frutal\u201d.<\/li>\n\n\n\n<li>Concejales del partido de Azul elevaron proyecto de Resoluci\u00f3n referido a declarar de Inter\u00e9s Comunitario la nueva edici\u00f3n de la Feria del Libro Infantojuvenil organizada por la Asociaci\u00f3n Cooperadora del Hospital Zonal Especializado Materno Infantil \u201cArgentina Diego\u201d, a realizarse del 9 al 11 de agosto en esta ciudad.<\/li>\n\n\n\n<li>\u00a0Concejales del partido de Azul elevaron proyecto de Comunicaci\u00f3n solicitando al Intendente Municipal informaci\u00f3n relacionada a la instalaci\u00f3n de estructuras urbanas en esta ciudad.<\/li>\n\n\n\n<li>Bloque Uni\u00f3n C\u00edvica Radical elev\u00f3 proyecto de Comunicaci\u00f3n solicitando al Departamento Ejecutivo que informe con relaci\u00f3n al avance en la implementaci\u00f3n del sistema de Gesti\u00f3n Documental Electr\u00f3nica (GDE) establecido por Decreto 1.324\/2023.<\/li>\n<\/ul>\n\n\n\n<p><strong>Notas recibidas:<\/strong><\/p>\n\n\n\n<ol class=\"wp-block-list\">\n<li>IPPA \u2013 AZUL EN MARCHA.<strong> <\/strong>Elevan nota adjuntando relevamiento realizado en zona c\u00e9ntrica y propuesta de modificaciones a la Ordenanza N\u00b0 4.921.<\/li>\n\n\n\n<li>Vecina Ingrid Lerena.Eleva nota solicitando se gestione la reparaci\u00f3n de los ba\u00f1os p\u00fablicos ubicados en la plaza Alsina.<\/li>\n\n\n\n<li>Arq. Fernando Azcona.Eleva nota solicitando autorizaci\u00f3n para modificar las ventanas del frente del inmueble sito en Av. 25 de Mayo y Bol\u00edvar, declarado de Inter\u00e9s Municipal y Componente del Patrimonio Arquitect\u00f3nico-Urban\u00edstico, debido a la obra que se est\u00e1 llevando a cabo y al destino de uso del mismo.<\/li>\n\n\n\n<li>Vecino Rusiecki Hugo.Eleva nota con propuesta para la puesta en valor del trencito \u201cPamperito\u201d.<\/li>\n\n\n\n<li>Vecino Rusiecki Hugo.Eleva nota con propuesta para la instalaci\u00f3n de cajeros autom\u00e1ticos en distintos puntos de nuestra ciudad.<\/li>\n\n\n\n<li>Vecino Rusiecki Hugo.Eleva nota relacionada al faltante de medicamento y leche en polvo en distintos CAPS de nuestra ciudad.<\/li>\n\n\n\n<li>Vecino Rusiecki Hugo.Eleva nota con propuesta para la prolongaci\u00f3n del paseo costanero hacia Av. Mujica.<\/li>\n\n\n\n<li>Vecino Rusiecki Hugo.Eleva nota relacionada a la rotonda ubicada frente a la entrada del Parque Municipal.<\/li>\n\n\n\n<li>Centro Cultural De Formaci\u00f3n Integral y Cultural de Azul.Eleva nota solicitando se declare de inter\u00e9s comunitario a la instituci\u00f3n y se reconozcan sus acciones ambientalistas territoriales.<\/li>\n<\/ol>\n\n\n\n<p><strong>Disposiciones de otros Concejos<\/strong><\/p>\n\n\n\n<ol class=\"wp-block-list\">\n<li>RESOLUCION N\u00ba 132\/2024. H.C.D. CORONEL ROSALES.Mediante la cual se\u00a0adhiere\u00a0y acompa\u00f1an las acciones para la construcci\u00f3n de la mega planta de licuefacci\u00f3n impulsada por la empresa YPF en el complejo portuario y log\u00edstico ubicado en Bah\u00eda Blanca.<\/li>\n\n\n\n<li>RESOLUCION N\u00ba 135\/2024. H.C.D. CORONEL ROSALES.Mediante la cual se solicita al se\u00f1or Gobernador de la Provincia de Buenos Aires, el env\u00edo urgente de recursos econ\u00f3micos a ABSA Regional Bah\u00eda Blanca para ser afectados espec\u00edficamente a la seccional de Punta Alta.<\/li>\n\n\n\n<li>RESOLUCION N\u00ba 6\/2024. H.C.D. GENERAL LA MADRID.Mediante la cual se\u00a0adhiere\u00a0y acompa\u00f1an las acciones para la construcci\u00f3n de la mega planta de licuefacci\u00f3n impulsada por la empresa YPF en el complejo portuario y log\u00edstico ubicado en Bah\u00eda Blanca.<\/li>\n\n\n\n<li>RESOLUCION N\u00ba 12\/2024. H.C.D. FLORENCIO VARELA.Mediante la cual se solicita al Poder Ejecutivo Nacional comunique el estado de los trabajadores que pertenecieron a los Ministerios, institutos y organismos que han sufrido cambio de status o reorganizados, as\u00ed como tambi\u00e9n informe el monto, destino y funcionalidad de los fondos p\u00fablicos que aquellos organismos ten\u00edan afectados.<\/li>\n\n\n\n<li>RESOLUCION N\u00ba 15\/2024. H.C.D. FLORENCIO VARELA.Mediante la cual se manifiesta rechazo y repudio al desfinanciamiento de los Juegos Nacionales Evita 2024 y el cambio de nombre de los mismos.<\/li>\n\n\n\n<li>RESOLUCION N\u00ba 4572\/2024. H.C.D. PATAGONES.Mediante la cual se dirige al Ministro de Desarrollo de la Comunidad de la Provincia de Buenos Aires, Sr. Andr\u00e9s Larroque; al Director General de Cultura y Educaci\u00f3n de la Provincia de Buenos Aires, Lic. Alberto Sileoni; y al Gobernador de la Provincia de Buenos Aires, Lic. Axel Kicillof, a fin de que revean en car\u00e1cter urgente la actualizaci\u00f3n de los montos del Servicio Alimentario para el ciclo escolar 2024.<\/li>\n\n\n\n<li>RESOLUCION N\u00ba 12\/2024. H.C.D. 25 DE MAYO.Mediante la cual se solicita a las Autoridades de Vialidad de la Provincia de Buenos Aires, que tengan a bien gestionar el comienzo de los arreglos necesarios de la Ruta Provincial N\u00b0 51.<\/li>\n\n\n\n<li>RESOLUCION N\u00ba 42\/2024. H.C.D. LUJAN. Mediante la cual se repudia el accionar represivo de las fuerzas de seguridad ordenado por la Ministra de Seguridad Bullrich.<\/li>\n<\/ol>\n","protected":false},"excerpt":{"rendered":"<p>Se llevar\u00e1 a cabo, este martes a partir de las 18, la Novena Sesi\u00f3n Ordinaria, ejercicio 2024. Durante la jornada, los Concejales dar\u00e1n tratamiento a un Orden del D\u00eda compuesto por proyectos de los diferentes bloques pol\u00edticos, despachos de las Comisiones Permanentes del Cuerpo, notas recibidas y expedientes elevados por el Intendente Municipal. Orden del [&hellip;]<\/p>\n","protected":false},"author":2,"featured_media":2519,"comment_status":"open","ping_status":"open","sticky":false,"template":"","format":"standard","meta":{"tdm_status":"","tdm_grid_status":"","footnotes":""},"categories":[7],"tags":[],"class_list":{"0":"post-2901","1":"post","2":"type-post","3":"status-publish","4":"format-standard","5":"has-post-thumbnail","7":"category-noticias"},"yoast_head":"<!-- This site is optimized with the Yoast SEO plugin v27.3 - https:\/\/yoast.com\/product\/yoast-seo-wordpress\/ -->\n<title>Novena Sesi\u00f3n Ordinaria - Concejo deliberante de Azul<\/title>\n<meta name=\"robots\" content=\"index, follow, max-snippet:-1, max-image-preview:large, max-video-preview:-1\" \/>\n<link rel=\"canonical\" href=\"https:\/\/concejodeliberantedeazul.gob.ar\/index.php\/2024\/07\/01\/novena-sesion-ordinaria-4\/\" \/>\n<meta property=\"og:locale\" content=\"es_ES\" \/>\n<meta property=\"og:type\" content=\"article\" \/>\n<meta property=\"og:title\" content=\"Novena Sesi\u00f3n Ordinaria - Concejo deliberante de Azul\" \/>\n<meta property=\"og:description\" content=\"Se llevar\u00e1 a cabo, este martes a partir de las 18, la Novena Sesi\u00f3n Ordinaria, ejercicio 2024. Durante la jornada, los Concejales dar\u00e1n tratamiento a un Orden del D\u00eda compuesto por proyectos de los diferentes bloques pol\u00edticos, despachos de las Comisiones Permanentes del Cuerpo, notas recibidas y expedientes elevados por el Intendente Municipal. Orden del [&hellip;]\" \/>\n<meta property=\"og:url\" content=\"https:\/\/concejodeliberantedeazul.gob.ar\/index.php\/2024\/07\/01\/novena-sesion-ordinaria-4\/\" \/>\n<meta property=\"og:site_name\" content=\"Concejo deliberante de Azul\" \/>\n<meta property=\"article:published_time\" content=\"2024-07-01T15:49:17+00:00\" \/>\n<meta property=\"article:modified_time\" content=\"2024-07-01T15:49:19+00:00\" \/>\n<meta property=\"og:image\" content=\"http:\/\/concejodeliberantedeazul.gob.ar\/wp-content\/uploads\/2023\/12\/2023-12-09-Autoridades.jpg\" \/>\n\t<meta property=\"og:image:width\" content=\"1433\" \/>\n\t<meta property=\"og:image:height\" content=\"928\" \/>\n\t<meta property=\"og:image:type\" content=\"image\/jpeg\" \/>\n<meta name=\"author\" content=\"Concejo Deliberante Azul\" \/>\n<meta name=\"twitter:card\" content=\"summary_large_image\" \/>\n<meta name=\"twitter:label1\" content=\"Escrito por\" \/>\n\t<meta name=\"twitter:data1\" content=\"Concejo Deliberante Azul\" \/>\n\t<meta name=\"twitter:label2\" content=\"Tiempo de lectura\" \/>\n\t<meta name=\"twitter:data2\" content=\"5 minutos\" \/>\n<script type=\"application\/ld+json\" class=\"yoast-schema-graph\">{\"@context\":\"https:\\\/\\\/schema.org\",\"@graph\":[{\"@type\":\"Article\",\"@id\":\"https:\\\/\\\/concejodeliberantedeazul.gob.ar\\\/index.php\\\/2024\\\/07\\\/01\\\/novena-sesion-ordinaria-4\\\/#article\",\"isPartOf\":{\"@id\":\"https:\\\/\\\/concejodeliberantedeazul.gob.ar\\\/index.php\\\/2024\\\/07\\\/01\\\/novena-sesion-ordinaria-4\\\/\"},\"author\":{\"name\":\"Concejo Deliberante Azul\",\"@id\":\"http:\\\/\\\/concejodeliberantedeazul.gob.ar\\\/#\\\/schema\\\/person\\\/65fd6514aee7c29f008fc53b206198fe\"},\"headline\":\"Novena Sesi\u00f3n Ordinaria\",\"datePublished\":\"2024-07-01T15:49:17+00:00\",\"dateModified\":\"2024-07-01T15:49:19+00:00\",\"mainEntityOfPage\":{\"@id\":\"https:\\\/\\\/concejodeliberantedeazul.gob.ar\\\/index.php\\\/2024\\\/07\\\/01\\\/novena-sesion-ordinaria-4\\\/\"},\"wordCount\":1123,\"commentCount\":0,\"image\":{\"@id\":\"https:\\\/\\\/concejodeliberantedeazul.gob.ar\\\/index.php\\\/2024\\\/07\\\/01\\\/novena-sesion-ordinaria-4\\\/#primaryimage\"},\"thumbnailUrl\":\"http:\\\/\\\/concejodeliberantedeazul.gob.ar\\\/wp-content\\\/uploads\\\/2023\\\/12\\\/2023-12-09-Autoridades.jpg\",\"articleSection\":[\"Noticias\"],\"inLanguage\":\"es-AR\",\"potentialAction\":[{\"@type\":\"CommentAction\",\"name\":\"Comment\",\"target\":[\"https:\\\/\\\/concejodeliberantedeazul.gob.ar\\\/index.php\\\/2024\\\/07\\\/01\\\/novena-sesion-ordinaria-4\\\/#respond\"]}]},{\"@type\":\"WebPage\",\"@id\":\"https:\\\/\\\/concejodeliberantedeazul.gob.ar\\\/index.php\\\/2024\\\/07\\\/01\\\/novena-sesion-ordinaria-4\\\/\",\"url\":\"https:\\\/\\\/concejodeliberantedeazul.gob.ar\\\/index.php\\\/2024\\\/07\\\/01\\\/novena-sesion-ordinaria-4\\\/\",\"name\":\"Novena Sesi\u00f3n Ordinaria - Concejo deliberante de Azul\",\"isPartOf\":{\"@id\":\"http:\\\/\\\/concejodeliberantedeazul.gob.ar\\\/#website\"},\"primaryImageOfPage\":{\"@id\":\"https:\\\/\\\/concejodeliberantedeazul.gob.ar\\\/index.php\\\/2024\\\/07\\\/01\\\/novena-sesion-ordinaria-4\\\/#primaryimage\"},\"image\":{\"@id\":\"https:\\\/\\\/concejodeliberantedeazul.gob.ar\\\/index.php\\\/2024\\\/07\\\/01\\\/novena-sesion-ordinaria-4\\\/#primaryimage\"},\"thumbnailUrl\":\"http:\\\/\\\/concejodeliberantedeazul.gob.ar\\\/wp-content\\\/uploads\\\/2023\\\/12\\\/2023-12-09-Autoridades.jpg\",\"datePublished\":\"2024-07-01T15:49:17+00:00\",\"dateModified\":\"2024-07-01T15:49:19+00:00\",\"author\":{\"@id\":\"http:\\\/\\\/concejodeliberantedeazul.gob.ar\\\/#\\\/schema\\\/person\\\/65fd6514aee7c29f008fc53b206198fe\"},\"breadcrumb\":{\"@id\":\"https:\\\/\\\/concejodeliberantedeazul.gob.ar\\\/index.php\\\/2024\\\/07\\\/01\\\/novena-sesion-ordinaria-4\\\/#breadcrumb\"},\"inLanguage\":\"es-AR\",\"potentialAction\":[{\"@type\":\"ReadAction\",\"target\":[\"https:\\\/\\\/concejodeliberantedeazul.gob.ar\\\/index.php\\\/2024\\\/07\\\/01\\\/novena-sesion-ordinaria-4\\\/\"]}]},{\"@type\":\"ImageObject\",\"inLanguage\":\"es-AR\",\"@id\":\"https:\\\/\\\/concejodeliberantedeazul.gob.ar\\\/index.php\\\/2024\\\/07\\\/01\\\/novena-sesion-ordinaria-4\\\/#primaryimage\",\"url\":\"http:\\\/\\\/concejodeliberantedeazul.gob.ar\\\/wp-content\\\/uploads\\\/2023\\\/12\\\/2023-12-09-Autoridades.jpg\",\"contentUrl\":\"http:\\\/\\\/concejodeliberantedeazul.gob.ar\\\/wp-content\\\/uploads\\\/2023\\\/12\\\/2023-12-09-Autoridades.jpg\",\"width\":1433,\"height\":928},{\"@type\":\"BreadcrumbList\",\"@id\":\"https:\\\/\\\/concejodeliberantedeazul.gob.ar\\\/index.php\\\/2024\\\/07\\\/01\\\/novena-sesion-ordinaria-4\\\/#breadcrumb\",\"itemListElement\":[{\"@type\":\"ListItem\",\"position\":1,\"name\":\"Inicio\",\"item\":\"https:\\\/\\\/concejodeliberantedeazul.gob.ar\\\/\"},{\"@type\":\"ListItem\",\"position\":2,\"name\":\"Novena Sesi\u00f3n Ordinaria\"}]},{\"@type\":\"WebSite\",\"@id\":\"http:\\\/\\\/concejodeliberantedeazul.gob.ar\\\/#website\",\"url\":\"http:\\\/\\\/concejodeliberantedeazul.gob.ar\\\/\",\"name\":\"Concejo deliberante de Azul\",\"description\":\"Sitio Web Oficial del Concejo Deliberante de Azul, Prov. de Buenos Aires - Conformado por 18 concejales de todo el partido.\",\"potentialAction\":[{\"@type\":\"SearchAction\",\"target\":{\"@type\":\"EntryPoint\",\"urlTemplate\":\"http:\\\/\\\/concejodeliberantedeazul.gob.ar\\\/?s={search_term_string}\"},\"query-input\":{\"@type\":\"PropertyValueSpecification\",\"valueRequired\":true,\"valueName\":\"search_term_string\"}}],\"inLanguage\":\"es-AR\"},{\"@type\":\"Person\",\"@id\":\"http:\\\/\\\/concejodeliberantedeazul.gob.ar\\\/#\\\/schema\\\/person\\\/65fd6514aee7c29f008fc53b206198fe\",\"name\":\"Concejo Deliberante Azul\",\"image\":{\"@type\":\"ImageObject\",\"inLanguage\":\"es-AR\",\"@id\":\"https:\\\/\\\/secure.gravatar.com\\\/avatar\\\/30d9ae907861b897be87a25469982f0cfbce09947e0998bf7d9d0ecab450fb85?s=96&d=mm&r=g\",\"url\":\"https:\\\/\\\/secure.gravatar.com\\\/avatar\\\/30d9ae907861b897be87a25469982f0cfbce09947e0998bf7d9d0ecab450fb85?s=96&d=mm&r=g\",\"contentUrl\":\"https:\\\/\\\/secure.gravatar.com\\\/avatar\\\/30d9ae907861b897be87a25469982f0cfbce09947e0998bf7d9d0ecab450fb85?s=96&d=mm&r=g\",\"caption\":\"Concejo Deliberante Azul\"},\"url\":\"http:\\\/\\\/concejodeliberantedeazul.gob.ar\\\/index.php\\\/author\\\/concejo\\\/\"}]}<\/script>\n<!-- \/ Yoast SEO plugin. -->","yoast_head_json":{"title":"Novena Sesi\u00f3n Ordinaria - Concejo deliberante de Azul","robots":{"index":"index","follow":"follow","max-snippet":"max-snippet:-1","max-image-preview":"max-image-preview:large","max-video-preview":"max-video-preview:-1"},"canonical":"https:\/\/concejodeliberantedeazul.gob.ar\/index.php\/2024\/07\/01\/novena-sesion-ordinaria-4\/","og_locale":"es_ES","og_type":"article","og_title":"Novena Sesi\u00f3n Ordinaria - Concejo deliberante de Azul","og_description":"Se llevar\u00e1 a cabo, este martes a partir de las 18, la Novena Sesi\u00f3n Ordinaria, ejercicio 2024. Durante la jornada, los Concejales dar\u00e1n tratamiento a un Orden del D\u00eda compuesto por proyectos de los diferentes bloques pol\u00edticos, despachos de las Comisiones Permanentes del Cuerpo, notas recibidas y expedientes elevados por el Intendente Municipal. Orden del [&hellip;]","og_url":"https:\/\/concejodeliberantedeazul.gob.ar\/index.php\/2024\/07\/01\/novena-sesion-ordinaria-4\/","og_site_name":"Concejo deliberante de Azul","article_published_time":"2024-07-01T15:49:17+00:00","article_modified_time":"2024-07-01T15:49:19+00:00","og_image":[{"width":1433,"height":928,"url":"http:\/\/concejodeliberantedeazul.gob.ar\/wp-content\/uploads\/2023\/12\/2023-12-09-Autoridades.jpg","type":"image\/jpeg"}],"author":"Concejo Deliberante Azul","twitter_card":"summary_large_image","twitter_misc":{"Escrito por":"Concejo Deliberante Azul","Tiempo de lectura":"5 minutos"},"schema":{"@context":"https:\/\/schema.org","@graph":[{"@type":"Article","@id":"https:\/\/concejodeliberantedeazul.gob.ar\/index.php\/2024\/07\/01\/novena-sesion-ordinaria-4\/#article","isPartOf":{"@id":"https:\/\/concejodeliberantedeazul.gob.ar\/index.php\/2024\/07\/01\/novena-sesion-ordinaria-4\/"},"author":{"name":"Concejo Deliberante Azul","@id":"http:\/\/concejodeliberantedeazul.gob.ar\/#\/schema\/person\/65fd6514aee7c29f008fc53b206198fe"},"headline":"Novena Sesi\u00f3n Ordinaria","datePublished":"2024-07-01T15:49:17+00:00","dateModified":"2024-07-01T15:49:19+00:00","mainEntityOfPage":{"@id":"https:\/\/concejodeliberantedeazul.gob.ar\/index.php\/2024\/07\/01\/novena-sesion-ordinaria-4\/"},"wordCount":1123,"commentCount":0,"image":{"@id":"https:\/\/concejodeliberantedeazul.gob.ar\/index.php\/2024\/07\/01\/novena-sesion-ordinaria-4\/#primaryimage"},"thumbnailUrl":"http:\/\/concejodeliberantedeazul.gob.ar\/wp-content\/uploads\/2023\/12\/2023-12-09-Autoridades.jpg","articleSection":["Noticias"],"inLanguage":"es-AR","potentialAction":[{"@type":"CommentAction","name":"Comment","target":["https:\/\/concejodeliberantedeazul.gob.ar\/index.php\/2024\/07\/01\/novena-sesion-ordinaria-4\/#respond"]}]},{"@type":"WebPage","@id":"https:\/\/concejodeliberantedeazul.gob.ar\/index.php\/2024\/07\/01\/novena-sesion-ordinaria-4\/","url":"https:\/\/concejodeliberantedeazul.gob.ar\/index.php\/2024\/07\/01\/novena-sesion-ordinaria-4\/","name":"Novena Sesi\u00f3n Ordinaria - Concejo deliberante de Azul","isPartOf":{"@id":"http:\/\/concejodeliberantedeazul.gob.ar\/#website"},"primaryImageOfPage":{"@id":"https:\/\/concejodeliberantedeazul.gob.ar\/index.php\/2024\/07\/01\/novena-sesion-ordinaria-4\/#primaryimage"},"image":{"@id":"https:\/\/concejodeliberantedeazul.gob.ar\/index.php\/2024\/07\/01\/novena-sesion-ordinaria-4\/#primaryimage"},"thumbnailUrl":"http:\/\/concejodeliberantedeazul.gob.ar\/wp-content\/uploads\/2023\/12\/2023-12-09-Autoridades.jpg","datePublished":"2024-07-01T15:49:17+00:00","dateModified":"2024-07-01T15:49:19+00:00","author":{"@id":"http:\/\/concejodeliberantedeazul.gob.ar\/#\/schema\/person\/65fd6514aee7c29f008fc53b206198fe"},"breadcrumb":{"@id":"https:\/\/concejodeliberantedeazul.gob.ar\/index.php\/2024\/07\/01\/novena-sesion-ordinaria-4\/#breadcrumb"},"inLanguage":"es-AR","potentialAction":[{"@type":"ReadAction","target":["https:\/\/concejodeliberantedeazul.gob.ar\/index.php\/2024\/07\/01\/novena-sesion-ordinaria-4\/"]}]},{"@type":"ImageObject","inLanguage":"es-AR","@id":"https:\/\/concejodeliberantedeazul.gob.ar\/index.php\/2024\/07\/01\/novena-sesion-ordinaria-4\/#primaryimage","url":"http:\/\/concejodeliberantedeazul.gob.ar\/wp-content\/uploads\/2023\/12\/2023-12-09-Autoridades.jpg","contentUrl":"http:\/\/concejodeliberantedeazul.gob.ar\/wp-content\/uploads\/2023\/12\/2023-12-09-Autoridades.jpg","width":1433,"height":928},{"@type":"BreadcrumbList","@id":"https:\/\/concejodeliberantedeazul.gob.ar\/index.php\/2024\/07\/01\/novena-sesion-ordinaria-4\/#breadcrumb","itemListElement":[{"@type":"ListItem","position":1,"name":"Inicio","item":"https:\/\/concejodeliberantedeazul.gob.ar\/"},{"@type":"ListItem","position":2,"name":"Novena Sesi\u00f3n Ordinaria"}]},{"@type":"WebSite","@id":"http:\/\/concejodeliberantedeazul.gob.ar\/#website","url":"http:\/\/concejodeliberantedeazul.gob.ar\/","name":"Concejo deliberante de Azul","description":"Sitio Web Oficial del Concejo Deliberante de Azul, Prov. de Buenos Aires - Conformado por 18 concejales de todo el partido.","potentialAction":[{"@type":"SearchAction","target":{"@type":"EntryPoint","urlTemplate":"http:\/\/concejodeliberantedeazul.gob.ar\/?s={search_term_string}"},"query-input":{"@type":"PropertyValueSpecification","valueRequired":true,"valueName":"search_term_string"}}],"inLanguage":"es-AR"},{"@type":"Person","@id":"http:\/\/concejodeliberantedeazul.gob.ar\/#\/schema\/person\/65fd6514aee7c29f008fc53b206198fe","name":"Concejo Deliberante Azul","image":{"@type":"ImageObject","inLanguage":"es-AR","@id":"https:\/\/secure.gravatar.com\/avatar\/30d9ae907861b897be87a25469982f0cfbce09947e0998bf7d9d0ecab450fb85?s=96&d=mm&r=g","url":"https:\/\/secure.gravatar.com\/avatar\/30d9ae907861b897be87a25469982f0cfbce09947e0998bf7d9d0ecab450fb85?s=96&d=mm&r=g","contentUrl":"https:\/\/secure.gravatar.com\/avatar\/30d9ae907861b897be87a25469982f0cfbce09947e0998bf7d9d0ecab450fb85?s=96&d=mm&r=g","caption":"Concejo Deliberante Azul"},"url":"http:\/\/concejodeliberantedeazul.gob.ar\/index.php\/author\/concejo\/"}]}},"amp_enabled":true,"_links":{"self":[{"href":"http:\/\/concejodeliberantedeazul.gob.ar\/index.php\/wp-json\/wp\/v2\/posts\/2901","targetHints":{"allow":["GET"]}}],"collection":[{"href":"http:\/\/concejodeliberantedeazul.gob.ar\/index.php\/wp-json\/wp\/v2\/posts"}],"about":[{"href":"http:\/\/concejodeliberantedeazul.gob.ar\/index.php\/wp-json\/wp\/v2\/types\/post"}],"author":[{"embeddable":true,"href":"http:\/\/concejodeliberantedeazul.gob.ar\/index.php\/wp-json\/wp\/v2\/users\/2"}],"replies":[{"embeddable":true,"href":"http:\/\/concejodeliberantedeazul.gob.ar\/index.php\/wp-json\/wp\/v2\/comments?post=2901"}],"version-history":[{"count":1,"href":"http:\/\/concejodeliberantedeazul.gob.ar\/index.php\/wp-json\/wp\/v2\/posts\/2901\/revisions"}],"predecessor-version":[{"id":2902,"href":"http:\/\/concejodeliberantedeazul.gob.ar\/index.php\/wp-json\/wp\/v2\/posts\/2901\/revisions\/2902"}],"wp:featuredmedia":[{"embeddable":true,"href":"http:\/\/concejodeliberantedeazul.gob.ar\/index.php\/wp-json\/wp\/v2\/media\/2519"}],"wp:attachment":[{"href":"http:\/\/concejodeliberantedeazul.gob.ar\/index.php\/wp-json\/wp\/v2\/media?parent=2901"}],"wp:term":[{"taxonomy":"category","embeddable":true,"href":"http:\/\/concejodeliberantedeazul.gob.ar\/index.php\/wp-json\/wp\/v2\/categories?post=2901"},{"taxonomy":"post_tag","embeddable":true,"href":"http:\/\/concejodeliberantedeazul.gob.ar\/index.php\/wp-json\/wp\/v2\/tags?post=2901"}],"curies":[{"name":"wp","href":"https:\/\/api.w.org\/{rel}","templated":true}]}}