{"id":2867,"date":"2024-06-14T11:41:15","date_gmt":"2024-06-14T14:41:15","guid":{"rendered":"http:\/\/concejodeliberantedeazul.gob.ar\/?p=2867"},"modified":"2024-06-14T11:41:18","modified_gmt":"2024-06-14T14:41:18","slug":"octava-sesion-ordinaria-3","status":"publish","type":"post","link":"http:\/\/concejodeliberantedeazul.gob.ar\/index.php\/2024\/06\/14\/octava-sesion-ordinaria-3\/","title":{"rendered":"Octava Sesi\u00f3n Ordinaria"},"content":{"rendered":"\n<p>Se llevar\u00e1 a cabo, este martes, a partir de las 18, la Octava Sesi\u00f3n Ordinaria, ejercicio 2024.<\/p>\n\n\n\n<p>El Orden del D\u00eda al que dar\u00e1n tratamiento los Concejales est\u00e1 compuesto por m\u00e1s de 20 puntos entre los que se abordar\u00e1n proyectos de los diferentes bloques pol\u00edticos, despachos de las Comisiones Permanentes, notas recibidas y expedientes elevados por el Departamento Ejecutivo. <strong><u><\/u><\/strong><\/p>\n\n\n\n<ol class=\"wp-block-list\">\n<li>Aprobaci\u00f3n del acta correspondiente a la Sesi\u00f3n Especial, celebrada el pasado 27 de mayo, sobre tratamiento de la Rendici\u00f3n de Cuentas 2023.<\/li>\n<\/ol>\n\n\n\n<ul class=\"wp-block-list\">\n<li>Lectura de Notas Recibidas.<\/li>\n<\/ul>\n\n\n\n<p><strong>Expediente elevado por el Intendente Municipal:<\/strong><\/p>\n\n\n\n<ul class=\"wp-block-list\">\n<li>Elev\u00f3 proyecto de Ordenanza referido a convalidar el Decreto N\u00b0 1.056\/2024, por el cual el Departamento Ejecutivo aprobara la Licitaci\u00f3n Privada N\u00b0 22\/24 para la adquisici\u00f3n de pintura vial para demarcaci\u00f3n de sendas peatonales; y adjudicara al proveedor Tecnotrans SRL.<\/li>\n<\/ul>\n\n\n\n<p><strong>Despachos de las diferentes Comisiones:<\/strong><\/p>\n\n\n\n<ul class=\"wp-block-list\">\n<li>Despachos de las Comisiones de Salud P\u00fablica y Medio Ambiente y de Interpretaci\u00f3n, Legislaci\u00f3n y Seguridad P\u00fablica aconsejando la aprobaci\u00f3n, con modificaci\u00f3n, del proyecto de Ordenanza referido a crear, en el \u00e1mbito de la Municipalidad de Azul, la dependencia o \u00e1rea de \u201cEstablecimientos Geri\u00e1tricos\u201d y un registro municipal de los mismos, conforme la Ley 14.263\/2011.<\/li>\n\n\n\n<li><a>Despachos de las Comisiones de Presupuesto y Hacienda y de Interpretaci\u00f3n, Legislaci\u00f3n y Seguridad P\u00fablica<\/a> aconsejando la aprobaci\u00f3n del proyecto de Ordenanza referido a convalidar convenio y adenda suscriptos con AADI-CAPIF por los cuales se procura reconducir y enmarcar el pago del derecho que compete a artistas int\u00e9rpretes y a los productores fonogr\u00e1ficos, nacionales y extranjeros, con relaci\u00f3n a eventos, espect\u00e1culos art\u00edsticos y de recreaci\u00f3n realizados por la Municipalidad durante el a\u00f1o 2023.<\/li>\n\n\n\n<li>Despachos de las Comisiones de Presupuesto y Hacienda y de Interpretaci\u00f3n, Legislaci\u00f3n y Seguridad P\u00fablica aconsejando la aprobaci\u00f3n del proyecto de Ordenanza referido a convalidar el Art\u00edculo 2\u00b0 del Decreto N\u00b0 885\/2024, por el cual el Departamento Ejecutivo aprobara la Licitaci\u00f3n P\u00fablica N\u00b0 3\/24 para la contrataci\u00f3n por comodato de equipos de laboratorio de an\u00e1lisis cl\u00ednicos, por el per\u00edodo comprendido de mayo a diciembre del corriente a\u00f1o, destinado al Servicio de Laboratorio del hospital municipal \u201cDr. \u00c1ngel Pintos\u201d de Azul; y adjudicara al proveedor EXSA SRL.<\/li>\n\n\n\n<li>Despachos de las Comisiones de Presupuesto y Hacienda y de Interpretaci\u00f3n, Legislaci\u00f3n y Seguridad P\u00fablica aconsejando la aprobaci\u00f3n del proyecto de Ordenanza referido a convalidar el convenio suscripto con AADI-CAPIF por el cual se procura reconducir y enmarcar el pago del derecho que compete a artistas int\u00e9rpretes y productores fonogr\u00e1ficos, nacionales y extranjeros, con relaci\u00f3n a eventos, espect\u00e1culos art\u00edsticos y de recreaci\u00f3n a realizarse por parte de la Municipalidad de Azul durante el a\u00f1o en curso.<\/li>\n\n\n\n<li>Despachos de las Comisiones de Presupuesto y Hacienda y de <a>Interpretaci\u00f3n, Legislaci\u00f3n y Seguridad P\u00fablica<\/a> aconsejando la aprobaci\u00f3n del proyecto de Ordenanza referido a convalidar el Contrato de Comodato de Uso Gratuito, suscripto con el Ministerio de Seguridad de la provincia de Buenos Aires, tendiente a regularizar la situaci\u00f3n del inmueble ubicado en avenida Pellegrini 1996 donde actualmente funciona el Destacamento Policial \u201cZona Balneario\u201d.<\/li>\n\n\n\n<li>Despachos de las Comisiones de Acci\u00f3n Social, Cultura, Educaci\u00f3n y Deportes y de Interpretaci\u00f3n, Legislaci\u00f3n y Seguridad P\u00fablica aconsejando la aprobaci\u00f3n, con modificaciones, del proyecto de Ordenanza referido a crear la Mesa Social del partido de Azul.<\/li>\n\n\n\n<li>Despacho de la Comisi\u00f3n de Interpretaci\u00f3n, Legislaci\u00f3n y Seguridad P\u00fablica aconsejando la aprobaci\u00f3n del proyecto de Decreto que modifica el Reglamento Interno del Cuerpo, eliminando atribuciones de este Concejo relacionadas con el Observatorio de Seguridad Vial.<\/li>\n\n\n\n<li>Despacho de la Comisi\u00f3n de Salud P\u00fablica y Medio Ambiente aconsejando el archivo de las presentes actuaciones (C.E.A.L. Eleva informe sobre la calidad del agua correspondiente al primer trimestre del a\u00f1o en curso).<\/li>\n<\/ul>\n\n\n\n<p><strong>Proyectos de los diferentes bloques:<\/strong><\/p>\n\n\n\n<ol class=\"wp-block-list\">\n<li>Bloques UCR Evoluci\u00f3n y UCR Azul elevaron proyecto de Comunicaci\u00f3n solicitando al Intendente Municipal la realizaci\u00f3n de acciones y gestiones para la se\u00f1alizaci\u00f3n, iluminaci\u00f3n y puesta en valor de la avenida Cacique Catriel desde calle Palmiro Bogliano hasta avenida Mujica.<\/li>\n\n\n\n<li>Bloque Uni\u00f3n Por La Patria Azul elev\u00f3 proyecto de Ordenanza referido a la regulaci\u00f3n para la gesti\u00f3n de residuos derivados de la utilizaci\u00f3n de aceites vegetales.<\/li>\n\n\n\n<li>Bloques UCR Evoluci\u00f3n y UCR Azul elevaron proyecto de Comunicaci\u00f3n solicitando al Intendente Municipal informaci\u00f3n relacionada al estado del Camping Municipal de Azul.<\/li>\n\n\n\n<li>Concejales del partido de Azul elevaron proyecto de Ordenanza referido a crear el Circuito Tur\u00edstico Hist\u00f3rico Cultural \u201cAdolfo P\u00e9rez Esquivel. Los pasos del Nobel en Azul\u201d.<\/li>\n\n\n\n<li>Concejales del partido de Azul elevaron proyecto de Comunicaci\u00f3n solicitando al Departamento Ejecutivo gestiones relacionadas a los programas \u201cConstruyendo Chillar\u201d y \u201cConstruyendo Cachar\u00ed\u201d.<\/li>\n\n\n\n<li>Concejales del partido de Azul elevaron proyecto de Comunicaci\u00f3n por el cual se solicita al se\u00f1or Intendente Municipal que realice gestiones para reanudar el servicio de transporte escolar rural.<\/li>\n\n\n\n<li><a>Bloque Uni\u00f3n C\u00edvica Radical elev\u00f3 <\/a>proyecto de Comunicaci\u00f3n solicitando al Departamento Ejecutivo que d\u00e9 cumplimiento a lo dispuesto en la Ordenanza 2.849\/2009 que establece la \u201cGu\u00eda de Tr\u00e1mites\u201d en el \u00e1mbito del Gobierno municipal.<\/li>\n\n\n\n<li>Bloque Uni\u00f3n C\u00edvica Radical elev\u00f3 proyecto de Ordenanza referido a crear el programa \u201cPuntos de Conectividad\u201d que permita garantizar el acceso p\u00fablico y gratuito a internet a todos los habitantes del Partido.<\/li>\n\n\n\n<li>Bloque Uni\u00f3n Por La Patria Azul elev\u00f3 proyecto de Resoluci\u00f3n referido a solicitar al Gobierno nacional que efect\u00fae los pagos correspondientes a la deuda que registra al mes de mayo de 2024 con ministerios y direcciones de la Provincia.<\/li>\n<\/ol>\n\n\n\n<p><strong>Notas recibidas:<\/strong><\/p>\n\n\n\n<ol class=\"wp-block-list\">\n<li>Secretar\u00eda de Gobierno.Eleva nota a fin de remitir respuestas a las repreguntas formuladas por los concejales, el pasado 21 de mayo, en cumplimiento a la Ordenanza N\u00b0 4.117\/2018 y su modificatoria.<\/li>\n\n\n\n<li>Vecina Errobidart Patricia.Eleva nota solicitando el corte de unas ramas del naranjo ubicado en calle Rivadavia N\u00b0 598, ya que obstruye la imagen de la c\u00e1mara de seguridad y la luz del alumbrado p\u00fablico.<\/li>\n\n\n\n<li>Abog. Sergio Sosa.Eleva nota relacionada con el Juzgado de Faltas.<\/li>\n\n\n\n<li>Vecinas Ver\u00f3nica Varas y Lorena Bautista.Elevan nota solicitando se gestione la implementaci\u00f3n de una guardia veterinaria para casos de urgencia.<\/li>\n\n\n\n<li>Centro Cultural Don Cipriano.Eleva anteproyecto de Resoluci\u00f3n relacionado con la falta de implementaci\u00f3n por parte del Gobierno Nacional de la Ley N\u00b0 25.724 que crea el Programa de Nutrici\u00f3n y Alimentaci\u00f3n.<\/li>\n\n\n\n<li>Vecino Rusiecki Hugo.Eleva nota relacionada con la alimentaci\u00f3n saludable.<\/li>\n\n\n\n<li>Vecino Rusiecki Hugo.Eleva nota relacionada con la implementaci\u00f3n del trueque.<\/li>\n\n\n\n<li>Vecino Rusiecki Hugo.Eleva nota relacionada con la recolecci\u00f3n de hojas secas en distintos puntos de la ciudad.<\/li>\n<\/ol>\n\n\n\n<p><strong>Informes<\/strong><\/p>\n\n\n\n<ul class=\"wp-block-list\">\n<li>Informes de los Juzgados de Faltas N\u00ba 1 y N\u00ba 2 del partido de Azul correspondientes al per\u00edodo Mayo de 2024, de conformidad a la Ordenanza N\u00ba 4.492\/2020 \u2013 C\u00f3digo Municipal de Faltas.<\/li>\n<\/ul>\n\n\n\n<p><strong>Disposiciones de otros Concejos<\/strong><\/p>\n\n\n\n<ol class=\"wp-block-list\">\n<li>Declaraci\u00f3n N\u00ba 234\/2024. H.C.D. Malvinas Argentinas.Mediante la cual se repudian dichos de la Vicepresidenta Victoria Villarruel y del Presidente Javier Milei, en relaci\u00f3n al 24 de marzo.<\/li>\n\n\n\n<li>Declaraci\u00f3n N\u00ba 235\/2024. H.C.D. Malvinas Argentinas.Mediante la cual se declara de Inter\u00e9s Legislativo la Semana del Autismo, del 2 al 6 de abril.<\/li>\n\n\n\n<li>Declaraci\u00f3n N\u00ba 236\/2024. H.C.D. Malvinas Argentinas.Mediante la cual se expresa el repudio a los despidos masivos en la administraci\u00f3n p\u00fablica nacional y el consecuente desguace de las pol\u00edticas p\u00fablicas.<\/li>\n\n\n\n<li>Declaraci\u00f3n N\u00ba 237\/2024. H.C.D. Malvinas Argentinas.Mediante la cual se declara de Inter\u00e9s Legislativo la marcha \u201cpor los Derechos Humanos de Ayer y de Hoy\u201d, realizada el pasado 16 de marzo.<\/li>\n\n\n\n<li>Declaraci\u00f3n N\u00ba 238\/2024. H.C.D. Malvinas Argentinas. Mediante la cual se declara de Inter\u00e9s Legislativo y Social, la sanci\u00f3n de la Ley Provincial N\u00b0 15.484 para la creaci\u00f3n de distintos Juzgados con competencia en los partidos de San Miguel, Jos\u00e9 C. Paz y Malvinas Argentinas.<\/li>\n\n\n\n<li>Declaraci\u00f3n N\u00ba 239\/2024. H.C.D. Malvinas Argentinas. Mediante la cual se declara la firme defensa del Sistema Universitario Argentino.<\/li>\n\n\n\n<li>Declaraci\u00f3n N\u00ba 240\/2024. H.C.D. Malvinas Argentinas.Mediante la cual se declara de Inter\u00e9s Legislativo el lanzamiento del Programa \u201cRed Orgullo\u201d realizado el pasado 17 de mayo.<\/li>\n\n\n\n<li>Resoluci\u00f3n N\u00ba 2530\/2024. H.C.D. Villarino.Mediante la cual se expresa el absoluto apoyo a la construcci\u00f3n en el Puerto de Bah\u00eda Blanca de la Planta de Licuefacci\u00f3n, con el objetivo de exportar gas natural licuado del Yacimiento Hidrocarbur\u00edfero de Vaca Muerta.<\/li>\n\n\n\n<li>Resoluci\u00f3n N\u00ba 4.561\/2024. H.C.D. Patagones.Mediante la cual se adhiere y acompa\u00f1a a las acciones en pos de la construcci\u00f3n en el Puerto de Bah\u00eda Blanca de la Planta de Licuefacci\u00f3n, impulsada por YPF.<\/li>\n\n\n\n<li>Resoluci\u00f3n N\u00ba 4\/2024. H.C.D. General La Madrid.Mediante la cual se pone de manifiesto la preocupaci\u00f3n por el desguace y cierre de las sucursales de Correo Argentino, y solicita al Gobierno Nacional garantizar el funcionamiento de las mismas.<\/li>\n\n\n\n<li>Resoluci\u00f3n N\u00ba 35\/2024. H.C.D. Lujan.Mediante la cual se expresa el benepl\u00e1cito al Proyecto de Ley que busca modificar la Ley N\u00b0 15.079, que tiene por objeto restringir el acceso a juegos de azar online a ni\u00f1os, ni\u00f1as y adolescentes, y prevenir y concientizar sobre la ludopat\u00eda en las infancias y adolescencias.<\/li>\n\n\n\n<li>Resoluci\u00f3n N\u00ba 37\/2024. H.C.D. Lujan.Mediante la cual se expresa el benepl\u00e1cito a la conmemoraci\u00f3n del \u201cNi Una Menos\u201d el pasado 3 de junio y se manifiesta el rechazo ante el desmantelamiento de las pol\u00edticas p\u00fablicas relacionadas al abordaje de la violencia de g\u00e9nero.<\/li>\n\n\n\n<li>Resoluci\u00f3n N\u00ba 38\/2024. H.C.D. Lujan.Mediante la cual se solicita a la Ministra de Capital Humano que cumpla con el plan de distribuci\u00f3n de los alimentos que se encuentran acopiados en los dep\u00f3sitos de Villa Martelli y Tafi Viejo.<\/li>\n<\/ol>\n","protected":false},"excerpt":{"rendered":"<p>Se llevar\u00e1 a cabo, este martes, a partir de las 18, la Octava Sesi\u00f3n Ordinaria, ejercicio 2024. El Orden del D\u00eda al que dar\u00e1n tratamiento los Concejales est\u00e1 compuesto por m\u00e1s de 20 puntos entre los que se abordar\u00e1n proyectos de los diferentes bloques pol\u00edticos, despachos de las Comisiones Permanentes, notas recibidas y expedientes elevados [&hellip;]<\/p>\n","protected":false},"author":2,"featured_media":2674,"comment_status":"open","ping_status":"open","sticky":false,"template":"","format":"standard","meta":{"tdm_status":"","tdm_grid_status":"","footnotes":""},"categories":[7],"tags":[],"class_list":{"0":"post-2867","1":"post","2":"type-post","3":"status-publish","4":"format-standard","5":"has-post-thumbnail","7":"category-noticias"},"yoast_head":"<!-- This site is optimized with the Yoast SEO plugin v27.3 - https:\/\/yoast.com\/product\/yoast-seo-wordpress\/ -->\n<title>Octava Sesi\u00f3n Ordinaria - Concejo deliberante de Azul<\/title>\n<meta name=\"robots\" content=\"index, follow, max-snippet:-1, max-image-preview:large, max-video-preview:-1\" \/>\n<link rel=\"canonical\" href=\"https:\/\/concejodeliberantedeazul.gob.ar\/index.php\/2024\/06\/14\/octava-sesion-ordinaria-3\/\" \/>\n<meta property=\"og:locale\" content=\"es_ES\" \/>\n<meta property=\"og:type\" content=\"article\" \/>\n<meta property=\"og:title\" content=\"Octava Sesi\u00f3n Ordinaria - Concejo deliberante de Azul\" \/>\n<meta property=\"og:description\" content=\"Se llevar\u00e1 a cabo, este martes, a partir de las 18, la Octava Sesi\u00f3n Ordinaria, ejercicio 2024. El Orden del D\u00eda al que dar\u00e1n tratamiento los Concejales est\u00e1 compuesto por m\u00e1s de 20 puntos entre los que se abordar\u00e1n proyectos de los diferentes bloques pol\u00edticos, despachos de las Comisiones Permanentes, notas recibidas y expedientes elevados [&hellip;]\" \/>\n<meta property=\"og:url\" content=\"https:\/\/concejodeliberantedeazul.gob.ar\/index.php\/2024\/06\/14\/octava-sesion-ordinaria-3\/\" \/>\n<meta property=\"og:site_name\" content=\"Concejo deliberante de Azul\" \/>\n<meta property=\"article:published_time\" content=\"2024-06-14T14:41:15+00:00\" \/>\n<meta property=\"article:modified_time\" content=\"2024-06-14T14:41:18+00:00\" \/>\n<meta property=\"og:image\" content=\"http:\/\/concejodeliberantedeazul.gob.ar\/wp-content\/uploads\/2024\/01\/05-01-2023-Sesiones-Extraordinarias-scaled.jpg\" \/>\n\t<meta property=\"og:image:width\" content=\"2560\" \/>\n\t<meta property=\"og:image:height\" content=\"1603\" \/>\n\t<meta property=\"og:image:type\" content=\"image\/jpeg\" \/>\n<meta name=\"author\" content=\"Concejo Deliberante Azul\" \/>\n<meta name=\"twitter:card\" content=\"summary_large_image\" \/>\n<meta name=\"twitter:label1\" content=\"Escrito por\" \/>\n\t<meta name=\"twitter:data1\" content=\"Concejo Deliberante Azul\" \/>\n\t<meta name=\"twitter:label2\" content=\"Tiempo de lectura\" \/>\n\t<meta name=\"twitter:data2\" content=\"8 minutos\" \/>\n<script type=\"application\/ld+json\" class=\"yoast-schema-graph\">{\"@context\":\"https:\\\/\\\/schema.org\",\"@graph\":[{\"@type\":\"Article\",\"@id\":\"https:\\\/\\\/concejodeliberantedeazul.gob.ar\\\/index.php\\\/2024\\\/06\\\/14\\\/octava-sesion-ordinaria-3\\\/#article\",\"isPartOf\":{\"@id\":\"https:\\\/\\\/concejodeliberantedeazul.gob.ar\\\/index.php\\\/2024\\\/06\\\/14\\\/octava-sesion-ordinaria-3\\\/\"},\"author\":{\"name\":\"Concejo Deliberante Azul\",\"@id\":\"http:\\\/\\\/concejodeliberantedeazul.gob.ar\\\/#\\\/schema\\\/person\\\/65fd6514aee7c29f008fc53b206198fe\"},\"headline\":\"Octava Sesi\u00f3n Ordinaria\",\"datePublished\":\"2024-06-14T14:41:15+00:00\",\"dateModified\":\"2024-06-14T14:41:18+00:00\",\"mainEntityOfPage\":{\"@id\":\"https:\\\/\\\/concejodeliberantedeazul.gob.ar\\\/index.php\\\/2024\\\/06\\\/14\\\/octava-sesion-ordinaria-3\\\/\"},\"wordCount\":1680,\"commentCount\":0,\"image\":{\"@id\":\"https:\\\/\\\/concejodeliberantedeazul.gob.ar\\\/index.php\\\/2024\\\/06\\\/14\\\/octava-sesion-ordinaria-3\\\/#primaryimage\"},\"thumbnailUrl\":\"http:\\\/\\\/concejodeliberantedeazul.gob.ar\\\/wp-content\\\/uploads\\\/2024\\\/01\\\/05-01-2023-Sesiones-Extraordinarias-scaled.jpg\",\"articleSection\":[\"Noticias\"],\"inLanguage\":\"es-AR\",\"potentialAction\":[{\"@type\":\"CommentAction\",\"name\":\"Comment\",\"target\":[\"https:\\\/\\\/concejodeliberantedeazul.gob.ar\\\/index.php\\\/2024\\\/06\\\/14\\\/octava-sesion-ordinaria-3\\\/#respond\"]}]},{\"@type\":\"WebPage\",\"@id\":\"https:\\\/\\\/concejodeliberantedeazul.gob.ar\\\/index.php\\\/2024\\\/06\\\/14\\\/octava-sesion-ordinaria-3\\\/\",\"url\":\"https:\\\/\\\/concejodeliberantedeazul.gob.ar\\\/index.php\\\/2024\\\/06\\\/14\\\/octava-sesion-ordinaria-3\\\/\",\"name\":\"Octava Sesi\u00f3n Ordinaria - Concejo deliberante de Azul\",\"isPartOf\":{\"@id\":\"http:\\\/\\\/concejodeliberantedeazul.gob.ar\\\/#website\"},\"primaryImageOfPage\":{\"@id\":\"https:\\\/\\\/concejodeliberantedeazul.gob.ar\\\/index.php\\\/2024\\\/06\\\/14\\\/octava-sesion-ordinaria-3\\\/#primaryimage\"},\"image\":{\"@id\":\"https:\\\/\\\/concejodeliberantedeazul.gob.ar\\\/index.php\\\/2024\\\/06\\\/14\\\/octava-sesion-ordinaria-3\\\/#primaryimage\"},\"thumbnailUrl\":\"http:\\\/\\\/concejodeliberantedeazul.gob.ar\\\/wp-content\\\/uploads\\\/2024\\\/01\\\/05-01-2023-Sesiones-Extraordinarias-scaled.jpg\",\"datePublished\":\"2024-06-14T14:41:15+00:00\",\"dateModified\":\"2024-06-14T14:41:18+00:00\",\"author\":{\"@id\":\"http:\\\/\\\/concejodeliberantedeazul.gob.ar\\\/#\\\/schema\\\/person\\\/65fd6514aee7c29f008fc53b206198fe\"},\"breadcrumb\":{\"@id\":\"https:\\\/\\\/concejodeliberantedeazul.gob.ar\\\/index.php\\\/2024\\\/06\\\/14\\\/octava-sesion-ordinaria-3\\\/#breadcrumb\"},\"inLanguage\":\"es-AR\",\"potentialAction\":[{\"@type\":\"ReadAction\",\"target\":[\"https:\\\/\\\/concejodeliberantedeazul.gob.ar\\\/index.php\\\/2024\\\/06\\\/14\\\/octava-sesion-ordinaria-3\\\/\"]}]},{\"@type\":\"ImageObject\",\"inLanguage\":\"es-AR\",\"@id\":\"https:\\\/\\\/concejodeliberantedeazul.gob.ar\\\/index.php\\\/2024\\\/06\\\/14\\\/octava-sesion-ordinaria-3\\\/#primaryimage\",\"url\":\"http:\\\/\\\/concejodeliberantedeazul.gob.ar\\\/wp-content\\\/uploads\\\/2024\\\/01\\\/05-01-2023-Sesiones-Extraordinarias-scaled.jpg\",\"contentUrl\":\"http:\\\/\\\/concejodeliberantedeazul.gob.ar\\\/wp-content\\\/uploads\\\/2024\\\/01\\\/05-01-2023-Sesiones-Extraordinarias-scaled.jpg\",\"width\":2560,\"height\":1603},{\"@type\":\"BreadcrumbList\",\"@id\":\"https:\\\/\\\/concejodeliberantedeazul.gob.ar\\\/index.php\\\/2024\\\/06\\\/14\\\/octava-sesion-ordinaria-3\\\/#breadcrumb\",\"itemListElement\":[{\"@type\":\"ListItem\",\"position\":1,\"name\":\"Inicio\",\"item\":\"https:\\\/\\\/concejodeliberantedeazul.gob.ar\\\/\"},{\"@type\":\"ListItem\",\"position\":2,\"name\":\"Octava Sesi\u00f3n Ordinaria\"}]},{\"@type\":\"WebSite\",\"@id\":\"http:\\\/\\\/concejodeliberantedeazul.gob.ar\\\/#website\",\"url\":\"http:\\\/\\\/concejodeliberantedeazul.gob.ar\\\/\",\"name\":\"Concejo deliberante de Azul\",\"description\":\"Sitio Web Oficial del Concejo Deliberante de Azul, Prov. de Buenos Aires - Conformado por 18 concejales de todo el partido.\",\"potentialAction\":[{\"@type\":\"SearchAction\",\"target\":{\"@type\":\"EntryPoint\",\"urlTemplate\":\"http:\\\/\\\/concejodeliberantedeazul.gob.ar\\\/?s={search_term_string}\"},\"query-input\":{\"@type\":\"PropertyValueSpecification\",\"valueRequired\":true,\"valueName\":\"search_term_string\"}}],\"inLanguage\":\"es-AR\"},{\"@type\":\"Person\",\"@id\":\"http:\\\/\\\/concejodeliberantedeazul.gob.ar\\\/#\\\/schema\\\/person\\\/65fd6514aee7c29f008fc53b206198fe\",\"name\":\"Concejo Deliberante Azul\",\"image\":{\"@type\":\"ImageObject\",\"inLanguage\":\"es-AR\",\"@id\":\"https:\\\/\\\/secure.gravatar.com\\\/avatar\\\/30d9ae907861b897be87a25469982f0cfbce09947e0998bf7d9d0ecab450fb85?s=96&d=mm&r=g\",\"url\":\"https:\\\/\\\/secure.gravatar.com\\\/avatar\\\/30d9ae907861b897be87a25469982f0cfbce09947e0998bf7d9d0ecab450fb85?s=96&d=mm&r=g\",\"contentUrl\":\"https:\\\/\\\/secure.gravatar.com\\\/avatar\\\/30d9ae907861b897be87a25469982f0cfbce09947e0998bf7d9d0ecab450fb85?s=96&d=mm&r=g\",\"caption\":\"Concejo Deliberante Azul\"},\"url\":\"http:\\\/\\\/concejodeliberantedeazul.gob.ar\\\/index.php\\\/author\\\/concejo\\\/\"}]}<\/script>\n<!-- \/ Yoast SEO plugin. -->","yoast_head_json":{"title":"Octava Sesi\u00f3n Ordinaria - Concejo deliberante de Azul","robots":{"index":"index","follow":"follow","max-snippet":"max-snippet:-1","max-image-preview":"max-image-preview:large","max-video-preview":"max-video-preview:-1"},"canonical":"https:\/\/concejodeliberantedeazul.gob.ar\/index.php\/2024\/06\/14\/octava-sesion-ordinaria-3\/","og_locale":"es_ES","og_type":"article","og_title":"Octava Sesi\u00f3n Ordinaria - Concejo deliberante de Azul","og_description":"Se llevar\u00e1 a cabo, este martes, a partir de las 18, la Octava Sesi\u00f3n Ordinaria, ejercicio 2024. El Orden del D\u00eda al que dar\u00e1n tratamiento los Concejales est\u00e1 compuesto por m\u00e1s de 20 puntos entre los que se abordar\u00e1n proyectos de los diferentes bloques pol\u00edticos, despachos de las Comisiones Permanentes, notas recibidas y expedientes elevados [&hellip;]","og_url":"https:\/\/concejodeliberantedeazul.gob.ar\/index.php\/2024\/06\/14\/octava-sesion-ordinaria-3\/","og_site_name":"Concejo deliberante de Azul","article_published_time":"2024-06-14T14:41:15+00:00","article_modified_time":"2024-06-14T14:41:18+00:00","og_image":[{"width":2560,"height":1603,"url":"http:\/\/concejodeliberantedeazul.gob.ar\/wp-content\/uploads\/2024\/01\/05-01-2023-Sesiones-Extraordinarias-scaled.jpg","type":"image\/jpeg"}],"author":"Concejo Deliberante Azul","twitter_card":"summary_large_image","twitter_misc":{"Escrito por":"Concejo Deliberante Azul","Tiempo de lectura":"8 minutos"},"schema":{"@context":"https:\/\/schema.org","@graph":[{"@type":"Article","@id":"https:\/\/concejodeliberantedeazul.gob.ar\/index.php\/2024\/06\/14\/octava-sesion-ordinaria-3\/#article","isPartOf":{"@id":"https:\/\/concejodeliberantedeazul.gob.ar\/index.php\/2024\/06\/14\/octava-sesion-ordinaria-3\/"},"author":{"name":"Concejo Deliberante Azul","@id":"http:\/\/concejodeliberantedeazul.gob.ar\/#\/schema\/person\/65fd6514aee7c29f008fc53b206198fe"},"headline":"Octava Sesi\u00f3n Ordinaria","datePublished":"2024-06-14T14:41:15+00:00","dateModified":"2024-06-14T14:41:18+00:00","mainEntityOfPage":{"@id":"https:\/\/concejodeliberantedeazul.gob.ar\/index.php\/2024\/06\/14\/octava-sesion-ordinaria-3\/"},"wordCount":1680,"commentCount":0,"image":{"@id":"https:\/\/concejodeliberantedeazul.gob.ar\/index.php\/2024\/06\/14\/octava-sesion-ordinaria-3\/#primaryimage"},"thumbnailUrl":"http:\/\/concejodeliberantedeazul.gob.ar\/wp-content\/uploads\/2024\/01\/05-01-2023-Sesiones-Extraordinarias-scaled.jpg","articleSection":["Noticias"],"inLanguage":"es-AR","potentialAction":[{"@type":"CommentAction","name":"Comment","target":["https:\/\/concejodeliberantedeazul.gob.ar\/index.php\/2024\/06\/14\/octava-sesion-ordinaria-3\/#respond"]}]},{"@type":"WebPage","@id":"https:\/\/concejodeliberantedeazul.gob.ar\/index.php\/2024\/06\/14\/octava-sesion-ordinaria-3\/","url":"https:\/\/concejodeliberantedeazul.gob.ar\/index.php\/2024\/06\/14\/octava-sesion-ordinaria-3\/","name":"Octava Sesi\u00f3n Ordinaria - Concejo deliberante de Azul","isPartOf":{"@id":"http:\/\/concejodeliberantedeazul.gob.ar\/#website"},"primaryImageOfPage":{"@id":"https:\/\/concejodeliberantedeazul.gob.ar\/index.php\/2024\/06\/14\/octava-sesion-ordinaria-3\/#primaryimage"},"image":{"@id":"https:\/\/concejodeliberantedeazul.gob.ar\/index.php\/2024\/06\/14\/octava-sesion-ordinaria-3\/#primaryimage"},"thumbnailUrl":"http:\/\/concejodeliberantedeazul.gob.ar\/wp-content\/uploads\/2024\/01\/05-01-2023-Sesiones-Extraordinarias-scaled.jpg","datePublished":"2024-06-14T14:41:15+00:00","dateModified":"2024-06-14T14:41:18+00:00","author":{"@id":"http:\/\/concejodeliberantedeazul.gob.ar\/#\/schema\/person\/65fd6514aee7c29f008fc53b206198fe"},"breadcrumb":{"@id":"https:\/\/concejodeliberantedeazul.gob.ar\/index.php\/2024\/06\/14\/octava-sesion-ordinaria-3\/#breadcrumb"},"inLanguage":"es-AR","potentialAction":[{"@type":"ReadAction","target":["https:\/\/concejodeliberantedeazul.gob.ar\/index.php\/2024\/06\/14\/octava-sesion-ordinaria-3\/"]}]},{"@type":"ImageObject","inLanguage":"es-AR","@id":"https:\/\/concejodeliberantedeazul.gob.ar\/index.php\/2024\/06\/14\/octava-sesion-ordinaria-3\/#primaryimage","url":"http:\/\/concejodeliberantedeazul.gob.ar\/wp-content\/uploads\/2024\/01\/05-01-2023-Sesiones-Extraordinarias-scaled.jpg","contentUrl":"http:\/\/concejodeliberantedeazul.gob.ar\/wp-content\/uploads\/2024\/01\/05-01-2023-Sesiones-Extraordinarias-scaled.jpg","width":2560,"height":1603},{"@type":"BreadcrumbList","@id":"https:\/\/concejodeliberantedeazul.gob.ar\/index.php\/2024\/06\/14\/octava-sesion-ordinaria-3\/#breadcrumb","itemListElement":[{"@type":"ListItem","position":1,"name":"Inicio","item":"https:\/\/concejodeliberantedeazul.gob.ar\/"},{"@type":"ListItem","position":2,"name":"Octava Sesi\u00f3n Ordinaria"}]},{"@type":"WebSite","@id":"http:\/\/concejodeliberantedeazul.gob.ar\/#website","url":"http:\/\/concejodeliberantedeazul.gob.ar\/","name":"Concejo deliberante de Azul","description":"Sitio Web Oficial del Concejo Deliberante de Azul, Prov. de Buenos Aires - Conformado por 18 concejales de todo el partido.","potentialAction":[{"@type":"SearchAction","target":{"@type":"EntryPoint","urlTemplate":"http:\/\/concejodeliberantedeazul.gob.ar\/?s={search_term_string}"},"query-input":{"@type":"PropertyValueSpecification","valueRequired":true,"valueName":"search_term_string"}}],"inLanguage":"es-AR"},{"@type":"Person","@id":"http:\/\/concejodeliberantedeazul.gob.ar\/#\/schema\/person\/65fd6514aee7c29f008fc53b206198fe","name":"Concejo Deliberante Azul","image":{"@type":"ImageObject","inLanguage":"es-AR","@id":"https:\/\/secure.gravatar.com\/avatar\/30d9ae907861b897be87a25469982f0cfbce09947e0998bf7d9d0ecab450fb85?s=96&d=mm&r=g","url":"https:\/\/secure.gravatar.com\/avatar\/30d9ae907861b897be87a25469982f0cfbce09947e0998bf7d9d0ecab450fb85?s=96&d=mm&r=g","contentUrl":"https:\/\/secure.gravatar.com\/avatar\/30d9ae907861b897be87a25469982f0cfbce09947e0998bf7d9d0ecab450fb85?s=96&d=mm&r=g","caption":"Concejo Deliberante Azul"},"url":"http:\/\/concejodeliberantedeazul.gob.ar\/index.php\/author\/concejo\/"}]}},"amp_enabled":true,"_links":{"self":[{"href":"http:\/\/concejodeliberantedeazul.gob.ar\/index.php\/wp-json\/wp\/v2\/posts\/2867","targetHints":{"allow":["GET"]}}],"collection":[{"href":"http:\/\/concejodeliberantedeazul.gob.ar\/index.php\/wp-json\/wp\/v2\/posts"}],"about":[{"href":"http:\/\/concejodeliberantedeazul.gob.ar\/index.php\/wp-json\/wp\/v2\/types\/post"}],"author":[{"embeddable":true,"href":"http:\/\/concejodeliberantedeazul.gob.ar\/index.php\/wp-json\/wp\/v2\/users\/2"}],"replies":[{"embeddable":true,"href":"http:\/\/concejodeliberantedeazul.gob.ar\/index.php\/wp-json\/wp\/v2\/comments?post=2867"}],"version-history":[{"count":1,"href":"http:\/\/concejodeliberantedeazul.gob.ar\/index.php\/wp-json\/wp\/v2\/posts\/2867\/revisions"}],"predecessor-version":[{"id":2868,"href":"http:\/\/concejodeliberantedeazul.gob.ar\/index.php\/wp-json\/wp\/v2\/posts\/2867\/revisions\/2868"}],"wp:featuredmedia":[{"embeddable":true,"href":"http:\/\/concejodeliberantedeazul.gob.ar\/index.php\/wp-json\/wp\/v2\/media\/2674"}],"wp:attachment":[{"href":"http:\/\/concejodeliberantedeazul.gob.ar\/index.php\/wp-json\/wp\/v2\/media?parent=2867"}],"wp:term":[{"taxonomy":"category","embeddable":true,"href":"http:\/\/concejodeliberantedeazul.gob.ar\/index.php\/wp-json\/wp\/v2\/categories?post=2867"},{"taxonomy":"post_tag","embeddable":true,"href":"http:\/\/concejodeliberantedeazul.gob.ar\/index.php\/wp-json\/wp\/v2\/tags?post=2867"}],"curies":[{"name":"wp","href":"https:\/\/api.w.org\/{rel}","templated":true}]}}