{"id":2783,"date":"2024-04-22T12:56:43","date_gmt":"2024-04-22T15:56:43","guid":{"rendered":"http:\/\/concejodeliberantedeazul.gob.ar\/?p=2783"},"modified":"2024-04-22T12:56:44","modified_gmt":"2024-04-22T15:56:44","slug":"sesion-de-los-estudiantes-reunion-en-jefatura-distrital","status":"publish","type":"post","link":"http:\/\/concejodeliberantedeazul.gob.ar\/index.php\/2024\/04\/22\/sesion-de-los-estudiantes-reunion-en-jefatura-distrital\/","title":{"rendered":"Sesi\u00f3n de los Estudiantes: reuni\u00f3n en Jefatura Distrital"},"content":{"rendered":"\n<p>Se concret\u00f3 en Jefatura Distrital una reuni\u00f3n entre autoridades educativas y Concejales con el objetivo de comenzar a trabajar sobre las Sesiones de los y las Estudiantes a realizarse este a\u00f1o.<\/p>\n\n\n\n<p>Participaron de la misma, la Vicepresidenta Primera, Concejal Pilar \u00c1lvarez; el Secretario del Cuerpo, Guillermo Ravizzoli y los Concejales integrantes de la Comisi\u00f3n de Educaci\u00f3n, Gisella Hiriart, Agust\u00edn Puyou, Agustina Bauch\u00e9, Sa\u00fal Lucero y Gabriela Lambusta. Los mismos fueron recibidos por el Jefe Distrital, Prof. David D\u00edaz y Mar\u00eda Isabel C\u00f3rdoba y Jos\u00e9 Valdez, Inspectores del Nivel Secundario.<\/p>\n\n\n\n<p>En principio, se realiz\u00f3 un an\u00e1lisis de las sesiones que se realizaron durante el a\u00f1o pasado, las cuales contaron con gran participaci\u00f3n de las escuelas del distrito. En este sentido, los Concejales explicaron la din\u00e1mica de trabajo y el desarrollo que tuvieron los proyectos presentados por los j\u00f3venes.<\/p>\n\n\n\n<p>Adem\u00e1s, se acord\u00f3 concretar una reuni\u00f3n general con directivos y docentes que participan de la actividad a fin de establecer qu\u00e9 instituciones participaron y cu\u00e1les ser\u00e1n las fechas de realizaci\u00f3n.<\/p>\n\n\n\n<p>Cabe destacar que el Concejo de los y las Estudiantes est\u00e1 reglamentado por Ordenanza 4.695 y tiene por objetivo fomentar la participaci\u00f3n ciudadana de los y las adolescentes, contribuyendo al fortalecimiento de la democracia.<\/p>\n","protected":false},"excerpt":{"rendered":"<p>Se concret\u00f3 en Jefatura Distrital una reuni\u00f3n entre autoridades educativas y Concejales con el objetivo de comenzar a trabajar sobre las Sesiones de los y las Estudiantes a realizarse este a\u00f1o. Participaron de la misma, la Vicepresidenta Primera, Concejal Pilar \u00c1lvarez; el Secretario del Cuerpo, Guillermo Ravizzoli y los Concejales integrantes de la Comisi\u00f3n de [&hellip;]<\/p>\n","protected":false},"author":2,"featured_media":2784,"comment_status":"open","ping_status":"open","sticky":false,"template":"","format":"standard","meta":{"tdm_status":"","tdm_grid_status":"","footnotes":""},"categories":[7],"tags":[],"class_list":{"0":"post-2783","1":"post","2":"type-post","3":"status-publish","4":"format-standard","5":"has-post-thumbnail","7":"category-noticias"},"yoast_head":"<!-- This site is optimized with the Yoast SEO plugin v27.3 - https:\/\/yoast.com\/product\/yoast-seo-wordpress\/ -->\n<title>Sesi\u00f3n de los Estudiantes: reuni\u00f3n en Jefatura Distrital - Concejo deliberante de Azul<\/title>\n<meta name=\"robots\" content=\"index, follow, max-snippet:-1, max-image-preview:large, max-video-preview:-1\" \/>\n<link rel=\"canonical\" href=\"https:\/\/concejodeliberantedeazul.gob.ar\/index.php\/2024\/04\/22\/sesion-de-los-estudiantes-reunion-en-jefatura-distrital\/\" \/>\n<meta property=\"og:locale\" content=\"es_ES\" \/>\n<meta property=\"og:type\" content=\"article\" \/>\n<meta property=\"og:title\" content=\"Sesi\u00f3n de los Estudiantes: reuni\u00f3n en Jefatura Distrital - Concejo deliberante de Azul\" \/>\n<meta property=\"og:description\" content=\"Se concret\u00f3 en Jefatura Distrital una reuni\u00f3n entre autoridades educativas y Concejales con el objetivo de comenzar a trabajar sobre las Sesiones de los y las Estudiantes a realizarse este a\u00f1o. Participaron de la misma, la Vicepresidenta Primera, Concejal Pilar \u00c1lvarez; el Secretario del Cuerpo, Guillermo Ravizzoli y los Concejales integrantes de la Comisi\u00f3n de [&hellip;]\" \/>\n<meta property=\"og:url\" content=\"https:\/\/concejodeliberantedeazul.gob.ar\/index.php\/2024\/04\/22\/sesion-de-los-estudiantes-reunion-en-jefatura-distrital\/\" \/>\n<meta property=\"og:site_name\" content=\"Concejo deliberante de Azul\" \/>\n<meta property=\"article:published_time\" content=\"2024-04-22T15:56:43+00:00\" \/>\n<meta property=\"article:modified_time\" content=\"2024-04-22T15:56:44+00:00\" \/>\n<meta property=\"og:image\" content=\"https:\/\/concejodeliberantedeazul.gob.ar\/wp-content\/uploads\/2024\/04\/22-04-2024-Jefatura-Distrital-1-scaled.jpg\" \/>\n\t<meta property=\"og:image:width\" content=\"2560\" \/>\n\t<meta property=\"og:image:height\" content=\"1760\" \/>\n\t<meta property=\"og:image:type\" content=\"image\/jpeg\" \/>\n<meta name=\"author\" content=\"Concejo Deliberante Azul\" \/>\n<meta name=\"twitter:card\" content=\"summary_large_image\" \/>\n<meta name=\"twitter:label1\" content=\"Escrito por\" \/>\n\t<meta name=\"twitter:data1\" content=\"Concejo Deliberante Azul\" \/>\n\t<meta name=\"twitter:label2\" content=\"Tiempo de lectura\" \/>\n\t<meta name=\"twitter:data2\" content=\"2 minutos\" \/>\n<script type=\"application\/ld+json\" class=\"yoast-schema-graph\">{\"@context\":\"https:\\\/\\\/schema.org\",\"@graph\":[{\"@type\":\"Article\",\"@id\":\"https:\\\/\\\/concejodeliberantedeazul.gob.ar\\\/index.php\\\/2024\\\/04\\\/22\\\/sesion-de-los-estudiantes-reunion-en-jefatura-distrital\\\/#article\",\"isPartOf\":{\"@id\":\"https:\\\/\\\/concejodeliberantedeazul.gob.ar\\\/index.php\\\/2024\\\/04\\\/22\\\/sesion-de-los-estudiantes-reunion-en-jefatura-distrital\\\/\"},\"author\":{\"name\":\"Concejo Deliberante Azul\",\"@id\":\"http:\\\/\\\/concejodeliberantedeazul.gob.ar\\\/#\\\/schema\\\/person\\\/65fd6514aee7c29f008fc53b206198fe\"},\"headline\":\"Sesi\u00f3n de los Estudiantes: reuni\u00f3n en Jefatura Distrital\",\"datePublished\":\"2024-04-22T15:56:43+00:00\",\"dateModified\":\"2024-04-22T15:56:44+00:00\",\"mainEntityOfPage\":{\"@id\":\"https:\\\/\\\/concejodeliberantedeazul.gob.ar\\\/index.php\\\/2024\\\/04\\\/22\\\/sesion-de-los-estudiantes-reunion-en-jefatura-distrital\\\/\"},\"wordCount\":230,\"commentCount\":0,\"image\":{\"@id\":\"https:\\\/\\\/concejodeliberantedeazul.gob.ar\\\/index.php\\\/2024\\\/04\\\/22\\\/sesion-de-los-estudiantes-reunion-en-jefatura-distrital\\\/#primaryimage\"},\"thumbnailUrl\":\"http:\\\/\\\/concejodeliberantedeazul.gob.ar\\\/wp-content\\\/uploads\\\/2024\\\/04\\\/22-04-2024-Jefatura-Distrital-1-scaled.jpg\",\"articleSection\":[\"Noticias\"],\"inLanguage\":\"es-AR\",\"potentialAction\":[{\"@type\":\"CommentAction\",\"name\":\"Comment\",\"target\":[\"https:\\\/\\\/concejodeliberantedeazul.gob.ar\\\/index.php\\\/2024\\\/04\\\/22\\\/sesion-de-los-estudiantes-reunion-en-jefatura-distrital\\\/#respond\"]}]},{\"@type\":\"WebPage\",\"@id\":\"https:\\\/\\\/concejodeliberantedeazul.gob.ar\\\/index.php\\\/2024\\\/04\\\/22\\\/sesion-de-los-estudiantes-reunion-en-jefatura-distrital\\\/\",\"url\":\"https:\\\/\\\/concejodeliberantedeazul.gob.ar\\\/index.php\\\/2024\\\/04\\\/22\\\/sesion-de-los-estudiantes-reunion-en-jefatura-distrital\\\/\",\"name\":\"Sesi\u00f3n de los Estudiantes: reuni\u00f3n en Jefatura Distrital - Concejo deliberante de Azul\",\"isPartOf\":{\"@id\":\"http:\\\/\\\/concejodeliberantedeazul.gob.ar\\\/#website\"},\"primaryImageOfPage\":{\"@id\":\"https:\\\/\\\/concejodeliberantedeazul.gob.ar\\\/index.php\\\/2024\\\/04\\\/22\\\/sesion-de-los-estudiantes-reunion-en-jefatura-distrital\\\/#primaryimage\"},\"image\":{\"@id\":\"https:\\\/\\\/concejodeliberantedeazul.gob.ar\\\/index.php\\\/2024\\\/04\\\/22\\\/sesion-de-los-estudiantes-reunion-en-jefatura-distrital\\\/#primaryimage\"},\"thumbnailUrl\":\"http:\\\/\\\/concejodeliberantedeazul.gob.ar\\\/wp-content\\\/uploads\\\/2024\\\/04\\\/22-04-2024-Jefatura-Distrital-1-scaled.jpg\",\"datePublished\":\"2024-04-22T15:56:43+00:00\",\"dateModified\":\"2024-04-22T15:56:44+00:00\",\"author\":{\"@id\":\"http:\\\/\\\/concejodeliberantedeazul.gob.ar\\\/#\\\/schema\\\/person\\\/65fd6514aee7c29f008fc53b206198fe\"},\"breadcrumb\":{\"@id\":\"https:\\\/\\\/concejodeliberantedeazul.gob.ar\\\/index.php\\\/2024\\\/04\\\/22\\\/sesion-de-los-estudiantes-reunion-en-jefatura-distrital\\\/#breadcrumb\"},\"inLanguage\":\"es-AR\",\"potentialAction\":[{\"@type\":\"ReadAction\",\"target\":[\"https:\\\/\\\/concejodeliberantedeazul.gob.ar\\\/index.php\\\/2024\\\/04\\\/22\\\/sesion-de-los-estudiantes-reunion-en-jefatura-distrital\\\/\"]}]},{\"@type\":\"ImageObject\",\"inLanguage\":\"es-AR\",\"@id\":\"https:\\\/\\\/concejodeliberantedeazul.gob.ar\\\/index.php\\\/2024\\\/04\\\/22\\\/sesion-de-los-estudiantes-reunion-en-jefatura-distrital\\\/#primaryimage\",\"url\":\"http:\\\/\\\/concejodeliberantedeazul.gob.ar\\\/wp-content\\\/uploads\\\/2024\\\/04\\\/22-04-2024-Jefatura-Distrital-1-scaled.jpg\",\"contentUrl\":\"http:\\\/\\\/concejodeliberantedeazul.gob.ar\\\/wp-content\\\/uploads\\\/2024\\\/04\\\/22-04-2024-Jefatura-Distrital-1-scaled.jpg\",\"width\":2560,\"height\":1760},{\"@type\":\"BreadcrumbList\",\"@id\":\"https:\\\/\\\/concejodeliberantedeazul.gob.ar\\\/index.php\\\/2024\\\/04\\\/22\\\/sesion-de-los-estudiantes-reunion-en-jefatura-distrital\\\/#breadcrumb\",\"itemListElement\":[{\"@type\":\"ListItem\",\"position\":1,\"name\":\"Inicio\",\"item\":\"https:\\\/\\\/concejodeliberantedeazul.gob.ar\\\/\"},{\"@type\":\"ListItem\",\"position\":2,\"name\":\"Sesi\u00f3n de los Estudiantes: reuni\u00f3n en Jefatura Distrital\"}]},{\"@type\":\"WebSite\",\"@id\":\"http:\\\/\\\/concejodeliberantedeazul.gob.ar\\\/#website\",\"url\":\"http:\\\/\\\/concejodeliberantedeazul.gob.ar\\\/\",\"name\":\"Concejo deliberante de Azul\",\"description\":\"Sitio Web Oficial del Concejo Deliberante de Azul, Prov. de Buenos Aires - Conformado por 18 concejales de todo el partido.\",\"potentialAction\":[{\"@type\":\"SearchAction\",\"target\":{\"@type\":\"EntryPoint\",\"urlTemplate\":\"http:\\\/\\\/concejodeliberantedeazul.gob.ar\\\/?s={search_term_string}\"},\"query-input\":{\"@type\":\"PropertyValueSpecification\",\"valueRequired\":true,\"valueName\":\"search_term_string\"}}],\"inLanguage\":\"es-AR\"},{\"@type\":\"Person\",\"@id\":\"http:\\\/\\\/concejodeliberantedeazul.gob.ar\\\/#\\\/schema\\\/person\\\/65fd6514aee7c29f008fc53b206198fe\",\"name\":\"Concejo Deliberante Azul\",\"image\":{\"@type\":\"ImageObject\",\"inLanguage\":\"es-AR\",\"@id\":\"https:\\\/\\\/secure.gravatar.com\\\/avatar\\\/30d9ae907861b897be87a25469982f0cfbce09947e0998bf7d9d0ecab450fb85?s=96&d=mm&r=g\",\"url\":\"https:\\\/\\\/secure.gravatar.com\\\/avatar\\\/30d9ae907861b897be87a25469982f0cfbce09947e0998bf7d9d0ecab450fb85?s=96&d=mm&r=g\",\"contentUrl\":\"https:\\\/\\\/secure.gravatar.com\\\/avatar\\\/30d9ae907861b897be87a25469982f0cfbce09947e0998bf7d9d0ecab450fb85?s=96&d=mm&r=g\",\"caption\":\"Concejo Deliberante Azul\"},\"url\":\"http:\\\/\\\/concejodeliberantedeazul.gob.ar\\\/index.php\\\/author\\\/concejo\\\/\"}]}<\/script>\n<!-- \/ Yoast SEO plugin. -->","yoast_head_json":{"title":"Sesi\u00f3n de los Estudiantes: reuni\u00f3n en Jefatura Distrital - Concejo deliberante de Azul","robots":{"index":"index","follow":"follow","max-snippet":"max-snippet:-1","max-image-preview":"max-image-preview:large","max-video-preview":"max-video-preview:-1"},"canonical":"https:\/\/concejodeliberantedeazul.gob.ar\/index.php\/2024\/04\/22\/sesion-de-los-estudiantes-reunion-en-jefatura-distrital\/","og_locale":"es_ES","og_type":"article","og_title":"Sesi\u00f3n de los Estudiantes: reuni\u00f3n en Jefatura Distrital - Concejo deliberante de Azul","og_description":"Se concret\u00f3 en Jefatura Distrital una reuni\u00f3n entre autoridades educativas y Concejales con el objetivo de comenzar a trabajar sobre las Sesiones de los y las Estudiantes a realizarse este a\u00f1o. Participaron de la misma, la Vicepresidenta Primera, Concejal Pilar \u00c1lvarez; el Secretario del Cuerpo, Guillermo Ravizzoli y los Concejales integrantes de la Comisi\u00f3n de [&hellip;]","og_url":"https:\/\/concejodeliberantedeazul.gob.ar\/index.php\/2024\/04\/22\/sesion-de-los-estudiantes-reunion-en-jefatura-distrital\/","og_site_name":"Concejo deliberante de Azul","article_published_time":"2024-04-22T15:56:43+00:00","article_modified_time":"2024-04-22T15:56:44+00:00","og_image":[{"width":2560,"height":1760,"url":"https:\/\/concejodeliberantedeazul.gob.ar\/wp-content\/uploads\/2024\/04\/22-04-2024-Jefatura-Distrital-1-scaled.jpg","type":"image\/jpeg"}],"author":"Concejo Deliberante Azul","twitter_card":"summary_large_image","twitter_misc":{"Escrito por":"Concejo Deliberante Azul","Tiempo de lectura":"2 minutos"},"schema":{"@context":"https:\/\/schema.org","@graph":[{"@type":"Article","@id":"https:\/\/concejodeliberantedeazul.gob.ar\/index.php\/2024\/04\/22\/sesion-de-los-estudiantes-reunion-en-jefatura-distrital\/#article","isPartOf":{"@id":"https:\/\/concejodeliberantedeazul.gob.ar\/index.php\/2024\/04\/22\/sesion-de-los-estudiantes-reunion-en-jefatura-distrital\/"},"author":{"name":"Concejo Deliberante Azul","@id":"http:\/\/concejodeliberantedeazul.gob.ar\/#\/schema\/person\/65fd6514aee7c29f008fc53b206198fe"},"headline":"Sesi\u00f3n de los Estudiantes: reuni\u00f3n en Jefatura Distrital","datePublished":"2024-04-22T15:56:43+00:00","dateModified":"2024-04-22T15:56:44+00:00","mainEntityOfPage":{"@id":"https:\/\/concejodeliberantedeazul.gob.ar\/index.php\/2024\/04\/22\/sesion-de-los-estudiantes-reunion-en-jefatura-distrital\/"},"wordCount":230,"commentCount":0,"image":{"@id":"https:\/\/concejodeliberantedeazul.gob.ar\/index.php\/2024\/04\/22\/sesion-de-los-estudiantes-reunion-en-jefatura-distrital\/#primaryimage"},"thumbnailUrl":"http:\/\/concejodeliberantedeazul.gob.ar\/wp-content\/uploads\/2024\/04\/22-04-2024-Jefatura-Distrital-1-scaled.jpg","articleSection":["Noticias"],"inLanguage":"es-AR","potentialAction":[{"@type":"CommentAction","name":"Comment","target":["https:\/\/concejodeliberantedeazul.gob.ar\/index.php\/2024\/04\/22\/sesion-de-los-estudiantes-reunion-en-jefatura-distrital\/#respond"]}]},{"@type":"WebPage","@id":"https:\/\/concejodeliberantedeazul.gob.ar\/index.php\/2024\/04\/22\/sesion-de-los-estudiantes-reunion-en-jefatura-distrital\/","url":"https:\/\/concejodeliberantedeazul.gob.ar\/index.php\/2024\/04\/22\/sesion-de-los-estudiantes-reunion-en-jefatura-distrital\/","name":"Sesi\u00f3n de los Estudiantes: reuni\u00f3n en Jefatura Distrital - Concejo deliberante de Azul","isPartOf":{"@id":"http:\/\/concejodeliberantedeazul.gob.ar\/#website"},"primaryImageOfPage":{"@id":"https:\/\/concejodeliberantedeazul.gob.ar\/index.php\/2024\/04\/22\/sesion-de-los-estudiantes-reunion-en-jefatura-distrital\/#primaryimage"},"image":{"@id":"https:\/\/concejodeliberantedeazul.gob.ar\/index.php\/2024\/04\/22\/sesion-de-los-estudiantes-reunion-en-jefatura-distrital\/#primaryimage"},"thumbnailUrl":"http:\/\/concejodeliberantedeazul.gob.ar\/wp-content\/uploads\/2024\/04\/22-04-2024-Jefatura-Distrital-1-scaled.jpg","datePublished":"2024-04-22T15:56:43+00:00","dateModified":"2024-04-22T15:56:44+00:00","author":{"@id":"http:\/\/concejodeliberantedeazul.gob.ar\/#\/schema\/person\/65fd6514aee7c29f008fc53b206198fe"},"breadcrumb":{"@id":"https:\/\/concejodeliberantedeazul.gob.ar\/index.php\/2024\/04\/22\/sesion-de-los-estudiantes-reunion-en-jefatura-distrital\/#breadcrumb"},"inLanguage":"es-AR","potentialAction":[{"@type":"ReadAction","target":["https:\/\/concejodeliberantedeazul.gob.ar\/index.php\/2024\/04\/22\/sesion-de-los-estudiantes-reunion-en-jefatura-distrital\/"]}]},{"@type":"ImageObject","inLanguage":"es-AR","@id":"https:\/\/concejodeliberantedeazul.gob.ar\/index.php\/2024\/04\/22\/sesion-de-los-estudiantes-reunion-en-jefatura-distrital\/#primaryimage","url":"http:\/\/concejodeliberantedeazul.gob.ar\/wp-content\/uploads\/2024\/04\/22-04-2024-Jefatura-Distrital-1-scaled.jpg","contentUrl":"http:\/\/concejodeliberantedeazul.gob.ar\/wp-content\/uploads\/2024\/04\/22-04-2024-Jefatura-Distrital-1-scaled.jpg","width":2560,"height":1760},{"@type":"BreadcrumbList","@id":"https:\/\/concejodeliberantedeazul.gob.ar\/index.php\/2024\/04\/22\/sesion-de-los-estudiantes-reunion-en-jefatura-distrital\/#breadcrumb","itemListElement":[{"@type":"ListItem","position":1,"name":"Inicio","item":"https:\/\/concejodeliberantedeazul.gob.ar\/"},{"@type":"ListItem","position":2,"name":"Sesi\u00f3n de los Estudiantes: reuni\u00f3n en Jefatura Distrital"}]},{"@type":"WebSite","@id":"http:\/\/concejodeliberantedeazul.gob.ar\/#website","url":"http:\/\/concejodeliberantedeazul.gob.ar\/","name":"Concejo deliberante de Azul","description":"Sitio Web Oficial del Concejo Deliberante de Azul, Prov. de Buenos Aires - Conformado por 18 concejales de todo el partido.","potentialAction":[{"@type":"SearchAction","target":{"@type":"EntryPoint","urlTemplate":"http:\/\/concejodeliberantedeazul.gob.ar\/?s={search_term_string}"},"query-input":{"@type":"PropertyValueSpecification","valueRequired":true,"valueName":"search_term_string"}}],"inLanguage":"es-AR"},{"@type":"Person","@id":"http:\/\/concejodeliberantedeazul.gob.ar\/#\/schema\/person\/65fd6514aee7c29f008fc53b206198fe","name":"Concejo Deliberante Azul","image":{"@type":"ImageObject","inLanguage":"es-AR","@id":"https:\/\/secure.gravatar.com\/avatar\/30d9ae907861b897be87a25469982f0cfbce09947e0998bf7d9d0ecab450fb85?s=96&d=mm&r=g","url":"https:\/\/secure.gravatar.com\/avatar\/30d9ae907861b897be87a25469982f0cfbce09947e0998bf7d9d0ecab450fb85?s=96&d=mm&r=g","contentUrl":"https:\/\/secure.gravatar.com\/avatar\/30d9ae907861b897be87a25469982f0cfbce09947e0998bf7d9d0ecab450fb85?s=96&d=mm&r=g","caption":"Concejo Deliberante Azul"},"url":"http:\/\/concejodeliberantedeazul.gob.ar\/index.php\/author\/concejo\/"}]}},"amp_enabled":true,"_links":{"self":[{"href":"http:\/\/concejodeliberantedeazul.gob.ar\/index.php\/wp-json\/wp\/v2\/posts\/2783","targetHints":{"allow":["GET"]}}],"collection":[{"href":"http:\/\/concejodeliberantedeazul.gob.ar\/index.php\/wp-json\/wp\/v2\/posts"}],"about":[{"href":"http:\/\/concejodeliberantedeazul.gob.ar\/index.php\/wp-json\/wp\/v2\/types\/post"}],"author":[{"embeddable":true,"href":"http:\/\/concejodeliberantedeazul.gob.ar\/index.php\/wp-json\/wp\/v2\/users\/2"}],"replies":[{"embeddable":true,"href":"http:\/\/concejodeliberantedeazul.gob.ar\/index.php\/wp-json\/wp\/v2\/comments?post=2783"}],"version-history":[{"count":1,"href":"http:\/\/concejodeliberantedeazul.gob.ar\/index.php\/wp-json\/wp\/v2\/posts\/2783\/revisions"}],"predecessor-version":[{"id":2785,"href":"http:\/\/concejodeliberantedeazul.gob.ar\/index.php\/wp-json\/wp\/v2\/posts\/2783\/revisions\/2785"}],"wp:featuredmedia":[{"embeddable":true,"href":"http:\/\/concejodeliberantedeazul.gob.ar\/index.php\/wp-json\/wp\/v2\/media\/2784"}],"wp:attachment":[{"href":"http:\/\/concejodeliberantedeazul.gob.ar\/index.php\/wp-json\/wp\/v2\/media?parent=2783"}],"wp:term":[{"taxonomy":"category","embeddable":true,"href":"http:\/\/concejodeliberantedeazul.gob.ar\/index.php\/wp-json\/wp\/v2\/categories?post=2783"},{"taxonomy":"post_tag","embeddable":true,"href":"http:\/\/concejodeliberantedeazul.gob.ar\/index.php\/wp-json\/wp\/v2\/tags?post=2783"}],"curies":[{"name":"wp","href":"https:\/\/api.w.org\/{rel}","templated":true}]}}