{"id":2720,"date":"2024-03-05T18:45:55","date_gmt":"2024-03-05T21:45:55","guid":{"rendered":"http:\/\/concejodeliberantedeazul.gob.ar\/?p=2720"},"modified":"2024-03-05T18:45:55","modified_gmt":"2024-03-05T21:45:55","slug":"apertura-de-ano-legislativo-y-primera-sesion-ordinaria-2","status":"publish","type":"post","link":"http:\/\/concejodeliberantedeazul.gob.ar\/index.php\/2024\/03\/05\/apertura-de-ano-legislativo-y-primera-sesion-ordinaria-2\/","title":{"rendered":"Apertura de A\u00f1o legislativo y Primera Sesi\u00f3n Ordinaria"},"content":{"rendered":"\n<p>Se llev\u00f3 a cabo, en el recinto del Concejo Deliberante, el Acto de Apertura de Sesiones Ordinarias, correspondientes al ejercicio 2024, oportunidad, en la que el Intendente Municipal Nelson Sombra brind\u00f3 su discurso inaugural.<\/p>\n\n\n\n<p>Posteriormente, dio comienzo la Primera Sesi\u00f3n Ordinaria que cont\u00f3 con un Orden del D\u00eda compuesto por m\u00e1s de 40 puntos entre los que se destacaron expedientes elevados por el Intendente Municipal; despachos de las diferentes Comisiones que componen el Cuerpo y proyectos de los distintos bloques pol\u00edticos.<\/p>\n\n\n\n<p>Adem\u00e1s, fue aprobada por unanimidad el pedido de licencia del Concejal Pablo Disalvo y asumi\u00f3 en su lugar la Concejal Virginia Torres.<\/p>\n\n\n\n<p>-CONCEJAL DISALVO PABLO. Eleva nota solicitando licencia en su cargo de concejal. Se aprob\u00f3 por unanimidad.<\/p>\n\n\n\n<p><strong>Proyectos de los diferentes bloques:<\/strong><\/p>\n\n\n\n<ul class=\"wp-block-list\">\n<li>Bloque Cambiemos Azul elev\u00f3 proyecto de Ordenanza referido a crear la Mesa Social del partido de Azul. EL proyecto de Ordenanza fue girado a las Comisiones de Acci\u00f3n Social y de Interpretaci\u00f3n.<\/li>\n\n\n\n<li>Bloque UCR Azul elev\u00f3 proyecto de Comunicaci\u00f3n relacionado con el Banco Municipal de Tierras y el d\u00e9ficit urbano habitacional de nuestro Partido. La Comunicaci\u00f3n se aprob\u00f3 por mayor\u00eda.<\/li>\n\n\n\n<li>Bloque UCR Evoluci\u00f3n elev\u00f3 proyecto de Comunicaci\u00f3n referido a solicitar al Departamento Ejecutivo que informe sobre diferentes cuestiones relacionadas con el Programa Nacional de Acceso a las Tecnolog\u00edas de la Informaci\u00f3n y las Comunicaciones para Adultos Mayores en Zonas Rurales, convalidado mediante Ordenanza N\u00b0 4.491\/2020. La Comunicaci\u00f3n se aprob\u00f3 por unanimidad.<\/li>\n\n\n\n<li>Bloque UCR Azul elev\u00f3 proyecto de Comunicaci\u00f3n relacionado con el funcionamiento de las compuertas del parque municipal \u201cDomingo Faustino Sarmiento\u201d y acciones para el mantenimiento y puesta en valor del paseo. La Comunicaci\u00f3n se aprob\u00f3 por unanimidad.<\/li>\n\n\n\n<li>Bloque Podemos Azul elev\u00f3 proyecto de Ordenanza referido a derogar las Ordenanzas Fiscal e Impositiva vigentes. El proyecto de Ordenanza fue girado a las Comisiones de Presupuesto y de Interpretaci\u00f3n.<\/li>\n\n\n\n<li>Bloque UCR Evoluci\u00f3n elev\u00f3 proyecto de Comunicaci\u00f3n referido a solicitar al Departamento Ejecutivo la realizaci\u00f3n de una campa\u00f1a informativa audiovisual permanente respecto de modalidades de estafas telef\u00f3nicas. La Comunicaci\u00f3n se aprob\u00f3 por unanimidad.<\/li>\n\n\n\n<li>Bloque Uni\u00f3n C\u00edvica Radical elev\u00f3 proyecto de Ordenanza referido a declarar, en el \u00e1mbito del Municipio de Azul, la \u201cEmergencia Alimentaria\u201d por el t\u00e9rmino de 1 a\u00f1o. El proyecto de Ordenanza se gir\u00f3 a las Comisiones de Acci\u00f3n Social y de Interpretaci\u00f3n.<\/li>\n\n\n\n<li>Bloque Uni\u00f3n C\u00edvica Radical elev\u00f3 proyecto de Ordenanza referido a crear, en el \u00e1mbito del Concejo Deliberante, el \u201cObservatorio de Pol\u00edticas Sociales del partido de Azul\u201d. El proyecto de Ordenanza se gir\u00f3 a las Comisiones de Acci\u00f3n Social e Interpretaci\u00f3n.<\/li>\n\n\n\n<li>Concejales del Partido de Azul elevaron proyecto de Ordenanza referido a derogar el art\u00edculo 195\u00b0 de la Ordenanza N\u00b0 4.492\/2020- C\u00f3digo de Faltas Municipal. El proyecto de Ordenanza se elev\u00f3 a la Comisi\u00f3n de Interpretaci\u00f3n, Legislaci\u00f3n y Seguridad P\u00fablica.<\/li>\n\n\n\n<li>Concejales del Partido de Azul elevaron proyecto de Resoluci\u00f3n referido a expresar el m\u00e1s en\u00e9rgico repudio a los hechos de vandalismo acaecidos en la pista de skate. La Resoluci\u00f3n se aprob\u00f3 por unanimidad.<\/li>\n\n\n\n<li>Bloque la Libertad Avanza elev\u00f3 proyecto de Comunicaci\u00f3n referido a solicitar al se\u00f1or Intendente Municipal que mantenga una reuni\u00f3n con directivos de FUNDAZUL para resolver la deuda contra\u00edda por el Municipio. La Comunicaci\u00f3n se aprob\u00f3 por mayor\u00eda.<\/li>\n\n\n\n<li>Bloque la Libertad Avanza elev\u00f3 sendos proyectos de Resoluci\u00f3n y Comunicaci\u00f3n relacionados con la situaci\u00f3n de conflicto con el Instituto de Obra M\u00e9dico Asistencial (IOMA). La Resoluci\u00f3n y la Comunicaci\u00f3n se aprobaron por mayor\u00eda.<\/li>\n\n\n\n<li>Concejales del Partido de Azul elevaron proyecto de Ordenanza que modifica la Ordenanza N\u00b0 3.932\/2017- Sistema de Estacionamiento Medido. El proyecto se gir\u00f3 a las Comisiones de Presupuesto y de Interpretaci\u00f3n.<\/li>\n\n\n\n<li>Bloque Uni\u00f3n por la Patria Azul elev\u00f3 proyecto de Ordenanza referido a Crear, en el \u00e1mbito del Concejo Deliberante, el Consejo de la Magistratura del partido de Azul; y derogar la Ordenanza 2.537\/2006. El proyecto de Ordenanza se gir\u00f3 a la Comisi\u00f3n de Interpretaci\u00f3n.<\/li>\n\n\n\n<li>Concejales del Partido de Azul elevaron proyecto de Resoluci\u00f3n referido a declarar de Inter\u00e9s Comunitario, Cultural y Tur\u00edstico la realizaci\u00f3n de la XXV\u00b0 Fiesta \u201cD\u00eda Mundial del Artesano\u201d, a desarrollarse del 15 al 17 de marzo en nuestra ciudad. La Resoluci\u00f3n se aprob\u00f3 por unanimidad.<\/li>\n\n\n\n<li>Concejales del Partido de Azul elevaron proyecto de Resoluci\u00f3n referido a declarar de Inter\u00e9s Comunitario el \u201cD\u00eda Internacional de la Mujer Trabajadora\u201d en el partido de Azul; y de Inter\u00e9s Legislativo y Comunitario las actividades a desarrollarse en la fecha. La Resoluci\u00f3n se aprob\u00f3 por unanimidad.<\/li>\n\n\n\n<li>Concejales del Partido de Azul elevaron proyecto de Resoluci\u00f3n referido a adherir al documento de repudio emitido por el Consejo Provincial para las Personas con Discapacidad; y repudiar y expresar preocupaci\u00f3n por el respaldo a mensajes discriminatorios por parte del Presidente de la Naci\u00f3n. La Resoluci\u00f3n se aprob\u00f3 por mayor\u00eda.<\/li>\n\n\n\n<li>Bloque Uni\u00f3n por la Patria Azul elev\u00f3 proyecto de Resoluci\u00f3n referido a expresar preocupaci\u00f3n ante la decisi\u00f3n pol\u00edtica del Presidente de la Naci\u00f3n de no prorrogar las leyes nacionales 25.053 y 26.075 sobre Fondos para la Educaci\u00f3n. La Resoluci\u00f3n se aprob\u00f3 por mayor\u00eda.<\/li>\n\n\n\n<li>Bloque Uni\u00f3n por la Patria Azul elev\u00f3 proyecto de Ordenanza referido a modificar art\u00edculo de la Ordenanza N\u00b0 4.734\/2022 sobre la Comisi\u00f3n de Seguimiento de la Ejecuci\u00f3n del Fondo Educativo en Materia de Infraestructura. El proyecto de Ordenanza se gir\u00f3 a la Comisi\u00f3n de Interpretaci\u00f3n.<\/li>\n\n\n\n<li>Concejales del Partido de Azul elevaron proyecto de Resoluci\u00f3n referido a repudiar la decisi\u00f3n pol\u00edtica del Presidente de la Naci\u00f3n de eliminar el Fondo de Fortalecimiento Fiscal para la provincia de Buenos Aires dispuesto por Decreto 192\/2024. La Resoluci\u00f3n se aprob\u00f3 por mayor\u00eda.<\/li>\n\n\n\n<li>Concejales del Partido de Azul elevaron proyecto de Resoluci\u00f3n referido a sugerir la creaci\u00f3n, en el \u00e1mbito del Concejo Deliberante, de la Comisi\u00f3n ad hoc de Reglamentaci\u00f3n del Uso y Preservaci\u00f3n del Balneario Municipal. La Resoluci\u00f3n se aprob\u00f3 por unanimidad.<\/li>\n\n\n\n<li>Bloque UCR Evoluci\u00f3n elev\u00f3 proyecto de Comunicaci\u00f3n referido a solicitar al se\u00f1or Intendente Municipal que d\u00e9 cumplimiento a la Ordenanza N\u00b0 4.609\/2021- C\u00f3digo de Habilitaciones Comerciales. La Comunicaci\u00f3n se aprob\u00f3 por unanimidad.<\/li>\n<\/ul>\n\n\n\n<p><strong>Expedientes elevados por el Intendente Municipal:<\/strong><\/p>\n\n\n\n<p>-Elev\u00f3 actuaciones iniciadas por la Delegaci\u00f3n Azul, de Servicio de Custodias Objetivos Fijos, Personas y Traslado de Detenidos, con proyecto de Ordenanza referido a autorizar al Departamento Ejecutivo a suscribir el Contrato de Comodato de Uso Gratuito con el Ministerio de Seguridad de la provincia de Buenos Aires, donde se le hace entrega de una fracci\u00f3n del inmueble sito en la Terminal de \u00d3mnibus para el funcionamiento de la mencionada delegaci\u00f3n. El expediente fue elevado a la Comisi\u00f3n de Interpretaci\u00f3n.<\/p>\n\n\n\n<p>-Elev\u00f3 actuaciones con proyecto de Ordenanza referente a Convalidar el Decreto N\u00b0 101\/2024, mediante el cual se aprobara la Licitaci\u00f3n P\u00fablica N\u00b0 15\/2023 para la adquisici\u00f3n de un tubo de Rayos X para el Servicio de Tomograf\u00eda del hospital municipal \u201cDr. \u00c1ngel Pintos\u201d; y se adjudicara al proveedor GE Healthcare Argentina S.A. El expediente fue girado a las Comisiones de Presupuesto y de Interpretaci\u00f3n.<\/p>\n\n\n\n<p>-Elev\u00f3 actuaciones con proyecto de Ordenanza referido a convalidar el Decreto N\u00b0 100\/2024, mediante el cual se aprobara la Licitaci\u00f3n P\u00fablica N\u00b0 16\/2023 para la adquisici\u00f3n de ox\u00edgeno medicinal a granel y en tubos compactos, di\u00f3xido de carbono y nitr\u00f3geno en tubos compactos, alquiler y acarreo, con destino a los hospitales municipales \u201cDr. \u00c1ngel Pintos\u201d de Azul, \u201cDr. Horacio Ferro\u201d de Chillar, \u201cDr. Casellas Sol\u00e1\u201d de Cachar\u00ed y todas las Unidades Sanitarias; y se adjudicara al proveedor Air Liquide Argentina S.A. El expediente se elev\u00f3 a las Comisiones de Presupuesto y de Interpretaci\u00f3n.<\/p>\n\n\n\n<p>-Elev\u00f3 actuaciones con proyecto de Ordenanza referido a convalidar el Decreto N\u00b0 99\/2024, mediante el cual se aprobara la Licitaci\u00f3n P\u00fablica N\u00b0 17\/2023 para la contrataci\u00f3n del Servicio de Recolecci\u00f3n, Transporte y Disposici\u00f3n Final de Residuos Patog\u00e9nicos para los hospitales municipales \u201cDr. \u00c1ngel Pintos\u201d de Azul, \u201cDr. Horacio Ferro\u201d de Chillar, \u201cDr. Casellas Sol\u00e1\u201d de Cachar\u00ed y todas las Unidades Sanitarias; y se adjudicara al proveedor HIMA Gesti\u00f3n Ambiental S.A. Fue girado a las Comisiones de Presupuesto y de Interpretaci\u00f3n.<\/p>\n\n\n\n<p>-Elev\u00f3 actuaciones iniciadas por OLL\u00c9 ANDR\u00c9S FEDERICO, con proyecto de Ordenanza referido a autorizar al Departamento Ejecutivo a registrar como deuda y pagar como gasto de ejercicios anteriores, en favor de los herederos del proveedor Federico Edgardo Oll\u00e9, el importe correspondiente en concepto de alquiler de un inmueble de su propiedad sito en Belgrano N\u00b0 219, donde funciona la Delegaci\u00f3n Departamental de Investigaciones Centro-Azul. El expediente se elev\u00f3 a Presupuesto e Interpretaci\u00f3n.<\/p>\n\n\n\n<p>-Elev\u00f3 actuaciones iniciadas por la Secretar\u00eda de Hacienda y Administraci\u00f3n, con proyecto de Ordenanza referido a autorizar al Departamento Ejecutivo a registrar como deuda parcial y pagar como gasto de ejercicios anteriores, en favor del proveedor Trepicio Ricardo Oscar, el importe correspondiente en concepto de adquisici\u00f3n de mercader\u00eda para distintas dependencias municipales durante el a\u00f1o 2022. El expediente fue elevado a las Comisiones de Presupuesto y de Interpretaci\u00f3n.<\/p>\n\n\n\n<p>-Elev\u00f3 actuaciones iniciadas por la Direcci\u00f3n del hospital municipal \u201cDr. \u00c1ngel Pintos\u201d, con proyecto de Ordenanza referido a aceptar la donaci\u00f3n de una suma de dinero realizada por la se\u00f1ora Ana Mar\u00eda Cabrera para el citado nosocomio. El expediente se gir\u00f3 a Presupuesto e Interpretaci\u00f3n.<\/p>\n\n\n\n<p>-Elev\u00f3 actuaciones iniciadas por la Subsecretar\u00eda Legal y T\u00e9cnica, con proyecto de Ordenanza referido a aceptar el legado instituido por do\u00f1a Mar\u00eda Delia Carrera, en favor del hospital municipal \u201cDr. \u00c1ngel Pintos\u201d mediante testamento ol\u00f3grafo, consistente en una suma de dinero en nombre de su hermana Mar\u00eda Leticia Carrera Sala. El expediente fue elevado a Presupuesto y a Interpretaci\u00f3n.<\/p>\n\n\n\n<p><strong>Despachos de las diferentes Comisiones<\/strong><\/p>\n\n\n\n<p>-Despacho de la Comisi\u00f3n de Interpretaci\u00f3n, Legislaci\u00f3n y Seguridad P\u00fablica, aconsejando la aprobaci\u00f3n del proyecto de Ordenanza referido a derogar la Ordenanza N\u00b0 4.565\/2021 y convalidar el Decreto N\u00b0 1.521\/2023 y su Anexo que cedi\u00f3 de forma gratuita y definitiva a CEAL una parcela destinada a equipamiento comunitario para la ejecuci\u00f3n de la Sub Estaci\u00f3n Sur. El despacho se aprob\u00f3 por unanimidad.<\/p>\n\n\n\n<p>-Despachos de las Comisiones de Presupuesto y Hacienda y de Interpretaci\u00f3n, Legislaci\u00f3n Y Seguridad P\u00fablica aconsejando la aprobaci\u00f3n del proyecto de Ordenanza referido a Convalidar el Decreto N\u00b0 1.980\/2023, mediante el cual se aprueba la Licitaci\u00f3n Privada N\u00b0 40\/2023 para la adquisici\u00f3n de alimentos para ser distribuidos a familias asistidas por la Secretar\u00eda de Desarrollo Humano y Abordaje Integral; y se adjudica al proveedor Ricardo Oscar Trepicio. Los despachos se aprobaron por unanimidad.<\/p>\n\n\n\n<p>-Despachos de las Comisiones de Acci\u00f3n Social, Cultura, Educaci\u00f3n y Deportes y de Interpretaci\u00f3n, Legislaci\u00f3n y Seguridad P\u00fablica aconsejando la aprobaci\u00f3n, con modificaciones, del proyecto de Ordenanza que crea el programa \u201cBanco de Le\u00f1a Municipal\u201d; as\u00ed como tambi\u00e9n el registro de beneficiarios. Los despachos se aprobaron por unanimidad.<\/p>\n\n\n\n<p>-Despacho de la Comisi\u00f3n de Interpretaci\u00f3n, Legislaci\u00f3n y Seguridad P\u00fablica, con proyecto de Resoluci\u00f3n referido a girar al Departamento Ejecutivo las presentes actuaciones (VECINOS DEL BARRIO JUAN DOMINGO PER\u00d3N (UOCRA) solicitan acompa\u00f1amiento y visibilizaci\u00f3n de la problem\u00e1tica que atraviesan respecto de la escrituraci\u00f3n de sus viviendas). El despacho se aprob\u00f3 por unanimidad.<\/p>\n\n\n\n<p>-Despacho de la Comisi\u00f3n de Obras P\u00fablicas, Vialidad y Transporte, con proyecto de Resoluci\u00f3n referente a girar las presentes actuaciones al Departamento Ejecutivo (VECINA ELSA CHENNA. Eleva nota solicitando intervenci\u00f3n del Consejo de Arbolado P\u00fablico a fin de resolver la problem\u00e1tica planteada). El despacho se aprob\u00f3 por unanimidad.<\/p>\n\n\n\n<p>-Despacho de la Comisi\u00f3n de Salud P\u00fablica y Medio Ambiente, aconsejando el archivo de las presentes actuaciones (RESPUESTA DE LA FACULTAD DE AGRONOM\u00cdA A LA RESOLUCI\u00d3N N\u00b0 4.873\/2023, mediante la cual se le solicitaba la realizaci\u00f3n de un estudio de factibilidad para la utilizaci\u00f3n del c\u00e1\u00f1amo industrial como especie fitorremediadora en el predio conocido como los \u201cPiletones de la ex curtiembre Piazza\u201d). El despacho se aprob\u00f3 por unanimidad.<\/p>\n\n\n\n<p>-Despachos de las Comisiones de Salud P\u00fablica y Medio Ambiente y de Interpretaci\u00f3n, Legislaci\u00f3n y Seguridad P\u00fablica aconsejando el archivo de las presentes actuaciones (BLOQUE PRO. Eleva proyecto de Ordenanza ref. Prohibir en el partido de Azul la pr\u00e1ctica de mutilaci\u00f3n, con fines meramente est\u00e9ticos, en animales). Los despachos se aprobaron por unanimidad.<\/p>\n\n\n\n<p>-DECRETO N\u00ba 936\/2023, dictado por la Presidencia del Cuerpo, ref. Conformaci\u00f3n de las Comisiones Permanentes del Concejo Deliberante; para su convalidaci\u00f3n por parte de las y los concejales. El Decreto fue aprobado por mayor\u00eda.<\/p>\n\n\n\n<p>-DECRETO N\u00ba 944\/2024, dictado por la Presidencia del Cuerpo, ref. Modificar Decreto N\u00b0 936\/2023 de conformaci\u00f3n de las Comisiones Permanentes del Concejo Deliberante; para su convalidaci\u00f3n por parte de las y los concejales. El Decreto fue aprobado por mayor\u00eda.<\/p>\n\n\n\n<p><strong>Notas recibidas:<\/strong><\/p>\n\n\n\n<p>-CGT Regional Azul.Eleva nota solicitando se conforme y convoque a la Comisi\u00f3n para la defensa, promoci\u00f3n y desarrollo de FANAZUL. La nota qued\u00f3 por Presidencia.<\/p>\n\n\n\n<p>-Mesa Ejecutiva del Consejo Municipal de Personas con Discapacidad.Eleva nota solicitando se designen los nuevos integrantes del Concejo Deliberante, uno por el oficialismo y otro por la oposici\u00f3n seg\u00fan lo establece la Ordenanza N\u00b0 3.648. Fueron designadas las Concejales Gabriela Lambusta y Agustina Bauch\u00e9.<\/p>\n\n\n\n<p>-Vecinos del barrio \u201cLos Teros\u201d. Elevan nota relacionada con distintas cuestiones que tienen que ver con la seguridad y el estado de la zona. La nota se gir\u00f3 a la Comisi\u00f3n de Interpretaci\u00f3n.<\/p>\n\n\n\n<p>-Vecina Elsa Chenna.Eleva nota relacionada con el pago de la tasa Urbana y la tasa por Servicios Esenciales. La nota fue elevada a la Comisi\u00f3n de Presupuesto.<\/p>\n\n\n\n<p>-Plenario de Comisiones Vecinales.Eleva nota solicitando decretos de conformaci\u00f3n y reconocimiento de autoridades de las comisiones vecinales; as\u00ed como de las delimitaciones de los barrios que comprenden los mismos; y solicitan reuni\u00f3n para tratar pedidos pendientes.&nbsp; La nota qued\u00f3 por Presidencia.<\/p>\n\n\n\n<p>-Bloque Uni\u00f3n por la Patria Azul.Eleva nota solicitando reuni\u00f3n de la Comisi\u00f3n de Seguimiento del Fondo Educativo. La nota qued\u00f3 por Presidencia.<\/p>\n\n\n\n<p>-Directora de Gesti\u00f3n y Comisiones Vecinales \u2013 Belen Papuk<strong>. <\/strong>Eleva nota solicitando una reuni\u00f3n con los integrantes de la Comisi\u00f3n de Nomenclatura Vial Urbana. La nota qued\u00f3 por Presidencia.<\/p>\n\n\n\n<p>-Cooperativa El\u00e9ctrica de Azul Limitada.Eleva nota informando que se aplicar\u00e1 la cl\u00e1usula de ajuste, prevista en el Presupuesto 2024 de Obras Sanitarias CEAL Agua, debido a la situaci\u00f3n econ\u00f3mica actual. La nota se gir\u00f3 a la Comisi\u00f3n de Obras P\u00fablicas.<\/p>\n\n\n\n<p><strong><u>Informes<\/u><\/strong><\/p>\n\n\n\n<p>-Informes de los Juzgados de Faltas N\u00ba 1 y N\u00ba 2 del partido de Azul correspondientes al mes de Diciembre de 2023 y Enero de 2024, de conformidad a la Ordenanza N\u00ba 4.492\/2020 \u2013 C\u00f3digo Municipal de Faltas. Los informes quedaron por Presidencia.<\/p>\n\n\n\n<p>-Informe del Juzgado de Faltas del Partido de Azul, de conformidad al art\u00edculo 3\u00b0 de la Ordenanza N\u00b0 4874 \u2013 Consejo de Arbolado P\u00fablico. El informe qued\u00f3 por Presidencia.<\/p>\n\n\n\n<p><strong><u>Resoluciones de otros Concejos<\/u><\/strong><\/p>\n\n\n\n<p>-RESOLUCI\u00d3N N\u00ba 01\/2024. H.C.D. TORNQUIST.Mediante la cual se solicita a la Honorable C\u00e1mara de Diputados y Senadores de la provincia de Buenos Aires el pronto tratamiento y aprobaci\u00f3n del Proyecto de Declaraci\u00f3n \u201cZona Fr\u00eda\u201d presentado por el Diputado Provincial Dr. Emiliano Balb\u00edn y la Senadora Provincial Sra. Nerina Neumann Losada, acompa\u00f1ado de comunicado firmado por Intendentes Radicales de la sexta secci\u00f3n electoral manifestando su preocupaci\u00f3n ante la situaci\u00f3n. La Resoluci\u00f3n qued\u00f3 por Presidencia.<\/p>\n\n\n\n<p>-RESOLUCI\u00d3N N\u00ba 02\/2024. H.C.D. TORNQUIST.Mediante la cual se manifiesta el rechazo a la quita del subsidio por zona fr\u00eda y los aumentos de las tarifas de gas, y solicita al Poder Ejecutivo Nacional que revea su pol\u00edtica tarifaria. La Resoluci\u00f3n qued\u00f3 por Presidencia.<\/p>\n\n\n\n<p>-RESOLUCI\u00d3N N\u00ba 1346\/2024. H.C.D. PINAMAR.Mediante la cual se solicita a los integrantes del Congreso de la Naci\u00f3n no modificar en la Ley \u00d3mnibus el beneficio de tarifa diferencial por \u201cZona Fr\u00eda\u201d. La Resoluci\u00f3n qued\u00f3 por Presidencia.<\/p>\n\n\n\n<p><\/p>\n\n\n\n<p>Foto: Lucas Tedesco<\/p>\n","protected":false},"excerpt":{"rendered":"<p>Se llev\u00f3 a cabo, en el recinto del Concejo Deliberante, el Acto de Apertura de Sesiones Ordinarias, correspondientes al ejercicio 2024, oportunidad, en la que el Intendente Municipal Nelson Sombra brind\u00f3 su discurso inaugural. Posteriormente, dio comienzo la Primera Sesi\u00f3n Ordinaria que cont\u00f3 con un Orden del D\u00eda compuesto por m\u00e1s de 40 puntos entre [&hellip;]<\/p>\n","protected":false},"author":2,"featured_media":2721,"comment_status":"open","ping_status":"open","sticky":false,"template":"","format":"standard","meta":{"tdm_status":"","tdm_grid_status":"","footnotes":""},"categories":[7],"tags":[],"class_list":{"0":"post-2720","1":"post","2":"type-post","3":"status-publish","4":"format-standard","5":"has-post-thumbnail","7":"category-noticias"},"yoast_head":"<!-- This site is optimized with the Yoast SEO plugin v27.3 - https:\/\/yoast.com\/product\/yoast-seo-wordpress\/ -->\n<title>Apertura de A\u00f1o legislativo y Primera Sesi\u00f3n Ordinaria - Concejo deliberante de Azul<\/title>\n<meta name=\"robots\" content=\"index, follow, max-snippet:-1, max-image-preview:large, max-video-preview:-1\" \/>\n<link rel=\"canonical\" href=\"https:\/\/concejodeliberantedeazul.gob.ar\/index.php\/2024\/03\/05\/apertura-de-ano-legislativo-y-primera-sesion-ordinaria-2\/\" \/>\n<meta property=\"og:locale\" content=\"es_ES\" \/>\n<meta property=\"og:type\" content=\"article\" \/>\n<meta property=\"og:title\" content=\"Apertura de A\u00f1o legislativo y Primera Sesi\u00f3n Ordinaria - Concejo deliberante de Azul\" \/>\n<meta property=\"og:description\" content=\"Se llev\u00f3 a cabo, en el recinto del Concejo Deliberante, el Acto de Apertura de Sesiones Ordinarias, correspondientes al ejercicio 2024, oportunidad, en la que el Intendente Municipal Nelson Sombra brind\u00f3 su discurso inaugural. Posteriormente, dio comienzo la Primera Sesi\u00f3n Ordinaria que cont\u00f3 con un Orden del D\u00eda compuesto por m\u00e1s de 40 puntos entre [&hellip;]\" \/>\n<meta property=\"og:url\" content=\"https:\/\/concejodeliberantedeazul.gob.ar\/index.php\/2024\/03\/05\/apertura-de-ano-legislativo-y-primera-sesion-ordinaria-2\/\" \/>\n<meta property=\"og:site_name\" content=\"Concejo deliberante de Azul\" \/>\n<meta property=\"article:published_time\" content=\"2024-03-05T21:45:55+00:00\" \/>\n<meta property=\"og:image\" content=\"https:\/\/concejodeliberantedeazul.gob.ar\/wp-content\/uploads\/2024\/03\/2024-03-05-Concejo-01.jpg\" \/>\n\t<meta property=\"og:image:width\" content=\"1422\" \/>\n\t<meta property=\"og:image:height\" content=\"948\" \/>\n\t<meta property=\"og:image:type\" content=\"image\/jpeg\" \/>\n<meta name=\"author\" content=\"Concejo Deliberante Azul\" \/>\n<meta name=\"twitter:card\" content=\"summary_large_image\" \/>\n<meta name=\"twitter:label1\" content=\"Escrito por\" \/>\n\t<meta name=\"twitter:data1\" content=\"Concejo Deliberante Azul\" \/>\n\t<meta name=\"twitter:label2\" content=\"Tiempo de lectura\" \/>\n\t<meta name=\"twitter:data2\" content=\"14 minutos\" \/>\n<script type=\"application\/ld+json\" class=\"yoast-schema-graph\">{\"@context\":\"https:\\\/\\\/schema.org\",\"@graph\":[{\"@type\":\"Article\",\"@id\":\"https:\\\/\\\/concejodeliberantedeazul.gob.ar\\\/index.php\\\/2024\\\/03\\\/05\\\/apertura-de-ano-legislativo-y-primera-sesion-ordinaria-2\\\/#article\",\"isPartOf\":{\"@id\":\"https:\\\/\\\/concejodeliberantedeazul.gob.ar\\\/index.php\\\/2024\\\/03\\\/05\\\/apertura-de-ano-legislativo-y-primera-sesion-ordinaria-2\\\/\"},\"author\":{\"name\":\"Concejo Deliberante Azul\",\"@id\":\"http:\\\/\\\/concejodeliberantedeazul.gob.ar\\\/#\\\/schema\\\/person\\\/65fd6514aee7c29f008fc53b206198fe\"},\"headline\":\"Apertura de A\u00f1o legislativo y Primera Sesi\u00f3n Ordinaria\",\"datePublished\":\"2024-03-05T21:45:55+00:00\",\"mainEntityOfPage\":{\"@id\":\"https:\\\/\\\/concejodeliberantedeazul.gob.ar\\\/index.php\\\/2024\\\/03\\\/05\\\/apertura-de-ano-legislativo-y-primera-sesion-ordinaria-2\\\/\"},\"wordCount\":2767,\"commentCount\":0,\"image\":{\"@id\":\"https:\\\/\\\/concejodeliberantedeazul.gob.ar\\\/index.php\\\/2024\\\/03\\\/05\\\/apertura-de-ano-legislativo-y-primera-sesion-ordinaria-2\\\/#primaryimage\"},\"thumbnailUrl\":\"http:\\\/\\\/concejodeliberantedeazul.gob.ar\\\/wp-content\\\/uploads\\\/2024\\\/03\\\/2024-03-05-Concejo-01.jpg\",\"articleSection\":[\"Noticias\"],\"inLanguage\":\"es-AR\",\"potentialAction\":[{\"@type\":\"CommentAction\",\"name\":\"Comment\",\"target\":[\"https:\\\/\\\/concejodeliberantedeazul.gob.ar\\\/index.php\\\/2024\\\/03\\\/05\\\/apertura-de-ano-legislativo-y-primera-sesion-ordinaria-2\\\/#respond\"]}]},{\"@type\":\"WebPage\",\"@id\":\"https:\\\/\\\/concejodeliberantedeazul.gob.ar\\\/index.php\\\/2024\\\/03\\\/05\\\/apertura-de-ano-legislativo-y-primera-sesion-ordinaria-2\\\/\",\"url\":\"https:\\\/\\\/concejodeliberantedeazul.gob.ar\\\/index.php\\\/2024\\\/03\\\/05\\\/apertura-de-ano-legislativo-y-primera-sesion-ordinaria-2\\\/\",\"name\":\"Apertura de A\u00f1o legislativo y Primera Sesi\u00f3n Ordinaria - Concejo deliberante de Azul\",\"isPartOf\":{\"@id\":\"http:\\\/\\\/concejodeliberantedeazul.gob.ar\\\/#website\"},\"primaryImageOfPage\":{\"@id\":\"https:\\\/\\\/concejodeliberantedeazul.gob.ar\\\/index.php\\\/2024\\\/03\\\/05\\\/apertura-de-ano-legislativo-y-primera-sesion-ordinaria-2\\\/#primaryimage\"},\"image\":{\"@id\":\"https:\\\/\\\/concejodeliberantedeazul.gob.ar\\\/index.php\\\/2024\\\/03\\\/05\\\/apertura-de-ano-legislativo-y-primera-sesion-ordinaria-2\\\/#primaryimage\"},\"thumbnailUrl\":\"http:\\\/\\\/concejodeliberantedeazul.gob.ar\\\/wp-content\\\/uploads\\\/2024\\\/03\\\/2024-03-05-Concejo-01.jpg\",\"datePublished\":\"2024-03-05T21:45:55+00:00\",\"author\":{\"@id\":\"http:\\\/\\\/concejodeliberantedeazul.gob.ar\\\/#\\\/schema\\\/person\\\/65fd6514aee7c29f008fc53b206198fe\"},\"breadcrumb\":{\"@id\":\"https:\\\/\\\/concejodeliberantedeazul.gob.ar\\\/index.php\\\/2024\\\/03\\\/05\\\/apertura-de-ano-legislativo-y-primera-sesion-ordinaria-2\\\/#breadcrumb\"},\"inLanguage\":\"es-AR\",\"potentialAction\":[{\"@type\":\"ReadAction\",\"target\":[\"https:\\\/\\\/concejodeliberantedeazul.gob.ar\\\/index.php\\\/2024\\\/03\\\/05\\\/apertura-de-ano-legislativo-y-primera-sesion-ordinaria-2\\\/\"]}]},{\"@type\":\"ImageObject\",\"inLanguage\":\"es-AR\",\"@id\":\"https:\\\/\\\/concejodeliberantedeazul.gob.ar\\\/index.php\\\/2024\\\/03\\\/05\\\/apertura-de-ano-legislativo-y-primera-sesion-ordinaria-2\\\/#primaryimage\",\"url\":\"http:\\\/\\\/concejodeliberantedeazul.gob.ar\\\/wp-content\\\/uploads\\\/2024\\\/03\\\/2024-03-05-Concejo-01.jpg\",\"contentUrl\":\"http:\\\/\\\/concejodeliberantedeazul.gob.ar\\\/wp-content\\\/uploads\\\/2024\\\/03\\\/2024-03-05-Concejo-01.jpg\",\"width\":1422,\"height\":948},{\"@type\":\"BreadcrumbList\",\"@id\":\"https:\\\/\\\/concejodeliberantedeazul.gob.ar\\\/index.php\\\/2024\\\/03\\\/05\\\/apertura-de-ano-legislativo-y-primera-sesion-ordinaria-2\\\/#breadcrumb\",\"itemListElement\":[{\"@type\":\"ListItem\",\"position\":1,\"name\":\"Inicio\",\"item\":\"https:\\\/\\\/concejodeliberantedeazul.gob.ar\\\/\"},{\"@type\":\"ListItem\",\"position\":2,\"name\":\"Apertura de A\u00f1o legislativo y Primera Sesi\u00f3n Ordinaria\"}]},{\"@type\":\"WebSite\",\"@id\":\"http:\\\/\\\/concejodeliberantedeazul.gob.ar\\\/#website\",\"url\":\"http:\\\/\\\/concejodeliberantedeazul.gob.ar\\\/\",\"name\":\"Concejo deliberante de Azul\",\"description\":\"Sitio Web Oficial del Concejo Deliberante de Azul, Prov. de Buenos Aires - Conformado por 18 concejales de todo el partido.\",\"potentialAction\":[{\"@type\":\"SearchAction\",\"target\":{\"@type\":\"EntryPoint\",\"urlTemplate\":\"http:\\\/\\\/concejodeliberantedeazul.gob.ar\\\/?s={search_term_string}\"},\"query-input\":{\"@type\":\"PropertyValueSpecification\",\"valueRequired\":true,\"valueName\":\"search_term_string\"}}],\"inLanguage\":\"es-AR\"},{\"@type\":\"Person\",\"@id\":\"http:\\\/\\\/concejodeliberantedeazul.gob.ar\\\/#\\\/schema\\\/person\\\/65fd6514aee7c29f008fc53b206198fe\",\"name\":\"Concejo Deliberante Azul\",\"image\":{\"@type\":\"ImageObject\",\"inLanguage\":\"es-AR\",\"@id\":\"https:\\\/\\\/secure.gravatar.com\\\/avatar\\\/30d9ae907861b897be87a25469982f0cfbce09947e0998bf7d9d0ecab450fb85?s=96&d=mm&r=g\",\"url\":\"https:\\\/\\\/secure.gravatar.com\\\/avatar\\\/30d9ae907861b897be87a25469982f0cfbce09947e0998bf7d9d0ecab450fb85?s=96&d=mm&r=g\",\"contentUrl\":\"https:\\\/\\\/secure.gravatar.com\\\/avatar\\\/30d9ae907861b897be87a25469982f0cfbce09947e0998bf7d9d0ecab450fb85?s=96&d=mm&r=g\",\"caption\":\"Concejo Deliberante Azul\"},\"url\":\"http:\\\/\\\/concejodeliberantedeazul.gob.ar\\\/index.php\\\/author\\\/concejo\\\/\"}]}<\/script>\n<!-- \/ Yoast SEO plugin. -->","yoast_head_json":{"title":"Apertura de A\u00f1o legislativo y Primera Sesi\u00f3n Ordinaria - Concejo deliberante de Azul","robots":{"index":"index","follow":"follow","max-snippet":"max-snippet:-1","max-image-preview":"max-image-preview:large","max-video-preview":"max-video-preview:-1"},"canonical":"https:\/\/concejodeliberantedeazul.gob.ar\/index.php\/2024\/03\/05\/apertura-de-ano-legislativo-y-primera-sesion-ordinaria-2\/","og_locale":"es_ES","og_type":"article","og_title":"Apertura de A\u00f1o legislativo y Primera Sesi\u00f3n Ordinaria - Concejo deliberante de Azul","og_description":"Se llev\u00f3 a cabo, en el recinto del Concejo Deliberante, el Acto de Apertura de Sesiones Ordinarias, correspondientes al ejercicio 2024, oportunidad, en la que el Intendente Municipal Nelson Sombra brind\u00f3 su discurso inaugural. Posteriormente, dio comienzo la Primera Sesi\u00f3n Ordinaria que cont\u00f3 con un Orden del D\u00eda compuesto por m\u00e1s de 40 puntos entre [&hellip;]","og_url":"https:\/\/concejodeliberantedeazul.gob.ar\/index.php\/2024\/03\/05\/apertura-de-ano-legislativo-y-primera-sesion-ordinaria-2\/","og_site_name":"Concejo deliberante de Azul","article_published_time":"2024-03-05T21:45:55+00:00","og_image":[{"width":1422,"height":948,"url":"https:\/\/concejodeliberantedeazul.gob.ar\/wp-content\/uploads\/2024\/03\/2024-03-05-Concejo-01.jpg","type":"image\/jpeg"}],"author":"Concejo Deliberante Azul","twitter_card":"summary_large_image","twitter_misc":{"Escrito por":"Concejo Deliberante Azul","Tiempo de lectura":"14 minutos"},"schema":{"@context":"https:\/\/schema.org","@graph":[{"@type":"Article","@id":"https:\/\/concejodeliberantedeazul.gob.ar\/index.php\/2024\/03\/05\/apertura-de-ano-legislativo-y-primera-sesion-ordinaria-2\/#article","isPartOf":{"@id":"https:\/\/concejodeliberantedeazul.gob.ar\/index.php\/2024\/03\/05\/apertura-de-ano-legislativo-y-primera-sesion-ordinaria-2\/"},"author":{"name":"Concejo Deliberante Azul","@id":"http:\/\/concejodeliberantedeazul.gob.ar\/#\/schema\/person\/65fd6514aee7c29f008fc53b206198fe"},"headline":"Apertura de A\u00f1o legislativo y Primera Sesi\u00f3n Ordinaria","datePublished":"2024-03-05T21:45:55+00:00","mainEntityOfPage":{"@id":"https:\/\/concejodeliberantedeazul.gob.ar\/index.php\/2024\/03\/05\/apertura-de-ano-legislativo-y-primera-sesion-ordinaria-2\/"},"wordCount":2767,"commentCount":0,"image":{"@id":"https:\/\/concejodeliberantedeazul.gob.ar\/index.php\/2024\/03\/05\/apertura-de-ano-legislativo-y-primera-sesion-ordinaria-2\/#primaryimage"},"thumbnailUrl":"http:\/\/concejodeliberantedeazul.gob.ar\/wp-content\/uploads\/2024\/03\/2024-03-05-Concejo-01.jpg","articleSection":["Noticias"],"inLanguage":"es-AR","potentialAction":[{"@type":"CommentAction","name":"Comment","target":["https:\/\/concejodeliberantedeazul.gob.ar\/index.php\/2024\/03\/05\/apertura-de-ano-legislativo-y-primera-sesion-ordinaria-2\/#respond"]}]},{"@type":"WebPage","@id":"https:\/\/concejodeliberantedeazul.gob.ar\/index.php\/2024\/03\/05\/apertura-de-ano-legislativo-y-primera-sesion-ordinaria-2\/","url":"https:\/\/concejodeliberantedeazul.gob.ar\/index.php\/2024\/03\/05\/apertura-de-ano-legislativo-y-primera-sesion-ordinaria-2\/","name":"Apertura de A\u00f1o legislativo y Primera Sesi\u00f3n Ordinaria - Concejo deliberante de Azul","isPartOf":{"@id":"http:\/\/concejodeliberantedeazul.gob.ar\/#website"},"primaryImageOfPage":{"@id":"https:\/\/concejodeliberantedeazul.gob.ar\/index.php\/2024\/03\/05\/apertura-de-ano-legislativo-y-primera-sesion-ordinaria-2\/#primaryimage"},"image":{"@id":"https:\/\/concejodeliberantedeazul.gob.ar\/index.php\/2024\/03\/05\/apertura-de-ano-legislativo-y-primera-sesion-ordinaria-2\/#primaryimage"},"thumbnailUrl":"http:\/\/concejodeliberantedeazul.gob.ar\/wp-content\/uploads\/2024\/03\/2024-03-05-Concejo-01.jpg","datePublished":"2024-03-05T21:45:55+00:00","author":{"@id":"http:\/\/concejodeliberantedeazul.gob.ar\/#\/schema\/person\/65fd6514aee7c29f008fc53b206198fe"},"breadcrumb":{"@id":"https:\/\/concejodeliberantedeazul.gob.ar\/index.php\/2024\/03\/05\/apertura-de-ano-legislativo-y-primera-sesion-ordinaria-2\/#breadcrumb"},"inLanguage":"es-AR","potentialAction":[{"@type":"ReadAction","target":["https:\/\/concejodeliberantedeazul.gob.ar\/index.php\/2024\/03\/05\/apertura-de-ano-legislativo-y-primera-sesion-ordinaria-2\/"]}]},{"@type":"ImageObject","inLanguage":"es-AR","@id":"https:\/\/concejodeliberantedeazul.gob.ar\/index.php\/2024\/03\/05\/apertura-de-ano-legislativo-y-primera-sesion-ordinaria-2\/#primaryimage","url":"http:\/\/concejodeliberantedeazul.gob.ar\/wp-content\/uploads\/2024\/03\/2024-03-05-Concejo-01.jpg","contentUrl":"http:\/\/concejodeliberantedeazul.gob.ar\/wp-content\/uploads\/2024\/03\/2024-03-05-Concejo-01.jpg","width":1422,"height":948},{"@type":"BreadcrumbList","@id":"https:\/\/concejodeliberantedeazul.gob.ar\/index.php\/2024\/03\/05\/apertura-de-ano-legislativo-y-primera-sesion-ordinaria-2\/#breadcrumb","itemListElement":[{"@type":"ListItem","position":1,"name":"Inicio","item":"https:\/\/concejodeliberantedeazul.gob.ar\/"},{"@type":"ListItem","position":2,"name":"Apertura de A\u00f1o legislativo y Primera Sesi\u00f3n Ordinaria"}]},{"@type":"WebSite","@id":"http:\/\/concejodeliberantedeazul.gob.ar\/#website","url":"http:\/\/concejodeliberantedeazul.gob.ar\/","name":"Concejo deliberante de Azul","description":"Sitio Web Oficial del Concejo Deliberante de Azul, Prov. de Buenos Aires - Conformado por 18 concejales de todo el partido.","potentialAction":[{"@type":"SearchAction","target":{"@type":"EntryPoint","urlTemplate":"http:\/\/concejodeliberantedeazul.gob.ar\/?s={search_term_string}"},"query-input":{"@type":"PropertyValueSpecification","valueRequired":true,"valueName":"search_term_string"}}],"inLanguage":"es-AR"},{"@type":"Person","@id":"http:\/\/concejodeliberantedeazul.gob.ar\/#\/schema\/person\/65fd6514aee7c29f008fc53b206198fe","name":"Concejo Deliberante Azul","image":{"@type":"ImageObject","inLanguage":"es-AR","@id":"https:\/\/secure.gravatar.com\/avatar\/30d9ae907861b897be87a25469982f0cfbce09947e0998bf7d9d0ecab450fb85?s=96&d=mm&r=g","url":"https:\/\/secure.gravatar.com\/avatar\/30d9ae907861b897be87a25469982f0cfbce09947e0998bf7d9d0ecab450fb85?s=96&d=mm&r=g","contentUrl":"https:\/\/secure.gravatar.com\/avatar\/30d9ae907861b897be87a25469982f0cfbce09947e0998bf7d9d0ecab450fb85?s=96&d=mm&r=g","caption":"Concejo Deliberante Azul"},"url":"http:\/\/concejodeliberantedeazul.gob.ar\/index.php\/author\/concejo\/"}]}},"amp_enabled":true,"_links":{"self":[{"href":"http:\/\/concejodeliberantedeazul.gob.ar\/index.php\/wp-json\/wp\/v2\/posts\/2720","targetHints":{"allow":["GET"]}}],"collection":[{"href":"http:\/\/concejodeliberantedeazul.gob.ar\/index.php\/wp-json\/wp\/v2\/posts"}],"about":[{"href":"http:\/\/concejodeliberantedeazul.gob.ar\/index.php\/wp-json\/wp\/v2\/types\/post"}],"author":[{"embeddable":true,"href":"http:\/\/concejodeliberantedeazul.gob.ar\/index.php\/wp-json\/wp\/v2\/users\/2"}],"replies":[{"embeddable":true,"href":"http:\/\/concejodeliberantedeazul.gob.ar\/index.php\/wp-json\/wp\/v2\/comments?post=2720"}],"version-history":[{"count":1,"href":"http:\/\/concejodeliberantedeazul.gob.ar\/index.php\/wp-json\/wp\/v2\/posts\/2720\/revisions"}],"predecessor-version":[{"id":2722,"href":"http:\/\/concejodeliberantedeazul.gob.ar\/index.php\/wp-json\/wp\/v2\/posts\/2720\/revisions\/2722"}],"wp:featuredmedia":[{"embeddable":true,"href":"http:\/\/concejodeliberantedeazul.gob.ar\/index.php\/wp-json\/wp\/v2\/media\/2721"}],"wp:attachment":[{"href":"http:\/\/concejodeliberantedeazul.gob.ar\/index.php\/wp-json\/wp\/v2\/media?parent=2720"}],"wp:term":[{"taxonomy":"category","embeddable":true,"href":"http:\/\/concejodeliberantedeazul.gob.ar\/index.php\/wp-json\/wp\/v2\/categories?post=2720"},{"taxonomy":"post_tag","embeddable":true,"href":"http:\/\/concejodeliberantedeazul.gob.ar\/index.php\/wp-json\/wp\/v2\/tags?post=2720"}],"curies":[{"name":"wp","href":"https:\/\/api.w.org\/{rel}","templated":true}]}}