{"id":2702,"date":"2024-02-16T11:50:34","date_gmt":"2024-02-16T14:50:34","guid":{"rendered":"http:\/\/concejodeliberantedeazul.gob.ar\/?p=2702"},"modified":"2024-02-16T11:50:35","modified_gmt":"2024-02-16T14:50:35","slug":"gabriela-lambusta-y-agustina-bauche-fueron-designadas-como-representantes-en-el-consejo-de-discapacidad","status":"publish","type":"post","link":"http:\/\/concejodeliberantedeazul.gob.ar\/index.php\/2024\/02\/16\/gabriela-lambusta-y-agustina-bauche-fueron-designadas-como-representantes-en-el-consejo-de-discapacidad\/","title":{"rendered":"Gabriela Lambusta y Agustina Bauch\u00e9 fueron designadas como representantes en el Consejo de Discapacidad"},"content":{"rendered":"\n<p>En el marco de la Ordenanza N\u00b0 3.648 y sus modificatorias, las concejales Lambusta y Bauch\u00e9 representar\u00e1n al Concejo Deliberante en el Consejo Municipal de las personas con discapacidad del partido de Azul. En su art\u00edculo 4\u00b0, la Ordenanza establece que ser\u00e1n dos los representantes del Poder Legislativo, uno en representaci\u00f3n del oficialismo y otro en representaci\u00f3n de la oposici\u00f3n.<\/p>\n\n\n\n<p>Este jueves, en el Complejo Cultural San Mart\u00edn, se realiz\u00f3 la primera reuni\u00f3n del a\u00f1o de la cual tambi\u00e9n particip\u00f3 la concejal Natalia Colom\u00e9.<\/p>\n\n\n\n<p>En la oportunidad, se dialog\u00f3 sobre la reuni\u00f3n mantenida con el Intendente Municipal y cu\u00e1les son los desaf\u00edos que se establecieron para trabajar durante el a\u00f1o.<\/p>\n","protected":false},"excerpt":{"rendered":"<p>En el marco de la Ordenanza N\u00b0 3.648 y sus modificatorias, las concejales Lambusta y Bauch\u00e9 representar\u00e1n al Concejo Deliberante en el Consejo Municipal de las personas con discapacidad del partido de Azul. En su art\u00edculo 4\u00b0, la Ordenanza establece que ser\u00e1n dos los representantes del Poder Legislativo, uno en representaci\u00f3n del oficialismo y otro [&hellip;]<\/p>\n","protected":false},"author":2,"featured_media":2703,"comment_status":"open","ping_status":"open","sticky":false,"template":"","format":"standard","meta":{"tdm_status":"","tdm_grid_status":"","footnotes":""},"categories":[7],"tags":[],"class_list":{"0":"post-2702","1":"post","2":"type-post","3":"status-publish","4":"format-standard","5":"has-post-thumbnail","7":"category-noticias"},"yoast_head":"<!-- This site is optimized with the Yoast SEO plugin v27.3 - https:\/\/yoast.com\/product\/yoast-seo-wordpress\/ -->\n<title>Gabriela Lambusta y Agustina Bauch\u00e9 fueron designadas como representantes en el Consejo de Discapacidad - Concejo deliberante de Azul<\/title>\n<meta name=\"robots\" content=\"index, follow, max-snippet:-1, max-image-preview:large, max-video-preview:-1\" \/>\n<link rel=\"canonical\" href=\"https:\/\/concejodeliberantedeazul.gob.ar\/index.php\/2024\/02\/16\/gabriela-lambusta-y-agustina-bauche-fueron-designadas-como-representantes-en-el-consejo-de-discapacidad\/\" \/>\n<meta property=\"og:locale\" content=\"es_ES\" \/>\n<meta property=\"og:type\" content=\"article\" \/>\n<meta property=\"og:title\" content=\"Gabriela Lambusta y Agustina Bauch\u00e9 fueron designadas como representantes en el Consejo de Discapacidad - Concejo deliberante de Azul\" \/>\n<meta property=\"og:description\" content=\"En el marco de la Ordenanza N\u00b0 3.648 y sus modificatorias, las concejales Lambusta y Bauch\u00e9 representar\u00e1n al Concejo Deliberante en el Consejo Municipal de las personas con discapacidad del partido de Azul. En su art\u00edculo 4\u00b0, la Ordenanza establece que ser\u00e1n dos los representantes del Poder Legislativo, uno en representaci\u00f3n del oficialismo y otro [&hellip;]\" \/>\n<meta property=\"og:url\" content=\"https:\/\/concejodeliberantedeazul.gob.ar\/index.php\/2024\/02\/16\/gabriela-lambusta-y-agustina-bauche-fueron-designadas-como-representantes-en-el-consejo-de-discapacidad\/\" \/>\n<meta property=\"og:site_name\" content=\"Concejo deliberante de Azul\" \/>\n<meta property=\"article:published_time\" content=\"2024-02-16T14:50:34+00:00\" \/>\n<meta property=\"article:modified_time\" content=\"2024-02-16T14:50:35+00:00\" \/>\n<meta property=\"og:image\" content=\"https:\/\/concejodeliberantedeazul.gob.ar\/wp-content\/uploads\/2024\/02\/16-02-2024-Consejo-Discapacidad.jpg\" \/>\n\t<meta property=\"og:image:width\" content=\"1600\" \/>\n\t<meta property=\"og:image:height\" content=\"910\" \/>\n\t<meta property=\"og:image:type\" content=\"image\/jpeg\" \/>\n<meta name=\"author\" content=\"Concejo Deliberante Azul\" \/>\n<meta name=\"twitter:card\" content=\"summary_large_image\" \/>\n<meta name=\"twitter:label1\" content=\"Escrito por\" \/>\n\t<meta name=\"twitter:data1\" content=\"Concejo Deliberante Azul\" \/>\n\t<meta name=\"twitter:label2\" content=\"Tiempo de lectura\" \/>\n\t<meta name=\"twitter:data2\" content=\"1 minuto\" \/>\n<script type=\"application\/ld+json\" class=\"yoast-schema-graph\">{\"@context\":\"https:\\\/\\\/schema.org\",\"@graph\":[{\"@type\":\"Article\",\"@id\":\"https:\\\/\\\/concejodeliberantedeazul.gob.ar\\\/index.php\\\/2024\\\/02\\\/16\\\/gabriela-lambusta-y-agustina-bauche-fueron-designadas-como-representantes-en-el-consejo-de-discapacidad\\\/#article\",\"isPartOf\":{\"@id\":\"https:\\\/\\\/concejodeliberantedeazul.gob.ar\\\/index.php\\\/2024\\\/02\\\/16\\\/gabriela-lambusta-y-agustina-bauche-fueron-designadas-como-representantes-en-el-consejo-de-discapacidad\\\/\"},\"author\":{\"name\":\"Concejo Deliberante Azul\",\"@id\":\"http:\\\/\\\/concejodeliberantedeazul.gob.ar\\\/#\\\/schema\\\/person\\\/65fd6514aee7c29f008fc53b206198fe\"},\"headline\":\"Gabriela Lambusta y Agustina Bauch\u00e9 fueron designadas como representantes en el Consejo de Discapacidad\",\"datePublished\":\"2024-02-16T14:50:34+00:00\",\"dateModified\":\"2024-02-16T14:50:35+00:00\",\"mainEntityOfPage\":{\"@id\":\"https:\\\/\\\/concejodeliberantedeazul.gob.ar\\\/index.php\\\/2024\\\/02\\\/16\\\/gabriela-lambusta-y-agustina-bauche-fueron-designadas-como-representantes-en-el-consejo-de-discapacidad\\\/\"},\"wordCount\":136,\"commentCount\":0,\"image\":{\"@id\":\"https:\\\/\\\/concejodeliberantedeazul.gob.ar\\\/index.php\\\/2024\\\/02\\\/16\\\/gabriela-lambusta-y-agustina-bauche-fueron-designadas-como-representantes-en-el-consejo-de-discapacidad\\\/#primaryimage\"},\"thumbnailUrl\":\"http:\\\/\\\/concejodeliberantedeazul.gob.ar\\\/wp-content\\\/uploads\\\/2024\\\/02\\\/16-02-2024-Consejo-Discapacidad.jpg\",\"articleSection\":[\"Noticias\"],\"inLanguage\":\"es-AR\",\"potentialAction\":[{\"@type\":\"CommentAction\",\"name\":\"Comment\",\"target\":[\"https:\\\/\\\/concejodeliberantedeazul.gob.ar\\\/index.php\\\/2024\\\/02\\\/16\\\/gabriela-lambusta-y-agustina-bauche-fueron-designadas-como-representantes-en-el-consejo-de-discapacidad\\\/#respond\"]}]},{\"@type\":\"WebPage\",\"@id\":\"https:\\\/\\\/concejodeliberantedeazul.gob.ar\\\/index.php\\\/2024\\\/02\\\/16\\\/gabriela-lambusta-y-agustina-bauche-fueron-designadas-como-representantes-en-el-consejo-de-discapacidad\\\/\",\"url\":\"https:\\\/\\\/concejodeliberantedeazul.gob.ar\\\/index.php\\\/2024\\\/02\\\/16\\\/gabriela-lambusta-y-agustina-bauche-fueron-designadas-como-representantes-en-el-consejo-de-discapacidad\\\/\",\"name\":\"Gabriela Lambusta y Agustina Bauch\u00e9 fueron designadas como representantes en el Consejo de Discapacidad - Concejo deliberante de Azul\",\"isPartOf\":{\"@id\":\"http:\\\/\\\/concejodeliberantedeazul.gob.ar\\\/#website\"},\"primaryImageOfPage\":{\"@id\":\"https:\\\/\\\/concejodeliberantedeazul.gob.ar\\\/index.php\\\/2024\\\/02\\\/16\\\/gabriela-lambusta-y-agustina-bauche-fueron-designadas-como-representantes-en-el-consejo-de-discapacidad\\\/#primaryimage\"},\"image\":{\"@id\":\"https:\\\/\\\/concejodeliberantedeazul.gob.ar\\\/index.php\\\/2024\\\/02\\\/16\\\/gabriela-lambusta-y-agustina-bauche-fueron-designadas-como-representantes-en-el-consejo-de-discapacidad\\\/#primaryimage\"},\"thumbnailUrl\":\"http:\\\/\\\/concejodeliberantedeazul.gob.ar\\\/wp-content\\\/uploads\\\/2024\\\/02\\\/16-02-2024-Consejo-Discapacidad.jpg\",\"datePublished\":\"2024-02-16T14:50:34+00:00\",\"dateModified\":\"2024-02-16T14:50:35+00:00\",\"author\":{\"@id\":\"http:\\\/\\\/concejodeliberantedeazul.gob.ar\\\/#\\\/schema\\\/person\\\/65fd6514aee7c29f008fc53b206198fe\"},\"breadcrumb\":{\"@id\":\"https:\\\/\\\/concejodeliberantedeazul.gob.ar\\\/index.php\\\/2024\\\/02\\\/16\\\/gabriela-lambusta-y-agustina-bauche-fueron-designadas-como-representantes-en-el-consejo-de-discapacidad\\\/#breadcrumb\"},\"inLanguage\":\"es-AR\",\"potentialAction\":[{\"@type\":\"ReadAction\",\"target\":[\"https:\\\/\\\/concejodeliberantedeazul.gob.ar\\\/index.php\\\/2024\\\/02\\\/16\\\/gabriela-lambusta-y-agustina-bauche-fueron-designadas-como-representantes-en-el-consejo-de-discapacidad\\\/\"]}]},{\"@type\":\"ImageObject\",\"inLanguage\":\"es-AR\",\"@id\":\"https:\\\/\\\/concejodeliberantedeazul.gob.ar\\\/index.php\\\/2024\\\/02\\\/16\\\/gabriela-lambusta-y-agustina-bauche-fueron-designadas-como-representantes-en-el-consejo-de-discapacidad\\\/#primaryimage\",\"url\":\"http:\\\/\\\/concejodeliberantedeazul.gob.ar\\\/wp-content\\\/uploads\\\/2024\\\/02\\\/16-02-2024-Consejo-Discapacidad.jpg\",\"contentUrl\":\"http:\\\/\\\/concejodeliberantedeazul.gob.ar\\\/wp-content\\\/uploads\\\/2024\\\/02\\\/16-02-2024-Consejo-Discapacidad.jpg\",\"width\":1600,\"height\":910},{\"@type\":\"BreadcrumbList\",\"@id\":\"https:\\\/\\\/concejodeliberantedeazul.gob.ar\\\/index.php\\\/2024\\\/02\\\/16\\\/gabriela-lambusta-y-agustina-bauche-fueron-designadas-como-representantes-en-el-consejo-de-discapacidad\\\/#breadcrumb\",\"itemListElement\":[{\"@type\":\"ListItem\",\"position\":1,\"name\":\"Inicio\",\"item\":\"https:\\\/\\\/concejodeliberantedeazul.gob.ar\\\/\"},{\"@type\":\"ListItem\",\"position\":2,\"name\":\"Gabriela Lambusta y Agustina Bauch\u00e9 fueron designadas como representantes en el Consejo de Discapacidad\"}]},{\"@type\":\"WebSite\",\"@id\":\"http:\\\/\\\/concejodeliberantedeazul.gob.ar\\\/#website\",\"url\":\"http:\\\/\\\/concejodeliberantedeazul.gob.ar\\\/\",\"name\":\"Concejo deliberante de Azul\",\"description\":\"Sitio Web Oficial del Concejo Deliberante de Azul, Prov. de Buenos Aires - Conformado por 18 concejales de todo el partido.\",\"potentialAction\":[{\"@type\":\"SearchAction\",\"target\":{\"@type\":\"EntryPoint\",\"urlTemplate\":\"http:\\\/\\\/concejodeliberantedeazul.gob.ar\\\/?s={search_term_string}\"},\"query-input\":{\"@type\":\"PropertyValueSpecification\",\"valueRequired\":true,\"valueName\":\"search_term_string\"}}],\"inLanguage\":\"es-AR\"},{\"@type\":\"Person\",\"@id\":\"http:\\\/\\\/concejodeliberantedeazul.gob.ar\\\/#\\\/schema\\\/person\\\/65fd6514aee7c29f008fc53b206198fe\",\"name\":\"Concejo Deliberante Azul\",\"image\":{\"@type\":\"ImageObject\",\"inLanguage\":\"es-AR\",\"@id\":\"https:\\\/\\\/secure.gravatar.com\\\/avatar\\\/30d9ae907861b897be87a25469982f0cfbce09947e0998bf7d9d0ecab450fb85?s=96&d=mm&r=g\",\"url\":\"https:\\\/\\\/secure.gravatar.com\\\/avatar\\\/30d9ae907861b897be87a25469982f0cfbce09947e0998bf7d9d0ecab450fb85?s=96&d=mm&r=g\",\"contentUrl\":\"https:\\\/\\\/secure.gravatar.com\\\/avatar\\\/30d9ae907861b897be87a25469982f0cfbce09947e0998bf7d9d0ecab450fb85?s=96&d=mm&r=g\",\"caption\":\"Concejo Deliberante Azul\"},\"url\":\"http:\\\/\\\/concejodeliberantedeazul.gob.ar\\\/index.php\\\/author\\\/concejo\\\/\"}]}<\/script>\n<!-- \/ Yoast SEO plugin. -->","yoast_head_json":{"title":"Gabriela Lambusta y Agustina Bauch\u00e9 fueron designadas como representantes en el Consejo de Discapacidad - Concejo deliberante de Azul","robots":{"index":"index","follow":"follow","max-snippet":"max-snippet:-1","max-image-preview":"max-image-preview:large","max-video-preview":"max-video-preview:-1"},"canonical":"https:\/\/concejodeliberantedeazul.gob.ar\/index.php\/2024\/02\/16\/gabriela-lambusta-y-agustina-bauche-fueron-designadas-como-representantes-en-el-consejo-de-discapacidad\/","og_locale":"es_ES","og_type":"article","og_title":"Gabriela Lambusta y Agustina Bauch\u00e9 fueron designadas como representantes en el Consejo de Discapacidad - Concejo deliberante de Azul","og_description":"En el marco de la Ordenanza N\u00b0 3.648 y sus modificatorias, las concejales Lambusta y Bauch\u00e9 representar\u00e1n al Concejo Deliberante en el Consejo Municipal de las personas con discapacidad del partido de Azul. En su art\u00edculo 4\u00b0, la Ordenanza establece que ser\u00e1n dos los representantes del Poder Legislativo, uno en representaci\u00f3n del oficialismo y otro [&hellip;]","og_url":"https:\/\/concejodeliberantedeazul.gob.ar\/index.php\/2024\/02\/16\/gabriela-lambusta-y-agustina-bauche-fueron-designadas-como-representantes-en-el-consejo-de-discapacidad\/","og_site_name":"Concejo deliberante de Azul","article_published_time":"2024-02-16T14:50:34+00:00","article_modified_time":"2024-02-16T14:50:35+00:00","og_image":[{"width":1600,"height":910,"url":"https:\/\/concejodeliberantedeazul.gob.ar\/wp-content\/uploads\/2024\/02\/16-02-2024-Consejo-Discapacidad.jpg","type":"image\/jpeg"}],"author":"Concejo Deliberante Azul","twitter_card":"summary_large_image","twitter_misc":{"Escrito por":"Concejo Deliberante Azul","Tiempo de lectura":"1 minuto"},"schema":{"@context":"https:\/\/schema.org","@graph":[{"@type":"Article","@id":"https:\/\/concejodeliberantedeazul.gob.ar\/index.php\/2024\/02\/16\/gabriela-lambusta-y-agustina-bauche-fueron-designadas-como-representantes-en-el-consejo-de-discapacidad\/#article","isPartOf":{"@id":"https:\/\/concejodeliberantedeazul.gob.ar\/index.php\/2024\/02\/16\/gabriela-lambusta-y-agustina-bauche-fueron-designadas-como-representantes-en-el-consejo-de-discapacidad\/"},"author":{"name":"Concejo Deliberante Azul","@id":"http:\/\/concejodeliberantedeazul.gob.ar\/#\/schema\/person\/65fd6514aee7c29f008fc53b206198fe"},"headline":"Gabriela Lambusta y Agustina Bauch\u00e9 fueron designadas como representantes en el Consejo de Discapacidad","datePublished":"2024-02-16T14:50:34+00:00","dateModified":"2024-02-16T14:50:35+00:00","mainEntityOfPage":{"@id":"https:\/\/concejodeliberantedeazul.gob.ar\/index.php\/2024\/02\/16\/gabriela-lambusta-y-agustina-bauche-fueron-designadas-como-representantes-en-el-consejo-de-discapacidad\/"},"wordCount":136,"commentCount":0,"image":{"@id":"https:\/\/concejodeliberantedeazul.gob.ar\/index.php\/2024\/02\/16\/gabriela-lambusta-y-agustina-bauche-fueron-designadas-como-representantes-en-el-consejo-de-discapacidad\/#primaryimage"},"thumbnailUrl":"http:\/\/concejodeliberantedeazul.gob.ar\/wp-content\/uploads\/2024\/02\/16-02-2024-Consejo-Discapacidad.jpg","articleSection":["Noticias"],"inLanguage":"es-AR","potentialAction":[{"@type":"CommentAction","name":"Comment","target":["https:\/\/concejodeliberantedeazul.gob.ar\/index.php\/2024\/02\/16\/gabriela-lambusta-y-agustina-bauche-fueron-designadas-como-representantes-en-el-consejo-de-discapacidad\/#respond"]}]},{"@type":"WebPage","@id":"https:\/\/concejodeliberantedeazul.gob.ar\/index.php\/2024\/02\/16\/gabriela-lambusta-y-agustina-bauche-fueron-designadas-como-representantes-en-el-consejo-de-discapacidad\/","url":"https:\/\/concejodeliberantedeazul.gob.ar\/index.php\/2024\/02\/16\/gabriela-lambusta-y-agustina-bauche-fueron-designadas-como-representantes-en-el-consejo-de-discapacidad\/","name":"Gabriela Lambusta y Agustina Bauch\u00e9 fueron designadas como representantes en el Consejo de Discapacidad - Concejo deliberante de Azul","isPartOf":{"@id":"http:\/\/concejodeliberantedeazul.gob.ar\/#website"},"primaryImageOfPage":{"@id":"https:\/\/concejodeliberantedeazul.gob.ar\/index.php\/2024\/02\/16\/gabriela-lambusta-y-agustina-bauche-fueron-designadas-como-representantes-en-el-consejo-de-discapacidad\/#primaryimage"},"image":{"@id":"https:\/\/concejodeliberantedeazul.gob.ar\/index.php\/2024\/02\/16\/gabriela-lambusta-y-agustina-bauche-fueron-designadas-como-representantes-en-el-consejo-de-discapacidad\/#primaryimage"},"thumbnailUrl":"http:\/\/concejodeliberantedeazul.gob.ar\/wp-content\/uploads\/2024\/02\/16-02-2024-Consejo-Discapacidad.jpg","datePublished":"2024-02-16T14:50:34+00:00","dateModified":"2024-02-16T14:50:35+00:00","author":{"@id":"http:\/\/concejodeliberantedeazul.gob.ar\/#\/schema\/person\/65fd6514aee7c29f008fc53b206198fe"},"breadcrumb":{"@id":"https:\/\/concejodeliberantedeazul.gob.ar\/index.php\/2024\/02\/16\/gabriela-lambusta-y-agustina-bauche-fueron-designadas-como-representantes-en-el-consejo-de-discapacidad\/#breadcrumb"},"inLanguage":"es-AR","potentialAction":[{"@type":"ReadAction","target":["https:\/\/concejodeliberantedeazul.gob.ar\/index.php\/2024\/02\/16\/gabriela-lambusta-y-agustina-bauche-fueron-designadas-como-representantes-en-el-consejo-de-discapacidad\/"]}]},{"@type":"ImageObject","inLanguage":"es-AR","@id":"https:\/\/concejodeliberantedeazul.gob.ar\/index.php\/2024\/02\/16\/gabriela-lambusta-y-agustina-bauche-fueron-designadas-como-representantes-en-el-consejo-de-discapacidad\/#primaryimage","url":"http:\/\/concejodeliberantedeazul.gob.ar\/wp-content\/uploads\/2024\/02\/16-02-2024-Consejo-Discapacidad.jpg","contentUrl":"http:\/\/concejodeliberantedeazul.gob.ar\/wp-content\/uploads\/2024\/02\/16-02-2024-Consejo-Discapacidad.jpg","width":1600,"height":910},{"@type":"BreadcrumbList","@id":"https:\/\/concejodeliberantedeazul.gob.ar\/index.php\/2024\/02\/16\/gabriela-lambusta-y-agustina-bauche-fueron-designadas-como-representantes-en-el-consejo-de-discapacidad\/#breadcrumb","itemListElement":[{"@type":"ListItem","position":1,"name":"Inicio","item":"https:\/\/concejodeliberantedeazul.gob.ar\/"},{"@type":"ListItem","position":2,"name":"Gabriela Lambusta y Agustina Bauch\u00e9 fueron designadas como representantes en el Consejo de Discapacidad"}]},{"@type":"WebSite","@id":"http:\/\/concejodeliberantedeazul.gob.ar\/#website","url":"http:\/\/concejodeliberantedeazul.gob.ar\/","name":"Concejo deliberante de Azul","description":"Sitio Web Oficial del Concejo Deliberante de Azul, Prov. de Buenos Aires - Conformado por 18 concejales de todo el partido.","potentialAction":[{"@type":"SearchAction","target":{"@type":"EntryPoint","urlTemplate":"http:\/\/concejodeliberantedeazul.gob.ar\/?s={search_term_string}"},"query-input":{"@type":"PropertyValueSpecification","valueRequired":true,"valueName":"search_term_string"}}],"inLanguage":"es-AR"},{"@type":"Person","@id":"http:\/\/concejodeliberantedeazul.gob.ar\/#\/schema\/person\/65fd6514aee7c29f008fc53b206198fe","name":"Concejo Deliberante Azul","image":{"@type":"ImageObject","inLanguage":"es-AR","@id":"https:\/\/secure.gravatar.com\/avatar\/30d9ae907861b897be87a25469982f0cfbce09947e0998bf7d9d0ecab450fb85?s=96&d=mm&r=g","url":"https:\/\/secure.gravatar.com\/avatar\/30d9ae907861b897be87a25469982f0cfbce09947e0998bf7d9d0ecab450fb85?s=96&d=mm&r=g","contentUrl":"https:\/\/secure.gravatar.com\/avatar\/30d9ae907861b897be87a25469982f0cfbce09947e0998bf7d9d0ecab450fb85?s=96&d=mm&r=g","caption":"Concejo Deliberante Azul"},"url":"http:\/\/concejodeliberantedeazul.gob.ar\/index.php\/author\/concejo\/"}]}},"amp_enabled":true,"_links":{"self":[{"href":"http:\/\/concejodeliberantedeazul.gob.ar\/index.php\/wp-json\/wp\/v2\/posts\/2702","targetHints":{"allow":["GET"]}}],"collection":[{"href":"http:\/\/concejodeliberantedeazul.gob.ar\/index.php\/wp-json\/wp\/v2\/posts"}],"about":[{"href":"http:\/\/concejodeliberantedeazul.gob.ar\/index.php\/wp-json\/wp\/v2\/types\/post"}],"author":[{"embeddable":true,"href":"http:\/\/concejodeliberantedeazul.gob.ar\/index.php\/wp-json\/wp\/v2\/users\/2"}],"replies":[{"embeddable":true,"href":"http:\/\/concejodeliberantedeazul.gob.ar\/index.php\/wp-json\/wp\/v2\/comments?post=2702"}],"version-history":[{"count":1,"href":"http:\/\/concejodeliberantedeazul.gob.ar\/index.php\/wp-json\/wp\/v2\/posts\/2702\/revisions"}],"predecessor-version":[{"id":2704,"href":"http:\/\/concejodeliberantedeazul.gob.ar\/index.php\/wp-json\/wp\/v2\/posts\/2702\/revisions\/2704"}],"wp:featuredmedia":[{"embeddable":true,"href":"http:\/\/concejodeliberantedeazul.gob.ar\/index.php\/wp-json\/wp\/v2\/media\/2703"}],"wp:attachment":[{"href":"http:\/\/concejodeliberantedeazul.gob.ar\/index.php\/wp-json\/wp\/v2\/media?parent=2702"}],"wp:term":[{"taxonomy":"category","embeddable":true,"href":"http:\/\/concejodeliberantedeazul.gob.ar\/index.php\/wp-json\/wp\/v2\/categories?post=2702"},{"taxonomy":"post_tag","embeddable":true,"href":"http:\/\/concejodeliberantedeazul.gob.ar\/index.php\/wp-json\/wp\/v2\/tags?post=2702"}],"curies":[{"name":"wp","href":"https:\/\/api.w.org\/{rel}","templated":true}]}}