{"id":2682,"date":"2024-01-10T12:44:43","date_gmt":"2024-01-10T15:44:43","guid":{"rendered":"http:\/\/concejodeliberantedeazul.gob.ar\/?p=2682"},"modified":"2024-01-10T12:44:44","modified_gmt":"2024-01-10T15:44:44","slug":"la-comision-de-salud-recibio-a-vecinos-que-solicitan-que-azul-sea-zona-libre-de-5g","status":"publish","type":"post","link":"http:\/\/concejodeliberantedeazul.gob.ar\/index.php\/2024\/01\/10\/la-comision-de-salud-recibio-a-vecinos-que-solicitan-que-azul-sea-zona-libre-de-5g\/","title":{"rendered":"La Comisi\u00f3n de Salud recibi\u00f3 a vecinos que solicitan que Azul sea zona libre de 5G"},"content":{"rendered":"\n<p>En el recinto del Concejo Deliberante, la Comisi\u00f3n de Salud y Medio Ambiente recibi\u00f3 a un grupo de vecinos que presentaron un anteproyecto de Ordenanza que propone la creaci\u00f3n de una zona libre de 5G para nuestra localidad.<\/p>\n\n\n\n<p>Los mismos fueron recibidos por las Concejalas Pilar \u00c1lvarez, Gisela Arbiza, Gisella Hiriart y Andrea Barcel\u00f3.<\/p>\n\n\n\n<p>Durante la reuni\u00f3n, los vecinos explicaron que la presentaci\u00f3n del anteproyecto de Ordenanza cuenta con informe t\u00e9cnico y que, desde la investigaci\u00f3n que han realizado, la tecnolog\u00eda 5G no cuenta con estudios concretos sobre cu\u00e1les son los efectos a largo plazo en la salud de los habitantes, as\u00ed como en la flora y la fauna.<\/p>\n\n\n\n<p>Por otra parte, participaron de la reuni\u00f3n vecinos de la zona de Comandante Franco entre 57 y 58 quienes en el mes de junio hab\u00edan reclamado en este Concejo Deliberante la instalaci\u00f3n de una estructura para una antena telef\u00f3nica en su barrio. En este sentido, el Pode Legislativo aprob\u00f3 una Ordenanza vinculada con la instalaci\u00f3n, habilitaci\u00f3n y registraci\u00f3n de estructuras y los vecinos solicitaron que sea implementada a la brevedad.<\/p>\n","protected":false},"excerpt":{"rendered":"<p>En el recinto del Concejo Deliberante, la Comisi\u00f3n de Salud y Medio Ambiente recibi\u00f3 a un grupo de vecinos que presentaron un anteproyecto de Ordenanza que propone la creaci\u00f3n de una zona libre de 5G para nuestra localidad. Los mismos fueron recibidos por las Concejalas Pilar \u00c1lvarez, Gisela Arbiza, Gisella Hiriart y Andrea Barcel\u00f3. Durante [&hellip;]<\/p>\n","protected":false},"author":2,"featured_media":2683,"comment_status":"open","ping_status":"open","sticky":false,"template":"","format":"standard","meta":{"tdm_status":"","tdm_grid_status":"","footnotes":""},"categories":[7],"tags":[],"class_list":{"0":"post-2682","1":"post","2":"type-post","3":"status-publish","4":"format-standard","5":"has-post-thumbnail","7":"category-noticias"},"yoast_head":"<!-- This site is optimized with the Yoast SEO plugin v27.3 - https:\/\/yoast.com\/product\/yoast-seo-wordpress\/ -->\n<title>La Comisi\u00f3n de Salud recibi\u00f3 a vecinos que solicitan que Azul sea zona libre de 5G - Concejo deliberante de Azul<\/title>\n<meta name=\"robots\" content=\"index, follow, max-snippet:-1, max-image-preview:large, max-video-preview:-1\" \/>\n<link rel=\"canonical\" href=\"https:\/\/concejodeliberantedeazul.gob.ar\/index.php\/2024\/01\/10\/la-comision-de-salud-recibio-a-vecinos-que-solicitan-que-azul-sea-zona-libre-de-5g\/\" \/>\n<meta property=\"og:locale\" content=\"es_ES\" \/>\n<meta property=\"og:type\" content=\"article\" \/>\n<meta property=\"og:title\" content=\"La Comisi\u00f3n de Salud recibi\u00f3 a vecinos que solicitan que Azul sea zona libre de 5G - Concejo deliberante de Azul\" \/>\n<meta property=\"og:description\" content=\"En el recinto del Concejo Deliberante, la Comisi\u00f3n de Salud y Medio Ambiente recibi\u00f3 a un grupo de vecinos que presentaron un anteproyecto de Ordenanza que propone la creaci\u00f3n de una zona libre de 5G para nuestra localidad. Los mismos fueron recibidos por las Concejalas Pilar \u00c1lvarez, Gisela Arbiza, Gisella Hiriart y Andrea Barcel\u00f3. Durante [&hellip;]\" \/>\n<meta property=\"og:url\" content=\"https:\/\/concejodeliberantedeazul.gob.ar\/index.php\/2024\/01\/10\/la-comision-de-salud-recibio-a-vecinos-que-solicitan-que-azul-sea-zona-libre-de-5g\/\" \/>\n<meta property=\"og:site_name\" content=\"Concejo deliberante de Azul\" \/>\n<meta property=\"article:published_time\" content=\"2024-01-10T15:44:43+00:00\" \/>\n<meta property=\"article:modified_time\" content=\"2024-01-10T15:44:44+00:00\" \/>\n<meta property=\"og:image\" content=\"http:\/\/concejodeliberantedeazul.gob.ar\/wp-content\/uploads\/2024\/01\/10-01-2024-Reunion-Salud-scaled.jpg\" \/>\n\t<meta property=\"og:image:width\" content=\"2560\" \/>\n\t<meta property=\"og:image:height\" content=\"1928\" \/>\n\t<meta property=\"og:image:type\" content=\"image\/jpeg\" \/>\n<meta name=\"author\" content=\"Concejo Deliberante Azul\" \/>\n<meta name=\"twitter:card\" content=\"summary_large_image\" \/>\n<meta name=\"twitter:label1\" content=\"Escrito por\" \/>\n\t<meta name=\"twitter:data1\" content=\"Concejo Deliberante Azul\" \/>\n\t<meta name=\"twitter:label2\" content=\"Tiempo de lectura\" \/>\n\t<meta name=\"twitter:data2\" content=\"2 minutos\" \/>\n<script type=\"application\/ld+json\" class=\"yoast-schema-graph\">{\"@context\":\"https:\\\/\\\/schema.org\",\"@graph\":[{\"@type\":\"Article\",\"@id\":\"https:\\\/\\\/concejodeliberantedeazul.gob.ar\\\/index.php\\\/2024\\\/01\\\/10\\\/la-comision-de-salud-recibio-a-vecinos-que-solicitan-que-azul-sea-zona-libre-de-5g\\\/#article\",\"isPartOf\":{\"@id\":\"https:\\\/\\\/concejodeliberantedeazul.gob.ar\\\/index.php\\\/2024\\\/01\\\/10\\\/la-comision-de-salud-recibio-a-vecinos-que-solicitan-que-azul-sea-zona-libre-de-5g\\\/\"},\"author\":{\"name\":\"Concejo Deliberante Azul\",\"@id\":\"http:\\\/\\\/concejodeliberantedeazul.gob.ar\\\/#\\\/schema\\\/person\\\/65fd6514aee7c29f008fc53b206198fe\"},\"headline\":\"La Comisi\u00f3n de Salud recibi\u00f3 a vecinos que solicitan que Azul sea zona libre de 5G\",\"datePublished\":\"2024-01-10T15:44:43+00:00\",\"dateModified\":\"2024-01-10T15:44:44+00:00\",\"mainEntityOfPage\":{\"@id\":\"https:\\\/\\\/concejodeliberantedeazul.gob.ar\\\/index.php\\\/2024\\\/01\\\/10\\\/la-comision-de-salud-recibio-a-vecinos-que-solicitan-que-azul-sea-zona-libre-de-5g\\\/\"},\"wordCount\":209,\"commentCount\":0,\"image\":{\"@id\":\"https:\\\/\\\/concejodeliberantedeazul.gob.ar\\\/index.php\\\/2024\\\/01\\\/10\\\/la-comision-de-salud-recibio-a-vecinos-que-solicitan-que-azul-sea-zona-libre-de-5g\\\/#primaryimage\"},\"thumbnailUrl\":\"http:\\\/\\\/concejodeliberantedeazul.gob.ar\\\/wp-content\\\/uploads\\\/2024\\\/01\\\/10-01-2024-Reunion-Salud-scaled.jpg\",\"articleSection\":[\"Noticias\"],\"inLanguage\":\"es-AR\",\"potentialAction\":[{\"@type\":\"CommentAction\",\"name\":\"Comment\",\"target\":[\"https:\\\/\\\/concejodeliberantedeazul.gob.ar\\\/index.php\\\/2024\\\/01\\\/10\\\/la-comision-de-salud-recibio-a-vecinos-que-solicitan-que-azul-sea-zona-libre-de-5g\\\/#respond\"]}]},{\"@type\":\"WebPage\",\"@id\":\"https:\\\/\\\/concejodeliberantedeazul.gob.ar\\\/index.php\\\/2024\\\/01\\\/10\\\/la-comision-de-salud-recibio-a-vecinos-que-solicitan-que-azul-sea-zona-libre-de-5g\\\/\",\"url\":\"https:\\\/\\\/concejodeliberantedeazul.gob.ar\\\/index.php\\\/2024\\\/01\\\/10\\\/la-comision-de-salud-recibio-a-vecinos-que-solicitan-que-azul-sea-zona-libre-de-5g\\\/\",\"name\":\"La Comisi\u00f3n de Salud recibi\u00f3 a vecinos que solicitan que Azul sea zona libre de 5G - Concejo deliberante de Azul\",\"isPartOf\":{\"@id\":\"http:\\\/\\\/concejodeliberantedeazul.gob.ar\\\/#website\"},\"primaryImageOfPage\":{\"@id\":\"https:\\\/\\\/concejodeliberantedeazul.gob.ar\\\/index.php\\\/2024\\\/01\\\/10\\\/la-comision-de-salud-recibio-a-vecinos-que-solicitan-que-azul-sea-zona-libre-de-5g\\\/#primaryimage\"},\"image\":{\"@id\":\"https:\\\/\\\/concejodeliberantedeazul.gob.ar\\\/index.php\\\/2024\\\/01\\\/10\\\/la-comision-de-salud-recibio-a-vecinos-que-solicitan-que-azul-sea-zona-libre-de-5g\\\/#primaryimage\"},\"thumbnailUrl\":\"http:\\\/\\\/concejodeliberantedeazul.gob.ar\\\/wp-content\\\/uploads\\\/2024\\\/01\\\/10-01-2024-Reunion-Salud-scaled.jpg\",\"datePublished\":\"2024-01-10T15:44:43+00:00\",\"dateModified\":\"2024-01-10T15:44:44+00:00\",\"author\":{\"@id\":\"http:\\\/\\\/concejodeliberantedeazul.gob.ar\\\/#\\\/schema\\\/person\\\/65fd6514aee7c29f008fc53b206198fe\"},\"breadcrumb\":{\"@id\":\"https:\\\/\\\/concejodeliberantedeazul.gob.ar\\\/index.php\\\/2024\\\/01\\\/10\\\/la-comision-de-salud-recibio-a-vecinos-que-solicitan-que-azul-sea-zona-libre-de-5g\\\/#breadcrumb\"},\"inLanguage\":\"es-AR\",\"potentialAction\":[{\"@type\":\"ReadAction\",\"target\":[\"https:\\\/\\\/concejodeliberantedeazul.gob.ar\\\/index.php\\\/2024\\\/01\\\/10\\\/la-comision-de-salud-recibio-a-vecinos-que-solicitan-que-azul-sea-zona-libre-de-5g\\\/\"]}]},{\"@type\":\"ImageObject\",\"inLanguage\":\"es-AR\",\"@id\":\"https:\\\/\\\/concejodeliberantedeazul.gob.ar\\\/index.php\\\/2024\\\/01\\\/10\\\/la-comision-de-salud-recibio-a-vecinos-que-solicitan-que-azul-sea-zona-libre-de-5g\\\/#primaryimage\",\"url\":\"http:\\\/\\\/concejodeliberantedeazul.gob.ar\\\/wp-content\\\/uploads\\\/2024\\\/01\\\/10-01-2024-Reunion-Salud-scaled.jpg\",\"contentUrl\":\"http:\\\/\\\/concejodeliberantedeazul.gob.ar\\\/wp-content\\\/uploads\\\/2024\\\/01\\\/10-01-2024-Reunion-Salud-scaled.jpg\",\"width\":2560,\"height\":1928},{\"@type\":\"BreadcrumbList\",\"@id\":\"https:\\\/\\\/concejodeliberantedeazul.gob.ar\\\/index.php\\\/2024\\\/01\\\/10\\\/la-comision-de-salud-recibio-a-vecinos-que-solicitan-que-azul-sea-zona-libre-de-5g\\\/#breadcrumb\",\"itemListElement\":[{\"@type\":\"ListItem\",\"position\":1,\"name\":\"Inicio\",\"item\":\"https:\\\/\\\/concejodeliberantedeazul.gob.ar\\\/\"},{\"@type\":\"ListItem\",\"position\":2,\"name\":\"La Comisi\u00f3n de Salud recibi\u00f3 a vecinos que solicitan que Azul sea zona libre de 5G\"}]},{\"@type\":\"WebSite\",\"@id\":\"http:\\\/\\\/concejodeliberantedeazul.gob.ar\\\/#website\",\"url\":\"http:\\\/\\\/concejodeliberantedeazul.gob.ar\\\/\",\"name\":\"Concejo deliberante de Azul\",\"description\":\"Sitio Web Oficial del Concejo Deliberante de Azul, Prov. de Buenos Aires - Conformado por 18 concejales de todo el partido.\",\"potentialAction\":[{\"@type\":\"SearchAction\",\"target\":{\"@type\":\"EntryPoint\",\"urlTemplate\":\"http:\\\/\\\/concejodeliberantedeazul.gob.ar\\\/?s={search_term_string}\"},\"query-input\":{\"@type\":\"PropertyValueSpecification\",\"valueRequired\":true,\"valueName\":\"search_term_string\"}}],\"inLanguage\":\"es-AR\"},{\"@type\":\"Person\",\"@id\":\"http:\\\/\\\/concejodeliberantedeazul.gob.ar\\\/#\\\/schema\\\/person\\\/65fd6514aee7c29f008fc53b206198fe\",\"name\":\"Concejo Deliberante Azul\",\"image\":{\"@type\":\"ImageObject\",\"inLanguage\":\"es-AR\",\"@id\":\"https:\\\/\\\/secure.gravatar.com\\\/avatar\\\/30d9ae907861b897be87a25469982f0cfbce09947e0998bf7d9d0ecab450fb85?s=96&d=mm&r=g\",\"url\":\"https:\\\/\\\/secure.gravatar.com\\\/avatar\\\/30d9ae907861b897be87a25469982f0cfbce09947e0998bf7d9d0ecab450fb85?s=96&d=mm&r=g\",\"contentUrl\":\"https:\\\/\\\/secure.gravatar.com\\\/avatar\\\/30d9ae907861b897be87a25469982f0cfbce09947e0998bf7d9d0ecab450fb85?s=96&d=mm&r=g\",\"caption\":\"Concejo Deliberante Azul\"},\"url\":\"http:\\\/\\\/concejodeliberantedeazul.gob.ar\\\/index.php\\\/author\\\/concejo\\\/\"}]}<\/script>\n<!-- \/ Yoast SEO plugin. -->","yoast_head_json":{"title":"La Comisi\u00f3n de Salud recibi\u00f3 a vecinos que solicitan que Azul sea zona libre de 5G - Concejo deliberante de Azul","robots":{"index":"index","follow":"follow","max-snippet":"max-snippet:-1","max-image-preview":"max-image-preview:large","max-video-preview":"max-video-preview:-1"},"canonical":"https:\/\/concejodeliberantedeazul.gob.ar\/index.php\/2024\/01\/10\/la-comision-de-salud-recibio-a-vecinos-que-solicitan-que-azul-sea-zona-libre-de-5g\/","og_locale":"es_ES","og_type":"article","og_title":"La Comisi\u00f3n de Salud recibi\u00f3 a vecinos que solicitan que Azul sea zona libre de 5G - Concejo deliberante de Azul","og_description":"En el recinto del Concejo Deliberante, la Comisi\u00f3n de Salud y Medio Ambiente recibi\u00f3 a un grupo de vecinos que presentaron un anteproyecto de Ordenanza que propone la creaci\u00f3n de una zona libre de 5G para nuestra localidad. Los mismos fueron recibidos por las Concejalas Pilar \u00c1lvarez, Gisela Arbiza, Gisella Hiriart y Andrea Barcel\u00f3. Durante [&hellip;]","og_url":"https:\/\/concejodeliberantedeazul.gob.ar\/index.php\/2024\/01\/10\/la-comision-de-salud-recibio-a-vecinos-que-solicitan-que-azul-sea-zona-libre-de-5g\/","og_site_name":"Concejo deliberante de Azul","article_published_time":"2024-01-10T15:44:43+00:00","article_modified_time":"2024-01-10T15:44:44+00:00","og_image":[{"width":2560,"height":1928,"url":"http:\/\/concejodeliberantedeazul.gob.ar\/wp-content\/uploads\/2024\/01\/10-01-2024-Reunion-Salud-scaled.jpg","type":"image\/jpeg"}],"author":"Concejo Deliberante Azul","twitter_card":"summary_large_image","twitter_misc":{"Escrito por":"Concejo Deliberante Azul","Tiempo de lectura":"2 minutos"},"schema":{"@context":"https:\/\/schema.org","@graph":[{"@type":"Article","@id":"https:\/\/concejodeliberantedeazul.gob.ar\/index.php\/2024\/01\/10\/la-comision-de-salud-recibio-a-vecinos-que-solicitan-que-azul-sea-zona-libre-de-5g\/#article","isPartOf":{"@id":"https:\/\/concejodeliberantedeazul.gob.ar\/index.php\/2024\/01\/10\/la-comision-de-salud-recibio-a-vecinos-que-solicitan-que-azul-sea-zona-libre-de-5g\/"},"author":{"name":"Concejo Deliberante Azul","@id":"http:\/\/concejodeliberantedeazul.gob.ar\/#\/schema\/person\/65fd6514aee7c29f008fc53b206198fe"},"headline":"La Comisi\u00f3n de Salud recibi\u00f3 a vecinos que solicitan que Azul sea zona libre de 5G","datePublished":"2024-01-10T15:44:43+00:00","dateModified":"2024-01-10T15:44:44+00:00","mainEntityOfPage":{"@id":"https:\/\/concejodeliberantedeazul.gob.ar\/index.php\/2024\/01\/10\/la-comision-de-salud-recibio-a-vecinos-que-solicitan-que-azul-sea-zona-libre-de-5g\/"},"wordCount":209,"commentCount":0,"image":{"@id":"https:\/\/concejodeliberantedeazul.gob.ar\/index.php\/2024\/01\/10\/la-comision-de-salud-recibio-a-vecinos-que-solicitan-que-azul-sea-zona-libre-de-5g\/#primaryimage"},"thumbnailUrl":"http:\/\/concejodeliberantedeazul.gob.ar\/wp-content\/uploads\/2024\/01\/10-01-2024-Reunion-Salud-scaled.jpg","articleSection":["Noticias"],"inLanguage":"es-AR","potentialAction":[{"@type":"CommentAction","name":"Comment","target":["https:\/\/concejodeliberantedeazul.gob.ar\/index.php\/2024\/01\/10\/la-comision-de-salud-recibio-a-vecinos-que-solicitan-que-azul-sea-zona-libre-de-5g\/#respond"]}]},{"@type":"WebPage","@id":"https:\/\/concejodeliberantedeazul.gob.ar\/index.php\/2024\/01\/10\/la-comision-de-salud-recibio-a-vecinos-que-solicitan-que-azul-sea-zona-libre-de-5g\/","url":"https:\/\/concejodeliberantedeazul.gob.ar\/index.php\/2024\/01\/10\/la-comision-de-salud-recibio-a-vecinos-que-solicitan-que-azul-sea-zona-libre-de-5g\/","name":"La Comisi\u00f3n de Salud recibi\u00f3 a vecinos que solicitan que Azul sea zona libre de 5G - Concejo deliberante de Azul","isPartOf":{"@id":"http:\/\/concejodeliberantedeazul.gob.ar\/#website"},"primaryImageOfPage":{"@id":"https:\/\/concejodeliberantedeazul.gob.ar\/index.php\/2024\/01\/10\/la-comision-de-salud-recibio-a-vecinos-que-solicitan-que-azul-sea-zona-libre-de-5g\/#primaryimage"},"image":{"@id":"https:\/\/concejodeliberantedeazul.gob.ar\/index.php\/2024\/01\/10\/la-comision-de-salud-recibio-a-vecinos-que-solicitan-que-azul-sea-zona-libre-de-5g\/#primaryimage"},"thumbnailUrl":"http:\/\/concejodeliberantedeazul.gob.ar\/wp-content\/uploads\/2024\/01\/10-01-2024-Reunion-Salud-scaled.jpg","datePublished":"2024-01-10T15:44:43+00:00","dateModified":"2024-01-10T15:44:44+00:00","author":{"@id":"http:\/\/concejodeliberantedeazul.gob.ar\/#\/schema\/person\/65fd6514aee7c29f008fc53b206198fe"},"breadcrumb":{"@id":"https:\/\/concejodeliberantedeazul.gob.ar\/index.php\/2024\/01\/10\/la-comision-de-salud-recibio-a-vecinos-que-solicitan-que-azul-sea-zona-libre-de-5g\/#breadcrumb"},"inLanguage":"es-AR","potentialAction":[{"@type":"ReadAction","target":["https:\/\/concejodeliberantedeazul.gob.ar\/index.php\/2024\/01\/10\/la-comision-de-salud-recibio-a-vecinos-que-solicitan-que-azul-sea-zona-libre-de-5g\/"]}]},{"@type":"ImageObject","inLanguage":"es-AR","@id":"https:\/\/concejodeliberantedeazul.gob.ar\/index.php\/2024\/01\/10\/la-comision-de-salud-recibio-a-vecinos-que-solicitan-que-azul-sea-zona-libre-de-5g\/#primaryimage","url":"http:\/\/concejodeliberantedeazul.gob.ar\/wp-content\/uploads\/2024\/01\/10-01-2024-Reunion-Salud-scaled.jpg","contentUrl":"http:\/\/concejodeliberantedeazul.gob.ar\/wp-content\/uploads\/2024\/01\/10-01-2024-Reunion-Salud-scaled.jpg","width":2560,"height":1928},{"@type":"BreadcrumbList","@id":"https:\/\/concejodeliberantedeazul.gob.ar\/index.php\/2024\/01\/10\/la-comision-de-salud-recibio-a-vecinos-que-solicitan-que-azul-sea-zona-libre-de-5g\/#breadcrumb","itemListElement":[{"@type":"ListItem","position":1,"name":"Inicio","item":"https:\/\/concejodeliberantedeazul.gob.ar\/"},{"@type":"ListItem","position":2,"name":"La Comisi\u00f3n de Salud recibi\u00f3 a vecinos que solicitan que Azul sea zona libre de 5G"}]},{"@type":"WebSite","@id":"http:\/\/concejodeliberantedeazul.gob.ar\/#website","url":"http:\/\/concejodeliberantedeazul.gob.ar\/","name":"Concejo deliberante de Azul","description":"Sitio Web Oficial del Concejo Deliberante de Azul, Prov. de Buenos Aires - Conformado por 18 concejales de todo el partido.","potentialAction":[{"@type":"SearchAction","target":{"@type":"EntryPoint","urlTemplate":"http:\/\/concejodeliberantedeazul.gob.ar\/?s={search_term_string}"},"query-input":{"@type":"PropertyValueSpecification","valueRequired":true,"valueName":"search_term_string"}}],"inLanguage":"es-AR"},{"@type":"Person","@id":"http:\/\/concejodeliberantedeazul.gob.ar\/#\/schema\/person\/65fd6514aee7c29f008fc53b206198fe","name":"Concejo Deliberante Azul","image":{"@type":"ImageObject","inLanguage":"es-AR","@id":"https:\/\/secure.gravatar.com\/avatar\/30d9ae907861b897be87a25469982f0cfbce09947e0998bf7d9d0ecab450fb85?s=96&d=mm&r=g","url":"https:\/\/secure.gravatar.com\/avatar\/30d9ae907861b897be87a25469982f0cfbce09947e0998bf7d9d0ecab450fb85?s=96&d=mm&r=g","contentUrl":"https:\/\/secure.gravatar.com\/avatar\/30d9ae907861b897be87a25469982f0cfbce09947e0998bf7d9d0ecab450fb85?s=96&d=mm&r=g","caption":"Concejo Deliberante Azul"},"url":"http:\/\/concejodeliberantedeazul.gob.ar\/index.php\/author\/concejo\/"}]}},"amp_enabled":true,"_links":{"self":[{"href":"http:\/\/concejodeliberantedeazul.gob.ar\/index.php\/wp-json\/wp\/v2\/posts\/2682","targetHints":{"allow":["GET"]}}],"collection":[{"href":"http:\/\/concejodeliberantedeazul.gob.ar\/index.php\/wp-json\/wp\/v2\/posts"}],"about":[{"href":"http:\/\/concejodeliberantedeazul.gob.ar\/index.php\/wp-json\/wp\/v2\/types\/post"}],"author":[{"embeddable":true,"href":"http:\/\/concejodeliberantedeazul.gob.ar\/index.php\/wp-json\/wp\/v2\/users\/2"}],"replies":[{"embeddable":true,"href":"http:\/\/concejodeliberantedeazul.gob.ar\/index.php\/wp-json\/wp\/v2\/comments?post=2682"}],"version-history":[{"count":1,"href":"http:\/\/concejodeliberantedeazul.gob.ar\/index.php\/wp-json\/wp\/v2\/posts\/2682\/revisions"}],"predecessor-version":[{"id":2684,"href":"http:\/\/concejodeliberantedeazul.gob.ar\/index.php\/wp-json\/wp\/v2\/posts\/2682\/revisions\/2684"}],"wp:featuredmedia":[{"embeddable":true,"href":"http:\/\/concejodeliberantedeazul.gob.ar\/index.php\/wp-json\/wp\/v2\/media\/2683"}],"wp:attachment":[{"href":"http:\/\/concejodeliberantedeazul.gob.ar\/index.php\/wp-json\/wp\/v2\/media?parent=2682"}],"wp:term":[{"taxonomy":"category","embeddable":true,"href":"http:\/\/concejodeliberantedeazul.gob.ar\/index.php\/wp-json\/wp\/v2\/categories?post=2682"},{"taxonomy":"post_tag","embeddable":true,"href":"http:\/\/concejodeliberantedeazul.gob.ar\/index.php\/wp-json\/wp\/v2\/tags?post=2682"}],"curies":[{"name":"wp","href":"https:\/\/api.w.org\/{rel}","templated":true}]}}