{"id":2673,"date":"2024-01-05T13:40:33","date_gmt":"2024-01-05T16:40:33","guid":{"rendered":"http:\/\/concejodeliberantedeazul.gob.ar\/?p=2673"},"modified":"2024-01-05T13:40:40","modified_gmt":"2024-01-05T16:40:40","slug":"sesiones-extraordinarias","status":"publish","type":"post","link":"http:\/\/concejodeliberantedeazul.gob.ar\/index.php\/2024\/01\/05\/sesiones-extraordinarias\/","title":{"rendered":"Sesiones Extraordinarias"},"content":{"rendered":"\n<p>Se llevaron a cabo, en el recinto del Concejo Deliberante, dos Sesiones Extraordinarias convocadas bajo Resoluciones 4.899 y 4.900 con el objetivo de dar tratamiento a dos \u00d3rdenes del D\u00eda compuestos por 5 puntos a los que se incorporaron notas recibidas de instituciones y vecinos.<\/p>\n\n\n\n<p><strong>Expedientes elevados por el Intendente Municipal:<\/strong><\/p>\n\n\n\n<p>-Eleva actuaciones iniciadas por la Direcci\u00f3n de Transporte municipal, con proyecto de Ordenanza que modifica la Ordenanza N\u00b0 3.857\/16 relacionada con los pliegos de bases y condiciones para la prestaci\u00f3n del servicio de autotransporte p\u00fablico urbano de pasajeros de Azul, con informe conjunto de las Comisiones de Obras P\u00fablicas, Vialidad y Transporte; de Presupuesto y Hacienda y de Interpretaci\u00f3n, Legislaci\u00f3n y Seguridad P\u00fablica. La Ordenanza se aprob\u00f3 por mayor\u00eda.<\/p>\n\n\n\n<p>-Eleva actuaciones iniciadas por Transportes \u201cLa Uni\u00f3n SRL\u201d, con proyecto de Ordenanza que autoriza el nuevo cuadro tarifario a aplicar por el servicio de transporte p\u00fablico de pasajeros, con informe conjunto de las Comisiones de Obras P\u00fablicas, Vialidad y Transporte; de Presupuesto y Hacienda y de Interpretaci\u00f3n, Legislaci\u00f3n y Seguridad P\u00fablica. La Ordenanza se aprob\u00f3 por unanimidad.<\/p>\n\n\n\n<p>-Respuesta del Departamento Ejecutivo a la Comunicaci\u00f3n 2.709\/2023que solicita al Departamento Ejecutivo que realice las gestiones pertinentes para que vuelva a funcionar el servicio de Tomograf\u00eda en el hospital municipal \u201cDr. \u00c1ngel Pintos\u201d. La Respuesta qued\u00f3 por Presidencia.<\/p>\n\n\n\n<p>-Respuesta del Departamento Ejecutivo a la Comunicaci\u00f3n 2.710\/2023 que solicita al Departamento Ejecutivo informe sobre el estado de situaci\u00f3n de la Municipalidad de Azul al momento del traspaso de mando. La respuesta qued\u00f3 por Presidencia.<\/p>\n\n\n\n<p>Ambas respuestas fueron le\u00eddas por Secretaria.<\/p>\n\n\n\n<p><strong>(CUARTO INTERMEDIO)<\/strong><\/p>\n\n\n\n<ul class=\"wp-block-list\">\n<li>Concejales del partido de Azul elevaron proyecto de Resoluci\u00f3n referido a repudiar en\u00e9rgicamente y expresar preocupaci\u00f3n por las manifestaciones de reivindicaci\u00f3n a las metodolog\u00edas utilizadas por los genocidas durante la \u00faltima dictadura c\u00edvico-militar, realizadas por el concejal Sa\u00fal Lucero. La Resoluci\u00f3n se aprob\u00f3 por mayor\u00eda.<\/li>\n\n\n\n<li>Bloque Uni\u00f3n por la Patria Azul elev\u00f3 proyecto de Resoluci\u00f3n referido a expresar la profunda preocupaci\u00f3n por las medidas promovidas por el presidente de la Naci\u00f3n, Javier Milei, sus actitudes antidemocr\u00e1ticas y la vulneraci\u00f3n de los derechos mediante la sanci\u00f3n del DNU 70\/23 y el proyecto de Ley \u00d3mnibus. La Resoluci\u00f3n fue aprobada por mayor\u00eda.<\/li>\n<\/ul>\n\n\n\n<p><strong>Notas recibidas:<\/strong><\/p>\n\n\n\n<p>-Instituciones Comunitarias de Azul elevaron nota solicitando el repudio del Cuerpo a las expresiones vertidas por el concejal Sa\u00fal Lucero en redes sociales. La nota fue le\u00edda por Secretaria y adjuntada a la Resoluci\u00f3n que trataba la tem\u00e1tica.<\/p>\n\n\n\n<p>-Asamblea Abierta Vecinal elev\u00f3 nota manifestando el rechazo a las medidas adoptadas por el presidente Javier Milei, en el DNU 70\/2023 y la llamada Ley \u00d3mnibus. La nota fue le\u00edda por Secretaria y adjuntada a la Resoluci\u00f3n que trataba la tem\u00e1tica.<\/p>\n\n\n\n<p><strong>Resoluciones de otros Concejos<\/strong><\/p>\n\n\n\n<p>-Resoluci\u00f3n N\u00ba 198\/2023. H.C.D. Coronel Rosales.Mediante la cual se manifiesta el rechazo a toda iniciativa que busque eliminar y\/o limitar el r\u00e9gimen de ampliaci\u00f3n de ZONA FRIA, el cual incluye al distrito de Coronel de Marina Leonardo Rosales y la ratificaci\u00f3n de las disposiciones de la Ley 27.637 en su actual redacci\u00f3n. La Resoluci\u00f3n qued\u00f3 por Presidencia.<\/p>\n\n\n\n<p>-Resoluci\u00f3n N\u00ba 61\/2023. H.C.D. Luj\u00e1n.Mediante la cual se manifiesta el rechazo al Decreto Presidencial N\u00b0 70\/2023, por considerar que constituye un claro avasallamiento al orden democr\u00e1tico y a la divisi\u00f3n de poderes. La Resoluci\u00f3n qued\u00f3 por Presidencia.<\/p>\n\n\n\n<p>-Resoluci\u00f3n N\u00ba 1259\/2023. H.C.D. San Vicente.Mediante la cual se manifiesta el rechazo a la \u201cLey de Bases y Puntos de Partida para La Libertad de los Argentinos\u201d, conocida como Ley \u00d3mnibus. La Resoluci\u00f3n qued\u00f3 por Presidencia.<\/p>\n\n\n\n<p>-Resoluci\u00f3n N\u00ba 1260\/2023. H.C.D. San Vicente.Mediante la cual se manifiesta el rechazo al Decreto de Necesidad y Urgencia 70\/2023 presentado por el presidente Javier Milei. La Resoluci\u00f3n qued\u00f3 por Presidencia.<\/p>\n","protected":false},"excerpt":{"rendered":"<p>Se llevaron a cabo, en el recinto del Concejo Deliberante, dos Sesiones Extraordinarias convocadas bajo Resoluciones 4.899 y 4.900 con el objetivo de dar tratamiento a dos \u00d3rdenes del D\u00eda compuestos por 5 puntos a los que se incorporaron notas recibidas de instituciones y vecinos. Expedientes elevados por el Intendente Municipal: -Eleva actuaciones iniciadas por [&hellip;]<\/p>\n","protected":false},"author":2,"featured_media":2674,"comment_status":"open","ping_status":"open","sticky":false,"template":"","format":"standard","meta":{"tdm_status":"","tdm_grid_status":"","footnotes":""},"categories":[7],"tags":[],"class_list":{"0":"post-2673","1":"post","2":"type-post","3":"status-publish","4":"format-standard","5":"has-post-thumbnail","7":"category-noticias"},"yoast_head":"<!-- This site is optimized with the Yoast SEO plugin v27.3 - https:\/\/yoast.com\/product\/yoast-seo-wordpress\/ -->\n<title>Sesiones Extraordinarias - Concejo deliberante de Azul<\/title>\n<meta name=\"robots\" content=\"index, follow, max-snippet:-1, max-image-preview:large, max-video-preview:-1\" \/>\n<link rel=\"canonical\" href=\"https:\/\/concejodeliberantedeazul.gob.ar\/index.php\/2024\/01\/05\/sesiones-extraordinarias\/\" \/>\n<meta property=\"og:locale\" content=\"es_ES\" \/>\n<meta property=\"og:type\" content=\"article\" \/>\n<meta property=\"og:title\" content=\"Sesiones Extraordinarias - Concejo deliberante de Azul\" \/>\n<meta property=\"og:description\" content=\"Se llevaron a cabo, en el recinto del Concejo Deliberante, dos Sesiones Extraordinarias convocadas bajo Resoluciones 4.899 y 4.900 con el objetivo de dar tratamiento a dos \u00d3rdenes del D\u00eda compuestos por 5 puntos a los que se incorporaron notas recibidas de instituciones y vecinos. Expedientes elevados por el Intendente Municipal: -Eleva actuaciones iniciadas por [&hellip;]\" \/>\n<meta property=\"og:url\" content=\"https:\/\/concejodeliberantedeazul.gob.ar\/index.php\/2024\/01\/05\/sesiones-extraordinarias\/\" \/>\n<meta property=\"og:site_name\" content=\"Concejo deliberante de Azul\" \/>\n<meta property=\"article:published_time\" content=\"2024-01-05T16:40:33+00:00\" \/>\n<meta property=\"article:modified_time\" content=\"2024-01-05T16:40:40+00:00\" \/>\n<meta property=\"og:image\" content=\"https:\/\/concejodeliberantedeazul.gob.ar\/wp-content\/uploads\/2024\/01\/05-01-2023-Sesiones-Extraordinarias-scaled.jpg\" \/>\n\t<meta property=\"og:image:width\" content=\"2560\" \/>\n\t<meta property=\"og:image:height\" content=\"1603\" \/>\n\t<meta property=\"og:image:type\" content=\"image\/jpeg\" \/>\n<meta name=\"author\" content=\"Concejo Deliberante Azul\" \/>\n<meta name=\"twitter:card\" content=\"summary_large_image\" \/>\n<meta name=\"twitter:label1\" content=\"Escrito por\" \/>\n\t<meta name=\"twitter:data1\" content=\"Concejo Deliberante Azul\" \/>\n\t<meta name=\"twitter:label2\" content=\"Tiempo de lectura\" \/>\n\t<meta name=\"twitter:data2\" content=\"3 minutos\" \/>\n<script type=\"application\/ld+json\" class=\"yoast-schema-graph\">{\"@context\":\"https:\\\/\\\/schema.org\",\"@graph\":[{\"@type\":\"Article\",\"@id\":\"https:\\\/\\\/concejodeliberantedeazul.gob.ar\\\/index.php\\\/2024\\\/01\\\/05\\\/sesiones-extraordinarias\\\/#article\",\"isPartOf\":{\"@id\":\"https:\\\/\\\/concejodeliberantedeazul.gob.ar\\\/index.php\\\/2024\\\/01\\\/05\\\/sesiones-extraordinarias\\\/\"},\"author\":{\"name\":\"Concejo Deliberante Azul\",\"@id\":\"http:\\\/\\\/concejodeliberantedeazul.gob.ar\\\/#\\\/schema\\\/person\\\/65fd6514aee7c29f008fc53b206198fe\"},\"headline\":\"Sesiones Extraordinarias\",\"datePublished\":\"2024-01-05T16:40:33+00:00\",\"dateModified\":\"2024-01-05T16:40:40+00:00\",\"mainEntityOfPage\":{\"@id\":\"https:\\\/\\\/concejodeliberantedeazul.gob.ar\\\/index.php\\\/2024\\\/01\\\/05\\\/sesiones-extraordinarias\\\/\"},\"wordCount\":664,\"commentCount\":0,\"image\":{\"@id\":\"https:\\\/\\\/concejodeliberantedeazul.gob.ar\\\/index.php\\\/2024\\\/01\\\/05\\\/sesiones-extraordinarias\\\/#primaryimage\"},\"thumbnailUrl\":\"http:\\\/\\\/concejodeliberantedeazul.gob.ar\\\/wp-content\\\/uploads\\\/2024\\\/01\\\/05-01-2023-Sesiones-Extraordinarias-scaled.jpg\",\"articleSection\":[\"Noticias\"],\"inLanguage\":\"es-AR\",\"potentialAction\":[{\"@type\":\"CommentAction\",\"name\":\"Comment\",\"target\":[\"https:\\\/\\\/concejodeliberantedeazul.gob.ar\\\/index.php\\\/2024\\\/01\\\/05\\\/sesiones-extraordinarias\\\/#respond\"]}]},{\"@type\":\"WebPage\",\"@id\":\"https:\\\/\\\/concejodeliberantedeazul.gob.ar\\\/index.php\\\/2024\\\/01\\\/05\\\/sesiones-extraordinarias\\\/\",\"url\":\"https:\\\/\\\/concejodeliberantedeazul.gob.ar\\\/index.php\\\/2024\\\/01\\\/05\\\/sesiones-extraordinarias\\\/\",\"name\":\"Sesiones Extraordinarias - Concejo deliberante de Azul\",\"isPartOf\":{\"@id\":\"http:\\\/\\\/concejodeliberantedeazul.gob.ar\\\/#website\"},\"primaryImageOfPage\":{\"@id\":\"https:\\\/\\\/concejodeliberantedeazul.gob.ar\\\/index.php\\\/2024\\\/01\\\/05\\\/sesiones-extraordinarias\\\/#primaryimage\"},\"image\":{\"@id\":\"https:\\\/\\\/concejodeliberantedeazul.gob.ar\\\/index.php\\\/2024\\\/01\\\/05\\\/sesiones-extraordinarias\\\/#primaryimage\"},\"thumbnailUrl\":\"http:\\\/\\\/concejodeliberantedeazul.gob.ar\\\/wp-content\\\/uploads\\\/2024\\\/01\\\/05-01-2023-Sesiones-Extraordinarias-scaled.jpg\",\"datePublished\":\"2024-01-05T16:40:33+00:00\",\"dateModified\":\"2024-01-05T16:40:40+00:00\",\"author\":{\"@id\":\"http:\\\/\\\/concejodeliberantedeazul.gob.ar\\\/#\\\/schema\\\/person\\\/65fd6514aee7c29f008fc53b206198fe\"},\"breadcrumb\":{\"@id\":\"https:\\\/\\\/concejodeliberantedeazul.gob.ar\\\/index.php\\\/2024\\\/01\\\/05\\\/sesiones-extraordinarias\\\/#breadcrumb\"},\"inLanguage\":\"es-AR\",\"potentialAction\":[{\"@type\":\"ReadAction\",\"target\":[\"https:\\\/\\\/concejodeliberantedeazul.gob.ar\\\/index.php\\\/2024\\\/01\\\/05\\\/sesiones-extraordinarias\\\/\"]}]},{\"@type\":\"ImageObject\",\"inLanguage\":\"es-AR\",\"@id\":\"https:\\\/\\\/concejodeliberantedeazul.gob.ar\\\/index.php\\\/2024\\\/01\\\/05\\\/sesiones-extraordinarias\\\/#primaryimage\",\"url\":\"http:\\\/\\\/concejodeliberantedeazul.gob.ar\\\/wp-content\\\/uploads\\\/2024\\\/01\\\/05-01-2023-Sesiones-Extraordinarias-scaled.jpg\",\"contentUrl\":\"http:\\\/\\\/concejodeliberantedeazul.gob.ar\\\/wp-content\\\/uploads\\\/2024\\\/01\\\/05-01-2023-Sesiones-Extraordinarias-scaled.jpg\",\"width\":2560,\"height\":1603},{\"@type\":\"BreadcrumbList\",\"@id\":\"https:\\\/\\\/concejodeliberantedeazul.gob.ar\\\/index.php\\\/2024\\\/01\\\/05\\\/sesiones-extraordinarias\\\/#breadcrumb\",\"itemListElement\":[{\"@type\":\"ListItem\",\"position\":1,\"name\":\"Inicio\",\"item\":\"https:\\\/\\\/concejodeliberantedeazul.gob.ar\\\/\"},{\"@type\":\"ListItem\",\"position\":2,\"name\":\"Sesiones Extraordinarias\"}]},{\"@type\":\"WebSite\",\"@id\":\"http:\\\/\\\/concejodeliberantedeazul.gob.ar\\\/#website\",\"url\":\"http:\\\/\\\/concejodeliberantedeazul.gob.ar\\\/\",\"name\":\"Concejo deliberante de Azul\",\"description\":\"Sitio Web Oficial del Concejo Deliberante de Azul, Prov. de Buenos Aires - Conformado por 18 concejales de todo el partido.\",\"potentialAction\":[{\"@type\":\"SearchAction\",\"target\":{\"@type\":\"EntryPoint\",\"urlTemplate\":\"http:\\\/\\\/concejodeliberantedeazul.gob.ar\\\/?s={search_term_string}\"},\"query-input\":{\"@type\":\"PropertyValueSpecification\",\"valueRequired\":true,\"valueName\":\"search_term_string\"}}],\"inLanguage\":\"es-AR\"},{\"@type\":\"Person\",\"@id\":\"http:\\\/\\\/concejodeliberantedeazul.gob.ar\\\/#\\\/schema\\\/person\\\/65fd6514aee7c29f008fc53b206198fe\",\"name\":\"Concejo Deliberante Azul\",\"image\":{\"@type\":\"ImageObject\",\"inLanguage\":\"es-AR\",\"@id\":\"https:\\\/\\\/secure.gravatar.com\\\/avatar\\\/30d9ae907861b897be87a25469982f0cfbce09947e0998bf7d9d0ecab450fb85?s=96&d=mm&r=g\",\"url\":\"https:\\\/\\\/secure.gravatar.com\\\/avatar\\\/30d9ae907861b897be87a25469982f0cfbce09947e0998bf7d9d0ecab450fb85?s=96&d=mm&r=g\",\"contentUrl\":\"https:\\\/\\\/secure.gravatar.com\\\/avatar\\\/30d9ae907861b897be87a25469982f0cfbce09947e0998bf7d9d0ecab450fb85?s=96&d=mm&r=g\",\"caption\":\"Concejo Deliberante Azul\"},\"url\":\"http:\\\/\\\/concejodeliberantedeazul.gob.ar\\\/index.php\\\/author\\\/concejo\\\/\"}]}<\/script>\n<!-- \/ Yoast SEO plugin. -->","yoast_head_json":{"title":"Sesiones Extraordinarias - Concejo deliberante de Azul","robots":{"index":"index","follow":"follow","max-snippet":"max-snippet:-1","max-image-preview":"max-image-preview:large","max-video-preview":"max-video-preview:-1"},"canonical":"https:\/\/concejodeliberantedeazul.gob.ar\/index.php\/2024\/01\/05\/sesiones-extraordinarias\/","og_locale":"es_ES","og_type":"article","og_title":"Sesiones Extraordinarias - Concejo deliberante de Azul","og_description":"Se llevaron a cabo, en el recinto del Concejo Deliberante, dos Sesiones Extraordinarias convocadas bajo Resoluciones 4.899 y 4.900 con el objetivo de dar tratamiento a dos \u00d3rdenes del D\u00eda compuestos por 5 puntos a los que se incorporaron notas recibidas de instituciones y vecinos. Expedientes elevados por el Intendente Municipal: -Eleva actuaciones iniciadas por [&hellip;]","og_url":"https:\/\/concejodeliberantedeazul.gob.ar\/index.php\/2024\/01\/05\/sesiones-extraordinarias\/","og_site_name":"Concejo deliberante de Azul","article_published_time":"2024-01-05T16:40:33+00:00","article_modified_time":"2024-01-05T16:40:40+00:00","og_image":[{"width":2560,"height":1603,"url":"https:\/\/concejodeliberantedeazul.gob.ar\/wp-content\/uploads\/2024\/01\/05-01-2023-Sesiones-Extraordinarias-scaled.jpg","type":"image\/jpeg"}],"author":"Concejo Deliberante Azul","twitter_card":"summary_large_image","twitter_misc":{"Escrito por":"Concejo Deliberante Azul","Tiempo de lectura":"3 minutos"},"schema":{"@context":"https:\/\/schema.org","@graph":[{"@type":"Article","@id":"https:\/\/concejodeliberantedeazul.gob.ar\/index.php\/2024\/01\/05\/sesiones-extraordinarias\/#article","isPartOf":{"@id":"https:\/\/concejodeliberantedeazul.gob.ar\/index.php\/2024\/01\/05\/sesiones-extraordinarias\/"},"author":{"name":"Concejo Deliberante Azul","@id":"http:\/\/concejodeliberantedeazul.gob.ar\/#\/schema\/person\/65fd6514aee7c29f008fc53b206198fe"},"headline":"Sesiones Extraordinarias","datePublished":"2024-01-05T16:40:33+00:00","dateModified":"2024-01-05T16:40:40+00:00","mainEntityOfPage":{"@id":"https:\/\/concejodeliberantedeazul.gob.ar\/index.php\/2024\/01\/05\/sesiones-extraordinarias\/"},"wordCount":664,"commentCount":0,"image":{"@id":"https:\/\/concejodeliberantedeazul.gob.ar\/index.php\/2024\/01\/05\/sesiones-extraordinarias\/#primaryimage"},"thumbnailUrl":"http:\/\/concejodeliberantedeazul.gob.ar\/wp-content\/uploads\/2024\/01\/05-01-2023-Sesiones-Extraordinarias-scaled.jpg","articleSection":["Noticias"],"inLanguage":"es-AR","potentialAction":[{"@type":"CommentAction","name":"Comment","target":["https:\/\/concejodeliberantedeazul.gob.ar\/index.php\/2024\/01\/05\/sesiones-extraordinarias\/#respond"]}]},{"@type":"WebPage","@id":"https:\/\/concejodeliberantedeazul.gob.ar\/index.php\/2024\/01\/05\/sesiones-extraordinarias\/","url":"https:\/\/concejodeliberantedeazul.gob.ar\/index.php\/2024\/01\/05\/sesiones-extraordinarias\/","name":"Sesiones Extraordinarias - Concejo deliberante de Azul","isPartOf":{"@id":"http:\/\/concejodeliberantedeazul.gob.ar\/#website"},"primaryImageOfPage":{"@id":"https:\/\/concejodeliberantedeazul.gob.ar\/index.php\/2024\/01\/05\/sesiones-extraordinarias\/#primaryimage"},"image":{"@id":"https:\/\/concejodeliberantedeazul.gob.ar\/index.php\/2024\/01\/05\/sesiones-extraordinarias\/#primaryimage"},"thumbnailUrl":"http:\/\/concejodeliberantedeazul.gob.ar\/wp-content\/uploads\/2024\/01\/05-01-2023-Sesiones-Extraordinarias-scaled.jpg","datePublished":"2024-01-05T16:40:33+00:00","dateModified":"2024-01-05T16:40:40+00:00","author":{"@id":"http:\/\/concejodeliberantedeazul.gob.ar\/#\/schema\/person\/65fd6514aee7c29f008fc53b206198fe"},"breadcrumb":{"@id":"https:\/\/concejodeliberantedeazul.gob.ar\/index.php\/2024\/01\/05\/sesiones-extraordinarias\/#breadcrumb"},"inLanguage":"es-AR","potentialAction":[{"@type":"ReadAction","target":["https:\/\/concejodeliberantedeazul.gob.ar\/index.php\/2024\/01\/05\/sesiones-extraordinarias\/"]}]},{"@type":"ImageObject","inLanguage":"es-AR","@id":"https:\/\/concejodeliberantedeazul.gob.ar\/index.php\/2024\/01\/05\/sesiones-extraordinarias\/#primaryimage","url":"http:\/\/concejodeliberantedeazul.gob.ar\/wp-content\/uploads\/2024\/01\/05-01-2023-Sesiones-Extraordinarias-scaled.jpg","contentUrl":"http:\/\/concejodeliberantedeazul.gob.ar\/wp-content\/uploads\/2024\/01\/05-01-2023-Sesiones-Extraordinarias-scaled.jpg","width":2560,"height":1603},{"@type":"BreadcrumbList","@id":"https:\/\/concejodeliberantedeazul.gob.ar\/index.php\/2024\/01\/05\/sesiones-extraordinarias\/#breadcrumb","itemListElement":[{"@type":"ListItem","position":1,"name":"Inicio","item":"https:\/\/concejodeliberantedeazul.gob.ar\/"},{"@type":"ListItem","position":2,"name":"Sesiones Extraordinarias"}]},{"@type":"WebSite","@id":"http:\/\/concejodeliberantedeazul.gob.ar\/#website","url":"http:\/\/concejodeliberantedeazul.gob.ar\/","name":"Concejo deliberante de Azul","description":"Sitio Web Oficial del Concejo Deliberante de Azul, Prov. de Buenos Aires - Conformado por 18 concejales de todo el partido.","potentialAction":[{"@type":"SearchAction","target":{"@type":"EntryPoint","urlTemplate":"http:\/\/concejodeliberantedeazul.gob.ar\/?s={search_term_string}"},"query-input":{"@type":"PropertyValueSpecification","valueRequired":true,"valueName":"search_term_string"}}],"inLanguage":"es-AR"},{"@type":"Person","@id":"http:\/\/concejodeliberantedeazul.gob.ar\/#\/schema\/person\/65fd6514aee7c29f008fc53b206198fe","name":"Concejo Deliberante Azul","image":{"@type":"ImageObject","inLanguage":"es-AR","@id":"https:\/\/secure.gravatar.com\/avatar\/30d9ae907861b897be87a25469982f0cfbce09947e0998bf7d9d0ecab450fb85?s=96&d=mm&r=g","url":"https:\/\/secure.gravatar.com\/avatar\/30d9ae907861b897be87a25469982f0cfbce09947e0998bf7d9d0ecab450fb85?s=96&d=mm&r=g","contentUrl":"https:\/\/secure.gravatar.com\/avatar\/30d9ae907861b897be87a25469982f0cfbce09947e0998bf7d9d0ecab450fb85?s=96&d=mm&r=g","caption":"Concejo Deliberante Azul"},"url":"http:\/\/concejodeliberantedeazul.gob.ar\/index.php\/author\/concejo\/"}]}},"amp_enabled":true,"_links":{"self":[{"href":"http:\/\/concejodeliberantedeazul.gob.ar\/index.php\/wp-json\/wp\/v2\/posts\/2673","targetHints":{"allow":["GET"]}}],"collection":[{"href":"http:\/\/concejodeliberantedeazul.gob.ar\/index.php\/wp-json\/wp\/v2\/posts"}],"about":[{"href":"http:\/\/concejodeliberantedeazul.gob.ar\/index.php\/wp-json\/wp\/v2\/types\/post"}],"author":[{"embeddable":true,"href":"http:\/\/concejodeliberantedeazul.gob.ar\/index.php\/wp-json\/wp\/v2\/users\/2"}],"replies":[{"embeddable":true,"href":"http:\/\/concejodeliberantedeazul.gob.ar\/index.php\/wp-json\/wp\/v2\/comments?post=2673"}],"version-history":[{"count":1,"href":"http:\/\/concejodeliberantedeazul.gob.ar\/index.php\/wp-json\/wp\/v2\/posts\/2673\/revisions"}],"predecessor-version":[{"id":2675,"href":"http:\/\/concejodeliberantedeazul.gob.ar\/index.php\/wp-json\/wp\/v2\/posts\/2673\/revisions\/2675"}],"wp:featuredmedia":[{"embeddable":true,"href":"http:\/\/concejodeliberantedeazul.gob.ar\/index.php\/wp-json\/wp\/v2\/media\/2674"}],"wp:attachment":[{"href":"http:\/\/concejodeliberantedeazul.gob.ar\/index.php\/wp-json\/wp\/v2\/media?parent=2673"}],"wp:term":[{"taxonomy":"category","embeddable":true,"href":"http:\/\/concejodeliberantedeazul.gob.ar\/index.php\/wp-json\/wp\/v2\/categories?post=2673"},{"taxonomy":"post_tag","embeddable":true,"href":"http:\/\/concejodeliberantedeazul.gob.ar\/index.php\/wp-json\/wp\/v2\/tags?post=2673"}],"curies":[{"name":"wp","href":"https:\/\/api.w.org\/{rel}","templated":true}]}}