{"id":2666,"date":"2024-01-02T12:40:24","date_gmt":"2024-01-02T15:40:24","guid":{"rendered":"http:\/\/concejodeliberantedeazul.gob.ar\/?p=2666"},"modified":"2024-01-02T12:40:33","modified_gmt":"2024-01-02T15:40:33","slug":"reunion-ampliada-del-comite-de-trasporte-publico","status":"publish","type":"post","link":"http:\/\/concejodeliberantedeazul.gob.ar\/index.php\/2024\/01\/02\/reunion-ampliada-del-comite-de-trasporte-publico\/","title":{"rendered":"Reuni\u00f3n ampliada del Comit\u00e9 de Trasporte P\u00fablico"},"content":{"rendered":"\n<p>Se realiz\u00f3, en el recinto del Concejo Deliberante, una reuni\u00f3n ampliada del Comit\u00e9 de Transporte P\u00fablico con el objetivo de avanzar sobre el proyecto de Ordenanza que incorpora un nuevo servicio de transporte para las localidades del partido de Azul.<\/p>\n\n\n\n<p>De la reuni\u00f3n participaron el Presidente del Cuerpo, Juan Louge; Prosecretario Legislativo, Ignacio Furiasse; los Concejales Nicol\u00e1s Cartolano, Jorge Ferrarello, Agustina Bauch\u00e9, Xavier Cabrera Cisneros, Gabriela Lambusta, Natalia Colom\u00e9, Gast\u00f3n Blando, Agust\u00edn Puyou y Consuelo Burgos; Cecilia Mart\u00ednez, Secretaria de Obras P\u00fablicas; Marcelo Ibarra, en representaci\u00f3n del Plenario de Comisiones Vecinales; Roc\u00edo de Olaso, Presidenta del Centro de Estudiantes de la Facultad de Derecho; Ulises Miracco, Presidente del Centro de Estudiantes de la Facultad de Agronom\u00eda y Agustina Daher, integrante de este \u00faltimo.<\/p>\n\n\n\n<p>Durante el encuentro, se explicaron cu\u00e1les son los cambios que incorpora el proyecto de Ordenanza y se estableci\u00f3, junto a los referentes estudiantiles, los horarios del servicio a las localidades en funci\u00f3n de los j\u00f3venes que se trasladan para cursar tanto en Institutos Terciarios como en las Universidades.<\/p>\n\n\n\n<p>Adem\u00e1s, se analiz\u00f3 en detalle el servicio de fines de semana que permitir\u00eda el traslado a Boca de la Sierra y Pablo Acosta.<\/p>\n","protected":false},"excerpt":{"rendered":"<p>Se realiz\u00f3, en el recinto del Concejo Deliberante, una reuni\u00f3n ampliada del Comit\u00e9 de Transporte P\u00fablico con el objetivo de avanzar sobre el proyecto de Ordenanza que incorpora un nuevo servicio de transporte para las localidades del partido de Azul. De la reuni\u00f3n participaron el Presidente del Cuerpo, Juan Louge; Prosecretario Legislativo, Ignacio Furiasse; los [&hellip;]<\/p>\n","protected":false},"author":2,"featured_media":2667,"comment_status":"open","ping_status":"open","sticky":false,"template":"","format":"standard","meta":{"tdm_status":"","tdm_grid_status":"","footnotes":""},"categories":[7],"tags":[],"class_list":{"0":"post-2666","1":"post","2":"type-post","3":"status-publish","4":"format-standard","5":"has-post-thumbnail","7":"category-noticias"},"yoast_head":"<!-- This site is optimized with the Yoast SEO plugin v27.3 - https:\/\/yoast.com\/product\/yoast-seo-wordpress\/ -->\n<title>Reuni\u00f3n ampliada del Comit\u00e9 de Trasporte P\u00fablico - Concejo deliberante de Azul<\/title>\n<meta name=\"robots\" content=\"index, follow, max-snippet:-1, max-image-preview:large, max-video-preview:-1\" \/>\n<link rel=\"canonical\" href=\"https:\/\/concejodeliberantedeazul.gob.ar\/index.php\/2024\/01\/02\/reunion-ampliada-del-comite-de-trasporte-publico\/\" \/>\n<meta property=\"og:locale\" content=\"es_ES\" \/>\n<meta property=\"og:type\" content=\"article\" \/>\n<meta property=\"og:title\" content=\"Reuni\u00f3n ampliada del Comit\u00e9 de Trasporte P\u00fablico - Concejo deliberante de Azul\" \/>\n<meta property=\"og:description\" content=\"Se realiz\u00f3, en el recinto del Concejo Deliberante, una reuni\u00f3n ampliada del Comit\u00e9 de Transporte P\u00fablico con el objetivo de avanzar sobre el proyecto de Ordenanza que incorpora un nuevo servicio de transporte para las localidades del partido de Azul. De la reuni\u00f3n participaron el Presidente del Cuerpo, Juan Louge; Prosecretario Legislativo, Ignacio Furiasse; los [&hellip;]\" \/>\n<meta property=\"og:url\" content=\"https:\/\/concejodeliberantedeazul.gob.ar\/index.php\/2024\/01\/02\/reunion-ampliada-del-comite-de-trasporte-publico\/\" \/>\n<meta property=\"og:site_name\" content=\"Concejo deliberante de Azul\" \/>\n<meta property=\"article:published_time\" content=\"2024-01-02T15:40:24+00:00\" \/>\n<meta property=\"article:modified_time\" content=\"2024-01-02T15:40:33+00:00\" \/>\n<meta property=\"og:image\" content=\"https:\/\/concejodeliberantedeazul.gob.ar\/wp-content\/uploads\/2024\/01\/02-01-2023-Comite-Transporte-scaled.jpg\" \/>\n\t<meta property=\"og:image:width\" content=\"2560\" \/>\n\t<meta property=\"og:image:height\" content=\"1928\" \/>\n\t<meta property=\"og:image:type\" content=\"image\/jpeg\" \/>\n<meta name=\"author\" content=\"Concejo Deliberante Azul\" \/>\n<meta name=\"twitter:card\" content=\"summary_large_image\" \/>\n<meta name=\"twitter:label1\" content=\"Escrito por\" \/>\n\t<meta name=\"twitter:data1\" content=\"Concejo Deliberante Azul\" \/>\n\t<meta name=\"twitter:label2\" content=\"Tiempo de lectura\" \/>\n\t<meta name=\"twitter:data2\" content=\"2 minutos\" \/>\n<script type=\"application\/ld+json\" class=\"yoast-schema-graph\">{\"@context\":\"https:\\\/\\\/schema.org\",\"@graph\":[{\"@type\":\"Article\",\"@id\":\"https:\\\/\\\/concejodeliberantedeazul.gob.ar\\\/index.php\\\/2024\\\/01\\\/02\\\/reunion-ampliada-del-comite-de-trasporte-publico\\\/#article\",\"isPartOf\":{\"@id\":\"https:\\\/\\\/concejodeliberantedeazul.gob.ar\\\/index.php\\\/2024\\\/01\\\/02\\\/reunion-ampliada-del-comite-de-trasporte-publico\\\/\"},\"author\":{\"name\":\"Concejo Deliberante Azul\",\"@id\":\"http:\\\/\\\/concejodeliberantedeazul.gob.ar\\\/#\\\/schema\\\/person\\\/65fd6514aee7c29f008fc53b206198fe\"},\"headline\":\"Reuni\u00f3n ampliada del Comit\u00e9 de Trasporte P\u00fablico\",\"datePublished\":\"2024-01-02T15:40:24+00:00\",\"dateModified\":\"2024-01-02T15:40:33+00:00\",\"mainEntityOfPage\":{\"@id\":\"https:\\\/\\\/concejodeliberantedeazul.gob.ar\\\/index.php\\\/2024\\\/01\\\/02\\\/reunion-ampliada-del-comite-de-trasporte-publico\\\/\"},\"wordCount\":219,\"commentCount\":0,\"image\":{\"@id\":\"https:\\\/\\\/concejodeliberantedeazul.gob.ar\\\/index.php\\\/2024\\\/01\\\/02\\\/reunion-ampliada-del-comite-de-trasporte-publico\\\/#primaryimage\"},\"thumbnailUrl\":\"http:\\\/\\\/concejodeliberantedeazul.gob.ar\\\/wp-content\\\/uploads\\\/2024\\\/01\\\/02-01-2023-Comite-Transporte-scaled.jpg\",\"articleSection\":[\"Noticias\"],\"inLanguage\":\"es-AR\",\"potentialAction\":[{\"@type\":\"CommentAction\",\"name\":\"Comment\",\"target\":[\"https:\\\/\\\/concejodeliberantedeazul.gob.ar\\\/index.php\\\/2024\\\/01\\\/02\\\/reunion-ampliada-del-comite-de-trasporte-publico\\\/#respond\"]}]},{\"@type\":\"WebPage\",\"@id\":\"https:\\\/\\\/concejodeliberantedeazul.gob.ar\\\/index.php\\\/2024\\\/01\\\/02\\\/reunion-ampliada-del-comite-de-trasporte-publico\\\/\",\"url\":\"https:\\\/\\\/concejodeliberantedeazul.gob.ar\\\/index.php\\\/2024\\\/01\\\/02\\\/reunion-ampliada-del-comite-de-trasporte-publico\\\/\",\"name\":\"Reuni\u00f3n ampliada del Comit\u00e9 de Trasporte P\u00fablico - Concejo deliberante de Azul\",\"isPartOf\":{\"@id\":\"http:\\\/\\\/concejodeliberantedeazul.gob.ar\\\/#website\"},\"primaryImageOfPage\":{\"@id\":\"https:\\\/\\\/concejodeliberantedeazul.gob.ar\\\/index.php\\\/2024\\\/01\\\/02\\\/reunion-ampliada-del-comite-de-trasporte-publico\\\/#primaryimage\"},\"image\":{\"@id\":\"https:\\\/\\\/concejodeliberantedeazul.gob.ar\\\/index.php\\\/2024\\\/01\\\/02\\\/reunion-ampliada-del-comite-de-trasporte-publico\\\/#primaryimage\"},\"thumbnailUrl\":\"http:\\\/\\\/concejodeliberantedeazul.gob.ar\\\/wp-content\\\/uploads\\\/2024\\\/01\\\/02-01-2023-Comite-Transporte-scaled.jpg\",\"datePublished\":\"2024-01-02T15:40:24+00:00\",\"dateModified\":\"2024-01-02T15:40:33+00:00\",\"author\":{\"@id\":\"http:\\\/\\\/concejodeliberantedeazul.gob.ar\\\/#\\\/schema\\\/person\\\/65fd6514aee7c29f008fc53b206198fe\"},\"breadcrumb\":{\"@id\":\"https:\\\/\\\/concejodeliberantedeazul.gob.ar\\\/index.php\\\/2024\\\/01\\\/02\\\/reunion-ampliada-del-comite-de-trasporte-publico\\\/#breadcrumb\"},\"inLanguage\":\"es-AR\",\"potentialAction\":[{\"@type\":\"ReadAction\",\"target\":[\"https:\\\/\\\/concejodeliberantedeazul.gob.ar\\\/index.php\\\/2024\\\/01\\\/02\\\/reunion-ampliada-del-comite-de-trasporte-publico\\\/\"]}]},{\"@type\":\"ImageObject\",\"inLanguage\":\"es-AR\",\"@id\":\"https:\\\/\\\/concejodeliberantedeazul.gob.ar\\\/index.php\\\/2024\\\/01\\\/02\\\/reunion-ampliada-del-comite-de-trasporte-publico\\\/#primaryimage\",\"url\":\"http:\\\/\\\/concejodeliberantedeazul.gob.ar\\\/wp-content\\\/uploads\\\/2024\\\/01\\\/02-01-2023-Comite-Transporte-scaled.jpg\",\"contentUrl\":\"http:\\\/\\\/concejodeliberantedeazul.gob.ar\\\/wp-content\\\/uploads\\\/2024\\\/01\\\/02-01-2023-Comite-Transporte-scaled.jpg\",\"width\":2560,\"height\":1928},{\"@type\":\"BreadcrumbList\",\"@id\":\"https:\\\/\\\/concejodeliberantedeazul.gob.ar\\\/index.php\\\/2024\\\/01\\\/02\\\/reunion-ampliada-del-comite-de-trasporte-publico\\\/#breadcrumb\",\"itemListElement\":[{\"@type\":\"ListItem\",\"position\":1,\"name\":\"Inicio\",\"item\":\"https:\\\/\\\/concejodeliberantedeazul.gob.ar\\\/\"},{\"@type\":\"ListItem\",\"position\":2,\"name\":\"Reuni\u00f3n ampliada del Comit\u00e9 de Trasporte P\u00fablico\"}]},{\"@type\":\"WebSite\",\"@id\":\"http:\\\/\\\/concejodeliberantedeazul.gob.ar\\\/#website\",\"url\":\"http:\\\/\\\/concejodeliberantedeazul.gob.ar\\\/\",\"name\":\"Concejo deliberante de Azul\",\"description\":\"Sitio Web Oficial del Concejo Deliberante de Azul, Prov. de Buenos Aires - Conformado por 18 concejales de todo el partido.\",\"potentialAction\":[{\"@type\":\"SearchAction\",\"target\":{\"@type\":\"EntryPoint\",\"urlTemplate\":\"http:\\\/\\\/concejodeliberantedeazul.gob.ar\\\/?s={search_term_string}\"},\"query-input\":{\"@type\":\"PropertyValueSpecification\",\"valueRequired\":true,\"valueName\":\"search_term_string\"}}],\"inLanguage\":\"es-AR\"},{\"@type\":\"Person\",\"@id\":\"http:\\\/\\\/concejodeliberantedeazul.gob.ar\\\/#\\\/schema\\\/person\\\/65fd6514aee7c29f008fc53b206198fe\",\"name\":\"Concejo Deliberante Azul\",\"image\":{\"@type\":\"ImageObject\",\"inLanguage\":\"es-AR\",\"@id\":\"https:\\\/\\\/secure.gravatar.com\\\/avatar\\\/30d9ae907861b897be87a25469982f0cfbce09947e0998bf7d9d0ecab450fb85?s=96&d=mm&r=g\",\"url\":\"https:\\\/\\\/secure.gravatar.com\\\/avatar\\\/30d9ae907861b897be87a25469982f0cfbce09947e0998bf7d9d0ecab450fb85?s=96&d=mm&r=g\",\"contentUrl\":\"https:\\\/\\\/secure.gravatar.com\\\/avatar\\\/30d9ae907861b897be87a25469982f0cfbce09947e0998bf7d9d0ecab450fb85?s=96&d=mm&r=g\",\"caption\":\"Concejo Deliberante Azul\"},\"url\":\"http:\\\/\\\/concejodeliberantedeazul.gob.ar\\\/index.php\\\/author\\\/concejo\\\/\"}]}<\/script>\n<!-- \/ Yoast SEO plugin. -->","yoast_head_json":{"title":"Reuni\u00f3n ampliada del Comit\u00e9 de Trasporte P\u00fablico - Concejo deliberante de Azul","robots":{"index":"index","follow":"follow","max-snippet":"max-snippet:-1","max-image-preview":"max-image-preview:large","max-video-preview":"max-video-preview:-1"},"canonical":"https:\/\/concejodeliberantedeazul.gob.ar\/index.php\/2024\/01\/02\/reunion-ampliada-del-comite-de-trasporte-publico\/","og_locale":"es_ES","og_type":"article","og_title":"Reuni\u00f3n ampliada del Comit\u00e9 de Trasporte P\u00fablico - Concejo deliberante de Azul","og_description":"Se realiz\u00f3, en el recinto del Concejo Deliberante, una reuni\u00f3n ampliada del Comit\u00e9 de Transporte P\u00fablico con el objetivo de avanzar sobre el proyecto de Ordenanza que incorpora un nuevo servicio de transporte para las localidades del partido de Azul. De la reuni\u00f3n participaron el Presidente del Cuerpo, Juan Louge; Prosecretario Legislativo, Ignacio Furiasse; los [&hellip;]","og_url":"https:\/\/concejodeliberantedeazul.gob.ar\/index.php\/2024\/01\/02\/reunion-ampliada-del-comite-de-trasporte-publico\/","og_site_name":"Concejo deliberante de Azul","article_published_time":"2024-01-02T15:40:24+00:00","article_modified_time":"2024-01-02T15:40:33+00:00","og_image":[{"width":2560,"height":1928,"url":"https:\/\/concejodeliberantedeazul.gob.ar\/wp-content\/uploads\/2024\/01\/02-01-2023-Comite-Transporte-scaled.jpg","type":"image\/jpeg"}],"author":"Concejo Deliberante Azul","twitter_card":"summary_large_image","twitter_misc":{"Escrito por":"Concejo Deliberante Azul","Tiempo de lectura":"2 minutos"},"schema":{"@context":"https:\/\/schema.org","@graph":[{"@type":"Article","@id":"https:\/\/concejodeliberantedeazul.gob.ar\/index.php\/2024\/01\/02\/reunion-ampliada-del-comite-de-trasporte-publico\/#article","isPartOf":{"@id":"https:\/\/concejodeliberantedeazul.gob.ar\/index.php\/2024\/01\/02\/reunion-ampliada-del-comite-de-trasporte-publico\/"},"author":{"name":"Concejo Deliberante Azul","@id":"http:\/\/concejodeliberantedeazul.gob.ar\/#\/schema\/person\/65fd6514aee7c29f008fc53b206198fe"},"headline":"Reuni\u00f3n ampliada del Comit\u00e9 de Trasporte P\u00fablico","datePublished":"2024-01-02T15:40:24+00:00","dateModified":"2024-01-02T15:40:33+00:00","mainEntityOfPage":{"@id":"https:\/\/concejodeliberantedeazul.gob.ar\/index.php\/2024\/01\/02\/reunion-ampliada-del-comite-de-trasporte-publico\/"},"wordCount":219,"commentCount":0,"image":{"@id":"https:\/\/concejodeliberantedeazul.gob.ar\/index.php\/2024\/01\/02\/reunion-ampliada-del-comite-de-trasporte-publico\/#primaryimage"},"thumbnailUrl":"http:\/\/concejodeliberantedeazul.gob.ar\/wp-content\/uploads\/2024\/01\/02-01-2023-Comite-Transporte-scaled.jpg","articleSection":["Noticias"],"inLanguage":"es-AR","potentialAction":[{"@type":"CommentAction","name":"Comment","target":["https:\/\/concejodeliberantedeazul.gob.ar\/index.php\/2024\/01\/02\/reunion-ampliada-del-comite-de-trasporte-publico\/#respond"]}]},{"@type":"WebPage","@id":"https:\/\/concejodeliberantedeazul.gob.ar\/index.php\/2024\/01\/02\/reunion-ampliada-del-comite-de-trasporte-publico\/","url":"https:\/\/concejodeliberantedeazul.gob.ar\/index.php\/2024\/01\/02\/reunion-ampliada-del-comite-de-trasporte-publico\/","name":"Reuni\u00f3n ampliada del Comit\u00e9 de Trasporte P\u00fablico - Concejo deliberante de Azul","isPartOf":{"@id":"http:\/\/concejodeliberantedeazul.gob.ar\/#website"},"primaryImageOfPage":{"@id":"https:\/\/concejodeliberantedeazul.gob.ar\/index.php\/2024\/01\/02\/reunion-ampliada-del-comite-de-trasporte-publico\/#primaryimage"},"image":{"@id":"https:\/\/concejodeliberantedeazul.gob.ar\/index.php\/2024\/01\/02\/reunion-ampliada-del-comite-de-trasporte-publico\/#primaryimage"},"thumbnailUrl":"http:\/\/concejodeliberantedeazul.gob.ar\/wp-content\/uploads\/2024\/01\/02-01-2023-Comite-Transporte-scaled.jpg","datePublished":"2024-01-02T15:40:24+00:00","dateModified":"2024-01-02T15:40:33+00:00","author":{"@id":"http:\/\/concejodeliberantedeazul.gob.ar\/#\/schema\/person\/65fd6514aee7c29f008fc53b206198fe"},"breadcrumb":{"@id":"https:\/\/concejodeliberantedeazul.gob.ar\/index.php\/2024\/01\/02\/reunion-ampliada-del-comite-de-trasporte-publico\/#breadcrumb"},"inLanguage":"es-AR","potentialAction":[{"@type":"ReadAction","target":["https:\/\/concejodeliberantedeazul.gob.ar\/index.php\/2024\/01\/02\/reunion-ampliada-del-comite-de-trasporte-publico\/"]}]},{"@type":"ImageObject","inLanguage":"es-AR","@id":"https:\/\/concejodeliberantedeazul.gob.ar\/index.php\/2024\/01\/02\/reunion-ampliada-del-comite-de-trasporte-publico\/#primaryimage","url":"http:\/\/concejodeliberantedeazul.gob.ar\/wp-content\/uploads\/2024\/01\/02-01-2023-Comite-Transporte-scaled.jpg","contentUrl":"http:\/\/concejodeliberantedeazul.gob.ar\/wp-content\/uploads\/2024\/01\/02-01-2023-Comite-Transporte-scaled.jpg","width":2560,"height":1928},{"@type":"BreadcrumbList","@id":"https:\/\/concejodeliberantedeazul.gob.ar\/index.php\/2024\/01\/02\/reunion-ampliada-del-comite-de-trasporte-publico\/#breadcrumb","itemListElement":[{"@type":"ListItem","position":1,"name":"Inicio","item":"https:\/\/concejodeliberantedeazul.gob.ar\/"},{"@type":"ListItem","position":2,"name":"Reuni\u00f3n ampliada del Comit\u00e9 de Trasporte P\u00fablico"}]},{"@type":"WebSite","@id":"http:\/\/concejodeliberantedeazul.gob.ar\/#website","url":"http:\/\/concejodeliberantedeazul.gob.ar\/","name":"Concejo deliberante de Azul","description":"Sitio Web Oficial del Concejo Deliberante de Azul, Prov. de Buenos Aires - Conformado por 18 concejales de todo el partido.","potentialAction":[{"@type":"SearchAction","target":{"@type":"EntryPoint","urlTemplate":"http:\/\/concejodeliberantedeazul.gob.ar\/?s={search_term_string}"},"query-input":{"@type":"PropertyValueSpecification","valueRequired":true,"valueName":"search_term_string"}}],"inLanguage":"es-AR"},{"@type":"Person","@id":"http:\/\/concejodeliberantedeazul.gob.ar\/#\/schema\/person\/65fd6514aee7c29f008fc53b206198fe","name":"Concejo Deliberante Azul","image":{"@type":"ImageObject","inLanguage":"es-AR","@id":"https:\/\/secure.gravatar.com\/avatar\/30d9ae907861b897be87a25469982f0cfbce09947e0998bf7d9d0ecab450fb85?s=96&d=mm&r=g","url":"https:\/\/secure.gravatar.com\/avatar\/30d9ae907861b897be87a25469982f0cfbce09947e0998bf7d9d0ecab450fb85?s=96&d=mm&r=g","contentUrl":"https:\/\/secure.gravatar.com\/avatar\/30d9ae907861b897be87a25469982f0cfbce09947e0998bf7d9d0ecab450fb85?s=96&d=mm&r=g","caption":"Concejo Deliberante Azul"},"url":"http:\/\/concejodeliberantedeazul.gob.ar\/index.php\/author\/concejo\/"}]}},"amp_enabled":true,"_links":{"self":[{"href":"http:\/\/concejodeliberantedeazul.gob.ar\/index.php\/wp-json\/wp\/v2\/posts\/2666","targetHints":{"allow":["GET"]}}],"collection":[{"href":"http:\/\/concejodeliberantedeazul.gob.ar\/index.php\/wp-json\/wp\/v2\/posts"}],"about":[{"href":"http:\/\/concejodeliberantedeazul.gob.ar\/index.php\/wp-json\/wp\/v2\/types\/post"}],"author":[{"embeddable":true,"href":"http:\/\/concejodeliberantedeazul.gob.ar\/index.php\/wp-json\/wp\/v2\/users\/2"}],"replies":[{"embeddable":true,"href":"http:\/\/concejodeliberantedeazul.gob.ar\/index.php\/wp-json\/wp\/v2\/comments?post=2666"}],"version-history":[{"count":1,"href":"http:\/\/concejodeliberantedeazul.gob.ar\/index.php\/wp-json\/wp\/v2\/posts\/2666\/revisions"}],"predecessor-version":[{"id":2668,"href":"http:\/\/concejodeliberantedeazul.gob.ar\/index.php\/wp-json\/wp\/v2\/posts\/2666\/revisions\/2668"}],"wp:featuredmedia":[{"embeddable":true,"href":"http:\/\/concejodeliberantedeazul.gob.ar\/index.php\/wp-json\/wp\/v2\/media\/2667"}],"wp:attachment":[{"href":"http:\/\/concejodeliberantedeazul.gob.ar\/index.php\/wp-json\/wp\/v2\/media?parent=2666"}],"wp:term":[{"taxonomy":"category","embeddable":true,"href":"http:\/\/concejodeliberantedeazul.gob.ar\/index.php\/wp-json\/wp\/v2\/categories?post=2666"},{"taxonomy":"post_tag","embeddable":true,"href":"http:\/\/concejodeliberantedeazul.gob.ar\/index.php\/wp-json\/wp\/v2\/tags?post=2666"}],"curies":[{"name":"wp","href":"https:\/\/api.w.org\/{rel}","templated":true}]}}