{"id":2607,"date":"2023-12-14T13:26:09","date_gmt":"2023-12-14T16:26:09","guid":{"rendered":"http:\/\/concejodeliberantedeazul.gob.ar\/?p=2607"},"modified":"2026-01-27T10:49:54","modified_gmt":"2026-01-27T13:49:54","slug":"nomina-de-autoridades-periodo-2023-2025","status":"publish","type":"post","link":"http:\/\/concejodeliberantedeazul.gob.ar\/index.php\/2023\/12\/14\/nomina-de-autoridades-periodo-2023-2025\/","title":{"rendered":"N\u00d3MINA DE AUTORIDADES PER\u00cdODO 2025-2027"},"content":{"rendered":"\n<p><strong>PRESIDENTE&nbsp;&nbsp;&nbsp;&nbsp;&nbsp;&nbsp;&nbsp;&nbsp;&nbsp;&nbsp;&nbsp;&nbsp;&nbsp;&nbsp;&nbsp;&nbsp;&nbsp;&nbsp;&nbsp;&nbsp;&nbsp;&nbsp;&nbsp;&nbsp;&nbsp;&nbsp;&nbsp;&nbsp;&nbsp;&nbsp;&nbsp;&nbsp;&nbsp;&nbsp;&nbsp; &nbsp;&nbsp;&nbsp;&nbsp;&nbsp;&nbsp;&nbsp;&nbsp;&nbsp;&nbsp;&nbsp; <\/strong>Juan Ignacio FURIASSE<\/p>\n\n\n\n<p><strong>VICEPRESIDENTE 1\u00ba&nbsp;&nbsp;&nbsp;&nbsp;&nbsp;&nbsp;&nbsp;&nbsp;&nbsp;&nbsp;&nbsp;&nbsp;&nbsp;&nbsp;&nbsp;&nbsp;&nbsp;&nbsp;&nbsp;&nbsp;&nbsp;&nbsp;&nbsp;&nbsp;&nbsp;&nbsp;&nbsp;&nbsp;&nbsp;&nbsp;&nbsp;&nbsp;&nbsp;&nbsp; <\/strong>Agust\u00edn PUYOU<\/p>\n\n\n\n<p><strong>VICEPRESIDENTE 2\u00ba&nbsp;&nbsp;&nbsp;&nbsp;&nbsp;&nbsp;&nbsp;&nbsp;&nbsp;&nbsp;&nbsp;&nbsp;&nbsp;&nbsp;&nbsp;&nbsp;&nbsp;&nbsp;&nbsp;&nbsp;&nbsp;&nbsp;&nbsp;&nbsp;&nbsp;&nbsp;&nbsp;&nbsp;&nbsp;&nbsp;&nbsp;&nbsp;&nbsp;&nbsp; <\/strong>Gast\u00f3n DE DOMINICIS <\/p>\n\n\n\n<p><strong>SECRETARIO&nbsp;&nbsp;&nbsp;&nbsp;&nbsp;&nbsp;&nbsp;&nbsp;&nbsp;&nbsp;&nbsp;&nbsp;&nbsp;&nbsp;&nbsp;&nbsp;&nbsp;&nbsp;&nbsp;&nbsp;&nbsp;&nbsp;&nbsp;&nbsp;&nbsp;&nbsp;&nbsp;&nbsp;&nbsp;&nbsp;&nbsp;&nbsp;&nbsp;&nbsp;&nbsp;&nbsp;&nbsp;&nbsp;&nbsp;&nbsp;&nbsp;&nbsp;&nbsp;&nbsp;&nbsp;&nbsp; <\/strong>Carlos GARC\u00cdA<\/p>\n\n\n\n<p><strong>PROSECRETARIO LEGISLATIVO<\/strong>&nbsp;&nbsp;&nbsp;&nbsp;&nbsp;&nbsp;&nbsp;&nbsp;&nbsp;&nbsp;&nbsp;&nbsp;&nbsp; Rodrigo SANTAMARIA<\/p>\n\n\n\n<p><strong>PROSECRETARIA ADMINISTRATIVA&nbsp;&nbsp;&nbsp;&nbsp;&nbsp;&nbsp; <\/strong>Solana MANSILLA<\/p>\n\n\n\n<p><strong><u>CONFORMACI\u00d3N BLOQUES<\/u><\/strong><\/p>\n\n\n\n<p><strong>BLOQUE FUERZA PATRIA<\/strong> (bloqueucazul@gmail.com)<\/p>\n\n\n\n<ul class=\"wp-block-list\">\n<li>MATTINA, Daniel (2023-2027) En reemplazo del concejal Cabrera Cisneros hasta el tiempo que dure su licencia <\/li>\n\n\n\n<li>Mart\u00ednez, Mar\u00eda Cecilia. (2023-2027)<\/li>\n\n\n\n<li>BLANDO, Eduardo David Gast\u00f3n (2023-2027)<\/li>\n\n\n\n<li>BARBALARGA, N\u00e9lida Laura -Presidente (2025-2029)<\/li>\n\n\n\n<li>LABIANCA, Alexis Agust\u00edn (2025-2029)<\/li>\n\n\n\n<li>ARBIZA, Gisela Jaqueline (2025-2029)<\/li>\n<\/ul>\n\n\n\n<p><strong>BLOQUE SOMOS BUENOS AIRES<\/strong> (bloquesomosba@gmail.com)<\/p>\n\n\n\n<ul class=\"wp-block-list\">\n<li>BURGOS, Consuelo &#8211; Presidente (2023-2027)<\/li>\n\n\n\n<li>COLOM\u00c9, Natalia Vanina (2025-2029)<\/li>\n\n\n\n<li>MARCHISIO, Leopoldo Ra\u00fal (2025-2029)<\/li>\n<\/ul>\n\n\n\n<p><strong>BLOQUE UNI\u00d3N C\u00cdVICA RADICAL<\/strong> (bloqueunioncivicaradical3@gmail.com)<\/p>\n\n\n\n<ul class=\"wp-block-list\">\n<li>PUYOU, Agust\u00edn \u2013 Presidente (2023-2027)<\/li>\n<\/ul>\n\n\n\n<p><strong>BLOQUE GEN AZUL<\/strong>  (genbloque@gmail.com)<\/p>\n\n\n\n<ul class=\"wp-block-list\">\n<li>DE DOMINICIS, Gast\u00f3n Claudino \u2013 Presidente (2023-2027) <\/li>\n<\/ul>\n\n\n\n<p><strong>INTERBLOQUE&nbsp;&nbsp;&nbsp; LLA-PRO<\/strong><\/p>\n\n\n\n<p>compuesto por:<\/p>\n\n\n\n<p><strong>BLOQUE LA LIBERTAD AVANZA<\/strong> (bloquelalibertadavanza@gmail.com)<\/p>\n\n\n\n<ul class=\"wp-block-list\">\n<li>HOURSOURIPE, Lu\u00eds Alberto \u2013 Presidente (2025-2029)<\/li>\n\n\n\n<li>TORRES, Virginia Bel\u00e9n. En reemplazo del concejal Pablo Disalvo hasta tanto dure su licencia<\/li>\n\n\n\n<li>BARCEL\u00d3, Mar\u00eda Andrea (2023-2027)<\/li>\n\n\n\n<li>LUCERO, Gerardo Sa\u00fal (2023-2027)<\/li>\n\n\n\n<li>FURIASSE, Juan Ignacio (2025-2029)<\/li>\n\n\n\n<li>PIANCIOLI, Marcelina Magali (2025-2029)<\/li>\n<\/ul>\n\n\n\n<p><strong>Y<\/strong><\/p>\n\n\n\n<p><strong>BLOQUE PRO AZUL<\/strong> (azulelicabide@gmail.com)<\/p>\n\n\n\n<ul class=\"wp-block-list\">\n<li>ELICABIDE, Azul Agustina \u2013 Presidente (2025-2029)<\/li>\n<\/ul>\n\n\n\n<p><\/p>\n\n\n\n<p><\/p>\n\n\n\n<p>&nbsp;<\/p>\n\n\n\n<p><\/p>\n\n\n\n<p><\/p>\n\n\n\n<p><\/p>\n\n\n\n<p><\/p>\n\n\n\n<p><\/p>\n\n\n\n<p><\/p>\n\n\n\n<p><\/p>\n\n\n\n<p><\/p>\n\n\n\n<p><\/p>\n\n\n\n<p><\/p>\n\n\n\n<p><\/p>\n\n\n\n<p><\/p>\n\n\n\n<p><\/p>\n\n\n\n<p><\/p>\n\n\n\n<p><\/p>\n\n\n\n<p><\/p>\n\n\n\n<p><\/p>\n\n\n\n<p><\/p>\n\n\n\n<p><\/p>\n\n\n\n<p><\/p>\n\n\n\n<p><\/p>\n\n\n\n<p><\/p>\n\n\n\n<p><\/p>\n\n\n\n<p><\/p>\n\n\n\n<p><\/p>\n","protected":false},"excerpt":{"rendered":"<p>PRESIDENTE&nbsp;&nbsp;&nbsp;&nbsp;&nbsp;&nbsp;&nbsp;&nbsp;&nbsp;&nbsp;&nbsp;&nbsp;&nbsp;&nbsp;&nbsp;&nbsp;&nbsp;&nbsp;&nbsp;&nbsp;&nbsp;&nbsp;&nbsp;&nbsp;&nbsp;&nbsp;&nbsp;&nbsp;&nbsp;&nbsp;&nbsp;&nbsp;&nbsp;&nbsp;&nbsp; &nbsp;&nbsp;&nbsp;&nbsp;&nbsp;&nbsp;&nbsp;&nbsp;&nbsp;&nbsp;&nbsp; Juan Ignacio FURIASSE VICEPRESIDENTE 1\u00ba&nbsp;&nbsp;&nbsp;&nbsp;&nbsp;&nbsp;&nbsp;&nbsp;&nbsp;&nbsp;&nbsp;&nbsp;&nbsp;&nbsp;&nbsp;&nbsp;&nbsp;&nbsp;&nbsp;&nbsp;&nbsp;&nbsp;&nbsp;&nbsp;&nbsp;&nbsp;&nbsp;&nbsp;&nbsp;&nbsp;&nbsp;&nbsp;&nbsp;&nbsp; Agust\u00edn PUYOU VICEPRESIDENTE 2\u00ba&nbsp;&nbsp;&nbsp;&nbsp;&nbsp;&nbsp;&nbsp;&nbsp;&nbsp;&nbsp;&nbsp;&nbsp;&nbsp;&nbsp;&nbsp;&nbsp;&nbsp;&nbsp;&nbsp;&nbsp;&nbsp;&nbsp;&nbsp;&nbsp;&nbsp;&nbsp;&nbsp;&nbsp;&nbsp;&nbsp;&nbsp;&nbsp;&nbsp;&nbsp; Gast\u00f3n DE DOMINICIS SECRETARIO&nbsp;&nbsp;&nbsp;&nbsp;&nbsp;&nbsp;&nbsp;&nbsp;&nbsp;&nbsp;&nbsp;&nbsp;&nbsp;&nbsp;&nbsp;&nbsp;&nbsp;&nbsp;&nbsp;&nbsp;&nbsp;&nbsp;&nbsp;&nbsp;&nbsp;&nbsp;&nbsp;&nbsp;&nbsp;&nbsp;&nbsp;&nbsp;&nbsp;&nbsp;&nbsp;&nbsp;&nbsp;&nbsp;&nbsp;&nbsp;&nbsp;&nbsp;&nbsp;&nbsp;&nbsp;&nbsp; Carlos GARC\u00cdA PROSECRETARIO LEGISLATIVO&nbsp;&nbsp;&nbsp;&nbsp;&nbsp;&nbsp;&nbsp;&nbsp;&nbsp;&nbsp;&nbsp;&nbsp;&nbsp; Rodrigo SANTAMARIA PROSECRETARIA ADMINISTRATIVA&nbsp;&nbsp;&nbsp;&nbsp;&nbsp;&nbsp; Solana MANSILLA CONFORMACI\u00d3N BLOQUES BLOQUE FUERZA PATRIA (bloqueucazul@gmail.com) BLOQUE SOMOS BUENOS AIRES (bloquesomosba@gmail.com) BLOQUE UNI\u00d3N C\u00cdVICA RADICAL (bloqueunioncivicaradical3@gmail.com) BLOQUE GEN AZUL (genbloque@gmail.com) INTERBLOQUE&nbsp;&nbsp;&nbsp; LLA-PRO compuesto por: BLOQUE LA LIBERTAD AVANZA (bloquelalibertadavanza@gmail.com) Y [&hellip;]<\/p>\n","protected":false},"author":2,"featured_media":0,"comment_status":"open","ping_status":"open","sticky":false,"template":"","format":"standard","meta":{"tdm_status":"","tdm_grid_status":"","footnotes":""},"categories":[28],"tags":[],"class_list":{"0":"post-2607","1":"post","2":"type-post","3":"status-publish","4":"format-standard","6":"category-destacadas"},"yoast_head":"<!-- This site is optimized with the Yoast SEO plugin v27.3 - https:\/\/yoast.com\/product\/yoast-seo-wordpress\/ -->\n<title>N\u00d3MINA DE AUTORIDADES PER\u00cdODO 2025-2027 - Concejo deliberante de Azul<\/title>\n<meta name=\"robots\" content=\"index, follow, max-snippet:-1, max-image-preview:large, max-video-preview:-1\" \/>\n<link rel=\"canonical\" href=\"https:\/\/concejodeliberantedeazul.gob.ar\/index.php\/2023\/12\/14\/nomina-de-autoridades-periodo-2023-2025\/\" \/>\n<meta property=\"og:locale\" content=\"es_ES\" \/>\n<meta property=\"og:type\" content=\"article\" \/>\n<meta property=\"og:title\" content=\"N\u00d3MINA DE AUTORIDADES PER\u00cdODO 2025-2027 - Concejo deliberante de Azul\" \/>\n<meta property=\"og:description\" content=\"PRESIDENTE&nbsp;&nbsp;&nbsp;&nbsp;&nbsp;&nbsp;&nbsp;&nbsp;&nbsp;&nbsp;&nbsp;&nbsp;&nbsp;&nbsp;&nbsp;&nbsp;&nbsp;&nbsp;&nbsp;&nbsp;&nbsp;&nbsp;&nbsp;&nbsp;&nbsp;&nbsp;&nbsp;&nbsp;&nbsp;&nbsp;&nbsp;&nbsp;&nbsp;&nbsp;&nbsp; &nbsp;&nbsp;&nbsp;&nbsp;&nbsp;&nbsp;&nbsp;&nbsp;&nbsp;&nbsp;&nbsp; Juan Ignacio FURIASSE VICEPRESIDENTE 1\u00ba&nbsp;&nbsp;&nbsp;&nbsp;&nbsp;&nbsp;&nbsp;&nbsp;&nbsp;&nbsp;&nbsp;&nbsp;&nbsp;&nbsp;&nbsp;&nbsp;&nbsp;&nbsp;&nbsp;&nbsp;&nbsp;&nbsp;&nbsp;&nbsp;&nbsp;&nbsp;&nbsp;&nbsp;&nbsp;&nbsp;&nbsp;&nbsp;&nbsp;&nbsp; Agust\u00edn PUYOU VICEPRESIDENTE 2\u00ba&nbsp;&nbsp;&nbsp;&nbsp;&nbsp;&nbsp;&nbsp;&nbsp;&nbsp;&nbsp;&nbsp;&nbsp;&nbsp;&nbsp;&nbsp;&nbsp;&nbsp;&nbsp;&nbsp;&nbsp;&nbsp;&nbsp;&nbsp;&nbsp;&nbsp;&nbsp;&nbsp;&nbsp;&nbsp;&nbsp;&nbsp;&nbsp;&nbsp;&nbsp; Gast\u00f3n DE DOMINICIS SECRETARIO&nbsp;&nbsp;&nbsp;&nbsp;&nbsp;&nbsp;&nbsp;&nbsp;&nbsp;&nbsp;&nbsp;&nbsp;&nbsp;&nbsp;&nbsp;&nbsp;&nbsp;&nbsp;&nbsp;&nbsp;&nbsp;&nbsp;&nbsp;&nbsp;&nbsp;&nbsp;&nbsp;&nbsp;&nbsp;&nbsp;&nbsp;&nbsp;&nbsp;&nbsp;&nbsp;&nbsp;&nbsp;&nbsp;&nbsp;&nbsp;&nbsp;&nbsp;&nbsp;&nbsp;&nbsp;&nbsp; Carlos GARC\u00cdA PROSECRETARIO LEGISLATIVO&nbsp;&nbsp;&nbsp;&nbsp;&nbsp;&nbsp;&nbsp;&nbsp;&nbsp;&nbsp;&nbsp;&nbsp;&nbsp; Rodrigo SANTAMARIA PROSECRETARIA ADMINISTRATIVA&nbsp;&nbsp;&nbsp;&nbsp;&nbsp;&nbsp; Solana MANSILLA CONFORMACI\u00d3N BLOQUES BLOQUE FUERZA PATRIA (bloqueucazul@gmail.com) BLOQUE SOMOS BUENOS AIRES (bloquesomosba@gmail.com) BLOQUE UNI\u00d3N C\u00cdVICA RADICAL (bloqueunioncivicaradical3@gmail.com) BLOQUE GEN AZUL (genbloque@gmail.com) INTERBLOQUE&nbsp;&nbsp;&nbsp; LLA-PRO compuesto por: BLOQUE LA LIBERTAD AVANZA (bloquelalibertadavanza@gmail.com) Y [&hellip;]\" \/>\n<meta property=\"og:url\" content=\"https:\/\/concejodeliberantedeazul.gob.ar\/index.php\/2023\/12\/14\/nomina-de-autoridades-periodo-2023-2025\/\" \/>\n<meta property=\"og:site_name\" content=\"Concejo deliberante de Azul\" \/>\n<meta property=\"article:published_time\" content=\"2023-12-14T16:26:09+00:00\" \/>\n<meta property=\"article:modified_time\" content=\"2026-01-27T13:49:54+00:00\" \/>\n<meta name=\"author\" content=\"Concejo Deliberante Azul\" \/>\n<meta name=\"twitter:card\" content=\"summary_large_image\" \/>\n<meta name=\"twitter:label1\" content=\"Escrito por\" \/>\n\t<meta name=\"twitter:data1\" content=\"Concejo Deliberante Azul\" \/>\n\t<meta name=\"twitter:label2\" content=\"Tiempo de lectura\" \/>\n\t<meta name=\"twitter:data2\" content=\"1 minuto\" \/>\n<script type=\"application\/ld+json\" class=\"yoast-schema-graph\">{\"@context\":\"https:\\\/\\\/schema.org\",\"@graph\":[{\"@type\":\"Article\",\"@id\":\"https:\\\/\\\/concejodeliberantedeazul.gob.ar\\\/index.php\\\/2023\\\/12\\\/14\\\/nomina-de-autoridades-periodo-2023-2025\\\/#article\",\"isPartOf\":{\"@id\":\"https:\\\/\\\/concejodeliberantedeazul.gob.ar\\\/index.php\\\/2023\\\/12\\\/14\\\/nomina-de-autoridades-periodo-2023-2025\\\/\"},\"author\":{\"name\":\"Concejo Deliberante Azul\",\"@id\":\"http:\\\/\\\/concejodeliberantedeazul.gob.ar\\\/#\\\/schema\\\/person\\\/65fd6514aee7c29f008fc53b206198fe\"},\"headline\":\"N\u00d3MINA DE AUTORIDADES PER\u00cdODO 2025-2027\",\"datePublished\":\"2023-12-14T16:26:09+00:00\",\"dateModified\":\"2026-01-27T13:49:54+00:00\",\"mainEntityOfPage\":{\"@id\":\"https:\\\/\\\/concejodeliberantedeazul.gob.ar\\\/index.php\\\/2023\\\/12\\\/14\\\/nomina-de-autoridades-periodo-2023-2025\\\/\"},\"wordCount\":377,\"commentCount\":0,\"articleSection\":[\"Destacadas\"],\"inLanguage\":\"es-AR\",\"potentialAction\":[{\"@type\":\"CommentAction\",\"name\":\"Comment\",\"target\":[\"https:\\\/\\\/concejodeliberantedeazul.gob.ar\\\/index.php\\\/2023\\\/12\\\/14\\\/nomina-de-autoridades-periodo-2023-2025\\\/#respond\"]}]},{\"@type\":\"WebPage\",\"@id\":\"https:\\\/\\\/concejodeliberantedeazul.gob.ar\\\/index.php\\\/2023\\\/12\\\/14\\\/nomina-de-autoridades-periodo-2023-2025\\\/\",\"url\":\"https:\\\/\\\/concejodeliberantedeazul.gob.ar\\\/index.php\\\/2023\\\/12\\\/14\\\/nomina-de-autoridades-periodo-2023-2025\\\/\",\"name\":\"N\u00d3MINA DE AUTORIDADES PER\u00cdODO 2025-2027 - Concejo deliberante de Azul\",\"isPartOf\":{\"@id\":\"http:\\\/\\\/concejodeliberantedeazul.gob.ar\\\/#website\"},\"datePublished\":\"2023-12-14T16:26:09+00:00\",\"dateModified\":\"2026-01-27T13:49:54+00:00\",\"author\":{\"@id\":\"http:\\\/\\\/concejodeliberantedeazul.gob.ar\\\/#\\\/schema\\\/person\\\/65fd6514aee7c29f008fc53b206198fe\"},\"breadcrumb\":{\"@id\":\"https:\\\/\\\/concejodeliberantedeazul.gob.ar\\\/index.php\\\/2023\\\/12\\\/14\\\/nomina-de-autoridades-periodo-2023-2025\\\/#breadcrumb\"},\"inLanguage\":\"es-AR\",\"potentialAction\":[{\"@type\":\"ReadAction\",\"target\":[\"https:\\\/\\\/concejodeliberantedeazul.gob.ar\\\/index.php\\\/2023\\\/12\\\/14\\\/nomina-de-autoridades-periodo-2023-2025\\\/\"]}]},{\"@type\":\"BreadcrumbList\",\"@id\":\"https:\\\/\\\/concejodeliberantedeazul.gob.ar\\\/index.php\\\/2023\\\/12\\\/14\\\/nomina-de-autoridades-periodo-2023-2025\\\/#breadcrumb\",\"itemListElement\":[{\"@type\":\"ListItem\",\"position\":1,\"name\":\"Inicio\",\"item\":\"https:\\\/\\\/concejodeliberantedeazul.gob.ar\\\/\"},{\"@type\":\"ListItem\",\"position\":2,\"name\":\"N\u00d3MINA DE AUTORIDADES PER\u00cdODO 2025-2027\"}]},{\"@type\":\"WebSite\",\"@id\":\"http:\\\/\\\/concejodeliberantedeazul.gob.ar\\\/#website\",\"url\":\"http:\\\/\\\/concejodeliberantedeazul.gob.ar\\\/\",\"name\":\"Concejo deliberante de Azul\",\"description\":\"Sitio Web Oficial del Concejo Deliberante de Azul, Prov. de Buenos Aires - Conformado por 18 concejales de todo el partido.\",\"potentialAction\":[{\"@type\":\"SearchAction\",\"target\":{\"@type\":\"EntryPoint\",\"urlTemplate\":\"http:\\\/\\\/concejodeliberantedeazul.gob.ar\\\/?s={search_term_string}\"},\"query-input\":{\"@type\":\"PropertyValueSpecification\",\"valueRequired\":true,\"valueName\":\"search_term_string\"}}],\"inLanguage\":\"es-AR\"},{\"@type\":\"Person\",\"@id\":\"http:\\\/\\\/concejodeliberantedeazul.gob.ar\\\/#\\\/schema\\\/person\\\/65fd6514aee7c29f008fc53b206198fe\",\"name\":\"Concejo Deliberante Azul\",\"image\":{\"@type\":\"ImageObject\",\"inLanguage\":\"es-AR\",\"@id\":\"https:\\\/\\\/secure.gravatar.com\\\/avatar\\\/30d9ae907861b897be87a25469982f0cfbce09947e0998bf7d9d0ecab450fb85?s=96&d=mm&r=g\",\"url\":\"https:\\\/\\\/secure.gravatar.com\\\/avatar\\\/30d9ae907861b897be87a25469982f0cfbce09947e0998bf7d9d0ecab450fb85?s=96&d=mm&r=g\",\"contentUrl\":\"https:\\\/\\\/secure.gravatar.com\\\/avatar\\\/30d9ae907861b897be87a25469982f0cfbce09947e0998bf7d9d0ecab450fb85?s=96&d=mm&r=g\",\"caption\":\"Concejo Deliberante Azul\"},\"url\":\"http:\\\/\\\/concejodeliberantedeazul.gob.ar\\\/index.php\\\/author\\\/concejo\\\/\"}]}<\/script>\n<!-- \/ Yoast SEO plugin. -->","yoast_head_json":{"title":"N\u00d3MINA DE AUTORIDADES PER\u00cdODO 2025-2027 - Concejo deliberante de Azul","robots":{"index":"index","follow":"follow","max-snippet":"max-snippet:-1","max-image-preview":"max-image-preview:large","max-video-preview":"max-video-preview:-1"},"canonical":"https:\/\/concejodeliberantedeazul.gob.ar\/index.php\/2023\/12\/14\/nomina-de-autoridades-periodo-2023-2025\/","og_locale":"es_ES","og_type":"article","og_title":"N\u00d3MINA DE AUTORIDADES PER\u00cdODO 2025-2027 - Concejo deliberante de Azul","og_description":"PRESIDENTE&nbsp;&nbsp;&nbsp;&nbsp;&nbsp;&nbsp;&nbsp;&nbsp;&nbsp;&nbsp;&nbsp;&nbsp;&nbsp;&nbsp;&nbsp;&nbsp;&nbsp;&nbsp;&nbsp;&nbsp;&nbsp;&nbsp;&nbsp;&nbsp;&nbsp;&nbsp;&nbsp;&nbsp;&nbsp;&nbsp;&nbsp;&nbsp;&nbsp;&nbsp;&nbsp; &nbsp;&nbsp;&nbsp;&nbsp;&nbsp;&nbsp;&nbsp;&nbsp;&nbsp;&nbsp;&nbsp; Juan Ignacio FURIASSE VICEPRESIDENTE 1\u00ba&nbsp;&nbsp;&nbsp;&nbsp;&nbsp;&nbsp;&nbsp;&nbsp;&nbsp;&nbsp;&nbsp;&nbsp;&nbsp;&nbsp;&nbsp;&nbsp;&nbsp;&nbsp;&nbsp;&nbsp;&nbsp;&nbsp;&nbsp;&nbsp;&nbsp;&nbsp;&nbsp;&nbsp;&nbsp;&nbsp;&nbsp;&nbsp;&nbsp;&nbsp; Agust\u00edn PUYOU VICEPRESIDENTE 2\u00ba&nbsp;&nbsp;&nbsp;&nbsp;&nbsp;&nbsp;&nbsp;&nbsp;&nbsp;&nbsp;&nbsp;&nbsp;&nbsp;&nbsp;&nbsp;&nbsp;&nbsp;&nbsp;&nbsp;&nbsp;&nbsp;&nbsp;&nbsp;&nbsp;&nbsp;&nbsp;&nbsp;&nbsp;&nbsp;&nbsp;&nbsp;&nbsp;&nbsp;&nbsp; Gast\u00f3n DE DOMINICIS SECRETARIO&nbsp;&nbsp;&nbsp;&nbsp;&nbsp;&nbsp;&nbsp;&nbsp;&nbsp;&nbsp;&nbsp;&nbsp;&nbsp;&nbsp;&nbsp;&nbsp;&nbsp;&nbsp;&nbsp;&nbsp;&nbsp;&nbsp;&nbsp;&nbsp;&nbsp;&nbsp;&nbsp;&nbsp;&nbsp;&nbsp;&nbsp;&nbsp;&nbsp;&nbsp;&nbsp;&nbsp;&nbsp;&nbsp;&nbsp;&nbsp;&nbsp;&nbsp;&nbsp;&nbsp;&nbsp;&nbsp; Carlos GARC\u00cdA PROSECRETARIO LEGISLATIVO&nbsp;&nbsp;&nbsp;&nbsp;&nbsp;&nbsp;&nbsp;&nbsp;&nbsp;&nbsp;&nbsp;&nbsp;&nbsp; Rodrigo SANTAMARIA PROSECRETARIA ADMINISTRATIVA&nbsp;&nbsp;&nbsp;&nbsp;&nbsp;&nbsp; Solana MANSILLA CONFORMACI\u00d3N BLOQUES BLOQUE FUERZA PATRIA (bloqueucazul@gmail.com) BLOQUE SOMOS BUENOS AIRES (bloquesomosba@gmail.com) BLOQUE UNI\u00d3N C\u00cdVICA RADICAL (bloqueunioncivicaradical3@gmail.com) BLOQUE GEN AZUL (genbloque@gmail.com) INTERBLOQUE&nbsp;&nbsp;&nbsp; LLA-PRO compuesto por: BLOQUE LA LIBERTAD AVANZA (bloquelalibertadavanza@gmail.com) Y [&hellip;]","og_url":"https:\/\/concejodeliberantedeazul.gob.ar\/index.php\/2023\/12\/14\/nomina-de-autoridades-periodo-2023-2025\/","og_site_name":"Concejo deliberante de Azul","article_published_time":"2023-12-14T16:26:09+00:00","article_modified_time":"2026-01-27T13:49:54+00:00","author":"Concejo Deliberante Azul","twitter_card":"summary_large_image","twitter_misc":{"Escrito por":"Concejo Deliberante Azul","Tiempo de lectura":"1 minuto"},"schema":{"@context":"https:\/\/schema.org","@graph":[{"@type":"Article","@id":"https:\/\/concejodeliberantedeazul.gob.ar\/index.php\/2023\/12\/14\/nomina-de-autoridades-periodo-2023-2025\/#article","isPartOf":{"@id":"https:\/\/concejodeliberantedeazul.gob.ar\/index.php\/2023\/12\/14\/nomina-de-autoridades-periodo-2023-2025\/"},"author":{"name":"Concejo Deliberante Azul","@id":"http:\/\/concejodeliberantedeazul.gob.ar\/#\/schema\/person\/65fd6514aee7c29f008fc53b206198fe"},"headline":"N\u00d3MINA DE AUTORIDADES PER\u00cdODO 2025-2027","datePublished":"2023-12-14T16:26:09+00:00","dateModified":"2026-01-27T13:49:54+00:00","mainEntityOfPage":{"@id":"https:\/\/concejodeliberantedeazul.gob.ar\/index.php\/2023\/12\/14\/nomina-de-autoridades-periodo-2023-2025\/"},"wordCount":377,"commentCount":0,"articleSection":["Destacadas"],"inLanguage":"es-AR","potentialAction":[{"@type":"CommentAction","name":"Comment","target":["https:\/\/concejodeliberantedeazul.gob.ar\/index.php\/2023\/12\/14\/nomina-de-autoridades-periodo-2023-2025\/#respond"]}]},{"@type":"WebPage","@id":"https:\/\/concejodeliberantedeazul.gob.ar\/index.php\/2023\/12\/14\/nomina-de-autoridades-periodo-2023-2025\/","url":"https:\/\/concejodeliberantedeazul.gob.ar\/index.php\/2023\/12\/14\/nomina-de-autoridades-periodo-2023-2025\/","name":"N\u00d3MINA DE AUTORIDADES PER\u00cdODO 2025-2027 - Concejo deliberante de Azul","isPartOf":{"@id":"http:\/\/concejodeliberantedeazul.gob.ar\/#website"},"datePublished":"2023-12-14T16:26:09+00:00","dateModified":"2026-01-27T13:49:54+00:00","author":{"@id":"http:\/\/concejodeliberantedeazul.gob.ar\/#\/schema\/person\/65fd6514aee7c29f008fc53b206198fe"},"breadcrumb":{"@id":"https:\/\/concejodeliberantedeazul.gob.ar\/index.php\/2023\/12\/14\/nomina-de-autoridades-periodo-2023-2025\/#breadcrumb"},"inLanguage":"es-AR","potentialAction":[{"@type":"ReadAction","target":["https:\/\/concejodeliberantedeazul.gob.ar\/index.php\/2023\/12\/14\/nomina-de-autoridades-periodo-2023-2025\/"]}]},{"@type":"BreadcrumbList","@id":"https:\/\/concejodeliberantedeazul.gob.ar\/index.php\/2023\/12\/14\/nomina-de-autoridades-periodo-2023-2025\/#breadcrumb","itemListElement":[{"@type":"ListItem","position":1,"name":"Inicio","item":"https:\/\/concejodeliberantedeazul.gob.ar\/"},{"@type":"ListItem","position":2,"name":"N\u00d3MINA DE AUTORIDADES PER\u00cdODO 2025-2027"}]},{"@type":"WebSite","@id":"http:\/\/concejodeliberantedeazul.gob.ar\/#website","url":"http:\/\/concejodeliberantedeazul.gob.ar\/","name":"Concejo deliberante de Azul","description":"Sitio Web Oficial del Concejo Deliberante de Azul, Prov. de Buenos Aires - Conformado por 18 concejales de todo el partido.","potentialAction":[{"@type":"SearchAction","target":{"@type":"EntryPoint","urlTemplate":"http:\/\/concejodeliberantedeazul.gob.ar\/?s={search_term_string}"},"query-input":{"@type":"PropertyValueSpecification","valueRequired":true,"valueName":"search_term_string"}}],"inLanguage":"es-AR"},{"@type":"Person","@id":"http:\/\/concejodeliberantedeazul.gob.ar\/#\/schema\/person\/65fd6514aee7c29f008fc53b206198fe","name":"Concejo Deliberante Azul","image":{"@type":"ImageObject","inLanguage":"es-AR","@id":"https:\/\/secure.gravatar.com\/avatar\/30d9ae907861b897be87a25469982f0cfbce09947e0998bf7d9d0ecab450fb85?s=96&d=mm&r=g","url":"https:\/\/secure.gravatar.com\/avatar\/30d9ae907861b897be87a25469982f0cfbce09947e0998bf7d9d0ecab450fb85?s=96&d=mm&r=g","contentUrl":"https:\/\/secure.gravatar.com\/avatar\/30d9ae907861b897be87a25469982f0cfbce09947e0998bf7d9d0ecab450fb85?s=96&d=mm&r=g","caption":"Concejo Deliberante Azul"},"url":"http:\/\/concejodeliberantedeazul.gob.ar\/index.php\/author\/concejo\/"}]}},"amp_enabled":true,"_links":{"self":[{"href":"http:\/\/concejodeliberantedeazul.gob.ar\/index.php\/wp-json\/wp\/v2\/posts\/2607","targetHints":{"allow":["GET"]}}],"collection":[{"href":"http:\/\/concejodeliberantedeazul.gob.ar\/index.php\/wp-json\/wp\/v2\/posts"}],"about":[{"href":"http:\/\/concejodeliberantedeazul.gob.ar\/index.php\/wp-json\/wp\/v2\/types\/post"}],"author":[{"embeddable":true,"href":"http:\/\/concejodeliberantedeazul.gob.ar\/index.php\/wp-json\/wp\/v2\/users\/2"}],"replies":[{"embeddable":true,"href":"http:\/\/concejodeliberantedeazul.gob.ar\/index.php\/wp-json\/wp\/v2\/comments?post=2607"}],"version-history":[{"count":11,"href":"http:\/\/concejodeliberantedeazul.gob.ar\/index.php\/wp-json\/wp\/v2\/posts\/2607\/revisions"}],"predecessor-version":[{"id":3585,"href":"http:\/\/concejodeliberantedeazul.gob.ar\/index.php\/wp-json\/wp\/v2\/posts\/2607\/revisions\/3585"}],"wp:attachment":[{"href":"http:\/\/concejodeliberantedeazul.gob.ar\/index.php\/wp-json\/wp\/v2\/media?parent=2607"}],"wp:term":[{"taxonomy":"category","embeddable":true,"href":"http:\/\/concejodeliberantedeazul.gob.ar\/index.php\/wp-json\/wp\/v2\/categories?post=2607"},{"taxonomy":"post_tag","embeddable":true,"href":"http:\/\/concejodeliberantedeazul.gob.ar\/index.php\/wp-json\/wp\/v2\/tags?post=2607"}],"curies":[{"name":"wp","href":"https:\/\/api.w.org\/{rel}","templated":true}]}}