{"id":2503,"date":"2023-11-24T15:46:27","date_gmt":"2023-11-24T18:46:27","guid":{"rendered":"http:\/\/concejodeliberantedeazul.gob.ar\/?p=2503"},"modified":"2023-11-24T15:46:36","modified_gmt":"2023-11-24T18:46:36","slug":"reunion-ampliada-con-el-intendente-electo-nelson-sombra","status":"publish","type":"post","link":"http:\/\/concejodeliberantedeazul.gob.ar\/index.php\/2023\/11\/24\/reunion-ampliada-con-el-intendente-electo-nelson-sombra\/","title":{"rendered":"Reuni\u00f3n ampliada con el Intendente electo Nelson Sombra"},"content":{"rendered":"\n<p>El objetivo de la reuni\u00f3n fue proponer el dise\u00f1o de un presupuesto participativo de cara al a\u00f1o entrante contemplando la colaboraci\u00f3n de todas las fuerzas pol\u00edticas.<\/p>\n\n\n\n<p>En principio, el Intendente electo explic\u00f3 que la finalidad de la reuni\u00f3n es construir de manera conjunta el presupuesto 2024 contando con la posibilidad de que cada espacio pol\u00edtico exprese cu\u00e1les son las inquietudes y necesidades que consideran que son fundamentales a tener en cuenta en la conformaci\u00f3n. En este sentido, Sombra destac\u00f3 que la apertura de este espacio de dialogo busca generar herramientas que permitan contener la demanda de los vecinos del partido de Azul.<\/p>\n\n\n\n<p>Durante la reuni\u00f3n, se convers\u00f3 sobre los tiempos de elevaci\u00f3n al Concejo Deliberante del presupuesto el cual se realizar\u00e1 dentro de los plazos establecidos.<\/p>\n\n\n\n<p>Entre los diversos temas que se pusieron en agenda, se trat\u00f3: salud (Unidades Sanitarias, hospitales, tenencia de mascotas, etc) transporte, educaci\u00f3n, obra p\u00fablica por administraci\u00f3n, maquinaria, vialidad, entre otros. &nbsp;Se pusieron a consideraci\u00f3n diferentes Ordenanzas sancionadas por el Poder Legislativo y que requiere de la implementaci\u00f3n del Estado Municipal.<\/p>\n\n\n\n<p>De la reuni\u00f3n de trabajo participaron el Intendente electo, Nelson Sombra; el futuro Secretario de Gobierno, Ignacio Pallia; la Presidenta del Concejo Deliberante, Mar\u00eda In\u00e9s Laurini; Secretaria del Cuerpo, Gisela Balda; Prosecretaria Legislativa, Juliana Raffaelli; Prosecretario Administrativo, Dami\u00e1n Vuotto; Secretario de Hacienda, Agust\u00edn Carus, junto a Nancy Alegre y Santiago Uriarte, integrantes del \u00e1rea.<\/p>\n\n\n\n<p>Adem\u00e1s, estuvieron presentes los Concejales Cecilia Mart\u00ednez, Graciela Bilello, Paola Ficca, Laura Aloisi, Cristina \u00c1lvarez, Pilar \u00c1lvarez, Jorge Ferrarello, Nicol\u00e1s Cartolano, Ramiro Ortiz, Natalia Colom\u00e9, Gisella Hiriart, Ver\u00f3nica Crisafulli y los Concejales electos Pablo Disalvo, Xavier Cabrera Cisneros, Sa\u00fal Lucero, Andrea Barcelo, Consuelo Burgos, Gast\u00f3n Blando y Agust\u00edn Puyou.<\/p>\n","protected":false},"excerpt":{"rendered":"<p>El objetivo de la reuni\u00f3n fue proponer el dise\u00f1o de un presupuesto participativo de cara al a\u00f1o entrante contemplando la colaboraci\u00f3n de todas las fuerzas pol\u00edticas. En principio, el Intendente electo explic\u00f3 que la finalidad de la reuni\u00f3n es construir de manera conjunta el presupuesto 2024 contando con la posibilidad de que cada espacio pol\u00edtico [&hellip;]<\/p>\n","protected":false},"author":2,"featured_media":2504,"comment_status":"open","ping_status":"open","sticky":false,"template":"","format":"standard","meta":{"tdm_status":"","tdm_grid_status":"","footnotes":""},"categories":[7],"tags":[],"class_list":{"0":"post-2503","1":"post","2":"type-post","3":"status-publish","4":"format-standard","5":"has-post-thumbnail","7":"category-noticias"},"yoast_head":"<!-- This site is optimized with the Yoast SEO plugin v27.3 - https:\/\/yoast.com\/product\/yoast-seo-wordpress\/ -->\n<title>Reuni\u00f3n ampliada con el Intendente electo Nelson Sombra - Concejo deliberante de Azul<\/title>\n<meta name=\"robots\" content=\"index, follow, max-snippet:-1, max-image-preview:large, max-video-preview:-1\" \/>\n<link rel=\"canonical\" href=\"https:\/\/concejodeliberantedeazul.gob.ar\/index.php\/2023\/11\/24\/reunion-ampliada-con-el-intendente-electo-nelson-sombra\/\" \/>\n<meta property=\"og:locale\" content=\"es_ES\" \/>\n<meta property=\"og:type\" content=\"article\" \/>\n<meta property=\"og:title\" content=\"Reuni\u00f3n ampliada con el Intendente electo Nelson Sombra - Concejo deliberante de Azul\" \/>\n<meta property=\"og:description\" content=\"El objetivo de la reuni\u00f3n fue proponer el dise\u00f1o de un presupuesto participativo de cara al a\u00f1o entrante contemplando la colaboraci\u00f3n de todas las fuerzas pol\u00edticas. En principio, el Intendente electo explic\u00f3 que la finalidad de la reuni\u00f3n es construir de manera conjunta el presupuesto 2024 contando con la posibilidad de que cada espacio pol\u00edtico [&hellip;]\" \/>\n<meta property=\"og:url\" content=\"https:\/\/concejodeliberantedeazul.gob.ar\/index.php\/2023\/11\/24\/reunion-ampliada-con-el-intendente-electo-nelson-sombra\/\" \/>\n<meta property=\"og:site_name\" content=\"Concejo deliberante de Azul\" \/>\n<meta property=\"article:published_time\" content=\"2023-11-24T18:46:27+00:00\" \/>\n<meta property=\"article:modified_time\" content=\"2023-11-24T18:46:36+00:00\" \/>\n<meta property=\"og:image\" content=\"http:\/\/concejodeliberantedeazul.gob.ar\/wp-content\/uploads\/2023\/11\/24-11-2023-reunion-ampliada-scaled.jpg\" \/>\n\t<meta property=\"og:image:width\" content=\"2560\" \/>\n\t<meta property=\"og:image:height\" content=\"1920\" \/>\n\t<meta property=\"og:image:type\" content=\"image\/jpeg\" \/>\n<meta name=\"author\" content=\"Concejo Deliberante Azul\" \/>\n<meta name=\"twitter:card\" content=\"summary_large_image\" \/>\n<meta name=\"twitter:label1\" content=\"Escrito por\" \/>\n\t<meta name=\"twitter:data1\" content=\"Concejo Deliberante Azul\" \/>\n\t<meta name=\"twitter:label2\" content=\"Tiempo de lectura\" \/>\n\t<meta name=\"twitter:data2\" content=\"2 minutos\" \/>\n<script type=\"application\/ld+json\" class=\"yoast-schema-graph\">{\"@context\":\"https:\\\/\\\/schema.org\",\"@graph\":[{\"@type\":\"Article\",\"@id\":\"https:\\\/\\\/concejodeliberantedeazul.gob.ar\\\/index.php\\\/2023\\\/11\\\/24\\\/reunion-ampliada-con-el-intendente-electo-nelson-sombra\\\/#article\",\"isPartOf\":{\"@id\":\"https:\\\/\\\/concejodeliberantedeazul.gob.ar\\\/index.php\\\/2023\\\/11\\\/24\\\/reunion-ampliada-con-el-intendente-electo-nelson-sombra\\\/\"},\"author\":{\"name\":\"Concejo Deliberante Azul\",\"@id\":\"http:\\\/\\\/concejodeliberantedeazul.gob.ar\\\/#\\\/schema\\\/person\\\/65fd6514aee7c29f008fc53b206198fe\"},\"headline\":\"Reuni\u00f3n ampliada con el Intendente electo Nelson Sombra\",\"datePublished\":\"2023-11-24T18:46:27+00:00\",\"dateModified\":\"2023-11-24T18:46:36+00:00\",\"mainEntityOfPage\":{\"@id\":\"https:\\\/\\\/concejodeliberantedeazul.gob.ar\\\/index.php\\\/2023\\\/11\\\/24\\\/reunion-ampliada-con-el-intendente-electo-nelson-sombra\\\/\"},\"wordCount\":315,\"commentCount\":0,\"image\":{\"@id\":\"https:\\\/\\\/concejodeliberantedeazul.gob.ar\\\/index.php\\\/2023\\\/11\\\/24\\\/reunion-ampliada-con-el-intendente-electo-nelson-sombra\\\/#primaryimage\"},\"thumbnailUrl\":\"http:\\\/\\\/concejodeliberantedeazul.gob.ar\\\/wp-content\\\/uploads\\\/2023\\\/11\\\/24-11-2023-reunion-ampliada-scaled.jpg\",\"articleSection\":[\"Noticias\"],\"inLanguage\":\"es-AR\",\"potentialAction\":[{\"@type\":\"CommentAction\",\"name\":\"Comment\",\"target\":[\"https:\\\/\\\/concejodeliberantedeazul.gob.ar\\\/index.php\\\/2023\\\/11\\\/24\\\/reunion-ampliada-con-el-intendente-electo-nelson-sombra\\\/#respond\"]}]},{\"@type\":\"WebPage\",\"@id\":\"https:\\\/\\\/concejodeliberantedeazul.gob.ar\\\/index.php\\\/2023\\\/11\\\/24\\\/reunion-ampliada-con-el-intendente-electo-nelson-sombra\\\/\",\"url\":\"https:\\\/\\\/concejodeliberantedeazul.gob.ar\\\/index.php\\\/2023\\\/11\\\/24\\\/reunion-ampliada-con-el-intendente-electo-nelson-sombra\\\/\",\"name\":\"Reuni\u00f3n ampliada con el Intendente electo Nelson Sombra - Concejo deliberante de Azul\",\"isPartOf\":{\"@id\":\"http:\\\/\\\/concejodeliberantedeazul.gob.ar\\\/#website\"},\"primaryImageOfPage\":{\"@id\":\"https:\\\/\\\/concejodeliberantedeazul.gob.ar\\\/index.php\\\/2023\\\/11\\\/24\\\/reunion-ampliada-con-el-intendente-electo-nelson-sombra\\\/#primaryimage\"},\"image\":{\"@id\":\"https:\\\/\\\/concejodeliberantedeazul.gob.ar\\\/index.php\\\/2023\\\/11\\\/24\\\/reunion-ampliada-con-el-intendente-electo-nelson-sombra\\\/#primaryimage\"},\"thumbnailUrl\":\"http:\\\/\\\/concejodeliberantedeazul.gob.ar\\\/wp-content\\\/uploads\\\/2023\\\/11\\\/24-11-2023-reunion-ampliada-scaled.jpg\",\"datePublished\":\"2023-11-24T18:46:27+00:00\",\"dateModified\":\"2023-11-24T18:46:36+00:00\",\"author\":{\"@id\":\"http:\\\/\\\/concejodeliberantedeazul.gob.ar\\\/#\\\/schema\\\/person\\\/65fd6514aee7c29f008fc53b206198fe\"},\"breadcrumb\":{\"@id\":\"https:\\\/\\\/concejodeliberantedeazul.gob.ar\\\/index.php\\\/2023\\\/11\\\/24\\\/reunion-ampliada-con-el-intendente-electo-nelson-sombra\\\/#breadcrumb\"},\"inLanguage\":\"es-AR\",\"potentialAction\":[{\"@type\":\"ReadAction\",\"target\":[\"https:\\\/\\\/concejodeliberantedeazul.gob.ar\\\/index.php\\\/2023\\\/11\\\/24\\\/reunion-ampliada-con-el-intendente-electo-nelson-sombra\\\/\"]}]},{\"@type\":\"ImageObject\",\"inLanguage\":\"es-AR\",\"@id\":\"https:\\\/\\\/concejodeliberantedeazul.gob.ar\\\/index.php\\\/2023\\\/11\\\/24\\\/reunion-ampliada-con-el-intendente-electo-nelson-sombra\\\/#primaryimage\",\"url\":\"http:\\\/\\\/concejodeliberantedeazul.gob.ar\\\/wp-content\\\/uploads\\\/2023\\\/11\\\/24-11-2023-reunion-ampliada-scaled.jpg\",\"contentUrl\":\"http:\\\/\\\/concejodeliberantedeazul.gob.ar\\\/wp-content\\\/uploads\\\/2023\\\/11\\\/24-11-2023-reunion-ampliada-scaled.jpg\",\"width\":2560,\"height\":1920},{\"@type\":\"BreadcrumbList\",\"@id\":\"https:\\\/\\\/concejodeliberantedeazul.gob.ar\\\/index.php\\\/2023\\\/11\\\/24\\\/reunion-ampliada-con-el-intendente-electo-nelson-sombra\\\/#breadcrumb\",\"itemListElement\":[{\"@type\":\"ListItem\",\"position\":1,\"name\":\"Inicio\",\"item\":\"https:\\\/\\\/concejodeliberantedeazul.gob.ar\\\/\"},{\"@type\":\"ListItem\",\"position\":2,\"name\":\"Reuni\u00f3n ampliada con el Intendente electo Nelson Sombra\"}]},{\"@type\":\"WebSite\",\"@id\":\"http:\\\/\\\/concejodeliberantedeazul.gob.ar\\\/#website\",\"url\":\"http:\\\/\\\/concejodeliberantedeazul.gob.ar\\\/\",\"name\":\"Concejo deliberante de Azul\",\"description\":\"Sitio Web Oficial del Concejo Deliberante de Azul, Prov. de Buenos Aires - Conformado por 18 concejales de todo el partido.\",\"potentialAction\":[{\"@type\":\"SearchAction\",\"target\":{\"@type\":\"EntryPoint\",\"urlTemplate\":\"http:\\\/\\\/concejodeliberantedeazul.gob.ar\\\/?s={search_term_string}\"},\"query-input\":{\"@type\":\"PropertyValueSpecification\",\"valueRequired\":true,\"valueName\":\"search_term_string\"}}],\"inLanguage\":\"es-AR\"},{\"@type\":\"Person\",\"@id\":\"http:\\\/\\\/concejodeliberantedeazul.gob.ar\\\/#\\\/schema\\\/person\\\/65fd6514aee7c29f008fc53b206198fe\",\"name\":\"Concejo Deliberante Azul\",\"image\":{\"@type\":\"ImageObject\",\"inLanguage\":\"es-AR\",\"@id\":\"https:\\\/\\\/secure.gravatar.com\\\/avatar\\\/30d9ae907861b897be87a25469982f0cfbce09947e0998bf7d9d0ecab450fb85?s=96&d=mm&r=g\",\"url\":\"https:\\\/\\\/secure.gravatar.com\\\/avatar\\\/30d9ae907861b897be87a25469982f0cfbce09947e0998bf7d9d0ecab450fb85?s=96&d=mm&r=g\",\"contentUrl\":\"https:\\\/\\\/secure.gravatar.com\\\/avatar\\\/30d9ae907861b897be87a25469982f0cfbce09947e0998bf7d9d0ecab450fb85?s=96&d=mm&r=g\",\"caption\":\"Concejo Deliberante Azul\"},\"url\":\"http:\\\/\\\/concejodeliberantedeazul.gob.ar\\\/index.php\\\/author\\\/concejo\\\/\"}]}<\/script>\n<!-- \/ Yoast SEO plugin. -->","yoast_head_json":{"title":"Reuni\u00f3n ampliada con el Intendente electo Nelson Sombra - Concejo deliberante de Azul","robots":{"index":"index","follow":"follow","max-snippet":"max-snippet:-1","max-image-preview":"max-image-preview:large","max-video-preview":"max-video-preview:-1"},"canonical":"https:\/\/concejodeliberantedeazul.gob.ar\/index.php\/2023\/11\/24\/reunion-ampliada-con-el-intendente-electo-nelson-sombra\/","og_locale":"es_ES","og_type":"article","og_title":"Reuni\u00f3n ampliada con el Intendente electo Nelson Sombra - Concejo deliberante de Azul","og_description":"El objetivo de la reuni\u00f3n fue proponer el dise\u00f1o de un presupuesto participativo de cara al a\u00f1o entrante contemplando la colaboraci\u00f3n de todas las fuerzas pol\u00edticas. En principio, el Intendente electo explic\u00f3 que la finalidad de la reuni\u00f3n es construir de manera conjunta el presupuesto 2024 contando con la posibilidad de que cada espacio pol\u00edtico [&hellip;]","og_url":"https:\/\/concejodeliberantedeazul.gob.ar\/index.php\/2023\/11\/24\/reunion-ampliada-con-el-intendente-electo-nelson-sombra\/","og_site_name":"Concejo deliberante de Azul","article_published_time":"2023-11-24T18:46:27+00:00","article_modified_time":"2023-11-24T18:46:36+00:00","og_image":[{"width":2560,"height":1920,"url":"http:\/\/concejodeliberantedeazul.gob.ar\/wp-content\/uploads\/2023\/11\/24-11-2023-reunion-ampliada-scaled.jpg","type":"image\/jpeg"}],"author":"Concejo Deliberante Azul","twitter_card":"summary_large_image","twitter_misc":{"Escrito por":"Concejo Deliberante Azul","Tiempo de lectura":"2 minutos"},"schema":{"@context":"https:\/\/schema.org","@graph":[{"@type":"Article","@id":"https:\/\/concejodeliberantedeazul.gob.ar\/index.php\/2023\/11\/24\/reunion-ampliada-con-el-intendente-electo-nelson-sombra\/#article","isPartOf":{"@id":"https:\/\/concejodeliberantedeazul.gob.ar\/index.php\/2023\/11\/24\/reunion-ampliada-con-el-intendente-electo-nelson-sombra\/"},"author":{"name":"Concejo Deliberante Azul","@id":"http:\/\/concejodeliberantedeazul.gob.ar\/#\/schema\/person\/65fd6514aee7c29f008fc53b206198fe"},"headline":"Reuni\u00f3n ampliada con el Intendente electo Nelson Sombra","datePublished":"2023-11-24T18:46:27+00:00","dateModified":"2023-11-24T18:46:36+00:00","mainEntityOfPage":{"@id":"https:\/\/concejodeliberantedeazul.gob.ar\/index.php\/2023\/11\/24\/reunion-ampliada-con-el-intendente-electo-nelson-sombra\/"},"wordCount":315,"commentCount":0,"image":{"@id":"https:\/\/concejodeliberantedeazul.gob.ar\/index.php\/2023\/11\/24\/reunion-ampliada-con-el-intendente-electo-nelson-sombra\/#primaryimage"},"thumbnailUrl":"http:\/\/concejodeliberantedeazul.gob.ar\/wp-content\/uploads\/2023\/11\/24-11-2023-reunion-ampliada-scaled.jpg","articleSection":["Noticias"],"inLanguage":"es-AR","potentialAction":[{"@type":"CommentAction","name":"Comment","target":["https:\/\/concejodeliberantedeazul.gob.ar\/index.php\/2023\/11\/24\/reunion-ampliada-con-el-intendente-electo-nelson-sombra\/#respond"]}]},{"@type":"WebPage","@id":"https:\/\/concejodeliberantedeazul.gob.ar\/index.php\/2023\/11\/24\/reunion-ampliada-con-el-intendente-electo-nelson-sombra\/","url":"https:\/\/concejodeliberantedeazul.gob.ar\/index.php\/2023\/11\/24\/reunion-ampliada-con-el-intendente-electo-nelson-sombra\/","name":"Reuni\u00f3n ampliada con el Intendente electo Nelson Sombra - Concejo deliberante de Azul","isPartOf":{"@id":"http:\/\/concejodeliberantedeazul.gob.ar\/#website"},"primaryImageOfPage":{"@id":"https:\/\/concejodeliberantedeazul.gob.ar\/index.php\/2023\/11\/24\/reunion-ampliada-con-el-intendente-electo-nelson-sombra\/#primaryimage"},"image":{"@id":"https:\/\/concejodeliberantedeazul.gob.ar\/index.php\/2023\/11\/24\/reunion-ampliada-con-el-intendente-electo-nelson-sombra\/#primaryimage"},"thumbnailUrl":"http:\/\/concejodeliberantedeazul.gob.ar\/wp-content\/uploads\/2023\/11\/24-11-2023-reunion-ampliada-scaled.jpg","datePublished":"2023-11-24T18:46:27+00:00","dateModified":"2023-11-24T18:46:36+00:00","author":{"@id":"http:\/\/concejodeliberantedeazul.gob.ar\/#\/schema\/person\/65fd6514aee7c29f008fc53b206198fe"},"breadcrumb":{"@id":"https:\/\/concejodeliberantedeazul.gob.ar\/index.php\/2023\/11\/24\/reunion-ampliada-con-el-intendente-electo-nelson-sombra\/#breadcrumb"},"inLanguage":"es-AR","potentialAction":[{"@type":"ReadAction","target":["https:\/\/concejodeliberantedeazul.gob.ar\/index.php\/2023\/11\/24\/reunion-ampliada-con-el-intendente-electo-nelson-sombra\/"]}]},{"@type":"ImageObject","inLanguage":"es-AR","@id":"https:\/\/concejodeliberantedeazul.gob.ar\/index.php\/2023\/11\/24\/reunion-ampliada-con-el-intendente-electo-nelson-sombra\/#primaryimage","url":"http:\/\/concejodeliberantedeazul.gob.ar\/wp-content\/uploads\/2023\/11\/24-11-2023-reunion-ampliada-scaled.jpg","contentUrl":"http:\/\/concejodeliberantedeazul.gob.ar\/wp-content\/uploads\/2023\/11\/24-11-2023-reunion-ampliada-scaled.jpg","width":2560,"height":1920},{"@type":"BreadcrumbList","@id":"https:\/\/concejodeliberantedeazul.gob.ar\/index.php\/2023\/11\/24\/reunion-ampliada-con-el-intendente-electo-nelson-sombra\/#breadcrumb","itemListElement":[{"@type":"ListItem","position":1,"name":"Inicio","item":"https:\/\/concejodeliberantedeazul.gob.ar\/"},{"@type":"ListItem","position":2,"name":"Reuni\u00f3n ampliada con el Intendente electo Nelson Sombra"}]},{"@type":"WebSite","@id":"http:\/\/concejodeliberantedeazul.gob.ar\/#website","url":"http:\/\/concejodeliberantedeazul.gob.ar\/","name":"Concejo deliberante de Azul","description":"Sitio Web Oficial del Concejo Deliberante de Azul, Prov. de Buenos Aires - Conformado por 18 concejales de todo el partido.","potentialAction":[{"@type":"SearchAction","target":{"@type":"EntryPoint","urlTemplate":"http:\/\/concejodeliberantedeazul.gob.ar\/?s={search_term_string}"},"query-input":{"@type":"PropertyValueSpecification","valueRequired":true,"valueName":"search_term_string"}}],"inLanguage":"es-AR"},{"@type":"Person","@id":"http:\/\/concejodeliberantedeazul.gob.ar\/#\/schema\/person\/65fd6514aee7c29f008fc53b206198fe","name":"Concejo Deliberante Azul","image":{"@type":"ImageObject","inLanguage":"es-AR","@id":"https:\/\/secure.gravatar.com\/avatar\/30d9ae907861b897be87a25469982f0cfbce09947e0998bf7d9d0ecab450fb85?s=96&d=mm&r=g","url":"https:\/\/secure.gravatar.com\/avatar\/30d9ae907861b897be87a25469982f0cfbce09947e0998bf7d9d0ecab450fb85?s=96&d=mm&r=g","contentUrl":"https:\/\/secure.gravatar.com\/avatar\/30d9ae907861b897be87a25469982f0cfbce09947e0998bf7d9d0ecab450fb85?s=96&d=mm&r=g","caption":"Concejo Deliberante Azul"},"url":"http:\/\/concejodeliberantedeazul.gob.ar\/index.php\/author\/concejo\/"}]}},"amp_enabled":true,"_links":{"self":[{"href":"http:\/\/concejodeliberantedeazul.gob.ar\/index.php\/wp-json\/wp\/v2\/posts\/2503","targetHints":{"allow":["GET"]}}],"collection":[{"href":"http:\/\/concejodeliberantedeazul.gob.ar\/index.php\/wp-json\/wp\/v2\/posts"}],"about":[{"href":"http:\/\/concejodeliberantedeazul.gob.ar\/index.php\/wp-json\/wp\/v2\/types\/post"}],"author":[{"embeddable":true,"href":"http:\/\/concejodeliberantedeazul.gob.ar\/index.php\/wp-json\/wp\/v2\/users\/2"}],"replies":[{"embeddable":true,"href":"http:\/\/concejodeliberantedeazul.gob.ar\/index.php\/wp-json\/wp\/v2\/comments?post=2503"}],"version-history":[{"count":1,"href":"http:\/\/concejodeliberantedeazul.gob.ar\/index.php\/wp-json\/wp\/v2\/posts\/2503\/revisions"}],"predecessor-version":[{"id":2505,"href":"http:\/\/concejodeliberantedeazul.gob.ar\/index.php\/wp-json\/wp\/v2\/posts\/2503\/revisions\/2505"}],"wp:featuredmedia":[{"embeddable":true,"href":"http:\/\/concejodeliberantedeazul.gob.ar\/index.php\/wp-json\/wp\/v2\/media\/2504"}],"wp:attachment":[{"href":"http:\/\/concejodeliberantedeazul.gob.ar\/index.php\/wp-json\/wp\/v2\/media?parent=2503"}],"wp:term":[{"taxonomy":"category","embeddable":true,"href":"http:\/\/concejodeliberantedeazul.gob.ar\/index.php\/wp-json\/wp\/v2\/categories?post=2503"},{"taxonomy":"post_tag","embeddable":true,"href":"http:\/\/concejodeliberantedeazul.gob.ar\/index.php\/wp-json\/wp\/v2\/tags?post=2503"}],"curies":[{"name":"wp","href":"https:\/\/api.w.org\/{rel}","templated":true}]}}