{"id":2491,"date":"2023-11-23T12:46:58","date_gmt":"2023-11-23T15:46:58","guid":{"rendered":"http:\/\/concejodeliberantedeazul.gob.ar\/?p=2491"},"modified":"2023-11-23T12:47:06","modified_gmt":"2023-11-23T15:47:06","slug":"alumnos-y-docentes-del-instituto-palmiro-bogliano-presentaron-un-trabajo-de-investigacion-en-el-concejo-deliberante","status":"publish","type":"post","link":"http:\/\/concejodeliberantedeazul.gob.ar\/index.php\/2023\/11\/23\/alumnos-y-docentes-del-instituto-palmiro-bogliano-presentaron-un-trabajo-de-investigacion-en-el-concejo-deliberante\/","title":{"rendered":"Alumnos y docentes del Instituto Palmiro Bogliano presentaron un trabajo de investigaci\u00f3n en el Concejo Deliberante"},"content":{"rendered":"\n<p>Previo a la D\u00e9cima Octava Sesi\u00f3n Ordinaria, docentes y alumnos del Instituto Terciario Palmiro Bogliano presentaron en el recinto del Concejo Deliberante un trabajo de investigaci\u00f3n realizado por la Catedra Investigaci\u00f3n Hist\u00f3rica II en el marco de los 40 a\u00f1os de democracia.<\/p>\n\n\n\n<p>Los mismos fueron recibidos por la Presidenta del Cuerpo, Mar\u00eda In\u00e9s Laurini y los Concejales Alejandro Vieryra, Paola Ficca, Cristina \u00c1lvarez, Ver\u00f3nica Crisafulli, Jorge Ferrarello, Pilar \u00c1lvarez, Natalia Colome, Gisella Hiriart, Joaqu\u00edn Propato, Nicol\u00e1s Cartolano, Silvio Santill\u00e1n, Graciela Bilello y Cecilia Mart\u00ednez.<\/p>\n\n\n\n<p>En la oportunidad, las docentes Romina Guedes y Angie Levigna y la alumna Desiree Raffaelli dieron a conocer la revista realizada la cual recopila toda la investigaci\u00f3n que llevaron adelante. Adem\u00e1s, hicieron entrega de un ejemplar el cual pasar\u00e1 a formar parte de la biblioteca del Poder Legislativo.<\/p>\n\n\n\n<p>Por otra parte, las autoras de la revista dejaron un flyer con un acceso por QR en donde se pueden visualizar las entrevistas realizadas en el marco de la investigaci\u00f3n. &nbsp;<\/p>\n","protected":false},"excerpt":{"rendered":"<p>Previo a la D\u00e9cima Octava Sesi\u00f3n Ordinaria, docentes y alumnos del Instituto Terciario Palmiro Bogliano presentaron en el recinto del Concejo Deliberante un trabajo de investigaci\u00f3n realizado por la Catedra Investigaci\u00f3n Hist\u00f3rica II en el marco de los 40 a\u00f1os de democracia. Los mismos fueron recibidos por la Presidenta del Cuerpo, Mar\u00eda In\u00e9s Laurini y [&hellip;]<\/p>\n","protected":false},"author":2,"featured_media":2492,"comment_status":"open","ping_status":"open","sticky":false,"template":"","format":"standard","meta":{"tdm_status":"","tdm_grid_status":"","footnotes":""},"categories":[7],"tags":[],"class_list":{"0":"post-2491","1":"post","2":"type-post","3":"status-publish","4":"format-standard","5":"has-post-thumbnail","7":"category-noticias"},"yoast_head":"<!-- This site is optimized with the Yoast SEO plugin v27.3 - https:\/\/yoast.com\/product\/yoast-seo-wordpress\/ -->\n<title>Alumnos y docentes del Instituto Palmiro Bogliano presentaron un trabajo de investigaci\u00f3n en el Concejo Deliberante - Concejo deliberante de Azul<\/title>\n<meta name=\"robots\" content=\"index, follow, max-snippet:-1, max-image-preview:large, max-video-preview:-1\" \/>\n<link rel=\"canonical\" href=\"https:\/\/concejodeliberantedeazul.gob.ar\/index.php\/2023\/11\/23\/alumnos-y-docentes-del-instituto-palmiro-bogliano-presentaron-un-trabajo-de-investigacion-en-el-concejo-deliberante\/\" \/>\n<meta property=\"og:locale\" content=\"es_ES\" \/>\n<meta property=\"og:type\" content=\"article\" \/>\n<meta property=\"og:title\" content=\"Alumnos y docentes del Instituto Palmiro Bogliano presentaron un trabajo de investigaci\u00f3n en el Concejo Deliberante - Concejo deliberante de Azul\" \/>\n<meta property=\"og:description\" content=\"Previo a la D\u00e9cima Octava Sesi\u00f3n Ordinaria, docentes y alumnos del Instituto Terciario Palmiro Bogliano presentaron en el recinto del Concejo Deliberante un trabajo de investigaci\u00f3n realizado por la Catedra Investigaci\u00f3n Hist\u00f3rica II en el marco de los 40 a\u00f1os de democracia. Los mismos fueron recibidos por la Presidenta del Cuerpo, Mar\u00eda In\u00e9s Laurini y [&hellip;]\" \/>\n<meta property=\"og:url\" content=\"https:\/\/concejodeliberantedeazul.gob.ar\/index.php\/2023\/11\/23\/alumnos-y-docentes-del-instituto-palmiro-bogliano-presentaron-un-trabajo-de-investigacion-en-el-concejo-deliberante\/\" \/>\n<meta property=\"og:site_name\" content=\"Concejo deliberante de Azul\" \/>\n<meta property=\"article:published_time\" content=\"2023-11-23T15:46:58+00:00\" \/>\n<meta property=\"article:modified_time\" content=\"2023-11-23T15:47:06+00:00\" \/>\n<meta property=\"og:image\" content=\"http:\/\/concejodeliberantedeazul.gob.ar\/wp-content\/uploads\/2023\/11\/23-11-2023-Instituto.jpg\" \/>\n\t<meta property=\"og:image:width\" content=\"1600\" \/>\n\t<meta property=\"og:image:height\" content=\"1200\" \/>\n\t<meta property=\"og:image:type\" content=\"image\/jpeg\" \/>\n<meta name=\"author\" content=\"Concejo Deliberante Azul\" \/>\n<meta name=\"twitter:card\" content=\"summary_large_image\" \/>\n<meta name=\"twitter:label1\" content=\"Escrito por\" \/>\n\t<meta name=\"twitter:data1\" content=\"Concejo Deliberante Azul\" \/>\n\t<meta name=\"twitter:label2\" content=\"Tiempo de lectura\" \/>\n\t<meta name=\"twitter:data2\" content=\"1 minuto\" \/>\n<script type=\"application\/ld+json\" class=\"yoast-schema-graph\">{\"@context\":\"https:\\\/\\\/schema.org\",\"@graph\":[{\"@type\":\"Article\",\"@id\":\"https:\\\/\\\/concejodeliberantedeazul.gob.ar\\\/index.php\\\/2023\\\/11\\\/23\\\/alumnos-y-docentes-del-instituto-palmiro-bogliano-presentaron-un-trabajo-de-investigacion-en-el-concejo-deliberante\\\/#article\",\"isPartOf\":{\"@id\":\"https:\\\/\\\/concejodeliberantedeazul.gob.ar\\\/index.php\\\/2023\\\/11\\\/23\\\/alumnos-y-docentes-del-instituto-palmiro-bogliano-presentaron-un-trabajo-de-investigacion-en-el-concejo-deliberante\\\/\"},\"author\":{\"name\":\"Concejo Deliberante Azul\",\"@id\":\"http:\\\/\\\/concejodeliberantedeazul.gob.ar\\\/#\\\/schema\\\/person\\\/65fd6514aee7c29f008fc53b206198fe\"},\"headline\":\"Alumnos y docentes del Instituto Palmiro Bogliano presentaron un trabajo de investigaci\u00f3n en el Concejo Deliberante\",\"datePublished\":\"2023-11-23T15:46:58+00:00\",\"dateModified\":\"2023-11-23T15:47:06+00:00\",\"mainEntityOfPage\":{\"@id\":\"https:\\\/\\\/concejodeliberantedeazul.gob.ar\\\/index.php\\\/2023\\\/11\\\/23\\\/alumnos-y-docentes-del-instituto-palmiro-bogliano-presentaron-un-trabajo-de-investigacion-en-el-concejo-deliberante\\\/\"},\"wordCount\":195,\"commentCount\":0,\"image\":{\"@id\":\"https:\\\/\\\/concejodeliberantedeazul.gob.ar\\\/index.php\\\/2023\\\/11\\\/23\\\/alumnos-y-docentes-del-instituto-palmiro-bogliano-presentaron-un-trabajo-de-investigacion-en-el-concejo-deliberante\\\/#primaryimage\"},\"thumbnailUrl\":\"http:\\\/\\\/concejodeliberantedeazul.gob.ar\\\/wp-content\\\/uploads\\\/2023\\\/11\\\/23-11-2023-Instituto.jpg\",\"articleSection\":[\"Noticias\"],\"inLanguage\":\"es-AR\",\"potentialAction\":[{\"@type\":\"CommentAction\",\"name\":\"Comment\",\"target\":[\"https:\\\/\\\/concejodeliberantedeazul.gob.ar\\\/index.php\\\/2023\\\/11\\\/23\\\/alumnos-y-docentes-del-instituto-palmiro-bogliano-presentaron-un-trabajo-de-investigacion-en-el-concejo-deliberante\\\/#respond\"]}]},{\"@type\":\"WebPage\",\"@id\":\"https:\\\/\\\/concejodeliberantedeazul.gob.ar\\\/index.php\\\/2023\\\/11\\\/23\\\/alumnos-y-docentes-del-instituto-palmiro-bogliano-presentaron-un-trabajo-de-investigacion-en-el-concejo-deliberante\\\/\",\"url\":\"https:\\\/\\\/concejodeliberantedeazul.gob.ar\\\/index.php\\\/2023\\\/11\\\/23\\\/alumnos-y-docentes-del-instituto-palmiro-bogliano-presentaron-un-trabajo-de-investigacion-en-el-concejo-deliberante\\\/\",\"name\":\"Alumnos y docentes del Instituto Palmiro Bogliano presentaron un trabajo de investigaci\u00f3n en el Concejo Deliberante - Concejo deliberante de Azul\",\"isPartOf\":{\"@id\":\"http:\\\/\\\/concejodeliberantedeazul.gob.ar\\\/#website\"},\"primaryImageOfPage\":{\"@id\":\"https:\\\/\\\/concejodeliberantedeazul.gob.ar\\\/index.php\\\/2023\\\/11\\\/23\\\/alumnos-y-docentes-del-instituto-palmiro-bogliano-presentaron-un-trabajo-de-investigacion-en-el-concejo-deliberante\\\/#primaryimage\"},\"image\":{\"@id\":\"https:\\\/\\\/concejodeliberantedeazul.gob.ar\\\/index.php\\\/2023\\\/11\\\/23\\\/alumnos-y-docentes-del-instituto-palmiro-bogliano-presentaron-un-trabajo-de-investigacion-en-el-concejo-deliberante\\\/#primaryimage\"},\"thumbnailUrl\":\"http:\\\/\\\/concejodeliberantedeazul.gob.ar\\\/wp-content\\\/uploads\\\/2023\\\/11\\\/23-11-2023-Instituto.jpg\",\"datePublished\":\"2023-11-23T15:46:58+00:00\",\"dateModified\":\"2023-11-23T15:47:06+00:00\",\"author\":{\"@id\":\"http:\\\/\\\/concejodeliberantedeazul.gob.ar\\\/#\\\/schema\\\/person\\\/65fd6514aee7c29f008fc53b206198fe\"},\"breadcrumb\":{\"@id\":\"https:\\\/\\\/concejodeliberantedeazul.gob.ar\\\/index.php\\\/2023\\\/11\\\/23\\\/alumnos-y-docentes-del-instituto-palmiro-bogliano-presentaron-un-trabajo-de-investigacion-en-el-concejo-deliberante\\\/#breadcrumb\"},\"inLanguage\":\"es-AR\",\"potentialAction\":[{\"@type\":\"ReadAction\",\"target\":[\"https:\\\/\\\/concejodeliberantedeazul.gob.ar\\\/index.php\\\/2023\\\/11\\\/23\\\/alumnos-y-docentes-del-instituto-palmiro-bogliano-presentaron-un-trabajo-de-investigacion-en-el-concejo-deliberante\\\/\"]}]},{\"@type\":\"ImageObject\",\"inLanguage\":\"es-AR\",\"@id\":\"https:\\\/\\\/concejodeliberantedeazul.gob.ar\\\/index.php\\\/2023\\\/11\\\/23\\\/alumnos-y-docentes-del-instituto-palmiro-bogliano-presentaron-un-trabajo-de-investigacion-en-el-concejo-deliberante\\\/#primaryimage\",\"url\":\"http:\\\/\\\/concejodeliberantedeazul.gob.ar\\\/wp-content\\\/uploads\\\/2023\\\/11\\\/23-11-2023-Instituto.jpg\",\"contentUrl\":\"http:\\\/\\\/concejodeliberantedeazul.gob.ar\\\/wp-content\\\/uploads\\\/2023\\\/11\\\/23-11-2023-Instituto.jpg\",\"width\":1600,\"height\":1200},{\"@type\":\"BreadcrumbList\",\"@id\":\"https:\\\/\\\/concejodeliberantedeazul.gob.ar\\\/index.php\\\/2023\\\/11\\\/23\\\/alumnos-y-docentes-del-instituto-palmiro-bogliano-presentaron-un-trabajo-de-investigacion-en-el-concejo-deliberante\\\/#breadcrumb\",\"itemListElement\":[{\"@type\":\"ListItem\",\"position\":1,\"name\":\"Inicio\",\"item\":\"https:\\\/\\\/concejodeliberantedeazul.gob.ar\\\/\"},{\"@type\":\"ListItem\",\"position\":2,\"name\":\"Alumnos y docentes del Instituto Palmiro Bogliano presentaron un trabajo de investigaci\u00f3n en el Concejo Deliberante\"}]},{\"@type\":\"WebSite\",\"@id\":\"http:\\\/\\\/concejodeliberantedeazul.gob.ar\\\/#website\",\"url\":\"http:\\\/\\\/concejodeliberantedeazul.gob.ar\\\/\",\"name\":\"Concejo deliberante de Azul\",\"description\":\"Sitio Web Oficial del Concejo Deliberante de Azul, Prov. de Buenos Aires - Conformado por 18 concejales de todo el partido.\",\"potentialAction\":[{\"@type\":\"SearchAction\",\"target\":{\"@type\":\"EntryPoint\",\"urlTemplate\":\"http:\\\/\\\/concejodeliberantedeazul.gob.ar\\\/?s={search_term_string}\"},\"query-input\":{\"@type\":\"PropertyValueSpecification\",\"valueRequired\":true,\"valueName\":\"search_term_string\"}}],\"inLanguage\":\"es-AR\"},{\"@type\":\"Person\",\"@id\":\"http:\\\/\\\/concejodeliberantedeazul.gob.ar\\\/#\\\/schema\\\/person\\\/65fd6514aee7c29f008fc53b206198fe\",\"name\":\"Concejo Deliberante Azul\",\"image\":{\"@type\":\"ImageObject\",\"inLanguage\":\"es-AR\",\"@id\":\"https:\\\/\\\/secure.gravatar.com\\\/avatar\\\/30d9ae907861b897be87a25469982f0cfbce09947e0998bf7d9d0ecab450fb85?s=96&d=mm&r=g\",\"url\":\"https:\\\/\\\/secure.gravatar.com\\\/avatar\\\/30d9ae907861b897be87a25469982f0cfbce09947e0998bf7d9d0ecab450fb85?s=96&d=mm&r=g\",\"contentUrl\":\"https:\\\/\\\/secure.gravatar.com\\\/avatar\\\/30d9ae907861b897be87a25469982f0cfbce09947e0998bf7d9d0ecab450fb85?s=96&d=mm&r=g\",\"caption\":\"Concejo Deliberante Azul\"},\"url\":\"http:\\\/\\\/concejodeliberantedeazul.gob.ar\\\/index.php\\\/author\\\/concejo\\\/\"}]}<\/script>\n<!-- \/ Yoast SEO plugin. -->","yoast_head_json":{"title":"Alumnos y docentes del Instituto Palmiro Bogliano presentaron un trabajo de investigaci\u00f3n en el Concejo Deliberante - Concejo deliberante de Azul","robots":{"index":"index","follow":"follow","max-snippet":"max-snippet:-1","max-image-preview":"max-image-preview:large","max-video-preview":"max-video-preview:-1"},"canonical":"https:\/\/concejodeliberantedeazul.gob.ar\/index.php\/2023\/11\/23\/alumnos-y-docentes-del-instituto-palmiro-bogliano-presentaron-un-trabajo-de-investigacion-en-el-concejo-deliberante\/","og_locale":"es_ES","og_type":"article","og_title":"Alumnos y docentes del Instituto Palmiro Bogliano presentaron un trabajo de investigaci\u00f3n en el Concejo Deliberante - Concejo deliberante de Azul","og_description":"Previo a la D\u00e9cima Octava Sesi\u00f3n Ordinaria, docentes y alumnos del Instituto Terciario Palmiro Bogliano presentaron en el recinto del Concejo Deliberante un trabajo de investigaci\u00f3n realizado por la Catedra Investigaci\u00f3n Hist\u00f3rica II en el marco de los 40 a\u00f1os de democracia. Los mismos fueron recibidos por la Presidenta del Cuerpo, Mar\u00eda In\u00e9s Laurini y [&hellip;]","og_url":"https:\/\/concejodeliberantedeazul.gob.ar\/index.php\/2023\/11\/23\/alumnos-y-docentes-del-instituto-palmiro-bogliano-presentaron-un-trabajo-de-investigacion-en-el-concejo-deliberante\/","og_site_name":"Concejo deliberante de Azul","article_published_time":"2023-11-23T15:46:58+00:00","article_modified_time":"2023-11-23T15:47:06+00:00","og_image":[{"width":1600,"height":1200,"url":"http:\/\/concejodeliberantedeazul.gob.ar\/wp-content\/uploads\/2023\/11\/23-11-2023-Instituto.jpg","type":"image\/jpeg"}],"author":"Concejo Deliberante Azul","twitter_card":"summary_large_image","twitter_misc":{"Escrito por":"Concejo Deliberante Azul","Tiempo de lectura":"1 minuto"},"schema":{"@context":"https:\/\/schema.org","@graph":[{"@type":"Article","@id":"https:\/\/concejodeliberantedeazul.gob.ar\/index.php\/2023\/11\/23\/alumnos-y-docentes-del-instituto-palmiro-bogliano-presentaron-un-trabajo-de-investigacion-en-el-concejo-deliberante\/#article","isPartOf":{"@id":"https:\/\/concejodeliberantedeazul.gob.ar\/index.php\/2023\/11\/23\/alumnos-y-docentes-del-instituto-palmiro-bogliano-presentaron-un-trabajo-de-investigacion-en-el-concejo-deliberante\/"},"author":{"name":"Concejo Deliberante Azul","@id":"http:\/\/concejodeliberantedeazul.gob.ar\/#\/schema\/person\/65fd6514aee7c29f008fc53b206198fe"},"headline":"Alumnos y docentes del Instituto Palmiro Bogliano presentaron un trabajo de investigaci\u00f3n en el Concejo Deliberante","datePublished":"2023-11-23T15:46:58+00:00","dateModified":"2023-11-23T15:47:06+00:00","mainEntityOfPage":{"@id":"https:\/\/concejodeliberantedeazul.gob.ar\/index.php\/2023\/11\/23\/alumnos-y-docentes-del-instituto-palmiro-bogliano-presentaron-un-trabajo-de-investigacion-en-el-concejo-deliberante\/"},"wordCount":195,"commentCount":0,"image":{"@id":"https:\/\/concejodeliberantedeazul.gob.ar\/index.php\/2023\/11\/23\/alumnos-y-docentes-del-instituto-palmiro-bogliano-presentaron-un-trabajo-de-investigacion-en-el-concejo-deliberante\/#primaryimage"},"thumbnailUrl":"http:\/\/concejodeliberantedeazul.gob.ar\/wp-content\/uploads\/2023\/11\/23-11-2023-Instituto.jpg","articleSection":["Noticias"],"inLanguage":"es-AR","potentialAction":[{"@type":"CommentAction","name":"Comment","target":["https:\/\/concejodeliberantedeazul.gob.ar\/index.php\/2023\/11\/23\/alumnos-y-docentes-del-instituto-palmiro-bogliano-presentaron-un-trabajo-de-investigacion-en-el-concejo-deliberante\/#respond"]}]},{"@type":"WebPage","@id":"https:\/\/concejodeliberantedeazul.gob.ar\/index.php\/2023\/11\/23\/alumnos-y-docentes-del-instituto-palmiro-bogliano-presentaron-un-trabajo-de-investigacion-en-el-concejo-deliberante\/","url":"https:\/\/concejodeliberantedeazul.gob.ar\/index.php\/2023\/11\/23\/alumnos-y-docentes-del-instituto-palmiro-bogliano-presentaron-un-trabajo-de-investigacion-en-el-concejo-deliberante\/","name":"Alumnos y docentes del Instituto Palmiro Bogliano presentaron un trabajo de investigaci\u00f3n en el Concejo Deliberante - Concejo deliberante de Azul","isPartOf":{"@id":"http:\/\/concejodeliberantedeazul.gob.ar\/#website"},"primaryImageOfPage":{"@id":"https:\/\/concejodeliberantedeazul.gob.ar\/index.php\/2023\/11\/23\/alumnos-y-docentes-del-instituto-palmiro-bogliano-presentaron-un-trabajo-de-investigacion-en-el-concejo-deliberante\/#primaryimage"},"image":{"@id":"https:\/\/concejodeliberantedeazul.gob.ar\/index.php\/2023\/11\/23\/alumnos-y-docentes-del-instituto-palmiro-bogliano-presentaron-un-trabajo-de-investigacion-en-el-concejo-deliberante\/#primaryimage"},"thumbnailUrl":"http:\/\/concejodeliberantedeazul.gob.ar\/wp-content\/uploads\/2023\/11\/23-11-2023-Instituto.jpg","datePublished":"2023-11-23T15:46:58+00:00","dateModified":"2023-11-23T15:47:06+00:00","author":{"@id":"http:\/\/concejodeliberantedeazul.gob.ar\/#\/schema\/person\/65fd6514aee7c29f008fc53b206198fe"},"breadcrumb":{"@id":"https:\/\/concejodeliberantedeazul.gob.ar\/index.php\/2023\/11\/23\/alumnos-y-docentes-del-instituto-palmiro-bogliano-presentaron-un-trabajo-de-investigacion-en-el-concejo-deliberante\/#breadcrumb"},"inLanguage":"es-AR","potentialAction":[{"@type":"ReadAction","target":["https:\/\/concejodeliberantedeazul.gob.ar\/index.php\/2023\/11\/23\/alumnos-y-docentes-del-instituto-palmiro-bogliano-presentaron-un-trabajo-de-investigacion-en-el-concejo-deliberante\/"]}]},{"@type":"ImageObject","inLanguage":"es-AR","@id":"https:\/\/concejodeliberantedeazul.gob.ar\/index.php\/2023\/11\/23\/alumnos-y-docentes-del-instituto-palmiro-bogliano-presentaron-un-trabajo-de-investigacion-en-el-concejo-deliberante\/#primaryimage","url":"http:\/\/concejodeliberantedeazul.gob.ar\/wp-content\/uploads\/2023\/11\/23-11-2023-Instituto.jpg","contentUrl":"http:\/\/concejodeliberantedeazul.gob.ar\/wp-content\/uploads\/2023\/11\/23-11-2023-Instituto.jpg","width":1600,"height":1200},{"@type":"BreadcrumbList","@id":"https:\/\/concejodeliberantedeazul.gob.ar\/index.php\/2023\/11\/23\/alumnos-y-docentes-del-instituto-palmiro-bogliano-presentaron-un-trabajo-de-investigacion-en-el-concejo-deliberante\/#breadcrumb","itemListElement":[{"@type":"ListItem","position":1,"name":"Inicio","item":"https:\/\/concejodeliberantedeazul.gob.ar\/"},{"@type":"ListItem","position":2,"name":"Alumnos y docentes del Instituto Palmiro Bogliano presentaron un trabajo de investigaci\u00f3n en el Concejo Deliberante"}]},{"@type":"WebSite","@id":"http:\/\/concejodeliberantedeazul.gob.ar\/#website","url":"http:\/\/concejodeliberantedeazul.gob.ar\/","name":"Concejo deliberante de Azul","description":"Sitio Web Oficial del Concejo Deliberante de Azul, Prov. de Buenos Aires - Conformado por 18 concejales de todo el partido.","potentialAction":[{"@type":"SearchAction","target":{"@type":"EntryPoint","urlTemplate":"http:\/\/concejodeliberantedeazul.gob.ar\/?s={search_term_string}"},"query-input":{"@type":"PropertyValueSpecification","valueRequired":true,"valueName":"search_term_string"}}],"inLanguage":"es-AR"},{"@type":"Person","@id":"http:\/\/concejodeliberantedeazul.gob.ar\/#\/schema\/person\/65fd6514aee7c29f008fc53b206198fe","name":"Concejo Deliberante Azul","image":{"@type":"ImageObject","inLanguage":"es-AR","@id":"https:\/\/secure.gravatar.com\/avatar\/30d9ae907861b897be87a25469982f0cfbce09947e0998bf7d9d0ecab450fb85?s=96&d=mm&r=g","url":"https:\/\/secure.gravatar.com\/avatar\/30d9ae907861b897be87a25469982f0cfbce09947e0998bf7d9d0ecab450fb85?s=96&d=mm&r=g","contentUrl":"https:\/\/secure.gravatar.com\/avatar\/30d9ae907861b897be87a25469982f0cfbce09947e0998bf7d9d0ecab450fb85?s=96&d=mm&r=g","caption":"Concejo Deliberante Azul"},"url":"http:\/\/concejodeliberantedeazul.gob.ar\/index.php\/author\/concejo\/"}]}},"amp_enabled":true,"_links":{"self":[{"href":"http:\/\/concejodeliberantedeazul.gob.ar\/index.php\/wp-json\/wp\/v2\/posts\/2491","targetHints":{"allow":["GET"]}}],"collection":[{"href":"http:\/\/concejodeliberantedeazul.gob.ar\/index.php\/wp-json\/wp\/v2\/posts"}],"about":[{"href":"http:\/\/concejodeliberantedeazul.gob.ar\/index.php\/wp-json\/wp\/v2\/types\/post"}],"author":[{"embeddable":true,"href":"http:\/\/concejodeliberantedeazul.gob.ar\/index.php\/wp-json\/wp\/v2\/users\/2"}],"replies":[{"embeddable":true,"href":"http:\/\/concejodeliberantedeazul.gob.ar\/index.php\/wp-json\/wp\/v2\/comments?post=2491"}],"version-history":[{"count":1,"href":"http:\/\/concejodeliberantedeazul.gob.ar\/index.php\/wp-json\/wp\/v2\/posts\/2491\/revisions"}],"predecessor-version":[{"id":2493,"href":"http:\/\/concejodeliberantedeazul.gob.ar\/index.php\/wp-json\/wp\/v2\/posts\/2491\/revisions\/2493"}],"wp:featuredmedia":[{"embeddable":true,"href":"http:\/\/concejodeliberantedeazul.gob.ar\/index.php\/wp-json\/wp\/v2\/media\/2492"}],"wp:attachment":[{"href":"http:\/\/concejodeliberantedeazul.gob.ar\/index.php\/wp-json\/wp\/v2\/media?parent=2491"}],"wp:term":[{"taxonomy":"category","embeddable":true,"href":"http:\/\/concejodeliberantedeazul.gob.ar\/index.php\/wp-json\/wp\/v2\/categories?post=2491"},{"taxonomy":"post_tag","embeddable":true,"href":"http:\/\/concejodeliberantedeazul.gob.ar\/index.php\/wp-json\/wp\/v2\/tags?post=2491"}],"curies":[{"name":"wp","href":"https:\/\/api.w.org\/{rel}","templated":true}]}}