{"id":2454,"date":"2023-11-08T12:37:21","date_gmt":"2023-11-08T15:37:21","guid":{"rendered":"http:\/\/concejodeliberantedeazul.gob.ar\/?p=2454"},"modified":"2023-11-08T12:37:22","modified_gmt":"2023-11-08T15:37:22","slug":"el-consejo-de-arbolado-plantara-60-ejemplares-en-diferentes-puntos-del-partido-de-azul","status":"publish","type":"post","link":"http:\/\/concejodeliberantedeazul.gob.ar\/index.php\/2023\/11\/08\/el-consejo-de-arbolado-plantara-60-ejemplares-en-diferentes-puntos-del-partido-de-azul\/","title":{"rendered":"El Consejo de Arbolado plantar\u00e1 60 ejemplares en diferentes puntos del partido de Azul"},"content":{"rendered":"\n<p>La iniciativa surge a partir de la donaci\u00f3n realizada por la empresa \u201cJohn Deere\u201d en el marco de una campa\u00f1a que la compa\u00f1\u00eda viene realizando con el objetivo de plantar un mill\u00f3n de \u00e1rboles de especies nativas en todos los pa\u00edses de Latinoam\u00e9rica.<\/p>\n\n\n\n<p>Los ejemplares donados ser\u00e1n plantados en Cachari, Chillar, Jard\u00edn 901 y barrios SOCOA, Chacras de Bruno y San Mart\u00edn de Porres. Los lugares fueron elegidos a partir del relevamiento realizado por los integrantes del Consejo.<\/p>\n\n\n\n<p>Durante la ma\u00f1ana de este mi\u00e9rcoles, se concret\u00f3 una nueva reuni\u00f3n en el recinto del Concejo Deliberante en donde se dialog\u00f3 sobre esta donaci\u00f3n y dem\u00e1s tem\u00e1ticas sobre las que se est\u00e1 trabajando.<\/p>\n\n\n\n<p>De la reuni\u00f3n participaron las concejalas Cristina \u00c1lvarez, Graciela Bilello, Natalia Colom\u00e9 y Ver\u00f3nica Crisafulli; Dolores Lynch y Santiago Balda, Coordinadores del Consejo; Hern\u00e1n Godoy, en representaci\u00f3n del Ejecutivo Municipal; Francisco Bardi, Pablo Nasello, Cecilia Rossi y Eugenia Traina.<\/p>\n\n\n\n<p>En la reuni\u00f3n, se dialog\u00f3 sobre el proyecto de Ordenanza girado a la Comisi\u00f3n de Obras P\u00fablicas, para trabajar en conjunto con el Consejo de Arbolado, referente a modificar la Ordenanza que declara Patrimonio Urban\u00edstico de Azul la arboleda de naranjos.<\/p>\n\n\n\n<p>Adem\u00e1s, se termin\u00f3 de definir el inicio del vivero municipal y se realiz\u00f3 un balance de la reuni\u00f3n mantenida en Chillar en donde se logr\u00f3 la conformaci\u00f3n de un Subcomisi\u00f3n de arbolado.<\/p>\n\n\n\n<p>Por \u00faltimo, los integrantes de Consejo dialogaron sobre la necesidad de conformar otra Subcomisi\u00f3n en este caso en la localidad de Cachari. &nbsp;<\/p>\n","protected":false},"excerpt":{"rendered":"<p>La iniciativa surge a partir de la donaci\u00f3n realizada por la empresa \u201cJohn Deere\u201d en el marco de una campa\u00f1a que la compa\u00f1\u00eda viene realizando con el objetivo de plantar un mill\u00f3n de \u00e1rboles de especies nativas en todos los pa\u00edses de Latinoam\u00e9rica. Los ejemplares donados ser\u00e1n plantados en Cachari, Chillar, Jard\u00edn 901 y barrios [&hellip;]<\/p>\n","protected":false},"author":2,"featured_media":2455,"comment_status":"open","ping_status":"open","sticky":false,"template":"","format":"standard","meta":{"tdm_status":"","tdm_grid_status":"","footnotes":""},"categories":[7],"tags":[],"class_list":{"0":"post-2454","1":"post","2":"type-post","3":"status-publish","4":"format-standard","5":"has-post-thumbnail","7":"category-noticias"},"yoast_head":"<!-- This site is optimized with the Yoast SEO plugin v27.3 - https:\/\/yoast.com\/product\/yoast-seo-wordpress\/ -->\n<title>El Consejo de Arbolado plantar\u00e1 60 ejemplares en diferentes puntos del partido de Azul - Concejo deliberante de Azul<\/title>\n<meta name=\"robots\" content=\"index, follow, max-snippet:-1, max-image-preview:large, max-video-preview:-1\" \/>\n<link rel=\"canonical\" href=\"https:\/\/concejodeliberantedeazul.gob.ar\/index.php\/2023\/11\/08\/el-consejo-de-arbolado-plantara-60-ejemplares-en-diferentes-puntos-del-partido-de-azul\/\" \/>\n<meta property=\"og:locale\" content=\"es_ES\" \/>\n<meta property=\"og:type\" content=\"article\" \/>\n<meta property=\"og:title\" content=\"El Consejo de Arbolado plantar\u00e1 60 ejemplares en diferentes puntos del partido de Azul - Concejo deliberante de Azul\" \/>\n<meta property=\"og:description\" content=\"La iniciativa surge a partir de la donaci\u00f3n realizada por la empresa \u201cJohn Deere\u201d en el marco de una campa\u00f1a que la compa\u00f1\u00eda viene realizando con el objetivo de plantar un mill\u00f3n de \u00e1rboles de especies nativas en todos los pa\u00edses de Latinoam\u00e9rica. Los ejemplares donados ser\u00e1n plantados en Cachari, Chillar, Jard\u00edn 901 y barrios [&hellip;]\" \/>\n<meta property=\"og:url\" content=\"https:\/\/concejodeliberantedeazul.gob.ar\/index.php\/2023\/11\/08\/el-consejo-de-arbolado-plantara-60-ejemplares-en-diferentes-puntos-del-partido-de-azul\/\" \/>\n<meta property=\"og:site_name\" content=\"Concejo deliberante de Azul\" \/>\n<meta property=\"article:published_time\" content=\"2023-11-08T15:37:21+00:00\" \/>\n<meta property=\"article:modified_time\" content=\"2023-11-08T15:37:22+00:00\" \/>\n<meta property=\"og:image\" content=\"http:\/\/concejodeliberantedeazul.gob.ar\/wp-content\/uploads\/2023\/11\/08-11-2023-Consejo-de-Arbolado.jpg\" \/>\n\t<meta property=\"og:image:width\" content=\"1600\" \/>\n\t<meta property=\"og:image:height\" content=\"1204\" \/>\n\t<meta property=\"og:image:type\" content=\"image\/jpeg\" \/>\n<meta name=\"author\" content=\"Concejo Deliberante Azul\" \/>\n<meta name=\"twitter:card\" content=\"summary_large_image\" \/>\n<meta name=\"twitter:label1\" content=\"Escrito por\" \/>\n\t<meta name=\"twitter:data1\" content=\"Concejo Deliberante Azul\" \/>\n\t<meta name=\"twitter:label2\" content=\"Tiempo de lectura\" \/>\n\t<meta name=\"twitter:data2\" content=\"2 minutos\" \/>\n<script type=\"application\/ld+json\" class=\"yoast-schema-graph\">{\"@context\":\"https:\\\/\\\/schema.org\",\"@graph\":[{\"@type\":\"Article\",\"@id\":\"https:\\\/\\\/concejodeliberantedeazul.gob.ar\\\/index.php\\\/2023\\\/11\\\/08\\\/el-consejo-de-arbolado-plantara-60-ejemplares-en-diferentes-puntos-del-partido-de-azul\\\/#article\",\"isPartOf\":{\"@id\":\"https:\\\/\\\/concejodeliberantedeazul.gob.ar\\\/index.php\\\/2023\\\/11\\\/08\\\/el-consejo-de-arbolado-plantara-60-ejemplares-en-diferentes-puntos-del-partido-de-azul\\\/\"},\"author\":{\"name\":\"Concejo Deliberante Azul\",\"@id\":\"http:\\\/\\\/concejodeliberantedeazul.gob.ar\\\/#\\\/schema\\\/person\\\/65fd6514aee7c29f008fc53b206198fe\"},\"headline\":\"El Consejo de Arbolado plantar\u00e1 60 ejemplares en diferentes puntos del partido de Azul\",\"datePublished\":\"2023-11-08T15:37:21+00:00\",\"dateModified\":\"2023-11-08T15:37:22+00:00\",\"mainEntityOfPage\":{\"@id\":\"https:\\\/\\\/concejodeliberantedeazul.gob.ar\\\/index.php\\\/2023\\\/11\\\/08\\\/el-consejo-de-arbolado-plantara-60-ejemplares-en-diferentes-puntos-del-partido-de-azul\\\/\"},\"wordCount\":286,\"commentCount\":0,\"image\":{\"@id\":\"https:\\\/\\\/concejodeliberantedeazul.gob.ar\\\/index.php\\\/2023\\\/11\\\/08\\\/el-consejo-de-arbolado-plantara-60-ejemplares-en-diferentes-puntos-del-partido-de-azul\\\/#primaryimage\"},\"thumbnailUrl\":\"http:\\\/\\\/concejodeliberantedeazul.gob.ar\\\/wp-content\\\/uploads\\\/2023\\\/11\\\/08-11-2023-Consejo-de-Arbolado.jpg\",\"articleSection\":[\"Noticias\"],\"inLanguage\":\"es-AR\",\"potentialAction\":[{\"@type\":\"CommentAction\",\"name\":\"Comment\",\"target\":[\"https:\\\/\\\/concejodeliberantedeazul.gob.ar\\\/index.php\\\/2023\\\/11\\\/08\\\/el-consejo-de-arbolado-plantara-60-ejemplares-en-diferentes-puntos-del-partido-de-azul\\\/#respond\"]}]},{\"@type\":\"WebPage\",\"@id\":\"https:\\\/\\\/concejodeliberantedeazul.gob.ar\\\/index.php\\\/2023\\\/11\\\/08\\\/el-consejo-de-arbolado-plantara-60-ejemplares-en-diferentes-puntos-del-partido-de-azul\\\/\",\"url\":\"https:\\\/\\\/concejodeliberantedeazul.gob.ar\\\/index.php\\\/2023\\\/11\\\/08\\\/el-consejo-de-arbolado-plantara-60-ejemplares-en-diferentes-puntos-del-partido-de-azul\\\/\",\"name\":\"El Consejo de Arbolado plantar\u00e1 60 ejemplares en diferentes puntos del partido de Azul - Concejo deliberante de Azul\",\"isPartOf\":{\"@id\":\"http:\\\/\\\/concejodeliberantedeazul.gob.ar\\\/#website\"},\"primaryImageOfPage\":{\"@id\":\"https:\\\/\\\/concejodeliberantedeazul.gob.ar\\\/index.php\\\/2023\\\/11\\\/08\\\/el-consejo-de-arbolado-plantara-60-ejemplares-en-diferentes-puntos-del-partido-de-azul\\\/#primaryimage\"},\"image\":{\"@id\":\"https:\\\/\\\/concejodeliberantedeazul.gob.ar\\\/index.php\\\/2023\\\/11\\\/08\\\/el-consejo-de-arbolado-plantara-60-ejemplares-en-diferentes-puntos-del-partido-de-azul\\\/#primaryimage\"},\"thumbnailUrl\":\"http:\\\/\\\/concejodeliberantedeazul.gob.ar\\\/wp-content\\\/uploads\\\/2023\\\/11\\\/08-11-2023-Consejo-de-Arbolado.jpg\",\"datePublished\":\"2023-11-08T15:37:21+00:00\",\"dateModified\":\"2023-11-08T15:37:22+00:00\",\"author\":{\"@id\":\"http:\\\/\\\/concejodeliberantedeazul.gob.ar\\\/#\\\/schema\\\/person\\\/65fd6514aee7c29f008fc53b206198fe\"},\"breadcrumb\":{\"@id\":\"https:\\\/\\\/concejodeliberantedeazul.gob.ar\\\/index.php\\\/2023\\\/11\\\/08\\\/el-consejo-de-arbolado-plantara-60-ejemplares-en-diferentes-puntos-del-partido-de-azul\\\/#breadcrumb\"},\"inLanguage\":\"es-AR\",\"potentialAction\":[{\"@type\":\"ReadAction\",\"target\":[\"https:\\\/\\\/concejodeliberantedeazul.gob.ar\\\/index.php\\\/2023\\\/11\\\/08\\\/el-consejo-de-arbolado-plantara-60-ejemplares-en-diferentes-puntos-del-partido-de-azul\\\/\"]}]},{\"@type\":\"ImageObject\",\"inLanguage\":\"es-AR\",\"@id\":\"https:\\\/\\\/concejodeliberantedeazul.gob.ar\\\/index.php\\\/2023\\\/11\\\/08\\\/el-consejo-de-arbolado-plantara-60-ejemplares-en-diferentes-puntos-del-partido-de-azul\\\/#primaryimage\",\"url\":\"http:\\\/\\\/concejodeliberantedeazul.gob.ar\\\/wp-content\\\/uploads\\\/2023\\\/11\\\/08-11-2023-Consejo-de-Arbolado.jpg\",\"contentUrl\":\"http:\\\/\\\/concejodeliberantedeazul.gob.ar\\\/wp-content\\\/uploads\\\/2023\\\/11\\\/08-11-2023-Consejo-de-Arbolado.jpg\",\"width\":1600,\"height\":1204},{\"@type\":\"BreadcrumbList\",\"@id\":\"https:\\\/\\\/concejodeliberantedeazul.gob.ar\\\/index.php\\\/2023\\\/11\\\/08\\\/el-consejo-de-arbolado-plantara-60-ejemplares-en-diferentes-puntos-del-partido-de-azul\\\/#breadcrumb\",\"itemListElement\":[{\"@type\":\"ListItem\",\"position\":1,\"name\":\"Inicio\",\"item\":\"https:\\\/\\\/concejodeliberantedeazul.gob.ar\\\/\"},{\"@type\":\"ListItem\",\"position\":2,\"name\":\"El Consejo de Arbolado plantar\u00e1 60 ejemplares en diferentes puntos del partido de Azul\"}]},{\"@type\":\"WebSite\",\"@id\":\"http:\\\/\\\/concejodeliberantedeazul.gob.ar\\\/#website\",\"url\":\"http:\\\/\\\/concejodeliberantedeazul.gob.ar\\\/\",\"name\":\"Concejo deliberante de Azul\",\"description\":\"Sitio Web Oficial del Concejo Deliberante de Azul, Prov. de Buenos Aires - Conformado por 18 concejales de todo el partido.\",\"potentialAction\":[{\"@type\":\"SearchAction\",\"target\":{\"@type\":\"EntryPoint\",\"urlTemplate\":\"http:\\\/\\\/concejodeliberantedeazul.gob.ar\\\/?s={search_term_string}\"},\"query-input\":{\"@type\":\"PropertyValueSpecification\",\"valueRequired\":true,\"valueName\":\"search_term_string\"}}],\"inLanguage\":\"es-AR\"},{\"@type\":\"Person\",\"@id\":\"http:\\\/\\\/concejodeliberantedeazul.gob.ar\\\/#\\\/schema\\\/person\\\/65fd6514aee7c29f008fc53b206198fe\",\"name\":\"Concejo Deliberante Azul\",\"image\":{\"@type\":\"ImageObject\",\"inLanguage\":\"es-AR\",\"@id\":\"https:\\\/\\\/secure.gravatar.com\\\/avatar\\\/30d9ae907861b897be87a25469982f0cfbce09947e0998bf7d9d0ecab450fb85?s=96&d=mm&r=g\",\"url\":\"https:\\\/\\\/secure.gravatar.com\\\/avatar\\\/30d9ae907861b897be87a25469982f0cfbce09947e0998bf7d9d0ecab450fb85?s=96&d=mm&r=g\",\"contentUrl\":\"https:\\\/\\\/secure.gravatar.com\\\/avatar\\\/30d9ae907861b897be87a25469982f0cfbce09947e0998bf7d9d0ecab450fb85?s=96&d=mm&r=g\",\"caption\":\"Concejo Deliberante Azul\"},\"url\":\"http:\\\/\\\/concejodeliberantedeazul.gob.ar\\\/index.php\\\/author\\\/concejo\\\/\"}]}<\/script>\n<!-- \/ Yoast SEO plugin. -->","yoast_head_json":{"title":"El Consejo de Arbolado plantar\u00e1 60 ejemplares en diferentes puntos del partido de Azul - Concejo deliberante de Azul","robots":{"index":"index","follow":"follow","max-snippet":"max-snippet:-1","max-image-preview":"max-image-preview:large","max-video-preview":"max-video-preview:-1"},"canonical":"https:\/\/concejodeliberantedeazul.gob.ar\/index.php\/2023\/11\/08\/el-consejo-de-arbolado-plantara-60-ejemplares-en-diferentes-puntos-del-partido-de-azul\/","og_locale":"es_ES","og_type":"article","og_title":"El Consejo de Arbolado plantar\u00e1 60 ejemplares en diferentes puntos del partido de Azul - Concejo deliberante de Azul","og_description":"La iniciativa surge a partir de la donaci\u00f3n realizada por la empresa \u201cJohn Deere\u201d en el marco de una campa\u00f1a que la compa\u00f1\u00eda viene realizando con el objetivo de plantar un mill\u00f3n de \u00e1rboles de especies nativas en todos los pa\u00edses de Latinoam\u00e9rica. Los ejemplares donados ser\u00e1n plantados en Cachari, Chillar, Jard\u00edn 901 y barrios [&hellip;]","og_url":"https:\/\/concejodeliberantedeazul.gob.ar\/index.php\/2023\/11\/08\/el-consejo-de-arbolado-plantara-60-ejemplares-en-diferentes-puntos-del-partido-de-azul\/","og_site_name":"Concejo deliberante de Azul","article_published_time":"2023-11-08T15:37:21+00:00","article_modified_time":"2023-11-08T15:37:22+00:00","og_image":[{"width":1600,"height":1204,"url":"http:\/\/concejodeliberantedeazul.gob.ar\/wp-content\/uploads\/2023\/11\/08-11-2023-Consejo-de-Arbolado.jpg","type":"image\/jpeg"}],"author":"Concejo Deliberante Azul","twitter_card":"summary_large_image","twitter_misc":{"Escrito por":"Concejo Deliberante Azul","Tiempo de lectura":"2 minutos"},"schema":{"@context":"https:\/\/schema.org","@graph":[{"@type":"Article","@id":"https:\/\/concejodeliberantedeazul.gob.ar\/index.php\/2023\/11\/08\/el-consejo-de-arbolado-plantara-60-ejemplares-en-diferentes-puntos-del-partido-de-azul\/#article","isPartOf":{"@id":"https:\/\/concejodeliberantedeazul.gob.ar\/index.php\/2023\/11\/08\/el-consejo-de-arbolado-plantara-60-ejemplares-en-diferentes-puntos-del-partido-de-azul\/"},"author":{"name":"Concejo Deliberante Azul","@id":"http:\/\/concejodeliberantedeazul.gob.ar\/#\/schema\/person\/65fd6514aee7c29f008fc53b206198fe"},"headline":"El Consejo de Arbolado plantar\u00e1 60 ejemplares en diferentes puntos del partido de Azul","datePublished":"2023-11-08T15:37:21+00:00","dateModified":"2023-11-08T15:37:22+00:00","mainEntityOfPage":{"@id":"https:\/\/concejodeliberantedeazul.gob.ar\/index.php\/2023\/11\/08\/el-consejo-de-arbolado-plantara-60-ejemplares-en-diferentes-puntos-del-partido-de-azul\/"},"wordCount":286,"commentCount":0,"image":{"@id":"https:\/\/concejodeliberantedeazul.gob.ar\/index.php\/2023\/11\/08\/el-consejo-de-arbolado-plantara-60-ejemplares-en-diferentes-puntos-del-partido-de-azul\/#primaryimage"},"thumbnailUrl":"http:\/\/concejodeliberantedeazul.gob.ar\/wp-content\/uploads\/2023\/11\/08-11-2023-Consejo-de-Arbolado.jpg","articleSection":["Noticias"],"inLanguage":"es-AR","potentialAction":[{"@type":"CommentAction","name":"Comment","target":["https:\/\/concejodeliberantedeazul.gob.ar\/index.php\/2023\/11\/08\/el-consejo-de-arbolado-plantara-60-ejemplares-en-diferentes-puntos-del-partido-de-azul\/#respond"]}]},{"@type":"WebPage","@id":"https:\/\/concejodeliberantedeazul.gob.ar\/index.php\/2023\/11\/08\/el-consejo-de-arbolado-plantara-60-ejemplares-en-diferentes-puntos-del-partido-de-azul\/","url":"https:\/\/concejodeliberantedeazul.gob.ar\/index.php\/2023\/11\/08\/el-consejo-de-arbolado-plantara-60-ejemplares-en-diferentes-puntos-del-partido-de-azul\/","name":"El Consejo de Arbolado plantar\u00e1 60 ejemplares en diferentes puntos del partido de Azul - Concejo deliberante de Azul","isPartOf":{"@id":"http:\/\/concejodeliberantedeazul.gob.ar\/#website"},"primaryImageOfPage":{"@id":"https:\/\/concejodeliberantedeazul.gob.ar\/index.php\/2023\/11\/08\/el-consejo-de-arbolado-plantara-60-ejemplares-en-diferentes-puntos-del-partido-de-azul\/#primaryimage"},"image":{"@id":"https:\/\/concejodeliberantedeazul.gob.ar\/index.php\/2023\/11\/08\/el-consejo-de-arbolado-plantara-60-ejemplares-en-diferentes-puntos-del-partido-de-azul\/#primaryimage"},"thumbnailUrl":"http:\/\/concejodeliberantedeazul.gob.ar\/wp-content\/uploads\/2023\/11\/08-11-2023-Consejo-de-Arbolado.jpg","datePublished":"2023-11-08T15:37:21+00:00","dateModified":"2023-11-08T15:37:22+00:00","author":{"@id":"http:\/\/concejodeliberantedeazul.gob.ar\/#\/schema\/person\/65fd6514aee7c29f008fc53b206198fe"},"breadcrumb":{"@id":"https:\/\/concejodeliberantedeazul.gob.ar\/index.php\/2023\/11\/08\/el-consejo-de-arbolado-plantara-60-ejemplares-en-diferentes-puntos-del-partido-de-azul\/#breadcrumb"},"inLanguage":"es-AR","potentialAction":[{"@type":"ReadAction","target":["https:\/\/concejodeliberantedeazul.gob.ar\/index.php\/2023\/11\/08\/el-consejo-de-arbolado-plantara-60-ejemplares-en-diferentes-puntos-del-partido-de-azul\/"]}]},{"@type":"ImageObject","inLanguage":"es-AR","@id":"https:\/\/concejodeliberantedeazul.gob.ar\/index.php\/2023\/11\/08\/el-consejo-de-arbolado-plantara-60-ejemplares-en-diferentes-puntos-del-partido-de-azul\/#primaryimage","url":"http:\/\/concejodeliberantedeazul.gob.ar\/wp-content\/uploads\/2023\/11\/08-11-2023-Consejo-de-Arbolado.jpg","contentUrl":"http:\/\/concejodeliberantedeazul.gob.ar\/wp-content\/uploads\/2023\/11\/08-11-2023-Consejo-de-Arbolado.jpg","width":1600,"height":1204},{"@type":"BreadcrumbList","@id":"https:\/\/concejodeliberantedeazul.gob.ar\/index.php\/2023\/11\/08\/el-consejo-de-arbolado-plantara-60-ejemplares-en-diferentes-puntos-del-partido-de-azul\/#breadcrumb","itemListElement":[{"@type":"ListItem","position":1,"name":"Inicio","item":"https:\/\/concejodeliberantedeazul.gob.ar\/"},{"@type":"ListItem","position":2,"name":"El Consejo de Arbolado plantar\u00e1 60 ejemplares en diferentes puntos del partido de Azul"}]},{"@type":"WebSite","@id":"http:\/\/concejodeliberantedeazul.gob.ar\/#website","url":"http:\/\/concejodeliberantedeazul.gob.ar\/","name":"Concejo deliberante de Azul","description":"Sitio Web Oficial del Concejo Deliberante de Azul, Prov. de Buenos Aires - Conformado por 18 concejales de todo el partido.","potentialAction":[{"@type":"SearchAction","target":{"@type":"EntryPoint","urlTemplate":"http:\/\/concejodeliberantedeazul.gob.ar\/?s={search_term_string}"},"query-input":{"@type":"PropertyValueSpecification","valueRequired":true,"valueName":"search_term_string"}}],"inLanguage":"es-AR"},{"@type":"Person","@id":"http:\/\/concejodeliberantedeazul.gob.ar\/#\/schema\/person\/65fd6514aee7c29f008fc53b206198fe","name":"Concejo Deliberante Azul","image":{"@type":"ImageObject","inLanguage":"es-AR","@id":"https:\/\/secure.gravatar.com\/avatar\/30d9ae907861b897be87a25469982f0cfbce09947e0998bf7d9d0ecab450fb85?s=96&d=mm&r=g","url":"https:\/\/secure.gravatar.com\/avatar\/30d9ae907861b897be87a25469982f0cfbce09947e0998bf7d9d0ecab450fb85?s=96&d=mm&r=g","contentUrl":"https:\/\/secure.gravatar.com\/avatar\/30d9ae907861b897be87a25469982f0cfbce09947e0998bf7d9d0ecab450fb85?s=96&d=mm&r=g","caption":"Concejo Deliberante Azul"},"url":"http:\/\/concejodeliberantedeazul.gob.ar\/index.php\/author\/concejo\/"}]}},"amp_enabled":true,"_links":{"self":[{"href":"http:\/\/concejodeliberantedeazul.gob.ar\/index.php\/wp-json\/wp\/v2\/posts\/2454","targetHints":{"allow":["GET"]}}],"collection":[{"href":"http:\/\/concejodeliberantedeazul.gob.ar\/index.php\/wp-json\/wp\/v2\/posts"}],"about":[{"href":"http:\/\/concejodeliberantedeazul.gob.ar\/index.php\/wp-json\/wp\/v2\/types\/post"}],"author":[{"embeddable":true,"href":"http:\/\/concejodeliberantedeazul.gob.ar\/index.php\/wp-json\/wp\/v2\/users\/2"}],"replies":[{"embeddable":true,"href":"http:\/\/concejodeliberantedeazul.gob.ar\/index.php\/wp-json\/wp\/v2\/comments?post=2454"}],"version-history":[{"count":1,"href":"http:\/\/concejodeliberantedeazul.gob.ar\/index.php\/wp-json\/wp\/v2\/posts\/2454\/revisions"}],"predecessor-version":[{"id":2456,"href":"http:\/\/concejodeliberantedeazul.gob.ar\/index.php\/wp-json\/wp\/v2\/posts\/2454\/revisions\/2456"}],"wp:featuredmedia":[{"embeddable":true,"href":"http:\/\/concejodeliberantedeazul.gob.ar\/index.php\/wp-json\/wp\/v2\/media\/2455"}],"wp:attachment":[{"href":"http:\/\/concejodeliberantedeazul.gob.ar\/index.php\/wp-json\/wp\/v2\/media?parent=2454"}],"wp:term":[{"taxonomy":"category","embeddable":true,"href":"http:\/\/concejodeliberantedeazul.gob.ar\/index.php\/wp-json\/wp\/v2\/categories?post=2454"},{"taxonomy":"post_tag","embeddable":true,"href":"http:\/\/concejodeliberantedeazul.gob.ar\/index.php\/wp-json\/wp\/v2\/tags?post=2454"}],"curies":[{"name":"wp","href":"https:\/\/api.w.org\/{rel}","templated":true}]}}