{"id":2444,"date":"2023-11-02T12:42:15","date_gmt":"2023-11-02T15:42:15","guid":{"rendered":"http:\/\/concejodeliberantedeazul.gob.ar\/?p=2444"},"modified":"2023-11-02T12:42:16","modified_gmt":"2023-11-02T15:42:16","slug":"nueva-reunion-del-consejo-local-de-habitat-2","status":"publish","type":"post","link":"http:\/\/concejodeliberantedeazul.gob.ar\/index.php\/2023\/11\/02\/nueva-reunion-del-consejo-local-de-habitat-2\/","title":{"rendered":"Nueva reuni\u00f3n del Consejo Local de H\u00e1bitat"},"content":{"rendered":"\n<p>Se realiz\u00f3, en el recinto del Concejo Deliberante, una nueva reuni\u00f3n de trabajo en el marco del Consejo Local para el Fomento del H\u00e1bitat.<\/p>\n\n\n\n<p>De la misma participaron la Presidenta del Poder Legislativo, Mar\u00eda In\u00e9s Laurini; las concejalas Ver\u00f3nica Crisafulli y Cecilia Mart\u00ednez; la concejala electa Consuelo Burgos; el concejal electo y referente del MTE, Gast\u00f3n Blando; la Secretaria del Consejo, Natalia Arrast\u00faa y Gabriela Mattina, Defensor\u00eda General.<\/p>\n\n\n\n<p>Durante la reuni\u00f3n, se dialog\u00f3 sobre la situaci\u00f3n que est\u00e1n viviendo un grupo de vecinos en la zona del barrio El Sol que ha derivado en diferentes denuncias. En este sentido, se analiz\u00f3 el relevamiento realizado en el lugar y se determinaron diversas estrategias de trabajo para abordar la problem\u00e1tica.<\/p>\n\n\n\n<p>Por otra parte, se dej\u00f3 expresada la necesidad de realizar una reuni\u00f3n con el Intendente electo, oportunidad en la que se le presentar\u00e1 un balance del trabajo realizado por el Consejo Local y las metas y objetivos que se persiguen. Adem\u00e1s, se comenzar\u00e1 a dise\u00f1ar un plano referencial sobre diversos puntos de la ciudad que requieren de un abordaje integral ya sea por conflicto entre vecinos como por apertura de calles, espacios verdes, entre otros.<\/p>\n\n\n\n<p>Tambi\u00e9n, los integrantes del Consejo, dialogaron sobre un proyecto vinculado con mediaci\u00f3n territorial que ser\u00e1 abordado en la pr\u00f3xima reuni\u00f3n y se anexar\u00e1 a las propuestas que se presentar\u00e1n al Ejecutivo.<\/p>\n\n\n\n<p>El pr\u00f3ximo encuentro ser\u00e1 el jueves 7 de diciembre, a las 9.30 horas, en el recinto del Concejo Deliberante.<\/p>\n","protected":false},"excerpt":{"rendered":"<p>Se realiz\u00f3, en el recinto del Concejo Deliberante, una nueva reuni\u00f3n de trabajo en el marco del Consejo Local para el Fomento del H\u00e1bitat. De la misma participaron la Presidenta del Poder Legislativo, Mar\u00eda In\u00e9s Laurini; las concejalas Ver\u00f3nica Crisafulli y Cecilia Mart\u00ednez; la concejala electa Consuelo Burgos; el concejal electo y referente del MTE, [&hellip;]<\/p>\n","protected":false},"author":2,"featured_media":2445,"comment_status":"open","ping_status":"open","sticky":false,"template":"","format":"standard","meta":{"tdm_status":"","tdm_grid_status":"","footnotes":""},"categories":[7],"tags":[],"class_list":{"0":"post-2444","1":"post","2":"type-post","3":"status-publish","4":"format-standard","5":"has-post-thumbnail","7":"category-noticias"},"yoast_head":"<!-- This site is optimized with the Yoast SEO plugin v27.3 - https:\/\/yoast.com\/product\/yoast-seo-wordpress\/ -->\n<title>Nueva reuni\u00f3n del Consejo Local de H\u00e1bitat - Concejo deliberante de Azul<\/title>\n<meta name=\"robots\" content=\"index, follow, max-snippet:-1, max-image-preview:large, max-video-preview:-1\" \/>\n<link rel=\"canonical\" href=\"http:\/\/concejodeliberantedeazul.gob.ar\/index.php\/2023\/11\/02\/nueva-reunion-del-consejo-local-de-habitat-2\/\" \/>\n<meta property=\"og:locale\" content=\"es_ES\" \/>\n<meta property=\"og:type\" content=\"article\" \/>\n<meta property=\"og:title\" content=\"Nueva reuni\u00f3n del Consejo Local de H\u00e1bitat - Concejo deliberante de Azul\" \/>\n<meta property=\"og:description\" content=\"Se realiz\u00f3, en el recinto del Concejo Deliberante, una nueva reuni\u00f3n de trabajo en el marco del Consejo Local para el Fomento del H\u00e1bitat. De la misma participaron la Presidenta del Poder Legislativo, Mar\u00eda In\u00e9s Laurini; las concejalas Ver\u00f3nica Crisafulli y Cecilia Mart\u00ednez; la concejala electa Consuelo Burgos; el concejal electo y referente del MTE, [&hellip;]\" \/>\n<meta property=\"og:url\" content=\"http:\/\/concejodeliberantedeazul.gob.ar\/index.php\/2023\/11\/02\/nueva-reunion-del-consejo-local-de-habitat-2\/\" \/>\n<meta property=\"og:site_name\" content=\"Concejo deliberante de Azul\" \/>\n<meta property=\"article:published_time\" content=\"2023-11-02T15:42:15+00:00\" \/>\n<meta property=\"article:modified_time\" content=\"2023-11-02T15:42:16+00:00\" \/>\n<meta property=\"og:image\" content=\"http:\/\/concejodeliberantedeazul.gob.ar\/wp-content\/uploads\/2023\/11\/IMG_20231102_103016193-scaled.jpg\" \/>\n\t<meta property=\"og:image:width\" content=\"2560\" \/>\n\t<meta property=\"og:image:height\" content=\"1928\" \/>\n\t<meta property=\"og:image:type\" content=\"image\/jpeg\" \/>\n<meta name=\"author\" content=\"Concejo Deliberante Azul\" \/>\n<meta name=\"twitter:card\" content=\"summary_large_image\" \/>\n<meta name=\"twitter:label1\" content=\"Escrito por\" \/>\n\t<meta name=\"twitter:data1\" content=\"Concejo Deliberante Azul\" \/>\n\t<meta name=\"twitter:label2\" content=\"Tiempo de lectura\" \/>\n\t<meta name=\"twitter:data2\" content=\"2 minutos\" \/>\n<script type=\"application\/ld+json\" class=\"yoast-schema-graph\">{\"@context\":\"https:\\\/\\\/schema.org\",\"@graph\":[{\"@type\":\"Article\",\"@id\":\"http:\\\/\\\/concejodeliberantedeazul.gob.ar\\\/index.php\\\/2023\\\/11\\\/02\\\/nueva-reunion-del-consejo-local-de-habitat-2\\\/#article\",\"isPartOf\":{\"@id\":\"http:\\\/\\\/concejodeliberantedeazul.gob.ar\\\/index.php\\\/2023\\\/11\\\/02\\\/nueva-reunion-del-consejo-local-de-habitat-2\\\/\"},\"author\":{\"name\":\"Concejo Deliberante Azul\",\"@id\":\"http:\\\/\\\/concejodeliberantedeazul.gob.ar\\\/#\\\/schema\\\/person\\\/65fd6514aee7c29f008fc53b206198fe\"},\"headline\":\"Nueva reuni\u00f3n del Consejo Local de H\u00e1bitat\",\"datePublished\":\"2023-11-02T15:42:15+00:00\",\"dateModified\":\"2023-11-02T15:42:16+00:00\",\"mainEntityOfPage\":{\"@id\":\"http:\\\/\\\/concejodeliberantedeazul.gob.ar\\\/index.php\\\/2023\\\/11\\\/02\\\/nueva-reunion-del-consejo-local-de-habitat-2\\\/\"},\"wordCount\":272,\"commentCount\":0,\"image\":{\"@id\":\"http:\\\/\\\/concejodeliberantedeazul.gob.ar\\\/index.php\\\/2023\\\/11\\\/02\\\/nueva-reunion-del-consejo-local-de-habitat-2\\\/#primaryimage\"},\"thumbnailUrl\":\"http:\\\/\\\/concejodeliberantedeazul.gob.ar\\\/wp-content\\\/uploads\\\/2023\\\/11\\\/IMG_20231102_103016193-scaled.jpg\",\"articleSection\":[\"Noticias\"],\"inLanguage\":\"es-AR\",\"potentialAction\":[{\"@type\":\"CommentAction\",\"name\":\"Comment\",\"target\":[\"http:\\\/\\\/concejodeliberantedeazul.gob.ar\\\/index.php\\\/2023\\\/11\\\/02\\\/nueva-reunion-del-consejo-local-de-habitat-2\\\/#respond\"]}]},{\"@type\":\"WebPage\",\"@id\":\"http:\\\/\\\/concejodeliberantedeazul.gob.ar\\\/index.php\\\/2023\\\/11\\\/02\\\/nueva-reunion-del-consejo-local-de-habitat-2\\\/\",\"url\":\"http:\\\/\\\/concejodeliberantedeazul.gob.ar\\\/index.php\\\/2023\\\/11\\\/02\\\/nueva-reunion-del-consejo-local-de-habitat-2\\\/\",\"name\":\"Nueva reuni\u00f3n del Consejo Local de H\u00e1bitat - Concejo deliberante de Azul\",\"isPartOf\":{\"@id\":\"http:\\\/\\\/concejodeliberantedeazul.gob.ar\\\/#website\"},\"primaryImageOfPage\":{\"@id\":\"http:\\\/\\\/concejodeliberantedeazul.gob.ar\\\/index.php\\\/2023\\\/11\\\/02\\\/nueva-reunion-del-consejo-local-de-habitat-2\\\/#primaryimage\"},\"image\":{\"@id\":\"http:\\\/\\\/concejodeliberantedeazul.gob.ar\\\/index.php\\\/2023\\\/11\\\/02\\\/nueva-reunion-del-consejo-local-de-habitat-2\\\/#primaryimage\"},\"thumbnailUrl\":\"http:\\\/\\\/concejodeliberantedeazul.gob.ar\\\/wp-content\\\/uploads\\\/2023\\\/11\\\/IMG_20231102_103016193-scaled.jpg\",\"datePublished\":\"2023-11-02T15:42:15+00:00\",\"dateModified\":\"2023-11-02T15:42:16+00:00\",\"author\":{\"@id\":\"http:\\\/\\\/concejodeliberantedeazul.gob.ar\\\/#\\\/schema\\\/person\\\/65fd6514aee7c29f008fc53b206198fe\"},\"breadcrumb\":{\"@id\":\"http:\\\/\\\/concejodeliberantedeazul.gob.ar\\\/index.php\\\/2023\\\/11\\\/02\\\/nueva-reunion-del-consejo-local-de-habitat-2\\\/#breadcrumb\"},\"inLanguage\":\"es-AR\",\"potentialAction\":[{\"@type\":\"ReadAction\",\"target\":[\"http:\\\/\\\/concejodeliberantedeazul.gob.ar\\\/index.php\\\/2023\\\/11\\\/02\\\/nueva-reunion-del-consejo-local-de-habitat-2\\\/\"]}]},{\"@type\":\"ImageObject\",\"inLanguage\":\"es-AR\",\"@id\":\"http:\\\/\\\/concejodeliberantedeazul.gob.ar\\\/index.php\\\/2023\\\/11\\\/02\\\/nueva-reunion-del-consejo-local-de-habitat-2\\\/#primaryimage\",\"url\":\"http:\\\/\\\/concejodeliberantedeazul.gob.ar\\\/wp-content\\\/uploads\\\/2023\\\/11\\\/IMG_20231102_103016193-scaled.jpg\",\"contentUrl\":\"http:\\\/\\\/concejodeliberantedeazul.gob.ar\\\/wp-content\\\/uploads\\\/2023\\\/11\\\/IMG_20231102_103016193-scaled.jpg\",\"width\":2560,\"height\":1928},{\"@type\":\"BreadcrumbList\",\"@id\":\"http:\\\/\\\/concejodeliberantedeazul.gob.ar\\\/index.php\\\/2023\\\/11\\\/02\\\/nueva-reunion-del-consejo-local-de-habitat-2\\\/#breadcrumb\",\"itemListElement\":[{\"@type\":\"ListItem\",\"position\":1,\"name\":\"Inicio\",\"item\":\"https:\\\/\\\/concejodeliberantedeazul.gob.ar\\\/\"},{\"@type\":\"ListItem\",\"position\":2,\"name\":\"Nueva reuni\u00f3n del Consejo Local de H\u00e1bitat\"}]},{\"@type\":\"WebSite\",\"@id\":\"http:\\\/\\\/concejodeliberantedeazul.gob.ar\\\/#website\",\"url\":\"http:\\\/\\\/concejodeliberantedeazul.gob.ar\\\/\",\"name\":\"Concejo deliberante de Azul\",\"description\":\"Sitio Web Oficial del Concejo Deliberante de Azul, Prov. de Buenos Aires - Conformado por 18 concejales de todo el partido.\",\"potentialAction\":[{\"@type\":\"SearchAction\",\"target\":{\"@type\":\"EntryPoint\",\"urlTemplate\":\"http:\\\/\\\/concejodeliberantedeazul.gob.ar\\\/?s={search_term_string}\"},\"query-input\":{\"@type\":\"PropertyValueSpecification\",\"valueRequired\":true,\"valueName\":\"search_term_string\"}}],\"inLanguage\":\"es-AR\"},{\"@type\":\"Person\",\"@id\":\"http:\\\/\\\/concejodeliberantedeazul.gob.ar\\\/#\\\/schema\\\/person\\\/65fd6514aee7c29f008fc53b206198fe\",\"name\":\"Concejo Deliberante Azul\",\"image\":{\"@type\":\"ImageObject\",\"inLanguage\":\"es-AR\",\"@id\":\"https:\\\/\\\/secure.gravatar.com\\\/avatar\\\/30d9ae907861b897be87a25469982f0cfbce09947e0998bf7d9d0ecab450fb85?s=96&d=mm&r=g\",\"url\":\"https:\\\/\\\/secure.gravatar.com\\\/avatar\\\/30d9ae907861b897be87a25469982f0cfbce09947e0998bf7d9d0ecab450fb85?s=96&d=mm&r=g\",\"contentUrl\":\"https:\\\/\\\/secure.gravatar.com\\\/avatar\\\/30d9ae907861b897be87a25469982f0cfbce09947e0998bf7d9d0ecab450fb85?s=96&d=mm&r=g\",\"caption\":\"Concejo Deliberante Azul\"},\"url\":\"http:\\\/\\\/concejodeliberantedeazul.gob.ar\\\/index.php\\\/author\\\/concejo\\\/\"}]}<\/script>\n<!-- \/ Yoast SEO plugin. -->","yoast_head_json":{"title":"Nueva reuni\u00f3n del Consejo Local de H\u00e1bitat - Concejo deliberante de Azul","robots":{"index":"index","follow":"follow","max-snippet":"max-snippet:-1","max-image-preview":"max-image-preview:large","max-video-preview":"max-video-preview:-1"},"canonical":"http:\/\/concejodeliberantedeazul.gob.ar\/index.php\/2023\/11\/02\/nueva-reunion-del-consejo-local-de-habitat-2\/","og_locale":"es_ES","og_type":"article","og_title":"Nueva reuni\u00f3n del Consejo Local de H\u00e1bitat - Concejo deliberante de Azul","og_description":"Se realiz\u00f3, en el recinto del Concejo Deliberante, una nueva reuni\u00f3n de trabajo en el marco del Consejo Local para el Fomento del H\u00e1bitat. De la misma participaron la Presidenta del Poder Legislativo, Mar\u00eda In\u00e9s Laurini; las concejalas Ver\u00f3nica Crisafulli y Cecilia Mart\u00ednez; la concejala electa Consuelo Burgos; el concejal electo y referente del MTE, [&hellip;]","og_url":"http:\/\/concejodeliberantedeazul.gob.ar\/index.php\/2023\/11\/02\/nueva-reunion-del-consejo-local-de-habitat-2\/","og_site_name":"Concejo deliberante de Azul","article_published_time":"2023-11-02T15:42:15+00:00","article_modified_time":"2023-11-02T15:42:16+00:00","og_image":[{"width":2560,"height":1928,"url":"http:\/\/concejodeliberantedeazul.gob.ar\/wp-content\/uploads\/2023\/11\/IMG_20231102_103016193-scaled.jpg","type":"image\/jpeg"}],"author":"Concejo Deliberante Azul","twitter_card":"summary_large_image","twitter_misc":{"Escrito por":"Concejo Deliberante Azul","Tiempo de lectura":"2 minutos"},"schema":{"@context":"https:\/\/schema.org","@graph":[{"@type":"Article","@id":"http:\/\/concejodeliberantedeazul.gob.ar\/index.php\/2023\/11\/02\/nueva-reunion-del-consejo-local-de-habitat-2\/#article","isPartOf":{"@id":"http:\/\/concejodeliberantedeazul.gob.ar\/index.php\/2023\/11\/02\/nueva-reunion-del-consejo-local-de-habitat-2\/"},"author":{"name":"Concejo Deliberante Azul","@id":"http:\/\/concejodeliberantedeazul.gob.ar\/#\/schema\/person\/65fd6514aee7c29f008fc53b206198fe"},"headline":"Nueva reuni\u00f3n del Consejo Local de H\u00e1bitat","datePublished":"2023-11-02T15:42:15+00:00","dateModified":"2023-11-02T15:42:16+00:00","mainEntityOfPage":{"@id":"http:\/\/concejodeliberantedeazul.gob.ar\/index.php\/2023\/11\/02\/nueva-reunion-del-consejo-local-de-habitat-2\/"},"wordCount":272,"commentCount":0,"image":{"@id":"http:\/\/concejodeliberantedeazul.gob.ar\/index.php\/2023\/11\/02\/nueva-reunion-del-consejo-local-de-habitat-2\/#primaryimage"},"thumbnailUrl":"http:\/\/concejodeliberantedeazul.gob.ar\/wp-content\/uploads\/2023\/11\/IMG_20231102_103016193-scaled.jpg","articleSection":["Noticias"],"inLanguage":"es-AR","potentialAction":[{"@type":"CommentAction","name":"Comment","target":["http:\/\/concejodeliberantedeazul.gob.ar\/index.php\/2023\/11\/02\/nueva-reunion-del-consejo-local-de-habitat-2\/#respond"]}]},{"@type":"WebPage","@id":"http:\/\/concejodeliberantedeazul.gob.ar\/index.php\/2023\/11\/02\/nueva-reunion-del-consejo-local-de-habitat-2\/","url":"http:\/\/concejodeliberantedeazul.gob.ar\/index.php\/2023\/11\/02\/nueva-reunion-del-consejo-local-de-habitat-2\/","name":"Nueva reuni\u00f3n del Consejo Local de H\u00e1bitat - Concejo deliberante de Azul","isPartOf":{"@id":"http:\/\/concejodeliberantedeazul.gob.ar\/#website"},"primaryImageOfPage":{"@id":"http:\/\/concejodeliberantedeazul.gob.ar\/index.php\/2023\/11\/02\/nueva-reunion-del-consejo-local-de-habitat-2\/#primaryimage"},"image":{"@id":"http:\/\/concejodeliberantedeazul.gob.ar\/index.php\/2023\/11\/02\/nueva-reunion-del-consejo-local-de-habitat-2\/#primaryimage"},"thumbnailUrl":"http:\/\/concejodeliberantedeazul.gob.ar\/wp-content\/uploads\/2023\/11\/IMG_20231102_103016193-scaled.jpg","datePublished":"2023-11-02T15:42:15+00:00","dateModified":"2023-11-02T15:42:16+00:00","author":{"@id":"http:\/\/concejodeliberantedeazul.gob.ar\/#\/schema\/person\/65fd6514aee7c29f008fc53b206198fe"},"breadcrumb":{"@id":"http:\/\/concejodeliberantedeazul.gob.ar\/index.php\/2023\/11\/02\/nueva-reunion-del-consejo-local-de-habitat-2\/#breadcrumb"},"inLanguage":"es-AR","potentialAction":[{"@type":"ReadAction","target":["http:\/\/concejodeliberantedeazul.gob.ar\/index.php\/2023\/11\/02\/nueva-reunion-del-consejo-local-de-habitat-2\/"]}]},{"@type":"ImageObject","inLanguage":"es-AR","@id":"http:\/\/concejodeliberantedeazul.gob.ar\/index.php\/2023\/11\/02\/nueva-reunion-del-consejo-local-de-habitat-2\/#primaryimage","url":"http:\/\/concejodeliberantedeazul.gob.ar\/wp-content\/uploads\/2023\/11\/IMG_20231102_103016193-scaled.jpg","contentUrl":"http:\/\/concejodeliberantedeazul.gob.ar\/wp-content\/uploads\/2023\/11\/IMG_20231102_103016193-scaled.jpg","width":2560,"height":1928},{"@type":"BreadcrumbList","@id":"http:\/\/concejodeliberantedeazul.gob.ar\/index.php\/2023\/11\/02\/nueva-reunion-del-consejo-local-de-habitat-2\/#breadcrumb","itemListElement":[{"@type":"ListItem","position":1,"name":"Inicio","item":"https:\/\/concejodeliberantedeazul.gob.ar\/"},{"@type":"ListItem","position":2,"name":"Nueva reuni\u00f3n del Consejo Local de H\u00e1bitat"}]},{"@type":"WebSite","@id":"http:\/\/concejodeliberantedeazul.gob.ar\/#website","url":"http:\/\/concejodeliberantedeazul.gob.ar\/","name":"Concejo deliberante de Azul","description":"Sitio Web Oficial del Concejo Deliberante de Azul, Prov. de Buenos Aires - Conformado por 18 concejales de todo el partido.","potentialAction":[{"@type":"SearchAction","target":{"@type":"EntryPoint","urlTemplate":"http:\/\/concejodeliberantedeazul.gob.ar\/?s={search_term_string}"},"query-input":{"@type":"PropertyValueSpecification","valueRequired":true,"valueName":"search_term_string"}}],"inLanguage":"es-AR"},{"@type":"Person","@id":"http:\/\/concejodeliberantedeazul.gob.ar\/#\/schema\/person\/65fd6514aee7c29f008fc53b206198fe","name":"Concejo Deliberante Azul","image":{"@type":"ImageObject","inLanguage":"es-AR","@id":"https:\/\/secure.gravatar.com\/avatar\/30d9ae907861b897be87a25469982f0cfbce09947e0998bf7d9d0ecab450fb85?s=96&d=mm&r=g","url":"https:\/\/secure.gravatar.com\/avatar\/30d9ae907861b897be87a25469982f0cfbce09947e0998bf7d9d0ecab450fb85?s=96&d=mm&r=g","contentUrl":"https:\/\/secure.gravatar.com\/avatar\/30d9ae907861b897be87a25469982f0cfbce09947e0998bf7d9d0ecab450fb85?s=96&d=mm&r=g","caption":"Concejo Deliberante Azul"},"url":"http:\/\/concejodeliberantedeazul.gob.ar\/index.php\/author\/concejo\/"}]}},"amp_enabled":true,"_links":{"self":[{"href":"http:\/\/concejodeliberantedeazul.gob.ar\/index.php\/wp-json\/wp\/v2\/posts\/2444","targetHints":{"allow":["GET"]}}],"collection":[{"href":"http:\/\/concejodeliberantedeazul.gob.ar\/index.php\/wp-json\/wp\/v2\/posts"}],"about":[{"href":"http:\/\/concejodeliberantedeazul.gob.ar\/index.php\/wp-json\/wp\/v2\/types\/post"}],"author":[{"embeddable":true,"href":"http:\/\/concejodeliberantedeazul.gob.ar\/index.php\/wp-json\/wp\/v2\/users\/2"}],"replies":[{"embeddable":true,"href":"http:\/\/concejodeliberantedeazul.gob.ar\/index.php\/wp-json\/wp\/v2\/comments?post=2444"}],"version-history":[{"count":1,"href":"http:\/\/concejodeliberantedeazul.gob.ar\/index.php\/wp-json\/wp\/v2\/posts\/2444\/revisions"}],"predecessor-version":[{"id":2446,"href":"http:\/\/concejodeliberantedeazul.gob.ar\/index.php\/wp-json\/wp\/v2\/posts\/2444\/revisions\/2446"}],"wp:featuredmedia":[{"embeddable":true,"href":"http:\/\/concejodeliberantedeazul.gob.ar\/index.php\/wp-json\/wp\/v2\/media\/2445"}],"wp:attachment":[{"href":"http:\/\/concejodeliberantedeazul.gob.ar\/index.php\/wp-json\/wp\/v2\/media?parent=2444"}],"wp:term":[{"taxonomy":"category","embeddable":true,"href":"http:\/\/concejodeliberantedeazul.gob.ar\/index.php\/wp-json\/wp\/v2\/categories?post=2444"},{"taxonomy":"post_tag","embeddable":true,"href":"http:\/\/concejodeliberantedeazul.gob.ar\/index.php\/wp-json\/wp\/v2\/tags?post=2444"}],"curies":[{"name":"wp","href":"https:\/\/api.w.org\/{rel}","templated":true}]}}