{"id":2413,"date":"2023-10-04T12:53:34","date_gmt":"2023-10-04T15:53:34","guid":{"rendered":"http:\/\/concejodeliberantedeazul.gob.ar\/?p=2413"},"modified":"2023-10-04T12:53:35","modified_gmt":"2023-10-04T15:53:35","slug":"el-consejo-de-arbolado-publico-recibio-al-arq-julio-toscano","status":"publish","type":"post","link":"http:\/\/concejodeliberantedeazul.gob.ar\/index.php\/2023\/10\/04\/el-consejo-de-arbolado-publico-recibio-al-arq-julio-toscano\/","title":{"rendered":"El Consejo de Arbolado P\u00fablico recibi\u00f3 al Arq. Julio Toscano"},"content":{"rendered":"\n<p>El Subdirector de Urbanismo, Vivienda y Planeamiento, junto al empleado del \u00e1rea Mart\u00edn Tapia, fueron recibidos por las concejalas Graciela Bilello, Pilar \u00c1lvarez, Cecilia Mart\u00ednez, Gisella Hiriart, Ver\u00f3nica Crisafulli y Cristina \u00c1lvarez; Dolores Lynch y Santiago Balda, Coordinadores del Consejo; los Ingenieros Agr\u00f3nomos Eduardo Farina y Francisco Bardi; Pablo Nasello y Cecilia Azcona.<\/p>\n\n\n\n<p>El objetivo de la reuni\u00f3n con el funcionario municipal fue dialogar sobre la planificaci\u00f3n de la avenida Mitre. En este sentido, se analizaron las d\u00e1rsenas existentes; la circulaci\u00f3n vehicular, los servicios eco sist\u00e9micos que brindan los \u00e1rboles y la necesidad de una planificaci\u00f3n integral de dicha avenida.<\/p>\n\n\n\n<p>Por otra parte, los integrantes del Consejo de Arbolado establecieron un listado de recomendaciones de especies para los barrios SOCOA, Chacras de Bruno y lotes molino norte.<\/p>\n","protected":false},"excerpt":{"rendered":"<p>El Subdirector de Urbanismo, Vivienda y Planeamiento, junto al empleado del \u00e1rea Mart\u00edn Tapia, fueron recibidos por las concejalas Graciela Bilello, Pilar \u00c1lvarez, Cecilia Mart\u00ednez, Gisella Hiriart, Ver\u00f3nica Crisafulli y Cristina \u00c1lvarez; Dolores Lynch y Santiago Balda, Coordinadores del Consejo; los Ingenieros Agr\u00f3nomos Eduardo Farina y Francisco Bardi; Pablo Nasello y Cecilia Azcona. El objetivo [&hellip;]<\/p>\n","protected":false},"author":2,"featured_media":2414,"comment_status":"open","ping_status":"open","sticky":false,"template":"","format":"standard","meta":{"tdm_status":"","tdm_grid_status":"","footnotes":""},"categories":[7],"tags":[],"class_list":{"0":"post-2413","1":"post","2":"type-post","3":"status-publish","4":"format-standard","5":"has-post-thumbnail","7":"category-noticias"},"yoast_head":"<!-- This site is optimized with the Yoast SEO plugin v27.3 - https:\/\/yoast.com\/product\/yoast-seo-wordpress\/ -->\n<title>El Consejo de Arbolado P\u00fablico recibi\u00f3 al Arq. Julio Toscano - Concejo deliberante de Azul<\/title>\n<meta name=\"robots\" content=\"index, follow, max-snippet:-1, max-image-preview:large, max-video-preview:-1\" \/>\n<link rel=\"canonical\" href=\"http:\/\/concejodeliberantedeazul.gob.ar\/index.php\/2023\/10\/04\/el-consejo-de-arbolado-publico-recibio-al-arq-julio-toscano\/\" \/>\n<meta property=\"og:locale\" content=\"es_ES\" \/>\n<meta property=\"og:type\" content=\"article\" \/>\n<meta property=\"og:title\" content=\"El Consejo de Arbolado P\u00fablico recibi\u00f3 al Arq. Julio Toscano - Concejo deliberante de Azul\" \/>\n<meta property=\"og:description\" content=\"El Subdirector de Urbanismo, Vivienda y Planeamiento, junto al empleado del \u00e1rea Mart\u00edn Tapia, fueron recibidos por las concejalas Graciela Bilello, Pilar \u00c1lvarez, Cecilia Mart\u00ednez, Gisella Hiriart, Ver\u00f3nica Crisafulli y Cristina \u00c1lvarez; Dolores Lynch y Santiago Balda, Coordinadores del Consejo; los Ingenieros Agr\u00f3nomos Eduardo Farina y Francisco Bardi; Pablo Nasello y Cecilia Azcona. El objetivo [&hellip;]\" \/>\n<meta property=\"og:url\" content=\"http:\/\/concejodeliberantedeazul.gob.ar\/index.php\/2023\/10\/04\/el-consejo-de-arbolado-publico-recibio-al-arq-julio-toscano\/\" \/>\n<meta property=\"og:site_name\" content=\"Concejo deliberante de Azul\" \/>\n<meta property=\"article:published_time\" content=\"2023-10-04T15:53:34+00:00\" \/>\n<meta property=\"article:modified_time\" content=\"2023-10-04T15:53:35+00:00\" \/>\n<meta property=\"og:image\" content=\"http:\/\/concejodeliberantedeazul.gob.ar\/wp-content\/uploads\/2023\/10\/04-10-2023-Arbolado-scaled.jpg\" \/>\n\t<meta property=\"og:image:width\" content=\"2560\" \/>\n\t<meta property=\"og:image:height\" content=\"1928\" \/>\n\t<meta property=\"og:image:type\" content=\"image\/jpeg\" \/>\n<meta name=\"author\" content=\"Concejo Deliberante Azul\" \/>\n<meta name=\"twitter:card\" content=\"summary_large_image\" \/>\n<meta name=\"twitter:label1\" content=\"Escrito por\" \/>\n\t<meta name=\"twitter:data1\" content=\"Concejo Deliberante Azul\" \/>\n\t<meta name=\"twitter:label2\" content=\"Tiempo de lectura\" \/>\n\t<meta name=\"twitter:data2\" content=\"1 minuto\" \/>\n<script type=\"application\/ld+json\" class=\"yoast-schema-graph\">{\"@context\":\"https:\\\/\\\/schema.org\",\"@graph\":[{\"@type\":\"Article\",\"@id\":\"http:\\\/\\\/concejodeliberantedeazul.gob.ar\\\/index.php\\\/2023\\\/10\\\/04\\\/el-consejo-de-arbolado-publico-recibio-al-arq-julio-toscano\\\/#article\",\"isPartOf\":{\"@id\":\"http:\\\/\\\/concejodeliberantedeazul.gob.ar\\\/index.php\\\/2023\\\/10\\\/04\\\/el-consejo-de-arbolado-publico-recibio-al-arq-julio-toscano\\\/\"},\"author\":{\"name\":\"Concejo Deliberante Azul\",\"@id\":\"http:\\\/\\\/concejodeliberantedeazul.gob.ar\\\/#\\\/schema\\\/person\\\/65fd6514aee7c29f008fc53b206198fe\"},\"headline\":\"El Consejo de Arbolado P\u00fablico recibi\u00f3 al Arq. Julio Toscano\",\"datePublished\":\"2023-10-04T15:53:34+00:00\",\"dateModified\":\"2023-10-04T15:53:35+00:00\",\"mainEntityOfPage\":{\"@id\":\"http:\\\/\\\/concejodeliberantedeazul.gob.ar\\\/index.php\\\/2023\\\/10\\\/04\\\/el-consejo-de-arbolado-publico-recibio-al-arq-julio-toscano\\\/\"},\"wordCount\":148,\"commentCount\":0,\"image\":{\"@id\":\"http:\\\/\\\/concejodeliberantedeazul.gob.ar\\\/index.php\\\/2023\\\/10\\\/04\\\/el-consejo-de-arbolado-publico-recibio-al-arq-julio-toscano\\\/#primaryimage\"},\"thumbnailUrl\":\"http:\\\/\\\/concejodeliberantedeazul.gob.ar\\\/wp-content\\\/uploads\\\/2023\\\/10\\\/04-10-2023-Arbolado-scaled.jpg\",\"articleSection\":[\"Noticias\"],\"inLanguage\":\"es-AR\",\"potentialAction\":[{\"@type\":\"CommentAction\",\"name\":\"Comment\",\"target\":[\"http:\\\/\\\/concejodeliberantedeazul.gob.ar\\\/index.php\\\/2023\\\/10\\\/04\\\/el-consejo-de-arbolado-publico-recibio-al-arq-julio-toscano\\\/#respond\"]}]},{\"@type\":\"WebPage\",\"@id\":\"http:\\\/\\\/concejodeliberantedeazul.gob.ar\\\/index.php\\\/2023\\\/10\\\/04\\\/el-consejo-de-arbolado-publico-recibio-al-arq-julio-toscano\\\/\",\"url\":\"http:\\\/\\\/concejodeliberantedeazul.gob.ar\\\/index.php\\\/2023\\\/10\\\/04\\\/el-consejo-de-arbolado-publico-recibio-al-arq-julio-toscano\\\/\",\"name\":\"El Consejo de Arbolado P\u00fablico recibi\u00f3 al Arq. Julio Toscano - Concejo deliberante de Azul\",\"isPartOf\":{\"@id\":\"http:\\\/\\\/concejodeliberantedeazul.gob.ar\\\/#website\"},\"primaryImageOfPage\":{\"@id\":\"http:\\\/\\\/concejodeliberantedeazul.gob.ar\\\/index.php\\\/2023\\\/10\\\/04\\\/el-consejo-de-arbolado-publico-recibio-al-arq-julio-toscano\\\/#primaryimage\"},\"image\":{\"@id\":\"http:\\\/\\\/concejodeliberantedeazul.gob.ar\\\/index.php\\\/2023\\\/10\\\/04\\\/el-consejo-de-arbolado-publico-recibio-al-arq-julio-toscano\\\/#primaryimage\"},\"thumbnailUrl\":\"http:\\\/\\\/concejodeliberantedeazul.gob.ar\\\/wp-content\\\/uploads\\\/2023\\\/10\\\/04-10-2023-Arbolado-scaled.jpg\",\"datePublished\":\"2023-10-04T15:53:34+00:00\",\"dateModified\":\"2023-10-04T15:53:35+00:00\",\"author\":{\"@id\":\"http:\\\/\\\/concejodeliberantedeazul.gob.ar\\\/#\\\/schema\\\/person\\\/65fd6514aee7c29f008fc53b206198fe\"},\"breadcrumb\":{\"@id\":\"http:\\\/\\\/concejodeliberantedeazul.gob.ar\\\/index.php\\\/2023\\\/10\\\/04\\\/el-consejo-de-arbolado-publico-recibio-al-arq-julio-toscano\\\/#breadcrumb\"},\"inLanguage\":\"es-AR\",\"potentialAction\":[{\"@type\":\"ReadAction\",\"target\":[\"http:\\\/\\\/concejodeliberantedeazul.gob.ar\\\/index.php\\\/2023\\\/10\\\/04\\\/el-consejo-de-arbolado-publico-recibio-al-arq-julio-toscano\\\/\"]}]},{\"@type\":\"ImageObject\",\"inLanguage\":\"es-AR\",\"@id\":\"http:\\\/\\\/concejodeliberantedeazul.gob.ar\\\/index.php\\\/2023\\\/10\\\/04\\\/el-consejo-de-arbolado-publico-recibio-al-arq-julio-toscano\\\/#primaryimage\",\"url\":\"http:\\\/\\\/concejodeliberantedeazul.gob.ar\\\/wp-content\\\/uploads\\\/2023\\\/10\\\/04-10-2023-Arbolado-scaled.jpg\",\"contentUrl\":\"http:\\\/\\\/concejodeliberantedeazul.gob.ar\\\/wp-content\\\/uploads\\\/2023\\\/10\\\/04-10-2023-Arbolado-scaled.jpg\",\"width\":2560,\"height\":1928},{\"@type\":\"BreadcrumbList\",\"@id\":\"http:\\\/\\\/concejodeliberantedeazul.gob.ar\\\/index.php\\\/2023\\\/10\\\/04\\\/el-consejo-de-arbolado-publico-recibio-al-arq-julio-toscano\\\/#breadcrumb\",\"itemListElement\":[{\"@type\":\"ListItem\",\"position\":1,\"name\":\"Inicio\",\"item\":\"https:\\\/\\\/concejodeliberantedeazul.gob.ar\\\/\"},{\"@type\":\"ListItem\",\"position\":2,\"name\":\"El Consejo de Arbolado P\u00fablico recibi\u00f3 al Arq. Julio Toscano\"}]},{\"@type\":\"WebSite\",\"@id\":\"http:\\\/\\\/concejodeliberantedeazul.gob.ar\\\/#website\",\"url\":\"http:\\\/\\\/concejodeliberantedeazul.gob.ar\\\/\",\"name\":\"Concejo deliberante de Azul\",\"description\":\"Sitio Web Oficial del Concejo Deliberante de Azul, Prov. de Buenos Aires - Conformado por 18 concejales de todo el partido.\",\"potentialAction\":[{\"@type\":\"SearchAction\",\"target\":{\"@type\":\"EntryPoint\",\"urlTemplate\":\"http:\\\/\\\/concejodeliberantedeazul.gob.ar\\\/?s={search_term_string}\"},\"query-input\":{\"@type\":\"PropertyValueSpecification\",\"valueRequired\":true,\"valueName\":\"search_term_string\"}}],\"inLanguage\":\"es-AR\"},{\"@type\":\"Person\",\"@id\":\"http:\\\/\\\/concejodeliberantedeazul.gob.ar\\\/#\\\/schema\\\/person\\\/65fd6514aee7c29f008fc53b206198fe\",\"name\":\"Concejo Deliberante Azul\",\"image\":{\"@type\":\"ImageObject\",\"inLanguage\":\"es-AR\",\"@id\":\"https:\\\/\\\/secure.gravatar.com\\\/avatar\\\/30d9ae907861b897be87a25469982f0cfbce09947e0998bf7d9d0ecab450fb85?s=96&d=mm&r=g\",\"url\":\"https:\\\/\\\/secure.gravatar.com\\\/avatar\\\/30d9ae907861b897be87a25469982f0cfbce09947e0998bf7d9d0ecab450fb85?s=96&d=mm&r=g\",\"contentUrl\":\"https:\\\/\\\/secure.gravatar.com\\\/avatar\\\/30d9ae907861b897be87a25469982f0cfbce09947e0998bf7d9d0ecab450fb85?s=96&d=mm&r=g\",\"caption\":\"Concejo Deliberante Azul\"},\"url\":\"http:\\\/\\\/concejodeliberantedeazul.gob.ar\\\/index.php\\\/author\\\/concejo\\\/\"}]}<\/script>\n<!-- \/ Yoast SEO plugin. -->","yoast_head_json":{"title":"El Consejo de Arbolado P\u00fablico recibi\u00f3 al Arq. Julio Toscano - Concejo deliberante de Azul","robots":{"index":"index","follow":"follow","max-snippet":"max-snippet:-1","max-image-preview":"max-image-preview:large","max-video-preview":"max-video-preview:-1"},"canonical":"http:\/\/concejodeliberantedeazul.gob.ar\/index.php\/2023\/10\/04\/el-consejo-de-arbolado-publico-recibio-al-arq-julio-toscano\/","og_locale":"es_ES","og_type":"article","og_title":"El Consejo de Arbolado P\u00fablico recibi\u00f3 al Arq. Julio Toscano - Concejo deliberante de Azul","og_description":"El Subdirector de Urbanismo, Vivienda y Planeamiento, junto al empleado del \u00e1rea Mart\u00edn Tapia, fueron recibidos por las concejalas Graciela Bilello, Pilar \u00c1lvarez, Cecilia Mart\u00ednez, Gisella Hiriart, Ver\u00f3nica Crisafulli y Cristina \u00c1lvarez; Dolores Lynch y Santiago Balda, Coordinadores del Consejo; los Ingenieros Agr\u00f3nomos Eduardo Farina y Francisco Bardi; Pablo Nasello y Cecilia Azcona. El objetivo [&hellip;]","og_url":"http:\/\/concejodeliberantedeazul.gob.ar\/index.php\/2023\/10\/04\/el-consejo-de-arbolado-publico-recibio-al-arq-julio-toscano\/","og_site_name":"Concejo deliberante de Azul","article_published_time":"2023-10-04T15:53:34+00:00","article_modified_time":"2023-10-04T15:53:35+00:00","og_image":[{"width":2560,"height":1928,"url":"http:\/\/concejodeliberantedeazul.gob.ar\/wp-content\/uploads\/2023\/10\/04-10-2023-Arbolado-scaled.jpg","type":"image\/jpeg"}],"author":"Concejo Deliberante Azul","twitter_card":"summary_large_image","twitter_misc":{"Escrito por":"Concejo Deliberante Azul","Tiempo de lectura":"1 minuto"},"schema":{"@context":"https:\/\/schema.org","@graph":[{"@type":"Article","@id":"http:\/\/concejodeliberantedeazul.gob.ar\/index.php\/2023\/10\/04\/el-consejo-de-arbolado-publico-recibio-al-arq-julio-toscano\/#article","isPartOf":{"@id":"http:\/\/concejodeliberantedeazul.gob.ar\/index.php\/2023\/10\/04\/el-consejo-de-arbolado-publico-recibio-al-arq-julio-toscano\/"},"author":{"name":"Concejo Deliberante Azul","@id":"http:\/\/concejodeliberantedeazul.gob.ar\/#\/schema\/person\/65fd6514aee7c29f008fc53b206198fe"},"headline":"El Consejo de Arbolado P\u00fablico recibi\u00f3 al Arq. Julio Toscano","datePublished":"2023-10-04T15:53:34+00:00","dateModified":"2023-10-04T15:53:35+00:00","mainEntityOfPage":{"@id":"http:\/\/concejodeliberantedeazul.gob.ar\/index.php\/2023\/10\/04\/el-consejo-de-arbolado-publico-recibio-al-arq-julio-toscano\/"},"wordCount":148,"commentCount":0,"image":{"@id":"http:\/\/concejodeliberantedeazul.gob.ar\/index.php\/2023\/10\/04\/el-consejo-de-arbolado-publico-recibio-al-arq-julio-toscano\/#primaryimage"},"thumbnailUrl":"http:\/\/concejodeliberantedeazul.gob.ar\/wp-content\/uploads\/2023\/10\/04-10-2023-Arbolado-scaled.jpg","articleSection":["Noticias"],"inLanguage":"es-AR","potentialAction":[{"@type":"CommentAction","name":"Comment","target":["http:\/\/concejodeliberantedeazul.gob.ar\/index.php\/2023\/10\/04\/el-consejo-de-arbolado-publico-recibio-al-arq-julio-toscano\/#respond"]}]},{"@type":"WebPage","@id":"http:\/\/concejodeliberantedeazul.gob.ar\/index.php\/2023\/10\/04\/el-consejo-de-arbolado-publico-recibio-al-arq-julio-toscano\/","url":"http:\/\/concejodeliberantedeazul.gob.ar\/index.php\/2023\/10\/04\/el-consejo-de-arbolado-publico-recibio-al-arq-julio-toscano\/","name":"El Consejo de Arbolado P\u00fablico recibi\u00f3 al Arq. Julio Toscano - Concejo deliberante de Azul","isPartOf":{"@id":"http:\/\/concejodeliberantedeazul.gob.ar\/#website"},"primaryImageOfPage":{"@id":"http:\/\/concejodeliberantedeazul.gob.ar\/index.php\/2023\/10\/04\/el-consejo-de-arbolado-publico-recibio-al-arq-julio-toscano\/#primaryimage"},"image":{"@id":"http:\/\/concejodeliberantedeazul.gob.ar\/index.php\/2023\/10\/04\/el-consejo-de-arbolado-publico-recibio-al-arq-julio-toscano\/#primaryimage"},"thumbnailUrl":"http:\/\/concejodeliberantedeazul.gob.ar\/wp-content\/uploads\/2023\/10\/04-10-2023-Arbolado-scaled.jpg","datePublished":"2023-10-04T15:53:34+00:00","dateModified":"2023-10-04T15:53:35+00:00","author":{"@id":"http:\/\/concejodeliberantedeazul.gob.ar\/#\/schema\/person\/65fd6514aee7c29f008fc53b206198fe"},"breadcrumb":{"@id":"http:\/\/concejodeliberantedeazul.gob.ar\/index.php\/2023\/10\/04\/el-consejo-de-arbolado-publico-recibio-al-arq-julio-toscano\/#breadcrumb"},"inLanguage":"es-AR","potentialAction":[{"@type":"ReadAction","target":["http:\/\/concejodeliberantedeazul.gob.ar\/index.php\/2023\/10\/04\/el-consejo-de-arbolado-publico-recibio-al-arq-julio-toscano\/"]}]},{"@type":"ImageObject","inLanguage":"es-AR","@id":"http:\/\/concejodeliberantedeazul.gob.ar\/index.php\/2023\/10\/04\/el-consejo-de-arbolado-publico-recibio-al-arq-julio-toscano\/#primaryimage","url":"http:\/\/concejodeliberantedeazul.gob.ar\/wp-content\/uploads\/2023\/10\/04-10-2023-Arbolado-scaled.jpg","contentUrl":"http:\/\/concejodeliberantedeazul.gob.ar\/wp-content\/uploads\/2023\/10\/04-10-2023-Arbolado-scaled.jpg","width":2560,"height":1928},{"@type":"BreadcrumbList","@id":"http:\/\/concejodeliberantedeazul.gob.ar\/index.php\/2023\/10\/04\/el-consejo-de-arbolado-publico-recibio-al-arq-julio-toscano\/#breadcrumb","itemListElement":[{"@type":"ListItem","position":1,"name":"Inicio","item":"https:\/\/concejodeliberantedeazul.gob.ar\/"},{"@type":"ListItem","position":2,"name":"El Consejo de Arbolado P\u00fablico recibi\u00f3 al Arq. Julio Toscano"}]},{"@type":"WebSite","@id":"http:\/\/concejodeliberantedeazul.gob.ar\/#website","url":"http:\/\/concejodeliberantedeazul.gob.ar\/","name":"Concejo deliberante de Azul","description":"Sitio Web Oficial del Concejo Deliberante de Azul, Prov. de Buenos Aires - Conformado por 18 concejales de todo el partido.","potentialAction":[{"@type":"SearchAction","target":{"@type":"EntryPoint","urlTemplate":"http:\/\/concejodeliberantedeazul.gob.ar\/?s={search_term_string}"},"query-input":{"@type":"PropertyValueSpecification","valueRequired":true,"valueName":"search_term_string"}}],"inLanguage":"es-AR"},{"@type":"Person","@id":"http:\/\/concejodeliberantedeazul.gob.ar\/#\/schema\/person\/65fd6514aee7c29f008fc53b206198fe","name":"Concejo Deliberante Azul","image":{"@type":"ImageObject","inLanguage":"es-AR","@id":"https:\/\/secure.gravatar.com\/avatar\/30d9ae907861b897be87a25469982f0cfbce09947e0998bf7d9d0ecab450fb85?s=96&d=mm&r=g","url":"https:\/\/secure.gravatar.com\/avatar\/30d9ae907861b897be87a25469982f0cfbce09947e0998bf7d9d0ecab450fb85?s=96&d=mm&r=g","contentUrl":"https:\/\/secure.gravatar.com\/avatar\/30d9ae907861b897be87a25469982f0cfbce09947e0998bf7d9d0ecab450fb85?s=96&d=mm&r=g","caption":"Concejo Deliberante Azul"},"url":"http:\/\/concejodeliberantedeazul.gob.ar\/index.php\/author\/concejo\/"}]}},"amp_enabled":true,"_links":{"self":[{"href":"http:\/\/concejodeliberantedeazul.gob.ar\/index.php\/wp-json\/wp\/v2\/posts\/2413","targetHints":{"allow":["GET"]}}],"collection":[{"href":"http:\/\/concejodeliberantedeazul.gob.ar\/index.php\/wp-json\/wp\/v2\/posts"}],"about":[{"href":"http:\/\/concejodeliberantedeazul.gob.ar\/index.php\/wp-json\/wp\/v2\/types\/post"}],"author":[{"embeddable":true,"href":"http:\/\/concejodeliberantedeazul.gob.ar\/index.php\/wp-json\/wp\/v2\/users\/2"}],"replies":[{"embeddable":true,"href":"http:\/\/concejodeliberantedeazul.gob.ar\/index.php\/wp-json\/wp\/v2\/comments?post=2413"}],"version-history":[{"count":1,"href":"http:\/\/concejodeliberantedeazul.gob.ar\/index.php\/wp-json\/wp\/v2\/posts\/2413\/revisions"}],"predecessor-version":[{"id":2415,"href":"http:\/\/concejodeliberantedeazul.gob.ar\/index.php\/wp-json\/wp\/v2\/posts\/2413\/revisions\/2415"}],"wp:featuredmedia":[{"embeddable":true,"href":"http:\/\/concejodeliberantedeazul.gob.ar\/index.php\/wp-json\/wp\/v2\/media\/2414"}],"wp:attachment":[{"href":"http:\/\/concejodeliberantedeazul.gob.ar\/index.php\/wp-json\/wp\/v2\/media?parent=2413"}],"wp:term":[{"taxonomy":"category","embeddable":true,"href":"http:\/\/concejodeliberantedeazul.gob.ar\/index.php\/wp-json\/wp\/v2\/categories?post=2413"},{"taxonomy":"post_tag","embeddable":true,"href":"http:\/\/concejodeliberantedeazul.gob.ar\/index.php\/wp-json\/wp\/v2\/tags?post=2413"}],"curies":[{"name":"wp","href":"https:\/\/api.w.org\/{rel}","templated":true}]}}