{"id":2315,"date":"2023-08-29T12:59:24","date_gmt":"2023-08-29T15:59:24","guid":{"rendered":"http:\/\/concejodeliberantedeazul.gob.ar\/?p=2315"},"modified":"2023-08-29T12:59:26","modified_gmt":"2023-08-29T15:59:26","slug":"29-de-agosto-dia-nacional-del-arbol","status":"publish","type":"post","link":"http:\/\/concejodeliberantedeazul.gob.ar\/index.php\/2023\/08\/29\/29-de-agosto-dia-nacional-del-arbol\/","title":{"rendered":"29 de agosto: D\u00eda Nacional del \u00c1rbol"},"content":{"rendered":"\n<p>El Consejo de Arbolado P\u00fablico de Azul adhiere a esta celebraci\u00f3n invitando a los vecinos a reflexionar acerca de la importancia de los \u00e1rboles en el espacio p\u00fablico.<\/p>\n\n\n\n<p>Los \u00e1rboles de nuestras calles, avenidas, plazas y parques no s\u00f3lo embellecen la ciudad, sino que nos aportan importantes beneficios, como son: absorci\u00f3n de CO2 y liberaci\u00f3n ox\u00edgeno; mejora de la calidad del aire; ayudan a regular las temperaturas; ayudan a disminuir los ruidos urbanos; mejoran la capacidad de infiltraci\u00f3n del agua de lluvia en los suelos, tan necesario frente a precipitaciones intensas; son refugio de aves e insectos y mejoran la calidad de vida, ya que el contacto con la naturaleza es beneficioso para nuestra salud.<\/p>\n\n\n\n<p>Para tener en cuenta:<\/p>\n\n\n\n<p>No plante en la vereda cualquier \u00e1rbol, consulte cu\u00e1l es la especie indicada para ese lugar.<\/p>\n\n\n\n<p>No pode sin autorizaci\u00f3n. Adem\u00e1s, las podas mal realizadas o innecesarias provocan el crecimiento de ramas d\u00e9biles, generan heridas por las que pueden ingresar enfermedades y fomentan un mayor crecimiento de ra\u00edces.<\/p>\n\n\n\n<p>Una cazuela amplia ayuda a que las ra\u00edces no rompan la vereda.<\/p>\n\n\n\n<p>No pinte ni fije elementos extra\u00f1os a los \u00e1rboles.<\/p>\n\n\n\n<p>Riegue los \u00e1rboles, especialmente en \u00e9pocas calurosas.<\/p>\n\n\n\n<p>Ante consultas e inquietudes se pueden comunicar al e-mail consejo.arbolado.azul@gmail.com<\/p>\n","protected":false},"excerpt":{"rendered":"<p>El Consejo de Arbolado P\u00fablico de Azul adhiere a esta celebraci\u00f3n invitando a los vecinos a reflexionar acerca de la importancia de los \u00e1rboles en el espacio p\u00fablico. Los \u00e1rboles de nuestras calles, avenidas, plazas y parques no s\u00f3lo embellecen la ciudad, sino que nos aportan importantes beneficios, como son: absorci\u00f3n de CO2 y liberaci\u00f3n [&hellip;]<\/p>\n","protected":false},"author":2,"featured_media":2316,"comment_status":"open","ping_status":"open","sticky":false,"template":"","format":"standard","meta":{"tdm_status":"","tdm_grid_status":"","footnotes":""},"categories":[7],"tags":[],"class_list":{"0":"post-2315","1":"post","2":"type-post","3":"status-publish","4":"format-standard","5":"has-post-thumbnail","7":"category-noticias"},"yoast_head":"<!-- This site is optimized with the Yoast SEO plugin v27.3 - https:\/\/yoast.com\/product\/yoast-seo-wordpress\/ -->\n<title>29 de agosto: D\u00eda Nacional del \u00c1rbol - Concejo deliberante de Azul<\/title>\n<meta name=\"robots\" content=\"index, follow, max-snippet:-1, max-image-preview:large, max-video-preview:-1\" \/>\n<link rel=\"canonical\" href=\"http:\/\/concejodeliberantedeazul.gob.ar\/index.php\/2023\/08\/29\/29-de-agosto-dia-nacional-del-arbol\/\" \/>\n<meta property=\"og:locale\" content=\"es_ES\" \/>\n<meta property=\"og:type\" content=\"article\" \/>\n<meta property=\"og:title\" content=\"29 de agosto: D\u00eda Nacional del \u00c1rbol - Concejo deliberante de Azul\" \/>\n<meta property=\"og:description\" content=\"El Consejo de Arbolado P\u00fablico de Azul adhiere a esta celebraci\u00f3n invitando a los vecinos a reflexionar acerca de la importancia de los \u00e1rboles en el espacio p\u00fablico. Los \u00e1rboles de nuestras calles, avenidas, plazas y parques no s\u00f3lo embellecen la ciudad, sino que nos aportan importantes beneficios, como son: absorci\u00f3n de CO2 y liberaci\u00f3n [&hellip;]\" \/>\n<meta property=\"og:url\" content=\"http:\/\/concejodeliberantedeazul.gob.ar\/index.php\/2023\/08\/29\/29-de-agosto-dia-nacional-del-arbol\/\" \/>\n<meta property=\"og:site_name\" content=\"Concejo deliberante de Azul\" \/>\n<meta property=\"article:published_time\" content=\"2023-08-29T15:59:24+00:00\" \/>\n<meta property=\"article:modified_time\" content=\"2023-08-29T15:59:26+00:00\" \/>\n<meta property=\"og:image\" content=\"http:\/\/concejodeliberantedeazul.gob.ar\/wp-content\/uploads\/2023\/08\/WhatsApp-Image-2023-08-29-at-11.51.56.jpeg\" \/>\n\t<meta property=\"og:image:width\" content=\"768\" \/>\n\t<meta property=\"og:image:height\" content=\"1024\" \/>\n\t<meta property=\"og:image:type\" content=\"image\/jpeg\" \/>\n<meta name=\"author\" content=\"Concejo Deliberante Azul\" \/>\n<meta name=\"twitter:card\" content=\"summary_large_image\" \/>\n<meta name=\"twitter:label1\" content=\"Escrito por\" \/>\n\t<meta name=\"twitter:data1\" content=\"Concejo Deliberante Azul\" \/>\n\t<meta name=\"twitter:label2\" content=\"Tiempo de lectura\" \/>\n\t<meta name=\"twitter:data2\" content=\"1 minuto\" \/>\n<script type=\"application\/ld+json\" class=\"yoast-schema-graph\">{\"@context\":\"https:\\\/\\\/schema.org\",\"@graph\":[{\"@type\":\"Article\",\"@id\":\"http:\\\/\\\/concejodeliberantedeazul.gob.ar\\\/index.php\\\/2023\\\/08\\\/29\\\/29-de-agosto-dia-nacional-del-arbol\\\/#article\",\"isPartOf\":{\"@id\":\"http:\\\/\\\/concejodeliberantedeazul.gob.ar\\\/index.php\\\/2023\\\/08\\\/29\\\/29-de-agosto-dia-nacional-del-arbol\\\/\"},\"author\":{\"name\":\"Concejo Deliberante Azul\",\"@id\":\"http:\\\/\\\/concejodeliberantedeazul.gob.ar\\\/#\\\/schema\\\/person\\\/65fd6514aee7c29f008fc53b206198fe\"},\"headline\":\"29 de agosto: D\u00eda Nacional del \u00c1rbol\",\"datePublished\":\"2023-08-29T15:59:24+00:00\",\"dateModified\":\"2023-08-29T15:59:26+00:00\",\"mainEntityOfPage\":{\"@id\":\"http:\\\/\\\/concejodeliberantedeazul.gob.ar\\\/index.php\\\/2023\\\/08\\\/29\\\/29-de-agosto-dia-nacional-del-arbol\\\/\"},\"wordCount\":231,\"commentCount\":0,\"image\":{\"@id\":\"http:\\\/\\\/concejodeliberantedeazul.gob.ar\\\/index.php\\\/2023\\\/08\\\/29\\\/29-de-agosto-dia-nacional-del-arbol\\\/#primaryimage\"},\"thumbnailUrl\":\"http:\\\/\\\/concejodeliberantedeazul.gob.ar\\\/wp-content\\\/uploads\\\/2023\\\/08\\\/WhatsApp-Image-2023-08-29-at-11.51.56.jpeg\",\"articleSection\":[\"Noticias\"],\"inLanguage\":\"es-AR\",\"potentialAction\":[{\"@type\":\"CommentAction\",\"name\":\"Comment\",\"target\":[\"http:\\\/\\\/concejodeliberantedeazul.gob.ar\\\/index.php\\\/2023\\\/08\\\/29\\\/29-de-agosto-dia-nacional-del-arbol\\\/#respond\"]}]},{\"@type\":\"WebPage\",\"@id\":\"http:\\\/\\\/concejodeliberantedeazul.gob.ar\\\/index.php\\\/2023\\\/08\\\/29\\\/29-de-agosto-dia-nacional-del-arbol\\\/\",\"url\":\"http:\\\/\\\/concejodeliberantedeazul.gob.ar\\\/index.php\\\/2023\\\/08\\\/29\\\/29-de-agosto-dia-nacional-del-arbol\\\/\",\"name\":\"29 de agosto: D\u00eda Nacional del \u00c1rbol - Concejo deliberante de Azul\",\"isPartOf\":{\"@id\":\"http:\\\/\\\/concejodeliberantedeazul.gob.ar\\\/#website\"},\"primaryImageOfPage\":{\"@id\":\"http:\\\/\\\/concejodeliberantedeazul.gob.ar\\\/index.php\\\/2023\\\/08\\\/29\\\/29-de-agosto-dia-nacional-del-arbol\\\/#primaryimage\"},\"image\":{\"@id\":\"http:\\\/\\\/concejodeliberantedeazul.gob.ar\\\/index.php\\\/2023\\\/08\\\/29\\\/29-de-agosto-dia-nacional-del-arbol\\\/#primaryimage\"},\"thumbnailUrl\":\"http:\\\/\\\/concejodeliberantedeazul.gob.ar\\\/wp-content\\\/uploads\\\/2023\\\/08\\\/WhatsApp-Image-2023-08-29-at-11.51.56.jpeg\",\"datePublished\":\"2023-08-29T15:59:24+00:00\",\"dateModified\":\"2023-08-29T15:59:26+00:00\",\"author\":{\"@id\":\"http:\\\/\\\/concejodeliberantedeazul.gob.ar\\\/#\\\/schema\\\/person\\\/65fd6514aee7c29f008fc53b206198fe\"},\"breadcrumb\":{\"@id\":\"http:\\\/\\\/concejodeliberantedeazul.gob.ar\\\/index.php\\\/2023\\\/08\\\/29\\\/29-de-agosto-dia-nacional-del-arbol\\\/#breadcrumb\"},\"inLanguage\":\"es-AR\",\"potentialAction\":[{\"@type\":\"ReadAction\",\"target\":[\"http:\\\/\\\/concejodeliberantedeazul.gob.ar\\\/index.php\\\/2023\\\/08\\\/29\\\/29-de-agosto-dia-nacional-del-arbol\\\/\"]}]},{\"@type\":\"ImageObject\",\"inLanguage\":\"es-AR\",\"@id\":\"http:\\\/\\\/concejodeliberantedeazul.gob.ar\\\/index.php\\\/2023\\\/08\\\/29\\\/29-de-agosto-dia-nacional-del-arbol\\\/#primaryimage\",\"url\":\"http:\\\/\\\/concejodeliberantedeazul.gob.ar\\\/wp-content\\\/uploads\\\/2023\\\/08\\\/WhatsApp-Image-2023-08-29-at-11.51.56.jpeg\",\"contentUrl\":\"http:\\\/\\\/concejodeliberantedeazul.gob.ar\\\/wp-content\\\/uploads\\\/2023\\\/08\\\/WhatsApp-Image-2023-08-29-at-11.51.56.jpeg\",\"width\":768,\"height\":1024},{\"@type\":\"BreadcrumbList\",\"@id\":\"http:\\\/\\\/concejodeliberantedeazul.gob.ar\\\/index.php\\\/2023\\\/08\\\/29\\\/29-de-agosto-dia-nacional-del-arbol\\\/#breadcrumb\",\"itemListElement\":[{\"@type\":\"ListItem\",\"position\":1,\"name\":\"Inicio\",\"item\":\"https:\\\/\\\/concejodeliberantedeazul.gob.ar\\\/\"},{\"@type\":\"ListItem\",\"position\":2,\"name\":\"29 de agosto: D\u00eda Nacional del \u00c1rbol\"}]},{\"@type\":\"WebSite\",\"@id\":\"http:\\\/\\\/concejodeliberantedeazul.gob.ar\\\/#website\",\"url\":\"http:\\\/\\\/concejodeliberantedeazul.gob.ar\\\/\",\"name\":\"Concejo deliberante de Azul\",\"description\":\"Sitio Web Oficial del Concejo Deliberante de Azul, Prov. de Buenos Aires - Conformado por 18 concejales de todo el partido.\",\"potentialAction\":[{\"@type\":\"SearchAction\",\"target\":{\"@type\":\"EntryPoint\",\"urlTemplate\":\"http:\\\/\\\/concejodeliberantedeazul.gob.ar\\\/?s={search_term_string}\"},\"query-input\":{\"@type\":\"PropertyValueSpecification\",\"valueRequired\":true,\"valueName\":\"search_term_string\"}}],\"inLanguage\":\"es-AR\"},{\"@type\":\"Person\",\"@id\":\"http:\\\/\\\/concejodeliberantedeazul.gob.ar\\\/#\\\/schema\\\/person\\\/65fd6514aee7c29f008fc53b206198fe\",\"name\":\"Concejo Deliberante Azul\",\"image\":{\"@type\":\"ImageObject\",\"inLanguage\":\"es-AR\",\"@id\":\"https:\\\/\\\/secure.gravatar.com\\\/avatar\\\/30d9ae907861b897be87a25469982f0cfbce09947e0998bf7d9d0ecab450fb85?s=96&d=mm&r=g\",\"url\":\"https:\\\/\\\/secure.gravatar.com\\\/avatar\\\/30d9ae907861b897be87a25469982f0cfbce09947e0998bf7d9d0ecab450fb85?s=96&d=mm&r=g\",\"contentUrl\":\"https:\\\/\\\/secure.gravatar.com\\\/avatar\\\/30d9ae907861b897be87a25469982f0cfbce09947e0998bf7d9d0ecab450fb85?s=96&d=mm&r=g\",\"caption\":\"Concejo Deliberante Azul\"},\"url\":\"http:\\\/\\\/concejodeliberantedeazul.gob.ar\\\/index.php\\\/author\\\/concejo\\\/\"}]}<\/script>\n<!-- \/ Yoast SEO plugin. -->","yoast_head_json":{"title":"29 de agosto: D\u00eda Nacional del \u00c1rbol - Concejo deliberante de Azul","robots":{"index":"index","follow":"follow","max-snippet":"max-snippet:-1","max-image-preview":"max-image-preview:large","max-video-preview":"max-video-preview:-1"},"canonical":"http:\/\/concejodeliberantedeazul.gob.ar\/index.php\/2023\/08\/29\/29-de-agosto-dia-nacional-del-arbol\/","og_locale":"es_ES","og_type":"article","og_title":"29 de agosto: D\u00eda Nacional del \u00c1rbol - Concejo deliberante de Azul","og_description":"El Consejo de Arbolado P\u00fablico de Azul adhiere a esta celebraci\u00f3n invitando a los vecinos a reflexionar acerca de la importancia de los \u00e1rboles en el espacio p\u00fablico. Los \u00e1rboles de nuestras calles, avenidas, plazas y parques no s\u00f3lo embellecen la ciudad, sino que nos aportan importantes beneficios, como son: absorci\u00f3n de CO2 y liberaci\u00f3n [&hellip;]","og_url":"http:\/\/concejodeliberantedeazul.gob.ar\/index.php\/2023\/08\/29\/29-de-agosto-dia-nacional-del-arbol\/","og_site_name":"Concejo deliberante de Azul","article_published_time":"2023-08-29T15:59:24+00:00","article_modified_time":"2023-08-29T15:59:26+00:00","og_image":[{"width":768,"height":1024,"url":"http:\/\/concejodeliberantedeazul.gob.ar\/wp-content\/uploads\/2023\/08\/WhatsApp-Image-2023-08-29-at-11.51.56.jpeg","type":"image\/jpeg"}],"author":"Concejo Deliberante Azul","twitter_card":"summary_large_image","twitter_misc":{"Escrito por":"Concejo Deliberante Azul","Tiempo de lectura":"1 minuto"},"schema":{"@context":"https:\/\/schema.org","@graph":[{"@type":"Article","@id":"http:\/\/concejodeliberantedeazul.gob.ar\/index.php\/2023\/08\/29\/29-de-agosto-dia-nacional-del-arbol\/#article","isPartOf":{"@id":"http:\/\/concejodeliberantedeazul.gob.ar\/index.php\/2023\/08\/29\/29-de-agosto-dia-nacional-del-arbol\/"},"author":{"name":"Concejo Deliberante Azul","@id":"http:\/\/concejodeliberantedeazul.gob.ar\/#\/schema\/person\/65fd6514aee7c29f008fc53b206198fe"},"headline":"29 de agosto: D\u00eda Nacional del \u00c1rbol","datePublished":"2023-08-29T15:59:24+00:00","dateModified":"2023-08-29T15:59:26+00:00","mainEntityOfPage":{"@id":"http:\/\/concejodeliberantedeazul.gob.ar\/index.php\/2023\/08\/29\/29-de-agosto-dia-nacional-del-arbol\/"},"wordCount":231,"commentCount":0,"image":{"@id":"http:\/\/concejodeliberantedeazul.gob.ar\/index.php\/2023\/08\/29\/29-de-agosto-dia-nacional-del-arbol\/#primaryimage"},"thumbnailUrl":"http:\/\/concejodeliberantedeazul.gob.ar\/wp-content\/uploads\/2023\/08\/WhatsApp-Image-2023-08-29-at-11.51.56.jpeg","articleSection":["Noticias"],"inLanguage":"es-AR","potentialAction":[{"@type":"CommentAction","name":"Comment","target":["http:\/\/concejodeliberantedeazul.gob.ar\/index.php\/2023\/08\/29\/29-de-agosto-dia-nacional-del-arbol\/#respond"]}]},{"@type":"WebPage","@id":"http:\/\/concejodeliberantedeazul.gob.ar\/index.php\/2023\/08\/29\/29-de-agosto-dia-nacional-del-arbol\/","url":"http:\/\/concejodeliberantedeazul.gob.ar\/index.php\/2023\/08\/29\/29-de-agosto-dia-nacional-del-arbol\/","name":"29 de agosto: D\u00eda Nacional del \u00c1rbol - Concejo deliberante de Azul","isPartOf":{"@id":"http:\/\/concejodeliberantedeazul.gob.ar\/#website"},"primaryImageOfPage":{"@id":"http:\/\/concejodeliberantedeazul.gob.ar\/index.php\/2023\/08\/29\/29-de-agosto-dia-nacional-del-arbol\/#primaryimage"},"image":{"@id":"http:\/\/concejodeliberantedeazul.gob.ar\/index.php\/2023\/08\/29\/29-de-agosto-dia-nacional-del-arbol\/#primaryimage"},"thumbnailUrl":"http:\/\/concejodeliberantedeazul.gob.ar\/wp-content\/uploads\/2023\/08\/WhatsApp-Image-2023-08-29-at-11.51.56.jpeg","datePublished":"2023-08-29T15:59:24+00:00","dateModified":"2023-08-29T15:59:26+00:00","author":{"@id":"http:\/\/concejodeliberantedeazul.gob.ar\/#\/schema\/person\/65fd6514aee7c29f008fc53b206198fe"},"breadcrumb":{"@id":"http:\/\/concejodeliberantedeazul.gob.ar\/index.php\/2023\/08\/29\/29-de-agosto-dia-nacional-del-arbol\/#breadcrumb"},"inLanguage":"es-AR","potentialAction":[{"@type":"ReadAction","target":["http:\/\/concejodeliberantedeazul.gob.ar\/index.php\/2023\/08\/29\/29-de-agosto-dia-nacional-del-arbol\/"]}]},{"@type":"ImageObject","inLanguage":"es-AR","@id":"http:\/\/concejodeliberantedeazul.gob.ar\/index.php\/2023\/08\/29\/29-de-agosto-dia-nacional-del-arbol\/#primaryimage","url":"http:\/\/concejodeliberantedeazul.gob.ar\/wp-content\/uploads\/2023\/08\/WhatsApp-Image-2023-08-29-at-11.51.56.jpeg","contentUrl":"http:\/\/concejodeliberantedeazul.gob.ar\/wp-content\/uploads\/2023\/08\/WhatsApp-Image-2023-08-29-at-11.51.56.jpeg","width":768,"height":1024},{"@type":"BreadcrumbList","@id":"http:\/\/concejodeliberantedeazul.gob.ar\/index.php\/2023\/08\/29\/29-de-agosto-dia-nacional-del-arbol\/#breadcrumb","itemListElement":[{"@type":"ListItem","position":1,"name":"Inicio","item":"https:\/\/concejodeliberantedeazul.gob.ar\/"},{"@type":"ListItem","position":2,"name":"29 de agosto: D\u00eda Nacional del \u00c1rbol"}]},{"@type":"WebSite","@id":"http:\/\/concejodeliberantedeazul.gob.ar\/#website","url":"http:\/\/concejodeliberantedeazul.gob.ar\/","name":"Concejo deliberante de Azul","description":"Sitio Web Oficial del Concejo Deliberante de Azul, Prov. de Buenos Aires - Conformado por 18 concejales de todo el partido.","potentialAction":[{"@type":"SearchAction","target":{"@type":"EntryPoint","urlTemplate":"http:\/\/concejodeliberantedeazul.gob.ar\/?s={search_term_string}"},"query-input":{"@type":"PropertyValueSpecification","valueRequired":true,"valueName":"search_term_string"}}],"inLanguage":"es-AR"},{"@type":"Person","@id":"http:\/\/concejodeliberantedeazul.gob.ar\/#\/schema\/person\/65fd6514aee7c29f008fc53b206198fe","name":"Concejo Deliberante Azul","image":{"@type":"ImageObject","inLanguage":"es-AR","@id":"https:\/\/secure.gravatar.com\/avatar\/30d9ae907861b897be87a25469982f0cfbce09947e0998bf7d9d0ecab450fb85?s=96&d=mm&r=g","url":"https:\/\/secure.gravatar.com\/avatar\/30d9ae907861b897be87a25469982f0cfbce09947e0998bf7d9d0ecab450fb85?s=96&d=mm&r=g","contentUrl":"https:\/\/secure.gravatar.com\/avatar\/30d9ae907861b897be87a25469982f0cfbce09947e0998bf7d9d0ecab450fb85?s=96&d=mm&r=g","caption":"Concejo Deliberante Azul"},"url":"http:\/\/concejodeliberantedeazul.gob.ar\/index.php\/author\/concejo\/"}]}},"amp_enabled":true,"_links":{"self":[{"href":"http:\/\/concejodeliberantedeazul.gob.ar\/index.php\/wp-json\/wp\/v2\/posts\/2315","targetHints":{"allow":["GET"]}}],"collection":[{"href":"http:\/\/concejodeliberantedeazul.gob.ar\/index.php\/wp-json\/wp\/v2\/posts"}],"about":[{"href":"http:\/\/concejodeliberantedeazul.gob.ar\/index.php\/wp-json\/wp\/v2\/types\/post"}],"author":[{"embeddable":true,"href":"http:\/\/concejodeliberantedeazul.gob.ar\/index.php\/wp-json\/wp\/v2\/users\/2"}],"replies":[{"embeddable":true,"href":"http:\/\/concejodeliberantedeazul.gob.ar\/index.php\/wp-json\/wp\/v2\/comments?post=2315"}],"version-history":[{"count":1,"href":"http:\/\/concejodeliberantedeazul.gob.ar\/index.php\/wp-json\/wp\/v2\/posts\/2315\/revisions"}],"predecessor-version":[{"id":2317,"href":"http:\/\/concejodeliberantedeazul.gob.ar\/index.php\/wp-json\/wp\/v2\/posts\/2315\/revisions\/2317"}],"wp:featuredmedia":[{"embeddable":true,"href":"http:\/\/concejodeliberantedeazul.gob.ar\/index.php\/wp-json\/wp\/v2\/media\/2316"}],"wp:attachment":[{"href":"http:\/\/concejodeliberantedeazul.gob.ar\/index.php\/wp-json\/wp\/v2\/media?parent=2315"}],"wp:term":[{"taxonomy":"category","embeddable":true,"href":"http:\/\/concejodeliberantedeazul.gob.ar\/index.php\/wp-json\/wp\/v2\/categories?post=2315"},{"taxonomy":"post_tag","embeddable":true,"href":"http:\/\/concejodeliberantedeazul.gob.ar\/index.php\/wp-json\/wp\/v2\/tags?post=2315"}],"curies":[{"name":"wp","href":"https:\/\/api.w.org\/{rel}","templated":true}]}}