{"id":2305,"date":"2023-08-18T10:00:18","date_gmt":"2023-08-18T13:00:18","guid":{"rendered":"http:\/\/concejodeliberantedeazul.gob.ar\/?p=2305"},"modified":"2023-08-18T10:00:19","modified_gmt":"2023-08-18T13:00:19","slug":"decimo-segunda-sesion-ordinaria-4","status":"publish","type":"post","link":"http:\/\/concejodeliberantedeazul.gob.ar\/index.php\/2023\/08\/18\/decimo-segunda-sesion-ordinaria-4\/","title":{"rendered":"D\u00e9cimo Segunda Sesi\u00f3n Ordinaria"},"content":{"rendered":"\n<p>Se llevar\u00e1 a cabo, este martes 22 a partir de las 17.30, la D\u00e9cimo Segunda Sesi\u00f3n Ordinaria, ejercicio 2023. El orden del d\u00eda cuenta con 15 puntos entre los que se destacan proyectos de los diferentes bloques, expedientes elevados por el Intendente y despachos de las Comisiones Permanentes que componen el Cuerpo.<\/p>\n\n\n\n<ol class=\"wp-block-list\" type=\"1\">\n<li>Concejal Juan Manuel Cacaceelev\u00f3 nota comunicando su renuncia al cargo por motivos personales.<\/li>\n<\/ol>\n\n\n\n<ul class=\"wp-block-list\">\n<li>Aprobaci\u00f3n de las actas correspondientes a las S\u00e9ptima, Octava y Novena Sesiones Ordinarias del presente ejercicio.<\/li>\n<\/ul>\n\n\n\n<ul class=\"wp-block-list\">\n<li>Lectura de Notas Recibidas.<\/li>\n<\/ul>\n\n\n\n<p><strong>Expedientes elevados por el Intendente:<\/strong><\/p>\n\n\n\n<ul class=\"wp-block-list\">\n<li>Elev\u00f3 actuaciones iniciadas por la Direcci\u00f3n de Regularizaci\u00f3n Dominial, con proyecto de Ordenanza referido a modificar la Ordenanza N\u00b0 1.181\/1993 sobre transferencia de dominio de tierras pertenecientes al barrio \u201cVilla Fidelidad\u201d.<\/li>\n\n\n\n<li>Elev\u00f3 actuaciones iniciadas por la Subdirecci\u00f3n Gesti\u00f3n de Patrimonio, y en respuesta a la RESOLUCI\u00d3N N\u00b0 4.849\/2023 del Cuerpo, con nuevo proyecto de Ordenanza que autoriza al Departamento Ejecutivo a dar de baja definitiva del patrimonio municipal y posteriormente proceder a la venta de un bien rodado de la Direcci\u00f3n de Deportes.<\/li>\n<\/ul>\n\n\n\n<p><strong>Despachos de las diferentes Comisiones:<\/strong><\/p>\n\n\n\n<ul class=\"wp-block-list\">\n<li>Despachos De Las Comisiones De Salud P\u00fablica Y Medio Ambiente Y De Interpretaci\u00f3n, Legislaci\u00f3n Y Seguridad P\u00fablica aconsejando la aprobaci\u00f3n de la Ordenanza, sancionada por el Concejo de los y las Estudiantes, referida a Crear el programa \u201cBiodigestores Comunales\u201d y el registro de \u201cHuertas Comunitarias\u201d.<\/li>\n\n\n\n<li>Despacho de la comisi\u00f3n de presupuesto y hacienda aconsejando la aprobaci\u00f3n del proyecto de Ordenanza referido a autorizar al Departamento Ejecutivo a aceptar la donaci\u00f3n para el patrimonio municipal de un bien destinado a la Delegaci\u00f3n Municipal de Chillar.<\/li>\n\n\n\n<li>Despacho de la comisi\u00f3n de presupuesto y hacienda aconsejando la aprobaci\u00f3n del proyecto de Ordenanza referido a autorizar al Departamento Ejecutivo a aceptar la donaci\u00f3n para el patrimonio municipal de un bien destinado al museo municipal de arte \u201cL\u00f3pez Claro\u201d.<\/li>\n\n\n\n<li>Despacho de la comisi\u00f3n de salud p\u00fablica y medio ambiente aconsejando la aprobaci\u00f3n de la Comunicaci\u00f3n, aprobada por el Concejo de los y las Estudiantes, relacionada con la planta de reciclaje URECA de Cachar\u00ed.<\/li>\n\n\n\n<li>Despacho de la comisi\u00f3n de salud p\u00fablica y medio ambiente aconsejando la aprobaci\u00f3n de la Resoluci\u00f3n, aprobada por el Concejo de los y las Estudiantes, relacionada con la Gesti\u00f3n Integral de Residuos S\u00f3lidos Urbanos.<\/li>\n<\/ul>\n\n\n\n<ol class=\"wp-block-list\" type=\"1\">\n<li>RESOLUCI\u00d3N N\u00b0 4.850\/2023, dictada por la Presidencia del Cuerpo, referida a Declarar de Inter\u00e9s Comunitario la jornada \u201cPresta atenci\u00f3n. El trabajo infantil pasa cerca tuyo\u201d, que se llevar\u00e1 a cabo el d\u00eda 22 de agosto en Azul; para su convalidaci\u00f3n por parte de las y los concejales.<strong><u><\/u><\/strong><\/li>\n<\/ol>\n\n\n\n<p><strong>Proyectos de los diferentes bloques:<\/strong><\/p>\n\n\n\n<ol class=\"wp-block-list\" type=\"1\">\n<li>Bloque UCR Evoluci\u00f3n elev\u00f3 proyecto de Comunicaci\u00f3n solicitando gestiones para el acondicionamiento y puesta en valor de la avenida colectora \u201cDr. Arturo Illia\u201d en toda su extensi\u00f3n; como asimismo el mantenimiento de las calles de tierra perpendiculares y la posibilidad de dise\u00f1ar, planificar y construir la prolongaci\u00f3n de dicha avenida.<\/li>\n\n\n\n<li>Concejales del partido de Azul elevaron proyecto de Resoluci\u00f3n referido a declarar de Inter\u00e9s Comunitario y Deportivo del partido de Azul el Primer Encuentro Provincial Infanto de Ciclismo de la Provincia de Buenos Aires 2023, a realizarse el 3 de septiembre en la Pista de Ciclismo de esta ciudad.<\/li>\n\n\n\n<li>Bloque Juntos-Gen elev\u00f3 proyecto de Ordenanza referido a adherir a la Ley 14.209 que declara de Inter\u00e9s Provincial al Turismo y crear la Mesa de Promoci\u00f3n Tur\u00edstica del Partido de Azul.<\/li>\n\n\n\n<li>Bloque Podemos Azul elev\u00f3 proyecto de Resoluci\u00f3n referido a manifestar preocupaci\u00f3n por la falta de equipos en el laboratorio de an\u00e1lisis cl\u00ednicos del hospital \u201cDr. Horacio Ferro\u201d de Chillar.<strong><\/strong><\/li>\n<\/ol>\n","protected":false},"excerpt":{"rendered":"<p>Se llevar\u00e1 a cabo, este martes 22 a partir de las 17.30, la D\u00e9cimo Segunda Sesi\u00f3n Ordinaria, ejercicio 2023. El orden del d\u00eda cuenta con 15 puntos entre los que se destacan proyectos de los diferentes bloques, expedientes elevados por el Intendente y despachos de las Comisiones Permanentes que componen el Cuerpo. Expedientes elevados por [&hellip;]<\/p>\n","protected":false},"author":2,"featured_media":1963,"comment_status":"open","ping_status":"open","sticky":false,"template":"","format":"standard","meta":{"tdm_status":"","tdm_grid_status":"","footnotes":""},"categories":[7],"tags":[],"class_list":{"0":"post-2305","1":"post","2":"type-post","3":"status-publish","4":"format-standard","5":"has-post-thumbnail","7":"category-noticias"},"yoast_head":"<!-- This site is optimized with the Yoast SEO plugin v27.3 - https:\/\/yoast.com\/product\/yoast-seo-wordpress\/ -->\n<title>D\u00e9cimo Segunda Sesi\u00f3n Ordinaria - Concejo deliberante de Azul<\/title>\n<meta name=\"robots\" content=\"index, follow, max-snippet:-1, max-image-preview:large, max-video-preview:-1\" \/>\n<link rel=\"canonical\" href=\"https:\/\/concejodeliberantedeazul.gob.ar\/index.php\/2023\/08\/18\/decimo-segunda-sesion-ordinaria-4\/\" \/>\n<meta property=\"og:locale\" content=\"es_ES\" \/>\n<meta property=\"og:type\" content=\"article\" \/>\n<meta property=\"og:title\" content=\"D\u00e9cimo Segunda Sesi\u00f3n Ordinaria - Concejo deliberante de Azul\" \/>\n<meta property=\"og:description\" content=\"Se llevar\u00e1 a cabo, este martes 22 a partir de las 17.30, la D\u00e9cimo Segunda Sesi\u00f3n Ordinaria, ejercicio 2023. El orden del d\u00eda cuenta con 15 puntos entre los que se destacan proyectos de los diferentes bloques, expedientes elevados por el Intendente y despachos de las Comisiones Permanentes que componen el Cuerpo. Expedientes elevados por [&hellip;]\" \/>\n<meta property=\"og:url\" content=\"https:\/\/concejodeliberantedeazul.gob.ar\/index.php\/2023\/08\/18\/decimo-segunda-sesion-ordinaria-4\/\" \/>\n<meta property=\"og:site_name\" content=\"Concejo deliberante de Azul\" \/>\n<meta property=\"article:published_time\" content=\"2023-08-18T13:00:18+00:00\" \/>\n<meta property=\"article:modified_time\" content=\"2023-08-18T13:00:19+00:00\" \/>\n<meta property=\"og:image\" content=\"https:\/\/concejodeliberantedeazul.gob.ar\/wp-content\/uploads\/2023\/03\/Autoridades-02-scaled.jpg\" \/>\n\t<meta property=\"og:image:width\" content=\"2560\" \/>\n\t<meta property=\"og:image:height\" content=\"1624\" \/>\n\t<meta property=\"og:image:type\" content=\"image\/jpeg\" \/>\n<meta name=\"author\" content=\"Concejo Deliberante Azul\" \/>\n<meta name=\"twitter:card\" content=\"summary_large_image\" \/>\n<meta name=\"twitter:label1\" content=\"Escrito por\" \/>\n\t<meta name=\"twitter:data1\" content=\"Concejo Deliberante Azul\" \/>\n\t<meta name=\"twitter:label2\" content=\"Tiempo de lectura\" \/>\n\t<meta name=\"twitter:data2\" content=\"3 minutos\" \/>\n<script type=\"application\/ld+json\" class=\"yoast-schema-graph\">{\"@context\":\"https:\\\/\\\/schema.org\",\"@graph\":[{\"@type\":\"Article\",\"@id\":\"https:\\\/\\\/concejodeliberantedeazul.gob.ar\\\/index.php\\\/2023\\\/08\\\/18\\\/decimo-segunda-sesion-ordinaria-4\\\/#article\",\"isPartOf\":{\"@id\":\"https:\\\/\\\/concejodeliberantedeazul.gob.ar\\\/index.php\\\/2023\\\/08\\\/18\\\/decimo-segunda-sesion-ordinaria-4\\\/\"},\"author\":{\"name\":\"Concejo Deliberante Azul\",\"@id\":\"http:\\\/\\\/concejodeliberantedeazul.gob.ar\\\/#\\\/schema\\\/person\\\/65fd6514aee7c29f008fc53b206198fe\"},\"headline\":\"D\u00e9cimo Segunda Sesi\u00f3n Ordinaria\",\"datePublished\":\"2023-08-18T13:00:18+00:00\",\"dateModified\":\"2023-08-18T13:00:19+00:00\",\"mainEntityOfPage\":{\"@id\":\"https:\\\/\\\/concejodeliberantedeazul.gob.ar\\\/index.php\\\/2023\\\/08\\\/18\\\/decimo-segunda-sesion-ordinaria-4\\\/\"},\"wordCount\":629,\"commentCount\":0,\"image\":{\"@id\":\"https:\\\/\\\/concejodeliberantedeazul.gob.ar\\\/index.php\\\/2023\\\/08\\\/18\\\/decimo-segunda-sesion-ordinaria-4\\\/#primaryimage\"},\"thumbnailUrl\":\"http:\\\/\\\/concejodeliberantedeazul.gob.ar\\\/wp-content\\\/uploads\\\/2023\\\/03\\\/Autoridades-02-scaled.jpg\",\"articleSection\":[\"Noticias\"],\"inLanguage\":\"es-AR\",\"potentialAction\":[{\"@type\":\"CommentAction\",\"name\":\"Comment\",\"target\":[\"https:\\\/\\\/concejodeliberantedeazul.gob.ar\\\/index.php\\\/2023\\\/08\\\/18\\\/decimo-segunda-sesion-ordinaria-4\\\/#respond\"]}]},{\"@type\":\"WebPage\",\"@id\":\"https:\\\/\\\/concejodeliberantedeazul.gob.ar\\\/index.php\\\/2023\\\/08\\\/18\\\/decimo-segunda-sesion-ordinaria-4\\\/\",\"url\":\"https:\\\/\\\/concejodeliberantedeazul.gob.ar\\\/index.php\\\/2023\\\/08\\\/18\\\/decimo-segunda-sesion-ordinaria-4\\\/\",\"name\":\"D\u00e9cimo Segunda Sesi\u00f3n Ordinaria - Concejo deliberante de Azul\",\"isPartOf\":{\"@id\":\"http:\\\/\\\/concejodeliberantedeazul.gob.ar\\\/#website\"},\"primaryImageOfPage\":{\"@id\":\"https:\\\/\\\/concejodeliberantedeazul.gob.ar\\\/index.php\\\/2023\\\/08\\\/18\\\/decimo-segunda-sesion-ordinaria-4\\\/#primaryimage\"},\"image\":{\"@id\":\"https:\\\/\\\/concejodeliberantedeazul.gob.ar\\\/index.php\\\/2023\\\/08\\\/18\\\/decimo-segunda-sesion-ordinaria-4\\\/#primaryimage\"},\"thumbnailUrl\":\"http:\\\/\\\/concejodeliberantedeazul.gob.ar\\\/wp-content\\\/uploads\\\/2023\\\/03\\\/Autoridades-02-scaled.jpg\",\"datePublished\":\"2023-08-18T13:00:18+00:00\",\"dateModified\":\"2023-08-18T13:00:19+00:00\",\"author\":{\"@id\":\"http:\\\/\\\/concejodeliberantedeazul.gob.ar\\\/#\\\/schema\\\/person\\\/65fd6514aee7c29f008fc53b206198fe\"},\"breadcrumb\":{\"@id\":\"https:\\\/\\\/concejodeliberantedeazul.gob.ar\\\/index.php\\\/2023\\\/08\\\/18\\\/decimo-segunda-sesion-ordinaria-4\\\/#breadcrumb\"},\"inLanguage\":\"es-AR\",\"potentialAction\":[{\"@type\":\"ReadAction\",\"target\":[\"https:\\\/\\\/concejodeliberantedeazul.gob.ar\\\/index.php\\\/2023\\\/08\\\/18\\\/decimo-segunda-sesion-ordinaria-4\\\/\"]}]},{\"@type\":\"ImageObject\",\"inLanguage\":\"es-AR\",\"@id\":\"https:\\\/\\\/concejodeliberantedeazul.gob.ar\\\/index.php\\\/2023\\\/08\\\/18\\\/decimo-segunda-sesion-ordinaria-4\\\/#primaryimage\",\"url\":\"http:\\\/\\\/concejodeliberantedeazul.gob.ar\\\/wp-content\\\/uploads\\\/2023\\\/03\\\/Autoridades-02-scaled.jpg\",\"contentUrl\":\"http:\\\/\\\/concejodeliberantedeazul.gob.ar\\\/wp-content\\\/uploads\\\/2023\\\/03\\\/Autoridades-02-scaled.jpg\",\"width\":2560,\"height\":1624},{\"@type\":\"BreadcrumbList\",\"@id\":\"https:\\\/\\\/concejodeliberantedeazul.gob.ar\\\/index.php\\\/2023\\\/08\\\/18\\\/decimo-segunda-sesion-ordinaria-4\\\/#breadcrumb\",\"itemListElement\":[{\"@type\":\"ListItem\",\"position\":1,\"name\":\"Inicio\",\"item\":\"https:\\\/\\\/concejodeliberantedeazul.gob.ar\\\/\"},{\"@type\":\"ListItem\",\"position\":2,\"name\":\"D\u00e9cimo Segunda Sesi\u00f3n Ordinaria\"}]},{\"@type\":\"WebSite\",\"@id\":\"http:\\\/\\\/concejodeliberantedeazul.gob.ar\\\/#website\",\"url\":\"http:\\\/\\\/concejodeliberantedeazul.gob.ar\\\/\",\"name\":\"Concejo deliberante de Azul\",\"description\":\"Sitio Web Oficial del Concejo Deliberante de Azul, Prov. de Buenos Aires - Conformado por 18 concejales de todo el partido.\",\"potentialAction\":[{\"@type\":\"SearchAction\",\"target\":{\"@type\":\"EntryPoint\",\"urlTemplate\":\"http:\\\/\\\/concejodeliberantedeazul.gob.ar\\\/?s={search_term_string}\"},\"query-input\":{\"@type\":\"PropertyValueSpecification\",\"valueRequired\":true,\"valueName\":\"search_term_string\"}}],\"inLanguage\":\"es-AR\"},{\"@type\":\"Person\",\"@id\":\"http:\\\/\\\/concejodeliberantedeazul.gob.ar\\\/#\\\/schema\\\/person\\\/65fd6514aee7c29f008fc53b206198fe\",\"name\":\"Concejo Deliberante Azul\",\"image\":{\"@type\":\"ImageObject\",\"inLanguage\":\"es-AR\",\"@id\":\"https:\\\/\\\/secure.gravatar.com\\\/avatar\\\/30d9ae907861b897be87a25469982f0cfbce09947e0998bf7d9d0ecab450fb85?s=96&d=mm&r=g\",\"url\":\"https:\\\/\\\/secure.gravatar.com\\\/avatar\\\/30d9ae907861b897be87a25469982f0cfbce09947e0998bf7d9d0ecab450fb85?s=96&d=mm&r=g\",\"contentUrl\":\"https:\\\/\\\/secure.gravatar.com\\\/avatar\\\/30d9ae907861b897be87a25469982f0cfbce09947e0998bf7d9d0ecab450fb85?s=96&d=mm&r=g\",\"caption\":\"Concejo Deliberante Azul\"},\"url\":\"http:\\\/\\\/concejodeliberantedeazul.gob.ar\\\/index.php\\\/author\\\/concejo\\\/\"}]}<\/script>\n<!-- \/ Yoast SEO plugin. -->","yoast_head_json":{"title":"D\u00e9cimo Segunda Sesi\u00f3n Ordinaria - Concejo deliberante de Azul","robots":{"index":"index","follow":"follow","max-snippet":"max-snippet:-1","max-image-preview":"max-image-preview:large","max-video-preview":"max-video-preview:-1"},"canonical":"https:\/\/concejodeliberantedeazul.gob.ar\/index.php\/2023\/08\/18\/decimo-segunda-sesion-ordinaria-4\/","og_locale":"es_ES","og_type":"article","og_title":"D\u00e9cimo Segunda Sesi\u00f3n Ordinaria - Concejo deliberante de Azul","og_description":"Se llevar\u00e1 a cabo, este martes 22 a partir de las 17.30, la D\u00e9cimo Segunda Sesi\u00f3n Ordinaria, ejercicio 2023. El orden del d\u00eda cuenta con 15 puntos entre los que se destacan proyectos de los diferentes bloques, expedientes elevados por el Intendente y despachos de las Comisiones Permanentes que componen el Cuerpo. Expedientes elevados por [&hellip;]","og_url":"https:\/\/concejodeliberantedeazul.gob.ar\/index.php\/2023\/08\/18\/decimo-segunda-sesion-ordinaria-4\/","og_site_name":"Concejo deliberante de Azul","article_published_time":"2023-08-18T13:00:18+00:00","article_modified_time":"2023-08-18T13:00:19+00:00","og_image":[{"width":2560,"height":1624,"url":"https:\/\/concejodeliberantedeazul.gob.ar\/wp-content\/uploads\/2023\/03\/Autoridades-02-scaled.jpg","type":"image\/jpeg"}],"author":"Concejo Deliberante Azul","twitter_card":"summary_large_image","twitter_misc":{"Escrito por":"Concejo Deliberante Azul","Tiempo de lectura":"3 minutos"},"schema":{"@context":"https:\/\/schema.org","@graph":[{"@type":"Article","@id":"https:\/\/concejodeliberantedeazul.gob.ar\/index.php\/2023\/08\/18\/decimo-segunda-sesion-ordinaria-4\/#article","isPartOf":{"@id":"https:\/\/concejodeliberantedeazul.gob.ar\/index.php\/2023\/08\/18\/decimo-segunda-sesion-ordinaria-4\/"},"author":{"name":"Concejo Deliberante Azul","@id":"http:\/\/concejodeliberantedeazul.gob.ar\/#\/schema\/person\/65fd6514aee7c29f008fc53b206198fe"},"headline":"D\u00e9cimo Segunda Sesi\u00f3n Ordinaria","datePublished":"2023-08-18T13:00:18+00:00","dateModified":"2023-08-18T13:00:19+00:00","mainEntityOfPage":{"@id":"https:\/\/concejodeliberantedeazul.gob.ar\/index.php\/2023\/08\/18\/decimo-segunda-sesion-ordinaria-4\/"},"wordCount":629,"commentCount":0,"image":{"@id":"https:\/\/concejodeliberantedeazul.gob.ar\/index.php\/2023\/08\/18\/decimo-segunda-sesion-ordinaria-4\/#primaryimage"},"thumbnailUrl":"http:\/\/concejodeliberantedeazul.gob.ar\/wp-content\/uploads\/2023\/03\/Autoridades-02-scaled.jpg","articleSection":["Noticias"],"inLanguage":"es-AR","potentialAction":[{"@type":"CommentAction","name":"Comment","target":["https:\/\/concejodeliberantedeazul.gob.ar\/index.php\/2023\/08\/18\/decimo-segunda-sesion-ordinaria-4\/#respond"]}]},{"@type":"WebPage","@id":"https:\/\/concejodeliberantedeazul.gob.ar\/index.php\/2023\/08\/18\/decimo-segunda-sesion-ordinaria-4\/","url":"https:\/\/concejodeliberantedeazul.gob.ar\/index.php\/2023\/08\/18\/decimo-segunda-sesion-ordinaria-4\/","name":"D\u00e9cimo Segunda Sesi\u00f3n Ordinaria - Concejo deliberante de Azul","isPartOf":{"@id":"http:\/\/concejodeliberantedeazul.gob.ar\/#website"},"primaryImageOfPage":{"@id":"https:\/\/concejodeliberantedeazul.gob.ar\/index.php\/2023\/08\/18\/decimo-segunda-sesion-ordinaria-4\/#primaryimage"},"image":{"@id":"https:\/\/concejodeliberantedeazul.gob.ar\/index.php\/2023\/08\/18\/decimo-segunda-sesion-ordinaria-4\/#primaryimage"},"thumbnailUrl":"http:\/\/concejodeliberantedeazul.gob.ar\/wp-content\/uploads\/2023\/03\/Autoridades-02-scaled.jpg","datePublished":"2023-08-18T13:00:18+00:00","dateModified":"2023-08-18T13:00:19+00:00","author":{"@id":"http:\/\/concejodeliberantedeazul.gob.ar\/#\/schema\/person\/65fd6514aee7c29f008fc53b206198fe"},"breadcrumb":{"@id":"https:\/\/concejodeliberantedeazul.gob.ar\/index.php\/2023\/08\/18\/decimo-segunda-sesion-ordinaria-4\/#breadcrumb"},"inLanguage":"es-AR","potentialAction":[{"@type":"ReadAction","target":["https:\/\/concejodeliberantedeazul.gob.ar\/index.php\/2023\/08\/18\/decimo-segunda-sesion-ordinaria-4\/"]}]},{"@type":"ImageObject","inLanguage":"es-AR","@id":"https:\/\/concejodeliberantedeazul.gob.ar\/index.php\/2023\/08\/18\/decimo-segunda-sesion-ordinaria-4\/#primaryimage","url":"http:\/\/concejodeliberantedeazul.gob.ar\/wp-content\/uploads\/2023\/03\/Autoridades-02-scaled.jpg","contentUrl":"http:\/\/concejodeliberantedeazul.gob.ar\/wp-content\/uploads\/2023\/03\/Autoridades-02-scaled.jpg","width":2560,"height":1624},{"@type":"BreadcrumbList","@id":"https:\/\/concejodeliberantedeazul.gob.ar\/index.php\/2023\/08\/18\/decimo-segunda-sesion-ordinaria-4\/#breadcrumb","itemListElement":[{"@type":"ListItem","position":1,"name":"Inicio","item":"https:\/\/concejodeliberantedeazul.gob.ar\/"},{"@type":"ListItem","position":2,"name":"D\u00e9cimo Segunda Sesi\u00f3n Ordinaria"}]},{"@type":"WebSite","@id":"http:\/\/concejodeliberantedeazul.gob.ar\/#website","url":"http:\/\/concejodeliberantedeazul.gob.ar\/","name":"Concejo deliberante de Azul","description":"Sitio Web Oficial del Concejo Deliberante de Azul, Prov. de Buenos Aires - Conformado por 18 concejales de todo el partido.","potentialAction":[{"@type":"SearchAction","target":{"@type":"EntryPoint","urlTemplate":"http:\/\/concejodeliberantedeazul.gob.ar\/?s={search_term_string}"},"query-input":{"@type":"PropertyValueSpecification","valueRequired":true,"valueName":"search_term_string"}}],"inLanguage":"es-AR"},{"@type":"Person","@id":"http:\/\/concejodeliberantedeazul.gob.ar\/#\/schema\/person\/65fd6514aee7c29f008fc53b206198fe","name":"Concejo Deliberante Azul","image":{"@type":"ImageObject","inLanguage":"es-AR","@id":"https:\/\/secure.gravatar.com\/avatar\/30d9ae907861b897be87a25469982f0cfbce09947e0998bf7d9d0ecab450fb85?s=96&d=mm&r=g","url":"https:\/\/secure.gravatar.com\/avatar\/30d9ae907861b897be87a25469982f0cfbce09947e0998bf7d9d0ecab450fb85?s=96&d=mm&r=g","contentUrl":"https:\/\/secure.gravatar.com\/avatar\/30d9ae907861b897be87a25469982f0cfbce09947e0998bf7d9d0ecab450fb85?s=96&d=mm&r=g","caption":"Concejo Deliberante Azul"},"url":"http:\/\/concejodeliberantedeazul.gob.ar\/index.php\/author\/concejo\/"}]}},"amp_enabled":true,"_links":{"self":[{"href":"http:\/\/concejodeliberantedeazul.gob.ar\/index.php\/wp-json\/wp\/v2\/posts\/2305","targetHints":{"allow":["GET"]}}],"collection":[{"href":"http:\/\/concejodeliberantedeazul.gob.ar\/index.php\/wp-json\/wp\/v2\/posts"}],"about":[{"href":"http:\/\/concejodeliberantedeazul.gob.ar\/index.php\/wp-json\/wp\/v2\/types\/post"}],"author":[{"embeddable":true,"href":"http:\/\/concejodeliberantedeazul.gob.ar\/index.php\/wp-json\/wp\/v2\/users\/2"}],"replies":[{"embeddable":true,"href":"http:\/\/concejodeliberantedeazul.gob.ar\/index.php\/wp-json\/wp\/v2\/comments?post=2305"}],"version-history":[{"count":1,"href":"http:\/\/concejodeliberantedeazul.gob.ar\/index.php\/wp-json\/wp\/v2\/posts\/2305\/revisions"}],"predecessor-version":[{"id":2306,"href":"http:\/\/concejodeliberantedeazul.gob.ar\/index.php\/wp-json\/wp\/v2\/posts\/2305\/revisions\/2306"}],"wp:featuredmedia":[{"embeddable":true,"href":"http:\/\/concejodeliberantedeazul.gob.ar\/index.php\/wp-json\/wp\/v2\/media\/1963"}],"wp:attachment":[{"href":"http:\/\/concejodeliberantedeazul.gob.ar\/index.php\/wp-json\/wp\/v2\/media?parent=2305"}],"wp:term":[{"taxonomy":"category","embeddable":true,"href":"http:\/\/concejodeliberantedeazul.gob.ar\/index.php\/wp-json\/wp\/v2\/categories?post=2305"},{"taxonomy":"post_tag","embeddable":true,"href":"http:\/\/concejodeliberantedeazul.gob.ar\/index.php\/wp-json\/wp\/v2\/tags?post=2305"}],"curies":[{"name":"wp","href":"https:\/\/api.w.org\/{rel}","templated":true}]}}