{"id":2191,"date":"2023-05-24T00:01:38","date_gmt":"2023-05-24T03:01:38","guid":{"rendered":"http:\/\/concejodeliberantedeazul.gob.ar\/?p=2191"},"modified":"2023-05-24T00:01:38","modified_gmt":"2023-05-24T03:01:38","slug":"concejo-de-los-y-las-estudiantes","status":"publish","type":"post","link":"http:\/\/concejodeliberantedeazul.gob.ar\/index.php\/2023\/05\/24\/concejo-de-los-y-las-estudiantes\/","title":{"rendered":"Concejo de los y las Estudiantes"},"content":{"rendered":"\n<p>Dando cumplimiento a la Ordenanza 4.695, se desarroll\u00f3 en el recinto del Concejo Deliberante la Sesi\u00f3n de los y las Estudiantes de las cuales participaron alumnos de 14 establecimientos educativos del partido de Azul.<\/p>\n\n\n\n<p>En la oportunidad, se desarrollaron dos sesiones. En principio, la Sesi\u00f3n Preparatoria en la cual se realiz\u00f3 la elecci\u00f3n de las autoridades y jura de los concejales y luego la Primera Sesi\u00f3n Ordinaria en donde los j\u00f3venes dieron tratamiento a los proyectos presentados.<\/p>\n\n\n\n<p>Ambas sesiones contaron con la participaci\u00f3n de la Presidenta del Concejo Deliberante, Mar\u00eda In\u00e9s Laurini; Secretaria, Gisela Balda; Prosecretario Administrativo, Dami\u00e1n Vuotto; Prosecretaria Legislativa, Juliana Raffaelli; Concejales; representantes de Jefatura Distrital; Consejo Escolar; directivos, docentes, alumnos y familiares.<\/p>\n\n\n\n<p>Fue la Presidenta del Poder Legislativo la que tuvo a cargo la inauguraci\u00f3n de las sesiones y, luego de realizar lectura por Secretaria de la Resoluci\u00f3n correspondiente, dio la bienvenida a los presentes y agradeci\u00f3 el acompa\u00f1amiento y el trabajo realizado por cada uno de los sectores.<\/p>\n\n\n\n<p>Posteriormente, se dio comienzo a la Sesi\u00f3n Preparatoria momento en que la Presidenta del Cuerpo tom\u00f3 juramento a Lautaro Merlo (EES 9), quien ofici\u00f3 de Presidente; Leonel Tomazo (Instituto San Francisco), Vicepresidente y Celina Provenzano (Colegio Inmaculada Concepci\u00f3n), quien llev\u00f3 adelante el rol de Secretaria.<\/p>\n\n\n\n<p>Luego, Merlo en su rol de Presidente del Poder Legislativo tom\u00f3 juramento a todos los concejales que participaron de las sesiones.<\/p>\n\n\n\n<p>Una vez finalizada la Sesi\u00f3n Preparatoria, se dio inicio a la Primera Sesi\u00f3n Ordinaria, la cual cont\u00f3 con un Orden del D\u00eda compuesto por 16 puntos. Cada uno de los temas presentados y debatidos en Sesi\u00f3n fueron girados a las Comisiones Permanentes del Concejo Deliberante con el objetivo de que los Concejales y los j\u00f3venes puedan trabajar de manera conjunta y generar los despachos correspondientes que se tratar\u00e1n en la Segunda Sesi\u00f3n Ordinaria prevista para el mes de Junio.<\/p>\n\n\n\n<p><strong><u>Orden del d\u00eda:<\/u><\/strong><\/p>\n\n\n\n<ul class=\"wp-block-list\">\n<li>BLOQUE DE CONCEJALES ESTUDIANTILES \u201cROMPIENDO BARRERAS\u201d (Representantes de la Escuela de Educaci\u00f3n Secundaria N\u00b0 1) elev\u00f3 proyecto de Ordenanza referido a implementar en todos los establecimientos gastron\u00f3micos del partido de Azul el men\u00fa en sistema Braille. El proyecto fue girado a la Comisi\u00f3n de Derechos Humanos.<\/li>\n\n\n\n<li>BLOQUE DE CONCEJALES ESTUDIANTILES DE LA ESCUELA DE EDUCACI\u00d3N SECUNDARIA T\u00c9CNICA N\u00b0 2 \u201cVICENTE PEREDA\u201d elev\u00f3 proyecto de Resoluci\u00f3n referido a manifestar la preocupaci\u00f3n por situaciones de conflicto y violencia en establecimientos educativos con carga horaria de 8 horas diarias; as\u00ed como solicitar al Departamento Ejecutivo que incorpore la figura de Consejero Escolar cuya funci\u00f3n sea de apoyo psicol\u00f3gico y emocional. El proyecto de Resoluci\u00f3n fue elevado a la Comisi\u00f3n de Acci\u00f3n Social, Cultura, Educaci\u00f3n y Deportes.<\/li>\n\n\n\n<li>BLOQUE DE CONCEJALES ESTUDIANTILES DE LA ESCUELA DE EDUCACI\u00d3N SECUNDARIA N\u00b0 10 elev\u00f3 proyecto de Resoluci\u00f3n referido a declarar de Inter\u00e9s Cultural, Educativo y Comunitario el mural en conmemoraci\u00f3n a los h\u00e9roes de Malvinas, realizado en 2015 por estudiantes de la mencionada instituci\u00f3n; as\u00ed como destacar la actividad colaborativa que se realiz\u00f3. El proyecto fue girado a la Comisi\u00f3n de Homenajes.<\/li>\n\n\n\n<li>BLOQUE DE CONCEJALES ESTUDIANTILES DEL INSTITUTO \u201cSAN FRANCISCO DE AS\u00cdS\u201d elev\u00f3 proyecto de Resoluci\u00f3n relacionado con la creaci\u00f3n del programa \u201cPUNTO JOVEN\u201d. El proyecto se elev\u00f3 a las Comisiones de Derechos Humanos y de Presupuesto y Hacienda.<\/li>\n\n\n\n<li>BLOQUE DE CONCEJALES ESTUDIANTILES DE LA ESCUELA DE EDUCACI\u00d3N SECUNDARIA N\u00b0 12-SEDE elev\u00f3 proyecto de Resoluci\u00f3n referido a encomendar al se\u00f1or Intendente Municipal que gestione las acciones necesarias para la realizaci\u00f3n de un puente peatonal en la Ruta Nacional N\u00b0 3 a la altura del Km. 298, donde se encuentran los establecimientos educativos E.P. N\u00b0 27 y la E.E.S. N\u00b0 12. El proyecto de Resoluci\u00f3n se elev\u00f3 a la Comisi\u00f3n de Obras P\u00fablicas, Vialidad y Transporte.<\/li>\n\n\n\n<li>BLOQUE DE CONCEJALES ESTUDIANTILES DE LA ESCUELA DE EDUCACI\u00d3N SECUNDARIA N\u00b0 12-ANEXO elev\u00f3 proyecto de Resoluci\u00f3n referido a encomendar al se\u00f1or Intendente Municipal que gestione las acciones necesarias para la realizaci\u00f3n de la obra de luminaria en el tramo \u201cCamino Viejo a Tandil\u201d, desde Ruta Nacional N\u00b0 3-Km. 299 hasta el edificio de la E.E.S. N\u00b0 12 en Paraje \u201cMatadero\u201d, Cuartel II. El proyecto se gir\u00f3 a la Comisi\u00f3n de Obras P\u00fablicas, Vialidad y Transporte.<\/li>\n\n\n\n<li>BLOQUE DE CONCEJALES ESTUDIANTILES DEL COLEGIO \u201cINMACULADA CONCEPCI\u00d3N\u201d elev\u00f3 proyecto de Resoluci\u00f3n relacionado con la declaraci\u00f3n de Inter\u00e9s Patrimonial y Cultural de la capilla del mencionado colegio. El proyecto de Resoluci\u00f3n se gir\u00f3 a la Comisi\u00f3n de Homenajes. &nbsp;<\/li>\n\n\n\n<li>BLOQUE DE CONCEJALES ESTUDIANTILES DE LA ESCUELA DE EDUCACI\u00d3N SECUNDARIA N\u00b0 8 Y ESCUELA DE EDUCACI\u00d3N SECUNDARIA N\u00b0 9 elev\u00f3 proyecto de Resoluci\u00f3n relacionado con la necesidad de difusi\u00f3n de la oferta educativa de nivel superior con la que cuenta el partido de Azul. El proyecto de Resoluci\u00f3n fue elevado a la Comisi\u00f3n de Acci\u00f3n Social, Cultura, Educaci\u00f3n y Deportes.<\/li>\n\n\n\n<li>BLOQUE DE CONCEJALES ESTUDIANTILES \u201cCONSTRUIMOS FUTURO\u201d (Representantes del Colegio \u201cSan Cayetano\u201d) elev\u00f3 proyecto de Resoluci\u00f3n relacionado con la Gesti\u00f3n Integral de Residuos S\u00f3lidos Urbanos. El proyecto se gir\u00f3 a la Comisi\u00f3n de Salud y Medio Ambiente. &nbsp;<\/li>\n\n\n\n<li>BLOQUE DE CONCEJALES ESTUDIANTILES DE LA ESCUELA DE EDUCACI\u00d3N SECUNDARIA T\u00c9CNICA N\u00b0 1 \u201cPEDRO BURGOS\u201d elev\u00f3 proyecto de Ordenanza referido a la creaci\u00f3n de los programas \u201cBiodigestores Comunales\u201d y \u201cHuertas Comunitarias\u201d. El proyecto de Ordenanza se gir\u00f3 en forma conjunta a las Comisiones de Producci\u00f3n, de Salud y de Presupuesto.<\/li>\n\n\n\n<li>BLOQUE DE CONCEJALES ESTUDIANTILES DE LA ESCUELA DE EDUCACI\u00d3N SECUNDARIA T\u00c9CNICA N\u00b0 1 \u201cPEDRO BURGOS\u201d elev\u00f3 proyecto de Comunicaci\u00f3n relacionado con la habilitaci\u00f3n para testeos de muestras de productos c\u00e1rnicos en las instalaciones de la mencionada instituci\u00f3n. El proyecto de Comunicaci\u00f3n se elev\u00f3 en forma conjunta a las Comisiones de Producci\u00f3n, de Salud y de Presupuesto.<\/li>\n\n\n\n<li>BLOQUE DE CONCEJALES ESTUDIANTILES DE LA ESCUELA DE EDUCACI\u00d3N SECUNDARIA T\u00c9CNICA N\u00b0 1 \u201cPEDRO BURGOS\u201d elev\u00f3 proyecto de Ordenanza relacionado con la creaci\u00f3n de un espacio para plaza en la intersecci\u00f3n de las calles Pasaje 13 de Julio, Moreno Norte, Calle 4 y Calle 5. El proyecto de Ordenanza se gir\u00f3 a la Comisi\u00f3n de Obras P\u00fablicas, Vialidad y Transporte.<\/li>\n\n\n\n<li>BLOQUE DE CONCEJALES ESTUDIANTILES DE LA ESCUELA DE EDUCACI\u00d3N SECUNDARIA N\u00b0 2 \u201cJOS\u00c9 HERNANDEZ\u201d elev\u00f3 proyecto de Comunicaci\u00f3n relacionado con la planta de reciclaje URECA de Cachar\u00ed. El proyecto de Comunicaci\u00f3n se elev\u00f3 a las Comisiones de Salud y de Presupuesto.<\/li>\n\n\n\n<li>BLOQUE DE CONCEJALES ESTUDIANTILES DE LA ESCUELA DE EDUCACI\u00d3N SECUNDARIA N\u00b0 2 \u201cJOS\u00c9 HERNANDEZ\u201d elev\u00f3 proyecto de Resoluci\u00f3n referido a declarar de Inter\u00e9s Educativo, Comunitario y Cultural el monumento de las Islas Malvinas ubicado en la mencionada instituci\u00f3n. El proyecto de Resoluci\u00f3n se elev\u00f3 a la Comisi\u00f3n de Homenajes.<\/li>\n\n\n\n<li>BLOQUE DE CONCEJALES ESTUDIANTILES DEL COLEGIO \u201cSAGRADA FAMILIA\u201d elev\u00f3 proyecto de Comunicaci\u00f3n relacionado con el mantenimiento e higiene de los espacios p\u00fablicos municipales. El proyecto de Comunicaci\u00f3n se gir\u00f3 a las Comisiones de Obras P\u00fablicas y de Salud.<\/li>\n\n\n\n<li>BLOQUE DE CONCEJALES ESTUDIANTILES DE LA ESCUELA DE EDUCACI\u00d3N SECUNDARIA N\u00b0 7 elev\u00f3 proyecto de Resoluci\u00f3n referido a disponer de un medio de transporte que de manera diaria conecte a la ciudad de Azul con Pablo Acosta. El proyecto de Resoluci\u00f3n se gir\u00f3 a la Comisi\u00f3n de Obras P\u00fablicas y de Presupuesto. &nbsp;<\/li>\n<\/ul>\n","protected":false},"excerpt":{"rendered":"<p>Dando cumplimiento a la Ordenanza 4.695, se desarroll\u00f3 en el recinto del Concejo Deliberante la Sesi\u00f3n de los y las Estudiantes de las cuales participaron alumnos de 14 establecimientos educativos del partido de Azul. En la oportunidad, se desarrollaron dos sesiones. En principio, la Sesi\u00f3n Preparatoria en la cual se realiz\u00f3 la elecci\u00f3n de las [&hellip;]<\/p>\n","protected":false},"author":2,"featured_media":2192,"comment_status":"open","ping_status":"open","sticky":false,"template":"","format":"standard","meta":{"tdm_status":"","tdm_grid_status":"","footnotes":""},"categories":[7],"tags":[],"class_list":{"0":"post-2191","1":"post","2":"type-post","3":"status-publish","4":"format-standard","5":"has-post-thumbnail","7":"category-noticias"},"yoast_head":"<!-- This site is optimized with the Yoast SEO plugin v27.3 - https:\/\/yoast.com\/product\/yoast-seo-wordpress\/ -->\n<title>Concejo de los y las Estudiantes - Concejo deliberante de Azul<\/title>\n<meta name=\"robots\" content=\"index, follow, max-snippet:-1, max-image-preview:large, max-video-preview:-1\" \/>\n<link rel=\"canonical\" href=\"http:\/\/concejodeliberantedeazul.gob.ar\/index.php\/2023\/05\/24\/concejo-de-los-y-las-estudiantes\/\" \/>\n<meta property=\"og:locale\" content=\"es_ES\" \/>\n<meta property=\"og:type\" content=\"article\" \/>\n<meta property=\"og:title\" content=\"Concejo de los y las Estudiantes - Concejo deliberante de Azul\" \/>\n<meta property=\"og:description\" content=\"Dando cumplimiento a la Ordenanza 4.695, se desarroll\u00f3 en el recinto del Concejo Deliberante la Sesi\u00f3n de los y las Estudiantes de las cuales participaron alumnos de 14 establecimientos educativos del partido de Azul. En la oportunidad, se desarrollaron dos sesiones. En principio, la Sesi\u00f3n Preparatoria en la cual se realiz\u00f3 la elecci\u00f3n de las [&hellip;]\" \/>\n<meta property=\"og:url\" content=\"http:\/\/concejodeliberantedeazul.gob.ar\/index.php\/2023\/05\/24\/concejo-de-los-y-las-estudiantes\/\" \/>\n<meta property=\"og:site_name\" content=\"Concejo deliberante de Azul\" \/>\n<meta property=\"article:published_time\" content=\"2023-05-24T03:01:38+00:00\" \/>\n<meta property=\"og:image\" content=\"http:\/\/concejodeliberantedeazul.gob.ar\/wp-content\/uploads\/2023\/05\/23-05-2023-Concejo-de-los-y-las-Estudiantes-scaled.jpg\" \/>\n\t<meta property=\"og:image:width\" content=\"2560\" \/>\n\t<meta property=\"og:image:height\" content=\"1928\" \/>\n\t<meta property=\"og:image:type\" content=\"image\/jpeg\" \/>\n<meta name=\"author\" content=\"Concejo Deliberante Azul\" \/>\n<meta name=\"twitter:card\" content=\"summary_large_image\" \/>\n<meta name=\"twitter:label1\" content=\"Escrito por\" \/>\n\t<meta name=\"twitter:data1\" content=\"Concejo Deliberante Azul\" \/>\n\t<meta name=\"twitter:label2\" content=\"Tiempo de lectura\" \/>\n\t<meta name=\"twitter:data2\" content=\"6 minutos\" \/>\n<script type=\"application\/ld+json\" class=\"yoast-schema-graph\">{\"@context\":\"https:\\\/\\\/schema.org\",\"@graph\":[{\"@type\":\"Article\",\"@id\":\"http:\\\/\\\/concejodeliberantedeazul.gob.ar\\\/index.php\\\/2023\\\/05\\\/24\\\/concejo-de-los-y-las-estudiantes\\\/#article\",\"isPartOf\":{\"@id\":\"http:\\\/\\\/concejodeliberantedeazul.gob.ar\\\/index.php\\\/2023\\\/05\\\/24\\\/concejo-de-los-y-las-estudiantes\\\/\"},\"author\":{\"name\":\"Concejo Deliberante Azul\",\"@id\":\"http:\\\/\\\/concejodeliberantedeazul.gob.ar\\\/#\\\/schema\\\/person\\\/65fd6514aee7c29f008fc53b206198fe\"},\"headline\":\"Concejo de los y las Estudiantes\",\"datePublished\":\"2023-05-24T03:01:38+00:00\",\"mainEntityOfPage\":{\"@id\":\"http:\\\/\\\/concejodeliberantedeazul.gob.ar\\\/index.php\\\/2023\\\/05\\\/24\\\/concejo-de-los-y-las-estudiantes\\\/\"},\"wordCount\":1262,\"commentCount\":0,\"image\":{\"@id\":\"http:\\\/\\\/concejodeliberantedeazul.gob.ar\\\/index.php\\\/2023\\\/05\\\/24\\\/concejo-de-los-y-las-estudiantes\\\/#primaryimage\"},\"thumbnailUrl\":\"http:\\\/\\\/concejodeliberantedeazul.gob.ar\\\/wp-content\\\/uploads\\\/2023\\\/05\\\/23-05-2023-Concejo-de-los-y-las-Estudiantes-scaled.jpg\",\"articleSection\":[\"Noticias\"],\"inLanguage\":\"es-AR\",\"potentialAction\":[{\"@type\":\"CommentAction\",\"name\":\"Comment\",\"target\":[\"http:\\\/\\\/concejodeliberantedeazul.gob.ar\\\/index.php\\\/2023\\\/05\\\/24\\\/concejo-de-los-y-las-estudiantes\\\/#respond\"]}]},{\"@type\":\"WebPage\",\"@id\":\"http:\\\/\\\/concejodeliberantedeazul.gob.ar\\\/index.php\\\/2023\\\/05\\\/24\\\/concejo-de-los-y-las-estudiantes\\\/\",\"url\":\"http:\\\/\\\/concejodeliberantedeazul.gob.ar\\\/index.php\\\/2023\\\/05\\\/24\\\/concejo-de-los-y-las-estudiantes\\\/\",\"name\":\"Concejo de los y las Estudiantes - Concejo deliberante de Azul\",\"isPartOf\":{\"@id\":\"http:\\\/\\\/concejodeliberantedeazul.gob.ar\\\/#website\"},\"primaryImageOfPage\":{\"@id\":\"http:\\\/\\\/concejodeliberantedeazul.gob.ar\\\/index.php\\\/2023\\\/05\\\/24\\\/concejo-de-los-y-las-estudiantes\\\/#primaryimage\"},\"image\":{\"@id\":\"http:\\\/\\\/concejodeliberantedeazul.gob.ar\\\/index.php\\\/2023\\\/05\\\/24\\\/concejo-de-los-y-las-estudiantes\\\/#primaryimage\"},\"thumbnailUrl\":\"http:\\\/\\\/concejodeliberantedeazul.gob.ar\\\/wp-content\\\/uploads\\\/2023\\\/05\\\/23-05-2023-Concejo-de-los-y-las-Estudiantes-scaled.jpg\",\"datePublished\":\"2023-05-24T03:01:38+00:00\",\"author\":{\"@id\":\"http:\\\/\\\/concejodeliberantedeazul.gob.ar\\\/#\\\/schema\\\/person\\\/65fd6514aee7c29f008fc53b206198fe\"},\"breadcrumb\":{\"@id\":\"http:\\\/\\\/concejodeliberantedeazul.gob.ar\\\/index.php\\\/2023\\\/05\\\/24\\\/concejo-de-los-y-las-estudiantes\\\/#breadcrumb\"},\"inLanguage\":\"es-AR\",\"potentialAction\":[{\"@type\":\"ReadAction\",\"target\":[\"http:\\\/\\\/concejodeliberantedeazul.gob.ar\\\/index.php\\\/2023\\\/05\\\/24\\\/concejo-de-los-y-las-estudiantes\\\/\"]}]},{\"@type\":\"ImageObject\",\"inLanguage\":\"es-AR\",\"@id\":\"http:\\\/\\\/concejodeliberantedeazul.gob.ar\\\/index.php\\\/2023\\\/05\\\/24\\\/concejo-de-los-y-las-estudiantes\\\/#primaryimage\",\"url\":\"http:\\\/\\\/concejodeliberantedeazul.gob.ar\\\/wp-content\\\/uploads\\\/2023\\\/05\\\/23-05-2023-Concejo-de-los-y-las-Estudiantes-scaled.jpg\",\"contentUrl\":\"http:\\\/\\\/concejodeliberantedeazul.gob.ar\\\/wp-content\\\/uploads\\\/2023\\\/05\\\/23-05-2023-Concejo-de-los-y-las-Estudiantes-scaled.jpg\",\"width\":2560,\"height\":1928},{\"@type\":\"BreadcrumbList\",\"@id\":\"http:\\\/\\\/concejodeliberantedeazul.gob.ar\\\/index.php\\\/2023\\\/05\\\/24\\\/concejo-de-los-y-las-estudiantes\\\/#breadcrumb\",\"itemListElement\":[{\"@type\":\"ListItem\",\"position\":1,\"name\":\"Inicio\",\"item\":\"https:\\\/\\\/concejodeliberantedeazul.gob.ar\\\/\"},{\"@type\":\"ListItem\",\"position\":2,\"name\":\"Concejo de los y las Estudiantes\"}]},{\"@type\":\"WebSite\",\"@id\":\"http:\\\/\\\/concejodeliberantedeazul.gob.ar\\\/#website\",\"url\":\"http:\\\/\\\/concejodeliberantedeazul.gob.ar\\\/\",\"name\":\"Concejo deliberante de Azul\",\"description\":\"Sitio Web Oficial del Concejo Deliberante de Azul, Prov. de Buenos Aires - Conformado por 18 concejales de todo el partido.\",\"potentialAction\":[{\"@type\":\"SearchAction\",\"target\":{\"@type\":\"EntryPoint\",\"urlTemplate\":\"http:\\\/\\\/concejodeliberantedeazul.gob.ar\\\/?s={search_term_string}\"},\"query-input\":{\"@type\":\"PropertyValueSpecification\",\"valueRequired\":true,\"valueName\":\"search_term_string\"}}],\"inLanguage\":\"es-AR\"},{\"@type\":\"Person\",\"@id\":\"http:\\\/\\\/concejodeliberantedeazul.gob.ar\\\/#\\\/schema\\\/person\\\/65fd6514aee7c29f008fc53b206198fe\",\"name\":\"Concejo Deliberante Azul\",\"image\":{\"@type\":\"ImageObject\",\"inLanguage\":\"es-AR\",\"@id\":\"https:\\\/\\\/secure.gravatar.com\\\/avatar\\\/30d9ae907861b897be87a25469982f0cfbce09947e0998bf7d9d0ecab450fb85?s=96&d=mm&r=g\",\"url\":\"https:\\\/\\\/secure.gravatar.com\\\/avatar\\\/30d9ae907861b897be87a25469982f0cfbce09947e0998bf7d9d0ecab450fb85?s=96&d=mm&r=g\",\"contentUrl\":\"https:\\\/\\\/secure.gravatar.com\\\/avatar\\\/30d9ae907861b897be87a25469982f0cfbce09947e0998bf7d9d0ecab450fb85?s=96&d=mm&r=g\",\"caption\":\"Concejo Deliberante Azul\"},\"url\":\"http:\\\/\\\/concejodeliberantedeazul.gob.ar\\\/index.php\\\/author\\\/concejo\\\/\"}]}<\/script>\n<!-- \/ Yoast SEO plugin. -->","yoast_head_json":{"title":"Concejo de los y las Estudiantes - Concejo deliberante de Azul","robots":{"index":"index","follow":"follow","max-snippet":"max-snippet:-1","max-image-preview":"max-image-preview:large","max-video-preview":"max-video-preview:-1"},"canonical":"http:\/\/concejodeliberantedeazul.gob.ar\/index.php\/2023\/05\/24\/concejo-de-los-y-las-estudiantes\/","og_locale":"es_ES","og_type":"article","og_title":"Concejo de los y las Estudiantes - Concejo deliberante de Azul","og_description":"Dando cumplimiento a la Ordenanza 4.695, se desarroll\u00f3 en el recinto del Concejo Deliberante la Sesi\u00f3n de los y las Estudiantes de las cuales participaron alumnos de 14 establecimientos educativos del partido de Azul. En la oportunidad, se desarrollaron dos sesiones. En principio, la Sesi\u00f3n Preparatoria en la cual se realiz\u00f3 la elecci\u00f3n de las [&hellip;]","og_url":"http:\/\/concejodeliberantedeazul.gob.ar\/index.php\/2023\/05\/24\/concejo-de-los-y-las-estudiantes\/","og_site_name":"Concejo deliberante de Azul","article_published_time":"2023-05-24T03:01:38+00:00","og_image":[{"width":2560,"height":1928,"url":"http:\/\/concejodeliberantedeazul.gob.ar\/wp-content\/uploads\/2023\/05\/23-05-2023-Concejo-de-los-y-las-Estudiantes-scaled.jpg","type":"image\/jpeg"}],"author":"Concejo Deliberante Azul","twitter_card":"summary_large_image","twitter_misc":{"Escrito por":"Concejo Deliberante Azul","Tiempo de lectura":"6 minutos"},"schema":{"@context":"https:\/\/schema.org","@graph":[{"@type":"Article","@id":"http:\/\/concejodeliberantedeazul.gob.ar\/index.php\/2023\/05\/24\/concejo-de-los-y-las-estudiantes\/#article","isPartOf":{"@id":"http:\/\/concejodeliberantedeazul.gob.ar\/index.php\/2023\/05\/24\/concejo-de-los-y-las-estudiantes\/"},"author":{"name":"Concejo Deliberante Azul","@id":"http:\/\/concejodeliberantedeazul.gob.ar\/#\/schema\/person\/65fd6514aee7c29f008fc53b206198fe"},"headline":"Concejo de los y las Estudiantes","datePublished":"2023-05-24T03:01:38+00:00","mainEntityOfPage":{"@id":"http:\/\/concejodeliberantedeazul.gob.ar\/index.php\/2023\/05\/24\/concejo-de-los-y-las-estudiantes\/"},"wordCount":1262,"commentCount":0,"image":{"@id":"http:\/\/concejodeliberantedeazul.gob.ar\/index.php\/2023\/05\/24\/concejo-de-los-y-las-estudiantes\/#primaryimage"},"thumbnailUrl":"http:\/\/concejodeliberantedeazul.gob.ar\/wp-content\/uploads\/2023\/05\/23-05-2023-Concejo-de-los-y-las-Estudiantes-scaled.jpg","articleSection":["Noticias"],"inLanguage":"es-AR","potentialAction":[{"@type":"CommentAction","name":"Comment","target":["http:\/\/concejodeliberantedeazul.gob.ar\/index.php\/2023\/05\/24\/concejo-de-los-y-las-estudiantes\/#respond"]}]},{"@type":"WebPage","@id":"http:\/\/concejodeliberantedeazul.gob.ar\/index.php\/2023\/05\/24\/concejo-de-los-y-las-estudiantes\/","url":"http:\/\/concejodeliberantedeazul.gob.ar\/index.php\/2023\/05\/24\/concejo-de-los-y-las-estudiantes\/","name":"Concejo de los y las Estudiantes - Concejo deliberante de Azul","isPartOf":{"@id":"http:\/\/concejodeliberantedeazul.gob.ar\/#website"},"primaryImageOfPage":{"@id":"http:\/\/concejodeliberantedeazul.gob.ar\/index.php\/2023\/05\/24\/concejo-de-los-y-las-estudiantes\/#primaryimage"},"image":{"@id":"http:\/\/concejodeliberantedeazul.gob.ar\/index.php\/2023\/05\/24\/concejo-de-los-y-las-estudiantes\/#primaryimage"},"thumbnailUrl":"http:\/\/concejodeliberantedeazul.gob.ar\/wp-content\/uploads\/2023\/05\/23-05-2023-Concejo-de-los-y-las-Estudiantes-scaled.jpg","datePublished":"2023-05-24T03:01:38+00:00","author":{"@id":"http:\/\/concejodeliberantedeazul.gob.ar\/#\/schema\/person\/65fd6514aee7c29f008fc53b206198fe"},"breadcrumb":{"@id":"http:\/\/concejodeliberantedeazul.gob.ar\/index.php\/2023\/05\/24\/concejo-de-los-y-las-estudiantes\/#breadcrumb"},"inLanguage":"es-AR","potentialAction":[{"@type":"ReadAction","target":["http:\/\/concejodeliberantedeazul.gob.ar\/index.php\/2023\/05\/24\/concejo-de-los-y-las-estudiantes\/"]}]},{"@type":"ImageObject","inLanguage":"es-AR","@id":"http:\/\/concejodeliberantedeazul.gob.ar\/index.php\/2023\/05\/24\/concejo-de-los-y-las-estudiantes\/#primaryimage","url":"http:\/\/concejodeliberantedeazul.gob.ar\/wp-content\/uploads\/2023\/05\/23-05-2023-Concejo-de-los-y-las-Estudiantes-scaled.jpg","contentUrl":"http:\/\/concejodeliberantedeazul.gob.ar\/wp-content\/uploads\/2023\/05\/23-05-2023-Concejo-de-los-y-las-Estudiantes-scaled.jpg","width":2560,"height":1928},{"@type":"BreadcrumbList","@id":"http:\/\/concejodeliberantedeazul.gob.ar\/index.php\/2023\/05\/24\/concejo-de-los-y-las-estudiantes\/#breadcrumb","itemListElement":[{"@type":"ListItem","position":1,"name":"Inicio","item":"https:\/\/concejodeliberantedeazul.gob.ar\/"},{"@type":"ListItem","position":2,"name":"Concejo de los y las Estudiantes"}]},{"@type":"WebSite","@id":"http:\/\/concejodeliberantedeazul.gob.ar\/#website","url":"http:\/\/concejodeliberantedeazul.gob.ar\/","name":"Concejo deliberante de Azul","description":"Sitio Web Oficial del Concejo Deliberante de Azul, Prov. de Buenos Aires - Conformado por 18 concejales de todo el partido.","potentialAction":[{"@type":"SearchAction","target":{"@type":"EntryPoint","urlTemplate":"http:\/\/concejodeliberantedeazul.gob.ar\/?s={search_term_string}"},"query-input":{"@type":"PropertyValueSpecification","valueRequired":true,"valueName":"search_term_string"}}],"inLanguage":"es-AR"},{"@type":"Person","@id":"http:\/\/concejodeliberantedeazul.gob.ar\/#\/schema\/person\/65fd6514aee7c29f008fc53b206198fe","name":"Concejo Deliberante Azul","image":{"@type":"ImageObject","inLanguage":"es-AR","@id":"https:\/\/secure.gravatar.com\/avatar\/30d9ae907861b897be87a25469982f0cfbce09947e0998bf7d9d0ecab450fb85?s=96&d=mm&r=g","url":"https:\/\/secure.gravatar.com\/avatar\/30d9ae907861b897be87a25469982f0cfbce09947e0998bf7d9d0ecab450fb85?s=96&d=mm&r=g","contentUrl":"https:\/\/secure.gravatar.com\/avatar\/30d9ae907861b897be87a25469982f0cfbce09947e0998bf7d9d0ecab450fb85?s=96&d=mm&r=g","caption":"Concejo Deliberante Azul"},"url":"http:\/\/concejodeliberantedeazul.gob.ar\/index.php\/author\/concejo\/"}]}},"amp_enabled":true,"_links":{"self":[{"href":"http:\/\/concejodeliberantedeazul.gob.ar\/index.php\/wp-json\/wp\/v2\/posts\/2191","targetHints":{"allow":["GET"]}}],"collection":[{"href":"http:\/\/concejodeliberantedeazul.gob.ar\/index.php\/wp-json\/wp\/v2\/posts"}],"about":[{"href":"http:\/\/concejodeliberantedeazul.gob.ar\/index.php\/wp-json\/wp\/v2\/types\/post"}],"author":[{"embeddable":true,"href":"http:\/\/concejodeliberantedeazul.gob.ar\/index.php\/wp-json\/wp\/v2\/users\/2"}],"replies":[{"embeddable":true,"href":"http:\/\/concejodeliberantedeazul.gob.ar\/index.php\/wp-json\/wp\/v2\/comments?post=2191"}],"version-history":[{"count":1,"href":"http:\/\/concejodeliberantedeazul.gob.ar\/index.php\/wp-json\/wp\/v2\/posts\/2191\/revisions"}],"predecessor-version":[{"id":2193,"href":"http:\/\/concejodeliberantedeazul.gob.ar\/index.php\/wp-json\/wp\/v2\/posts\/2191\/revisions\/2193"}],"wp:featuredmedia":[{"embeddable":true,"href":"http:\/\/concejodeliberantedeazul.gob.ar\/index.php\/wp-json\/wp\/v2\/media\/2192"}],"wp:attachment":[{"href":"http:\/\/concejodeliberantedeazul.gob.ar\/index.php\/wp-json\/wp\/v2\/media?parent=2191"}],"wp:term":[{"taxonomy":"category","embeddable":true,"href":"http:\/\/concejodeliberantedeazul.gob.ar\/index.php\/wp-json\/wp\/v2\/categories?post=2191"},{"taxonomy":"post_tag","embeddable":true,"href":"http:\/\/concejodeliberantedeazul.gob.ar\/index.php\/wp-json\/wp\/v2\/tags?post=2191"}],"curies":[{"name":"wp","href":"https:\/\/api.w.org\/{rel}","templated":true}]}}