{"id":2167,"date":"2023-05-15T13:03:00","date_gmt":"2023-05-15T16:03:00","guid":{"rendered":"http:\/\/concejodeliberantedeazul.gob.ar\/?p=2167"},"modified":"2023-05-15T13:03:02","modified_gmt":"2023-05-15T16:03:02","slug":"presentacion-del-libro-apuntes-para-la-politica","status":"publish","type":"post","link":"http:\/\/concejodeliberantedeazul.gob.ar\/index.php\/2023\/05\/15\/presentacion-del-libro-apuntes-para-la-politica\/","title":{"rendered":"Presentaci\u00f3n del libro \u201cApuntes para la pol\u00edtica\u201d"},"content":{"rendered":"\n<p>En el marco de las actividades previstas por los 40 a\u00f1os de Democracia en nuestro pa\u00eds, el Concejo Deliberante del partido de Azul y el Instituto Superior de Formaci\u00f3n Docente y T\u00e9cnica N\u00ba 2 M. Malere, invitan a la presentaci\u00f3n del libro de Silvio Bageneta: <strong>\u201cApuntes para la pol\u00edtica<\/strong>\u201d. <em>La pol\u00edtica motor de la vida y de las relaciones humanas.<\/em><\/p>\n\n\n\n<p>La jornada, abierta a la comunidad, se realizar\u00e1 el pr\u00f3ximo jueves 18 de mayo, a las 19 horas, en el SUM del Instituto N\u00ba 2, Col\u00f3n 498.<\/p>\n\n\n\n<p>El objetivo de la presentaci\u00f3n es generar un espacio de di\u00e1logo, promover el debate y revalorizar la pol\u00edtica como motor imprescindible de la vida en comunidad.<\/p>\n\n\n\n<p>Sobre el autor:<\/p>\n\n\n\n<p>Rub\u00e9n Silvio Bagenta naci\u00f3 en Azul, y posee una larga trayectoria como militante pol\u00edtico, -desde la Juventud Mariana en la Parroquia de Lourdes, la Juventud Peronista y el Peronismo Renovador-. Fue detenido y preso pol\u00edtico entre 1975 y 1983. Tiene una vasta experiencia en trabajo territorial en cooperativas y mutuales. Dirigi\u00f3 hasta 2020 la Cooperativa de Radio AM 1440 en Mar de Aj\u00f3.&nbsp;<\/p>\n","protected":false},"excerpt":{"rendered":"<p>En el marco de las actividades previstas por los 40 a\u00f1os de Democracia en nuestro pa\u00eds, el Concejo Deliberante del partido de Azul y el Instituto Superior de Formaci\u00f3n Docente y T\u00e9cnica N\u00ba 2 M. Malere, invitan a la presentaci\u00f3n del libro de Silvio Bageneta: \u201cApuntes para la pol\u00edtica\u201d. La pol\u00edtica motor de la vida [&hellip;]<\/p>\n","protected":false},"author":2,"featured_media":2168,"comment_status":"open","ping_status":"open","sticky":false,"template":"","format":"standard","meta":{"tdm_status":"","tdm_grid_status":"","footnotes":""},"categories":[7],"tags":[],"class_list":{"0":"post-2167","1":"post","2":"type-post","3":"status-publish","4":"format-standard","5":"has-post-thumbnail","7":"category-noticias"},"yoast_head":"<!-- This site is optimized with the Yoast SEO plugin v27.3 - https:\/\/yoast.com\/product\/yoast-seo-wordpress\/ -->\n<title>Presentaci\u00f3n del libro \u201cApuntes para la pol\u00edtica\u201d - Concejo deliberante de Azul<\/title>\n<meta name=\"robots\" content=\"index, follow, max-snippet:-1, max-image-preview:large, max-video-preview:-1\" \/>\n<link rel=\"canonical\" href=\"https:\/\/concejodeliberantedeazul.gob.ar\/index.php\/2023\/05\/15\/presentacion-del-libro-apuntes-para-la-politica\/\" \/>\n<meta property=\"og:locale\" content=\"es_ES\" \/>\n<meta property=\"og:type\" content=\"article\" \/>\n<meta property=\"og:title\" content=\"Presentaci\u00f3n del libro \u201cApuntes para la pol\u00edtica\u201d - Concejo deliberante de Azul\" \/>\n<meta property=\"og:description\" content=\"En el marco de las actividades previstas por los 40 a\u00f1os de Democracia en nuestro pa\u00eds, el Concejo Deliberante del partido de Azul y el Instituto Superior de Formaci\u00f3n Docente y T\u00e9cnica N\u00ba 2 M. Malere, invitan a la presentaci\u00f3n del libro de Silvio Bageneta: \u201cApuntes para la pol\u00edtica\u201d. La pol\u00edtica motor de la vida [&hellip;]\" \/>\n<meta property=\"og:url\" content=\"https:\/\/concejodeliberantedeazul.gob.ar\/index.php\/2023\/05\/15\/presentacion-del-libro-apuntes-para-la-politica\/\" \/>\n<meta property=\"og:site_name\" content=\"Concejo deliberante de Azul\" \/>\n<meta property=\"article:published_time\" content=\"2023-05-15T16:03:00+00:00\" \/>\n<meta property=\"article:modified_time\" content=\"2023-05-15T16:03:02+00:00\" \/>\n<meta property=\"og:image\" content=\"https:\/\/concejodeliberantedeazul.gob.ar\/wp-content\/uploads\/2023\/05\/15-05-2023-Presentacion-Libro.jpeg\" \/>\n\t<meta property=\"og:image:width\" content=\"1131\" \/>\n\t<meta property=\"og:image:height\" content=\"1600\" \/>\n\t<meta property=\"og:image:type\" content=\"image\/jpeg\" \/>\n<meta name=\"author\" content=\"Concejo Deliberante Azul\" \/>\n<meta name=\"twitter:card\" content=\"summary_large_image\" \/>\n<meta name=\"twitter:label1\" content=\"Escrito por\" \/>\n\t<meta name=\"twitter:data1\" content=\"Concejo Deliberante Azul\" \/>\n\t<meta name=\"twitter:label2\" content=\"Tiempo de lectura\" \/>\n\t<meta name=\"twitter:data2\" content=\"1 minuto\" \/>\n<script type=\"application\/ld+json\" class=\"yoast-schema-graph\">{\"@context\":\"https:\\\/\\\/schema.org\",\"@graph\":[{\"@type\":\"Article\",\"@id\":\"https:\\\/\\\/concejodeliberantedeazul.gob.ar\\\/index.php\\\/2023\\\/05\\\/15\\\/presentacion-del-libro-apuntes-para-la-politica\\\/#article\",\"isPartOf\":{\"@id\":\"https:\\\/\\\/concejodeliberantedeazul.gob.ar\\\/index.php\\\/2023\\\/05\\\/15\\\/presentacion-del-libro-apuntes-para-la-politica\\\/\"},\"author\":{\"name\":\"Concejo Deliberante Azul\",\"@id\":\"http:\\\/\\\/concejodeliberantedeazul.gob.ar\\\/#\\\/schema\\\/person\\\/65fd6514aee7c29f008fc53b206198fe\"},\"headline\":\"Presentaci\u00f3n del libro \u201cApuntes para la pol\u00edtica\u201d\",\"datePublished\":\"2023-05-15T16:03:00+00:00\",\"dateModified\":\"2023-05-15T16:03:02+00:00\",\"mainEntityOfPage\":{\"@id\":\"https:\\\/\\\/concejodeliberantedeazul.gob.ar\\\/index.php\\\/2023\\\/05\\\/15\\\/presentacion-del-libro-apuntes-para-la-politica\\\/\"},\"wordCount\":194,\"commentCount\":0,\"image\":{\"@id\":\"https:\\\/\\\/concejodeliberantedeazul.gob.ar\\\/index.php\\\/2023\\\/05\\\/15\\\/presentacion-del-libro-apuntes-para-la-politica\\\/#primaryimage\"},\"thumbnailUrl\":\"http:\\\/\\\/concejodeliberantedeazul.gob.ar\\\/wp-content\\\/uploads\\\/2023\\\/05\\\/15-05-2023-Presentacion-Libro.jpeg\",\"articleSection\":[\"Noticias\"],\"inLanguage\":\"es-AR\",\"potentialAction\":[{\"@type\":\"CommentAction\",\"name\":\"Comment\",\"target\":[\"https:\\\/\\\/concejodeliberantedeazul.gob.ar\\\/index.php\\\/2023\\\/05\\\/15\\\/presentacion-del-libro-apuntes-para-la-politica\\\/#respond\"]}]},{\"@type\":\"WebPage\",\"@id\":\"https:\\\/\\\/concejodeliberantedeazul.gob.ar\\\/index.php\\\/2023\\\/05\\\/15\\\/presentacion-del-libro-apuntes-para-la-politica\\\/\",\"url\":\"https:\\\/\\\/concejodeliberantedeazul.gob.ar\\\/index.php\\\/2023\\\/05\\\/15\\\/presentacion-del-libro-apuntes-para-la-politica\\\/\",\"name\":\"Presentaci\u00f3n del libro \u201cApuntes para la pol\u00edtica\u201d - Concejo deliberante de Azul\",\"isPartOf\":{\"@id\":\"http:\\\/\\\/concejodeliberantedeazul.gob.ar\\\/#website\"},\"primaryImageOfPage\":{\"@id\":\"https:\\\/\\\/concejodeliberantedeazul.gob.ar\\\/index.php\\\/2023\\\/05\\\/15\\\/presentacion-del-libro-apuntes-para-la-politica\\\/#primaryimage\"},\"image\":{\"@id\":\"https:\\\/\\\/concejodeliberantedeazul.gob.ar\\\/index.php\\\/2023\\\/05\\\/15\\\/presentacion-del-libro-apuntes-para-la-politica\\\/#primaryimage\"},\"thumbnailUrl\":\"http:\\\/\\\/concejodeliberantedeazul.gob.ar\\\/wp-content\\\/uploads\\\/2023\\\/05\\\/15-05-2023-Presentacion-Libro.jpeg\",\"datePublished\":\"2023-05-15T16:03:00+00:00\",\"dateModified\":\"2023-05-15T16:03:02+00:00\",\"author\":{\"@id\":\"http:\\\/\\\/concejodeliberantedeazul.gob.ar\\\/#\\\/schema\\\/person\\\/65fd6514aee7c29f008fc53b206198fe\"},\"breadcrumb\":{\"@id\":\"https:\\\/\\\/concejodeliberantedeazul.gob.ar\\\/index.php\\\/2023\\\/05\\\/15\\\/presentacion-del-libro-apuntes-para-la-politica\\\/#breadcrumb\"},\"inLanguage\":\"es-AR\",\"potentialAction\":[{\"@type\":\"ReadAction\",\"target\":[\"https:\\\/\\\/concejodeliberantedeazul.gob.ar\\\/index.php\\\/2023\\\/05\\\/15\\\/presentacion-del-libro-apuntes-para-la-politica\\\/\"]}]},{\"@type\":\"ImageObject\",\"inLanguage\":\"es-AR\",\"@id\":\"https:\\\/\\\/concejodeliberantedeazul.gob.ar\\\/index.php\\\/2023\\\/05\\\/15\\\/presentacion-del-libro-apuntes-para-la-politica\\\/#primaryimage\",\"url\":\"http:\\\/\\\/concejodeliberantedeazul.gob.ar\\\/wp-content\\\/uploads\\\/2023\\\/05\\\/15-05-2023-Presentacion-Libro.jpeg\",\"contentUrl\":\"http:\\\/\\\/concejodeliberantedeazul.gob.ar\\\/wp-content\\\/uploads\\\/2023\\\/05\\\/15-05-2023-Presentacion-Libro.jpeg\",\"width\":1131,\"height\":1600},{\"@type\":\"BreadcrumbList\",\"@id\":\"https:\\\/\\\/concejodeliberantedeazul.gob.ar\\\/index.php\\\/2023\\\/05\\\/15\\\/presentacion-del-libro-apuntes-para-la-politica\\\/#breadcrumb\",\"itemListElement\":[{\"@type\":\"ListItem\",\"position\":1,\"name\":\"Inicio\",\"item\":\"https:\\\/\\\/concejodeliberantedeazul.gob.ar\\\/\"},{\"@type\":\"ListItem\",\"position\":2,\"name\":\"Presentaci\u00f3n del libro \u201cApuntes para la pol\u00edtica\u201d\"}]},{\"@type\":\"WebSite\",\"@id\":\"http:\\\/\\\/concejodeliberantedeazul.gob.ar\\\/#website\",\"url\":\"http:\\\/\\\/concejodeliberantedeazul.gob.ar\\\/\",\"name\":\"Concejo deliberante de Azul\",\"description\":\"Sitio Web Oficial del Concejo Deliberante de Azul, Prov. de Buenos Aires - Conformado por 18 concejales de todo el partido.\",\"potentialAction\":[{\"@type\":\"SearchAction\",\"target\":{\"@type\":\"EntryPoint\",\"urlTemplate\":\"http:\\\/\\\/concejodeliberantedeazul.gob.ar\\\/?s={search_term_string}\"},\"query-input\":{\"@type\":\"PropertyValueSpecification\",\"valueRequired\":true,\"valueName\":\"search_term_string\"}}],\"inLanguage\":\"es-AR\"},{\"@type\":\"Person\",\"@id\":\"http:\\\/\\\/concejodeliberantedeazul.gob.ar\\\/#\\\/schema\\\/person\\\/65fd6514aee7c29f008fc53b206198fe\",\"name\":\"Concejo Deliberante Azul\",\"image\":{\"@type\":\"ImageObject\",\"inLanguage\":\"es-AR\",\"@id\":\"https:\\\/\\\/secure.gravatar.com\\\/avatar\\\/30d9ae907861b897be87a25469982f0cfbce09947e0998bf7d9d0ecab450fb85?s=96&d=mm&r=g\",\"url\":\"https:\\\/\\\/secure.gravatar.com\\\/avatar\\\/30d9ae907861b897be87a25469982f0cfbce09947e0998bf7d9d0ecab450fb85?s=96&d=mm&r=g\",\"contentUrl\":\"https:\\\/\\\/secure.gravatar.com\\\/avatar\\\/30d9ae907861b897be87a25469982f0cfbce09947e0998bf7d9d0ecab450fb85?s=96&d=mm&r=g\",\"caption\":\"Concejo Deliberante Azul\"},\"url\":\"http:\\\/\\\/concejodeliberantedeazul.gob.ar\\\/index.php\\\/author\\\/concejo\\\/\"}]}<\/script>\n<!-- \/ Yoast SEO plugin. -->","yoast_head_json":{"title":"Presentaci\u00f3n del libro \u201cApuntes para la pol\u00edtica\u201d - Concejo deliberante de Azul","robots":{"index":"index","follow":"follow","max-snippet":"max-snippet:-1","max-image-preview":"max-image-preview:large","max-video-preview":"max-video-preview:-1"},"canonical":"https:\/\/concejodeliberantedeazul.gob.ar\/index.php\/2023\/05\/15\/presentacion-del-libro-apuntes-para-la-politica\/","og_locale":"es_ES","og_type":"article","og_title":"Presentaci\u00f3n del libro \u201cApuntes para la pol\u00edtica\u201d - Concejo deliberante de Azul","og_description":"En el marco de las actividades previstas por los 40 a\u00f1os de Democracia en nuestro pa\u00eds, el Concejo Deliberante del partido de Azul y el Instituto Superior de Formaci\u00f3n Docente y T\u00e9cnica N\u00ba 2 M. Malere, invitan a la presentaci\u00f3n del libro de Silvio Bageneta: \u201cApuntes para la pol\u00edtica\u201d. La pol\u00edtica motor de la vida [&hellip;]","og_url":"https:\/\/concejodeliberantedeazul.gob.ar\/index.php\/2023\/05\/15\/presentacion-del-libro-apuntes-para-la-politica\/","og_site_name":"Concejo deliberante de Azul","article_published_time":"2023-05-15T16:03:00+00:00","article_modified_time":"2023-05-15T16:03:02+00:00","og_image":[{"width":1131,"height":1600,"url":"https:\/\/concejodeliberantedeazul.gob.ar\/wp-content\/uploads\/2023\/05\/15-05-2023-Presentacion-Libro.jpeg","type":"image\/jpeg"}],"author":"Concejo Deliberante Azul","twitter_card":"summary_large_image","twitter_misc":{"Escrito por":"Concejo Deliberante Azul","Tiempo de lectura":"1 minuto"},"schema":{"@context":"https:\/\/schema.org","@graph":[{"@type":"Article","@id":"https:\/\/concejodeliberantedeazul.gob.ar\/index.php\/2023\/05\/15\/presentacion-del-libro-apuntes-para-la-politica\/#article","isPartOf":{"@id":"https:\/\/concejodeliberantedeazul.gob.ar\/index.php\/2023\/05\/15\/presentacion-del-libro-apuntes-para-la-politica\/"},"author":{"name":"Concejo Deliberante Azul","@id":"http:\/\/concejodeliberantedeazul.gob.ar\/#\/schema\/person\/65fd6514aee7c29f008fc53b206198fe"},"headline":"Presentaci\u00f3n del libro \u201cApuntes para la pol\u00edtica\u201d","datePublished":"2023-05-15T16:03:00+00:00","dateModified":"2023-05-15T16:03:02+00:00","mainEntityOfPage":{"@id":"https:\/\/concejodeliberantedeazul.gob.ar\/index.php\/2023\/05\/15\/presentacion-del-libro-apuntes-para-la-politica\/"},"wordCount":194,"commentCount":0,"image":{"@id":"https:\/\/concejodeliberantedeazul.gob.ar\/index.php\/2023\/05\/15\/presentacion-del-libro-apuntes-para-la-politica\/#primaryimage"},"thumbnailUrl":"http:\/\/concejodeliberantedeazul.gob.ar\/wp-content\/uploads\/2023\/05\/15-05-2023-Presentacion-Libro.jpeg","articleSection":["Noticias"],"inLanguage":"es-AR","potentialAction":[{"@type":"CommentAction","name":"Comment","target":["https:\/\/concejodeliberantedeazul.gob.ar\/index.php\/2023\/05\/15\/presentacion-del-libro-apuntes-para-la-politica\/#respond"]}]},{"@type":"WebPage","@id":"https:\/\/concejodeliberantedeazul.gob.ar\/index.php\/2023\/05\/15\/presentacion-del-libro-apuntes-para-la-politica\/","url":"https:\/\/concejodeliberantedeazul.gob.ar\/index.php\/2023\/05\/15\/presentacion-del-libro-apuntes-para-la-politica\/","name":"Presentaci\u00f3n del libro \u201cApuntes para la pol\u00edtica\u201d - Concejo deliberante de Azul","isPartOf":{"@id":"http:\/\/concejodeliberantedeazul.gob.ar\/#website"},"primaryImageOfPage":{"@id":"https:\/\/concejodeliberantedeazul.gob.ar\/index.php\/2023\/05\/15\/presentacion-del-libro-apuntes-para-la-politica\/#primaryimage"},"image":{"@id":"https:\/\/concejodeliberantedeazul.gob.ar\/index.php\/2023\/05\/15\/presentacion-del-libro-apuntes-para-la-politica\/#primaryimage"},"thumbnailUrl":"http:\/\/concejodeliberantedeazul.gob.ar\/wp-content\/uploads\/2023\/05\/15-05-2023-Presentacion-Libro.jpeg","datePublished":"2023-05-15T16:03:00+00:00","dateModified":"2023-05-15T16:03:02+00:00","author":{"@id":"http:\/\/concejodeliberantedeazul.gob.ar\/#\/schema\/person\/65fd6514aee7c29f008fc53b206198fe"},"breadcrumb":{"@id":"https:\/\/concejodeliberantedeazul.gob.ar\/index.php\/2023\/05\/15\/presentacion-del-libro-apuntes-para-la-politica\/#breadcrumb"},"inLanguage":"es-AR","potentialAction":[{"@type":"ReadAction","target":["https:\/\/concejodeliberantedeazul.gob.ar\/index.php\/2023\/05\/15\/presentacion-del-libro-apuntes-para-la-politica\/"]}]},{"@type":"ImageObject","inLanguage":"es-AR","@id":"https:\/\/concejodeliberantedeazul.gob.ar\/index.php\/2023\/05\/15\/presentacion-del-libro-apuntes-para-la-politica\/#primaryimage","url":"http:\/\/concejodeliberantedeazul.gob.ar\/wp-content\/uploads\/2023\/05\/15-05-2023-Presentacion-Libro.jpeg","contentUrl":"http:\/\/concejodeliberantedeazul.gob.ar\/wp-content\/uploads\/2023\/05\/15-05-2023-Presentacion-Libro.jpeg","width":1131,"height":1600},{"@type":"BreadcrumbList","@id":"https:\/\/concejodeliberantedeazul.gob.ar\/index.php\/2023\/05\/15\/presentacion-del-libro-apuntes-para-la-politica\/#breadcrumb","itemListElement":[{"@type":"ListItem","position":1,"name":"Inicio","item":"https:\/\/concejodeliberantedeazul.gob.ar\/"},{"@type":"ListItem","position":2,"name":"Presentaci\u00f3n del libro \u201cApuntes para la pol\u00edtica\u201d"}]},{"@type":"WebSite","@id":"http:\/\/concejodeliberantedeazul.gob.ar\/#website","url":"http:\/\/concejodeliberantedeazul.gob.ar\/","name":"Concejo deliberante de Azul","description":"Sitio Web Oficial del Concejo Deliberante de Azul, Prov. de Buenos Aires - Conformado por 18 concejales de todo el partido.","potentialAction":[{"@type":"SearchAction","target":{"@type":"EntryPoint","urlTemplate":"http:\/\/concejodeliberantedeazul.gob.ar\/?s={search_term_string}"},"query-input":{"@type":"PropertyValueSpecification","valueRequired":true,"valueName":"search_term_string"}}],"inLanguage":"es-AR"},{"@type":"Person","@id":"http:\/\/concejodeliberantedeazul.gob.ar\/#\/schema\/person\/65fd6514aee7c29f008fc53b206198fe","name":"Concejo Deliberante Azul","image":{"@type":"ImageObject","inLanguage":"es-AR","@id":"https:\/\/secure.gravatar.com\/avatar\/30d9ae907861b897be87a25469982f0cfbce09947e0998bf7d9d0ecab450fb85?s=96&d=mm&r=g","url":"https:\/\/secure.gravatar.com\/avatar\/30d9ae907861b897be87a25469982f0cfbce09947e0998bf7d9d0ecab450fb85?s=96&d=mm&r=g","contentUrl":"https:\/\/secure.gravatar.com\/avatar\/30d9ae907861b897be87a25469982f0cfbce09947e0998bf7d9d0ecab450fb85?s=96&d=mm&r=g","caption":"Concejo Deliberante Azul"},"url":"http:\/\/concejodeliberantedeazul.gob.ar\/index.php\/author\/concejo\/"}]}},"amp_enabled":true,"_links":{"self":[{"href":"http:\/\/concejodeliberantedeazul.gob.ar\/index.php\/wp-json\/wp\/v2\/posts\/2167","targetHints":{"allow":["GET"]}}],"collection":[{"href":"http:\/\/concejodeliberantedeazul.gob.ar\/index.php\/wp-json\/wp\/v2\/posts"}],"about":[{"href":"http:\/\/concejodeliberantedeazul.gob.ar\/index.php\/wp-json\/wp\/v2\/types\/post"}],"author":[{"embeddable":true,"href":"http:\/\/concejodeliberantedeazul.gob.ar\/index.php\/wp-json\/wp\/v2\/users\/2"}],"replies":[{"embeddable":true,"href":"http:\/\/concejodeliberantedeazul.gob.ar\/index.php\/wp-json\/wp\/v2\/comments?post=2167"}],"version-history":[{"count":1,"href":"http:\/\/concejodeliberantedeazul.gob.ar\/index.php\/wp-json\/wp\/v2\/posts\/2167\/revisions"}],"predecessor-version":[{"id":2169,"href":"http:\/\/concejodeliberantedeazul.gob.ar\/index.php\/wp-json\/wp\/v2\/posts\/2167\/revisions\/2169"}],"wp:featuredmedia":[{"embeddable":true,"href":"http:\/\/concejodeliberantedeazul.gob.ar\/index.php\/wp-json\/wp\/v2\/media\/2168"}],"wp:attachment":[{"href":"http:\/\/concejodeliberantedeazul.gob.ar\/index.php\/wp-json\/wp\/v2\/media?parent=2167"}],"wp:term":[{"taxonomy":"category","embeddable":true,"href":"http:\/\/concejodeliberantedeazul.gob.ar\/index.php\/wp-json\/wp\/v2\/categories?post=2167"},{"taxonomy":"post_tag","embeddable":true,"href":"http:\/\/concejodeliberantedeazul.gob.ar\/index.php\/wp-json\/wp\/v2\/tags?post=2167"}],"curies":[{"name":"wp","href":"https:\/\/api.w.org\/{rel}","templated":true}]}}