{"id":2136,"date":"2023-05-03T11:47:23","date_gmt":"2023-05-03T14:47:23","guid":{"rendered":"http:\/\/concejodeliberantedeazul.gob.ar\/?p=2136"},"modified":"2023-05-03T11:47:24","modified_gmt":"2023-05-03T14:47:24","slug":"autoridades-y-concejales-mantuvieron-una-reunion-con-vecinos-que-trabajan-sobre-la-independencia-de-chillar","status":"publish","type":"post","link":"http:\/\/concejodeliberantedeazul.gob.ar\/index.php\/2023\/05\/03\/autoridades-y-concejales-mantuvieron-una-reunion-con-vecinos-que-trabajan-sobre-la-independencia-de-chillar\/","title":{"rendered":"<strong>Autoridades y Concejales mantuvieron una reuni\u00f3n con vecinos que trabajan sobre la independencia de Chillar<\/strong>"},"content":{"rendered":"\n<p>Luego de la realizaci\u00f3n de la Sesi\u00f3n Ordinaria, Autoridades y Concejales mantuvieron una reuni\u00f3n con vecinos en la Cooperativa Agraria de Chillar. El objetivo del encuentro fue dialogar sobre la intenci\u00f3n de un amplio sector de vecinos de independizar Chillar del partido de Azul.<\/p>\n\n\n\n<p>En principio, se dio la lectura a la Resoluci\u00f3n, aprobada por este Cuerpo, en donde, entre otros puntos, se instaba a la Presidencia del Concejo a realizar una reuni\u00f3n con los vecinos de la localidad.<\/p>\n\n\n\n<p>Posteriormente, los vecinos dieron lectura al proyecto de Ley vinculado con la independencia de diferentes localidades de la provincia de Buenos Aires.<\/p>\n\n\n\n<p>Durante el encuentro, tanto los vecinos como los concejales, expusieron sus posturas al respecto y se analizaron las diferentes situaciones que se le presentan a la localidad y al partido de Azul en su conjunto.<\/p>\n\n\n\n<p>Adem\u00e1s, los vecinos explicaron que desde la Facultad de Ciencias Econ\u00f3micas de Tandil se est\u00e1 realizando un estudio de factibilidad que ser\u00e1 presentado en estos d\u00edas.<\/p>\n","protected":false},"excerpt":{"rendered":"<p>Luego de la realizaci\u00f3n de la Sesi\u00f3n Ordinaria, Autoridades y Concejales mantuvieron una reuni\u00f3n con vecinos en la Cooperativa Agraria de Chillar. El objetivo del encuentro fue dialogar sobre la intenci\u00f3n de un amplio sector de vecinos de independizar Chillar del partido de Azul. En principio, se dio la lectura a la Resoluci\u00f3n, aprobada por [&hellip;]<\/p>\n","protected":false},"author":2,"featured_media":2137,"comment_status":"open","ping_status":"open","sticky":false,"template":"","format":"standard","meta":{"tdm_status":"","tdm_grid_status":"","footnotes":""},"categories":[7],"tags":[],"class_list":{"0":"post-2136","1":"post","2":"type-post","3":"status-publish","4":"format-standard","5":"has-post-thumbnail","7":"category-noticias"},"yoast_head":"<!-- This site is optimized with the Yoast SEO plugin v27.3 - https:\/\/yoast.com\/product\/yoast-seo-wordpress\/ -->\n<title>Autoridades y Concejales mantuvieron una reuni\u00f3n con vecinos que trabajan sobre la independencia de Chillar - Concejo deliberante de Azul<\/title>\n<meta name=\"robots\" content=\"index, follow, max-snippet:-1, max-image-preview:large, max-video-preview:-1\" \/>\n<link rel=\"canonical\" href=\"https:\/\/concejodeliberantedeazul.gob.ar\/index.php\/2023\/05\/03\/autoridades-y-concejales-mantuvieron-una-reunion-con-vecinos-que-trabajan-sobre-la-independencia-de-chillar\/\" \/>\n<meta property=\"og:locale\" content=\"es_ES\" \/>\n<meta property=\"og:type\" content=\"article\" \/>\n<meta property=\"og:title\" content=\"Autoridades y Concejales mantuvieron una reuni\u00f3n con vecinos que trabajan sobre la independencia de Chillar - Concejo deliberante de Azul\" \/>\n<meta property=\"og:description\" content=\"Luego de la realizaci\u00f3n de la Sesi\u00f3n Ordinaria, Autoridades y Concejales mantuvieron una reuni\u00f3n con vecinos en la Cooperativa Agraria de Chillar. El objetivo del encuentro fue dialogar sobre la intenci\u00f3n de un amplio sector de vecinos de independizar Chillar del partido de Azul. En principio, se dio la lectura a la Resoluci\u00f3n, aprobada por [&hellip;]\" \/>\n<meta property=\"og:url\" content=\"https:\/\/concejodeliberantedeazul.gob.ar\/index.php\/2023\/05\/03\/autoridades-y-concejales-mantuvieron-una-reunion-con-vecinos-que-trabajan-sobre-la-independencia-de-chillar\/\" \/>\n<meta property=\"og:site_name\" content=\"Concejo deliberante de Azul\" \/>\n<meta property=\"article:published_time\" content=\"2023-05-03T14:47:23+00:00\" \/>\n<meta property=\"article:modified_time\" content=\"2023-05-03T14:47:24+00:00\" \/>\n<meta property=\"og:image\" content=\"https:\/\/concejodeliberantedeazul.gob.ar\/wp-content\/uploads\/2023\/05\/03-05-2023-Reunion-vecinos-scaled.jpg\" \/>\n\t<meta property=\"og:image:width\" content=\"2560\" \/>\n\t<meta property=\"og:image:height\" content=\"1627\" \/>\n\t<meta property=\"og:image:type\" content=\"image\/jpeg\" \/>\n<meta name=\"author\" content=\"Concejo Deliberante Azul\" \/>\n<meta name=\"twitter:card\" content=\"summary_large_image\" \/>\n<meta name=\"twitter:label1\" content=\"Escrito por\" \/>\n\t<meta name=\"twitter:data1\" content=\"Concejo Deliberante Azul\" \/>\n\t<meta name=\"twitter:label2\" content=\"Tiempo de lectura\" \/>\n\t<meta name=\"twitter:data2\" content=\"1 minuto\" \/>\n<script type=\"application\/ld+json\" class=\"yoast-schema-graph\">{\"@context\":\"https:\\\/\\\/schema.org\",\"@graph\":[{\"@type\":\"Article\",\"@id\":\"https:\\\/\\\/concejodeliberantedeazul.gob.ar\\\/index.php\\\/2023\\\/05\\\/03\\\/autoridades-y-concejales-mantuvieron-una-reunion-con-vecinos-que-trabajan-sobre-la-independencia-de-chillar\\\/#article\",\"isPartOf\":{\"@id\":\"https:\\\/\\\/concejodeliberantedeazul.gob.ar\\\/index.php\\\/2023\\\/05\\\/03\\\/autoridades-y-concejales-mantuvieron-una-reunion-con-vecinos-que-trabajan-sobre-la-independencia-de-chillar\\\/\"},\"author\":{\"name\":\"Concejo Deliberante Azul\",\"@id\":\"http:\\\/\\\/concejodeliberantedeazul.gob.ar\\\/#\\\/schema\\\/person\\\/65fd6514aee7c29f008fc53b206198fe\"},\"headline\":\"Autoridades y Concejales mantuvieron una reuni\u00f3n con vecinos que trabajan sobre la independencia de Chillar\",\"datePublished\":\"2023-05-03T14:47:23+00:00\",\"dateModified\":\"2023-05-03T14:47:24+00:00\",\"mainEntityOfPage\":{\"@id\":\"https:\\\/\\\/concejodeliberantedeazul.gob.ar\\\/index.php\\\/2023\\\/05\\\/03\\\/autoridades-y-concejales-mantuvieron-una-reunion-con-vecinos-que-trabajan-sobre-la-independencia-de-chillar\\\/\"},\"wordCount\":187,\"commentCount\":0,\"image\":{\"@id\":\"https:\\\/\\\/concejodeliberantedeazul.gob.ar\\\/index.php\\\/2023\\\/05\\\/03\\\/autoridades-y-concejales-mantuvieron-una-reunion-con-vecinos-que-trabajan-sobre-la-independencia-de-chillar\\\/#primaryimage\"},\"thumbnailUrl\":\"http:\\\/\\\/concejodeliberantedeazul.gob.ar\\\/wp-content\\\/uploads\\\/2023\\\/05\\\/03-05-2023-Reunion-vecinos-scaled.jpg\",\"articleSection\":[\"Noticias\"],\"inLanguage\":\"es-AR\",\"potentialAction\":[{\"@type\":\"CommentAction\",\"name\":\"Comment\",\"target\":[\"https:\\\/\\\/concejodeliberantedeazul.gob.ar\\\/index.php\\\/2023\\\/05\\\/03\\\/autoridades-y-concejales-mantuvieron-una-reunion-con-vecinos-que-trabajan-sobre-la-independencia-de-chillar\\\/#respond\"]}]},{\"@type\":\"WebPage\",\"@id\":\"https:\\\/\\\/concejodeliberantedeazul.gob.ar\\\/index.php\\\/2023\\\/05\\\/03\\\/autoridades-y-concejales-mantuvieron-una-reunion-con-vecinos-que-trabajan-sobre-la-independencia-de-chillar\\\/\",\"url\":\"https:\\\/\\\/concejodeliberantedeazul.gob.ar\\\/index.php\\\/2023\\\/05\\\/03\\\/autoridades-y-concejales-mantuvieron-una-reunion-con-vecinos-que-trabajan-sobre-la-independencia-de-chillar\\\/\",\"name\":\"Autoridades y Concejales mantuvieron una reuni\u00f3n con vecinos que trabajan sobre la independencia de Chillar - Concejo deliberante de Azul\",\"isPartOf\":{\"@id\":\"http:\\\/\\\/concejodeliberantedeazul.gob.ar\\\/#website\"},\"primaryImageOfPage\":{\"@id\":\"https:\\\/\\\/concejodeliberantedeazul.gob.ar\\\/index.php\\\/2023\\\/05\\\/03\\\/autoridades-y-concejales-mantuvieron-una-reunion-con-vecinos-que-trabajan-sobre-la-independencia-de-chillar\\\/#primaryimage\"},\"image\":{\"@id\":\"https:\\\/\\\/concejodeliberantedeazul.gob.ar\\\/index.php\\\/2023\\\/05\\\/03\\\/autoridades-y-concejales-mantuvieron-una-reunion-con-vecinos-que-trabajan-sobre-la-independencia-de-chillar\\\/#primaryimage\"},\"thumbnailUrl\":\"http:\\\/\\\/concejodeliberantedeazul.gob.ar\\\/wp-content\\\/uploads\\\/2023\\\/05\\\/03-05-2023-Reunion-vecinos-scaled.jpg\",\"datePublished\":\"2023-05-03T14:47:23+00:00\",\"dateModified\":\"2023-05-03T14:47:24+00:00\",\"author\":{\"@id\":\"http:\\\/\\\/concejodeliberantedeazul.gob.ar\\\/#\\\/schema\\\/person\\\/65fd6514aee7c29f008fc53b206198fe\"},\"breadcrumb\":{\"@id\":\"https:\\\/\\\/concejodeliberantedeazul.gob.ar\\\/index.php\\\/2023\\\/05\\\/03\\\/autoridades-y-concejales-mantuvieron-una-reunion-con-vecinos-que-trabajan-sobre-la-independencia-de-chillar\\\/#breadcrumb\"},\"inLanguage\":\"es-AR\",\"potentialAction\":[{\"@type\":\"ReadAction\",\"target\":[\"https:\\\/\\\/concejodeliberantedeazul.gob.ar\\\/index.php\\\/2023\\\/05\\\/03\\\/autoridades-y-concejales-mantuvieron-una-reunion-con-vecinos-que-trabajan-sobre-la-independencia-de-chillar\\\/\"]}]},{\"@type\":\"ImageObject\",\"inLanguage\":\"es-AR\",\"@id\":\"https:\\\/\\\/concejodeliberantedeazul.gob.ar\\\/index.php\\\/2023\\\/05\\\/03\\\/autoridades-y-concejales-mantuvieron-una-reunion-con-vecinos-que-trabajan-sobre-la-independencia-de-chillar\\\/#primaryimage\",\"url\":\"http:\\\/\\\/concejodeliberantedeazul.gob.ar\\\/wp-content\\\/uploads\\\/2023\\\/05\\\/03-05-2023-Reunion-vecinos-scaled.jpg\",\"contentUrl\":\"http:\\\/\\\/concejodeliberantedeazul.gob.ar\\\/wp-content\\\/uploads\\\/2023\\\/05\\\/03-05-2023-Reunion-vecinos-scaled.jpg\",\"width\":2560,\"height\":1627},{\"@type\":\"BreadcrumbList\",\"@id\":\"https:\\\/\\\/concejodeliberantedeazul.gob.ar\\\/index.php\\\/2023\\\/05\\\/03\\\/autoridades-y-concejales-mantuvieron-una-reunion-con-vecinos-que-trabajan-sobre-la-independencia-de-chillar\\\/#breadcrumb\",\"itemListElement\":[{\"@type\":\"ListItem\",\"position\":1,\"name\":\"Inicio\",\"item\":\"https:\\\/\\\/concejodeliberantedeazul.gob.ar\\\/\"},{\"@type\":\"ListItem\",\"position\":2,\"name\":\"Autoridades y Concejales mantuvieron una reuni\u00f3n con vecinos que trabajan sobre la independencia de Chillar\"}]},{\"@type\":\"WebSite\",\"@id\":\"http:\\\/\\\/concejodeliberantedeazul.gob.ar\\\/#website\",\"url\":\"http:\\\/\\\/concejodeliberantedeazul.gob.ar\\\/\",\"name\":\"Concejo deliberante de Azul\",\"description\":\"Sitio Web Oficial del Concejo Deliberante de Azul, Prov. de Buenos Aires - Conformado por 18 concejales de todo el partido.\",\"potentialAction\":[{\"@type\":\"SearchAction\",\"target\":{\"@type\":\"EntryPoint\",\"urlTemplate\":\"http:\\\/\\\/concejodeliberantedeazul.gob.ar\\\/?s={search_term_string}\"},\"query-input\":{\"@type\":\"PropertyValueSpecification\",\"valueRequired\":true,\"valueName\":\"search_term_string\"}}],\"inLanguage\":\"es-AR\"},{\"@type\":\"Person\",\"@id\":\"http:\\\/\\\/concejodeliberantedeazul.gob.ar\\\/#\\\/schema\\\/person\\\/65fd6514aee7c29f008fc53b206198fe\",\"name\":\"Concejo Deliberante Azul\",\"image\":{\"@type\":\"ImageObject\",\"inLanguage\":\"es-AR\",\"@id\":\"https:\\\/\\\/secure.gravatar.com\\\/avatar\\\/30d9ae907861b897be87a25469982f0cfbce09947e0998bf7d9d0ecab450fb85?s=96&d=mm&r=g\",\"url\":\"https:\\\/\\\/secure.gravatar.com\\\/avatar\\\/30d9ae907861b897be87a25469982f0cfbce09947e0998bf7d9d0ecab450fb85?s=96&d=mm&r=g\",\"contentUrl\":\"https:\\\/\\\/secure.gravatar.com\\\/avatar\\\/30d9ae907861b897be87a25469982f0cfbce09947e0998bf7d9d0ecab450fb85?s=96&d=mm&r=g\",\"caption\":\"Concejo Deliberante Azul\"},\"url\":\"http:\\\/\\\/concejodeliberantedeazul.gob.ar\\\/index.php\\\/author\\\/concejo\\\/\"}]}<\/script>\n<!-- \/ Yoast SEO plugin. -->","yoast_head_json":{"title":"Autoridades y Concejales mantuvieron una reuni\u00f3n con vecinos que trabajan sobre la independencia de Chillar - Concejo deliberante de Azul","robots":{"index":"index","follow":"follow","max-snippet":"max-snippet:-1","max-image-preview":"max-image-preview:large","max-video-preview":"max-video-preview:-1"},"canonical":"https:\/\/concejodeliberantedeazul.gob.ar\/index.php\/2023\/05\/03\/autoridades-y-concejales-mantuvieron-una-reunion-con-vecinos-que-trabajan-sobre-la-independencia-de-chillar\/","og_locale":"es_ES","og_type":"article","og_title":"Autoridades y Concejales mantuvieron una reuni\u00f3n con vecinos que trabajan sobre la independencia de Chillar - Concejo deliberante de Azul","og_description":"Luego de la realizaci\u00f3n de la Sesi\u00f3n Ordinaria, Autoridades y Concejales mantuvieron una reuni\u00f3n con vecinos en la Cooperativa Agraria de Chillar. El objetivo del encuentro fue dialogar sobre la intenci\u00f3n de un amplio sector de vecinos de independizar Chillar del partido de Azul. En principio, se dio la lectura a la Resoluci\u00f3n, aprobada por [&hellip;]","og_url":"https:\/\/concejodeliberantedeazul.gob.ar\/index.php\/2023\/05\/03\/autoridades-y-concejales-mantuvieron-una-reunion-con-vecinos-que-trabajan-sobre-la-independencia-de-chillar\/","og_site_name":"Concejo deliberante de Azul","article_published_time":"2023-05-03T14:47:23+00:00","article_modified_time":"2023-05-03T14:47:24+00:00","og_image":[{"width":2560,"height":1627,"url":"https:\/\/concejodeliberantedeazul.gob.ar\/wp-content\/uploads\/2023\/05\/03-05-2023-Reunion-vecinos-scaled.jpg","type":"image\/jpeg"}],"author":"Concejo Deliberante Azul","twitter_card":"summary_large_image","twitter_misc":{"Escrito por":"Concejo Deliberante Azul","Tiempo de lectura":"1 minuto"},"schema":{"@context":"https:\/\/schema.org","@graph":[{"@type":"Article","@id":"https:\/\/concejodeliberantedeazul.gob.ar\/index.php\/2023\/05\/03\/autoridades-y-concejales-mantuvieron-una-reunion-con-vecinos-que-trabajan-sobre-la-independencia-de-chillar\/#article","isPartOf":{"@id":"https:\/\/concejodeliberantedeazul.gob.ar\/index.php\/2023\/05\/03\/autoridades-y-concejales-mantuvieron-una-reunion-con-vecinos-que-trabajan-sobre-la-independencia-de-chillar\/"},"author":{"name":"Concejo Deliberante Azul","@id":"http:\/\/concejodeliberantedeazul.gob.ar\/#\/schema\/person\/65fd6514aee7c29f008fc53b206198fe"},"headline":"Autoridades y Concejales mantuvieron una reuni\u00f3n con vecinos que trabajan sobre la independencia de Chillar","datePublished":"2023-05-03T14:47:23+00:00","dateModified":"2023-05-03T14:47:24+00:00","mainEntityOfPage":{"@id":"https:\/\/concejodeliberantedeazul.gob.ar\/index.php\/2023\/05\/03\/autoridades-y-concejales-mantuvieron-una-reunion-con-vecinos-que-trabajan-sobre-la-independencia-de-chillar\/"},"wordCount":187,"commentCount":0,"image":{"@id":"https:\/\/concejodeliberantedeazul.gob.ar\/index.php\/2023\/05\/03\/autoridades-y-concejales-mantuvieron-una-reunion-con-vecinos-que-trabajan-sobre-la-independencia-de-chillar\/#primaryimage"},"thumbnailUrl":"http:\/\/concejodeliberantedeazul.gob.ar\/wp-content\/uploads\/2023\/05\/03-05-2023-Reunion-vecinos-scaled.jpg","articleSection":["Noticias"],"inLanguage":"es-AR","potentialAction":[{"@type":"CommentAction","name":"Comment","target":["https:\/\/concejodeliberantedeazul.gob.ar\/index.php\/2023\/05\/03\/autoridades-y-concejales-mantuvieron-una-reunion-con-vecinos-que-trabajan-sobre-la-independencia-de-chillar\/#respond"]}]},{"@type":"WebPage","@id":"https:\/\/concejodeliberantedeazul.gob.ar\/index.php\/2023\/05\/03\/autoridades-y-concejales-mantuvieron-una-reunion-con-vecinos-que-trabajan-sobre-la-independencia-de-chillar\/","url":"https:\/\/concejodeliberantedeazul.gob.ar\/index.php\/2023\/05\/03\/autoridades-y-concejales-mantuvieron-una-reunion-con-vecinos-que-trabajan-sobre-la-independencia-de-chillar\/","name":"Autoridades y Concejales mantuvieron una reuni\u00f3n con vecinos que trabajan sobre la independencia de Chillar - Concejo deliberante de Azul","isPartOf":{"@id":"http:\/\/concejodeliberantedeazul.gob.ar\/#website"},"primaryImageOfPage":{"@id":"https:\/\/concejodeliberantedeazul.gob.ar\/index.php\/2023\/05\/03\/autoridades-y-concejales-mantuvieron-una-reunion-con-vecinos-que-trabajan-sobre-la-independencia-de-chillar\/#primaryimage"},"image":{"@id":"https:\/\/concejodeliberantedeazul.gob.ar\/index.php\/2023\/05\/03\/autoridades-y-concejales-mantuvieron-una-reunion-con-vecinos-que-trabajan-sobre-la-independencia-de-chillar\/#primaryimage"},"thumbnailUrl":"http:\/\/concejodeliberantedeazul.gob.ar\/wp-content\/uploads\/2023\/05\/03-05-2023-Reunion-vecinos-scaled.jpg","datePublished":"2023-05-03T14:47:23+00:00","dateModified":"2023-05-03T14:47:24+00:00","author":{"@id":"http:\/\/concejodeliberantedeazul.gob.ar\/#\/schema\/person\/65fd6514aee7c29f008fc53b206198fe"},"breadcrumb":{"@id":"https:\/\/concejodeliberantedeazul.gob.ar\/index.php\/2023\/05\/03\/autoridades-y-concejales-mantuvieron-una-reunion-con-vecinos-que-trabajan-sobre-la-independencia-de-chillar\/#breadcrumb"},"inLanguage":"es-AR","potentialAction":[{"@type":"ReadAction","target":["https:\/\/concejodeliberantedeazul.gob.ar\/index.php\/2023\/05\/03\/autoridades-y-concejales-mantuvieron-una-reunion-con-vecinos-que-trabajan-sobre-la-independencia-de-chillar\/"]}]},{"@type":"ImageObject","inLanguage":"es-AR","@id":"https:\/\/concejodeliberantedeazul.gob.ar\/index.php\/2023\/05\/03\/autoridades-y-concejales-mantuvieron-una-reunion-con-vecinos-que-trabajan-sobre-la-independencia-de-chillar\/#primaryimage","url":"http:\/\/concejodeliberantedeazul.gob.ar\/wp-content\/uploads\/2023\/05\/03-05-2023-Reunion-vecinos-scaled.jpg","contentUrl":"http:\/\/concejodeliberantedeazul.gob.ar\/wp-content\/uploads\/2023\/05\/03-05-2023-Reunion-vecinos-scaled.jpg","width":2560,"height":1627},{"@type":"BreadcrumbList","@id":"https:\/\/concejodeliberantedeazul.gob.ar\/index.php\/2023\/05\/03\/autoridades-y-concejales-mantuvieron-una-reunion-con-vecinos-que-trabajan-sobre-la-independencia-de-chillar\/#breadcrumb","itemListElement":[{"@type":"ListItem","position":1,"name":"Inicio","item":"https:\/\/concejodeliberantedeazul.gob.ar\/"},{"@type":"ListItem","position":2,"name":"Autoridades y Concejales mantuvieron una reuni\u00f3n con vecinos que trabajan sobre la independencia de Chillar"}]},{"@type":"WebSite","@id":"http:\/\/concejodeliberantedeazul.gob.ar\/#website","url":"http:\/\/concejodeliberantedeazul.gob.ar\/","name":"Concejo deliberante de Azul","description":"Sitio Web Oficial del Concejo Deliberante de Azul, Prov. de Buenos Aires - Conformado por 18 concejales de todo el partido.","potentialAction":[{"@type":"SearchAction","target":{"@type":"EntryPoint","urlTemplate":"http:\/\/concejodeliberantedeazul.gob.ar\/?s={search_term_string}"},"query-input":{"@type":"PropertyValueSpecification","valueRequired":true,"valueName":"search_term_string"}}],"inLanguage":"es-AR"},{"@type":"Person","@id":"http:\/\/concejodeliberantedeazul.gob.ar\/#\/schema\/person\/65fd6514aee7c29f008fc53b206198fe","name":"Concejo Deliberante Azul","image":{"@type":"ImageObject","inLanguage":"es-AR","@id":"https:\/\/secure.gravatar.com\/avatar\/30d9ae907861b897be87a25469982f0cfbce09947e0998bf7d9d0ecab450fb85?s=96&d=mm&r=g","url":"https:\/\/secure.gravatar.com\/avatar\/30d9ae907861b897be87a25469982f0cfbce09947e0998bf7d9d0ecab450fb85?s=96&d=mm&r=g","contentUrl":"https:\/\/secure.gravatar.com\/avatar\/30d9ae907861b897be87a25469982f0cfbce09947e0998bf7d9d0ecab450fb85?s=96&d=mm&r=g","caption":"Concejo Deliberante Azul"},"url":"http:\/\/concejodeliberantedeazul.gob.ar\/index.php\/author\/concejo\/"}]}},"amp_enabled":true,"_links":{"self":[{"href":"http:\/\/concejodeliberantedeazul.gob.ar\/index.php\/wp-json\/wp\/v2\/posts\/2136","targetHints":{"allow":["GET"]}}],"collection":[{"href":"http:\/\/concejodeliberantedeazul.gob.ar\/index.php\/wp-json\/wp\/v2\/posts"}],"about":[{"href":"http:\/\/concejodeliberantedeazul.gob.ar\/index.php\/wp-json\/wp\/v2\/types\/post"}],"author":[{"embeddable":true,"href":"http:\/\/concejodeliberantedeazul.gob.ar\/index.php\/wp-json\/wp\/v2\/users\/2"}],"replies":[{"embeddable":true,"href":"http:\/\/concejodeliberantedeazul.gob.ar\/index.php\/wp-json\/wp\/v2\/comments?post=2136"}],"version-history":[{"count":1,"href":"http:\/\/concejodeliberantedeazul.gob.ar\/index.php\/wp-json\/wp\/v2\/posts\/2136\/revisions"}],"predecessor-version":[{"id":2138,"href":"http:\/\/concejodeliberantedeazul.gob.ar\/index.php\/wp-json\/wp\/v2\/posts\/2136\/revisions\/2138"}],"wp:featuredmedia":[{"embeddable":true,"href":"http:\/\/concejodeliberantedeazul.gob.ar\/index.php\/wp-json\/wp\/v2\/media\/2137"}],"wp:attachment":[{"href":"http:\/\/concejodeliberantedeazul.gob.ar\/index.php\/wp-json\/wp\/v2\/media?parent=2136"}],"wp:term":[{"taxonomy":"category","embeddable":true,"href":"http:\/\/concejodeliberantedeazul.gob.ar\/index.php\/wp-json\/wp\/v2\/categories?post=2136"},{"taxonomy":"post_tag","embeddable":true,"href":"http:\/\/concejodeliberantedeazul.gob.ar\/index.php\/wp-json\/wp\/v2\/tags?post=2136"}],"curies":[{"name":"wp","href":"https:\/\/api.w.org\/{rel}","templated":true}]}}