{"id":2042,"date":"2023-04-03T13:33:49","date_gmt":"2023-04-03T16:33:49","guid":{"rendered":"http:\/\/concejodeliberantedeazul.gob.ar\/?p=2042"},"modified":"2023-04-03T15:02:08","modified_gmt":"2023-04-03T18:02:08","slug":"autoridades-y-concejales-recibieron-al-director-de-fanazul-y-a-su-equipo-tecnico","status":"publish","type":"post","link":"http:\/\/concejodeliberantedeazul.gob.ar\/index.php\/2023\/04\/03\/autoridades-y-concejales-recibieron-al-director-de-fanazul-y-a-su-equipo-tecnico\/","title":{"rendered":"<strong>Autoridades y Concejales recibieron al Director de FANAZUL y a su equipo t\u00e9cnico<\/strong>"},"content":{"rendered":"\n<p>A partir de la presentaci\u00f3n del proyecto de Resoluci\u00f3n que busca crear en el \u00e1mbito del Concejo Deliberante una Comisi\u00f3n para la defensa, promoci\u00f3n y desarrollo de la f\u00e1brica, se realiz\u00f3 una reuni\u00f3n con el objetivo de dialogar sobre la realidad de la planta y su futuro.<\/p>\n\n\n\n<p>El Director de FANAZUL, Oscar Espinosa, junto al equipo t\u00e9cnico, fue recibido por la Presidenta del Concejo Deliberarnte, Mar\u00eda In\u00e9s Laurini: la Secretaria del Cuerpo, Gisela Balda y los concejales Ver\u00f3nica Crisafulli, Joaqu\u00edn Propato, Natalia Colome, Graciela Bilello, Laura Aloisi, Jorge Ferrarello, Silvio Santill\u00e1n, Alejandro Vieyra, Mar\u00eda Cristina \u00c1lvarez, Juan Louge, Juan Cacace, Paola Ficca y Gisella Hiriart. Adem\u00e1s, la reuni\u00f3n cont\u00f3 con la participaci\u00f3n de representantes de ATE, CEDA, Fundaci\u00f3n CEDA y Colegio de Profesionales de Turismo de la Provincia de Buenos Aires.<\/p>\n\n\n\n<p>En principio, el Director de la f\u00e1brica realiz\u00f3 un recorrido de la situaci\u00f3n de FANAZUL desde el cierre, en el a\u00f1o 2017, a la actualidad. Explic\u00f3 c\u00f3mo se est\u00e1 llevando adelante el proceso de reacomodo para su posterior reinauguraci\u00f3n y la demanda y el mercado con el cual cuenta hoy FANAZUL en su producci\u00f3n.<\/p>\n\n\n\n<p>Adem\u00e1s, Espinosa detall\u00f3 que el nivel de producci\u00f3n a 2017 era del cien por cien, raz\u00f3n por la cual se est\u00e1n haciendo todas las gestiones necesarias para la recuperaci\u00f3n de todas las empresas con las que FANAZUL trabajaba hasta ese momento. Tambi\u00e9n, se convers\u00f3 sobre la cantidad de insumos que la f\u00e1brica necesita, algunos de los cuales se pueden obtener nuevamente de comercios de nuestra ciudad.<\/p>\n\n\n\n<p>Cabe destacar, que el proyecto de Resoluci\u00f3n ser\u00e1 puesto a consideraci\u00f3n de los concejales en la Tercera Sesi\u00f3n Ordinaria, que se llevar\u00e1 a cabo este martes 4 de abril, y que busca crear en el \u00e1mbito del Concejo Deliberante una Comisi\u00f3n que trabaje en la defensa, promoci\u00f3n y desarrollo de FANAZUL.<\/p>\n\n\n\n<p>En sus objetivos principales, la Comisi\u00f3n se encargar\u00e1 de: definir, realizar e impulsar toda medida y acci\u00f3n que garantice la defensa irrenunciable ante cualquier intento de cierre; generar todas las acciones tendientes a la promoci\u00f3n, difusi\u00f3n y\/o comunicaci\u00f3n a toda la comunidad para su conocimiento de la actividad que realiza y\/o proyecta FANAZUL y poner en valor la potencialidad estrat\u00e9gica que tiene para el partido de Azul; entre otros.<\/p>\n","protected":false},"excerpt":{"rendered":"<p>A partir de la presentaci\u00f3n del proyecto de Resoluci\u00f3n que busca crear en el \u00e1mbito del Concejo Deliberante una Comisi\u00f3n para la defensa, promoci\u00f3n y desarrollo de la f\u00e1brica, se realiz\u00f3 una reuni\u00f3n con el objetivo de dialogar sobre la realidad de la planta y su futuro. El Director de FANAZUL, Oscar Espinosa, junto al [&hellip;]<\/p>\n","protected":false},"author":2,"featured_media":2043,"comment_status":"open","ping_status":"open","sticky":false,"template":"","format":"standard","meta":{"tdm_status":"","tdm_grid_status":"","footnotes":""},"categories":[7],"tags":[],"class_list":{"0":"post-2042","1":"post","2":"type-post","3":"status-publish","4":"format-standard","5":"has-post-thumbnail","7":"category-noticias"},"yoast_head":"<!-- This site is optimized with the Yoast SEO plugin v27.3 - https:\/\/yoast.com\/product\/yoast-seo-wordpress\/ -->\n<title>Autoridades y Concejales recibieron al Director de FANAZUL y a su equipo t\u00e9cnico - Concejo deliberante de Azul<\/title>\n<meta name=\"robots\" content=\"index, follow, max-snippet:-1, max-image-preview:large, max-video-preview:-1\" \/>\n<link rel=\"canonical\" href=\"https:\/\/concejodeliberantedeazul.gob.ar\/index.php\/2023\/04\/03\/autoridades-y-concejales-recibieron-al-director-de-fanazul-y-a-su-equipo-tecnico\/\" \/>\n<meta property=\"og:locale\" content=\"es_ES\" \/>\n<meta property=\"og:type\" content=\"article\" \/>\n<meta property=\"og:title\" content=\"Autoridades y Concejales recibieron al Director de FANAZUL y a su equipo t\u00e9cnico - Concejo deliberante de Azul\" \/>\n<meta property=\"og:description\" content=\"A partir de la presentaci\u00f3n del proyecto de Resoluci\u00f3n que busca crear en el \u00e1mbito del Concejo Deliberante una Comisi\u00f3n para la defensa, promoci\u00f3n y desarrollo de la f\u00e1brica, se realiz\u00f3 una reuni\u00f3n con el objetivo de dialogar sobre la realidad de la planta y su futuro. El Director de FANAZUL, Oscar Espinosa, junto al [&hellip;]\" \/>\n<meta property=\"og:url\" content=\"https:\/\/concejodeliberantedeazul.gob.ar\/index.php\/2023\/04\/03\/autoridades-y-concejales-recibieron-al-director-de-fanazul-y-a-su-equipo-tecnico\/\" \/>\n<meta property=\"og:site_name\" content=\"Concejo deliberante de Azul\" \/>\n<meta property=\"article:published_time\" content=\"2023-04-03T16:33:49+00:00\" \/>\n<meta property=\"article:modified_time\" content=\"2023-04-03T18:02:08+00:00\" \/>\n<meta property=\"og:image\" content=\"https:\/\/concejodeliberantedeazul.gob.ar\/wp-content\/uploads\/2023\/04\/03-04-2023-Reunion-FANAZUL-scaled.jpg\" \/>\n\t<meta property=\"og:image:width\" content=\"2560\" \/>\n\t<meta property=\"og:image:height\" content=\"1676\" \/>\n\t<meta property=\"og:image:type\" content=\"image\/jpeg\" \/>\n<meta name=\"author\" content=\"Concejo Deliberante Azul\" \/>\n<meta name=\"twitter:card\" content=\"summary_large_image\" \/>\n<meta name=\"twitter:label1\" content=\"Escrito por\" \/>\n\t<meta name=\"twitter:data1\" content=\"Concejo Deliberante Azul\" \/>\n\t<meta name=\"twitter:label2\" content=\"Tiempo de lectura\" \/>\n\t<meta name=\"twitter:data2\" content=\"2 minutos\" \/>\n<script type=\"application\/ld+json\" class=\"yoast-schema-graph\">{\"@context\":\"https:\\\/\\\/schema.org\",\"@graph\":[{\"@type\":\"Article\",\"@id\":\"https:\\\/\\\/concejodeliberantedeazul.gob.ar\\\/index.php\\\/2023\\\/04\\\/03\\\/autoridades-y-concejales-recibieron-al-director-de-fanazul-y-a-su-equipo-tecnico\\\/#article\",\"isPartOf\":{\"@id\":\"https:\\\/\\\/concejodeliberantedeazul.gob.ar\\\/index.php\\\/2023\\\/04\\\/03\\\/autoridades-y-concejales-recibieron-al-director-de-fanazul-y-a-su-equipo-tecnico\\\/\"},\"author\":{\"name\":\"Concejo Deliberante Azul\",\"@id\":\"http:\\\/\\\/concejodeliberantedeazul.gob.ar\\\/#\\\/schema\\\/person\\\/65fd6514aee7c29f008fc53b206198fe\"},\"headline\":\"Autoridades y Concejales recibieron al Director de FANAZUL y a su equipo t\u00e9cnico\",\"datePublished\":\"2023-04-03T16:33:49+00:00\",\"dateModified\":\"2023-04-03T18:02:08+00:00\",\"mainEntityOfPage\":{\"@id\":\"https:\\\/\\\/concejodeliberantedeazul.gob.ar\\\/index.php\\\/2023\\\/04\\\/03\\\/autoridades-y-concejales-recibieron-al-director-de-fanazul-y-a-su-equipo-tecnico\\\/\"},\"wordCount\":425,\"commentCount\":0,\"image\":{\"@id\":\"https:\\\/\\\/concejodeliberantedeazul.gob.ar\\\/index.php\\\/2023\\\/04\\\/03\\\/autoridades-y-concejales-recibieron-al-director-de-fanazul-y-a-su-equipo-tecnico\\\/#primaryimage\"},\"thumbnailUrl\":\"http:\\\/\\\/concejodeliberantedeazul.gob.ar\\\/wp-content\\\/uploads\\\/2023\\\/04\\\/03-04-2023-Reunion-FANAZUL-scaled.jpg\",\"articleSection\":[\"Noticias\"],\"inLanguage\":\"es-AR\",\"potentialAction\":[{\"@type\":\"CommentAction\",\"name\":\"Comment\",\"target\":[\"https:\\\/\\\/concejodeliberantedeazul.gob.ar\\\/index.php\\\/2023\\\/04\\\/03\\\/autoridades-y-concejales-recibieron-al-director-de-fanazul-y-a-su-equipo-tecnico\\\/#respond\"]}]},{\"@type\":\"WebPage\",\"@id\":\"https:\\\/\\\/concejodeliberantedeazul.gob.ar\\\/index.php\\\/2023\\\/04\\\/03\\\/autoridades-y-concejales-recibieron-al-director-de-fanazul-y-a-su-equipo-tecnico\\\/\",\"url\":\"https:\\\/\\\/concejodeliberantedeazul.gob.ar\\\/index.php\\\/2023\\\/04\\\/03\\\/autoridades-y-concejales-recibieron-al-director-de-fanazul-y-a-su-equipo-tecnico\\\/\",\"name\":\"Autoridades y Concejales recibieron al Director de FANAZUL y a su equipo t\u00e9cnico - Concejo deliberante de Azul\",\"isPartOf\":{\"@id\":\"http:\\\/\\\/concejodeliberantedeazul.gob.ar\\\/#website\"},\"primaryImageOfPage\":{\"@id\":\"https:\\\/\\\/concejodeliberantedeazul.gob.ar\\\/index.php\\\/2023\\\/04\\\/03\\\/autoridades-y-concejales-recibieron-al-director-de-fanazul-y-a-su-equipo-tecnico\\\/#primaryimage\"},\"image\":{\"@id\":\"https:\\\/\\\/concejodeliberantedeazul.gob.ar\\\/index.php\\\/2023\\\/04\\\/03\\\/autoridades-y-concejales-recibieron-al-director-de-fanazul-y-a-su-equipo-tecnico\\\/#primaryimage\"},\"thumbnailUrl\":\"http:\\\/\\\/concejodeliberantedeazul.gob.ar\\\/wp-content\\\/uploads\\\/2023\\\/04\\\/03-04-2023-Reunion-FANAZUL-scaled.jpg\",\"datePublished\":\"2023-04-03T16:33:49+00:00\",\"dateModified\":\"2023-04-03T18:02:08+00:00\",\"author\":{\"@id\":\"http:\\\/\\\/concejodeliberantedeazul.gob.ar\\\/#\\\/schema\\\/person\\\/65fd6514aee7c29f008fc53b206198fe\"},\"breadcrumb\":{\"@id\":\"https:\\\/\\\/concejodeliberantedeazul.gob.ar\\\/index.php\\\/2023\\\/04\\\/03\\\/autoridades-y-concejales-recibieron-al-director-de-fanazul-y-a-su-equipo-tecnico\\\/#breadcrumb\"},\"inLanguage\":\"es-AR\",\"potentialAction\":[{\"@type\":\"ReadAction\",\"target\":[\"https:\\\/\\\/concejodeliberantedeazul.gob.ar\\\/index.php\\\/2023\\\/04\\\/03\\\/autoridades-y-concejales-recibieron-al-director-de-fanazul-y-a-su-equipo-tecnico\\\/\"]}]},{\"@type\":\"ImageObject\",\"inLanguage\":\"es-AR\",\"@id\":\"https:\\\/\\\/concejodeliberantedeazul.gob.ar\\\/index.php\\\/2023\\\/04\\\/03\\\/autoridades-y-concejales-recibieron-al-director-de-fanazul-y-a-su-equipo-tecnico\\\/#primaryimage\",\"url\":\"http:\\\/\\\/concejodeliberantedeazul.gob.ar\\\/wp-content\\\/uploads\\\/2023\\\/04\\\/03-04-2023-Reunion-FANAZUL-scaled.jpg\",\"contentUrl\":\"http:\\\/\\\/concejodeliberantedeazul.gob.ar\\\/wp-content\\\/uploads\\\/2023\\\/04\\\/03-04-2023-Reunion-FANAZUL-scaled.jpg\",\"width\":2560,\"height\":1676},{\"@type\":\"BreadcrumbList\",\"@id\":\"https:\\\/\\\/concejodeliberantedeazul.gob.ar\\\/index.php\\\/2023\\\/04\\\/03\\\/autoridades-y-concejales-recibieron-al-director-de-fanazul-y-a-su-equipo-tecnico\\\/#breadcrumb\",\"itemListElement\":[{\"@type\":\"ListItem\",\"position\":1,\"name\":\"Inicio\",\"item\":\"https:\\\/\\\/concejodeliberantedeazul.gob.ar\\\/\"},{\"@type\":\"ListItem\",\"position\":2,\"name\":\"Autoridades y Concejales recibieron al Director de FANAZUL y a su equipo t\u00e9cnico\"}]},{\"@type\":\"WebSite\",\"@id\":\"http:\\\/\\\/concejodeliberantedeazul.gob.ar\\\/#website\",\"url\":\"http:\\\/\\\/concejodeliberantedeazul.gob.ar\\\/\",\"name\":\"Concejo deliberante de Azul\",\"description\":\"Sitio Web Oficial del Concejo Deliberante de Azul, Prov. de Buenos Aires - Conformado por 18 concejales de todo el partido.\",\"potentialAction\":[{\"@type\":\"SearchAction\",\"target\":{\"@type\":\"EntryPoint\",\"urlTemplate\":\"http:\\\/\\\/concejodeliberantedeazul.gob.ar\\\/?s={search_term_string}\"},\"query-input\":{\"@type\":\"PropertyValueSpecification\",\"valueRequired\":true,\"valueName\":\"search_term_string\"}}],\"inLanguage\":\"es-AR\"},{\"@type\":\"Person\",\"@id\":\"http:\\\/\\\/concejodeliberantedeazul.gob.ar\\\/#\\\/schema\\\/person\\\/65fd6514aee7c29f008fc53b206198fe\",\"name\":\"Concejo Deliberante Azul\",\"image\":{\"@type\":\"ImageObject\",\"inLanguage\":\"es-AR\",\"@id\":\"https:\\\/\\\/secure.gravatar.com\\\/avatar\\\/30d9ae907861b897be87a25469982f0cfbce09947e0998bf7d9d0ecab450fb85?s=96&d=mm&r=g\",\"url\":\"https:\\\/\\\/secure.gravatar.com\\\/avatar\\\/30d9ae907861b897be87a25469982f0cfbce09947e0998bf7d9d0ecab450fb85?s=96&d=mm&r=g\",\"contentUrl\":\"https:\\\/\\\/secure.gravatar.com\\\/avatar\\\/30d9ae907861b897be87a25469982f0cfbce09947e0998bf7d9d0ecab450fb85?s=96&d=mm&r=g\",\"caption\":\"Concejo Deliberante Azul\"},\"url\":\"http:\\\/\\\/concejodeliberantedeazul.gob.ar\\\/index.php\\\/author\\\/concejo\\\/\"}]}<\/script>\n<!-- \/ Yoast SEO plugin. -->","yoast_head_json":{"title":"Autoridades y Concejales recibieron al Director de FANAZUL y a su equipo t\u00e9cnico - Concejo deliberante de Azul","robots":{"index":"index","follow":"follow","max-snippet":"max-snippet:-1","max-image-preview":"max-image-preview:large","max-video-preview":"max-video-preview:-1"},"canonical":"https:\/\/concejodeliberantedeazul.gob.ar\/index.php\/2023\/04\/03\/autoridades-y-concejales-recibieron-al-director-de-fanazul-y-a-su-equipo-tecnico\/","og_locale":"es_ES","og_type":"article","og_title":"Autoridades y Concejales recibieron al Director de FANAZUL y a su equipo t\u00e9cnico - Concejo deliberante de Azul","og_description":"A partir de la presentaci\u00f3n del proyecto de Resoluci\u00f3n que busca crear en el \u00e1mbito del Concejo Deliberante una Comisi\u00f3n para la defensa, promoci\u00f3n y desarrollo de la f\u00e1brica, se realiz\u00f3 una reuni\u00f3n con el objetivo de dialogar sobre la realidad de la planta y su futuro. El Director de FANAZUL, Oscar Espinosa, junto al [&hellip;]","og_url":"https:\/\/concejodeliberantedeazul.gob.ar\/index.php\/2023\/04\/03\/autoridades-y-concejales-recibieron-al-director-de-fanazul-y-a-su-equipo-tecnico\/","og_site_name":"Concejo deliberante de Azul","article_published_time":"2023-04-03T16:33:49+00:00","article_modified_time":"2023-04-03T18:02:08+00:00","og_image":[{"width":2560,"height":1676,"url":"https:\/\/concejodeliberantedeazul.gob.ar\/wp-content\/uploads\/2023\/04\/03-04-2023-Reunion-FANAZUL-scaled.jpg","type":"image\/jpeg"}],"author":"Concejo Deliberante Azul","twitter_card":"summary_large_image","twitter_misc":{"Escrito por":"Concejo Deliberante Azul","Tiempo de lectura":"2 minutos"},"schema":{"@context":"https:\/\/schema.org","@graph":[{"@type":"Article","@id":"https:\/\/concejodeliberantedeazul.gob.ar\/index.php\/2023\/04\/03\/autoridades-y-concejales-recibieron-al-director-de-fanazul-y-a-su-equipo-tecnico\/#article","isPartOf":{"@id":"https:\/\/concejodeliberantedeazul.gob.ar\/index.php\/2023\/04\/03\/autoridades-y-concejales-recibieron-al-director-de-fanazul-y-a-su-equipo-tecnico\/"},"author":{"name":"Concejo Deliberante Azul","@id":"http:\/\/concejodeliberantedeazul.gob.ar\/#\/schema\/person\/65fd6514aee7c29f008fc53b206198fe"},"headline":"Autoridades y Concejales recibieron al Director de FANAZUL y a su equipo t\u00e9cnico","datePublished":"2023-04-03T16:33:49+00:00","dateModified":"2023-04-03T18:02:08+00:00","mainEntityOfPage":{"@id":"https:\/\/concejodeliberantedeazul.gob.ar\/index.php\/2023\/04\/03\/autoridades-y-concejales-recibieron-al-director-de-fanazul-y-a-su-equipo-tecnico\/"},"wordCount":425,"commentCount":0,"image":{"@id":"https:\/\/concejodeliberantedeazul.gob.ar\/index.php\/2023\/04\/03\/autoridades-y-concejales-recibieron-al-director-de-fanazul-y-a-su-equipo-tecnico\/#primaryimage"},"thumbnailUrl":"http:\/\/concejodeliberantedeazul.gob.ar\/wp-content\/uploads\/2023\/04\/03-04-2023-Reunion-FANAZUL-scaled.jpg","articleSection":["Noticias"],"inLanguage":"es-AR","potentialAction":[{"@type":"CommentAction","name":"Comment","target":["https:\/\/concejodeliberantedeazul.gob.ar\/index.php\/2023\/04\/03\/autoridades-y-concejales-recibieron-al-director-de-fanazul-y-a-su-equipo-tecnico\/#respond"]}]},{"@type":"WebPage","@id":"https:\/\/concejodeliberantedeazul.gob.ar\/index.php\/2023\/04\/03\/autoridades-y-concejales-recibieron-al-director-de-fanazul-y-a-su-equipo-tecnico\/","url":"https:\/\/concejodeliberantedeazul.gob.ar\/index.php\/2023\/04\/03\/autoridades-y-concejales-recibieron-al-director-de-fanazul-y-a-su-equipo-tecnico\/","name":"Autoridades y Concejales recibieron al Director de FANAZUL y a su equipo t\u00e9cnico - Concejo deliberante de Azul","isPartOf":{"@id":"http:\/\/concejodeliberantedeazul.gob.ar\/#website"},"primaryImageOfPage":{"@id":"https:\/\/concejodeliberantedeazul.gob.ar\/index.php\/2023\/04\/03\/autoridades-y-concejales-recibieron-al-director-de-fanazul-y-a-su-equipo-tecnico\/#primaryimage"},"image":{"@id":"https:\/\/concejodeliberantedeazul.gob.ar\/index.php\/2023\/04\/03\/autoridades-y-concejales-recibieron-al-director-de-fanazul-y-a-su-equipo-tecnico\/#primaryimage"},"thumbnailUrl":"http:\/\/concejodeliberantedeazul.gob.ar\/wp-content\/uploads\/2023\/04\/03-04-2023-Reunion-FANAZUL-scaled.jpg","datePublished":"2023-04-03T16:33:49+00:00","dateModified":"2023-04-03T18:02:08+00:00","author":{"@id":"http:\/\/concejodeliberantedeazul.gob.ar\/#\/schema\/person\/65fd6514aee7c29f008fc53b206198fe"},"breadcrumb":{"@id":"https:\/\/concejodeliberantedeazul.gob.ar\/index.php\/2023\/04\/03\/autoridades-y-concejales-recibieron-al-director-de-fanazul-y-a-su-equipo-tecnico\/#breadcrumb"},"inLanguage":"es-AR","potentialAction":[{"@type":"ReadAction","target":["https:\/\/concejodeliberantedeazul.gob.ar\/index.php\/2023\/04\/03\/autoridades-y-concejales-recibieron-al-director-de-fanazul-y-a-su-equipo-tecnico\/"]}]},{"@type":"ImageObject","inLanguage":"es-AR","@id":"https:\/\/concejodeliberantedeazul.gob.ar\/index.php\/2023\/04\/03\/autoridades-y-concejales-recibieron-al-director-de-fanazul-y-a-su-equipo-tecnico\/#primaryimage","url":"http:\/\/concejodeliberantedeazul.gob.ar\/wp-content\/uploads\/2023\/04\/03-04-2023-Reunion-FANAZUL-scaled.jpg","contentUrl":"http:\/\/concejodeliberantedeazul.gob.ar\/wp-content\/uploads\/2023\/04\/03-04-2023-Reunion-FANAZUL-scaled.jpg","width":2560,"height":1676},{"@type":"BreadcrumbList","@id":"https:\/\/concejodeliberantedeazul.gob.ar\/index.php\/2023\/04\/03\/autoridades-y-concejales-recibieron-al-director-de-fanazul-y-a-su-equipo-tecnico\/#breadcrumb","itemListElement":[{"@type":"ListItem","position":1,"name":"Inicio","item":"https:\/\/concejodeliberantedeazul.gob.ar\/"},{"@type":"ListItem","position":2,"name":"Autoridades y Concejales recibieron al Director de FANAZUL y a su equipo t\u00e9cnico"}]},{"@type":"WebSite","@id":"http:\/\/concejodeliberantedeazul.gob.ar\/#website","url":"http:\/\/concejodeliberantedeazul.gob.ar\/","name":"Concejo deliberante de Azul","description":"Sitio Web Oficial del Concejo Deliberante de Azul, Prov. de Buenos Aires - Conformado por 18 concejales de todo el partido.","potentialAction":[{"@type":"SearchAction","target":{"@type":"EntryPoint","urlTemplate":"http:\/\/concejodeliberantedeazul.gob.ar\/?s={search_term_string}"},"query-input":{"@type":"PropertyValueSpecification","valueRequired":true,"valueName":"search_term_string"}}],"inLanguage":"es-AR"},{"@type":"Person","@id":"http:\/\/concejodeliberantedeazul.gob.ar\/#\/schema\/person\/65fd6514aee7c29f008fc53b206198fe","name":"Concejo Deliberante Azul","image":{"@type":"ImageObject","inLanguage":"es-AR","@id":"https:\/\/secure.gravatar.com\/avatar\/30d9ae907861b897be87a25469982f0cfbce09947e0998bf7d9d0ecab450fb85?s=96&d=mm&r=g","url":"https:\/\/secure.gravatar.com\/avatar\/30d9ae907861b897be87a25469982f0cfbce09947e0998bf7d9d0ecab450fb85?s=96&d=mm&r=g","contentUrl":"https:\/\/secure.gravatar.com\/avatar\/30d9ae907861b897be87a25469982f0cfbce09947e0998bf7d9d0ecab450fb85?s=96&d=mm&r=g","caption":"Concejo Deliberante Azul"},"url":"http:\/\/concejodeliberantedeazul.gob.ar\/index.php\/author\/concejo\/"}]}},"amp_enabled":true,"_links":{"self":[{"href":"http:\/\/concejodeliberantedeazul.gob.ar\/index.php\/wp-json\/wp\/v2\/posts\/2042","targetHints":{"allow":["GET"]}}],"collection":[{"href":"http:\/\/concejodeliberantedeazul.gob.ar\/index.php\/wp-json\/wp\/v2\/posts"}],"about":[{"href":"http:\/\/concejodeliberantedeazul.gob.ar\/index.php\/wp-json\/wp\/v2\/types\/post"}],"author":[{"embeddable":true,"href":"http:\/\/concejodeliberantedeazul.gob.ar\/index.php\/wp-json\/wp\/v2\/users\/2"}],"replies":[{"embeddable":true,"href":"http:\/\/concejodeliberantedeazul.gob.ar\/index.php\/wp-json\/wp\/v2\/comments?post=2042"}],"version-history":[{"count":3,"href":"http:\/\/concejodeliberantedeazul.gob.ar\/index.php\/wp-json\/wp\/v2\/posts\/2042\/revisions"}],"predecessor-version":[{"id":2046,"href":"http:\/\/concejodeliberantedeazul.gob.ar\/index.php\/wp-json\/wp\/v2\/posts\/2042\/revisions\/2046"}],"wp:featuredmedia":[{"embeddable":true,"href":"http:\/\/concejodeliberantedeazul.gob.ar\/index.php\/wp-json\/wp\/v2\/media\/2043"}],"wp:attachment":[{"href":"http:\/\/concejodeliberantedeazul.gob.ar\/index.php\/wp-json\/wp\/v2\/media?parent=2042"}],"wp:term":[{"taxonomy":"category","embeddable":true,"href":"http:\/\/concejodeliberantedeazul.gob.ar\/index.php\/wp-json\/wp\/v2\/categories?post=2042"},{"taxonomy":"post_tag","embeddable":true,"href":"http:\/\/concejodeliberantedeazul.gob.ar\/index.php\/wp-json\/wp\/v2\/tags?post=2042"}],"curies":[{"name":"wp","href":"https:\/\/api.w.org\/{rel}","templated":true}]}}