{"id":2040,"date":"2023-04-03T10:29:30","date_gmt":"2023-04-03T13:29:30","guid":{"rendered":"http:\/\/concejodeliberantedeazul.gob.ar\/?p=2040"},"modified":"2023-04-03T10:29:32","modified_gmt":"2023-04-03T13:29:32","slug":"tercera-sesion-ordinaria","status":"publish","type":"post","link":"http:\/\/concejodeliberantedeazul.gob.ar\/index.php\/2023\/04\/03\/tercera-sesion-ordinaria\/","title":{"rendered":"<strong>Tercera Sesi\u00f3n Ordinaria<\/strong>"},"content":{"rendered":"\n<p>Este martes, a partir de las 17.30, se llevar\u00e1 a cabo en el recinto del Concejo Deliberante la Tercera Sesi\u00f3n Ordinaria, ejercicio 2023.<\/p>\n\n\n\n<p>Durante la jornada, los concejales dar\u00e1n tratamiento a un Orden del D\u00eda compuesto por m\u00e1s de 30 puntos entre los que se destacan: proyectos de los diferentes bloques; despachos de las comisiones permanentes del Cuerpo; expedientes elevados por el Intendente y notas recibidas por vecinos e instituciones del partido de Azul.<\/p>\n\n\n\n<ol class=\"wp-block-list\" type=\"1\">\n<li>Aprobaci\u00f3n del acta correspondiente a la D\u00e9cima Octava Sesi\u00f3n Ordinaria del ejercicio 2022.<\/li>\n<\/ol>\n\n\n\n<ul class=\"wp-block-list\">\n<li>Lectura de Notas Recibidas.<\/li>\n<\/ul>\n\n\n\n<p><strong>Expedientes elevados por el Intendente Municipal:<\/strong><\/p>\n\n\n\n<ul class=\"wp-block-list\">\n<li>Elev\u00f3 actuaciones iniciadas por CEAL, con proyecto de Ordenanza referido a autorizar al Departamento Ejecutivo a suscribir un convenio de cesi\u00f3n definitiva de fondos utilizados para la realizaci\u00f3n de obras de alumbrado p\u00fablico llevadas a cabo por la mencionada cooperativa.<\/li>\n\n\n\n<li>Elev\u00f3 actuaciones iniciadas por la Secretar\u00eda de Gobierno, con proyecto de Convenio Marco de Cooperaci\u00f3n a suscribir entre la Municipalidad de Azul y STREAMBE SRL, que tiene como objetivo promover, difundir e implementar en el \u00e1mbito municipal un r\u00e9gimen de pasant\u00edas no rentadas (pr\u00e1cticas profesionalizantes) para j\u00f3venes que se encuentren en el \u00faltimo a\u00f1o del secundario, a los fines de que adquieran conocimientos en materia de programaci\u00f3n de alta demanda en el \u00e1mbito laboral.<\/li>\n\n\n\n<li>Elev\u00f3 proyecto de Ordenanza referido a convalidar el Decreto N\u00b0 504\/2023, por el cual el Departamento Ejecutivo aprobara la Licitaci\u00f3n Privada N\u00b0 10\/2023 para la adquisici\u00f3n de alimentos destinados a distintas familias asistidas por la Secretar\u00eda de Desarrollo Humano y Abordaje Integral, para los meses de marzo y abril; y adjudicara la misma al proveedor Ricardo Oscar TREPICIO.<\/li>\n\n\n\n<li>Elev\u00f3 proyecto de Ordenanza referido a convalidar el Decreto N\u00b0 489\/2023, por el cual el Departamento Ejecutivo aprobara la Licitaci\u00f3n P\u00fablica N\u00b0 5\/2023 para la adquisici\u00f3n de ox\u00edgeno medicinal, di\u00f3xido de carbono y nitr\u00f3geno con destino a los hospitales municipales y CAPS del partido de Azul, por el periodo 1\u00b0 de marzo al 31 de diciembre de 2023; y adjudicara la misma al proveedor AIR LIQUIDE ARGENTINA S.A.<\/li>\n\n\n\n<li>Elev\u00f3 proyecto de Ordenanza referido a convalidar el Decreto N\u00b0 524\/2023, por el cual el Departamento Ejecutivo aprobara la Licitaci\u00f3n P\u00fablica N\u00b0 4\/2023 para la contrataci\u00f3n del Servicio de Recolecci\u00f3n, Transporte y Disposici\u00f3n Final de Residuos Patog\u00e9nicos para los hospitales municipales y CAPS del partido de Azul, desde el 1\u00b0 de marzo al 31 de diciembre de 2023; y adjudicara la misma al proveedor HIMA Gesti\u00f3n Ambiental S.A.<\/li>\n\n\n\n<li>Elev\u00f3 proyecto de Ordenanza referido a convalidar el Decreto N\u00b0 539\/2023, por el cual el Departamento Ejecutivo aprobara la Licitaci\u00f3n P\u00fablica N\u00b0 3\/2023 para la ejecuci\u00f3n de la obra \u201cServicio de Mantenimiento Anual de Caminos Rurales, Zona I, Partido de Azul, Provincia de Buenos Aires\u201d; y adjudicara la misma a la firma Maximiliano Andr\u00e9s BORDAKEWICZ.<\/li>\n\n\n\n<li>Elev\u00f3 actuaciones iniciadas por la Subdirecci\u00f3n Gesti\u00f3n de Patrimonio, con proyecto de Ordenanza referido a autorizar al Departamento Ejecutivo a aceptar la donaci\u00f3n de bienes destinados al hospital municipal \u201cDr. \u00c1ngel Pintos\u201d.<\/li>\n<\/ul>\n\n\n\n<p><strong>Despachos de las diferentes Comisiones:<\/strong><\/p>\n\n\n\n<ol class=\"wp-block-list\" type=\"1\">\n<li>Despacho de la comisi\u00f3n de presupuesto y hacienda aconsejando la aprobaci\u00f3n del proyecto de Ordenanza referido a autorizar al Departamento Ejecutivo a registrar como deuda parcial y pagar como gasto de ejercicios anteriores \u2013 ejercicio 2020, en favor del proveedor OCA, el importe correspondiente en concepto de prestaci\u00f3n del servicio de distribuci\u00f3n especializada para el hospital municipal \u201cDr. \u00c1ngel Pintos\u201d.<\/li>\n\n\n\n<li>Despacho de la comisi\u00f3n de presupuesto y hacienda aconsejando la aprobaci\u00f3n del proyecto de Ordenanza referido a autorizar al Departamento Ejecutivo a registrar como deuda parcial y pagar como gasto de ejercicios anteriores \u2013 ejercicio 2021, en favor del proveedor OCA, el importe correspondiente en concepto de servicio de env\u00edos postales.<\/li>\n\n\n\n<li>Despacho de la comisi\u00f3n de presupuesto y hacienda aconsejando la aprobaci\u00f3n del proyecto de Ordenanza referido a autorizar al Departamento Ejecutivo a dar de baja definitiva del patrimonio municipal, por robo, elemento perteneciente al \u00e1rea de Saneamiento.<\/li>\n\n\n\n<li>Despacho de la comisi\u00f3n de presupuesto y hacienda aconsejando la aprobaci\u00f3n del proyecto de Ordenanza referido a autorizar al Departamento Ejecutivo a dar de baja definitiva del patrimonio municipal, por robo, elementos pertenecientes al \u00e1rea de Saneamiento.<\/li>\n\n\n\n<li>Despacho de la comisi\u00f3n de presupuesto y hacienda aconsejando la aprobaci\u00f3n del proyecto de Ordenanza referido a autorizar al Departamento Ejecutivo a dar de baja definitiva del patrimonio municipal, por robo, elementos pertenecientes a la oficina de Empleo.<\/li>\n\n\n\n<li>Despacho de la comisi\u00f3n de presupuesto y hacienda aconsejando la aprobaci\u00f3n del proyecto de Ordenanza referido a autorizar al Departamento Ejecutivo a aceptar la donaci\u00f3n de un bien destinado al museo municipal de arte \u201cL\u00f3pez Claro\u201d.<\/li>\n\n\n\n<li>Despacho de la comisi\u00f3n de presupuesto y hacienda aconsejando la aprobaci\u00f3n del proyecto de Ordenanza referido a autorizar al Departamento Ejecutivo a aceptar la donaci\u00f3n de un bien destinado al centro cultural \u201cSoles y Fogatas\u201d.<\/li>\n\n\n\n<li>Despacho de la comisi\u00f3n de obras p\u00fablicas, vialidad y transporte, con proyecto de Comunicaci\u00f3n referido a solicitar al Departamento Ejecutivo que informe sobre posibilidad de ampliaci\u00f3n de la red de agua potable hacia la zona de \u201cVilla Piazza Sur\u201d.<\/li>\n\n\n\n<li>Despacho de la comisi\u00f3n de obras p\u00fablicas, vialidad y transporte, con proyecto de Comunicaci\u00f3n referido a solicitar al Departamento Ejecutivo que garantice los servicios esenciales faltantes de agua y cloacas a los vecinos de la zona de calles Jujuy entre Mujica y calle 2.<\/li>\n\n\n\n<li>Despacho de la comisi\u00f3n de obras p\u00fablicas, vialidad y transporte, con proyecto de Resoluci\u00f3n referido a girar las presentes actuaciones al Departamento Ejecutivo para que eval\u00fae e informe sobre la factibilidad de lo solicitado por la Escuela de Educaci\u00f3n Secundaria N\u00b0 9 \u201cAlmafuerte\u201d relacionado a la construcci\u00f3n de una senda peatonal y colocaci\u00f3n de carteler\u00eda.<\/li>\n\n\n\n<li>Despacho de la comisi\u00f3n de presupuesto y haciendaaconsejando el archivo de las presentes actuaciones (CEAL AGUA. Eleva presupuesto 2022 de Obras Sanitarias).<\/li>\n\n\n\n<li>Despacho de la comisi\u00f3n de obras p\u00fablicas, vialidad y transporte aconsejando el archivo de las presentes actuaciones (CONCEJALES DEL PARTIDO DE AZUL. Elevan proyecto de Comunicaci\u00f3n referido a solicitar a la Presidencia del Cuerpo que convoque al titular de la sede Azul de la empresa Camuzzi Gas Pampeana S.A. a los efectos de tener una reuni\u00f3n para abordar el tema del robo de flexibles de los gabinetes medidores de gas).<\/li>\n<\/ol>\n\n\n\n<p><strong>Proyecto de los diferentes bloques:<\/strong><\/p>\n\n\n\n<ul class=\"wp-block-list\">\n<li>Bloque Pro elev\u00f3 proyecto de Ordenanza referido a Instituir el sistema de Consulta Popular no vinculante para la elecci\u00f3n de Delegados municipales.<\/li>\n\n\n\n<li>Concejales del partido de Azul elevaron proyecto de Resoluci\u00f3n referido a declarar de Inter\u00e9s Educativo y Comunitario el libro del escritor azule\u00f1o Eduardo Ag\u00fcero Mielhuerry denominado \u201cAzul, siempre Azul: Peque\u00f1as grandes historias\u201d.<\/li>\n\n\n\n<li>Bloque Nuevo Azul elev\u00f3 proyecto de Ordenanza relacionado con obras de pavimento planificadas y no ejecutadas.<\/li>\n\n\n\n<li>Bloque Nuevo Azul elev\u00f3 proyecto de Resoluci\u00f3n referido a manifestar la relevancia estructural del proyecto de Ley para crear el partido y la ciudad de Chillar.<\/li>\n\n\n\n<li>&nbsp;Bloque Nuevo Azul elev\u00f3 proyecto de Comunicaci\u00f3n relacionado con obras de asfalto, alumbrado p\u00fablico y se\u00f1alizaci\u00f3n en el barrio \u201cVilla Piazza Norte\u201d.<\/li>\n\n\n\n<li>Bloque UCR Evoluci\u00f3n elev\u00f3 proyecto de Comunicaci\u00f3n relacionado con el funcionamiento del Cementerio municipal.<\/li>\n\n\n\n<li>Integrantes del bloque Frente de Todos elevaron un proyecto de Comunicaci\u00f3n solicitando informe con relaci\u00f3n a la obra de 56 cuadras de cord\u00f3n cuneta presupuestada para el 2023.<\/li>\n\n\n\n<li>Bloque Juntos-Gen elev\u00f3 proyecto de Comunicaci\u00f3n solicitando informe con respecto a la planificaci\u00f3n de mejoras en la Terminal de \u00d3mnibus de la ciudad de Azul.<\/li>\n\n\n\n<li>Bloque UCR Evoluci\u00f3n elev\u00f3 proyecto de Ordenanza referido a crear el Sistema de Identificaci\u00f3n de Tranqueras, a aplicarse en la zona rural del partido de Azul.<\/li>\n\n\n\n<li>Integrantes del bloque Frente de Todos elevaron proyecto de Comunicaci\u00f3n referido a solicitar al Departamento Ejecutivo que, en cumplimiento de la Ordenanza 4.750, dise\u00f1e un programa para ordenar el tratamiento, transporte y disposici\u00f3n final de residuos de poda y jardiner\u00eda para el aprovechamiento de los mismos; brindar informaci\u00f3n sobre la chipeadora municipal y sobre el resultado de la Licitaci\u00f3n P\u00fablica N\u00b0 2\/2023.<\/li>\n\n\n\n<li>Concejales del Partido de Azul elevaron proyecto de Resoluci\u00f3n referido a crear, en el \u00e1mbito del Concejo Deliberante del partido de Azul, la Comisi\u00f3n para la Defensa, Promoci\u00f3n y el Desarrollo Estrat\u00e9gico de FANAZUL.<\/li>\n<\/ul>\n\n\n\n<p><strong>Notas recibidas<\/strong><\/p>\n\n\n\n<ol class=\"wp-block-list\" type=\"1\">\n<li>Vecino Blanchard Napole\u00f3n elev\u00f3 nota relacionada con el reclamo realizado ante el Departamento Ejecutivo para que realice obras h\u00eddricas y viales en calle Arenales entre Santo Glorioso y O\u2019Connor.<\/li>\n\n\n\n<li>Director Carrera Trabajo Social-UNICEN Y Presidenta CATSBA Azul elevaron nota solicitando se declare de inter\u00e9s el V Encuentro Latinoamericano de Profesionales y Estudiantes de Trabajo Social y V Congreso Nacional de Trabajo Social, que se llevar\u00e1n a cabo del 18 al 20 de mayo en la ciudad de Tandil.<\/li>\n<\/ol>\n\n\n\n<p><strong>Resoluciones de otros concejos<\/strong><\/p>\n\n\n\n<ul class=\"wp-block-list\">\n<li>Resoluci\u00f3n N\u00aa 37\/2023. H.C.D. Coronel Rosales.Mediante la cual se le solicita al Gobernador de la Pcia. de Bs As. que tenga a bien derogar el protocolo que permite el uso de tel\u00e9fonos celulares por parte de personas privadas de la libertad, en el Servicio Penitenciario Bonaerense.<\/li>\n<\/ul>\n\n\n\n<p><strong>Informes<\/strong><\/p>\n\n\n\n<ul class=\"wp-block-list\">\n<li>Informes de los Juzgados de Faltas N\u00ba 1 y N\u00ba 2 del partido de Azul correspondientes al mes de febrero de 2023, de conformidad a la Ordenanza N\u00ba 4.492\/2020 \u2013 C\u00f3digo Municipal de Faltas. <strong><u><\/u><\/strong><\/li>\n<\/ul>\n","protected":false},"excerpt":{"rendered":"<p>Este martes, a partir de las 17.30, se llevar\u00e1 a cabo en el recinto del Concejo Deliberante la Tercera Sesi\u00f3n Ordinaria, ejercicio 2023. Durante la jornada, los concejales dar\u00e1n tratamiento a un Orden del D\u00eda compuesto por m\u00e1s de 30 puntos entre los que se destacan: proyectos de los diferentes bloques; despachos de las comisiones [&hellip;]<\/p>\n","protected":false},"author":2,"featured_media":1963,"comment_status":"open","ping_status":"open","sticky":false,"template":"","format":"standard","meta":{"tdm_status":"","tdm_grid_status":"","footnotes":""},"categories":[7],"tags":[],"class_list":{"0":"post-2040","1":"post","2":"type-post","3":"status-publish","4":"format-standard","5":"has-post-thumbnail","7":"category-noticias"},"yoast_head":"<!-- This site is optimized with the Yoast SEO plugin v27.3 - https:\/\/yoast.com\/product\/yoast-seo-wordpress\/ -->\n<title>Tercera Sesi\u00f3n Ordinaria - Concejo deliberante de Azul<\/title>\n<meta name=\"robots\" content=\"index, follow, max-snippet:-1, max-image-preview:large, max-video-preview:-1\" \/>\n<link rel=\"canonical\" href=\"https:\/\/concejodeliberantedeazul.gob.ar\/index.php\/2023\/04\/03\/tercera-sesion-ordinaria\/\" \/>\n<meta property=\"og:locale\" content=\"es_ES\" \/>\n<meta property=\"og:type\" content=\"article\" \/>\n<meta property=\"og:title\" content=\"Tercera Sesi\u00f3n Ordinaria - Concejo deliberante de Azul\" \/>\n<meta property=\"og:description\" content=\"Este martes, a partir de las 17.30, se llevar\u00e1 a cabo en el recinto del Concejo Deliberante la Tercera Sesi\u00f3n Ordinaria, ejercicio 2023. Durante la jornada, los concejales dar\u00e1n tratamiento a un Orden del D\u00eda compuesto por m\u00e1s de 30 puntos entre los que se destacan: proyectos de los diferentes bloques; despachos de las comisiones [&hellip;]\" \/>\n<meta property=\"og:url\" content=\"https:\/\/concejodeliberantedeazul.gob.ar\/index.php\/2023\/04\/03\/tercera-sesion-ordinaria\/\" \/>\n<meta property=\"og:site_name\" content=\"Concejo deliberante de Azul\" \/>\n<meta property=\"article:published_time\" content=\"2023-04-03T13:29:30+00:00\" \/>\n<meta property=\"article:modified_time\" content=\"2023-04-03T13:29:32+00:00\" \/>\n<meta property=\"og:image\" content=\"https:\/\/concejodeliberantedeazul.gob.ar\/wp-content\/uploads\/2023\/03\/Autoridades-02-scaled.jpg\" \/>\n\t<meta property=\"og:image:width\" content=\"2560\" \/>\n\t<meta property=\"og:image:height\" content=\"1624\" \/>\n\t<meta property=\"og:image:type\" content=\"image\/jpeg\" \/>\n<meta name=\"author\" content=\"Concejo Deliberante Azul\" \/>\n<meta name=\"twitter:card\" content=\"summary_large_image\" \/>\n<meta name=\"twitter:label1\" content=\"Escrito por\" \/>\n\t<meta name=\"twitter:data1\" content=\"Concejo Deliberante Azul\" \/>\n\t<meta name=\"twitter:label2\" content=\"Tiempo de lectura\" \/>\n\t<meta name=\"twitter:data2\" content=\"7 minutos\" \/>\n<script type=\"application\/ld+json\" class=\"yoast-schema-graph\">{\"@context\":\"https:\\\/\\\/schema.org\",\"@graph\":[{\"@type\":\"Article\",\"@id\":\"https:\\\/\\\/concejodeliberantedeazul.gob.ar\\\/index.php\\\/2023\\\/04\\\/03\\\/tercera-sesion-ordinaria\\\/#article\",\"isPartOf\":{\"@id\":\"https:\\\/\\\/concejodeliberantedeazul.gob.ar\\\/index.php\\\/2023\\\/04\\\/03\\\/tercera-sesion-ordinaria\\\/\"},\"author\":{\"name\":\"Concejo Deliberante Azul\",\"@id\":\"http:\\\/\\\/concejodeliberantedeazul.gob.ar\\\/#\\\/schema\\\/person\\\/65fd6514aee7c29f008fc53b206198fe\"},\"headline\":\"Tercera Sesi\u00f3n Ordinaria\",\"datePublished\":\"2023-04-03T13:29:30+00:00\",\"dateModified\":\"2023-04-03T13:29:32+00:00\",\"mainEntityOfPage\":{\"@id\":\"https:\\\/\\\/concejodeliberantedeazul.gob.ar\\\/index.php\\\/2023\\\/04\\\/03\\\/tercera-sesion-ordinaria\\\/\"},\"wordCount\":1592,\"commentCount\":0,\"image\":{\"@id\":\"https:\\\/\\\/concejodeliberantedeazul.gob.ar\\\/index.php\\\/2023\\\/04\\\/03\\\/tercera-sesion-ordinaria\\\/#primaryimage\"},\"thumbnailUrl\":\"http:\\\/\\\/concejodeliberantedeazul.gob.ar\\\/wp-content\\\/uploads\\\/2023\\\/03\\\/Autoridades-02-scaled.jpg\",\"articleSection\":[\"Noticias\"],\"inLanguage\":\"es-AR\",\"potentialAction\":[{\"@type\":\"CommentAction\",\"name\":\"Comment\",\"target\":[\"https:\\\/\\\/concejodeliberantedeazul.gob.ar\\\/index.php\\\/2023\\\/04\\\/03\\\/tercera-sesion-ordinaria\\\/#respond\"]}]},{\"@type\":\"WebPage\",\"@id\":\"https:\\\/\\\/concejodeliberantedeazul.gob.ar\\\/index.php\\\/2023\\\/04\\\/03\\\/tercera-sesion-ordinaria\\\/\",\"url\":\"https:\\\/\\\/concejodeliberantedeazul.gob.ar\\\/index.php\\\/2023\\\/04\\\/03\\\/tercera-sesion-ordinaria\\\/\",\"name\":\"Tercera Sesi\u00f3n Ordinaria - Concejo deliberante de Azul\",\"isPartOf\":{\"@id\":\"http:\\\/\\\/concejodeliberantedeazul.gob.ar\\\/#website\"},\"primaryImageOfPage\":{\"@id\":\"https:\\\/\\\/concejodeliberantedeazul.gob.ar\\\/index.php\\\/2023\\\/04\\\/03\\\/tercera-sesion-ordinaria\\\/#primaryimage\"},\"image\":{\"@id\":\"https:\\\/\\\/concejodeliberantedeazul.gob.ar\\\/index.php\\\/2023\\\/04\\\/03\\\/tercera-sesion-ordinaria\\\/#primaryimage\"},\"thumbnailUrl\":\"http:\\\/\\\/concejodeliberantedeazul.gob.ar\\\/wp-content\\\/uploads\\\/2023\\\/03\\\/Autoridades-02-scaled.jpg\",\"datePublished\":\"2023-04-03T13:29:30+00:00\",\"dateModified\":\"2023-04-03T13:29:32+00:00\",\"author\":{\"@id\":\"http:\\\/\\\/concejodeliberantedeazul.gob.ar\\\/#\\\/schema\\\/person\\\/65fd6514aee7c29f008fc53b206198fe\"},\"breadcrumb\":{\"@id\":\"https:\\\/\\\/concejodeliberantedeazul.gob.ar\\\/index.php\\\/2023\\\/04\\\/03\\\/tercera-sesion-ordinaria\\\/#breadcrumb\"},\"inLanguage\":\"es-AR\",\"potentialAction\":[{\"@type\":\"ReadAction\",\"target\":[\"https:\\\/\\\/concejodeliberantedeazul.gob.ar\\\/index.php\\\/2023\\\/04\\\/03\\\/tercera-sesion-ordinaria\\\/\"]}]},{\"@type\":\"ImageObject\",\"inLanguage\":\"es-AR\",\"@id\":\"https:\\\/\\\/concejodeliberantedeazul.gob.ar\\\/index.php\\\/2023\\\/04\\\/03\\\/tercera-sesion-ordinaria\\\/#primaryimage\",\"url\":\"http:\\\/\\\/concejodeliberantedeazul.gob.ar\\\/wp-content\\\/uploads\\\/2023\\\/03\\\/Autoridades-02-scaled.jpg\",\"contentUrl\":\"http:\\\/\\\/concejodeliberantedeazul.gob.ar\\\/wp-content\\\/uploads\\\/2023\\\/03\\\/Autoridades-02-scaled.jpg\",\"width\":2560,\"height\":1624},{\"@type\":\"BreadcrumbList\",\"@id\":\"https:\\\/\\\/concejodeliberantedeazul.gob.ar\\\/index.php\\\/2023\\\/04\\\/03\\\/tercera-sesion-ordinaria\\\/#breadcrumb\",\"itemListElement\":[{\"@type\":\"ListItem\",\"position\":1,\"name\":\"Inicio\",\"item\":\"https:\\\/\\\/concejodeliberantedeazul.gob.ar\\\/\"},{\"@type\":\"ListItem\",\"position\":2,\"name\":\"Tercera Sesi\u00f3n Ordinaria\"}]},{\"@type\":\"WebSite\",\"@id\":\"http:\\\/\\\/concejodeliberantedeazul.gob.ar\\\/#website\",\"url\":\"http:\\\/\\\/concejodeliberantedeazul.gob.ar\\\/\",\"name\":\"Concejo deliberante de Azul\",\"description\":\"Sitio Web Oficial del Concejo Deliberante de Azul, Prov. de Buenos Aires - Conformado por 18 concejales de todo el partido.\",\"potentialAction\":[{\"@type\":\"SearchAction\",\"target\":{\"@type\":\"EntryPoint\",\"urlTemplate\":\"http:\\\/\\\/concejodeliberantedeazul.gob.ar\\\/?s={search_term_string}\"},\"query-input\":{\"@type\":\"PropertyValueSpecification\",\"valueRequired\":true,\"valueName\":\"search_term_string\"}}],\"inLanguage\":\"es-AR\"},{\"@type\":\"Person\",\"@id\":\"http:\\\/\\\/concejodeliberantedeazul.gob.ar\\\/#\\\/schema\\\/person\\\/65fd6514aee7c29f008fc53b206198fe\",\"name\":\"Concejo Deliberante Azul\",\"image\":{\"@type\":\"ImageObject\",\"inLanguage\":\"es-AR\",\"@id\":\"https:\\\/\\\/secure.gravatar.com\\\/avatar\\\/30d9ae907861b897be87a25469982f0cfbce09947e0998bf7d9d0ecab450fb85?s=96&d=mm&r=g\",\"url\":\"https:\\\/\\\/secure.gravatar.com\\\/avatar\\\/30d9ae907861b897be87a25469982f0cfbce09947e0998bf7d9d0ecab450fb85?s=96&d=mm&r=g\",\"contentUrl\":\"https:\\\/\\\/secure.gravatar.com\\\/avatar\\\/30d9ae907861b897be87a25469982f0cfbce09947e0998bf7d9d0ecab450fb85?s=96&d=mm&r=g\",\"caption\":\"Concejo Deliberante Azul\"},\"url\":\"http:\\\/\\\/concejodeliberantedeazul.gob.ar\\\/index.php\\\/author\\\/concejo\\\/\"}]}<\/script>\n<!-- \/ Yoast SEO plugin. -->","yoast_head_json":{"title":"Tercera Sesi\u00f3n Ordinaria - Concejo deliberante de Azul","robots":{"index":"index","follow":"follow","max-snippet":"max-snippet:-1","max-image-preview":"max-image-preview:large","max-video-preview":"max-video-preview:-1"},"canonical":"https:\/\/concejodeliberantedeazul.gob.ar\/index.php\/2023\/04\/03\/tercera-sesion-ordinaria\/","og_locale":"es_ES","og_type":"article","og_title":"Tercera Sesi\u00f3n Ordinaria - Concejo deliberante de Azul","og_description":"Este martes, a partir de las 17.30, se llevar\u00e1 a cabo en el recinto del Concejo Deliberante la Tercera Sesi\u00f3n Ordinaria, ejercicio 2023. Durante la jornada, los concejales dar\u00e1n tratamiento a un Orden del D\u00eda compuesto por m\u00e1s de 30 puntos entre los que se destacan: proyectos de los diferentes bloques; despachos de las comisiones [&hellip;]","og_url":"https:\/\/concejodeliberantedeazul.gob.ar\/index.php\/2023\/04\/03\/tercera-sesion-ordinaria\/","og_site_name":"Concejo deliberante de Azul","article_published_time":"2023-04-03T13:29:30+00:00","article_modified_time":"2023-04-03T13:29:32+00:00","og_image":[{"width":2560,"height":1624,"url":"https:\/\/concejodeliberantedeazul.gob.ar\/wp-content\/uploads\/2023\/03\/Autoridades-02-scaled.jpg","type":"image\/jpeg"}],"author":"Concejo Deliberante Azul","twitter_card":"summary_large_image","twitter_misc":{"Escrito por":"Concejo Deliberante Azul","Tiempo de lectura":"7 minutos"},"schema":{"@context":"https:\/\/schema.org","@graph":[{"@type":"Article","@id":"https:\/\/concejodeliberantedeazul.gob.ar\/index.php\/2023\/04\/03\/tercera-sesion-ordinaria\/#article","isPartOf":{"@id":"https:\/\/concejodeliberantedeazul.gob.ar\/index.php\/2023\/04\/03\/tercera-sesion-ordinaria\/"},"author":{"name":"Concejo Deliberante Azul","@id":"http:\/\/concejodeliberantedeazul.gob.ar\/#\/schema\/person\/65fd6514aee7c29f008fc53b206198fe"},"headline":"Tercera Sesi\u00f3n Ordinaria","datePublished":"2023-04-03T13:29:30+00:00","dateModified":"2023-04-03T13:29:32+00:00","mainEntityOfPage":{"@id":"https:\/\/concejodeliberantedeazul.gob.ar\/index.php\/2023\/04\/03\/tercera-sesion-ordinaria\/"},"wordCount":1592,"commentCount":0,"image":{"@id":"https:\/\/concejodeliberantedeazul.gob.ar\/index.php\/2023\/04\/03\/tercera-sesion-ordinaria\/#primaryimage"},"thumbnailUrl":"http:\/\/concejodeliberantedeazul.gob.ar\/wp-content\/uploads\/2023\/03\/Autoridades-02-scaled.jpg","articleSection":["Noticias"],"inLanguage":"es-AR","potentialAction":[{"@type":"CommentAction","name":"Comment","target":["https:\/\/concejodeliberantedeazul.gob.ar\/index.php\/2023\/04\/03\/tercera-sesion-ordinaria\/#respond"]}]},{"@type":"WebPage","@id":"https:\/\/concejodeliberantedeazul.gob.ar\/index.php\/2023\/04\/03\/tercera-sesion-ordinaria\/","url":"https:\/\/concejodeliberantedeazul.gob.ar\/index.php\/2023\/04\/03\/tercera-sesion-ordinaria\/","name":"Tercera Sesi\u00f3n Ordinaria - Concejo deliberante de Azul","isPartOf":{"@id":"http:\/\/concejodeliberantedeazul.gob.ar\/#website"},"primaryImageOfPage":{"@id":"https:\/\/concejodeliberantedeazul.gob.ar\/index.php\/2023\/04\/03\/tercera-sesion-ordinaria\/#primaryimage"},"image":{"@id":"https:\/\/concejodeliberantedeazul.gob.ar\/index.php\/2023\/04\/03\/tercera-sesion-ordinaria\/#primaryimage"},"thumbnailUrl":"http:\/\/concejodeliberantedeazul.gob.ar\/wp-content\/uploads\/2023\/03\/Autoridades-02-scaled.jpg","datePublished":"2023-04-03T13:29:30+00:00","dateModified":"2023-04-03T13:29:32+00:00","author":{"@id":"http:\/\/concejodeliberantedeazul.gob.ar\/#\/schema\/person\/65fd6514aee7c29f008fc53b206198fe"},"breadcrumb":{"@id":"https:\/\/concejodeliberantedeazul.gob.ar\/index.php\/2023\/04\/03\/tercera-sesion-ordinaria\/#breadcrumb"},"inLanguage":"es-AR","potentialAction":[{"@type":"ReadAction","target":["https:\/\/concejodeliberantedeazul.gob.ar\/index.php\/2023\/04\/03\/tercera-sesion-ordinaria\/"]}]},{"@type":"ImageObject","inLanguage":"es-AR","@id":"https:\/\/concejodeliberantedeazul.gob.ar\/index.php\/2023\/04\/03\/tercera-sesion-ordinaria\/#primaryimage","url":"http:\/\/concejodeliberantedeazul.gob.ar\/wp-content\/uploads\/2023\/03\/Autoridades-02-scaled.jpg","contentUrl":"http:\/\/concejodeliberantedeazul.gob.ar\/wp-content\/uploads\/2023\/03\/Autoridades-02-scaled.jpg","width":2560,"height":1624},{"@type":"BreadcrumbList","@id":"https:\/\/concejodeliberantedeazul.gob.ar\/index.php\/2023\/04\/03\/tercera-sesion-ordinaria\/#breadcrumb","itemListElement":[{"@type":"ListItem","position":1,"name":"Inicio","item":"https:\/\/concejodeliberantedeazul.gob.ar\/"},{"@type":"ListItem","position":2,"name":"Tercera Sesi\u00f3n Ordinaria"}]},{"@type":"WebSite","@id":"http:\/\/concejodeliberantedeazul.gob.ar\/#website","url":"http:\/\/concejodeliberantedeazul.gob.ar\/","name":"Concejo deliberante de Azul","description":"Sitio Web Oficial del Concejo Deliberante de Azul, Prov. de Buenos Aires - Conformado por 18 concejales de todo el partido.","potentialAction":[{"@type":"SearchAction","target":{"@type":"EntryPoint","urlTemplate":"http:\/\/concejodeliberantedeazul.gob.ar\/?s={search_term_string}"},"query-input":{"@type":"PropertyValueSpecification","valueRequired":true,"valueName":"search_term_string"}}],"inLanguage":"es-AR"},{"@type":"Person","@id":"http:\/\/concejodeliberantedeazul.gob.ar\/#\/schema\/person\/65fd6514aee7c29f008fc53b206198fe","name":"Concejo Deliberante Azul","image":{"@type":"ImageObject","inLanguage":"es-AR","@id":"https:\/\/secure.gravatar.com\/avatar\/30d9ae907861b897be87a25469982f0cfbce09947e0998bf7d9d0ecab450fb85?s=96&d=mm&r=g","url":"https:\/\/secure.gravatar.com\/avatar\/30d9ae907861b897be87a25469982f0cfbce09947e0998bf7d9d0ecab450fb85?s=96&d=mm&r=g","contentUrl":"https:\/\/secure.gravatar.com\/avatar\/30d9ae907861b897be87a25469982f0cfbce09947e0998bf7d9d0ecab450fb85?s=96&d=mm&r=g","caption":"Concejo Deliberante Azul"},"url":"http:\/\/concejodeliberantedeazul.gob.ar\/index.php\/author\/concejo\/"}]}},"amp_enabled":true,"_links":{"self":[{"href":"http:\/\/concejodeliberantedeazul.gob.ar\/index.php\/wp-json\/wp\/v2\/posts\/2040","targetHints":{"allow":["GET"]}}],"collection":[{"href":"http:\/\/concejodeliberantedeazul.gob.ar\/index.php\/wp-json\/wp\/v2\/posts"}],"about":[{"href":"http:\/\/concejodeliberantedeazul.gob.ar\/index.php\/wp-json\/wp\/v2\/types\/post"}],"author":[{"embeddable":true,"href":"http:\/\/concejodeliberantedeazul.gob.ar\/index.php\/wp-json\/wp\/v2\/users\/2"}],"replies":[{"embeddable":true,"href":"http:\/\/concejodeliberantedeazul.gob.ar\/index.php\/wp-json\/wp\/v2\/comments?post=2040"}],"version-history":[{"count":1,"href":"http:\/\/concejodeliberantedeazul.gob.ar\/index.php\/wp-json\/wp\/v2\/posts\/2040\/revisions"}],"predecessor-version":[{"id":2041,"href":"http:\/\/concejodeliberantedeazul.gob.ar\/index.php\/wp-json\/wp\/v2\/posts\/2040\/revisions\/2041"}],"wp:featuredmedia":[{"embeddable":true,"href":"http:\/\/concejodeliberantedeazul.gob.ar\/index.php\/wp-json\/wp\/v2\/media\/1963"}],"wp:attachment":[{"href":"http:\/\/concejodeliberantedeazul.gob.ar\/index.php\/wp-json\/wp\/v2\/media?parent=2040"}],"wp:term":[{"taxonomy":"category","embeddable":true,"href":"http:\/\/concejodeliberantedeazul.gob.ar\/index.php\/wp-json\/wp\/v2\/categories?post=2040"},{"taxonomy":"post_tag","embeddable":true,"href":"http:\/\/concejodeliberantedeazul.gob.ar\/index.php\/wp-json\/wp\/v2\/tags?post=2040"}],"curies":[{"name":"wp","href":"https:\/\/api.w.org\/{rel}","templated":true}]}}