{"id":2009,"date":"2023-03-23T09:46:53","date_gmt":"2023-03-23T12:46:53","guid":{"rendered":"http:\/\/concejodeliberantedeazul.gob.ar\/?p=2009"},"modified":"2023-03-23T09:46:54","modified_gmt":"2023-03-23T12:46:54","slug":"primera-reunion-del-observatorio-vial-con-funcionarios-provinciales","status":"publish","type":"post","link":"http:\/\/concejodeliberantedeazul.gob.ar\/index.php\/2023\/03\/23\/primera-reunion-del-observatorio-vial-con-funcionarios-provinciales\/","title":{"rendered":"<strong>Primera reuni\u00f3n del Observatorio Vial con funcionarios provinciales<\/strong>"},"content":{"rendered":"\n<p>Con la presencia de funcionarios de la Direcci\u00f3n Provincial de Observatorio Vial, se realiz\u00f3 la primea reuni\u00f3n en el marco de la Ordenanza de Observatorio Vial del partido de Azul.<\/p>\n\n\n\n<p>Guillermina D\u00edaz y Bel\u00e9n \u00c1lvarez, funcionarias de la Direcci\u00f3n de Capacitaci\u00f3n y Enlace de Provincia, fueron recibidas en el Concejo Deliberante por la Presidenta, Mar\u00eda In\u00e9s Laurini; la Secretaria, Gisela Balda; la Prosecretaria Legislativa, Juliana Raffaelli y los concejales Jorge Ferrarello, Natalia Colome, Silvio Santill\u00e1n, Ver\u00f3nica Crisafulli, Lucio Mansilla, Graciela Bilello, Cecilia Mart\u00ednez, Juan Cacace, Paola Ficca y Cristina \u00c1lvarez. Adem\u00e1s, participaron de la jornada de trabajo integrantes del plenario de Comisiones Vecinales; Jefes de Bomberos de Azul, Cachari y Chillar y representantes de la Agencia de Seguridad Vial Provincial.<\/p>\n\n\n\n<p>En principio, la Presidenta del Cuerpo les explic\u00f3 a los presentes el alcance de la Ordenanza y los motivos que llevaron a convocar la reuni\u00f3n. En este sentido, explic\u00f3 que la Ordenanza estipula la creaci\u00f3n en el \u00e1mbito del partido de Azul del Observatorio de Seguridad Vial dedicado a analizar y a relevar los hechos vinculados con el entramado vial, su entorno, estructura y los usuarios de las v\u00edas p\u00fablicas con el objetivo de confeccionar, actualizar y aplicar un plan integral de educaci\u00f3n y seguridad que reduzca la tasa de siniestralidad en nuestro partido.<\/p>\n\n\n\n<p>Posteriormente, Guillermina D\u00edaz, Directora de Capacitaci\u00f3n y Enlace brind\u00f3 detalles del an\u00e1lisis que realizaron desde su \u00e1rea sobre los siniestros viales que ocurren en nuestro partido especificando datos sobre cantidad de eventos viales mensuales y anuales; el aumento de los mismos en determinados meses; los veh\u00edculos involucrados diferenciando entre autom\u00f3viles, motos u otros; tipo de siniestro, g\u00e9nero, rango etario, etc\u00e9tera. Cabe destacar, que el relevamiento que ellos realizan est\u00e1 vinculado con siniestros viales graves o v\u00edctimas fatales.<\/p>\n\n\n\n<p>Posteriormente, los integrantes de la mesa evacuaron dudas respecto a c\u00f3mo se puede implementar dicho Observatorio en nuestro partido; c\u00f3mo es el procedimiento; cu\u00e1les son las herramientas y c\u00f3mo se realiza el cruce de datos para la obtenci\u00f3n de resultados concretos. Se dialog\u00f3 sobre la necesidad de contar con un mapa real de la situaci\u00f3n del tr\u00e1nsito en nuestro partido que permita llevar adelante campa\u00f1as de concientizaci\u00f3n espec\u00edficas, entre otras herramientas de prevenci\u00f3n.<\/p>\n\n\n\n<p>Con el objetivo de avanzar en su implementaci\u00f3n, desde el \u00e1rea provincial ofrecieron capacitaci\u00f3n y asistencia para la concreci\u00f3n del Observatorio en nuestro partido.<\/p>\n","protected":false},"excerpt":{"rendered":"<p>Con la presencia de funcionarios de la Direcci\u00f3n Provincial de Observatorio Vial, se realiz\u00f3 la primea reuni\u00f3n en el marco de la Ordenanza de Observatorio Vial del partido de Azul. Guillermina D\u00edaz y Bel\u00e9n \u00c1lvarez, funcionarias de la Direcci\u00f3n de Capacitaci\u00f3n y Enlace de Provincia, fueron recibidas en el Concejo Deliberante por la Presidenta, Mar\u00eda [&hellip;]<\/p>\n","protected":false},"author":2,"featured_media":2010,"comment_status":"open","ping_status":"open","sticky":false,"template":"","format":"standard","meta":{"tdm_status":"","tdm_grid_status":"","footnotes":""},"categories":[7],"tags":[],"class_list":{"0":"post-2009","1":"post","2":"type-post","3":"status-publish","4":"format-standard","5":"has-post-thumbnail","7":"category-noticias"},"yoast_head":"<!-- This site is optimized with the Yoast SEO plugin v27.3 - https:\/\/yoast.com\/product\/yoast-seo-wordpress\/ -->\n<title>Primera reuni\u00f3n del Observatorio Vial con funcionarios provinciales - Concejo deliberante de Azul<\/title>\n<meta name=\"robots\" content=\"index, follow, max-snippet:-1, max-image-preview:large, max-video-preview:-1\" \/>\n<link rel=\"canonical\" href=\"http:\/\/concejodeliberantedeazul.gob.ar\/index.php\/2023\/03\/23\/primera-reunion-del-observatorio-vial-con-funcionarios-provinciales\/\" \/>\n<meta property=\"og:locale\" content=\"es_ES\" \/>\n<meta property=\"og:type\" content=\"article\" \/>\n<meta property=\"og:title\" content=\"Primera reuni\u00f3n del Observatorio Vial con funcionarios provinciales - Concejo deliberante de Azul\" \/>\n<meta property=\"og:description\" content=\"Con la presencia de funcionarios de la Direcci\u00f3n Provincial de Observatorio Vial, se realiz\u00f3 la primea reuni\u00f3n en el marco de la Ordenanza de Observatorio Vial del partido de Azul. Guillermina D\u00edaz y Bel\u00e9n \u00c1lvarez, funcionarias de la Direcci\u00f3n de Capacitaci\u00f3n y Enlace de Provincia, fueron recibidas en el Concejo Deliberante por la Presidenta, Mar\u00eda [&hellip;]\" \/>\n<meta property=\"og:url\" content=\"http:\/\/concejodeliberantedeazul.gob.ar\/index.php\/2023\/03\/23\/primera-reunion-del-observatorio-vial-con-funcionarios-provinciales\/\" \/>\n<meta property=\"og:site_name\" content=\"Concejo deliberante de Azul\" \/>\n<meta property=\"article:published_time\" content=\"2023-03-23T12:46:53+00:00\" \/>\n<meta property=\"article:modified_time\" content=\"2023-03-23T12:46:54+00:00\" \/>\n<meta property=\"og:image\" content=\"http:\/\/concejodeliberantedeazul.gob.ar\/wp-content\/uploads\/2023\/03\/23-03-2023-Observatorio-scaled.jpg\" \/>\n\t<meta property=\"og:image:width\" content=\"2560\" \/>\n\t<meta property=\"og:image:height\" content=\"2127\" \/>\n\t<meta property=\"og:image:type\" content=\"image\/jpeg\" \/>\n<meta name=\"author\" content=\"Concejo Deliberante Azul\" \/>\n<meta name=\"twitter:card\" content=\"summary_large_image\" \/>\n<meta name=\"twitter:label1\" content=\"Escrito por\" \/>\n\t<meta name=\"twitter:data1\" content=\"Concejo Deliberante Azul\" \/>\n\t<meta name=\"twitter:label2\" content=\"Tiempo de lectura\" \/>\n\t<meta name=\"twitter:data2\" content=\"2 minutos\" \/>\n<script type=\"application\/ld+json\" class=\"yoast-schema-graph\">{\"@context\":\"https:\\\/\\\/schema.org\",\"@graph\":[{\"@type\":\"Article\",\"@id\":\"http:\\\/\\\/concejodeliberantedeazul.gob.ar\\\/index.php\\\/2023\\\/03\\\/23\\\/primera-reunion-del-observatorio-vial-con-funcionarios-provinciales\\\/#article\",\"isPartOf\":{\"@id\":\"http:\\\/\\\/concejodeliberantedeazul.gob.ar\\\/index.php\\\/2023\\\/03\\\/23\\\/primera-reunion-del-observatorio-vial-con-funcionarios-provinciales\\\/\"},\"author\":{\"name\":\"Concejo Deliberante Azul\",\"@id\":\"http:\\\/\\\/concejodeliberantedeazul.gob.ar\\\/#\\\/schema\\\/person\\\/65fd6514aee7c29f008fc53b206198fe\"},\"headline\":\"Primera reuni\u00f3n del Observatorio Vial con funcionarios provinciales\",\"datePublished\":\"2023-03-23T12:46:53+00:00\",\"dateModified\":\"2023-03-23T12:46:54+00:00\",\"mainEntityOfPage\":{\"@id\":\"http:\\\/\\\/concejodeliberantedeazul.gob.ar\\\/index.php\\\/2023\\\/03\\\/23\\\/primera-reunion-del-observatorio-vial-con-funcionarios-provinciales\\\/\"},\"wordCount\":436,\"commentCount\":0,\"image\":{\"@id\":\"http:\\\/\\\/concejodeliberantedeazul.gob.ar\\\/index.php\\\/2023\\\/03\\\/23\\\/primera-reunion-del-observatorio-vial-con-funcionarios-provinciales\\\/#primaryimage\"},\"thumbnailUrl\":\"http:\\\/\\\/concejodeliberantedeazul.gob.ar\\\/wp-content\\\/uploads\\\/2023\\\/03\\\/23-03-2023-Observatorio-scaled.jpg\",\"articleSection\":[\"Noticias\"],\"inLanguage\":\"es-AR\",\"potentialAction\":[{\"@type\":\"CommentAction\",\"name\":\"Comment\",\"target\":[\"http:\\\/\\\/concejodeliberantedeazul.gob.ar\\\/index.php\\\/2023\\\/03\\\/23\\\/primera-reunion-del-observatorio-vial-con-funcionarios-provinciales\\\/#respond\"]}]},{\"@type\":\"WebPage\",\"@id\":\"http:\\\/\\\/concejodeliberantedeazul.gob.ar\\\/index.php\\\/2023\\\/03\\\/23\\\/primera-reunion-del-observatorio-vial-con-funcionarios-provinciales\\\/\",\"url\":\"http:\\\/\\\/concejodeliberantedeazul.gob.ar\\\/index.php\\\/2023\\\/03\\\/23\\\/primera-reunion-del-observatorio-vial-con-funcionarios-provinciales\\\/\",\"name\":\"Primera reuni\u00f3n del Observatorio Vial con funcionarios provinciales - Concejo deliberante de Azul\",\"isPartOf\":{\"@id\":\"http:\\\/\\\/concejodeliberantedeazul.gob.ar\\\/#website\"},\"primaryImageOfPage\":{\"@id\":\"http:\\\/\\\/concejodeliberantedeazul.gob.ar\\\/index.php\\\/2023\\\/03\\\/23\\\/primera-reunion-del-observatorio-vial-con-funcionarios-provinciales\\\/#primaryimage\"},\"image\":{\"@id\":\"http:\\\/\\\/concejodeliberantedeazul.gob.ar\\\/index.php\\\/2023\\\/03\\\/23\\\/primera-reunion-del-observatorio-vial-con-funcionarios-provinciales\\\/#primaryimage\"},\"thumbnailUrl\":\"http:\\\/\\\/concejodeliberantedeazul.gob.ar\\\/wp-content\\\/uploads\\\/2023\\\/03\\\/23-03-2023-Observatorio-scaled.jpg\",\"datePublished\":\"2023-03-23T12:46:53+00:00\",\"dateModified\":\"2023-03-23T12:46:54+00:00\",\"author\":{\"@id\":\"http:\\\/\\\/concejodeliberantedeazul.gob.ar\\\/#\\\/schema\\\/person\\\/65fd6514aee7c29f008fc53b206198fe\"},\"breadcrumb\":{\"@id\":\"http:\\\/\\\/concejodeliberantedeazul.gob.ar\\\/index.php\\\/2023\\\/03\\\/23\\\/primera-reunion-del-observatorio-vial-con-funcionarios-provinciales\\\/#breadcrumb\"},\"inLanguage\":\"es-AR\",\"potentialAction\":[{\"@type\":\"ReadAction\",\"target\":[\"http:\\\/\\\/concejodeliberantedeazul.gob.ar\\\/index.php\\\/2023\\\/03\\\/23\\\/primera-reunion-del-observatorio-vial-con-funcionarios-provinciales\\\/\"]}]},{\"@type\":\"ImageObject\",\"inLanguage\":\"es-AR\",\"@id\":\"http:\\\/\\\/concejodeliberantedeazul.gob.ar\\\/index.php\\\/2023\\\/03\\\/23\\\/primera-reunion-del-observatorio-vial-con-funcionarios-provinciales\\\/#primaryimage\",\"url\":\"http:\\\/\\\/concejodeliberantedeazul.gob.ar\\\/wp-content\\\/uploads\\\/2023\\\/03\\\/23-03-2023-Observatorio-scaled.jpg\",\"contentUrl\":\"http:\\\/\\\/concejodeliberantedeazul.gob.ar\\\/wp-content\\\/uploads\\\/2023\\\/03\\\/23-03-2023-Observatorio-scaled.jpg\",\"width\":2560,\"height\":2127},{\"@type\":\"BreadcrumbList\",\"@id\":\"http:\\\/\\\/concejodeliberantedeazul.gob.ar\\\/index.php\\\/2023\\\/03\\\/23\\\/primera-reunion-del-observatorio-vial-con-funcionarios-provinciales\\\/#breadcrumb\",\"itemListElement\":[{\"@type\":\"ListItem\",\"position\":1,\"name\":\"Inicio\",\"item\":\"https:\\\/\\\/concejodeliberantedeazul.gob.ar\\\/\"},{\"@type\":\"ListItem\",\"position\":2,\"name\":\"Primera reuni\u00f3n del Observatorio Vial con funcionarios provinciales\"}]},{\"@type\":\"WebSite\",\"@id\":\"http:\\\/\\\/concejodeliberantedeazul.gob.ar\\\/#website\",\"url\":\"http:\\\/\\\/concejodeliberantedeazul.gob.ar\\\/\",\"name\":\"Concejo deliberante de Azul\",\"description\":\"Sitio Web Oficial del Concejo Deliberante de Azul, Prov. de Buenos Aires - Conformado por 18 concejales de todo el partido.\",\"potentialAction\":[{\"@type\":\"SearchAction\",\"target\":{\"@type\":\"EntryPoint\",\"urlTemplate\":\"http:\\\/\\\/concejodeliberantedeazul.gob.ar\\\/?s={search_term_string}\"},\"query-input\":{\"@type\":\"PropertyValueSpecification\",\"valueRequired\":true,\"valueName\":\"search_term_string\"}}],\"inLanguage\":\"es-AR\"},{\"@type\":\"Person\",\"@id\":\"http:\\\/\\\/concejodeliberantedeazul.gob.ar\\\/#\\\/schema\\\/person\\\/65fd6514aee7c29f008fc53b206198fe\",\"name\":\"Concejo Deliberante Azul\",\"image\":{\"@type\":\"ImageObject\",\"inLanguage\":\"es-AR\",\"@id\":\"https:\\\/\\\/secure.gravatar.com\\\/avatar\\\/30d9ae907861b897be87a25469982f0cfbce09947e0998bf7d9d0ecab450fb85?s=96&d=mm&r=g\",\"url\":\"https:\\\/\\\/secure.gravatar.com\\\/avatar\\\/30d9ae907861b897be87a25469982f0cfbce09947e0998bf7d9d0ecab450fb85?s=96&d=mm&r=g\",\"contentUrl\":\"https:\\\/\\\/secure.gravatar.com\\\/avatar\\\/30d9ae907861b897be87a25469982f0cfbce09947e0998bf7d9d0ecab450fb85?s=96&d=mm&r=g\",\"caption\":\"Concejo Deliberante Azul\"},\"url\":\"http:\\\/\\\/concejodeliberantedeazul.gob.ar\\\/index.php\\\/author\\\/concejo\\\/\"}]}<\/script>\n<!-- \/ Yoast SEO plugin. -->","yoast_head_json":{"title":"Primera reuni\u00f3n del Observatorio Vial con funcionarios provinciales - Concejo deliberante de Azul","robots":{"index":"index","follow":"follow","max-snippet":"max-snippet:-1","max-image-preview":"max-image-preview:large","max-video-preview":"max-video-preview:-1"},"canonical":"http:\/\/concejodeliberantedeazul.gob.ar\/index.php\/2023\/03\/23\/primera-reunion-del-observatorio-vial-con-funcionarios-provinciales\/","og_locale":"es_ES","og_type":"article","og_title":"Primera reuni\u00f3n del Observatorio Vial con funcionarios provinciales - Concejo deliberante de Azul","og_description":"Con la presencia de funcionarios de la Direcci\u00f3n Provincial de Observatorio Vial, se realiz\u00f3 la primea reuni\u00f3n en el marco de la Ordenanza de Observatorio Vial del partido de Azul. Guillermina D\u00edaz y Bel\u00e9n \u00c1lvarez, funcionarias de la Direcci\u00f3n de Capacitaci\u00f3n y Enlace de Provincia, fueron recibidas en el Concejo Deliberante por la Presidenta, Mar\u00eda [&hellip;]","og_url":"http:\/\/concejodeliberantedeazul.gob.ar\/index.php\/2023\/03\/23\/primera-reunion-del-observatorio-vial-con-funcionarios-provinciales\/","og_site_name":"Concejo deliberante de Azul","article_published_time":"2023-03-23T12:46:53+00:00","article_modified_time":"2023-03-23T12:46:54+00:00","og_image":[{"width":2560,"height":2127,"url":"http:\/\/concejodeliberantedeazul.gob.ar\/wp-content\/uploads\/2023\/03\/23-03-2023-Observatorio-scaled.jpg","type":"image\/jpeg"}],"author":"Concejo Deliberante Azul","twitter_card":"summary_large_image","twitter_misc":{"Escrito por":"Concejo Deliberante Azul","Tiempo de lectura":"2 minutos"},"schema":{"@context":"https:\/\/schema.org","@graph":[{"@type":"Article","@id":"http:\/\/concejodeliberantedeazul.gob.ar\/index.php\/2023\/03\/23\/primera-reunion-del-observatorio-vial-con-funcionarios-provinciales\/#article","isPartOf":{"@id":"http:\/\/concejodeliberantedeazul.gob.ar\/index.php\/2023\/03\/23\/primera-reunion-del-observatorio-vial-con-funcionarios-provinciales\/"},"author":{"name":"Concejo Deliberante Azul","@id":"http:\/\/concejodeliberantedeazul.gob.ar\/#\/schema\/person\/65fd6514aee7c29f008fc53b206198fe"},"headline":"Primera reuni\u00f3n del Observatorio Vial con funcionarios provinciales","datePublished":"2023-03-23T12:46:53+00:00","dateModified":"2023-03-23T12:46:54+00:00","mainEntityOfPage":{"@id":"http:\/\/concejodeliberantedeazul.gob.ar\/index.php\/2023\/03\/23\/primera-reunion-del-observatorio-vial-con-funcionarios-provinciales\/"},"wordCount":436,"commentCount":0,"image":{"@id":"http:\/\/concejodeliberantedeazul.gob.ar\/index.php\/2023\/03\/23\/primera-reunion-del-observatorio-vial-con-funcionarios-provinciales\/#primaryimage"},"thumbnailUrl":"http:\/\/concejodeliberantedeazul.gob.ar\/wp-content\/uploads\/2023\/03\/23-03-2023-Observatorio-scaled.jpg","articleSection":["Noticias"],"inLanguage":"es-AR","potentialAction":[{"@type":"CommentAction","name":"Comment","target":["http:\/\/concejodeliberantedeazul.gob.ar\/index.php\/2023\/03\/23\/primera-reunion-del-observatorio-vial-con-funcionarios-provinciales\/#respond"]}]},{"@type":"WebPage","@id":"http:\/\/concejodeliberantedeazul.gob.ar\/index.php\/2023\/03\/23\/primera-reunion-del-observatorio-vial-con-funcionarios-provinciales\/","url":"http:\/\/concejodeliberantedeazul.gob.ar\/index.php\/2023\/03\/23\/primera-reunion-del-observatorio-vial-con-funcionarios-provinciales\/","name":"Primera reuni\u00f3n del Observatorio Vial con funcionarios provinciales - Concejo deliberante de Azul","isPartOf":{"@id":"http:\/\/concejodeliberantedeazul.gob.ar\/#website"},"primaryImageOfPage":{"@id":"http:\/\/concejodeliberantedeazul.gob.ar\/index.php\/2023\/03\/23\/primera-reunion-del-observatorio-vial-con-funcionarios-provinciales\/#primaryimage"},"image":{"@id":"http:\/\/concejodeliberantedeazul.gob.ar\/index.php\/2023\/03\/23\/primera-reunion-del-observatorio-vial-con-funcionarios-provinciales\/#primaryimage"},"thumbnailUrl":"http:\/\/concejodeliberantedeazul.gob.ar\/wp-content\/uploads\/2023\/03\/23-03-2023-Observatorio-scaled.jpg","datePublished":"2023-03-23T12:46:53+00:00","dateModified":"2023-03-23T12:46:54+00:00","author":{"@id":"http:\/\/concejodeliberantedeazul.gob.ar\/#\/schema\/person\/65fd6514aee7c29f008fc53b206198fe"},"breadcrumb":{"@id":"http:\/\/concejodeliberantedeazul.gob.ar\/index.php\/2023\/03\/23\/primera-reunion-del-observatorio-vial-con-funcionarios-provinciales\/#breadcrumb"},"inLanguage":"es-AR","potentialAction":[{"@type":"ReadAction","target":["http:\/\/concejodeliberantedeazul.gob.ar\/index.php\/2023\/03\/23\/primera-reunion-del-observatorio-vial-con-funcionarios-provinciales\/"]}]},{"@type":"ImageObject","inLanguage":"es-AR","@id":"http:\/\/concejodeliberantedeazul.gob.ar\/index.php\/2023\/03\/23\/primera-reunion-del-observatorio-vial-con-funcionarios-provinciales\/#primaryimage","url":"http:\/\/concejodeliberantedeazul.gob.ar\/wp-content\/uploads\/2023\/03\/23-03-2023-Observatorio-scaled.jpg","contentUrl":"http:\/\/concejodeliberantedeazul.gob.ar\/wp-content\/uploads\/2023\/03\/23-03-2023-Observatorio-scaled.jpg","width":2560,"height":2127},{"@type":"BreadcrumbList","@id":"http:\/\/concejodeliberantedeazul.gob.ar\/index.php\/2023\/03\/23\/primera-reunion-del-observatorio-vial-con-funcionarios-provinciales\/#breadcrumb","itemListElement":[{"@type":"ListItem","position":1,"name":"Inicio","item":"https:\/\/concejodeliberantedeazul.gob.ar\/"},{"@type":"ListItem","position":2,"name":"Primera reuni\u00f3n del Observatorio Vial con funcionarios provinciales"}]},{"@type":"WebSite","@id":"http:\/\/concejodeliberantedeazul.gob.ar\/#website","url":"http:\/\/concejodeliberantedeazul.gob.ar\/","name":"Concejo deliberante de Azul","description":"Sitio Web Oficial del Concejo Deliberante de Azul, Prov. de Buenos Aires - Conformado por 18 concejales de todo el partido.","potentialAction":[{"@type":"SearchAction","target":{"@type":"EntryPoint","urlTemplate":"http:\/\/concejodeliberantedeazul.gob.ar\/?s={search_term_string}"},"query-input":{"@type":"PropertyValueSpecification","valueRequired":true,"valueName":"search_term_string"}}],"inLanguage":"es-AR"},{"@type":"Person","@id":"http:\/\/concejodeliberantedeazul.gob.ar\/#\/schema\/person\/65fd6514aee7c29f008fc53b206198fe","name":"Concejo Deliberante Azul","image":{"@type":"ImageObject","inLanguage":"es-AR","@id":"https:\/\/secure.gravatar.com\/avatar\/30d9ae907861b897be87a25469982f0cfbce09947e0998bf7d9d0ecab450fb85?s=96&d=mm&r=g","url":"https:\/\/secure.gravatar.com\/avatar\/30d9ae907861b897be87a25469982f0cfbce09947e0998bf7d9d0ecab450fb85?s=96&d=mm&r=g","contentUrl":"https:\/\/secure.gravatar.com\/avatar\/30d9ae907861b897be87a25469982f0cfbce09947e0998bf7d9d0ecab450fb85?s=96&d=mm&r=g","caption":"Concejo Deliberante Azul"},"url":"http:\/\/concejodeliberantedeazul.gob.ar\/index.php\/author\/concejo\/"}]}},"amp_enabled":true,"_links":{"self":[{"href":"http:\/\/concejodeliberantedeazul.gob.ar\/index.php\/wp-json\/wp\/v2\/posts\/2009","targetHints":{"allow":["GET"]}}],"collection":[{"href":"http:\/\/concejodeliberantedeazul.gob.ar\/index.php\/wp-json\/wp\/v2\/posts"}],"about":[{"href":"http:\/\/concejodeliberantedeazul.gob.ar\/index.php\/wp-json\/wp\/v2\/types\/post"}],"author":[{"embeddable":true,"href":"http:\/\/concejodeliberantedeazul.gob.ar\/index.php\/wp-json\/wp\/v2\/users\/2"}],"replies":[{"embeddable":true,"href":"http:\/\/concejodeliberantedeazul.gob.ar\/index.php\/wp-json\/wp\/v2\/comments?post=2009"}],"version-history":[{"count":1,"href":"http:\/\/concejodeliberantedeazul.gob.ar\/index.php\/wp-json\/wp\/v2\/posts\/2009\/revisions"}],"predecessor-version":[{"id":2011,"href":"http:\/\/concejodeliberantedeazul.gob.ar\/index.php\/wp-json\/wp\/v2\/posts\/2009\/revisions\/2011"}],"wp:featuredmedia":[{"embeddable":true,"href":"http:\/\/concejodeliberantedeazul.gob.ar\/index.php\/wp-json\/wp\/v2\/media\/2010"}],"wp:attachment":[{"href":"http:\/\/concejodeliberantedeazul.gob.ar\/index.php\/wp-json\/wp\/v2\/media?parent=2009"}],"wp:term":[{"taxonomy":"category","embeddable":true,"href":"http:\/\/concejodeliberantedeazul.gob.ar\/index.php\/wp-json\/wp\/v2\/categories?post=2009"},{"taxonomy":"post_tag","embeddable":true,"href":"http:\/\/concejodeliberantedeazul.gob.ar\/index.php\/wp-json\/wp\/v2\/tags?post=2009"}],"curies":[{"name":"wp","href":"https:\/\/api.w.org\/{rel}","templated":true}]}}