{"id":1987,"date":"2023-03-15T11:57:06","date_gmt":"2023-03-15T14:57:06","guid":{"rendered":"http:\/\/concejodeliberantedeazul.gob.ar\/?p=1987"},"modified":"2023-03-15T11:57:07","modified_gmt":"2023-03-15T14:57:07","slug":"la-mesa-de-cannabis-medicinal-prepara-actividades-para-el-dia-internacional-del-cannabis","status":"publish","type":"post","link":"http:\/\/concejodeliberantedeazul.gob.ar\/index.php\/2023\/03\/15\/la-mesa-de-cannabis-medicinal-prepara-actividades-para-el-dia-internacional-del-cannabis\/","title":{"rendered":"<strong>La Mesa de Cannabis Medicinal prepara actividades para el D\u00eda Internacional del Cannabis<\/strong>"},"content":{"rendered":"\n<p>Con motivo de celebrarse en abril el D\u00eda Internacional del Cannabis, los integrantes de la Mesa Intersectorial de Cannabis Medicinal comenzaron a trabajar sobre las actividades que se realizar\u00e1n en alusi\u00f3n a la fecha.<\/p>\n\n\n\n<p>De la reuni\u00f3n participaron las concejalas Pilar \u00c1lvarez, Natalia Colome y Ver\u00f3nica Crisafulli; la Doctora Anal\u00eda Fortunato; representantes de la Asociaci\u00f3n Civil Cannabis Medicinal Azul; Colegio de Farmac\u00e9uticos; INTA y Facultad de Derecho.<\/p>\n\n\n\n<p>Teniendo como objetivo la visibilizaci\u00f3n y el acceso a la informaci\u00f3n de la comunidad en general, los integrantes de la Mesa realizar\u00e1n el pr\u00f3ximo 22 de abril una jornada de capacitaci\u00f3n sobre cannabis medicinal que contar\u00e1 con expositores, feriantes, m\u00fasica en vivo; entre otros.<\/p>\n\n\n\n<p>El pr\u00f3ximo mi\u00e9rcoles 22 de marzo se realizar\u00e1 una nueva reuni\u00f3n para confirmar lugar y horario que se informar\u00e1 en oportunidad.<\/p>\n","protected":false},"excerpt":{"rendered":"<p>Con motivo de celebrarse en abril el D\u00eda Internacional del Cannabis, los integrantes de la Mesa Intersectorial de Cannabis Medicinal comenzaron a trabajar sobre las actividades que se realizar\u00e1n en alusi\u00f3n a la fecha. De la reuni\u00f3n participaron las concejalas Pilar \u00c1lvarez, Natalia Colome y Ver\u00f3nica Crisafulli; la Doctora Anal\u00eda Fortunato; representantes de la Asociaci\u00f3n [&hellip;]<\/p>\n","protected":false},"author":2,"featured_media":1988,"comment_status":"open","ping_status":"open","sticky":false,"template":"","format":"standard","meta":{"tdm_status":"","tdm_grid_status":"","footnotes":""},"categories":[7],"tags":[],"class_list":{"0":"post-1987","1":"post","2":"type-post","3":"status-publish","4":"format-standard","5":"has-post-thumbnail","7":"category-noticias"},"yoast_head":"<!-- This site is optimized with the Yoast SEO plugin v27.3 - https:\/\/yoast.com\/product\/yoast-seo-wordpress\/ -->\n<title>La Mesa de Cannabis Medicinal prepara actividades para el D\u00eda Internacional del Cannabis - Concejo deliberante de Azul<\/title>\n<meta name=\"robots\" content=\"index, follow, max-snippet:-1, max-image-preview:large, max-video-preview:-1\" \/>\n<link rel=\"canonical\" href=\"http:\/\/concejodeliberantedeazul.gob.ar\/index.php\/2023\/03\/15\/la-mesa-de-cannabis-medicinal-prepara-actividades-para-el-dia-internacional-del-cannabis\/\" \/>\n<meta property=\"og:locale\" content=\"es_ES\" \/>\n<meta property=\"og:type\" content=\"article\" \/>\n<meta property=\"og:title\" content=\"La Mesa de Cannabis Medicinal prepara actividades para el D\u00eda Internacional del Cannabis - Concejo deliberante de Azul\" \/>\n<meta property=\"og:description\" content=\"Con motivo de celebrarse en abril el D\u00eda Internacional del Cannabis, los integrantes de la Mesa Intersectorial de Cannabis Medicinal comenzaron a trabajar sobre las actividades que se realizar\u00e1n en alusi\u00f3n a la fecha. De la reuni\u00f3n participaron las concejalas Pilar \u00c1lvarez, Natalia Colome y Ver\u00f3nica Crisafulli; la Doctora Anal\u00eda Fortunato; representantes de la Asociaci\u00f3n [&hellip;]\" \/>\n<meta property=\"og:url\" content=\"http:\/\/concejodeliberantedeazul.gob.ar\/index.php\/2023\/03\/15\/la-mesa-de-cannabis-medicinal-prepara-actividades-para-el-dia-internacional-del-cannabis\/\" \/>\n<meta property=\"og:site_name\" content=\"Concejo deliberante de Azul\" \/>\n<meta property=\"article:published_time\" content=\"2023-03-15T14:57:06+00:00\" \/>\n<meta property=\"article:modified_time\" content=\"2023-03-15T14:57:07+00:00\" \/>\n<meta property=\"og:image\" content=\"http:\/\/concejodeliberantedeazul.gob.ar\/wp-content\/uploads\/2023\/03\/15-03-2023-Cannabis-scaled.jpg\" \/>\n\t<meta property=\"og:image:width\" content=\"2560\" \/>\n\t<meta property=\"og:image:height\" content=\"1928\" \/>\n\t<meta property=\"og:image:type\" content=\"image\/jpeg\" \/>\n<meta name=\"author\" content=\"Concejo Deliberante Azul\" \/>\n<meta name=\"twitter:card\" content=\"summary_large_image\" \/>\n<meta name=\"twitter:label1\" content=\"Escrito por\" \/>\n\t<meta name=\"twitter:data1\" content=\"Concejo Deliberante Azul\" \/>\n\t<meta name=\"twitter:label2\" content=\"Tiempo de lectura\" \/>\n\t<meta name=\"twitter:data2\" content=\"1 minuto\" \/>\n<script type=\"application\/ld+json\" class=\"yoast-schema-graph\">{\"@context\":\"https:\\\/\\\/schema.org\",\"@graph\":[{\"@type\":\"Article\",\"@id\":\"http:\\\/\\\/concejodeliberantedeazul.gob.ar\\\/index.php\\\/2023\\\/03\\\/15\\\/la-mesa-de-cannabis-medicinal-prepara-actividades-para-el-dia-internacional-del-cannabis\\\/#article\",\"isPartOf\":{\"@id\":\"http:\\\/\\\/concejodeliberantedeazul.gob.ar\\\/index.php\\\/2023\\\/03\\\/15\\\/la-mesa-de-cannabis-medicinal-prepara-actividades-para-el-dia-internacional-del-cannabis\\\/\"},\"author\":{\"name\":\"Concejo Deliberante Azul\",\"@id\":\"http:\\\/\\\/concejodeliberantedeazul.gob.ar\\\/#\\\/schema\\\/person\\\/65fd6514aee7c29f008fc53b206198fe\"},\"headline\":\"La Mesa de Cannabis Medicinal prepara actividades para el D\u00eda Internacional del Cannabis\",\"datePublished\":\"2023-03-15T14:57:06+00:00\",\"dateModified\":\"2023-03-15T14:57:07+00:00\",\"mainEntityOfPage\":{\"@id\":\"http:\\\/\\\/concejodeliberantedeazul.gob.ar\\\/index.php\\\/2023\\\/03\\\/15\\\/la-mesa-de-cannabis-medicinal-prepara-actividades-para-el-dia-internacional-del-cannabis\\\/\"},\"wordCount\":161,\"commentCount\":0,\"image\":{\"@id\":\"http:\\\/\\\/concejodeliberantedeazul.gob.ar\\\/index.php\\\/2023\\\/03\\\/15\\\/la-mesa-de-cannabis-medicinal-prepara-actividades-para-el-dia-internacional-del-cannabis\\\/#primaryimage\"},\"thumbnailUrl\":\"http:\\\/\\\/concejodeliberantedeazul.gob.ar\\\/wp-content\\\/uploads\\\/2023\\\/03\\\/15-03-2023-Cannabis-scaled.jpg\",\"articleSection\":[\"Noticias\"],\"inLanguage\":\"es-AR\",\"potentialAction\":[{\"@type\":\"CommentAction\",\"name\":\"Comment\",\"target\":[\"http:\\\/\\\/concejodeliberantedeazul.gob.ar\\\/index.php\\\/2023\\\/03\\\/15\\\/la-mesa-de-cannabis-medicinal-prepara-actividades-para-el-dia-internacional-del-cannabis\\\/#respond\"]}]},{\"@type\":\"WebPage\",\"@id\":\"http:\\\/\\\/concejodeliberantedeazul.gob.ar\\\/index.php\\\/2023\\\/03\\\/15\\\/la-mesa-de-cannabis-medicinal-prepara-actividades-para-el-dia-internacional-del-cannabis\\\/\",\"url\":\"http:\\\/\\\/concejodeliberantedeazul.gob.ar\\\/index.php\\\/2023\\\/03\\\/15\\\/la-mesa-de-cannabis-medicinal-prepara-actividades-para-el-dia-internacional-del-cannabis\\\/\",\"name\":\"La Mesa de Cannabis Medicinal prepara actividades para el D\u00eda Internacional del Cannabis - Concejo deliberante de Azul\",\"isPartOf\":{\"@id\":\"http:\\\/\\\/concejodeliberantedeazul.gob.ar\\\/#website\"},\"primaryImageOfPage\":{\"@id\":\"http:\\\/\\\/concejodeliberantedeazul.gob.ar\\\/index.php\\\/2023\\\/03\\\/15\\\/la-mesa-de-cannabis-medicinal-prepara-actividades-para-el-dia-internacional-del-cannabis\\\/#primaryimage\"},\"image\":{\"@id\":\"http:\\\/\\\/concejodeliberantedeazul.gob.ar\\\/index.php\\\/2023\\\/03\\\/15\\\/la-mesa-de-cannabis-medicinal-prepara-actividades-para-el-dia-internacional-del-cannabis\\\/#primaryimage\"},\"thumbnailUrl\":\"http:\\\/\\\/concejodeliberantedeazul.gob.ar\\\/wp-content\\\/uploads\\\/2023\\\/03\\\/15-03-2023-Cannabis-scaled.jpg\",\"datePublished\":\"2023-03-15T14:57:06+00:00\",\"dateModified\":\"2023-03-15T14:57:07+00:00\",\"author\":{\"@id\":\"http:\\\/\\\/concejodeliberantedeazul.gob.ar\\\/#\\\/schema\\\/person\\\/65fd6514aee7c29f008fc53b206198fe\"},\"breadcrumb\":{\"@id\":\"http:\\\/\\\/concejodeliberantedeazul.gob.ar\\\/index.php\\\/2023\\\/03\\\/15\\\/la-mesa-de-cannabis-medicinal-prepara-actividades-para-el-dia-internacional-del-cannabis\\\/#breadcrumb\"},\"inLanguage\":\"es-AR\",\"potentialAction\":[{\"@type\":\"ReadAction\",\"target\":[\"http:\\\/\\\/concejodeliberantedeazul.gob.ar\\\/index.php\\\/2023\\\/03\\\/15\\\/la-mesa-de-cannabis-medicinal-prepara-actividades-para-el-dia-internacional-del-cannabis\\\/\"]}]},{\"@type\":\"ImageObject\",\"inLanguage\":\"es-AR\",\"@id\":\"http:\\\/\\\/concejodeliberantedeazul.gob.ar\\\/index.php\\\/2023\\\/03\\\/15\\\/la-mesa-de-cannabis-medicinal-prepara-actividades-para-el-dia-internacional-del-cannabis\\\/#primaryimage\",\"url\":\"http:\\\/\\\/concejodeliberantedeazul.gob.ar\\\/wp-content\\\/uploads\\\/2023\\\/03\\\/15-03-2023-Cannabis-scaled.jpg\",\"contentUrl\":\"http:\\\/\\\/concejodeliberantedeazul.gob.ar\\\/wp-content\\\/uploads\\\/2023\\\/03\\\/15-03-2023-Cannabis-scaled.jpg\",\"width\":2560,\"height\":1928},{\"@type\":\"BreadcrumbList\",\"@id\":\"http:\\\/\\\/concejodeliberantedeazul.gob.ar\\\/index.php\\\/2023\\\/03\\\/15\\\/la-mesa-de-cannabis-medicinal-prepara-actividades-para-el-dia-internacional-del-cannabis\\\/#breadcrumb\",\"itemListElement\":[{\"@type\":\"ListItem\",\"position\":1,\"name\":\"Inicio\",\"item\":\"https:\\\/\\\/concejodeliberantedeazul.gob.ar\\\/\"},{\"@type\":\"ListItem\",\"position\":2,\"name\":\"La Mesa de Cannabis Medicinal prepara actividades para el D\u00eda Internacional del Cannabis\"}]},{\"@type\":\"WebSite\",\"@id\":\"http:\\\/\\\/concejodeliberantedeazul.gob.ar\\\/#website\",\"url\":\"http:\\\/\\\/concejodeliberantedeazul.gob.ar\\\/\",\"name\":\"Concejo deliberante de Azul\",\"description\":\"Sitio Web Oficial del Concejo Deliberante de Azul, Prov. de Buenos Aires - Conformado por 18 concejales de todo el partido.\",\"potentialAction\":[{\"@type\":\"SearchAction\",\"target\":{\"@type\":\"EntryPoint\",\"urlTemplate\":\"http:\\\/\\\/concejodeliberantedeazul.gob.ar\\\/?s={search_term_string}\"},\"query-input\":{\"@type\":\"PropertyValueSpecification\",\"valueRequired\":true,\"valueName\":\"search_term_string\"}}],\"inLanguage\":\"es-AR\"},{\"@type\":\"Person\",\"@id\":\"http:\\\/\\\/concejodeliberantedeazul.gob.ar\\\/#\\\/schema\\\/person\\\/65fd6514aee7c29f008fc53b206198fe\",\"name\":\"Concejo Deliberante Azul\",\"image\":{\"@type\":\"ImageObject\",\"inLanguage\":\"es-AR\",\"@id\":\"https:\\\/\\\/secure.gravatar.com\\\/avatar\\\/30d9ae907861b897be87a25469982f0cfbce09947e0998bf7d9d0ecab450fb85?s=96&d=mm&r=g\",\"url\":\"https:\\\/\\\/secure.gravatar.com\\\/avatar\\\/30d9ae907861b897be87a25469982f0cfbce09947e0998bf7d9d0ecab450fb85?s=96&d=mm&r=g\",\"contentUrl\":\"https:\\\/\\\/secure.gravatar.com\\\/avatar\\\/30d9ae907861b897be87a25469982f0cfbce09947e0998bf7d9d0ecab450fb85?s=96&d=mm&r=g\",\"caption\":\"Concejo Deliberante Azul\"},\"url\":\"http:\\\/\\\/concejodeliberantedeazul.gob.ar\\\/index.php\\\/author\\\/concejo\\\/\"}]}<\/script>\n<!-- \/ Yoast SEO plugin. -->","yoast_head_json":{"title":"La Mesa de Cannabis Medicinal prepara actividades para el D\u00eda Internacional del Cannabis - Concejo deliberante de Azul","robots":{"index":"index","follow":"follow","max-snippet":"max-snippet:-1","max-image-preview":"max-image-preview:large","max-video-preview":"max-video-preview:-1"},"canonical":"http:\/\/concejodeliberantedeazul.gob.ar\/index.php\/2023\/03\/15\/la-mesa-de-cannabis-medicinal-prepara-actividades-para-el-dia-internacional-del-cannabis\/","og_locale":"es_ES","og_type":"article","og_title":"La Mesa de Cannabis Medicinal prepara actividades para el D\u00eda Internacional del Cannabis - Concejo deliberante de Azul","og_description":"Con motivo de celebrarse en abril el D\u00eda Internacional del Cannabis, los integrantes de la Mesa Intersectorial de Cannabis Medicinal comenzaron a trabajar sobre las actividades que se realizar\u00e1n en alusi\u00f3n a la fecha. De la reuni\u00f3n participaron las concejalas Pilar \u00c1lvarez, Natalia Colome y Ver\u00f3nica Crisafulli; la Doctora Anal\u00eda Fortunato; representantes de la Asociaci\u00f3n [&hellip;]","og_url":"http:\/\/concejodeliberantedeazul.gob.ar\/index.php\/2023\/03\/15\/la-mesa-de-cannabis-medicinal-prepara-actividades-para-el-dia-internacional-del-cannabis\/","og_site_name":"Concejo deliberante de Azul","article_published_time":"2023-03-15T14:57:06+00:00","article_modified_time":"2023-03-15T14:57:07+00:00","og_image":[{"width":2560,"height":1928,"url":"http:\/\/concejodeliberantedeazul.gob.ar\/wp-content\/uploads\/2023\/03\/15-03-2023-Cannabis-scaled.jpg","type":"image\/jpeg"}],"author":"Concejo Deliberante Azul","twitter_card":"summary_large_image","twitter_misc":{"Escrito por":"Concejo Deliberante Azul","Tiempo de lectura":"1 minuto"},"schema":{"@context":"https:\/\/schema.org","@graph":[{"@type":"Article","@id":"http:\/\/concejodeliberantedeazul.gob.ar\/index.php\/2023\/03\/15\/la-mesa-de-cannabis-medicinal-prepara-actividades-para-el-dia-internacional-del-cannabis\/#article","isPartOf":{"@id":"http:\/\/concejodeliberantedeazul.gob.ar\/index.php\/2023\/03\/15\/la-mesa-de-cannabis-medicinal-prepara-actividades-para-el-dia-internacional-del-cannabis\/"},"author":{"name":"Concejo Deliberante Azul","@id":"http:\/\/concejodeliberantedeazul.gob.ar\/#\/schema\/person\/65fd6514aee7c29f008fc53b206198fe"},"headline":"La Mesa de Cannabis Medicinal prepara actividades para el D\u00eda Internacional del Cannabis","datePublished":"2023-03-15T14:57:06+00:00","dateModified":"2023-03-15T14:57:07+00:00","mainEntityOfPage":{"@id":"http:\/\/concejodeliberantedeazul.gob.ar\/index.php\/2023\/03\/15\/la-mesa-de-cannabis-medicinal-prepara-actividades-para-el-dia-internacional-del-cannabis\/"},"wordCount":161,"commentCount":0,"image":{"@id":"http:\/\/concejodeliberantedeazul.gob.ar\/index.php\/2023\/03\/15\/la-mesa-de-cannabis-medicinal-prepara-actividades-para-el-dia-internacional-del-cannabis\/#primaryimage"},"thumbnailUrl":"http:\/\/concejodeliberantedeazul.gob.ar\/wp-content\/uploads\/2023\/03\/15-03-2023-Cannabis-scaled.jpg","articleSection":["Noticias"],"inLanguage":"es-AR","potentialAction":[{"@type":"CommentAction","name":"Comment","target":["http:\/\/concejodeliberantedeazul.gob.ar\/index.php\/2023\/03\/15\/la-mesa-de-cannabis-medicinal-prepara-actividades-para-el-dia-internacional-del-cannabis\/#respond"]}]},{"@type":"WebPage","@id":"http:\/\/concejodeliberantedeazul.gob.ar\/index.php\/2023\/03\/15\/la-mesa-de-cannabis-medicinal-prepara-actividades-para-el-dia-internacional-del-cannabis\/","url":"http:\/\/concejodeliberantedeazul.gob.ar\/index.php\/2023\/03\/15\/la-mesa-de-cannabis-medicinal-prepara-actividades-para-el-dia-internacional-del-cannabis\/","name":"La Mesa de Cannabis Medicinal prepara actividades para el D\u00eda Internacional del Cannabis - Concejo deliberante de Azul","isPartOf":{"@id":"http:\/\/concejodeliberantedeazul.gob.ar\/#website"},"primaryImageOfPage":{"@id":"http:\/\/concejodeliberantedeazul.gob.ar\/index.php\/2023\/03\/15\/la-mesa-de-cannabis-medicinal-prepara-actividades-para-el-dia-internacional-del-cannabis\/#primaryimage"},"image":{"@id":"http:\/\/concejodeliberantedeazul.gob.ar\/index.php\/2023\/03\/15\/la-mesa-de-cannabis-medicinal-prepara-actividades-para-el-dia-internacional-del-cannabis\/#primaryimage"},"thumbnailUrl":"http:\/\/concejodeliberantedeazul.gob.ar\/wp-content\/uploads\/2023\/03\/15-03-2023-Cannabis-scaled.jpg","datePublished":"2023-03-15T14:57:06+00:00","dateModified":"2023-03-15T14:57:07+00:00","author":{"@id":"http:\/\/concejodeliberantedeazul.gob.ar\/#\/schema\/person\/65fd6514aee7c29f008fc53b206198fe"},"breadcrumb":{"@id":"http:\/\/concejodeliberantedeazul.gob.ar\/index.php\/2023\/03\/15\/la-mesa-de-cannabis-medicinal-prepara-actividades-para-el-dia-internacional-del-cannabis\/#breadcrumb"},"inLanguage":"es-AR","potentialAction":[{"@type":"ReadAction","target":["http:\/\/concejodeliberantedeazul.gob.ar\/index.php\/2023\/03\/15\/la-mesa-de-cannabis-medicinal-prepara-actividades-para-el-dia-internacional-del-cannabis\/"]}]},{"@type":"ImageObject","inLanguage":"es-AR","@id":"http:\/\/concejodeliberantedeazul.gob.ar\/index.php\/2023\/03\/15\/la-mesa-de-cannabis-medicinal-prepara-actividades-para-el-dia-internacional-del-cannabis\/#primaryimage","url":"http:\/\/concejodeliberantedeazul.gob.ar\/wp-content\/uploads\/2023\/03\/15-03-2023-Cannabis-scaled.jpg","contentUrl":"http:\/\/concejodeliberantedeazul.gob.ar\/wp-content\/uploads\/2023\/03\/15-03-2023-Cannabis-scaled.jpg","width":2560,"height":1928},{"@type":"BreadcrumbList","@id":"http:\/\/concejodeliberantedeazul.gob.ar\/index.php\/2023\/03\/15\/la-mesa-de-cannabis-medicinal-prepara-actividades-para-el-dia-internacional-del-cannabis\/#breadcrumb","itemListElement":[{"@type":"ListItem","position":1,"name":"Inicio","item":"https:\/\/concejodeliberantedeazul.gob.ar\/"},{"@type":"ListItem","position":2,"name":"La Mesa de Cannabis Medicinal prepara actividades para el D\u00eda Internacional del Cannabis"}]},{"@type":"WebSite","@id":"http:\/\/concejodeliberantedeazul.gob.ar\/#website","url":"http:\/\/concejodeliberantedeazul.gob.ar\/","name":"Concejo deliberante de Azul","description":"Sitio Web Oficial del Concejo Deliberante de Azul, Prov. de Buenos Aires - Conformado por 18 concejales de todo el partido.","potentialAction":[{"@type":"SearchAction","target":{"@type":"EntryPoint","urlTemplate":"http:\/\/concejodeliberantedeazul.gob.ar\/?s={search_term_string}"},"query-input":{"@type":"PropertyValueSpecification","valueRequired":true,"valueName":"search_term_string"}}],"inLanguage":"es-AR"},{"@type":"Person","@id":"http:\/\/concejodeliberantedeazul.gob.ar\/#\/schema\/person\/65fd6514aee7c29f008fc53b206198fe","name":"Concejo Deliberante Azul","image":{"@type":"ImageObject","inLanguage":"es-AR","@id":"https:\/\/secure.gravatar.com\/avatar\/30d9ae907861b897be87a25469982f0cfbce09947e0998bf7d9d0ecab450fb85?s=96&d=mm&r=g","url":"https:\/\/secure.gravatar.com\/avatar\/30d9ae907861b897be87a25469982f0cfbce09947e0998bf7d9d0ecab450fb85?s=96&d=mm&r=g","contentUrl":"https:\/\/secure.gravatar.com\/avatar\/30d9ae907861b897be87a25469982f0cfbce09947e0998bf7d9d0ecab450fb85?s=96&d=mm&r=g","caption":"Concejo Deliberante Azul"},"url":"http:\/\/concejodeliberantedeazul.gob.ar\/index.php\/author\/concejo\/"}]}},"amp_enabled":true,"_links":{"self":[{"href":"http:\/\/concejodeliberantedeazul.gob.ar\/index.php\/wp-json\/wp\/v2\/posts\/1987","targetHints":{"allow":["GET"]}}],"collection":[{"href":"http:\/\/concejodeliberantedeazul.gob.ar\/index.php\/wp-json\/wp\/v2\/posts"}],"about":[{"href":"http:\/\/concejodeliberantedeazul.gob.ar\/index.php\/wp-json\/wp\/v2\/types\/post"}],"author":[{"embeddable":true,"href":"http:\/\/concejodeliberantedeazul.gob.ar\/index.php\/wp-json\/wp\/v2\/users\/2"}],"replies":[{"embeddable":true,"href":"http:\/\/concejodeliberantedeazul.gob.ar\/index.php\/wp-json\/wp\/v2\/comments?post=1987"}],"version-history":[{"count":1,"href":"http:\/\/concejodeliberantedeazul.gob.ar\/index.php\/wp-json\/wp\/v2\/posts\/1987\/revisions"}],"predecessor-version":[{"id":1989,"href":"http:\/\/concejodeliberantedeazul.gob.ar\/index.php\/wp-json\/wp\/v2\/posts\/1987\/revisions\/1989"}],"wp:featuredmedia":[{"embeddable":true,"href":"http:\/\/concejodeliberantedeazul.gob.ar\/index.php\/wp-json\/wp\/v2\/media\/1988"}],"wp:attachment":[{"href":"http:\/\/concejodeliberantedeazul.gob.ar\/index.php\/wp-json\/wp\/v2\/media?parent=1987"}],"wp:term":[{"taxonomy":"category","embeddable":true,"href":"http:\/\/concejodeliberantedeazul.gob.ar\/index.php\/wp-json\/wp\/v2\/categories?post=1987"},{"taxonomy":"post_tag","embeddable":true,"href":"http:\/\/concejodeliberantedeazul.gob.ar\/index.php\/wp-json\/wp\/v2\/tags?post=1987"}],"curies":[{"name":"wp","href":"https:\/\/api.w.org\/{rel}","templated":true}]}}