{"id":1918,"date":"2023-01-03T20:00:06","date_gmt":"2023-01-03T23:00:06","guid":{"rendered":"http:\/\/concejodeliberantedeazul.gob.ar\/?p=1918"},"modified":"2023-01-03T20:00:08","modified_gmt":"2023-01-03T23:00:08","slug":"el-concejo-deliberante-aprobo-por-mayoria-el-presupuesto-2023","status":"publish","type":"post","link":"http:\/\/concejodeliberantedeazul.gob.ar\/index.php\/2023\/01\/03\/el-concejo-deliberante-aprobo-por-mayoria-el-presupuesto-2023\/","title":{"rendered":"<strong>El Concejo Deliberante aprob\u00f3 por mayor\u00eda el Presupuesto 2023<\/strong>"},"content":{"rendered":"\n<p>Se llev\u00f3 a cabo, en el recinto del Concejo Deliberante, una Sesi\u00f3n Extraordinaria que tuvo por objetivo dar tratamiento a los Despachos de la comisi\u00f3n de presupuesto y hacienda relacionados con el nuevo proyecto de Ordenanza de C\u00e1lculo de Recursos y Presupuesto de Gastos para el ejercicio 2023.<\/p>\n\n\n\n<p>En principio, se dio lectura por Secretaria de la Resoluci\u00f3n 4.779 que cita a la Sesi\u00f3n Extraordinaria y luego se procedi\u00f3 al tratamiento de los despachos.<\/p>\n\n\n\n<p>En el caso del despacho en mayor\u00eda fue le\u00eddo y defendido por la concejala Laura Aloisi. En tanto, el despacho en minor\u00eda fue explicado y defendido por la edil Paola Ficca.<\/p>\n\n\n\n<p>Luego de un debate sobre los mismos, se vot\u00f3 por mayor\u00eda, de manera afirmativa, el despacho en mayor\u00eda que llevaba las firmas de los concejales Laura Aloisi, Lucio Mansilla y Juan Louge. El mismo fue acompa\u00f1ado por los bloques: Podemos Azul; Peronismo 26 de Julio-Frente de Todos; UCR-Evoluci\u00f3n; Juntos GEN y bloque PRO. En tanto, votaron en forma negativa Por Azul y se abstuvieron los bloques Frente de Todos y Nuevo Azul.<\/p>\n","protected":false},"excerpt":{"rendered":"<p>Se llev\u00f3 a cabo, en el recinto del Concejo Deliberante, una Sesi\u00f3n Extraordinaria que tuvo por objetivo dar tratamiento a los Despachos de la comisi\u00f3n de presupuesto y hacienda relacionados con el nuevo proyecto de Ordenanza de C\u00e1lculo de Recursos y Presupuesto de Gastos para el ejercicio 2023. En principio, se dio lectura por Secretaria [&hellip;]<\/p>\n","protected":false},"author":2,"featured_media":1919,"comment_status":"open","ping_status":"open","sticky":false,"template":"","format":"standard","meta":{"tdm_status":"","tdm_grid_status":"","footnotes":""},"categories":[7],"tags":[],"class_list":{"0":"post-1918","1":"post","2":"type-post","3":"status-publish","4":"format-standard","5":"has-post-thumbnail","7":"category-noticias"},"yoast_head":"<!-- This site is optimized with the Yoast SEO plugin v27.3 - https:\/\/yoast.com\/product\/yoast-seo-wordpress\/ -->\n<title>El Concejo Deliberante aprob\u00f3 por mayor\u00eda el Presupuesto 2023 - Concejo deliberante de Azul<\/title>\n<meta name=\"robots\" content=\"index, follow, max-snippet:-1, max-image-preview:large, max-video-preview:-1\" \/>\n<link rel=\"canonical\" href=\"http:\/\/concejodeliberantedeazul.gob.ar\/index.php\/2023\/01\/03\/el-concejo-deliberante-aprobo-por-mayoria-el-presupuesto-2023\/\" \/>\n<meta property=\"og:locale\" content=\"es_ES\" \/>\n<meta property=\"og:type\" content=\"article\" \/>\n<meta property=\"og:title\" content=\"El Concejo Deliberante aprob\u00f3 por mayor\u00eda el Presupuesto 2023 - Concejo deliberante de Azul\" \/>\n<meta property=\"og:description\" content=\"Se llev\u00f3 a cabo, en el recinto del Concejo Deliberante, una Sesi\u00f3n Extraordinaria que tuvo por objetivo dar tratamiento a los Despachos de la comisi\u00f3n de presupuesto y hacienda relacionados con el nuevo proyecto de Ordenanza de C\u00e1lculo de Recursos y Presupuesto de Gastos para el ejercicio 2023. En principio, se dio lectura por Secretaria [&hellip;]\" \/>\n<meta property=\"og:url\" content=\"http:\/\/concejodeliberantedeazul.gob.ar\/index.php\/2023\/01\/03\/el-concejo-deliberante-aprobo-por-mayoria-el-presupuesto-2023\/\" \/>\n<meta property=\"og:site_name\" content=\"Concejo deliberante de Azul\" \/>\n<meta property=\"article:published_time\" content=\"2023-01-03T23:00:06+00:00\" \/>\n<meta property=\"article:modified_time\" content=\"2023-01-03T23:00:08+00:00\" \/>\n<meta property=\"og:image\" content=\"http:\/\/concejodeliberantedeazul.gob.ar\/wp-content\/uploads\/2023\/01\/03-01-2023-Sesion-Extraordinaria.jpeg\" \/>\n\t<meta property=\"og:image:width\" content=\"1600\" \/>\n\t<meta property=\"og:image:height\" content=\"866\" \/>\n\t<meta property=\"og:image:type\" content=\"image\/jpeg\" \/>\n<meta name=\"author\" content=\"Concejo Deliberante Azul\" \/>\n<meta name=\"twitter:card\" content=\"summary_large_image\" \/>\n<meta name=\"twitter:label1\" content=\"Escrito por\" \/>\n\t<meta name=\"twitter:data1\" content=\"Concejo Deliberante Azul\" \/>\n\t<meta name=\"twitter:label2\" content=\"Tiempo de lectura\" \/>\n\t<meta name=\"twitter:data2\" content=\"1 minuto\" \/>\n<script type=\"application\/ld+json\" class=\"yoast-schema-graph\">{\"@context\":\"https:\\\/\\\/schema.org\",\"@graph\":[{\"@type\":\"Article\",\"@id\":\"http:\\\/\\\/concejodeliberantedeazul.gob.ar\\\/index.php\\\/2023\\\/01\\\/03\\\/el-concejo-deliberante-aprobo-por-mayoria-el-presupuesto-2023\\\/#article\",\"isPartOf\":{\"@id\":\"http:\\\/\\\/concejodeliberantedeazul.gob.ar\\\/index.php\\\/2023\\\/01\\\/03\\\/el-concejo-deliberante-aprobo-por-mayoria-el-presupuesto-2023\\\/\"},\"author\":{\"name\":\"Concejo Deliberante Azul\",\"@id\":\"http:\\\/\\\/concejodeliberantedeazul.gob.ar\\\/#\\\/schema\\\/person\\\/65fd6514aee7c29f008fc53b206198fe\"},\"headline\":\"El Concejo Deliberante aprob\u00f3 por mayor\u00eda el Presupuesto 2023\",\"datePublished\":\"2023-01-03T23:00:06+00:00\",\"dateModified\":\"2023-01-03T23:00:08+00:00\",\"mainEntityOfPage\":{\"@id\":\"http:\\\/\\\/concejodeliberantedeazul.gob.ar\\\/index.php\\\/2023\\\/01\\\/03\\\/el-concejo-deliberante-aprobo-por-mayoria-el-presupuesto-2023\\\/\"},\"wordCount\":195,\"commentCount\":0,\"image\":{\"@id\":\"http:\\\/\\\/concejodeliberantedeazul.gob.ar\\\/index.php\\\/2023\\\/01\\\/03\\\/el-concejo-deliberante-aprobo-por-mayoria-el-presupuesto-2023\\\/#primaryimage\"},\"thumbnailUrl\":\"http:\\\/\\\/concejodeliberantedeazul.gob.ar\\\/wp-content\\\/uploads\\\/2023\\\/01\\\/03-01-2023-Sesion-Extraordinaria.jpeg\",\"articleSection\":[\"Noticias\"],\"inLanguage\":\"es-AR\",\"potentialAction\":[{\"@type\":\"CommentAction\",\"name\":\"Comment\",\"target\":[\"http:\\\/\\\/concejodeliberantedeazul.gob.ar\\\/index.php\\\/2023\\\/01\\\/03\\\/el-concejo-deliberante-aprobo-por-mayoria-el-presupuesto-2023\\\/#respond\"]}]},{\"@type\":\"WebPage\",\"@id\":\"http:\\\/\\\/concejodeliberantedeazul.gob.ar\\\/index.php\\\/2023\\\/01\\\/03\\\/el-concejo-deliberante-aprobo-por-mayoria-el-presupuesto-2023\\\/\",\"url\":\"http:\\\/\\\/concejodeliberantedeazul.gob.ar\\\/index.php\\\/2023\\\/01\\\/03\\\/el-concejo-deliberante-aprobo-por-mayoria-el-presupuesto-2023\\\/\",\"name\":\"El Concejo Deliberante aprob\u00f3 por mayor\u00eda el Presupuesto 2023 - Concejo deliberante de Azul\",\"isPartOf\":{\"@id\":\"http:\\\/\\\/concejodeliberantedeazul.gob.ar\\\/#website\"},\"primaryImageOfPage\":{\"@id\":\"http:\\\/\\\/concejodeliberantedeazul.gob.ar\\\/index.php\\\/2023\\\/01\\\/03\\\/el-concejo-deliberante-aprobo-por-mayoria-el-presupuesto-2023\\\/#primaryimage\"},\"image\":{\"@id\":\"http:\\\/\\\/concejodeliberantedeazul.gob.ar\\\/index.php\\\/2023\\\/01\\\/03\\\/el-concejo-deliberante-aprobo-por-mayoria-el-presupuesto-2023\\\/#primaryimage\"},\"thumbnailUrl\":\"http:\\\/\\\/concejodeliberantedeazul.gob.ar\\\/wp-content\\\/uploads\\\/2023\\\/01\\\/03-01-2023-Sesion-Extraordinaria.jpeg\",\"datePublished\":\"2023-01-03T23:00:06+00:00\",\"dateModified\":\"2023-01-03T23:00:08+00:00\",\"author\":{\"@id\":\"http:\\\/\\\/concejodeliberantedeazul.gob.ar\\\/#\\\/schema\\\/person\\\/65fd6514aee7c29f008fc53b206198fe\"},\"breadcrumb\":{\"@id\":\"http:\\\/\\\/concejodeliberantedeazul.gob.ar\\\/index.php\\\/2023\\\/01\\\/03\\\/el-concejo-deliberante-aprobo-por-mayoria-el-presupuesto-2023\\\/#breadcrumb\"},\"inLanguage\":\"es-AR\",\"potentialAction\":[{\"@type\":\"ReadAction\",\"target\":[\"http:\\\/\\\/concejodeliberantedeazul.gob.ar\\\/index.php\\\/2023\\\/01\\\/03\\\/el-concejo-deliberante-aprobo-por-mayoria-el-presupuesto-2023\\\/\"]}]},{\"@type\":\"ImageObject\",\"inLanguage\":\"es-AR\",\"@id\":\"http:\\\/\\\/concejodeliberantedeazul.gob.ar\\\/index.php\\\/2023\\\/01\\\/03\\\/el-concejo-deliberante-aprobo-por-mayoria-el-presupuesto-2023\\\/#primaryimage\",\"url\":\"http:\\\/\\\/concejodeliberantedeazul.gob.ar\\\/wp-content\\\/uploads\\\/2023\\\/01\\\/03-01-2023-Sesion-Extraordinaria.jpeg\",\"contentUrl\":\"http:\\\/\\\/concejodeliberantedeazul.gob.ar\\\/wp-content\\\/uploads\\\/2023\\\/01\\\/03-01-2023-Sesion-Extraordinaria.jpeg\",\"width\":1600,\"height\":866},{\"@type\":\"BreadcrumbList\",\"@id\":\"http:\\\/\\\/concejodeliberantedeazul.gob.ar\\\/index.php\\\/2023\\\/01\\\/03\\\/el-concejo-deliberante-aprobo-por-mayoria-el-presupuesto-2023\\\/#breadcrumb\",\"itemListElement\":[{\"@type\":\"ListItem\",\"position\":1,\"name\":\"Inicio\",\"item\":\"https:\\\/\\\/concejodeliberantedeazul.gob.ar\\\/\"},{\"@type\":\"ListItem\",\"position\":2,\"name\":\"El Concejo Deliberante aprob\u00f3 por mayor\u00eda el Presupuesto 2023\"}]},{\"@type\":\"WebSite\",\"@id\":\"http:\\\/\\\/concejodeliberantedeazul.gob.ar\\\/#website\",\"url\":\"http:\\\/\\\/concejodeliberantedeazul.gob.ar\\\/\",\"name\":\"Concejo deliberante de Azul\",\"description\":\"Sitio Web Oficial del Concejo Deliberante de Azul, Prov. de Buenos Aires - Conformado por 18 concejales de todo el partido.\",\"potentialAction\":[{\"@type\":\"SearchAction\",\"target\":{\"@type\":\"EntryPoint\",\"urlTemplate\":\"http:\\\/\\\/concejodeliberantedeazul.gob.ar\\\/?s={search_term_string}\"},\"query-input\":{\"@type\":\"PropertyValueSpecification\",\"valueRequired\":true,\"valueName\":\"search_term_string\"}}],\"inLanguage\":\"es-AR\"},{\"@type\":\"Person\",\"@id\":\"http:\\\/\\\/concejodeliberantedeazul.gob.ar\\\/#\\\/schema\\\/person\\\/65fd6514aee7c29f008fc53b206198fe\",\"name\":\"Concejo Deliberante Azul\",\"image\":{\"@type\":\"ImageObject\",\"inLanguage\":\"es-AR\",\"@id\":\"https:\\\/\\\/secure.gravatar.com\\\/avatar\\\/30d9ae907861b897be87a25469982f0cfbce09947e0998bf7d9d0ecab450fb85?s=96&d=mm&r=g\",\"url\":\"https:\\\/\\\/secure.gravatar.com\\\/avatar\\\/30d9ae907861b897be87a25469982f0cfbce09947e0998bf7d9d0ecab450fb85?s=96&d=mm&r=g\",\"contentUrl\":\"https:\\\/\\\/secure.gravatar.com\\\/avatar\\\/30d9ae907861b897be87a25469982f0cfbce09947e0998bf7d9d0ecab450fb85?s=96&d=mm&r=g\",\"caption\":\"Concejo Deliberante Azul\"},\"url\":\"http:\\\/\\\/concejodeliberantedeazul.gob.ar\\\/index.php\\\/author\\\/concejo\\\/\"}]}<\/script>\n<!-- \/ Yoast SEO plugin. -->","yoast_head_json":{"title":"El Concejo Deliberante aprob\u00f3 por mayor\u00eda el Presupuesto 2023 - Concejo deliberante de Azul","robots":{"index":"index","follow":"follow","max-snippet":"max-snippet:-1","max-image-preview":"max-image-preview:large","max-video-preview":"max-video-preview:-1"},"canonical":"http:\/\/concejodeliberantedeazul.gob.ar\/index.php\/2023\/01\/03\/el-concejo-deliberante-aprobo-por-mayoria-el-presupuesto-2023\/","og_locale":"es_ES","og_type":"article","og_title":"El Concejo Deliberante aprob\u00f3 por mayor\u00eda el Presupuesto 2023 - Concejo deliberante de Azul","og_description":"Se llev\u00f3 a cabo, en el recinto del Concejo Deliberante, una Sesi\u00f3n Extraordinaria que tuvo por objetivo dar tratamiento a los Despachos de la comisi\u00f3n de presupuesto y hacienda relacionados con el nuevo proyecto de Ordenanza de C\u00e1lculo de Recursos y Presupuesto de Gastos para el ejercicio 2023. En principio, se dio lectura por Secretaria [&hellip;]","og_url":"http:\/\/concejodeliberantedeazul.gob.ar\/index.php\/2023\/01\/03\/el-concejo-deliberante-aprobo-por-mayoria-el-presupuesto-2023\/","og_site_name":"Concejo deliberante de Azul","article_published_time":"2023-01-03T23:00:06+00:00","article_modified_time":"2023-01-03T23:00:08+00:00","og_image":[{"width":1600,"height":866,"url":"http:\/\/concejodeliberantedeazul.gob.ar\/wp-content\/uploads\/2023\/01\/03-01-2023-Sesion-Extraordinaria.jpeg","type":"image\/jpeg"}],"author":"Concejo Deliberante Azul","twitter_card":"summary_large_image","twitter_misc":{"Escrito por":"Concejo Deliberante Azul","Tiempo de lectura":"1 minuto"},"schema":{"@context":"https:\/\/schema.org","@graph":[{"@type":"Article","@id":"http:\/\/concejodeliberantedeazul.gob.ar\/index.php\/2023\/01\/03\/el-concejo-deliberante-aprobo-por-mayoria-el-presupuesto-2023\/#article","isPartOf":{"@id":"http:\/\/concejodeliberantedeazul.gob.ar\/index.php\/2023\/01\/03\/el-concejo-deliberante-aprobo-por-mayoria-el-presupuesto-2023\/"},"author":{"name":"Concejo Deliberante Azul","@id":"http:\/\/concejodeliberantedeazul.gob.ar\/#\/schema\/person\/65fd6514aee7c29f008fc53b206198fe"},"headline":"El Concejo Deliberante aprob\u00f3 por mayor\u00eda el Presupuesto 2023","datePublished":"2023-01-03T23:00:06+00:00","dateModified":"2023-01-03T23:00:08+00:00","mainEntityOfPage":{"@id":"http:\/\/concejodeliberantedeazul.gob.ar\/index.php\/2023\/01\/03\/el-concejo-deliberante-aprobo-por-mayoria-el-presupuesto-2023\/"},"wordCount":195,"commentCount":0,"image":{"@id":"http:\/\/concejodeliberantedeazul.gob.ar\/index.php\/2023\/01\/03\/el-concejo-deliberante-aprobo-por-mayoria-el-presupuesto-2023\/#primaryimage"},"thumbnailUrl":"http:\/\/concejodeliberantedeazul.gob.ar\/wp-content\/uploads\/2023\/01\/03-01-2023-Sesion-Extraordinaria.jpeg","articleSection":["Noticias"],"inLanguage":"es-AR","potentialAction":[{"@type":"CommentAction","name":"Comment","target":["http:\/\/concejodeliberantedeazul.gob.ar\/index.php\/2023\/01\/03\/el-concejo-deliberante-aprobo-por-mayoria-el-presupuesto-2023\/#respond"]}]},{"@type":"WebPage","@id":"http:\/\/concejodeliberantedeazul.gob.ar\/index.php\/2023\/01\/03\/el-concejo-deliberante-aprobo-por-mayoria-el-presupuesto-2023\/","url":"http:\/\/concejodeliberantedeazul.gob.ar\/index.php\/2023\/01\/03\/el-concejo-deliberante-aprobo-por-mayoria-el-presupuesto-2023\/","name":"El Concejo Deliberante aprob\u00f3 por mayor\u00eda el Presupuesto 2023 - Concejo deliberante de Azul","isPartOf":{"@id":"http:\/\/concejodeliberantedeazul.gob.ar\/#website"},"primaryImageOfPage":{"@id":"http:\/\/concejodeliberantedeazul.gob.ar\/index.php\/2023\/01\/03\/el-concejo-deliberante-aprobo-por-mayoria-el-presupuesto-2023\/#primaryimage"},"image":{"@id":"http:\/\/concejodeliberantedeazul.gob.ar\/index.php\/2023\/01\/03\/el-concejo-deliberante-aprobo-por-mayoria-el-presupuesto-2023\/#primaryimage"},"thumbnailUrl":"http:\/\/concejodeliberantedeazul.gob.ar\/wp-content\/uploads\/2023\/01\/03-01-2023-Sesion-Extraordinaria.jpeg","datePublished":"2023-01-03T23:00:06+00:00","dateModified":"2023-01-03T23:00:08+00:00","author":{"@id":"http:\/\/concejodeliberantedeazul.gob.ar\/#\/schema\/person\/65fd6514aee7c29f008fc53b206198fe"},"breadcrumb":{"@id":"http:\/\/concejodeliberantedeazul.gob.ar\/index.php\/2023\/01\/03\/el-concejo-deliberante-aprobo-por-mayoria-el-presupuesto-2023\/#breadcrumb"},"inLanguage":"es-AR","potentialAction":[{"@type":"ReadAction","target":["http:\/\/concejodeliberantedeazul.gob.ar\/index.php\/2023\/01\/03\/el-concejo-deliberante-aprobo-por-mayoria-el-presupuesto-2023\/"]}]},{"@type":"ImageObject","inLanguage":"es-AR","@id":"http:\/\/concejodeliberantedeazul.gob.ar\/index.php\/2023\/01\/03\/el-concejo-deliberante-aprobo-por-mayoria-el-presupuesto-2023\/#primaryimage","url":"http:\/\/concejodeliberantedeazul.gob.ar\/wp-content\/uploads\/2023\/01\/03-01-2023-Sesion-Extraordinaria.jpeg","contentUrl":"http:\/\/concejodeliberantedeazul.gob.ar\/wp-content\/uploads\/2023\/01\/03-01-2023-Sesion-Extraordinaria.jpeg","width":1600,"height":866},{"@type":"BreadcrumbList","@id":"http:\/\/concejodeliberantedeazul.gob.ar\/index.php\/2023\/01\/03\/el-concejo-deliberante-aprobo-por-mayoria-el-presupuesto-2023\/#breadcrumb","itemListElement":[{"@type":"ListItem","position":1,"name":"Inicio","item":"https:\/\/concejodeliberantedeazul.gob.ar\/"},{"@type":"ListItem","position":2,"name":"El Concejo Deliberante aprob\u00f3 por mayor\u00eda el Presupuesto 2023"}]},{"@type":"WebSite","@id":"http:\/\/concejodeliberantedeazul.gob.ar\/#website","url":"http:\/\/concejodeliberantedeazul.gob.ar\/","name":"Concejo deliberante de Azul","description":"Sitio Web Oficial del Concejo Deliberante de Azul, Prov. de Buenos Aires - Conformado por 18 concejales de todo el partido.","potentialAction":[{"@type":"SearchAction","target":{"@type":"EntryPoint","urlTemplate":"http:\/\/concejodeliberantedeazul.gob.ar\/?s={search_term_string}"},"query-input":{"@type":"PropertyValueSpecification","valueRequired":true,"valueName":"search_term_string"}}],"inLanguage":"es-AR"},{"@type":"Person","@id":"http:\/\/concejodeliberantedeazul.gob.ar\/#\/schema\/person\/65fd6514aee7c29f008fc53b206198fe","name":"Concejo Deliberante Azul","image":{"@type":"ImageObject","inLanguage":"es-AR","@id":"https:\/\/secure.gravatar.com\/avatar\/30d9ae907861b897be87a25469982f0cfbce09947e0998bf7d9d0ecab450fb85?s=96&d=mm&r=g","url":"https:\/\/secure.gravatar.com\/avatar\/30d9ae907861b897be87a25469982f0cfbce09947e0998bf7d9d0ecab450fb85?s=96&d=mm&r=g","contentUrl":"https:\/\/secure.gravatar.com\/avatar\/30d9ae907861b897be87a25469982f0cfbce09947e0998bf7d9d0ecab450fb85?s=96&d=mm&r=g","caption":"Concejo Deliberante Azul"},"url":"http:\/\/concejodeliberantedeazul.gob.ar\/index.php\/author\/concejo\/"}]}},"amp_enabled":true,"_links":{"self":[{"href":"http:\/\/concejodeliberantedeazul.gob.ar\/index.php\/wp-json\/wp\/v2\/posts\/1918","targetHints":{"allow":["GET"]}}],"collection":[{"href":"http:\/\/concejodeliberantedeazul.gob.ar\/index.php\/wp-json\/wp\/v2\/posts"}],"about":[{"href":"http:\/\/concejodeliberantedeazul.gob.ar\/index.php\/wp-json\/wp\/v2\/types\/post"}],"author":[{"embeddable":true,"href":"http:\/\/concejodeliberantedeazul.gob.ar\/index.php\/wp-json\/wp\/v2\/users\/2"}],"replies":[{"embeddable":true,"href":"http:\/\/concejodeliberantedeazul.gob.ar\/index.php\/wp-json\/wp\/v2\/comments?post=1918"}],"version-history":[{"count":1,"href":"http:\/\/concejodeliberantedeazul.gob.ar\/index.php\/wp-json\/wp\/v2\/posts\/1918\/revisions"}],"predecessor-version":[{"id":1920,"href":"http:\/\/concejodeliberantedeazul.gob.ar\/index.php\/wp-json\/wp\/v2\/posts\/1918\/revisions\/1920"}],"wp:featuredmedia":[{"embeddable":true,"href":"http:\/\/concejodeliberantedeazul.gob.ar\/index.php\/wp-json\/wp\/v2\/media\/1919"}],"wp:attachment":[{"href":"http:\/\/concejodeliberantedeazul.gob.ar\/index.php\/wp-json\/wp\/v2\/media?parent=1918"}],"wp:term":[{"taxonomy":"category","embeddable":true,"href":"http:\/\/concejodeliberantedeazul.gob.ar\/index.php\/wp-json\/wp\/v2\/categories?post=1918"},{"taxonomy":"post_tag","embeddable":true,"href":"http:\/\/concejodeliberantedeazul.gob.ar\/index.php\/wp-json\/wp\/v2\/tags?post=1918"}],"curies":[{"name":"wp","href":"https:\/\/api.w.org\/{rel}","templated":true}]}}