{"id":1878,"date":"2022-12-14T09:34:24","date_gmt":"2022-12-14T12:34:24","guid":{"rendered":"http:\/\/concejodeliberantedeazul.gob.ar\/?p=1878"},"modified":"2022-12-14T09:34:25","modified_gmt":"2022-12-14T12:34:25","slug":"sesion-extraordinaria-2","status":"publish","type":"post","link":"http:\/\/concejodeliberantedeazul.gob.ar\/index.php\/2022\/12\/14\/sesion-extraordinaria-2\/","title":{"rendered":"<strong><u>Sesi\u00f3n Extraordinaria<\/u><\/strong>"},"content":{"rendered":"\n<p>Se llev\u00f3 a cabo, en el recinto del Concejo Deliberante, una Sesi\u00f3n Extraordinaria que cont\u00f3 con un Orden del D\u00eda compuesto por m\u00e1s de 20 puntos.<\/p>\n\n\n\n<p>En la oportunidad, los concejales desaprobaron por mayor\u00eda el presupuesto 2023 presentado por el Departamento Ejecutivo; aprobaron por mayor\u00eda el proyecto de Ordenanza Fiscal e Impositiva con modificaciones; se declar\u00f3 la Emergencia en Seguridad Vial en el partido de Azul; entre otros temas de inter\u00e9s.<\/p>\n\n\n\n<p><strong>Proyectos de los diferentes bloques<\/strong>:<\/p>\n\n\n\n<ul class=\"wp-block-list\">\n<li>Integrantes del bloque Frente de Todos elevaron proyecto de Ordenanza referido a modificaciones a la Ordenanza N\u00b0 2.726\/2008 de R\u00e9gimen de Zonificaci\u00f3n y Funcionamiento de locales bailables nocturnos; y derogar la Ordenanza N\u00b0 2.563. El proyecto de Ordenanza se gir\u00f3 a la comisi\u00f3n de Interpretaci\u00f3n.<\/li>\n\n\n\n<li>Concejales del partido de Azul elevaron proyecto de Resoluci\u00f3n referido a Declarar de Inter\u00e9s Comunitario del partido de Azul la realizaci\u00f3n de la final del Campeonato Nacional 2022 de la Asociaci\u00f3n de Ajedrecistas Ciegos Unidos de Argentina (ACUA), a realizarse del 15 al 18 de diciembre en nuestra ciudad. La Resoluci\u00f3n se aprob\u00f3 por unanimidad.<\/li>\n\n\n\n<li>Concejales del partido de Azul elevaron proyecto de Comunicaci\u00f3npara incrementar los controles de tr\u00e1nsito; informando, en caso de existir, en qu\u00e9 consiste el Plan de Control de la Nocturnidad, cu\u00e1les son los operativos de control de tr\u00e1nsito y ruidos molestos. La Comunicaci\u00f3n se aprob\u00f3 por unanimidad.<\/li>\n\n\n\n<li>Bloque Por Azul elev\u00f3 proyecto de Ordenanza referido a crear la \u201cDirecci\u00f3n de Vialidad Rural del partido de Azul\u201d, la que funcionar\u00e1 como organismo descentralizado, en los t\u00e9rminos del art\u00edculo 204\u00b0, siguientes y concordantes de la Ley Org\u00e1nica de las Municipalidades. El proyecto de Ordenanza se gir\u00f3&nbsp; a las comisiones de Presupuesto y de Interpretaci\u00f3n.<\/li>\n\n\n\n<li>Concejales del partido de Azul elevaron proyecto de Ordenanza referido a declarar en el partido de Azul la Emergencia en Seguridad Vial. La Ordenanza se aprob\u00f3 por unanimidad.<\/li>\n\n\n\n<li>Concejales del partido de Azul elevaron proyecto de Comunicaci\u00f3n para recomendar al Departamento Ejecutivo que genere e implemente un protocolo de prevenci\u00f3n y abordaje de cualquier tipo de violencia en el \u00e1mbito laboral municipal. La Comunicaci\u00f3n se aprob\u00f3 por unanimidad.<\/li>\n\n\n\n<li>Concejales del partido de Azul elevaron proyecto de Comunicaci\u00f3n solicitando al Departamento Ejecutivo que informe el plan y cronograma de obras previstas en el Balneario municipal. La Comunicaci\u00f3n se aprob\u00f3 por unanimidad.<\/li>\n<\/ul>\n\n\n\n<p><strong>Expedientes elevados por el Intendente Municipal:<\/strong><\/p>\n\n\n\n<p>-Elev\u00f3 actuaciones iniciadas por OCA, con proyecto de Ordenanza referido a autorizar al Departamento Ejecutivo a registrar como deuda parcial y pagar como gasto de ejercicios anteriores \u2013 ejercicio 2020, en favor del mencionado proveedor, el importe correspondiente en concepto de prestaci\u00f3n del servicio de distribuci\u00f3n especializada para el hospital municipal \u201cDr. \u00c1ngel Pintos\u201d de Azul. El expediente se gir\u00f3 a la comisi\u00f3n de Presupuesto.<\/p>\n\n\n\n<p>-Elev\u00f3 actuaciones iniciadas por la Subdirecci\u00f3n Gesti\u00f3n de Patrimonio, con proyecto de Ordenanza referido a autorizar al Departamento Ejecutivo a dar de baja definitiva del patrimonio municipal bienes totalmente obsoletos pertenecientes a la Direcci\u00f3n de Educaci\u00f3n. El expediente se gir\u00f3 a la comisi\u00f3n de presupuesto.<\/p>\n\n\n\n<p>-Elev\u00f3 actuaciones iniciadas por la Subdirecci\u00f3n Gesti\u00f3n de Patrimonio, con proyecto de Ordenanza referido a autorizar al Departamento Ejecutivo a dar de baja definitiva del patrimonio municipal un bien totalmente obsoleto perteneciente al Jard\u00edn Maternal \u201cRub\u00e9n C\u00e9sar de Paula\u201d. El expediente se gir\u00f3 a la comisi\u00f3n de presupuesto.<\/p>\n\n\n\n<p>-Elev\u00f3 actuaciones iniciadas por la Subdirecci\u00f3n Gesti\u00f3n de Patrimonio, con proyecto de Ordenanza referido a autorizar al Departamento Ejecutivo a dar de baja definitiva del patrimonio municipal un bien totalmente obsoleto perteneciente a la Subdirecci\u00f3n de Urbanismo y Vivienda. El expediente se gir\u00f3 a la comisi\u00f3n de presupuesto.<\/p>\n\n\n\n<p>-Elev\u00f3 actuaciones iniciadas por la Subdirecci\u00f3n Gesti\u00f3n de Patrimonio, con proyecto de Ordenanza referido a autorizar al Departamento Ejecutivo a dar de baja definitiva del patrimonio municipal bienes totalmente obsoletos pertenecientes a la Subsecretar\u00eda de Salud, \u00e1rea de Saneamiento. El expediente se gir\u00f3 a la comisi\u00f3n de presupuesto.<\/p>\n\n\n\n<p>-Elev\u00f3 actuaciones iniciadas por la Subdirecci\u00f3n Gesti\u00f3n de Patrimonio, con proyecto de Ordenanza referido a autorizar al Departamento Ejecutivo a dar de baja definitiva del patrimonio municipal bienes totalmente obsoletos pertenecientes a la Direcci\u00f3n de Sistemas y Modernizaci\u00f3n. El expediente se gir\u00f3 a la comisi\u00f3n de presupuesto.<\/p>\n\n\n\n<p>-Elev\u00f3 actuaciones iniciadas por la Subdirecci\u00f3n Gesti\u00f3n de Patrimonio, con proyecto de Ordenanza referido a autorizar al Departamento Ejecutivo a dar de baja definitiva del patrimonio municipal bienes totalmente obsoletos pertenecientes al Jard\u00edn Maternal \u201cIrma C. de Gay\u201d. El expediente se gir\u00f3 a la comisi\u00f3n de presupuesto.<\/p>\n\n\n\n<p>-Elev\u00f3 actuaciones iniciadas por la Subdirecci\u00f3n Gesti\u00f3n de Patrimonio, con proyecto de Ordenanza referido a autorizar al Departamento Ejecutivo a dar de baja definitiva del patrimonio municipal un bien que fuera denunciado como robado en el parque municipal \u201cDomingo F. Sarmiento\u201d. El expediente se gir\u00f3 a la comisi\u00f3n de presupuesto.<\/p>\n\n\n\n<p>-Elev\u00f3 actuaciones iniciadas por la Direcci\u00f3n de Relaciones con la Comunidad, con proyecto de Ordenanza referido a aceptar las donaciones realizadas por feriantes que participaron con sus stands en la Fiesta Nacional de la Miel 2022 en el predio de la Sociedad Rural de Azul. El expediente se gir\u00f3 a la comisi\u00f3n de presupuesto.<\/p>\n\n\n\n<p><strong>Despachos de las diferentes comisiones<\/strong>:<\/p>\n\n\n\n<p>-Despacho de la comisi\u00f3n de obras p\u00fablicas, vialidad y transporte, con proyecto de Ordenanza autorizando a la empresa de Transporte de Pasajeros \u201cLa Uni\u00f3n SRL\u201d a aplicar el nuevo cuadro tarifario. El despacho fue aprobado por unanimidad.<\/p>\n\n\n\n<p>-Despachos de la comisi\u00f3n de presupuesto y hacienda relacionados con los proyectos de Ordenanza Fiscal e Impositiva para el ejercicio 2023.<\/p>\n\n\n\n<p>En este punto, se dio lectura y defensa a <strong>3 despachos<\/strong> vinculados con el proyecto de <strong>Ordenanza Fiscal<\/strong>.<\/p>\n\n\n\n<p>El primero, que lleva la firma de la <strong>concejal Ficca<\/strong>, fue le\u00eddo por la edil. El segundo, fue defendido por la <strong>concejal Bilello<\/strong>, tambi\u00e9n lleva su firma, y el tercero, que lleva la firma de los <strong>concejales Aloisi, Louge y Mansilla<\/strong>, fue le\u00eddo por la edil Aloisi.<\/p>\n\n\n\n<p>Al momento de realizar la votaci\u00f3n, <strong>se aprob\u00f3 por mayor\u00eda el despacho que lleva 3 firmas<\/strong>.<\/p>\n\n\n\n<p>Posteriormente, se pusieron a tratamiento y votaci\u00f3n los despachos del proyecto de <strong>Ordenanza Impositiva<\/strong>.<\/p>\n\n\n\n<p>Al igual que en la Fiscal, se presentaron <strong>3 despachos<\/strong>. Uno llev\u00f3 la firma de la <strong>edil Ficca<\/strong>; el otro de la <strong>concejal Bilello<\/strong> y el tercero de los <strong>concejales Aloisi, Louge y Mansilla<\/strong>. Al momento de la votaci\u00f3n, <strong>se aprob\u00f3 por mayor\u00eda el despacho que lleva 3 firmas<\/strong>.<\/p>\n\n\n\n<p>-Despachos de la comisi\u00f3n de presupuesto y hacienda relacionados con el proyecto de Ordenanza de C\u00e1lculo de Recursos y Presupuesto de Gastos para el ejercicio 2023. <strong><\/strong><\/p>\n\n\n\n<p>En este punto, se presentaron <strong>dos despachos<\/strong>. Uno le\u00eddo por la <strong>concejal Paola Ficca<\/strong> y que llevaba su firma y el otro que llevaba la firma de los <strong>concejales Aloisi, Mansilla y Louge.<\/strong> Este \u00faltimo fue defendido por la edil Laura Aloisi.<\/p>\n\n\n\n<p>Luego de un arduo debate, se aprob\u00f3 por mayor\u00eda el despacho le\u00eddo por la concejal Laura Aloisi que aconseja la <strong>Desaprobaci\u00f3n<\/strong> del proyecto de Ordenanza de C\u00e1lculos de Recursos y Presupuesto de Gastos para el ejercicio 2023.<\/p>\n\n\n\n<p>-RESOLUCI\u00d3N N\u00b0 4.773\/2022, dictada por la Presidencia del Cuerpo, que declara de Inter\u00e9s Comunitario la \u201cJornada Informativa sobre la problem\u00e1tica de los excesos h\u00eddricos en el partido de Azul\u201d, realizada en la Sociedad Rural de Azul el pasado 6 de diciembre; a efectos de su convalidaci\u00f3n por parte de los se\u00f1ores y las se\u00f1oras concejales. La Resoluci\u00f3n fue convalidada por la totalidad de los concejales.<\/p>\n\n\n\n<p><strong>Notas recibidas:<\/strong><\/p>\n\n\n\n<p>-Intendente Municipal eleva copia del Decreto N\u00b0 1.898\/2022 mediante el cual se otorga un incremento salarial a los trabajadores municipales. El expediente se gir\u00f3 a la comisi\u00f3n de presupuesto y hacienda.<\/p>\n\n\n\n<p>-Intendente Municipal eleva actuaciones iniciadas por la Secretar\u00eda de Obras y Servicios P\u00fablicos, relacionadas con el convenio de la obra \u201cConstrucci\u00f3n de 56 Cuadras de Cord\u00f3n Cuneta en el Partido de Azul\u201d, adjuntando resoluci\u00f3n de la Provincia de Buenos Aires a fin de que este Cuerpo tome conocimiento. El expediente se gir\u00f3 a la comisi\u00f3n de interpretaci\u00f3n. &nbsp;<\/p>\n\n\n\n<p>-Vecino Peiretti Osvaldo y Leiva Juan elevan nota solicitando se modifique el sistema de multas impuesto ante el incumplimiento de la normativa urban\u00edstica. El expediente se gir\u00f3 a la comisi\u00f3n de obras p\u00fablicas.<\/p>\n\n\n\n<p>-Vecina Elsa Chenna eleva nota solicitando la intervenci\u00f3n del Consejo de Arbolado P\u00fablico a fin de resolver la problem\u00e1tica planteada. El expediente se gir\u00f3 a la comisi\u00f3n de obras p\u00fablicas. &nbsp;<\/p>\n\n\n\n<p><strong>Respuestas a expedientes<\/strong><\/p>\n\n\n\n<p>-Respuesta del Departamento Ejecutivo a la Comunicaci\u00f3n N\u00ba 2.581\/2022,mediante la cual se le solicitaba que informe sobre especialidades, d\u00edas y horarios de atenci\u00f3n en el hospital municipal \u201cDr. Casellas Sol\u00e1\u201d de Cachar\u00ed y en los centros de Atenci\u00f3n Primaria de la Salud. El expediente se gir\u00f3 a la comisi\u00f3n de salud.<\/p>\n\n\n\n<p>-Respuesta del Departamento Ejecutivo a la Comunicaci\u00f3n N\u00ba 2.595\/2022,mediante la cual se le solicitaba que informe sobre el acondicionamiento y refacci\u00f3n de los CAPS del partido de Azul, como asimismo del edificio&nbsp; donde funciona el lavadero e internaci\u00f3n de salud mental del Hospital \u201cDr. \u00c1ngel Pintos\u201d. El expediente se gir\u00f3 a la comisi\u00f3n de salud.<\/p>\n\n\n\n<p>-Respuesta del Departamento Ejecutivo a la Comunicaci\u00f3n N\u00ba 2.605\/2022,mediante la cual se le solicitaba informaci\u00f3n relacionada con los hechos acontecidos en el Cementerio Municipal de Azul. El expediente se gir\u00f3 a la comisi\u00f3n de interpretaci\u00f3n.<\/p>\n\n\n\n<p>-Respuestas de la UFIJ N\u00ba9 a la Comunicaci\u00f3n N\u00ba 2605\/2022,mediante la cual se requiere informaci\u00f3n relacionada con los hechos acontecidos en el Cementerio Municipal de Azul. El expediente se gir\u00f3 a la comisi\u00f3n de interpretaci\u00f3n.<\/p>\n\n\n\n<p>-Respuesta de la UFIJ N\u00ba2 a la Comunicaci\u00f3n N\u00ba 2605\/2022,mediante la cual se requiere informaci\u00f3n relacionada con los hechos acontecidos en el Cementerio Municipal de Azul. El expediente se gir\u00f3 a la comisi\u00f3n de interpretaci\u00f3n.<\/p>\n\n\n\n<p><strong>Informes<\/strong><\/p>\n\n\n\n<p>-Informes de los Juzgados de Faltas N\u00ba 1 y N\u00ba 2 del partido de Azul correspondientes al mes de Septiembre de 2022, de conformidad a la Ordenanza N\u00ba 4.492\/2020 \u2013 C\u00f3digo Municipal de Faltas. Los informes quedaron por Presidencia. <strong><u><\/u><\/strong><\/p>\n","protected":false},"excerpt":{"rendered":"<p>Se llev\u00f3 a cabo, en el recinto del Concejo Deliberante, una Sesi\u00f3n Extraordinaria que cont\u00f3 con un Orden del D\u00eda compuesto por m\u00e1s de 20 puntos. En la oportunidad, los concejales desaprobaron por mayor\u00eda el presupuesto 2023 presentado por el Departamento Ejecutivo; aprobaron por mayor\u00eda el proyecto de Ordenanza Fiscal e Impositiva con modificaciones; se [&hellip;]<\/p>\n","protected":false},"author":2,"featured_media":1879,"comment_status":"open","ping_status":"open","sticky":false,"template":"","format":"standard","meta":{"tdm_status":"","tdm_grid_status":"","footnotes":""},"categories":[7],"tags":[],"class_list":{"0":"post-1878","1":"post","2":"type-post","3":"status-publish","4":"format-standard","5":"has-post-thumbnail","7":"category-noticias"},"yoast_head":"<!-- This site is optimized with the Yoast SEO plugin v27.3 - https:\/\/yoast.com\/product\/yoast-seo-wordpress\/ -->\n<title>Sesi\u00f3n Extraordinaria - Concejo deliberante de Azul<\/title>\n<meta name=\"robots\" content=\"index, follow, max-snippet:-1, max-image-preview:large, max-video-preview:-1\" \/>\n<link rel=\"canonical\" href=\"http:\/\/concejodeliberantedeazul.gob.ar\/index.php\/2022\/12\/14\/sesion-extraordinaria-2\/\" \/>\n<meta property=\"og:locale\" content=\"es_ES\" \/>\n<meta property=\"og:type\" content=\"article\" \/>\n<meta property=\"og:title\" content=\"Sesi\u00f3n Extraordinaria - Concejo deliberante de Azul\" \/>\n<meta property=\"og:description\" content=\"Se llev\u00f3 a cabo, en el recinto del Concejo Deliberante, una Sesi\u00f3n Extraordinaria que cont\u00f3 con un Orden del D\u00eda compuesto por m\u00e1s de 20 puntos. En la oportunidad, los concejales desaprobaron por mayor\u00eda el presupuesto 2023 presentado por el Departamento Ejecutivo; aprobaron por mayor\u00eda el proyecto de Ordenanza Fiscal e Impositiva con modificaciones; se [&hellip;]\" \/>\n<meta property=\"og:url\" content=\"http:\/\/concejodeliberantedeazul.gob.ar\/index.php\/2022\/12\/14\/sesion-extraordinaria-2\/\" \/>\n<meta property=\"og:site_name\" content=\"Concejo deliberante de Azul\" \/>\n<meta property=\"article:published_time\" content=\"2022-12-14T12:34:24+00:00\" \/>\n<meta property=\"article:modified_time\" content=\"2022-12-14T12:34:25+00:00\" \/>\n<meta property=\"og:image\" content=\"http:\/\/concejodeliberantedeazul.gob.ar\/wp-content\/uploads\/2022\/12\/IMG_20221213_120502875-scaled.jpg\" \/>\n\t<meta property=\"og:image:width\" content=\"2560\" \/>\n\t<meta property=\"og:image:height\" content=\"1151\" \/>\n\t<meta property=\"og:image:type\" content=\"image\/jpeg\" \/>\n<meta name=\"author\" content=\"Concejo Deliberante Azul\" \/>\n<meta name=\"twitter:card\" content=\"summary_large_image\" \/>\n<meta name=\"twitter:label1\" content=\"Escrito por\" \/>\n\t<meta name=\"twitter:data1\" content=\"Concejo Deliberante Azul\" \/>\n\t<meta name=\"twitter:label2\" content=\"Tiempo de lectura\" \/>\n\t<meta name=\"twitter:data2\" content=\"8 minutos\" \/>\n<script type=\"application\/ld+json\" class=\"yoast-schema-graph\">{\"@context\":\"https:\\\/\\\/schema.org\",\"@graph\":[{\"@type\":\"Article\",\"@id\":\"http:\\\/\\\/concejodeliberantedeazul.gob.ar\\\/index.php\\\/2022\\\/12\\\/14\\\/sesion-extraordinaria-2\\\/#article\",\"isPartOf\":{\"@id\":\"http:\\\/\\\/concejodeliberantedeazul.gob.ar\\\/index.php\\\/2022\\\/12\\\/14\\\/sesion-extraordinaria-2\\\/\"},\"author\":{\"name\":\"Concejo Deliberante Azul\",\"@id\":\"http:\\\/\\\/concejodeliberantedeazul.gob.ar\\\/#\\\/schema\\\/person\\\/65fd6514aee7c29f008fc53b206198fe\"},\"headline\":\"Sesi\u00f3n Extraordinaria\",\"datePublished\":\"2022-12-14T12:34:24+00:00\",\"dateModified\":\"2022-12-14T12:34:25+00:00\",\"mainEntityOfPage\":{\"@id\":\"http:\\\/\\\/concejodeliberantedeazul.gob.ar\\\/index.php\\\/2022\\\/12\\\/14\\\/sesion-extraordinaria-2\\\/\"},\"wordCount\":1730,\"commentCount\":0,\"image\":{\"@id\":\"http:\\\/\\\/concejodeliberantedeazul.gob.ar\\\/index.php\\\/2022\\\/12\\\/14\\\/sesion-extraordinaria-2\\\/#primaryimage\"},\"thumbnailUrl\":\"http:\\\/\\\/concejodeliberantedeazul.gob.ar\\\/wp-content\\\/uploads\\\/2022\\\/12\\\/IMG_20221213_120502875-scaled.jpg\",\"articleSection\":[\"Noticias\"],\"inLanguage\":\"es-AR\",\"potentialAction\":[{\"@type\":\"CommentAction\",\"name\":\"Comment\",\"target\":[\"http:\\\/\\\/concejodeliberantedeazul.gob.ar\\\/index.php\\\/2022\\\/12\\\/14\\\/sesion-extraordinaria-2\\\/#respond\"]}]},{\"@type\":\"WebPage\",\"@id\":\"http:\\\/\\\/concejodeliberantedeazul.gob.ar\\\/index.php\\\/2022\\\/12\\\/14\\\/sesion-extraordinaria-2\\\/\",\"url\":\"http:\\\/\\\/concejodeliberantedeazul.gob.ar\\\/index.php\\\/2022\\\/12\\\/14\\\/sesion-extraordinaria-2\\\/\",\"name\":\"Sesi\u00f3n Extraordinaria - Concejo deliberante de Azul\",\"isPartOf\":{\"@id\":\"http:\\\/\\\/concejodeliberantedeazul.gob.ar\\\/#website\"},\"primaryImageOfPage\":{\"@id\":\"http:\\\/\\\/concejodeliberantedeazul.gob.ar\\\/index.php\\\/2022\\\/12\\\/14\\\/sesion-extraordinaria-2\\\/#primaryimage\"},\"image\":{\"@id\":\"http:\\\/\\\/concejodeliberantedeazul.gob.ar\\\/index.php\\\/2022\\\/12\\\/14\\\/sesion-extraordinaria-2\\\/#primaryimage\"},\"thumbnailUrl\":\"http:\\\/\\\/concejodeliberantedeazul.gob.ar\\\/wp-content\\\/uploads\\\/2022\\\/12\\\/IMG_20221213_120502875-scaled.jpg\",\"datePublished\":\"2022-12-14T12:34:24+00:00\",\"dateModified\":\"2022-12-14T12:34:25+00:00\",\"author\":{\"@id\":\"http:\\\/\\\/concejodeliberantedeazul.gob.ar\\\/#\\\/schema\\\/person\\\/65fd6514aee7c29f008fc53b206198fe\"},\"breadcrumb\":{\"@id\":\"http:\\\/\\\/concejodeliberantedeazul.gob.ar\\\/index.php\\\/2022\\\/12\\\/14\\\/sesion-extraordinaria-2\\\/#breadcrumb\"},\"inLanguage\":\"es-AR\",\"potentialAction\":[{\"@type\":\"ReadAction\",\"target\":[\"http:\\\/\\\/concejodeliberantedeazul.gob.ar\\\/index.php\\\/2022\\\/12\\\/14\\\/sesion-extraordinaria-2\\\/\"]}]},{\"@type\":\"ImageObject\",\"inLanguage\":\"es-AR\",\"@id\":\"http:\\\/\\\/concejodeliberantedeazul.gob.ar\\\/index.php\\\/2022\\\/12\\\/14\\\/sesion-extraordinaria-2\\\/#primaryimage\",\"url\":\"http:\\\/\\\/concejodeliberantedeazul.gob.ar\\\/wp-content\\\/uploads\\\/2022\\\/12\\\/IMG_20221213_120502875-scaled.jpg\",\"contentUrl\":\"http:\\\/\\\/concejodeliberantedeazul.gob.ar\\\/wp-content\\\/uploads\\\/2022\\\/12\\\/IMG_20221213_120502875-scaled.jpg\",\"width\":2560,\"height\":1151},{\"@type\":\"BreadcrumbList\",\"@id\":\"http:\\\/\\\/concejodeliberantedeazul.gob.ar\\\/index.php\\\/2022\\\/12\\\/14\\\/sesion-extraordinaria-2\\\/#breadcrumb\",\"itemListElement\":[{\"@type\":\"ListItem\",\"position\":1,\"name\":\"Inicio\",\"item\":\"https:\\\/\\\/concejodeliberantedeazul.gob.ar\\\/\"},{\"@type\":\"ListItem\",\"position\":2,\"name\":\"Sesi\u00f3n Extraordinaria\"}]},{\"@type\":\"WebSite\",\"@id\":\"http:\\\/\\\/concejodeliberantedeazul.gob.ar\\\/#website\",\"url\":\"http:\\\/\\\/concejodeliberantedeazul.gob.ar\\\/\",\"name\":\"Concejo deliberante de Azul\",\"description\":\"Sitio Web Oficial del Concejo Deliberante de Azul, Prov. de Buenos Aires - Conformado por 18 concejales de todo el partido.\",\"potentialAction\":[{\"@type\":\"SearchAction\",\"target\":{\"@type\":\"EntryPoint\",\"urlTemplate\":\"http:\\\/\\\/concejodeliberantedeazul.gob.ar\\\/?s={search_term_string}\"},\"query-input\":{\"@type\":\"PropertyValueSpecification\",\"valueRequired\":true,\"valueName\":\"search_term_string\"}}],\"inLanguage\":\"es-AR\"},{\"@type\":\"Person\",\"@id\":\"http:\\\/\\\/concejodeliberantedeazul.gob.ar\\\/#\\\/schema\\\/person\\\/65fd6514aee7c29f008fc53b206198fe\",\"name\":\"Concejo Deliberante Azul\",\"image\":{\"@type\":\"ImageObject\",\"inLanguage\":\"es-AR\",\"@id\":\"https:\\\/\\\/secure.gravatar.com\\\/avatar\\\/30d9ae907861b897be87a25469982f0cfbce09947e0998bf7d9d0ecab450fb85?s=96&d=mm&r=g\",\"url\":\"https:\\\/\\\/secure.gravatar.com\\\/avatar\\\/30d9ae907861b897be87a25469982f0cfbce09947e0998bf7d9d0ecab450fb85?s=96&d=mm&r=g\",\"contentUrl\":\"https:\\\/\\\/secure.gravatar.com\\\/avatar\\\/30d9ae907861b897be87a25469982f0cfbce09947e0998bf7d9d0ecab450fb85?s=96&d=mm&r=g\",\"caption\":\"Concejo Deliberante Azul\"},\"url\":\"http:\\\/\\\/concejodeliberantedeazul.gob.ar\\\/index.php\\\/author\\\/concejo\\\/\"}]}<\/script>\n<!-- \/ Yoast SEO plugin. -->","yoast_head_json":{"title":"Sesi\u00f3n Extraordinaria - Concejo deliberante de Azul","robots":{"index":"index","follow":"follow","max-snippet":"max-snippet:-1","max-image-preview":"max-image-preview:large","max-video-preview":"max-video-preview:-1"},"canonical":"http:\/\/concejodeliberantedeazul.gob.ar\/index.php\/2022\/12\/14\/sesion-extraordinaria-2\/","og_locale":"es_ES","og_type":"article","og_title":"Sesi\u00f3n Extraordinaria - Concejo deliberante de Azul","og_description":"Se llev\u00f3 a cabo, en el recinto del Concejo Deliberante, una Sesi\u00f3n Extraordinaria que cont\u00f3 con un Orden del D\u00eda compuesto por m\u00e1s de 20 puntos. En la oportunidad, los concejales desaprobaron por mayor\u00eda el presupuesto 2023 presentado por el Departamento Ejecutivo; aprobaron por mayor\u00eda el proyecto de Ordenanza Fiscal e Impositiva con modificaciones; se [&hellip;]","og_url":"http:\/\/concejodeliberantedeazul.gob.ar\/index.php\/2022\/12\/14\/sesion-extraordinaria-2\/","og_site_name":"Concejo deliberante de Azul","article_published_time":"2022-12-14T12:34:24+00:00","article_modified_time":"2022-12-14T12:34:25+00:00","og_image":[{"width":2560,"height":1151,"url":"http:\/\/concejodeliberantedeazul.gob.ar\/wp-content\/uploads\/2022\/12\/IMG_20221213_120502875-scaled.jpg","type":"image\/jpeg"}],"author":"Concejo Deliberante Azul","twitter_card":"summary_large_image","twitter_misc":{"Escrito por":"Concejo Deliberante Azul","Tiempo de lectura":"8 minutos"},"schema":{"@context":"https:\/\/schema.org","@graph":[{"@type":"Article","@id":"http:\/\/concejodeliberantedeazul.gob.ar\/index.php\/2022\/12\/14\/sesion-extraordinaria-2\/#article","isPartOf":{"@id":"http:\/\/concejodeliberantedeazul.gob.ar\/index.php\/2022\/12\/14\/sesion-extraordinaria-2\/"},"author":{"name":"Concejo Deliberante Azul","@id":"http:\/\/concejodeliberantedeazul.gob.ar\/#\/schema\/person\/65fd6514aee7c29f008fc53b206198fe"},"headline":"Sesi\u00f3n Extraordinaria","datePublished":"2022-12-14T12:34:24+00:00","dateModified":"2022-12-14T12:34:25+00:00","mainEntityOfPage":{"@id":"http:\/\/concejodeliberantedeazul.gob.ar\/index.php\/2022\/12\/14\/sesion-extraordinaria-2\/"},"wordCount":1730,"commentCount":0,"image":{"@id":"http:\/\/concejodeliberantedeazul.gob.ar\/index.php\/2022\/12\/14\/sesion-extraordinaria-2\/#primaryimage"},"thumbnailUrl":"http:\/\/concejodeliberantedeazul.gob.ar\/wp-content\/uploads\/2022\/12\/IMG_20221213_120502875-scaled.jpg","articleSection":["Noticias"],"inLanguage":"es-AR","potentialAction":[{"@type":"CommentAction","name":"Comment","target":["http:\/\/concejodeliberantedeazul.gob.ar\/index.php\/2022\/12\/14\/sesion-extraordinaria-2\/#respond"]}]},{"@type":"WebPage","@id":"http:\/\/concejodeliberantedeazul.gob.ar\/index.php\/2022\/12\/14\/sesion-extraordinaria-2\/","url":"http:\/\/concejodeliberantedeazul.gob.ar\/index.php\/2022\/12\/14\/sesion-extraordinaria-2\/","name":"Sesi\u00f3n Extraordinaria - Concejo deliberante de Azul","isPartOf":{"@id":"http:\/\/concejodeliberantedeazul.gob.ar\/#website"},"primaryImageOfPage":{"@id":"http:\/\/concejodeliberantedeazul.gob.ar\/index.php\/2022\/12\/14\/sesion-extraordinaria-2\/#primaryimage"},"image":{"@id":"http:\/\/concejodeliberantedeazul.gob.ar\/index.php\/2022\/12\/14\/sesion-extraordinaria-2\/#primaryimage"},"thumbnailUrl":"http:\/\/concejodeliberantedeazul.gob.ar\/wp-content\/uploads\/2022\/12\/IMG_20221213_120502875-scaled.jpg","datePublished":"2022-12-14T12:34:24+00:00","dateModified":"2022-12-14T12:34:25+00:00","author":{"@id":"http:\/\/concejodeliberantedeazul.gob.ar\/#\/schema\/person\/65fd6514aee7c29f008fc53b206198fe"},"breadcrumb":{"@id":"http:\/\/concejodeliberantedeazul.gob.ar\/index.php\/2022\/12\/14\/sesion-extraordinaria-2\/#breadcrumb"},"inLanguage":"es-AR","potentialAction":[{"@type":"ReadAction","target":["http:\/\/concejodeliberantedeazul.gob.ar\/index.php\/2022\/12\/14\/sesion-extraordinaria-2\/"]}]},{"@type":"ImageObject","inLanguage":"es-AR","@id":"http:\/\/concejodeliberantedeazul.gob.ar\/index.php\/2022\/12\/14\/sesion-extraordinaria-2\/#primaryimage","url":"http:\/\/concejodeliberantedeazul.gob.ar\/wp-content\/uploads\/2022\/12\/IMG_20221213_120502875-scaled.jpg","contentUrl":"http:\/\/concejodeliberantedeazul.gob.ar\/wp-content\/uploads\/2022\/12\/IMG_20221213_120502875-scaled.jpg","width":2560,"height":1151},{"@type":"BreadcrumbList","@id":"http:\/\/concejodeliberantedeazul.gob.ar\/index.php\/2022\/12\/14\/sesion-extraordinaria-2\/#breadcrumb","itemListElement":[{"@type":"ListItem","position":1,"name":"Inicio","item":"https:\/\/concejodeliberantedeazul.gob.ar\/"},{"@type":"ListItem","position":2,"name":"Sesi\u00f3n Extraordinaria"}]},{"@type":"WebSite","@id":"http:\/\/concejodeliberantedeazul.gob.ar\/#website","url":"http:\/\/concejodeliberantedeazul.gob.ar\/","name":"Concejo deliberante de Azul","description":"Sitio Web Oficial del Concejo Deliberante de Azul, Prov. de Buenos Aires - Conformado por 18 concejales de todo el partido.","potentialAction":[{"@type":"SearchAction","target":{"@type":"EntryPoint","urlTemplate":"http:\/\/concejodeliberantedeazul.gob.ar\/?s={search_term_string}"},"query-input":{"@type":"PropertyValueSpecification","valueRequired":true,"valueName":"search_term_string"}}],"inLanguage":"es-AR"},{"@type":"Person","@id":"http:\/\/concejodeliberantedeazul.gob.ar\/#\/schema\/person\/65fd6514aee7c29f008fc53b206198fe","name":"Concejo Deliberante Azul","image":{"@type":"ImageObject","inLanguage":"es-AR","@id":"https:\/\/secure.gravatar.com\/avatar\/30d9ae907861b897be87a25469982f0cfbce09947e0998bf7d9d0ecab450fb85?s=96&d=mm&r=g","url":"https:\/\/secure.gravatar.com\/avatar\/30d9ae907861b897be87a25469982f0cfbce09947e0998bf7d9d0ecab450fb85?s=96&d=mm&r=g","contentUrl":"https:\/\/secure.gravatar.com\/avatar\/30d9ae907861b897be87a25469982f0cfbce09947e0998bf7d9d0ecab450fb85?s=96&d=mm&r=g","caption":"Concejo Deliberante Azul"},"url":"http:\/\/concejodeliberantedeazul.gob.ar\/index.php\/author\/concejo\/"}]}},"amp_enabled":true,"_links":{"self":[{"href":"http:\/\/concejodeliberantedeazul.gob.ar\/index.php\/wp-json\/wp\/v2\/posts\/1878","targetHints":{"allow":["GET"]}}],"collection":[{"href":"http:\/\/concejodeliberantedeazul.gob.ar\/index.php\/wp-json\/wp\/v2\/posts"}],"about":[{"href":"http:\/\/concejodeliberantedeazul.gob.ar\/index.php\/wp-json\/wp\/v2\/types\/post"}],"author":[{"embeddable":true,"href":"http:\/\/concejodeliberantedeazul.gob.ar\/index.php\/wp-json\/wp\/v2\/users\/2"}],"replies":[{"embeddable":true,"href":"http:\/\/concejodeliberantedeazul.gob.ar\/index.php\/wp-json\/wp\/v2\/comments?post=1878"}],"version-history":[{"count":1,"href":"http:\/\/concejodeliberantedeazul.gob.ar\/index.php\/wp-json\/wp\/v2\/posts\/1878\/revisions"}],"predecessor-version":[{"id":1880,"href":"http:\/\/concejodeliberantedeazul.gob.ar\/index.php\/wp-json\/wp\/v2\/posts\/1878\/revisions\/1880"}],"wp:featuredmedia":[{"embeddable":true,"href":"http:\/\/concejodeliberantedeazul.gob.ar\/index.php\/wp-json\/wp\/v2\/media\/1879"}],"wp:attachment":[{"href":"http:\/\/concejodeliberantedeazul.gob.ar\/index.php\/wp-json\/wp\/v2\/media?parent=1878"}],"wp:term":[{"taxonomy":"category","embeddable":true,"href":"http:\/\/concejodeliberantedeazul.gob.ar\/index.php\/wp-json\/wp\/v2\/categories?post=1878"},{"taxonomy":"post_tag","embeddable":true,"href":"http:\/\/concejodeliberantedeazul.gob.ar\/index.php\/wp-json\/wp\/v2\/tags?post=1878"}],"curies":[{"name":"wp","href":"https:\/\/api.w.org\/{rel}","templated":true}]}}