{"id":1827,"date":"2022-11-10T13:30:15","date_gmt":"2022-11-10T16:30:15","guid":{"rendered":"http:\/\/concejodeliberantedeazul.gob.ar\/?p=1827"},"modified":"2022-11-10T13:30:16","modified_gmt":"2022-11-10T16:30:16","slug":"reunion-de-autoridades-y-concejales-con-representantes-de-cicop-azul","status":"publish","type":"post","link":"http:\/\/concejodeliberantedeazul.gob.ar\/index.php\/2022\/11\/10\/reunion-de-autoridades-y-concejales-con-representantes-de-cicop-azul\/","title":{"rendered":"<strong>Reuni\u00f3n de autoridades y concejales con representantes de CICOP Azul<\/strong>"},"content":{"rendered":"\n<p>Los Doctores Mart\u00edn Mayo, Sof\u00eda Nasello y la Licenciada Ana Soljan fueron recibidos en el Concejo Deliberante por la Presidenta del Cuerpo, Mar\u00eda In\u00e9s Laurini; la Secretaria, Gisela Balda y los concejales Pilar \u00c1lvarez, Paola Ficca, Joaqu\u00edn Propato, Cristina \u00c1lvarez, Ver\u00f3nica Crisaffulli, Lucio Mansilla y Natalia Colome.<\/p>\n\n\n\n<p>La reuni\u00f3n tuvo por objetivo abordar el proyecto de Ordenanza que refiere a la posible adhesi\u00f3n la Municipalidad de Azul a los Decretos del Poder Ejecutivo provincial relacionados con el derecho a la obtenci\u00f3n del beneficio jubilatorio diferenciado por agotamiento prematuro por parte de los trabajadores de todos los agrupamientos que prestan servicio en los hospitales p\u00fablicos.<\/p>\n\n\n\n<p>Los representantes de CICOP Azul y de la Asociaci\u00f3n de Profesionales del Hospital Pintos les solicitaron a los concejales que se puedan realizar las gestiones necesarias para el reconocimiento del Desgaste Prematuro para los trabajadores de los establecimientos y unidades asistenciales dependientes de la Municipalidad de Azul.<\/p>\n\n\n\n<p>En este sentido, se dialog\u00f3 sobre la realidad de los centros asistenciales, la labor de los profesionales de la salud, el impacto de la pandemia, el rol de los Centros de Atenci\u00f3n Primaria de la Salud y de la necesidad de poner en igualdad de condiciones laborales a los trabajadores de los hospitales provinciales y municipales.<\/p>\n","protected":false},"excerpt":{"rendered":"<p>Los Doctores Mart\u00edn Mayo, Sof\u00eda Nasello y la Licenciada Ana Soljan fueron recibidos en el Concejo Deliberante por la Presidenta del Cuerpo, Mar\u00eda In\u00e9s Laurini; la Secretaria, Gisela Balda y los concejales Pilar \u00c1lvarez, Paola Ficca, Joaqu\u00edn Propato, Cristina \u00c1lvarez, Ver\u00f3nica Crisaffulli, Lucio Mansilla y Natalia Colome. La reuni\u00f3n tuvo por objetivo abordar el proyecto [&hellip;]<\/p>\n","protected":false},"author":2,"featured_media":1828,"comment_status":"open","ping_status":"open","sticky":false,"template":"","format":"standard","meta":{"tdm_status":"","tdm_grid_status":"","footnotes":""},"categories":[7],"tags":[],"class_list":{"0":"post-1827","1":"post","2":"type-post","3":"status-publish","4":"format-standard","5":"has-post-thumbnail","7":"category-noticias"},"yoast_head":"<!-- This site is optimized with the Yoast SEO plugin v27.3 - https:\/\/yoast.com\/product\/yoast-seo-wordpress\/ -->\n<title>Reuni\u00f3n de autoridades y concejales con representantes de CICOP Azul - Concejo deliberante de Azul<\/title>\n<meta name=\"robots\" content=\"index, follow, max-snippet:-1, max-image-preview:large, max-video-preview:-1\" \/>\n<link rel=\"canonical\" href=\"https:\/\/concejodeliberantedeazul.gob.ar\/index.php\/2022\/11\/10\/reunion-de-autoridades-y-concejales-con-representantes-de-cicop-azul\/\" \/>\n<meta property=\"og:locale\" content=\"es_ES\" \/>\n<meta property=\"og:type\" content=\"article\" \/>\n<meta property=\"og:title\" content=\"Reuni\u00f3n de autoridades y concejales con representantes de CICOP Azul - Concejo deliberante de Azul\" \/>\n<meta property=\"og:description\" content=\"Los Doctores Mart\u00edn Mayo, Sof\u00eda Nasello y la Licenciada Ana Soljan fueron recibidos en el Concejo Deliberante por la Presidenta del Cuerpo, Mar\u00eda In\u00e9s Laurini; la Secretaria, Gisela Balda y los concejales Pilar \u00c1lvarez, Paola Ficca, Joaqu\u00edn Propato, Cristina \u00c1lvarez, Ver\u00f3nica Crisaffulli, Lucio Mansilla y Natalia Colome. La reuni\u00f3n tuvo por objetivo abordar el proyecto [&hellip;]\" \/>\n<meta property=\"og:url\" content=\"https:\/\/concejodeliberantedeazul.gob.ar\/index.php\/2022\/11\/10\/reunion-de-autoridades-y-concejales-con-representantes-de-cicop-azul\/\" \/>\n<meta property=\"og:site_name\" content=\"Concejo deliberante de Azul\" \/>\n<meta property=\"article:published_time\" content=\"2022-11-10T16:30:15+00:00\" \/>\n<meta property=\"article:modified_time\" content=\"2022-11-10T16:30:16+00:00\" \/>\n<meta property=\"og:image\" content=\"https:\/\/concejodeliberantedeazul.gob.ar\/wp-content\/uploads\/2022\/11\/10-11-2022-Reunion-CICOP-scaled.jpg\" \/>\n\t<meta property=\"og:image:width\" content=\"2560\" \/>\n\t<meta property=\"og:image:height\" content=\"2024\" \/>\n\t<meta property=\"og:image:type\" content=\"image\/jpeg\" \/>\n<meta name=\"author\" content=\"Concejo Deliberante Azul\" \/>\n<meta name=\"twitter:card\" content=\"summary_large_image\" \/>\n<meta name=\"twitter:label1\" content=\"Escrito por\" \/>\n\t<meta name=\"twitter:data1\" content=\"Concejo Deliberante Azul\" \/>\n\t<meta name=\"twitter:label2\" content=\"Tiempo de lectura\" \/>\n\t<meta name=\"twitter:data2\" content=\"1 minuto\" \/>\n<script type=\"application\/ld+json\" class=\"yoast-schema-graph\">{\"@context\":\"https:\\\/\\\/schema.org\",\"@graph\":[{\"@type\":\"Article\",\"@id\":\"https:\\\/\\\/concejodeliberantedeazul.gob.ar\\\/index.php\\\/2022\\\/11\\\/10\\\/reunion-de-autoridades-y-concejales-con-representantes-de-cicop-azul\\\/#article\",\"isPartOf\":{\"@id\":\"https:\\\/\\\/concejodeliberantedeazul.gob.ar\\\/index.php\\\/2022\\\/11\\\/10\\\/reunion-de-autoridades-y-concejales-con-representantes-de-cicop-azul\\\/\"},\"author\":{\"name\":\"Concejo Deliberante Azul\",\"@id\":\"http:\\\/\\\/concejodeliberantedeazul.gob.ar\\\/#\\\/schema\\\/person\\\/65fd6514aee7c29f008fc53b206198fe\"},\"headline\":\"Reuni\u00f3n de autoridades y concejales con representantes de CICOP Azul\",\"datePublished\":\"2022-11-10T16:30:15+00:00\",\"dateModified\":\"2022-11-10T16:30:16+00:00\",\"mainEntityOfPage\":{\"@id\":\"https:\\\/\\\/concejodeliberantedeazul.gob.ar\\\/index.php\\\/2022\\\/11\\\/10\\\/reunion-de-autoridades-y-concejales-con-representantes-de-cicop-azul\\\/\"},\"wordCount\":230,\"commentCount\":0,\"image\":{\"@id\":\"https:\\\/\\\/concejodeliberantedeazul.gob.ar\\\/index.php\\\/2022\\\/11\\\/10\\\/reunion-de-autoridades-y-concejales-con-representantes-de-cicop-azul\\\/#primaryimage\"},\"thumbnailUrl\":\"http:\\\/\\\/concejodeliberantedeazul.gob.ar\\\/wp-content\\\/uploads\\\/2022\\\/11\\\/10-11-2022-Reunion-CICOP-scaled.jpg\",\"articleSection\":[\"Noticias\"],\"inLanguage\":\"es-AR\",\"potentialAction\":[{\"@type\":\"CommentAction\",\"name\":\"Comment\",\"target\":[\"https:\\\/\\\/concejodeliberantedeazul.gob.ar\\\/index.php\\\/2022\\\/11\\\/10\\\/reunion-de-autoridades-y-concejales-con-representantes-de-cicop-azul\\\/#respond\"]}]},{\"@type\":\"WebPage\",\"@id\":\"https:\\\/\\\/concejodeliberantedeazul.gob.ar\\\/index.php\\\/2022\\\/11\\\/10\\\/reunion-de-autoridades-y-concejales-con-representantes-de-cicop-azul\\\/\",\"url\":\"https:\\\/\\\/concejodeliberantedeazul.gob.ar\\\/index.php\\\/2022\\\/11\\\/10\\\/reunion-de-autoridades-y-concejales-con-representantes-de-cicop-azul\\\/\",\"name\":\"Reuni\u00f3n de autoridades y concejales con representantes de CICOP Azul - Concejo deliberante de Azul\",\"isPartOf\":{\"@id\":\"http:\\\/\\\/concejodeliberantedeazul.gob.ar\\\/#website\"},\"primaryImageOfPage\":{\"@id\":\"https:\\\/\\\/concejodeliberantedeazul.gob.ar\\\/index.php\\\/2022\\\/11\\\/10\\\/reunion-de-autoridades-y-concejales-con-representantes-de-cicop-azul\\\/#primaryimage\"},\"image\":{\"@id\":\"https:\\\/\\\/concejodeliberantedeazul.gob.ar\\\/index.php\\\/2022\\\/11\\\/10\\\/reunion-de-autoridades-y-concejales-con-representantes-de-cicop-azul\\\/#primaryimage\"},\"thumbnailUrl\":\"http:\\\/\\\/concejodeliberantedeazul.gob.ar\\\/wp-content\\\/uploads\\\/2022\\\/11\\\/10-11-2022-Reunion-CICOP-scaled.jpg\",\"datePublished\":\"2022-11-10T16:30:15+00:00\",\"dateModified\":\"2022-11-10T16:30:16+00:00\",\"author\":{\"@id\":\"http:\\\/\\\/concejodeliberantedeazul.gob.ar\\\/#\\\/schema\\\/person\\\/65fd6514aee7c29f008fc53b206198fe\"},\"breadcrumb\":{\"@id\":\"https:\\\/\\\/concejodeliberantedeazul.gob.ar\\\/index.php\\\/2022\\\/11\\\/10\\\/reunion-de-autoridades-y-concejales-con-representantes-de-cicop-azul\\\/#breadcrumb\"},\"inLanguage\":\"es-AR\",\"potentialAction\":[{\"@type\":\"ReadAction\",\"target\":[\"https:\\\/\\\/concejodeliberantedeazul.gob.ar\\\/index.php\\\/2022\\\/11\\\/10\\\/reunion-de-autoridades-y-concejales-con-representantes-de-cicop-azul\\\/\"]}]},{\"@type\":\"ImageObject\",\"inLanguage\":\"es-AR\",\"@id\":\"https:\\\/\\\/concejodeliberantedeazul.gob.ar\\\/index.php\\\/2022\\\/11\\\/10\\\/reunion-de-autoridades-y-concejales-con-representantes-de-cicop-azul\\\/#primaryimage\",\"url\":\"http:\\\/\\\/concejodeliberantedeazul.gob.ar\\\/wp-content\\\/uploads\\\/2022\\\/11\\\/10-11-2022-Reunion-CICOP-scaled.jpg\",\"contentUrl\":\"http:\\\/\\\/concejodeliberantedeazul.gob.ar\\\/wp-content\\\/uploads\\\/2022\\\/11\\\/10-11-2022-Reunion-CICOP-scaled.jpg\",\"width\":2560,\"height\":2024},{\"@type\":\"BreadcrumbList\",\"@id\":\"https:\\\/\\\/concejodeliberantedeazul.gob.ar\\\/index.php\\\/2022\\\/11\\\/10\\\/reunion-de-autoridades-y-concejales-con-representantes-de-cicop-azul\\\/#breadcrumb\",\"itemListElement\":[{\"@type\":\"ListItem\",\"position\":1,\"name\":\"Inicio\",\"item\":\"https:\\\/\\\/concejodeliberantedeazul.gob.ar\\\/\"},{\"@type\":\"ListItem\",\"position\":2,\"name\":\"Reuni\u00f3n de autoridades y concejales con representantes de CICOP Azul\"}]},{\"@type\":\"WebSite\",\"@id\":\"http:\\\/\\\/concejodeliberantedeazul.gob.ar\\\/#website\",\"url\":\"http:\\\/\\\/concejodeliberantedeazul.gob.ar\\\/\",\"name\":\"Concejo deliberante de Azul\",\"description\":\"Sitio Web Oficial del Concejo Deliberante de Azul, Prov. de Buenos Aires - Conformado por 18 concejales de todo el partido.\",\"potentialAction\":[{\"@type\":\"SearchAction\",\"target\":{\"@type\":\"EntryPoint\",\"urlTemplate\":\"http:\\\/\\\/concejodeliberantedeazul.gob.ar\\\/?s={search_term_string}\"},\"query-input\":{\"@type\":\"PropertyValueSpecification\",\"valueRequired\":true,\"valueName\":\"search_term_string\"}}],\"inLanguage\":\"es-AR\"},{\"@type\":\"Person\",\"@id\":\"http:\\\/\\\/concejodeliberantedeazul.gob.ar\\\/#\\\/schema\\\/person\\\/65fd6514aee7c29f008fc53b206198fe\",\"name\":\"Concejo Deliberante Azul\",\"image\":{\"@type\":\"ImageObject\",\"inLanguage\":\"es-AR\",\"@id\":\"https:\\\/\\\/secure.gravatar.com\\\/avatar\\\/30d9ae907861b897be87a25469982f0cfbce09947e0998bf7d9d0ecab450fb85?s=96&d=mm&r=g\",\"url\":\"https:\\\/\\\/secure.gravatar.com\\\/avatar\\\/30d9ae907861b897be87a25469982f0cfbce09947e0998bf7d9d0ecab450fb85?s=96&d=mm&r=g\",\"contentUrl\":\"https:\\\/\\\/secure.gravatar.com\\\/avatar\\\/30d9ae907861b897be87a25469982f0cfbce09947e0998bf7d9d0ecab450fb85?s=96&d=mm&r=g\",\"caption\":\"Concejo Deliberante Azul\"},\"url\":\"http:\\\/\\\/concejodeliberantedeazul.gob.ar\\\/index.php\\\/author\\\/concejo\\\/\"}]}<\/script>\n<!-- \/ Yoast SEO plugin. -->","yoast_head_json":{"title":"Reuni\u00f3n de autoridades y concejales con representantes de CICOP Azul - Concejo deliberante de Azul","robots":{"index":"index","follow":"follow","max-snippet":"max-snippet:-1","max-image-preview":"max-image-preview:large","max-video-preview":"max-video-preview:-1"},"canonical":"https:\/\/concejodeliberantedeazul.gob.ar\/index.php\/2022\/11\/10\/reunion-de-autoridades-y-concejales-con-representantes-de-cicop-azul\/","og_locale":"es_ES","og_type":"article","og_title":"Reuni\u00f3n de autoridades y concejales con representantes de CICOP Azul - Concejo deliberante de Azul","og_description":"Los Doctores Mart\u00edn Mayo, Sof\u00eda Nasello y la Licenciada Ana Soljan fueron recibidos en el Concejo Deliberante por la Presidenta del Cuerpo, Mar\u00eda In\u00e9s Laurini; la Secretaria, Gisela Balda y los concejales Pilar \u00c1lvarez, Paola Ficca, Joaqu\u00edn Propato, Cristina \u00c1lvarez, Ver\u00f3nica Crisaffulli, Lucio Mansilla y Natalia Colome. La reuni\u00f3n tuvo por objetivo abordar el proyecto [&hellip;]","og_url":"https:\/\/concejodeliberantedeazul.gob.ar\/index.php\/2022\/11\/10\/reunion-de-autoridades-y-concejales-con-representantes-de-cicop-azul\/","og_site_name":"Concejo deliberante de Azul","article_published_time":"2022-11-10T16:30:15+00:00","article_modified_time":"2022-11-10T16:30:16+00:00","og_image":[{"width":2560,"height":2024,"url":"https:\/\/concejodeliberantedeazul.gob.ar\/wp-content\/uploads\/2022\/11\/10-11-2022-Reunion-CICOP-scaled.jpg","type":"image\/jpeg"}],"author":"Concejo Deliberante Azul","twitter_card":"summary_large_image","twitter_misc":{"Escrito por":"Concejo Deliberante Azul","Tiempo de lectura":"1 minuto"},"schema":{"@context":"https:\/\/schema.org","@graph":[{"@type":"Article","@id":"https:\/\/concejodeliberantedeazul.gob.ar\/index.php\/2022\/11\/10\/reunion-de-autoridades-y-concejales-con-representantes-de-cicop-azul\/#article","isPartOf":{"@id":"https:\/\/concejodeliberantedeazul.gob.ar\/index.php\/2022\/11\/10\/reunion-de-autoridades-y-concejales-con-representantes-de-cicop-azul\/"},"author":{"name":"Concejo Deliberante Azul","@id":"http:\/\/concejodeliberantedeazul.gob.ar\/#\/schema\/person\/65fd6514aee7c29f008fc53b206198fe"},"headline":"Reuni\u00f3n de autoridades y concejales con representantes de CICOP Azul","datePublished":"2022-11-10T16:30:15+00:00","dateModified":"2022-11-10T16:30:16+00:00","mainEntityOfPage":{"@id":"https:\/\/concejodeliberantedeazul.gob.ar\/index.php\/2022\/11\/10\/reunion-de-autoridades-y-concejales-con-representantes-de-cicop-azul\/"},"wordCount":230,"commentCount":0,"image":{"@id":"https:\/\/concejodeliberantedeazul.gob.ar\/index.php\/2022\/11\/10\/reunion-de-autoridades-y-concejales-con-representantes-de-cicop-azul\/#primaryimage"},"thumbnailUrl":"http:\/\/concejodeliberantedeazul.gob.ar\/wp-content\/uploads\/2022\/11\/10-11-2022-Reunion-CICOP-scaled.jpg","articleSection":["Noticias"],"inLanguage":"es-AR","potentialAction":[{"@type":"CommentAction","name":"Comment","target":["https:\/\/concejodeliberantedeazul.gob.ar\/index.php\/2022\/11\/10\/reunion-de-autoridades-y-concejales-con-representantes-de-cicop-azul\/#respond"]}]},{"@type":"WebPage","@id":"https:\/\/concejodeliberantedeazul.gob.ar\/index.php\/2022\/11\/10\/reunion-de-autoridades-y-concejales-con-representantes-de-cicop-azul\/","url":"https:\/\/concejodeliberantedeazul.gob.ar\/index.php\/2022\/11\/10\/reunion-de-autoridades-y-concejales-con-representantes-de-cicop-azul\/","name":"Reuni\u00f3n de autoridades y concejales con representantes de CICOP Azul - Concejo deliberante de Azul","isPartOf":{"@id":"http:\/\/concejodeliberantedeazul.gob.ar\/#website"},"primaryImageOfPage":{"@id":"https:\/\/concejodeliberantedeazul.gob.ar\/index.php\/2022\/11\/10\/reunion-de-autoridades-y-concejales-con-representantes-de-cicop-azul\/#primaryimage"},"image":{"@id":"https:\/\/concejodeliberantedeazul.gob.ar\/index.php\/2022\/11\/10\/reunion-de-autoridades-y-concejales-con-representantes-de-cicop-azul\/#primaryimage"},"thumbnailUrl":"http:\/\/concejodeliberantedeazul.gob.ar\/wp-content\/uploads\/2022\/11\/10-11-2022-Reunion-CICOP-scaled.jpg","datePublished":"2022-11-10T16:30:15+00:00","dateModified":"2022-11-10T16:30:16+00:00","author":{"@id":"http:\/\/concejodeliberantedeazul.gob.ar\/#\/schema\/person\/65fd6514aee7c29f008fc53b206198fe"},"breadcrumb":{"@id":"https:\/\/concejodeliberantedeazul.gob.ar\/index.php\/2022\/11\/10\/reunion-de-autoridades-y-concejales-con-representantes-de-cicop-azul\/#breadcrumb"},"inLanguage":"es-AR","potentialAction":[{"@type":"ReadAction","target":["https:\/\/concejodeliberantedeazul.gob.ar\/index.php\/2022\/11\/10\/reunion-de-autoridades-y-concejales-con-representantes-de-cicop-azul\/"]}]},{"@type":"ImageObject","inLanguage":"es-AR","@id":"https:\/\/concejodeliberantedeazul.gob.ar\/index.php\/2022\/11\/10\/reunion-de-autoridades-y-concejales-con-representantes-de-cicop-azul\/#primaryimage","url":"http:\/\/concejodeliberantedeazul.gob.ar\/wp-content\/uploads\/2022\/11\/10-11-2022-Reunion-CICOP-scaled.jpg","contentUrl":"http:\/\/concejodeliberantedeazul.gob.ar\/wp-content\/uploads\/2022\/11\/10-11-2022-Reunion-CICOP-scaled.jpg","width":2560,"height":2024},{"@type":"BreadcrumbList","@id":"https:\/\/concejodeliberantedeazul.gob.ar\/index.php\/2022\/11\/10\/reunion-de-autoridades-y-concejales-con-representantes-de-cicop-azul\/#breadcrumb","itemListElement":[{"@type":"ListItem","position":1,"name":"Inicio","item":"https:\/\/concejodeliberantedeazul.gob.ar\/"},{"@type":"ListItem","position":2,"name":"Reuni\u00f3n de autoridades y concejales con representantes de CICOP Azul"}]},{"@type":"WebSite","@id":"http:\/\/concejodeliberantedeazul.gob.ar\/#website","url":"http:\/\/concejodeliberantedeazul.gob.ar\/","name":"Concejo deliberante de Azul","description":"Sitio Web Oficial del Concejo Deliberante de Azul, Prov. de Buenos Aires - Conformado por 18 concejales de todo el partido.","potentialAction":[{"@type":"SearchAction","target":{"@type":"EntryPoint","urlTemplate":"http:\/\/concejodeliberantedeazul.gob.ar\/?s={search_term_string}"},"query-input":{"@type":"PropertyValueSpecification","valueRequired":true,"valueName":"search_term_string"}}],"inLanguage":"es-AR"},{"@type":"Person","@id":"http:\/\/concejodeliberantedeazul.gob.ar\/#\/schema\/person\/65fd6514aee7c29f008fc53b206198fe","name":"Concejo Deliberante Azul","image":{"@type":"ImageObject","inLanguage":"es-AR","@id":"https:\/\/secure.gravatar.com\/avatar\/30d9ae907861b897be87a25469982f0cfbce09947e0998bf7d9d0ecab450fb85?s=96&d=mm&r=g","url":"https:\/\/secure.gravatar.com\/avatar\/30d9ae907861b897be87a25469982f0cfbce09947e0998bf7d9d0ecab450fb85?s=96&d=mm&r=g","contentUrl":"https:\/\/secure.gravatar.com\/avatar\/30d9ae907861b897be87a25469982f0cfbce09947e0998bf7d9d0ecab450fb85?s=96&d=mm&r=g","caption":"Concejo Deliberante Azul"},"url":"http:\/\/concejodeliberantedeazul.gob.ar\/index.php\/author\/concejo\/"}]}},"amp_enabled":true,"_links":{"self":[{"href":"http:\/\/concejodeliberantedeazul.gob.ar\/index.php\/wp-json\/wp\/v2\/posts\/1827","targetHints":{"allow":["GET"]}}],"collection":[{"href":"http:\/\/concejodeliberantedeazul.gob.ar\/index.php\/wp-json\/wp\/v2\/posts"}],"about":[{"href":"http:\/\/concejodeliberantedeazul.gob.ar\/index.php\/wp-json\/wp\/v2\/types\/post"}],"author":[{"embeddable":true,"href":"http:\/\/concejodeliberantedeazul.gob.ar\/index.php\/wp-json\/wp\/v2\/users\/2"}],"replies":[{"embeddable":true,"href":"http:\/\/concejodeliberantedeazul.gob.ar\/index.php\/wp-json\/wp\/v2\/comments?post=1827"}],"version-history":[{"count":1,"href":"http:\/\/concejodeliberantedeazul.gob.ar\/index.php\/wp-json\/wp\/v2\/posts\/1827\/revisions"}],"predecessor-version":[{"id":1829,"href":"http:\/\/concejodeliberantedeazul.gob.ar\/index.php\/wp-json\/wp\/v2\/posts\/1827\/revisions\/1829"}],"wp:featuredmedia":[{"embeddable":true,"href":"http:\/\/concejodeliberantedeazul.gob.ar\/index.php\/wp-json\/wp\/v2\/media\/1828"}],"wp:attachment":[{"href":"http:\/\/concejodeliberantedeazul.gob.ar\/index.php\/wp-json\/wp\/v2\/media?parent=1827"}],"wp:term":[{"taxonomy":"category","embeddable":true,"href":"http:\/\/concejodeliberantedeazul.gob.ar\/index.php\/wp-json\/wp\/v2\/categories?post=1827"},{"taxonomy":"post_tag","embeddable":true,"href":"http:\/\/concejodeliberantedeazul.gob.ar\/index.php\/wp-json\/wp\/v2\/tags?post=1827"}],"curies":[{"name":"wp","href":"https:\/\/api.w.org\/{rel}","templated":true}]}}